{"id":2439,"date":"2019-01-14T04:55:49","date_gmt":"2019-01-14T04:55:49","guid":{"rendered":"http:\/\/noti-america.com\/site\/mexico\/?p=2439"},"modified":"2019-01-14T04:55:49","modified_gmt":"2019-01-14T04:55:49","slug":"dos-heridos-tras-tiroteo-en-centro-comercial-de-utah","status":"publish","type":"post","link":"https:\/\/noti-america.com\/site\/mexico\/2019\/01\/14\/dos-heridos-tras-tiroteo-en-centro-comercial-de-utah\/","title":{"rendered":"Dos heridos tras tiroteo en centro comercial de Utah"},"content":{"rendered":"<p><img loading=\"lazy\" decoding=\"async\" class=\"wp-image-2440 aligncenter\" src=\"http:\/\/noti-america.com\/site\/mexico\/wp-content\/uploads\/sites\/13\/2019\/01\/164387-Principal-300x180.jpg\" alt=\"\" width=\"583\" height=\"350\" srcset=\"https:\/\/noti-america.com\/site\/mexico\/wp-content\/uploads\/sites\/13\/2019\/01\/164387-Principal-300x180.jpg 300w, https:\/\/noti-america.com\/site\/mexico\/wp-content\/uploads\/sites\/13\/2019\/01\/164387-Principal.jpg 750w\" sizes=\"auto, (max-width: 583px) 100vw, 583px\" \/><\/p>\n<p>&nbsp;<\/p>\n<h3>Fuente:\u00a0\u00a0https:\/\/www.unotv.com\/noticias\/portal\/internacional<\/h3>\n<p>&nbsp;<\/p>\n<p dir=\"ltr\">Dos personas fueron hospitalizadas\u00a0tras un\u00a0tiroteo\u00a0afuera de un popular\u00a0centro comercial de Utah,\u00a0donde cientos de visitantes asustados se resguardaron hasta que la polic\u00eda lleg\u00f3 a evacuar el edificio.<\/p>\n<p dir=\"ltr\">Un hombre y una mujer fueron baleados\u00a0alrededor de la 1:30 de la tarde, cerca de la entrada sureste del Fashion Place Mall en Murray, un suburbio al sur de Salt Lake City, inform\u00f3 el polic\u00eda\u00a0Kenny Bass.<\/p>\n<ul dir=\"ltr\">\n<li>El hombre fue hospitalizado en condici\u00f3n cr\u00edtica y la mujer se encuentra grave.<\/li>\n<\/ul>\n<p dir=\"ltr\">La Polic\u00eda busca a tres sospechosos del tiroteo, afirm\u00f3 Bass, y a\u00f1adi\u00f3 que el incidente\u00a0podr\u00eda estar relacionado con pandillas.<\/p>\n<p dir=\"ltr\">De acuerdo con la Polic\u00eda no se encontraron m\u00e1s v\u00edctimas ni sospechosos dentro del centro comercial.<\/p>\n","protected":false},"excerpt":{"rendered":"<p>&nbsp; Fuente:\u00a0\u00a0https:\/\/www.unotv.com\/noticias\/portal\/internacional &nbsp; Dos personas fueron hospitalizadas\u00a0tras un\u00a0tiroteo\u00a0afuera de un popular\u00a0centro comercial de Utah,\u00a0donde cientos de visitantes asustados se resguardaron hasta que la polic\u00eda lleg\u00f3 a evacuar el edificio. Un hombre y una mujer&#46;&#46;&#46;<\/p>\n","protected":false},"author":28,"featured_media":2440,"comment_status":"open","ping_status":"open","sticky":false,"template":"","format":"standard","meta":{"_acf_changed":false,"om_disable_all_campaigns":false,"rop_custom_images_group":[],"rop_custom_messages_group":[],"rop_publish_now":"initial","rop_publish_now_accounts":{"twitter_242054905_242054905":""},"rop_publish_now_history":[],"rop_publish_now_status":"pending","_uf_show_specific_survey":0,"_uf_disable_surveys":false,"footnotes":""},"categories":[4],"tags":[235],"class_list":["post-2439","post","type-post","status-publish","format-standard","has-post-thumbnail","hentry","category-internacionales","tag-dos-heridos-tras-tiroteo-en-centro-comercial-de-utah"],"acf":[],"aioseo_notices":[],"yoast_head":"<!-- This site is optimized with the Yoast SEO Premium plugin v24.9 (Yoast SEO v27.2) - https:\/\/yoast.com\/product\/yoast-seo-premium-wordpress\/ -->\n<title>Dos heridos tras tiroteo en centro comercial de Utah - M\u00e9xico<\/title>\n<meta name=\"robots\" content=\"index, follow, max-snippet:-1, max-image-preview:large, max-video-preview:-1\" \/>\n<link rel=\"canonical\" href=\"https:\/\/noti-america.com\/site\/mexico\/2019\/01\/14\/dos-heridos-tras-tiroteo-en-centro-comercial-de-utah\/\" \/>\n<meta property=\"og:locale\" content=\"es_ES\" \/>\n<meta property=\"og:type\" content=\"article\" \/>\n<meta property=\"og:title\" content=\"Dos heridos tras tiroteo en centro comercial de Utah\" \/>\n<meta property=\"og:description\" content=\"&nbsp; Fuente:\u00a0\u00a0https:\/\/www.unotv.com\/noticias\/portal\/internacional &nbsp; Dos personas fueron hospitalizadas\u00a0tras un\u00a0tiroteo\u00a0afuera de un popular\u00a0centro comercial de Utah,\u00a0donde cientos de visitantes asustados se resguardaron hasta que la polic\u00eda lleg\u00f3 a evacuar el edificio. Un hombre y una mujer&#046;&#046;&#046;\" \/>\n<meta property=\"og:url\" content=\"https:\/\/noti-america.com\/site\/mexico\/2019\/01\/14\/dos-heridos-tras-tiroteo-en-centro-comercial-de-utah\/\" \/>\n<meta property=\"og:site_name\" content=\"M\u00e9xico\" \/>\n<meta property=\"article:published_time\" content=\"2019-01-14T04:55:49+00:00\" \/>\n<meta property=\"og:image\" content=\"https:\/\/noti-america.com\/site\/mexico\/wp-content\/uploads\/sites\/13\/2019\/01\/164387-Principal.jpg\" \/>\n\t<meta property=\"og:image:width\" content=\"750\" \/>\n\t<meta property=\"og:image:height\" content=\"450\" \/>\n\t<meta property=\"og:image:type\" content=\"image\/jpeg\" \/>\n<meta name=\"author\" content=\"Redacci\u00f3n NA-NY\" \/>\n<meta name=\"twitter:card\" content=\"summary_large_image\" \/>\n<meta name=\"twitter:label1\" content=\"Escrito por\" \/>\n\t<meta name=\"twitter:data1\" content=\"Redacci\u00f3n NA-NY\" \/>\n\t<meta name=\"twitter:label2\" content=\"Tiempo estimado de lectura\" \/>\n\t<meta name=\"twitter:data2\" content=\"1 minuto\" \/>\n<script type=\"application\/ld+json\" class=\"yoast-schema-graph\">{\"@context\":\"https:\/\/schema.org\",\"@graph\":[{\"@type\":\"Article\",\"@id\":\"https:\/\/noti-america.com\/site\/mexico\/2019\/01\/14\/dos-heridos-tras-tiroteo-en-centro-comercial-de-utah\/#article\",\"isPartOf\":{\"@id\":\"https:\/\/noti-america.com\/site\/mexico\/2019\/01\/14\/dos-heridos-tras-tiroteo-en-centro-comercial-de-utah\/\"},\"author\":{\"name\":\"Redacci\u00f3n NA-NY\",\"@id\":\"https:\/\/noti-america.com\/site\/mexico\/#\/schema\/person\/db5a6527aaddfc34b3753d557a1292f0\"},\"headline\":\"Dos heridos tras tiroteo en centro comercial de Utah\",\"datePublished\":\"2019-01-14T04:55:49+00:00\",\"mainEntityOfPage\":{\"@id\":\"https:\/\/noti-america.com\/site\/mexico\/2019\/01\/14\/dos-heridos-tras-tiroteo-en-centro-comercial-de-utah\/\"},\"wordCount\":146,\"commentCount\":0,\"publisher\":{\"@id\":\"https:\/\/noti-america.com\/site\/mexico\/#organization\"},\"image\":{\"@id\":\"https:\/\/noti-america.com\/site\/mexico\/2019\/01\/14\/dos-heridos-tras-tiroteo-en-centro-comercial-de-utah\/#primaryimage\"},\"thumbnailUrl\":\"https:\/\/noti-america.com\/site\/mexico\/wp-content\/uploads\/sites\/13\/2019\/01\/164387-Principal.jpg\",\"keywords\":[\"Dos heridos tras tiroteo en centro comercial de Utah\"],\"articleSection\":[\"Internacionales\"],\"inLanguage\":\"es\",\"potentialAction\":[{\"@type\":\"CommentAction\",\"name\":\"Comment\",\"target\":[\"https:\/\/noti-america.com\/site\/mexico\/2019\/01\/14\/dos-heridos-tras-tiroteo-en-centro-comercial-de-utah\/#respond\"]}]},{\"@type\":\"WebPage\",\"@id\":\"https:\/\/noti-america.com\/site\/mexico\/2019\/01\/14\/dos-heridos-tras-tiroteo-en-centro-comercial-de-utah\/\",\"url\":\"https:\/\/noti-america.com\/site\/mexico\/2019\/01\/14\/dos-heridos-tras-tiroteo-en-centro-comercial-de-utah\/\",\"name\":\"Dos heridos tras tiroteo en centro comercial de Utah - M\u00e9xico\",\"isPartOf\":{\"@id\":\"https:\/\/noti-america.com\/site\/mexico\/#website\"},\"primaryImageOfPage\":{\"@id\":\"https:\/\/noti-america.com\/site\/mexico\/2019\/01\/14\/dos-heridos-tras-tiroteo-en-centro-comercial-de-utah\/#primaryimage\"},\"image\":{\"@id\":\"https:\/\/noti-america.com\/site\/mexico\/2019\/01\/14\/dos-heridos-tras-tiroteo-en-centro-comercial-de-utah\/#primaryimage\"},\"thumbnailUrl\":\"https:\/\/noti-america.com\/site\/mexico\/wp-content\/uploads\/sites\/13\/2019\/01\/164387-Principal.jpg\",\"datePublished\":\"2019-01-14T04:55:49+00:00\",\"breadcrumb\":{\"@id\":\"https:\/\/noti-america.com\/site\/mexico\/2019\/01\/14\/dos-heridos-tras-tiroteo-en-centro-comercial-de-utah\/#breadcrumb\"},\"inLanguage\":\"es\",\"potentialAction\":[{\"@type\":\"ReadAction\",\"target\":[\"https:\/\/noti-america.com\/site\/mexico\/2019\/01\/14\/dos-heridos-tras-tiroteo-en-centro-comercial-de-utah\/\"]}]},{\"@type\":\"ImageObject\",\"inLanguage\":\"es\",\"@id\":\"https:\/\/noti-america.com\/site\/mexico\/2019\/01\/14\/dos-heridos-tras-tiroteo-en-centro-comercial-de-utah\/#primaryimage\",\"url\":\"https:\/\/noti-america.com\/site\/mexico\/wp-content\/uploads\/sites\/13\/2019\/01\/164387-Principal.jpg\",\"contentUrl\":\"https:\/\/noti-america.com\/site\/mexico\/wp-content\/uploads\/sites\/13\/2019\/01\/164387-Principal.jpg\",\"width\":750,\"height\":450},{\"@type\":\"BreadcrumbList\",\"@id\":\"https:\/\/noti-america.com\/site\/mexico\/2019\/01\/14\/dos-heridos-tras-tiroteo-en-centro-comercial-de-utah\/#breadcrumb\",\"itemListElement\":[{\"@type\":\"ListItem\",\"position\":1,\"name\":\"Portada\",\"item\":\"https:\/\/noti-america.com\/site\/mexico\/\"},{\"@type\":\"ListItem\",\"position\":2,\"name\":\"Dos heridos tras tiroteo en centro comercial de Utah\"}]},{\"@type\":\"WebSite\",\"@id\":\"https:\/\/noti-america.com\/site\/mexico\/#website\",\"url\":\"https:\/\/noti-america.com\/site\/mexico\/\",\"name\":\"M\u00e9xico | Noti-America.com\",\"description\":\"\",\"publisher\":{\"@id\":\"https:\/\/noti-america.com\/site\/mexico\/#organization\"},\"potentialAction\":[{\"@type\":\"SearchAction\",\"target\":{\"@type\":\"EntryPoint\",\"urlTemplate\":\"https:\/\/noti-america.com\/site\/mexico\/?s={search_term_string}\"},\"query-input\":{\"@type\":\"PropertyValueSpecification\",\"valueRequired\":true,\"valueName\":\"search_term_string\"}}],\"inLanguage\":\"es\"},{\"@type\":\"Organization\",\"@id\":\"https:\/\/noti-america.com\/site\/mexico\/#organization\",\"name\":\"Noti-America LLC | M\u00e9xico\",\"url\":\"https:\/\/noti-america.com\/site\/mexico\/\",\"logo\":{\"@type\":\"ImageObject\",\"inLanguage\":\"es\",\"@id\":\"https:\/\/noti-america.com\/site\/mexico\/#\/schema\/logo\/image\/\",\"url\":\"https:\/\/noti-america.com\/site\/mexico\/wp-content\/uploads\/sites\/13\/2020\/07\/LogoNA-4x3-1.jpg\",\"contentUrl\":\"https:\/\/noti-america.com\/site\/mexico\/wp-content\/uploads\/sites\/13\/2020\/07\/LogoNA-4x3-1.jpg\",\"width\":1236,\"height\":1080,\"caption\":\"Noti-America LLC | M\u00e9xico\"},\"image\":{\"@id\":\"https:\/\/noti-america.com\/site\/mexico\/#\/schema\/logo\/image\/\"}},{\"@type\":\"Person\",\"@id\":\"https:\/\/noti-america.com\/site\/mexico\/#\/schema\/person\/db5a6527aaddfc34b3753d557a1292f0\",\"name\":\"Redacci\u00f3n NA-NY\",\"image\":{\"@type\":\"ImageObject\",\"inLanguage\":\"es\",\"@id\":\"https:\/\/secure.gravatar.com\/avatar\/2bd75bb500a8deb1390f777293a9af32d934c46613d2fbac7cceb2aaa2679ae8?s=96&d=mm&r=g\",\"url\":\"https:\/\/secure.gravatar.com\/avatar\/2bd75bb500a8deb1390f777293a9af32d934c46613d2fbac7cceb2aaa2679ae8?s=96&d=mm&r=g\",\"contentUrl\":\"https:\/\/secure.gravatar.com\/avatar\/2bd75bb500a8deb1390f777293a9af32d934c46613d2fbac7cceb2aaa2679ae8?s=96&d=mm&r=g\",\"caption\":\"Redacci\u00f3n NA-NY\"},\"url\":\"https:\/\/noti-america.com\/site\/mexico\/author\/redaccionny\/\"}]}<\/script>\n<!-- \/ Yoast SEO Premium plugin. -->","yoast_head_json":{"title":"Dos heridos tras tiroteo en centro comercial de Utah - M\u00e9xico","robots":{"index":"index","follow":"follow","max-snippet":"max-snippet:-1","max-image-preview":"max-image-preview:large","max-video-preview":"max-video-preview:-1"},"canonical":"https:\/\/noti-america.com\/site\/mexico\/2019\/01\/14\/dos-heridos-tras-tiroteo-en-centro-comercial-de-utah\/","og_locale":"es_ES","og_type":"article","og_title":"Dos heridos tras tiroteo en centro comercial de Utah","og_description":"&nbsp; Fuente:\u00a0\u00a0https:\/\/www.unotv.com\/noticias\/portal\/internacional &nbsp; Dos personas fueron hospitalizadas\u00a0tras un\u00a0tiroteo\u00a0afuera de un popular\u00a0centro comercial de Utah,\u00a0donde cientos de visitantes asustados se resguardaron hasta que la polic\u00eda lleg\u00f3 a evacuar el edificio. Un hombre y una mujer&#46;&#46;&#46;","og_url":"https:\/\/noti-america.com\/site\/mexico\/2019\/01\/14\/dos-heridos-tras-tiroteo-en-centro-comercial-de-utah\/","og_site_name":"M\u00e9xico","article_published_time":"2019-01-14T04:55:49+00:00","og_image":[{"width":750,"height":450,"url":"https:\/\/noti-america.com\/site\/mexico\/wp-content\/uploads\/sites\/13\/2019\/01\/164387-Principal.jpg","type":"image\/jpeg"}],"author":"Redacci\u00f3n NA-NY","twitter_card":"summary_large_image","twitter_misc":{"Escrito por":"Redacci\u00f3n NA-NY","Tiempo estimado de lectura":"1 minuto"},"schema":{"@context":"https:\/\/schema.org","@graph":[{"@type":"Article","@id":"https:\/\/noti-america.com\/site\/mexico\/2019\/01\/14\/dos-heridos-tras-tiroteo-en-centro-comercial-de-utah\/#article","isPartOf":{"@id":"https:\/\/noti-america.com\/site\/mexico\/2019\/01\/14\/dos-heridos-tras-tiroteo-en-centro-comercial-de-utah\/"},"author":{"name":"Redacci\u00f3n NA-NY","@id":"https:\/\/noti-america.com\/site\/mexico\/#\/schema\/person\/db5a6527aaddfc34b3753d557a1292f0"},"headline":"Dos heridos tras tiroteo en centro comercial de Utah","datePublished":"2019-01-14T04:55:49+00:00","mainEntityOfPage":{"@id":"https:\/\/noti-america.com\/site\/mexico\/2019\/01\/14\/dos-heridos-tras-tiroteo-en-centro-comercial-de-utah\/"},"wordCount":146,"commentCount":0,"publisher":{"@id":"https:\/\/noti-america.com\/site\/mexico\/#organization"},"image":{"@id":"https:\/\/noti-america.com\/site\/mexico\/2019\/01\/14\/dos-heridos-tras-tiroteo-en-centro-comercial-de-utah\/#primaryimage"},"thumbnailUrl":"https:\/\/noti-america.com\/site\/mexico\/wp-content\/uploads\/sites\/13\/2019\/01\/164387-Principal.jpg","keywords":["Dos heridos tras tiroteo en centro comercial de Utah"],"articleSection":["Internacionales"],"inLanguage":"es","potentialAction":[{"@type":"CommentAction","name":"Comment","target":["https:\/\/noti-america.com\/site\/mexico\/2019\/01\/14\/dos-heridos-tras-tiroteo-en-centro-comercial-de-utah\/#respond"]}]},{"@type":"WebPage","@id":"https:\/\/noti-america.com\/site\/mexico\/2019\/01\/14\/dos-heridos-tras-tiroteo-en-centro-comercial-de-utah\/","url":"https:\/\/noti-america.com\/site\/mexico\/2019\/01\/14\/dos-heridos-tras-tiroteo-en-centro-comercial-de-utah\/","name":"Dos heridos tras tiroteo en centro comercial de Utah - M\u00e9xico","isPartOf":{"@id":"https:\/\/noti-america.com\/site\/mexico\/#website"},"primaryImageOfPage":{"@id":"https:\/\/noti-america.com\/site\/mexico\/2019\/01\/14\/dos-heridos-tras-tiroteo-en-centro-comercial-de-utah\/#primaryimage"},"image":{"@id":"https:\/\/noti-america.com\/site\/mexico\/2019\/01\/14\/dos-heridos-tras-tiroteo-en-centro-comercial-de-utah\/#primaryimage"},"thumbnailUrl":"https:\/\/noti-america.com\/site\/mexico\/wp-content\/uploads\/sites\/13\/2019\/01\/164387-Principal.jpg","datePublished":"2019-01-14T04:55:49+00:00","breadcrumb":{"@id":"https:\/\/noti-america.com\/site\/mexico\/2019\/01\/14\/dos-heridos-tras-tiroteo-en-centro-comercial-de-utah\/#breadcrumb"},"inLanguage":"es","potentialAction":[{"@type":"ReadAction","target":["https:\/\/noti-america.com\/site\/mexico\/2019\/01\/14\/dos-heridos-tras-tiroteo-en-centro-comercial-de-utah\/"]}]},{"@type":"ImageObject","inLanguage":"es","@id":"https:\/\/noti-america.com\/site\/mexico\/2019\/01\/14\/dos-heridos-tras-tiroteo-en-centro-comercial-de-utah\/#primaryimage","url":"https:\/\/noti-america.com\/site\/mexico\/wp-content\/uploads\/sites\/13\/2019\/01\/164387-Principal.jpg","contentUrl":"https:\/\/noti-america.com\/site\/mexico\/wp-content\/uploads\/sites\/13\/2019\/01\/164387-Principal.jpg","width":750,"height":450},{"@type":"BreadcrumbList","@id":"https:\/\/noti-america.com\/site\/mexico\/2019\/01\/14\/dos-heridos-tras-tiroteo-en-centro-comercial-de-utah\/#breadcrumb","itemListElement":[{"@type":"ListItem","position":1,"name":"Portada","item":"https:\/\/noti-america.com\/site\/mexico\/"},{"@type":"ListItem","position":2,"name":"Dos heridos tras tiroteo en centro comercial de Utah"}]},{"@type":"WebSite","@id":"https:\/\/noti-america.com\/site\/mexico\/#website","url":"https:\/\/noti-america.com\/site\/mexico\/","name":"M\u00e9xico | Noti-America.com","description":"","publisher":{"@id":"https:\/\/noti-america.com\/site\/mexico\/#organization"},"potentialAction":[{"@type":"SearchAction","target":{"@type":"EntryPoint","urlTemplate":"https:\/\/noti-america.com\/site\/mexico\/?s={search_term_string}"},"query-input":{"@type":"PropertyValueSpecification","valueRequired":true,"valueName":"search_term_string"}}],"inLanguage":"es"},{"@type":"Organization","@id":"https:\/\/noti-america.com\/site\/mexico\/#organization","name":"Noti-America LLC | M\u00e9xico","url":"https:\/\/noti-america.com\/site\/mexico\/","logo":{"@type":"ImageObject","inLanguage":"es","@id":"https:\/\/noti-america.com\/site\/mexico\/#\/schema\/logo\/image\/","url":"https:\/\/noti-america.com\/site\/mexico\/wp-content\/uploads\/sites\/13\/2020\/07\/LogoNA-4x3-1.jpg","contentUrl":"https:\/\/noti-america.com\/site\/mexico\/wp-content\/uploads\/sites\/13\/2020\/07\/LogoNA-4x3-1.jpg","width":1236,"height":1080,"caption":"Noti-America LLC | M\u00e9xico"},"image":{"@id":"https:\/\/noti-america.com\/site\/mexico\/#\/schema\/logo\/image\/"}},{"@type":"Person","@id":"https:\/\/noti-america.com\/site\/mexico\/#\/schema\/person\/db5a6527aaddfc34b3753d557a1292f0","name":"Redacci\u00f3n NA-NY","image":{"@type":"ImageObject","inLanguage":"es","@id":"https:\/\/secure.gravatar.com\/avatar\/2bd75bb500a8deb1390f777293a9af32d934c46613d2fbac7cceb2aaa2679ae8?s=96&d=mm&r=g","url":"https:\/\/secure.gravatar.com\/avatar\/2bd75bb500a8deb1390f777293a9af32d934c46613d2fbac7cceb2aaa2679ae8?s=96&d=mm&r=g","contentUrl":"https:\/\/secure.gravatar.com\/avatar\/2bd75bb500a8deb1390f777293a9af32d934c46613d2fbac7cceb2aaa2679ae8?s=96&d=mm&r=g","caption":"Redacci\u00f3n NA-NY"},"url":"https:\/\/noti-america.com\/site\/mexico\/author\/redaccionny\/"}]}},"_links":{"self":[{"href":"https:\/\/noti-america.com\/site\/mexico\/wp-json\/wp\/v2\/posts\/2439","targetHints":{"allow":["GET"]}}],"collection":[{"href":"https:\/\/noti-america.com\/site\/mexico\/wp-json\/wp\/v2\/posts"}],"about":[{"href":"https:\/\/noti-america.com\/site\/mexico\/wp-json\/wp\/v2\/types\/post"}],"author":[{"embeddable":true,"href":"https:\/\/noti-america.com\/site\/mexico\/wp-json\/wp\/v2\/users\/28"}],"replies":[{"embeddable":true,"href":"https:\/\/noti-america.com\/site\/mexico\/wp-json\/wp\/v2\/comments?post=2439"}],"version-history":[{"count":1,"href":"https:\/\/noti-america.com\/site\/mexico\/wp-json\/wp\/v2\/posts\/2439\/revisions"}],"predecessor-version":[{"id":2441,"href":"https:\/\/noti-america.com\/site\/mexico\/wp-json\/wp\/v2\/posts\/2439\/revisions\/2441"}],"wp:featuredmedia":[{"embeddable":true,"href":"https:\/\/noti-america.com\/site\/mexico\/wp-json\/wp\/v2\/media\/2440"}],"wp:attachment":[{"href":"https:\/\/noti-america.com\/site\/mexico\/wp-json\/wp\/v2\/media?parent=2439"}],"wp:term":[{"taxonomy":"category","embeddable":true,"href":"https:\/\/noti-america.com\/site\/mexico\/wp-json\/wp\/v2\/categories?post=2439"},{"taxonomy":"post_tag","embeddable":true,"href":"https:\/\/noti-america.com\/site\/mexico\/wp-json\/wp\/v2\/tags?post=2439"}],"curies":[{"name":"wp","href":"https:\/\/api.w.org\/{rel}","templated":true}]}}