{"id":2409,"date":"2019-01-11T03:59:03","date_gmt":"2019-01-11T03:59:03","guid":{"rendered":"http:\/\/noti-america.com\/site\/mexico\/?p=2409"},"modified":"2019-01-11T03:59:03","modified_gmt":"2019-01-11T03:59:03","slug":"arranca-amlo-jovenes-construyendo-el-futuro-en-esto-consiste-programa","status":"publish","type":"post","link":"https:\/\/noti-america.com\/site\/mexico\/2019\/01\/11\/arranca-amlo-jovenes-construyendo-el-futuro-en-esto-consiste-programa\/","title":{"rendered":"Arranca AMLO J\u00f3venes Construyendo el Futuro; en esto consiste programa"},"content":{"rendered":"<p><img loading=\"lazy\" decoding=\"async\" class=\" wp-image-2410 aligncenter\" src=\"http:\/\/noti-america.com\/site\/mexico\/wp-content\/uploads\/sites\/13\/2019\/01\/164079-Principal-300x180.jpg\" alt=\"\" width=\"488\" height=\"293\" srcset=\"https:\/\/noti-america.com\/site\/mexico\/wp-content\/uploads\/sites\/13\/2019\/01\/164079-Principal-300x180.jpg 300w, https:\/\/noti-america.com\/site\/mexico\/wp-content\/uploads\/sites\/13\/2019\/01\/164079-Principal.jpg 750w\" sizes=\"auto, (max-width: 488px) 100vw, 488px\" \/><\/p>\n<p>&nbsp;<\/p>\n<p>Fuente:\u00a0 \u00a0https:\/\/www.unotv.com\/noticias\/<\/p>\n<p>&nbsp;<\/p>\n<p dir=\"ltr\">La\u00a0secretaria del Trabajo y Previsi\u00f3n Social, Luisa Mar\u00eda Alcalde, en compa\u00f1\u00eda del presidente\u00a0Andr\u00e9s Manuel L\u00f3pez Obrador,\u00a0dio arranque este jueves al programa\u00a0J\u00f3venes Construyendo el Futuro,\u00a0el cual tiene como primera meta integrar a dos millones 300 mil j\u00f3venes de entre 18 y 29 a\u00f1os que no estudian y no trabajan, pero que quieren\u00a0capacitarse\u00a0y tener una oportunidad.<\/p>\n<p dir=\"ltr\">El programa fue presentado en el municipio de\u00a0Tlalnepantla, Estado de M\u00e9xico,\u00a0en presencia\u00a0de los primeros becarios, a quienes el presidente les entreg\u00f3 la tarjeta en que recibir\u00e1n el\u00a0apoyo econ\u00f3mico.<\/p>\n<p dir=\"ltr\"><em>Hoy estamos aqu\u00ed en Tlalnepantla de la mano del presidente Andr\u00e9s Manuel L\u00f3pez Obrador acompa\u00f1ando a los becarios que ya eligieron la empresa que m\u00e1s les interesa y comenzar\u00e1n su capacitaci\u00f3n. As\u00ed demostramos c\u00f3mo s\u00ed es posible\u00bb,\u00a0<u>se\u00f1al\u00f3 la secretaria.<\/u><\/em><\/p>\n<div class=\"tweeet-post\"><\/div>\n<p dir=\"ltr\">Alcalde afirm\u00f3 que, pese a los\u00a0obst\u00e1culos, este proyecto fue posible gracias al esfuerzo de un equipo que trabaj\u00f3 durante meses en su elaboraci\u00f3n y en la\u00a0firma de convenios\u00a0\u00abcon cientos de empresas alrededor del pa\u00eds\u00bb.<\/p>\n<p dir=\"ltr\">Bel\u00e9n Maceda, una de las beneficiarias, dijo sentirse emocionada y agradecida por esta oportunidad. Tiene 24 a\u00f1os, es pasante de la licenciatura en Geograf\u00eda de la UNAM\u00a0y colaborar\u00e1 con la\u00a0UNESCO\u00a0en la promoci\u00f3n de derechos humanos.<\/p>\n<p dir=\"ltr\">El gobernador de la entidad,\u00a0Alfredo del Mazo, no asisti\u00f3 debido al fallecimiento de su padre, Alfredo del Mazo Gonz\u00e1lez, para quien el presidente pidi\u00f3 guardar un minuto de silencio.<\/p>\n<h2 dir=\"ltr\">AMLO promete no bajar la guardia ante la corrupci\u00f3n<\/h2>\n<p dir=\"ltr\">En su participaci\u00f3n, el presidente<strong>\u00a0Andr\u00e9s Manuel L\u00f3pez Obrador\u00a0<\/strong>prometi\u00f3 que su gobierno no se afligir\u00e1 en el combate a la corrupci\u00f3n.<\/p>\n<p dir=\"ltr\">En el marco de la presentaci\u00f3n de\u00a0J\u00f3venes Construyendo el Futuro, asever\u00f3 que toda persona que necesite dinero va a tener ingresos y nadie va a estar obligado a delinquir ni robar en este pa\u00eds, \u201cvamos a dar muchas\u00a0oportunidades de trabajo\u201d, con los diferentes programas sociales, por eso pidi\u00f3 seguir adelante todos juntos.<\/p>\n<p dir=\"ltr\">Asimismo, se\u00f1al\u00f3 que su gobierno garantizar\u00e1 a los j\u00f3venes el\u00a0derecho al estudio y al trabajo, para as\u00ed evitar que caigan en actividades delictivas.<\/p>\n<h2 dir=\"ltr\">\u00bfEn qu\u00e9 consiste el programa?<\/h2>\n<p dir=\"ltr\">Este programa tiene la finalidad de brindar una\u00a0oportunidad\u00a0en el\u00a0campo laboral\u00a0a los y las j\u00f3venes como aprendices en peque\u00f1as, medianas y grandes empresas, as\u00ed como talleres y otras industrias.<\/p>\n<p dir=\"ltr\">J\u00f3venes Construyendo el Futuro\u00a0se compromete a dar una\u00a0beca\u00a0de manera directa, a trav\u00e9s de tarjetas bancarias, de tres mil 600 pesos mensuales por un a\u00f1o y se asegurar\u00e1 a los j\u00f3venes con cobertura m\u00e9dica. Mensualmente, una vez iniciada la capacitaci\u00f3n existir\u00e1 una\u00a0evaluaci\u00f3n mutua.<\/p>\n<div class=\"tweeet-post\">\n<div class=\"SandboxRoot env-bp-min\" data-twitter-event-id=\"2\">\n<div id=\"twitter-widget-2\" class=\"EmbeddedTweet EmbeddedTweet--cta EmbeddedTweet--mediaForward media-forward js-clickToOpenTarget js-tweetIdInfo tweet-InformationCircle-widgetParent\" lang=\"es\" data-click-to-open-target=\"https:\/\/twitter.com\/GobiernoMX\/status\/1083452282920976384\" data-iframe-title=\"Tweet de Twitter\" data-scribe=\"page:tweet\" data-tweet-id=\"1083452282920976384\" data-twitter-event-id=\"4\">\n<article class=\"MediaCard\n           MediaCard--mediaForward\n\n           customisable-border\" dir=\"ltr\" data-scribe=\"component:card\"><\/p>\n<div class=\"MediaCard-media\" data-scribe=\"element:photo\">\n<div class=\"MediaCard-widthConstraint js-cspForcedStyle\" data-style=\"max-width: 1200px\">\n<div class=\"MediaCard-mediaContainer js-cspForcedStyle\" data-style=\"padding-bottom: 100.0000%\"><\/div>\n<\/div>\n<\/div>\n<\/article>\n<div class=\"EmbeddedTweet-tweetContainer\">\n<div class=\"EmbeddedTweet-tweet\">\n<blockquote class=\"Tweet h-entry js-tweetIdInfo subject expanded\" cite=\"https:\/\/twitter.com\/GobiernoMX\/status\/1083452282920976384\" data-tweet-id=\"1083452282920976384\" data-scribe=\"section:subject\">\n<div class=\"Tweet-header\"><\/div>\n<\/blockquote>\n<\/div>\n<\/div>\n<\/div>\n<\/div>\n<\/div>\n<p dir=\"ltr\">\n","protected":false},"excerpt":{"rendered":"<p>&nbsp; Fuente:\u00a0 \u00a0https:\/\/www.unotv.com\/noticias\/ &nbsp; La\u00a0secretaria del Trabajo y Previsi\u00f3n Social, Luisa Mar\u00eda Alcalde, en compa\u00f1\u00eda del presidente\u00a0Andr\u00e9s Manuel L\u00f3pez Obrador,\u00a0dio arranque este jueves al programa\u00a0J\u00f3venes Construyendo el Futuro,\u00a0el cual tiene como primera meta integrar&#46;&#46;&#46;<\/p>\n","protected":false},"author":28,"featured_media":2410,"comment_status":"open","ping_status":"open","sticky":false,"template":"","format":"standard","meta":{"_acf_changed":false,"om_disable_all_campaigns":false,"rop_custom_images_group":[],"rop_custom_messages_group":[],"rop_publish_now":"initial","rop_publish_now_accounts":{"twitter_242054905_242054905":""},"rop_publish_now_history":[],"rop_publish_now_status":"pending","_uf_show_specific_survey":0,"_uf_disable_surveys":false,"footnotes":""},"categories":[1],"tags":[228],"class_list":["post-2409","post","type-post","status-publish","format-standard","has-post-thumbnail","hentry","category-uncategorized","tag-arranca-amlo-jovenes-construyendo-el-futuro-en-esto-consiste-programa"],"acf":[],"aioseo_notices":[],"yoast_head":"<!-- This site is optimized with the Yoast SEO Premium plugin v24.9 (Yoast SEO v27.2) - https:\/\/yoast.com\/product\/yoast-seo-premium-wordpress\/ -->\n<title>Arranca AMLO J\u00f3venes Construyendo el Futuro; en esto consiste programa - M\u00e9xico<\/title>\n<meta name=\"robots\" content=\"index, follow, max-snippet:-1, max-image-preview:large, max-video-preview:-1\" \/>\n<link rel=\"canonical\" href=\"https:\/\/noti-america.com\/site\/mexico\/2019\/01\/11\/arranca-amlo-jovenes-construyendo-el-futuro-en-esto-consiste-programa\/\" \/>\n<meta property=\"og:locale\" content=\"es_ES\" \/>\n<meta property=\"og:type\" content=\"article\" \/>\n<meta property=\"og:title\" content=\"Arranca AMLO J\u00f3venes Construyendo el Futuro; en esto consiste programa\" \/>\n<meta property=\"og:description\" content=\"&nbsp; Fuente:\u00a0 \u00a0https:\/\/www.unotv.com\/noticias\/ &nbsp; La\u00a0secretaria del Trabajo y Previsi\u00f3n Social, Luisa Mar\u00eda Alcalde, en compa\u00f1\u00eda del presidente\u00a0Andr\u00e9s Manuel L\u00f3pez Obrador,\u00a0dio arranque este jueves al programa\u00a0J\u00f3venes Construyendo el Futuro,\u00a0el cual tiene como primera meta integrar&#046;&#046;&#046;\" \/>\n<meta property=\"og:url\" content=\"https:\/\/noti-america.com\/site\/mexico\/2019\/01\/11\/arranca-amlo-jovenes-construyendo-el-futuro-en-esto-consiste-programa\/\" \/>\n<meta property=\"og:site_name\" content=\"M\u00e9xico\" \/>\n<meta property=\"article:published_time\" content=\"2019-01-11T03:59:03+00:00\" \/>\n<meta property=\"og:image\" content=\"https:\/\/noti-america.com\/site\/mexico\/wp-content\/uploads\/sites\/13\/2019\/01\/164079-Principal.jpg\" \/>\n\t<meta property=\"og:image:width\" content=\"750\" \/>\n\t<meta property=\"og:image:height\" content=\"450\" \/>\n\t<meta property=\"og:image:type\" content=\"image\/jpeg\" \/>\n<meta name=\"author\" content=\"Redacci\u00f3n NA-NY\" \/>\n<meta name=\"twitter:card\" content=\"summary_large_image\" \/>\n<meta name=\"twitter:label1\" content=\"Escrito por\" \/>\n\t<meta name=\"twitter:data1\" content=\"Redacci\u00f3n NA-NY\" \/>\n\t<meta name=\"twitter:label2\" content=\"Tiempo estimado de lectura\" \/>\n\t<meta name=\"twitter:data2\" content=\"2 minutos\" \/>\n<script type=\"application\/ld+json\" class=\"yoast-schema-graph\">{\"@context\":\"https:\/\/schema.org\",\"@graph\":[{\"@type\":\"Article\",\"@id\":\"https:\/\/noti-america.com\/site\/mexico\/2019\/01\/11\/arranca-amlo-jovenes-construyendo-el-futuro-en-esto-consiste-programa\/#article\",\"isPartOf\":{\"@id\":\"https:\/\/noti-america.com\/site\/mexico\/2019\/01\/11\/arranca-amlo-jovenes-construyendo-el-futuro-en-esto-consiste-programa\/\"},\"author\":{\"name\":\"Redacci\u00f3n NA-NY\",\"@id\":\"https:\/\/noti-america.com\/site\/mexico\/#\/schema\/person\/db5a6527aaddfc34b3753d557a1292f0\"},\"headline\":\"Arranca AMLO J\u00f3venes Construyendo el Futuro; en esto consiste programa\",\"datePublished\":\"2019-01-11T03:59:03+00:00\",\"mainEntityOfPage\":{\"@id\":\"https:\/\/noti-america.com\/site\/mexico\/2019\/01\/11\/arranca-amlo-jovenes-construyendo-el-futuro-en-esto-consiste-programa\/\"},\"wordCount\":490,\"commentCount\":0,\"publisher\":{\"@id\":\"https:\/\/noti-america.com\/site\/mexico\/#organization\"},\"image\":{\"@id\":\"https:\/\/noti-america.com\/site\/mexico\/2019\/01\/11\/arranca-amlo-jovenes-construyendo-el-futuro-en-esto-consiste-programa\/#primaryimage\"},\"thumbnailUrl\":\"https:\/\/noti-america.com\/site\/mexico\/wp-content\/uploads\/sites\/13\/2019\/01\/164079-Principal.jpg\",\"keywords\":[\"Arranca AMLO J\u00f3venes Construyendo el Futuro; en esto consiste programa\"],\"articleSection\":[\"Uncategorized\"],\"inLanguage\":\"es\",\"potentialAction\":[{\"@type\":\"CommentAction\",\"name\":\"Comment\",\"target\":[\"https:\/\/noti-america.com\/site\/mexico\/2019\/01\/11\/arranca-amlo-jovenes-construyendo-el-futuro-en-esto-consiste-programa\/#respond\"]}]},{\"@type\":\"WebPage\",\"@id\":\"https:\/\/noti-america.com\/site\/mexico\/2019\/01\/11\/arranca-amlo-jovenes-construyendo-el-futuro-en-esto-consiste-programa\/\",\"url\":\"https:\/\/noti-america.com\/site\/mexico\/2019\/01\/11\/arranca-amlo-jovenes-construyendo-el-futuro-en-esto-consiste-programa\/\",\"name\":\"Arranca AMLO J\u00f3venes Construyendo el Futuro; en esto consiste programa - M\u00e9xico\",\"isPartOf\":{\"@id\":\"https:\/\/noti-america.com\/site\/mexico\/#website\"},\"primaryImageOfPage\":{\"@id\":\"https:\/\/noti-america.com\/site\/mexico\/2019\/01\/11\/arranca-amlo-jovenes-construyendo-el-futuro-en-esto-consiste-programa\/#primaryimage\"},\"image\":{\"@id\":\"https:\/\/noti-america.com\/site\/mexico\/2019\/01\/11\/arranca-amlo-jovenes-construyendo-el-futuro-en-esto-consiste-programa\/#primaryimage\"},\"thumbnailUrl\":\"https:\/\/noti-america.com\/site\/mexico\/wp-content\/uploads\/sites\/13\/2019\/01\/164079-Principal.jpg\",\"datePublished\":\"2019-01-11T03:59:03+00:00\",\"breadcrumb\":{\"@id\":\"https:\/\/noti-america.com\/site\/mexico\/2019\/01\/11\/arranca-amlo-jovenes-construyendo-el-futuro-en-esto-consiste-programa\/#breadcrumb\"},\"inLanguage\":\"es\",\"potentialAction\":[{\"@type\":\"ReadAction\",\"target\":[\"https:\/\/noti-america.com\/site\/mexico\/2019\/01\/11\/arranca-amlo-jovenes-construyendo-el-futuro-en-esto-consiste-programa\/\"]}]},{\"@type\":\"ImageObject\",\"inLanguage\":\"es\",\"@id\":\"https:\/\/noti-america.com\/site\/mexico\/2019\/01\/11\/arranca-amlo-jovenes-construyendo-el-futuro-en-esto-consiste-programa\/#primaryimage\",\"url\":\"https:\/\/noti-america.com\/site\/mexico\/wp-content\/uploads\/sites\/13\/2019\/01\/164079-Principal.jpg\",\"contentUrl\":\"https:\/\/noti-america.com\/site\/mexico\/wp-content\/uploads\/sites\/13\/2019\/01\/164079-Principal.jpg\",\"width\":750,\"height\":450},{\"@type\":\"BreadcrumbList\",\"@id\":\"https:\/\/noti-america.com\/site\/mexico\/2019\/01\/11\/arranca-amlo-jovenes-construyendo-el-futuro-en-esto-consiste-programa\/#breadcrumb\",\"itemListElement\":[{\"@type\":\"ListItem\",\"position\":1,\"name\":\"Portada\",\"item\":\"https:\/\/noti-america.com\/site\/mexico\/\"},{\"@type\":\"ListItem\",\"position\":2,\"name\":\"Arranca AMLO J\u00f3venes Construyendo el Futuro; en esto consiste programa\"}]},{\"@type\":\"WebSite\",\"@id\":\"https:\/\/noti-america.com\/site\/mexico\/#website\",\"url\":\"https:\/\/noti-america.com\/site\/mexico\/\",\"name\":\"M\u00e9xico | Noti-America.com\",\"description\":\"\",\"publisher\":{\"@id\":\"https:\/\/noti-america.com\/site\/mexico\/#organization\"},\"potentialAction\":[{\"@type\":\"SearchAction\",\"target\":{\"@type\":\"EntryPoint\",\"urlTemplate\":\"https:\/\/noti-america.com\/site\/mexico\/?s={search_term_string}\"},\"query-input\":{\"@type\":\"PropertyValueSpecification\",\"valueRequired\":true,\"valueName\":\"search_term_string\"}}],\"inLanguage\":\"es\"},{\"@type\":\"Organization\",\"@id\":\"https:\/\/noti-america.com\/site\/mexico\/#organization\",\"name\":\"Noti-America LLC | M\u00e9xico\",\"url\":\"https:\/\/noti-america.com\/site\/mexico\/\",\"logo\":{\"@type\":\"ImageObject\",\"inLanguage\":\"es\",\"@id\":\"https:\/\/noti-america.com\/site\/mexico\/#\/schema\/logo\/image\/\",\"url\":\"https:\/\/noti-america.com\/site\/mexico\/wp-content\/uploads\/sites\/13\/2020\/07\/LogoNA-4x3-1.jpg\",\"contentUrl\":\"https:\/\/noti-america.com\/site\/mexico\/wp-content\/uploads\/sites\/13\/2020\/07\/LogoNA-4x3-1.jpg\",\"width\":1236,\"height\":1080,\"caption\":\"Noti-America LLC | M\u00e9xico\"},\"image\":{\"@id\":\"https:\/\/noti-america.com\/site\/mexico\/#\/schema\/logo\/image\/\"}},{\"@type\":\"Person\",\"@id\":\"https:\/\/noti-america.com\/site\/mexico\/#\/schema\/person\/db5a6527aaddfc34b3753d557a1292f0\",\"name\":\"Redacci\u00f3n NA-NY\",\"image\":{\"@type\":\"ImageObject\",\"inLanguage\":\"es\",\"@id\":\"https:\/\/secure.gravatar.com\/avatar\/2bd75bb500a8deb1390f777293a9af32d934c46613d2fbac7cceb2aaa2679ae8?s=96&d=mm&r=g\",\"url\":\"https:\/\/secure.gravatar.com\/avatar\/2bd75bb500a8deb1390f777293a9af32d934c46613d2fbac7cceb2aaa2679ae8?s=96&d=mm&r=g\",\"contentUrl\":\"https:\/\/secure.gravatar.com\/avatar\/2bd75bb500a8deb1390f777293a9af32d934c46613d2fbac7cceb2aaa2679ae8?s=96&d=mm&r=g\",\"caption\":\"Redacci\u00f3n NA-NY\"},\"url\":\"https:\/\/noti-america.com\/site\/mexico\/author\/redaccionny\/\"}]}<\/script>\n<!-- \/ Yoast SEO Premium plugin. -->","yoast_head_json":{"title":"Arranca AMLO J\u00f3venes Construyendo el Futuro; en esto consiste programa - M\u00e9xico","robots":{"index":"index","follow":"follow","max-snippet":"max-snippet:-1","max-image-preview":"max-image-preview:large","max-video-preview":"max-video-preview:-1"},"canonical":"https:\/\/noti-america.com\/site\/mexico\/2019\/01\/11\/arranca-amlo-jovenes-construyendo-el-futuro-en-esto-consiste-programa\/","og_locale":"es_ES","og_type":"article","og_title":"Arranca AMLO J\u00f3venes Construyendo el Futuro; en esto consiste programa","og_description":"&nbsp; Fuente:\u00a0 \u00a0https:\/\/www.unotv.com\/noticias\/ &nbsp; La\u00a0secretaria del Trabajo y Previsi\u00f3n Social, Luisa Mar\u00eda Alcalde, en compa\u00f1\u00eda del presidente\u00a0Andr\u00e9s Manuel L\u00f3pez Obrador,\u00a0dio arranque este jueves al programa\u00a0J\u00f3venes Construyendo el Futuro,\u00a0el cual tiene como primera meta integrar&#46;&#46;&#46;","og_url":"https:\/\/noti-america.com\/site\/mexico\/2019\/01\/11\/arranca-amlo-jovenes-construyendo-el-futuro-en-esto-consiste-programa\/","og_site_name":"M\u00e9xico","article_published_time":"2019-01-11T03:59:03+00:00","og_image":[{"width":750,"height":450,"url":"https:\/\/noti-america.com\/site\/mexico\/wp-content\/uploads\/sites\/13\/2019\/01\/164079-Principal.jpg","type":"image\/jpeg"}],"author":"Redacci\u00f3n NA-NY","twitter_card":"summary_large_image","twitter_misc":{"Escrito por":"Redacci\u00f3n NA-NY","Tiempo estimado de lectura":"2 minutos"},"schema":{"@context":"https:\/\/schema.org","@graph":[{"@type":"Article","@id":"https:\/\/noti-america.com\/site\/mexico\/2019\/01\/11\/arranca-amlo-jovenes-construyendo-el-futuro-en-esto-consiste-programa\/#article","isPartOf":{"@id":"https:\/\/noti-america.com\/site\/mexico\/2019\/01\/11\/arranca-amlo-jovenes-construyendo-el-futuro-en-esto-consiste-programa\/"},"author":{"name":"Redacci\u00f3n NA-NY","@id":"https:\/\/noti-america.com\/site\/mexico\/#\/schema\/person\/db5a6527aaddfc34b3753d557a1292f0"},"headline":"Arranca AMLO J\u00f3venes Construyendo el Futuro; en esto consiste programa","datePublished":"2019-01-11T03:59:03+00:00","mainEntityOfPage":{"@id":"https:\/\/noti-america.com\/site\/mexico\/2019\/01\/11\/arranca-amlo-jovenes-construyendo-el-futuro-en-esto-consiste-programa\/"},"wordCount":490,"commentCount":0,"publisher":{"@id":"https:\/\/noti-america.com\/site\/mexico\/#organization"},"image":{"@id":"https:\/\/noti-america.com\/site\/mexico\/2019\/01\/11\/arranca-amlo-jovenes-construyendo-el-futuro-en-esto-consiste-programa\/#primaryimage"},"thumbnailUrl":"https:\/\/noti-america.com\/site\/mexico\/wp-content\/uploads\/sites\/13\/2019\/01\/164079-Principal.jpg","keywords":["Arranca AMLO J\u00f3venes Construyendo el Futuro; en esto consiste programa"],"articleSection":["Uncategorized"],"inLanguage":"es","potentialAction":[{"@type":"CommentAction","name":"Comment","target":["https:\/\/noti-america.com\/site\/mexico\/2019\/01\/11\/arranca-amlo-jovenes-construyendo-el-futuro-en-esto-consiste-programa\/#respond"]}]},{"@type":"WebPage","@id":"https:\/\/noti-america.com\/site\/mexico\/2019\/01\/11\/arranca-amlo-jovenes-construyendo-el-futuro-en-esto-consiste-programa\/","url":"https:\/\/noti-america.com\/site\/mexico\/2019\/01\/11\/arranca-amlo-jovenes-construyendo-el-futuro-en-esto-consiste-programa\/","name":"Arranca AMLO J\u00f3venes Construyendo el Futuro; en esto consiste programa - M\u00e9xico","isPartOf":{"@id":"https:\/\/noti-america.com\/site\/mexico\/#website"},"primaryImageOfPage":{"@id":"https:\/\/noti-america.com\/site\/mexico\/2019\/01\/11\/arranca-amlo-jovenes-construyendo-el-futuro-en-esto-consiste-programa\/#primaryimage"},"image":{"@id":"https:\/\/noti-america.com\/site\/mexico\/2019\/01\/11\/arranca-amlo-jovenes-construyendo-el-futuro-en-esto-consiste-programa\/#primaryimage"},"thumbnailUrl":"https:\/\/noti-america.com\/site\/mexico\/wp-content\/uploads\/sites\/13\/2019\/01\/164079-Principal.jpg","datePublished":"2019-01-11T03:59:03+00:00","breadcrumb":{"@id":"https:\/\/noti-america.com\/site\/mexico\/2019\/01\/11\/arranca-amlo-jovenes-construyendo-el-futuro-en-esto-consiste-programa\/#breadcrumb"},"inLanguage":"es","potentialAction":[{"@type":"ReadAction","target":["https:\/\/noti-america.com\/site\/mexico\/2019\/01\/11\/arranca-amlo-jovenes-construyendo-el-futuro-en-esto-consiste-programa\/"]}]},{"@type":"ImageObject","inLanguage":"es","@id":"https:\/\/noti-america.com\/site\/mexico\/2019\/01\/11\/arranca-amlo-jovenes-construyendo-el-futuro-en-esto-consiste-programa\/#primaryimage","url":"https:\/\/noti-america.com\/site\/mexico\/wp-content\/uploads\/sites\/13\/2019\/01\/164079-Principal.jpg","contentUrl":"https:\/\/noti-america.com\/site\/mexico\/wp-content\/uploads\/sites\/13\/2019\/01\/164079-Principal.jpg","width":750,"height":450},{"@type":"BreadcrumbList","@id":"https:\/\/noti-america.com\/site\/mexico\/2019\/01\/11\/arranca-amlo-jovenes-construyendo-el-futuro-en-esto-consiste-programa\/#breadcrumb","itemListElement":[{"@type":"ListItem","position":1,"name":"Portada","item":"https:\/\/noti-america.com\/site\/mexico\/"},{"@type":"ListItem","position":2,"name":"Arranca AMLO J\u00f3venes Construyendo el Futuro; en esto consiste programa"}]},{"@type":"WebSite","@id":"https:\/\/noti-america.com\/site\/mexico\/#website","url":"https:\/\/noti-america.com\/site\/mexico\/","name":"M\u00e9xico | Noti-America.com","description":"","publisher":{"@id":"https:\/\/noti-america.com\/site\/mexico\/#organization"},"potentialAction":[{"@type":"SearchAction","target":{"@type":"EntryPoint","urlTemplate":"https:\/\/noti-america.com\/site\/mexico\/?s={search_term_string}"},"query-input":{"@type":"PropertyValueSpecification","valueRequired":true,"valueName":"search_term_string"}}],"inLanguage":"es"},{"@type":"Organization","@id":"https:\/\/noti-america.com\/site\/mexico\/#organization","name":"Noti-America LLC | M\u00e9xico","url":"https:\/\/noti-america.com\/site\/mexico\/","logo":{"@type":"ImageObject","inLanguage":"es","@id":"https:\/\/noti-america.com\/site\/mexico\/#\/schema\/logo\/image\/","url":"https:\/\/noti-america.com\/site\/mexico\/wp-content\/uploads\/sites\/13\/2020\/07\/LogoNA-4x3-1.jpg","contentUrl":"https:\/\/noti-america.com\/site\/mexico\/wp-content\/uploads\/sites\/13\/2020\/07\/LogoNA-4x3-1.jpg","width":1236,"height":1080,"caption":"Noti-America LLC | M\u00e9xico"},"image":{"@id":"https:\/\/noti-america.com\/site\/mexico\/#\/schema\/logo\/image\/"}},{"@type":"Person","@id":"https:\/\/noti-america.com\/site\/mexico\/#\/schema\/person\/db5a6527aaddfc34b3753d557a1292f0","name":"Redacci\u00f3n NA-NY","image":{"@type":"ImageObject","inLanguage":"es","@id":"https:\/\/secure.gravatar.com\/avatar\/2bd75bb500a8deb1390f777293a9af32d934c46613d2fbac7cceb2aaa2679ae8?s=96&d=mm&r=g","url":"https:\/\/secure.gravatar.com\/avatar\/2bd75bb500a8deb1390f777293a9af32d934c46613d2fbac7cceb2aaa2679ae8?s=96&d=mm&r=g","contentUrl":"https:\/\/secure.gravatar.com\/avatar\/2bd75bb500a8deb1390f777293a9af32d934c46613d2fbac7cceb2aaa2679ae8?s=96&d=mm&r=g","caption":"Redacci\u00f3n NA-NY"},"url":"https:\/\/noti-america.com\/site\/mexico\/author\/redaccionny\/"}]}},"_links":{"self":[{"href":"https:\/\/noti-america.com\/site\/mexico\/wp-json\/wp\/v2\/posts\/2409","targetHints":{"allow":["GET"]}}],"collection":[{"href":"https:\/\/noti-america.com\/site\/mexico\/wp-json\/wp\/v2\/posts"}],"about":[{"href":"https:\/\/noti-america.com\/site\/mexico\/wp-json\/wp\/v2\/types\/post"}],"author":[{"embeddable":true,"href":"https:\/\/noti-america.com\/site\/mexico\/wp-json\/wp\/v2\/users\/28"}],"replies":[{"embeddable":true,"href":"https:\/\/noti-america.com\/site\/mexico\/wp-json\/wp\/v2\/comments?post=2409"}],"version-history":[{"count":1,"href":"https:\/\/noti-america.com\/site\/mexico\/wp-json\/wp\/v2\/posts\/2409\/revisions"}],"predecessor-version":[{"id":2411,"href":"https:\/\/noti-america.com\/site\/mexico\/wp-json\/wp\/v2\/posts\/2409\/revisions\/2411"}],"wp:featuredmedia":[{"embeddable":true,"href":"https:\/\/noti-america.com\/site\/mexico\/wp-json\/wp\/v2\/media\/2410"}],"wp:attachment":[{"href":"https:\/\/noti-america.com\/site\/mexico\/wp-json\/wp\/v2\/media?parent=2409"}],"wp:term":[{"taxonomy":"category","embeddable":true,"href":"https:\/\/noti-america.com\/site\/mexico\/wp-json\/wp\/v2\/categories?post=2409"},{"taxonomy":"post_tag","embeddable":true,"href":"https:\/\/noti-america.com\/site\/mexico\/wp-json\/wp\/v2\/tags?post=2409"}],"curies":[{"name":"wp","href":"https:\/\/api.w.org\/{rel}","templated":true}]}}