{"id":2392,"date":"2019-01-10T06:15:26","date_gmt":"2019-01-10T06:15:26","guid":{"rendered":"http:\/\/noti-america.com\/site\/mexico\/?p=2392"},"modified":"2019-01-10T06:15:26","modified_gmt":"2019-01-10T06:15:26","slug":"preven-este-jueves-temperaturas-de-0-a-3-grados-en-6-alcaldias-de-cdmx","status":"publish","type":"post","link":"https:\/\/noti-america.com\/site\/mexico\/2019\/01\/10\/preven-este-jueves-temperaturas-de-0-a-3-grados-en-6-alcaldias-de-cdmx\/","title":{"rendered":"Prev\u00e9n este jueves temperaturas de 0 a 3 grados en 6 alcald\u00edas de CDMX"},"content":{"rendered":"<p><img loading=\"lazy\" decoding=\"async\" class=\"alignnone  wp-image-2393 aligncenter\" src=\"http:\/\/noti-america.com\/site\/mexico\/wp-content\/uploads\/sites\/13\/2019\/01\/163957-Principal-300x180.jpg\" alt=\"\" width=\"487\" height=\"292\" srcset=\"https:\/\/noti-america.com\/site\/mexico\/wp-content\/uploads\/sites\/13\/2019\/01\/163957-Principal-300x180.jpg 300w, https:\/\/noti-america.com\/site\/mexico\/wp-content\/uploads\/sites\/13\/2019\/01\/163957-Principal.jpg 750w\" sizes=\"auto, (max-width: 487px) 100vw, 487px\" \/><\/p>\n<p>&nbsp;<\/p>\n<p>&nbsp;<\/p>\n<h3>Fuente:\u00a0\u00a0https:\/\/www.unotv.com\/noticias<\/h3>\n<p>&nbsp;<\/p>\n<p dir=\"ltr\"><strong>En seis\u00a0alcald\u00edas capitalinas se activ\u00f3 la\u00a0Alerta Naranja\u00a0debido al pron\u00f3stico de temperaturas de cero a tres\u00a0grados cent\u00edgrados\u00a0de las 4:00 a las 8:00 horas de este jueves, inform\u00f3 la\u00a0Secretar\u00eda de Protecci\u00f3n Civil de la Ciudad de M\u00e9xico<\/strong><\/p>\n<p dir=\"ltr\">\n<div class=\"tweeet-post\">\n<div class=\"SandboxRoot env-bp-min\" data-twitter-event-id=\"0\">\n<div id=\"twitter-widget-0\" class=\"EmbeddedTweet EmbeddedTweet--cta EmbeddedTweet--mediaForward media-forward js-clickToOpenTarget js-tweetIdInfo tweet-InformationCircle-widgetParent\" lang=\"es\" data-click-to-open-target=\"https:\/\/twitter.com\/SPCCDMX\/status\/1083100083535503361\" data-iframe-title=\"Tweet de Twitter\" data-scribe=\"page:tweet\" data-tweet-id=\"1083100083535503361\" data-twitter-event-id=\"2\">\n<article class=\"MediaCard\n           MediaCard--mediaForward\n\n           customisable-border\" dir=\"ltr\" data-scribe=\"component:card\"><\/p>\n<div class=\"MediaCard-media\" data-scribe=\"element:photo\"><a class=\"MediaCard-mediaAsset NaturalImage\" href=\"https:\/\/twitter.com\/SPCCDMX\/status\/1083100083535503361\/photo\/1\"><img loading=\"lazy\" decoding=\"async\" class=\"NaturalImage-image\" title=\"Ver imagen en Twitter\" src=\"https:\/\/pbs.twimg.com\/media\/Dwfxx1SUwAAes4i?format=jpg&amp;name=360x360\" alt=\"Ver imagen en Twitter\" width=\"1056\" height=\"635\" data-image=\"https:\/\/pbs.twimg.com\/media\/Dwfxx1SUwAAes4i\" \/><\/a><\/div>\n<\/article>\n<div class=\"EmbeddedTweet-tweetContainer\">\n<div class=\"EmbeddedTweet-tweet\">\n<blockquote class=\"Tweet h-entry js-tweetIdInfo subject expanded\" cite=\"https:\/\/twitter.com\/SPCCDMX\/status\/1083100083535503361\" data-tweet-id=\"1083100083535503361\" data-scribe=\"section:subject\">\n<div class=\"Tweet-header\"><a class=\"TweetAuthor-avatar  Identity-avatar u-linkBlend\" href=\"https:\/\/twitter.com\/SPCCDMX\" data-scribe=\"element:user_link\" aria-label=\"Protecci\u00f3nCivil CDMX (nombre de pantalla: SPCCDMX)\"><img decoding=\"async\" class=\"Avatar\" src=\"https:\/\/pbs.twimg.com\/profile_images\/1070820486530113537\/_LrcMmrn_normal.jpg\" alt=\"\" data-scribe=\"element:avatar\" data-src-2x=\"https:\/\/pbs.twimg.com\/profile_images\/1070820486530113537\/_LrcMmrn_bigger.jpg\" data-src-1x=\"https:\/\/pbs.twimg.com\/profile_images\/1070820486530113537\/_LrcMmrn_normal.jpg\" \/><\/a><\/p>\n<div class=\"TweetAuthor js-inViewportScribingTarget\" data-scribe=\"component:author\">\n<div class=\"TweetAuthor-nameScreenNameContainer\"><span class=\"TweetAuthor-decoratedName\"><span class=\"TweetAuthor-name Identity-name customisable-highlight\" title=\"Protecci\u00f3nCivil CDMX\" data-scribe=\"element:name\">Protecci\u00f3nCivil CDMX<\/span><\/span><\/p>\n<div class=\"Icon Icon--verified \" title=\"Cuenta verificada\" role=\"img\" aria-label=\"Cuenta verificada\"><\/div>\n<p><b>\u00a0<\/b><\/div>\n<\/div>\n<\/div>\n<div class=\"Tweet-body e-entry-content\" data-scribe=\"component:tweet\">\n<div class=\"u-hiddenVisually js-inViewportScribingTarget\"><\/div>\n<p class=\"Tweet-text e-entry-title\" dir=\"ltr\" lang=\"es\">Se activa Alerta Naranja por pron\u00f3stico de temperaturas bajas en las horas cercanas al amanecer para las alcald\u00edas de \u00c1lvaro Obreg\u00f3n, Cuajimalpa, Magdalena Contreras, Milpa Alta, Tlalpan y Xochimilco<\/p>\n<div class=\"TweetInfo\">\n<div class=\"TweetInfo-like\">\n<div data-scribe=\"element:heart\">\n<div class=\"Icon Icon--heart \" title=\"Me gusta\" role=\"img\" aria-label=\"Me gusta\"><\/div>\n<\/div>\n<\/div>\n<\/div>\n<\/div>\n<\/blockquote>\n<\/div>\n<\/div>\n<\/div>\n<\/div>\n<\/div>\n<p dir=\"ltr\">La\u00a0<strong>dependencia local\u00a0<\/strong>detall\u00f3 que las demarcaciones afectadas son:<\/p>\n<ul dir=\"ltr\">\n<li>\u00c1lvaro Obreg\u00f3n<\/li>\n<li>Cuajimalpa<\/li>\n<li>Magdalena Contreras<\/li>\n<li>Milpa Alta<\/li>\n<li>Tlalpan<\/li>\n<li>Xochimilco<\/li>\n<\/ul>\n<h2 dir=\"ltr\">Alerta amarilla<\/h2>\n<p dir=\"ltr\">Asimismo, indic\u00f3 que se activ\u00f3 la\u00a0<strong>Alerta Amarilla<\/strong>\u00a0por temperaturas de cuatro a ocho grados en las alcald\u00edas:<\/p>\n<ul dir=\"ltr\">\n<li>Azcapotzalco<\/li>\n<li>Benito Ju\u00e1rez<\/li>\n<li>Coyoac\u00e1n<\/li>\n<li>Cuauht\u00e9moc<\/li>\n<li>Gustavo A. Madero<\/li>\n<li>Iztacalco<\/li>\n<li>Iztapalapa<\/li>\n<li>Miguel Hidalgo<\/li>\n<li>Tl\u00e1huac<\/li>\n<li>Venustiano Carranza<\/li>\n<\/ul>\n<div class=\"tweeet-post\">\n<div class=\"SandboxRoot env-bp-min\" data-twitter-event-id=\"1\">\n<div id=\"twitter-widget-1\" class=\"EmbeddedTweet EmbeddedTweet--cta EmbeddedTweet--mediaForward media-forward js-clickToOpenTarget js-tweetIdInfo tweet-InformationCircle-widgetParent\" lang=\"es\" data-click-to-open-target=\"https:\/\/twitter.com\/SPCCDMX\/status\/1083100151801991168\" data-iframe-title=\"Tweet de Twitter\" data-scribe=\"page:tweet\" data-tweet-id=\"1083100151801991168\" data-twitter-event-id=\"3\">\n<article class=\"MediaCard\n           MediaCard--mediaForward\n\n           customisable-border\" dir=\"ltr\" data-scribe=\"component:card\"><\/p>\n<div class=\"MediaCard-media\" data-scribe=\"element:photo\">\n<div class=\"MediaCard-widthConstraint js-cspForcedStyle\" data-style=\"max-width: 1056px\">\n<div class=\"MediaCard-mediaContainer js-cspForcedStyle\" data-style=\"padding-bottom: 59.9432%\"><a class=\"MediaCard-mediaAsset NaturalImage\" href=\"https:\/\/twitter.com\/SPCCDMX\/status\/1083100151801991168\/photo\/1\"><img loading=\"lazy\" decoding=\"async\" class=\"NaturalImage-image\" title=\"Ver imagen en Twitter\" src=\"https:\/\/pbs.twimg.com\/media\/DwfxzloU0AA4f4d?format=jpg&amp;name=360x360\" alt=\"Ver imagen en Twitter\" width=\"1056\" height=\"633\" data-image=\"https:\/\/pbs.twimg.com\/media\/DwfxzloU0AA4f4d\" \/><\/a><\/div>\n<\/div>\n<\/div>\n<\/article>\n<div class=\"EmbeddedTweet-tweetContainer\">\n<div class=\"EmbeddedTweet-tweet\">\n<blockquote class=\"Tweet h-entry js-tweetIdInfo subject expanded\" cite=\"https:\/\/twitter.com\/SPCCDMX\/status\/1083100151801991168\" data-tweet-id=\"1083100151801991168\" data-scribe=\"section:subject\">\n<div class=\"Tweet-header\"><a class=\"TweetAuthor-avatar  Identity-avatar u-linkBlend\" href=\"https:\/\/twitter.com\/SPCCDMX\" data-scribe=\"element:user_link\" aria-label=\"Protecci\u00f3nCivil CDMX (nombre de pantalla: SPCCDMX)\"><img decoding=\"async\" class=\"Avatar\" src=\"https:\/\/pbs.twimg.com\/profile_images\/1070820486530113537\/_LrcMmrn_normal.jpg\" alt=\"\" data-scribe=\"element:avatar\" data-src-2x=\"https:\/\/pbs.twimg.com\/profile_images\/1070820486530113537\/_LrcMmrn_bigger.jpg\" data-src-1x=\"https:\/\/pbs.twimg.com\/profile_images\/1070820486530113537\/_LrcMmrn_normal.jpg\" \/><\/a><\/p>\n<div class=\"TweetAuthor js-inViewportScribingTarget\" data-scribe=\"component:author\">\n<div class=\"TweetAuthor-nameScreenNameContainer\"><span class=\"TweetAuthor-decoratedName\"><span class=\"TweetAuthor-name Identity-name customisable-highlight\" title=\"Protecci\u00f3nCivil CDMX\" data-scribe=\"element:name\">Protecci\u00f3nCivil CDMX<\/span><\/span><\/p>\n<div class=\"Icon Icon--verified \" title=\"Cuenta verificada\" role=\"img\" aria-label=\"Cuenta verificada\"><\/div>\n<p><span class=\"TweetAuthor-decoratedName\"><span class=\"TweetAuthor-verifiedBadge\" data-scribe=\"element:verified_badge\"><b class=\"u-hiddenVisually\">\u2714<\/b><\/span><\/span><span class=\"TweetAuthor-screenName Identity-screenName\" dir=\"ltr\" title=\"@SPCCDMX\" data-scribe=\"element:screen_name\">@SPCCDMX<\/span><\/div>\n<\/div>\n<div class=\"Tweet-brand\">\n<div class=\"Icon Icon--twitter \" title=\"Ver en Twitter\" role=\"presentation\" aria-label=\"Ver en Twitter\"><\/div>\n<\/div>\n<\/div>\n<div class=\"Tweet-body e-entry-content\" data-scribe=\"component:tweet\">\n<div class=\"u-hiddenVisually js-inViewportScribingTarget\"><\/div>\n<p class=\"Tweet-text e-entry-title\" dir=\"ltr\" lang=\"es\">Se activa Alerta Amarilla por pron\u00f3stico de temperaturas bajas previas al amanecer en las alcald\u00edas de Azcapotzalco, Benito Ju\u00e1rez, Coyoac\u00e1n, Cuauht\u00e9moc, Gustavo A. Madero, Iztacalco, Iztapalapa, Miguel Hidalgo, Tl\u00e1huac y Venustiano Carranza<\/p>\n<\/div>\n<\/blockquote>\n<\/div>\n<div class=\"CallToAction-icon\" data-scribe=\"element:conversation_icon\">\n<div class=\"Icon Icon--replyCTA \" title=\"Ver conversaci\u00f3n en Twitter\" role=\"img\" aria-label=\"Ver conversaci\u00f3n en Twitter\"><\/div>\n<\/div>\n<\/div>\n<\/div>\n<div class=\"resize-sensor\">\n<div class=\"resize-sensor-shrink\">\n<h3>Recomendaciones<\/h3>\n<\/div>\n<\/div>\n<\/div>\n<\/div>\n<p dir=\"ltr\">El organismo capitalino recomend\u00f3\u00a0utilizar crema para hidratar y proteger la piel del fr\u00edo, ingerir abundante agua,\u00a0frutas y verduras con vitamina A\u00a0y\u00a0B, cubrir nariz y boca, usar al menos tres capas de ropa y evitar\u00a0cambios bruscos de temperatura.<\/p>\n<p dir=\"ltr\">As\u00ed como apagar velas y anafres antes de dormir para evitar un incendio o\u00a0intoxicaci\u00f3n por mon\u00f3xido de carbono, adem\u00e1s de evitar fumar en lugares cerrados, cerca de ni\u00f1as y ni\u00f1os, adultos mayores o\u00a0personas enfermas.<\/p>\n<p>&nbsp;<\/p>\n<p>&nbsp;<\/p>\n","protected":false},"excerpt":{"rendered":"<p>&nbsp; &nbsp; Fuente:\u00a0\u00a0https:\/\/www.unotv.com\/noticias &nbsp; En seis\u00a0alcald\u00edas capitalinas se activ\u00f3 la\u00a0Alerta Naranja\u00a0debido al pron\u00f3stico de temperaturas de cero a tres\u00a0grados cent\u00edgrados\u00a0de las 4:00 a las 8:00 horas de este jueves, inform\u00f3 la\u00a0Secretar\u00eda de Protecci\u00f3n Civil&#46;&#46;&#46;<\/p>\n","protected":false},"author":28,"featured_media":2395,"comment_status":"open","ping_status":"open","sticky":false,"template":"","format":"standard","meta":{"_acf_changed":false,"om_disable_all_campaigns":false,"rop_custom_images_group":[],"rop_custom_messages_group":[],"rop_publish_now":"initial","rop_publish_now_accounts":{"twitter_242054905_242054905":""},"rop_publish_now_history":[],"rop_publish_now_status":"pending","_uf_show_specific_survey":0,"_uf_disable_surveys":false,"footnotes":""},"categories":[1],"tags":[223],"class_list":["post-2392","post","type-post","status-publish","format-standard","has-post-thumbnail","hentry","category-uncategorized","tag-preven-este-jueves-temperaturas-de-0-a-3-grados-en-6-alcaldias-de-cdmx"],"acf":[],"aioseo_notices":[],"yoast_head":"<!-- This site is optimized with the Yoast SEO Premium plugin v24.9 (Yoast SEO v27.2) - https:\/\/yoast.com\/product\/yoast-seo-premium-wordpress\/ -->\n<title>Prev\u00e9n este jueves temperaturas de 0 a 3 grados en 6 alcald\u00edas de CDMX - M\u00e9xico<\/title>\n<meta name=\"robots\" content=\"index, follow, max-snippet:-1, max-image-preview:large, max-video-preview:-1\" \/>\n<link rel=\"canonical\" href=\"https:\/\/noti-america.com\/site\/mexico\/2019\/01\/10\/preven-este-jueves-temperaturas-de-0-a-3-grados-en-6-alcaldias-de-cdmx\/\" \/>\n<meta property=\"og:locale\" content=\"es_ES\" \/>\n<meta property=\"og:type\" content=\"article\" \/>\n<meta property=\"og:title\" content=\"Prev\u00e9n este jueves temperaturas de 0 a 3 grados en 6 alcald\u00edas de CDMX\" \/>\n<meta property=\"og:description\" content=\"&nbsp; &nbsp; Fuente:\u00a0\u00a0https:\/\/www.unotv.com\/noticias &nbsp; En seis\u00a0alcald\u00edas capitalinas se activ\u00f3 la\u00a0Alerta Naranja\u00a0debido al pron\u00f3stico de temperaturas de cero a tres\u00a0grados cent\u00edgrados\u00a0de las 4:00 a las 8:00 horas de este jueves, inform\u00f3 la\u00a0Secretar\u00eda de Protecci\u00f3n Civil&#046;&#046;&#046;\" \/>\n<meta property=\"og:url\" content=\"https:\/\/noti-america.com\/site\/mexico\/2019\/01\/10\/preven-este-jueves-temperaturas-de-0-a-3-grados-en-6-alcaldias-de-cdmx\/\" \/>\n<meta property=\"og:site_name\" content=\"M\u00e9xico\" \/>\n<meta property=\"article:published_time\" content=\"2019-01-10T06:15:26+00:00\" \/>\n<meta property=\"og:image\" content=\"https:\/\/noti-america.com\/site\/mexico\/wp-content\/uploads\/sites\/13\/2019\/01\/images-3.jpg\" \/>\n\t<meta property=\"og:image:width\" content=\"200\" \/>\n\t<meta property=\"og:image:height\" content=\"200\" \/>\n\t<meta property=\"og:image:type\" content=\"image\/jpeg\" \/>\n<meta name=\"author\" content=\"Redacci\u00f3n NA-NY\" \/>\n<meta name=\"twitter:card\" content=\"summary_large_image\" \/>\n<meta name=\"twitter:label1\" content=\"Escrito por\" \/>\n\t<meta name=\"twitter:data1\" content=\"Redacci\u00f3n NA-NY\" \/>\n\t<meta name=\"twitter:label2\" content=\"Tiempo estimado de lectura\" \/>\n\t<meta name=\"twitter:data2\" content=\"1 minuto\" \/>\n<script type=\"application\/ld+json\" class=\"yoast-schema-graph\">{\"@context\":\"https:\/\/schema.org\",\"@graph\":[{\"@type\":\"Article\",\"@id\":\"https:\/\/noti-america.com\/site\/mexico\/2019\/01\/10\/preven-este-jueves-temperaturas-de-0-a-3-grados-en-6-alcaldias-de-cdmx\/#article\",\"isPartOf\":{\"@id\":\"https:\/\/noti-america.com\/site\/mexico\/2019\/01\/10\/preven-este-jueves-temperaturas-de-0-a-3-grados-en-6-alcaldias-de-cdmx\/\"},\"author\":{\"name\":\"Redacci\u00f3n NA-NY\",\"@id\":\"https:\/\/noti-america.com\/site\/mexico\/#\/schema\/person\/db5a6527aaddfc34b3753d557a1292f0\"},\"headline\":\"Prev\u00e9n este jueves temperaturas de 0 a 3 grados en 6 alcald\u00edas de CDMX\",\"datePublished\":\"2019-01-10T06:15:26+00:00\",\"mainEntityOfPage\":{\"@id\":\"https:\/\/noti-america.com\/site\/mexico\/2019\/01\/10\/preven-este-jueves-temperaturas-de-0-a-3-grados-en-6-alcaldias-de-cdmx\/\"},\"wordCount\":290,\"commentCount\":0,\"publisher\":{\"@id\":\"https:\/\/noti-america.com\/site\/mexico\/#organization\"},\"image\":{\"@id\":\"https:\/\/noti-america.com\/site\/mexico\/2019\/01\/10\/preven-este-jueves-temperaturas-de-0-a-3-grados-en-6-alcaldias-de-cdmx\/#primaryimage\"},\"thumbnailUrl\":\"https:\/\/noti-america.com\/site\/mexico\/wp-content\/uploads\/sites\/13\/2019\/01\/images-3.jpg\",\"keywords\":[\"Prev\u00e9n este jueves temperaturas de 0 a 3 grados en 6 alcald\u00edas de CDMX\"],\"articleSection\":[\"Uncategorized\"],\"inLanguage\":\"es\",\"potentialAction\":[{\"@type\":\"CommentAction\",\"name\":\"Comment\",\"target\":[\"https:\/\/noti-america.com\/site\/mexico\/2019\/01\/10\/preven-este-jueves-temperaturas-de-0-a-3-grados-en-6-alcaldias-de-cdmx\/#respond\"]}]},{\"@type\":\"WebPage\",\"@id\":\"https:\/\/noti-america.com\/site\/mexico\/2019\/01\/10\/preven-este-jueves-temperaturas-de-0-a-3-grados-en-6-alcaldias-de-cdmx\/\",\"url\":\"https:\/\/noti-america.com\/site\/mexico\/2019\/01\/10\/preven-este-jueves-temperaturas-de-0-a-3-grados-en-6-alcaldias-de-cdmx\/\",\"name\":\"Prev\u00e9n este jueves temperaturas de 0 a 3 grados en 6 alcald\u00edas de CDMX - M\u00e9xico\",\"isPartOf\":{\"@id\":\"https:\/\/noti-america.com\/site\/mexico\/#website\"},\"primaryImageOfPage\":{\"@id\":\"https:\/\/noti-america.com\/site\/mexico\/2019\/01\/10\/preven-este-jueves-temperaturas-de-0-a-3-grados-en-6-alcaldias-de-cdmx\/#primaryimage\"},\"image\":{\"@id\":\"https:\/\/noti-america.com\/site\/mexico\/2019\/01\/10\/preven-este-jueves-temperaturas-de-0-a-3-grados-en-6-alcaldias-de-cdmx\/#primaryimage\"},\"thumbnailUrl\":\"https:\/\/noti-america.com\/site\/mexico\/wp-content\/uploads\/sites\/13\/2019\/01\/images-3.jpg\",\"datePublished\":\"2019-01-10T06:15:26+00:00\",\"breadcrumb\":{\"@id\":\"https:\/\/noti-america.com\/site\/mexico\/2019\/01\/10\/preven-este-jueves-temperaturas-de-0-a-3-grados-en-6-alcaldias-de-cdmx\/#breadcrumb\"},\"inLanguage\":\"es\",\"potentialAction\":[{\"@type\":\"ReadAction\",\"target\":[\"https:\/\/noti-america.com\/site\/mexico\/2019\/01\/10\/preven-este-jueves-temperaturas-de-0-a-3-grados-en-6-alcaldias-de-cdmx\/\"]}]},{\"@type\":\"ImageObject\",\"inLanguage\":\"es\",\"@id\":\"https:\/\/noti-america.com\/site\/mexico\/2019\/01\/10\/preven-este-jueves-temperaturas-de-0-a-3-grados-en-6-alcaldias-de-cdmx\/#primaryimage\",\"url\":\"https:\/\/noti-america.com\/site\/mexico\/wp-content\/uploads\/sites\/13\/2019\/01\/images-3.jpg\",\"contentUrl\":\"https:\/\/noti-america.com\/site\/mexico\/wp-content\/uploads\/sites\/13\/2019\/01\/images-3.jpg\",\"width\":200,\"height\":200},{\"@type\":\"BreadcrumbList\",\"@id\":\"https:\/\/noti-america.com\/site\/mexico\/2019\/01\/10\/preven-este-jueves-temperaturas-de-0-a-3-grados-en-6-alcaldias-de-cdmx\/#breadcrumb\",\"itemListElement\":[{\"@type\":\"ListItem\",\"position\":1,\"name\":\"Portada\",\"item\":\"https:\/\/noti-america.com\/site\/mexico\/\"},{\"@type\":\"ListItem\",\"position\":2,\"name\":\"Prev\u00e9n este jueves temperaturas de 0 a 3 grados en 6 alcald\u00edas de CDMX\"}]},{\"@type\":\"WebSite\",\"@id\":\"https:\/\/noti-america.com\/site\/mexico\/#website\",\"url\":\"https:\/\/noti-america.com\/site\/mexico\/\",\"name\":\"M\u00e9xico | Noti-America.com\",\"description\":\"\",\"publisher\":{\"@id\":\"https:\/\/noti-america.com\/site\/mexico\/#organization\"},\"potentialAction\":[{\"@type\":\"SearchAction\",\"target\":{\"@type\":\"EntryPoint\",\"urlTemplate\":\"https:\/\/noti-america.com\/site\/mexico\/?s={search_term_string}\"},\"query-input\":{\"@type\":\"PropertyValueSpecification\",\"valueRequired\":true,\"valueName\":\"search_term_string\"}}],\"inLanguage\":\"es\"},{\"@type\":\"Organization\",\"@id\":\"https:\/\/noti-america.com\/site\/mexico\/#organization\",\"name\":\"Noti-America LLC | M\u00e9xico\",\"url\":\"https:\/\/noti-america.com\/site\/mexico\/\",\"logo\":{\"@type\":\"ImageObject\",\"inLanguage\":\"es\",\"@id\":\"https:\/\/noti-america.com\/site\/mexico\/#\/schema\/logo\/image\/\",\"url\":\"https:\/\/noti-america.com\/site\/mexico\/wp-content\/uploads\/sites\/13\/2020\/07\/LogoNA-4x3-1.jpg\",\"contentUrl\":\"https:\/\/noti-america.com\/site\/mexico\/wp-content\/uploads\/sites\/13\/2020\/07\/LogoNA-4x3-1.jpg\",\"width\":1236,\"height\":1080,\"caption\":\"Noti-America LLC | M\u00e9xico\"},\"image\":{\"@id\":\"https:\/\/noti-america.com\/site\/mexico\/#\/schema\/logo\/image\/\"}},{\"@type\":\"Person\",\"@id\":\"https:\/\/noti-america.com\/site\/mexico\/#\/schema\/person\/db5a6527aaddfc34b3753d557a1292f0\",\"name\":\"Redacci\u00f3n NA-NY\",\"image\":{\"@type\":\"ImageObject\",\"inLanguage\":\"es\",\"@id\":\"https:\/\/secure.gravatar.com\/avatar\/2bd75bb500a8deb1390f777293a9af32d934c46613d2fbac7cceb2aaa2679ae8?s=96&d=mm&r=g\",\"url\":\"https:\/\/secure.gravatar.com\/avatar\/2bd75bb500a8deb1390f777293a9af32d934c46613d2fbac7cceb2aaa2679ae8?s=96&d=mm&r=g\",\"contentUrl\":\"https:\/\/secure.gravatar.com\/avatar\/2bd75bb500a8deb1390f777293a9af32d934c46613d2fbac7cceb2aaa2679ae8?s=96&d=mm&r=g\",\"caption\":\"Redacci\u00f3n NA-NY\"},\"url\":\"https:\/\/noti-america.com\/site\/mexico\/author\/redaccionny\/\"}]}<\/script>\n<!-- \/ Yoast SEO Premium plugin. -->","yoast_head_json":{"title":"Prev\u00e9n este jueves temperaturas de 0 a 3 grados en 6 alcald\u00edas de CDMX - M\u00e9xico","robots":{"index":"index","follow":"follow","max-snippet":"max-snippet:-1","max-image-preview":"max-image-preview:large","max-video-preview":"max-video-preview:-1"},"canonical":"https:\/\/noti-america.com\/site\/mexico\/2019\/01\/10\/preven-este-jueves-temperaturas-de-0-a-3-grados-en-6-alcaldias-de-cdmx\/","og_locale":"es_ES","og_type":"article","og_title":"Prev\u00e9n este jueves temperaturas de 0 a 3 grados en 6 alcald\u00edas de CDMX","og_description":"&nbsp; &nbsp; Fuente:\u00a0\u00a0https:\/\/www.unotv.com\/noticias &nbsp; En seis\u00a0alcald\u00edas capitalinas se activ\u00f3 la\u00a0Alerta Naranja\u00a0debido al pron\u00f3stico de temperaturas de cero a tres\u00a0grados cent\u00edgrados\u00a0de las 4:00 a las 8:00 horas de este jueves, inform\u00f3 la\u00a0Secretar\u00eda de Protecci\u00f3n Civil&#46;&#46;&#46;","og_url":"https:\/\/noti-america.com\/site\/mexico\/2019\/01\/10\/preven-este-jueves-temperaturas-de-0-a-3-grados-en-6-alcaldias-de-cdmx\/","og_site_name":"M\u00e9xico","article_published_time":"2019-01-10T06:15:26+00:00","og_image":[{"width":200,"height":200,"url":"https:\/\/noti-america.com\/site\/mexico\/wp-content\/uploads\/sites\/13\/2019\/01\/images-3.jpg","type":"image\/jpeg"}],"author":"Redacci\u00f3n NA-NY","twitter_card":"summary_large_image","twitter_misc":{"Escrito por":"Redacci\u00f3n NA-NY","Tiempo estimado de lectura":"1 minuto"},"schema":{"@context":"https:\/\/schema.org","@graph":[{"@type":"Article","@id":"https:\/\/noti-america.com\/site\/mexico\/2019\/01\/10\/preven-este-jueves-temperaturas-de-0-a-3-grados-en-6-alcaldias-de-cdmx\/#article","isPartOf":{"@id":"https:\/\/noti-america.com\/site\/mexico\/2019\/01\/10\/preven-este-jueves-temperaturas-de-0-a-3-grados-en-6-alcaldias-de-cdmx\/"},"author":{"name":"Redacci\u00f3n NA-NY","@id":"https:\/\/noti-america.com\/site\/mexico\/#\/schema\/person\/db5a6527aaddfc34b3753d557a1292f0"},"headline":"Prev\u00e9n este jueves temperaturas de 0 a 3 grados en 6 alcald\u00edas de CDMX","datePublished":"2019-01-10T06:15:26+00:00","mainEntityOfPage":{"@id":"https:\/\/noti-america.com\/site\/mexico\/2019\/01\/10\/preven-este-jueves-temperaturas-de-0-a-3-grados-en-6-alcaldias-de-cdmx\/"},"wordCount":290,"commentCount":0,"publisher":{"@id":"https:\/\/noti-america.com\/site\/mexico\/#organization"},"image":{"@id":"https:\/\/noti-america.com\/site\/mexico\/2019\/01\/10\/preven-este-jueves-temperaturas-de-0-a-3-grados-en-6-alcaldias-de-cdmx\/#primaryimage"},"thumbnailUrl":"https:\/\/noti-america.com\/site\/mexico\/wp-content\/uploads\/sites\/13\/2019\/01\/images-3.jpg","keywords":["Prev\u00e9n este jueves temperaturas de 0 a 3 grados en 6 alcald\u00edas de CDMX"],"articleSection":["Uncategorized"],"inLanguage":"es","potentialAction":[{"@type":"CommentAction","name":"Comment","target":["https:\/\/noti-america.com\/site\/mexico\/2019\/01\/10\/preven-este-jueves-temperaturas-de-0-a-3-grados-en-6-alcaldias-de-cdmx\/#respond"]}]},{"@type":"WebPage","@id":"https:\/\/noti-america.com\/site\/mexico\/2019\/01\/10\/preven-este-jueves-temperaturas-de-0-a-3-grados-en-6-alcaldias-de-cdmx\/","url":"https:\/\/noti-america.com\/site\/mexico\/2019\/01\/10\/preven-este-jueves-temperaturas-de-0-a-3-grados-en-6-alcaldias-de-cdmx\/","name":"Prev\u00e9n este jueves temperaturas de 0 a 3 grados en 6 alcald\u00edas de CDMX - M\u00e9xico","isPartOf":{"@id":"https:\/\/noti-america.com\/site\/mexico\/#website"},"primaryImageOfPage":{"@id":"https:\/\/noti-america.com\/site\/mexico\/2019\/01\/10\/preven-este-jueves-temperaturas-de-0-a-3-grados-en-6-alcaldias-de-cdmx\/#primaryimage"},"image":{"@id":"https:\/\/noti-america.com\/site\/mexico\/2019\/01\/10\/preven-este-jueves-temperaturas-de-0-a-3-grados-en-6-alcaldias-de-cdmx\/#primaryimage"},"thumbnailUrl":"https:\/\/noti-america.com\/site\/mexico\/wp-content\/uploads\/sites\/13\/2019\/01\/images-3.jpg","datePublished":"2019-01-10T06:15:26+00:00","breadcrumb":{"@id":"https:\/\/noti-america.com\/site\/mexico\/2019\/01\/10\/preven-este-jueves-temperaturas-de-0-a-3-grados-en-6-alcaldias-de-cdmx\/#breadcrumb"},"inLanguage":"es","potentialAction":[{"@type":"ReadAction","target":["https:\/\/noti-america.com\/site\/mexico\/2019\/01\/10\/preven-este-jueves-temperaturas-de-0-a-3-grados-en-6-alcaldias-de-cdmx\/"]}]},{"@type":"ImageObject","inLanguage":"es","@id":"https:\/\/noti-america.com\/site\/mexico\/2019\/01\/10\/preven-este-jueves-temperaturas-de-0-a-3-grados-en-6-alcaldias-de-cdmx\/#primaryimage","url":"https:\/\/noti-america.com\/site\/mexico\/wp-content\/uploads\/sites\/13\/2019\/01\/images-3.jpg","contentUrl":"https:\/\/noti-america.com\/site\/mexico\/wp-content\/uploads\/sites\/13\/2019\/01\/images-3.jpg","width":200,"height":200},{"@type":"BreadcrumbList","@id":"https:\/\/noti-america.com\/site\/mexico\/2019\/01\/10\/preven-este-jueves-temperaturas-de-0-a-3-grados-en-6-alcaldias-de-cdmx\/#breadcrumb","itemListElement":[{"@type":"ListItem","position":1,"name":"Portada","item":"https:\/\/noti-america.com\/site\/mexico\/"},{"@type":"ListItem","position":2,"name":"Prev\u00e9n este jueves temperaturas de 0 a 3 grados en 6 alcald\u00edas de CDMX"}]},{"@type":"WebSite","@id":"https:\/\/noti-america.com\/site\/mexico\/#website","url":"https:\/\/noti-america.com\/site\/mexico\/","name":"M\u00e9xico | Noti-America.com","description":"","publisher":{"@id":"https:\/\/noti-america.com\/site\/mexico\/#organization"},"potentialAction":[{"@type":"SearchAction","target":{"@type":"EntryPoint","urlTemplate":"https:\/\/noti-america.com\/site\/mexico\/?s={search_term_string}"},"query-input":{"@type":"PropertyValueSpecification","valueRequired":true,"valueName":"search_term_string"}}],"inLanguage":"es"},{"@type":"Organization","@id":"https:\/\/noti-america.com\/site\/mexico\/#organization","name":"Noti-America LLC | M\u00e9xico","url":"https:\/\/noti-america.com\/site\/mexico\/","logo":{"@type":"ImageObject","inLanguage":"es","@id":"https:\/\/noti-america.com\/site\/mexico\/#\/schema\/logo\/image\/","url":"https:\/\/noti-america.com\/site\/mexico\/wp-content\/uploads\/sites\/13\/2020\/07\/LogoNA-4x3-1.jpg","contentUrl":"https:\/\/noti-america.com\/site\/mexico\/wp-content\/uploads\/sites\/13\/2020\/07\/LogoNA-4x3-1.jpg","width":1236,"height":1080,"caption":"Noti-America LLC | M\u00e9xico"},"image":{"@id":"https:\/\/noti-america.com\/site\/mexico\/#\/schema\/logo\/image\/"}},{"@type":"Person","@id":"https:\/\/noti-america.com\/site\/mexico\/#\/schema\/person\/db5a6527aaddfc34b3753d557a1292f0","name":"Redacci\u00f3n NA-NY","image":{"@type":"ImageObject","inLanguage":"es","@id":"https:\/\/secure.gravatar.com\/avatar\/2bd75bb500a8deb1390f777293a9af32d934c46613d2fbac7cceb2aaa2679ae8?s=96&d=mm&r=g","url":"https:\/\/secure.gravatar.com\/avatar\/2bd75bb500a8deb1390f777293a9af32d934c46613d2fbac7cceb2aaa2679ae8?s=96&d=mm&r=g","contentUrl":"https:\/\/secure.gravatar.com\/avatar\/2bd75bb500a8deb1390f777293a9af32d934c46613d2fbac7cceb2aaa2679ae8?s=96&d=mm&r=g","caption":"Redacci\u00f3n NA-NY"},"url":"https:\/\/noti-america.com\/site\/mexico\/author\/redaccionny\/"}]}},"_links":{"self":[{"href":"https:\/\/noti-america.com\/site\/mexico\/wp-json\/wp\/v2\/posts\/2392","targetHints":{"allow":["GET"]}}],"collection":[{"href":"https:\/\/noti-america.com\/site\/mexico\/wp-json\/wp\/v2\/posts"}],"about":[{"href":"https:\/\/noti-america.com\/site\/mexico\/wp-json\/wp\/v2\/types\/post"}],"author":[{"embeddable":true,"href":"https:\/\/noti-america.com\/site\/mexico\/wp-json\/wp\/v2\/users\/28"}],"replies":[{"embeddable":true,"href":"https:\/\/noti-america.com\/site\/mexico\/wp-json\/wp\/v2\/comments?post=2392"}],"version-history":[{"count":1,"href":"https:\/\/noti-america.com\/site\/mexico\/wp-json\/wp\/v2\/posts\/2392\/revisions"}],"predecessor-version":[{"id":2394,"href":"https:\/\/noti-america.com\/site\/mexico\/wp-json\/wp\/v2\/posts\/2392\/revisions\/2394"}],"wp:featuredmedia":[{"embeddable":true,"href":"https:\/\/noti-america.com\/site\/mexico\/wp-json\/wp\/v2\/media\/2395"}],"wp:attachment":[{"href":"https:\/\/noti-america.com\/site\/mexico\/wp-json\/wp\/v2\/media?parent=2392"}],"wp:term":[{"taxonomy":"category","embeddable":true,"href":"https:\/\/noti-america.com\/site\/mexico\/wp-json\/wp\/v2\/categories?post=2392"},{"taxonomy":"post_tag","embeddable":true,"href":"https:\/\/noti-america.com\/site\/mexico\/wp-json\/wp\/v2\/tags?post=2392"}],"curies":[{"name":"wp","href":"https:\/\/api.w.org\/{rel}","templated":true}]}}