{"id":2356,"date":"2019-01-09T14:31:49","date_gmt":"2019-01-09T14:31:49","guid":{"rendered":"http:\/\/noti-america.com\/site\/mexico\/?p=2356"},"modified":"2019-01-09T14:31:49","modified_gmt":"2019-01-09T14:31:49","slug":"asi-ocultaban-agentes-de-pemex-tomas-clandestinas","status":"publish","type":"post","link":"https:\/\/noti-america.com\/site\/mexico\/2019\/01\/09\/asi-ocultaban-agentes-de-pemex-tomas-clandestinas\/","title":{"rendered":"As\u00ed ocultaban agentes de Pemex tomas clandestinas"},"content":{"rendered":"<p><img loading=\"lazy\" decoding=\"async\" class=\"wp-image-2357 aligncenter\" src=\"http:\/\/noti-america.com\/site\/mexico\/wp-content\/uploads\/sites\/13\/2019\/01\/images-1.jpg\" alt=\"\" width=\"552\" height=\"347\" \/><\/p>\n<p>&nbsp;<\/p>\n<p>&nbsp;<\/p>\n<p>Fuente\u00a0https:\/\/www.unotv.com\/<\/p>\n<p>&nbsp;<\/p>\n<p dir=\"ltr\">Desde enero de 2018,\u00a0 se\u00a0\u00a0revel\u00f3 la forma en que un grupo de militares adscritos a la Subdirecci\u00f3n de\u00a0Salvaguardia Estrat\u00e9gica de Petr\u00f3leos Mexicanos (Pemex),\u00a0encabezados por el general\u00a0Eduardo Le\u00f3n Trauwitz,presuntamente orde\u00f1aban y obligaban a agentes de seguridad a ocultar evidencias de tomas clandestinas de combustible.<\/p>\n<p dir=\"ltr\">El caso fue denunciado por el exagente de\u00a0Seguridad F\u00edsica de Pemex, Mois\u00e9s Merl\u00edn, quien es capit\u00e1n del\u00a0Ej\u00e9rcito\u00a0en retiro.<\/p>\n<p dir=\"ltr\"><em>\u00ab(Se trataba de) borrar evidencia para restar o minimizar, o al menos enga\u00f1ar a quien debieran (para que se creyera) que la existencia de tomas clandestinas hab\u00eda disminuido\u00bb,\u00a0<u>declar\u00f3 para Uno TV.<\/u><\/em><\/p>\n<p dir=\"ltr\">Cuando dej\u00f3 el cargo en 2017,\u00a0Mois\u00e9s Merl\u00edn\u00a0denunci\u00f3\u00a0ante la Procuradur\u00eda General de la Rep\u00fablica a mandos de la subdirecci\u00f3n de\u00a0Salvaguarda Estrat\u00e9gica de Pemex, encabezada por\u00a0Eduardo Le\u00f3n Trauwitz.<\/p>\n<p dir=\"ltr\">Acus\u00f3 a\u00a0gerentes y subgerentes de Seguridad. En el documento se leen\u00a0 los nombres de S\u00f3crates Herrera, Emilio Goscaya, Francisco Casas y\u00a0 Marcelino Mesinas.<\/p>\n<p dir=\"ltr\"><em>\u00abEran quienes integraban la Gerencia de Seguridad F\u00edsica, porque todo esto eran \u00f3rdenes verbales sin que exista documento espec\u00edfico de c\u00f3mo llevarlo a cabo\u00bb,\u00a0<u>se\u00f1al\u00f3.<\/u><\/em><\/p>\n<p dir=\"ltr\">Mois\u00e9s Merl\u00edn trabaj\u00f3 como agente de\u00a0Seguridad F\u00edsica\u00a0en la paraestatal casi cuatro a\u00f1os. Su funci\u00f3n era\u00a0custodiar ductos\u00a0e instalaciones. Pero, dijo,\u00a0fue obligado a borrar la evidencia de\u00a0tomas clandestinas\u00a0utilizadas por\u00a0<em>huachicoleros<\/em>.<\/p>\n<p dir=\"ltr\">Sin herramienta especial y\u00a0sin capacitaci\u00f3n, los agentes de\u00a0Seguridad F\u00edsica\u00a0realizaban el manejo t\u00e9cnico de las v\u00e1lvulas, presuntamente instaladas por delincuentes, situaci\u00f3n que en s\u00ed misma podr\u00eda constituir un delito.<\/p>\n<p dir=\"ltr\"><em>\u00abPues desde el momento en que como agente de Seguridad F\u00edsica nos encontramos escarbando en \u00e9l \u00e1rea donde se encuentra la toma clandestina, ya es motivo para que cualquier autoridad en el \u00e1mbito que sea, nos pueda detener\u00bb,\u00a0<u>declar\u00f3.<\/u><\/em><\/p>\n<p dir=\"ltr\">Este martes, el presidente\u00a0Andr\u00e9s Manuel L\u00f3pez Obrador\u00a0revel\u00f3 que en la lista de personas que son investigadas por el\u00a0robo de combustibles\u00a0est\u00e1\u00a0el extitular de Salvaguarda Estrat\u00e9gica de Pemex, Eduardo Le\u00f3n Trauwitz, uno de los denunciados por el exagente de\u00a0Seguridad F\u00edsica\u00a0ante la Procuradur\u00eda General de la Rep\u00fablica (PGR).<\/p>\n","protected":false},"excerpt":{"rendered":"<p>&nbsp; &nbsp; Fuente\u00a0https:\/\/www.unotv.com\/ &nbsp; Desde enero de 2018,\u00a0 se\u00a0\u00a0revel\u00f3 la forma en que un grupo de militares adscritos a la Subdirecci\u00f3n de\u00a0Salvaguardia Estrat\u00e9gica de Petr\u00f3leos Mexicanos (Pemex),\u00a0encabezados por el general\u00a0Eduardo Le\u00f3n Trauwitz,presuntamente orde\u00f1aban y&#46;&#46;&#46;<\/p>\n","protected":false},"author":28,"featured_media":2360,"comment_status":"open","ping_status":"open","sticky":false,"template":"","format":"standard","meta":{"_acf_changed":false,"om_disable_all_campaigns":false,"rop_custom_images_group":[],"rop_custom_messages_group":[],"rop_publish_now":"initial","rop_publish_now_accounts":{"twitter_242054905_242054905":""},"rop_publish_now_history":[],"rop_publish_now_status":"pending","_uf_show_specific_survey":0,"_uf_disable_surveys":false,"footnotes":""},"categories":[1],"tags":[215],"class_list":["post-2356","post","type-post","status-publish","format-standard","has-post-thumbnail","hentry","category-uncategorized","tag-asi-ocultaban-agentes-de-pemex-tomas-clandestinas"],"acf":[],"aioseo_notices":[],"yoast_head":"<!-- This site is optimized with the Yoast SEO Premium plugin v24.9 (Yoast SEO v27.2) - https:\/\/yoast.com\/product\/yoast-seo-premium-wordpress\/ -->\n<title>As\u00ed ocultaban agentes de Pemex tomas clandestinas - M\u00e9xico<\/title>\n<meta name=\"robots\" content=\"index, follow, max-snippet:-1, max-image-preview:large, max-video-preview:-1\" \/>\n<link rel=\"canonical\" href=\"https:\/\/noti-america.com\/site\/mexico\/2019\/01\/09\/asi-ocultaban-agentes-de-pemex-tomas-clandestinas\/\" \/>\n<meta property=\"og:locale\" content=\"es_ES\" \/>\n<meta property=\"og:type\" content=\"article\" \/>\n<meta property=\"og:title\" content=\"As\u00ed ocultaban agentes de Pemex tomas clandestinas\" \/>\n<meta property=\"og:description\" content=\"&nbsp; &nbsp; Fuente\u00a0https:\/\/www.unotv.com\/ &nbsp; Desde enero de 2018,\u00a0 se\u00a0\u00a0revel\u00f3 la forma en que un grupo de militares adscritos a la Subdirecci\u00f3n de\u00a0Salvaguardia Estrat\u00e9gica de Petr\u00f3leos Mexicanos (Pemex),\u00a0encabezados por el general\u00a0Eduardo Le\u00f3n Trauwitz,presuntamente orde\u00f1aban y&#046;&#046;&#046;\" \/>\n<meta property=\"og:url\" content=\"https:\/\/noti-america.com\/site\/mexico\/2019\/01\/09\/asi-ocultaban-agentes-de-pemex-tomas-clandestinas\/\" \/>\n<meta property=\"og:site_name\" content=\"M\u00e9xico\" \/>\n<meta property=\"article:published_time\" content=\"2019-01-09T14:31:49+00:00\" \/>\n<meta property=\"og:image\" content=\"https:\/\/noti-america.com\/site\/mexico\/wp-content\/uploads\/sites\/13\/2019\/01\/descarga-1-3.jpg\" \/>\n\t<meta property=\"og:image:width\" content=\"200\" \/>\n\t<meta property=\"og:image:height\" content=\"200\" \/>\n\t<meta property=\"og:image:type\" content=\"image\/jpeg\" \/>\n<meta name=\"author\" content=\"Redacci\u00f3n NA-NY\" \/>\n<meta name=\"twitter:card\" content=\"summary_large_image\" \/>\n<meta name=\"twitter:label1\" content=\"Escrito por\" \/>\n\t<meta name=\"twitter:data1\" content=\"Redacci\u00f3n NA-NY\" \/>\n\t<meta name=\"twitter:label2\" content=\"Tiempo estimado de lectura\" \/>\n\t<meta name=\"twitter:data2\" content=\"2 minutos\" \/>\n<script type=\"application\/ld+json\" class=\"yoast-schema-graph\">{\"@context\":\"https:\/\/schema.org\",\"@graph\":[{\"@type\":\"Article\",\"@id\":\"https:\/\/noti-america.com\/site\/mexico\/2019\/01\/09\/asi-ocultaban-agentes-de-pemex-tomas-clandestinas\/#article\",\"isPartOf\":{\"@id\":\"https:\/\/noti-america.com\/site\/mexico\/2019\/01\/09\/asi-ocultaban-agentes-de-pemex-tomas-clandestinas\/\"},\"author\":{\"name\":\"Redacci\u00f3n NA-NY\",\"@id\":\"https:\/\/noti-america.com\/site\/mexico\/#\/schema\/person\/db5a6527aaddfc34b3753d557a1292f0\"},\"headline\":\"As\u00ed ocultaban agentes de Pemex tomas clandestinas\",\"datePublished\":\"2019-01-09T14:31:49+00:00\",\"mainEntityOfPage\":{\"@id\":\"https:\/\/noti-america.com\/site\/mexico\/2019\/01\/09\/asi-ocultaban-agentes-de-pemex-tomas-clandestinas\/\"},\"wordCount\":394,\"commentCount\":0,\"publisher\":{\"@id\":\"https:\/\/noti-america.com\/site\/mexico\/#organization\"},\"image\":{\"@id\":\"https:\/\/noti-america.com\/site\/mexico\/2019\/01\/09\/asi-ocultaban-agentes-de-pemex-tomas-clandestinas\/#primaryimage\"},\"thumbnailUrl\":\"https:\/\/noti-america.com\/site\/mexico\/wp-content\/uploads\/sites\/13\/2019\/01\/descarga-1-3.jpg\",\"keywords\":[\"As\u00ed ocultaban agentes de Pemex tomas clandestinas\"],\"articleSection\":[\"Uncategorized\"],\"inLanguage\":\"es\",\"potentialAction\":[{\"@type\":\"CommentAction\",\"name\":\"Comment\",\"target\":[\"https:\/\/noti-america.com\/site\/mexico\/2019\/01\/09\/asi-ocultaban-agentes-de-pemex-tomas-clandestinas\/#respond\"]}]},{\"@type\":\"WebPage\",\"@id\":\"https:\/\/noti-america.com\/site\/mexico\/2019\/01\/09\/asi-ocultaban-agentes-de-pemex-tomas-clandestinas\/\",\"url\":\"https:\/\/noti-america.com\/site\/mexico\/2019\/01\/09\/asi-ocultaban-agentes-de-pemex-tomas-clandestinas\/\",\"name\":\"As\u00ed ocultaban agentes de Pemex tomas clandestinas - M\u00e9xico\",\"isPartOf\":{\"@id\":\"https:\/\/noti-america.com\/site\/mexico\/#website\"},\"primaryImageOfPage\":{\"@id\":\"https:\/\/noti-america.com\/site\/mexico\/2019\/01\/09\/asi-ocultaban-agentes-de-pemex-tomas-clandestinas\/#primaryimage\"},\"image\":{\"@id\":\"https:\/\/noti-america.com\/site\/mexico\/2019\/01\/09\/asi-ocultaban-agentes-de-pemex-tomas-clandestinas\/#primaryimage\"},\"thumbnailUrl\":\"https:\/\/noti-america.com\/site\/mexico\/wp-content\/uploads\/sites\/13\/2019\/01\/descarga-1-3.jpg\",\"datePublished\":\"2019-01-09T14:31:49+00:00\",\"breadcrumb\":{\"@id\":\"https:\/\/noti-america.com\/site\/mexico\/2019\/01\/09\/asi-ocultaban-agentes-de-pemex-tomas-clandestinas\/#breadcrumb\"},\"inLanguage\":\"es\",\"potentialAction\":[{\"@type\":\"ReadAction\",\"target\":[\"https:\/\/noti-america.com\/site\/mexico\/2019\/01\/09\/asi-ocultaban-agentes-de-pemex-tomas-clandestinas\/\"]}]},{\"@type\":\"ImageObject\",\"inLanguage\":\"es\",\"@id\":\"https:\/\/noti-america.com\/site\/mexico\/2019\/01\/09\/asi-ocultaban-agentes-de-pemex-tomas-clandestinas\/#primaryimage\",\"url\":\"https:\/\/noti-america.com\/site\/mexico\/wp-content\/uploads\/sites\/13\/2019\/01\/descarga-1-3.jpg\",\"contentUrl\":\"https:\/\/noti-america.com\/site\/mexico\/wp-content\/uploads\/sites\/13\/2019\/01\/descarga-1-3.jpg\",\"width\":200,\"height\":200},{\"@type\":\"BreadcrumbList\",\"@id\":\"https:\/\/noti-america.com\/site\/mexico\/2019\/01\/09\/asi-ocultaban-agentes-de-pemex-tomas-clandestinas\/#breadcrumb\",\"itemListElement\":[{\"@type\":\"ListItem\",\"position\":1,\"name\":\"Portada\",\"item\":\"https:\/\/noti-america.com\/site\/mexico\/\"},{\"@type\":\"ListItem\",\"position\":2,\"name\":\"As\u00ed ocultaban agentes de Pemex tomas clandestinas\"}]},{\"@type\":\"WebSite\",\"@id\":\"https:\/\/noti-america.com\/site\/mexico\/#website\",\"url\":\"https:\/\/noti-america.com\/site\/mexico\/\",\"name\":\"M\u00e9xico | Noti-America.com\",\"description\":\"\",\"publisher\":{\"@id\":\"https:\/\/noti-america.com\/site\/mexico\/#organization\"},\"potentialAction\":[{\"@type\":\"SearchAction\",\"target\":{\"@type\":\"EntryPoint\",\"urlTemplate\":\"https:\/\/noti-america.com\/site\/mexico\/?s={search_term_string}\"},\"query-input\":{\"@type\":\"PropertyValueSpecification\",\"valueRequired\":true,\"valueName\":\"search_term_string\"}}],\"inLanguage\":\"es\"},{\"@type\":\"Organization\",\"@id\":\"https:\/\/noti-america.com\/site\/mexico\/#organization\",\"name\":\"Noti-America LLC | M\u00e9xico\",\"url\":\"https:\/\/noti-america.com\/site\/mexico\/\",\"logo\":{\"@type\":\"ImageObject\",\"inLanguage\":\"es\",\"@id\":\"https:\/\/noti-america.com\/site\/mexico\/#\/schema\/logo\/image\/\",\"url\":\"https:\/\/noti-america.com\/site\/mexico\/wp-content\/uploads\/sites\/13\/2020\/07\/LogoNA-4x3-1.jpg\",\"contentUrl\":\"https:\/\/noti-america.com\/site\/mexico\/wp-content\/uploads\/sites\/13\/2020\/07\/LogoNA-4x3-1.jpg\",\"width\":1236,\"height\":1080,\"caption\":\"Noti-America LLC | M\u00e9xico\"},\"image\":{\"@id\":\"https:\/\/noti-america.com\/site\/mexico\/#\/schema\/logo\/image\/\"}},{\"@type\":\"Person\",\"@id\":\"https:\/\/noti-america.com\/site\/mexico\/#\/schema\/person\/db5a6527aaddfc34b3753d557a1292f0\",\"name\":\"Redacci\u00f3n NA-NY\",\"image\":{\"@type\":\"ImageObject\",\"inLanguage\":\"es\",\"@id\":\"https:\/\/secure.gravatar.com\/avatar\/2bd75bb500a8deb1390f777293a9af32d934c46613d2fbac7cceb2aaa2679ae8?s=96&d=mm&r=g\",\"url\":\"https:\/\/secure.gravatar.com\/avatar\/2bd75bb500a8deb1390f777293a9af32d934c46613d2fbac7cceb2aaa2679ae8?s=96&d=mm&r=g\",\"contentUrl\":\"https:\/\/secure.gravatar.com\/avatar\/2bd75bb500a8deb1390f777293a9af32d934c46613d2fbac7cceb2aaa2679ae8?s=96&d=mm&r=g\",\"caption\":\"Redacci\u00f3n NA-NY\"},\"url\":\"https:\/\/noti-america.com\/site\/mexico\/author\/redaccionny\/\"}]}<\/script>\n<!-- \/ Yoast SEO Premium plugin. -->","yoast_head_json":{"title":"As\u00ed ocultaban agentes de Pemex tomas clandestinas - M\u00e9xico","robots":{"index":"index","follow":"follow","max-snippet":"max-snippet:-1","max-image-preview":"max-image-preview:large","max-video-preview":"max-video-preview:-1"},"canonical":"https:\/\/noti-america.com\/site\/mexico\/2019\/01\/09\/asi-ocultaban-agentes-de-pemex-tomas-clandestinas\/","og_locale":"es_ES","og_type":"article","og_title":"As\u00ed ocultaban agentes de Pemex tomas clandestinas","og_description":"&nbsp; &nbsp; Fuente\u00a0https:\/\/www.unotv.com\/ &nbsp; Desde enero de 2018,\u00a0 se\u00a0\u00a0revel\u00f3 la forma en que un grupo de militares adscritos a la Subdirecci\u00f3n de\u00a0Salvaguardia Estrat\u00e9gica de Petr\u00f3leos Mexicanos (Pemex),\u00a0encabezados por el general\u00a0Eduardo Le\u00f3n Trauwitz,presuntamente orde\u00f1aban y&#46;&#46;&#46;","og_url":"https:\/\/noti-america.com\/site\/mexico\/2019\/01\/09\/asi-ocultaban-agentes-de-pemex-tomas-clandestinas\/","og_site_name":"M\u00e9xico","article_published_time":"2019-01-09T14:31:49+00:00","og_image":[{"width":200,"height":200,"url":"https:\/\/noti-america.com\/site\/mexico\/wp-content\/uploads\/sites\/13\/2019\/01\/descarga-1-3.jpg","type":"image\/jpeg"}],"author":"Redacci\u00f3n NA-NY","twitter_card":"summary_large_image","twitter_misc":{"Escrito por":"Redacci\u00f3n NA-NY","Tiempo estimado de lectura":"2 minutos"},"schema":{"@context":"https:\/\/schema.org","@graph":[{"@type":"Article","@id":"https:\/\/noti-america.com\/site\/mexico\/2019\/01\/09\/asi-ocultaban-agentes-de-pemex-tomas-clandestinas\/#article","isPartOf":{"@id":"https:\/\/noti-america.com\/site\/mexico\/2019\/01\/09\/asi-ocultaban-agentes-de-pemex-tomas-clandestinas\/"},"author":{"name":"Redacci\u00f3n NA-NY","@id":"https:\/\/noti-america.com\/site\/mexico\/#\/schema\/person\/db5a6527aaddfc34b3753d557a1292f0"},"headline":"As\u00ed ocultaban agentes de Pemex tomas clandestinas","datePublished":"2019-01-09T14:31:49+00:00","mainEntityOfPage":{"@id":"https:\/\/noti-america.com\/site\/mexico\/2019\/01\/09\/asi-ocultaban-agentes-de-pemex-tomas-clandestinas\/"},"wordCount":394,"commentCount":0,"publisher":{"@id":"https:\/\/noti-america.com\/site\/mexico\/#organization"},"image":{"@id":"https:\/\/noti-america.com\/site\/mexico\/2019\/01\/09\/asi-ocultaban-agentes-de-pemex-tomas-clandestinas\/#primaryimage"},"thumbnailUrl":"https:\/\/noti-america.com\/site\/mexico\/wp-content\/uploads\/sites\/13\/2019\/01\/descarga-1-3.jpg","keywords":["As\u00ed ocultaban agentes de Pemex tomas clandestinas"],"articleSection":["Uncategorized"],"inLanguage":"es","potentialAction":[{"@type":"CommentAction","name":"Comment","target":["https:\/\/noti-america.com\/site\/mexico\/2019\/01\/09\/asi-ocultaban-agentes-de-pemex-tomas-clandestinas\/#respond"]}]},{"@type":"WebPage","@id":"https:\/\/noti-america.com\/site\/mexico\/2019\/01\/09\/asi-ocultaban-agentes-de-pemex-tomas-clandestinas\/","url":"https:\/\/noti-america.com\/site\/mexico\/2019\/01\/09\/asi-ocultaban-agentes-de-pemex-tomas-clandestinas\/","name":"As\u00ed ocultaban agentes de Pemex tomas clandestinas - M\u00e9xico","isPartOf":{"@id":"https:\/\/noti-america.com\/site\/mexico\/#website"},"primaryImageOfPage":{"@id":"https:\/\/noti-america.com\/site\/mexico\/2019\/01\/09\/asi-ocultaban-agentes-de-pemex-tomas-clandestinas\/#primaryimage"},"image":{"@id":"https:\/\/noti-america.com\/site\/mexico\/2019\/01\/09\/asi-ocultaban-agentes-de-pemex-tomas-clandestinas\/#primaryimage"},"thumbnailUrl":"https:\/\/noti-america.com\/site\/mexico\/wp-content\/uploads\/sites\/13\/2019\/01\/descarga-1-3.jpg","datePublished":"2019-01-09T14:31:49+00:00","breadcrumb":{"@id":"https:\/\/noti-america.com\/site\/mexico\/2019\/01\/09\/asi-ocultaban-agentes-de-pemex-tomas-clandestinas\/#breadcrumb"},"inLanguage":"es","potentialAction":[{"@type":"ReadAction","target":["https:\/\/noti-america.com\/site\/mexico\/2019\/01\/09\/asi-ocultaban-agentes-de-pemex-tomas-clandestinas\/"]}]},{"@type":"ImageObject","inLanguage":"es","@id":"https:\/\/noti-america.com\/site\/mexico\/2019\/01\/09\/asi-ocultaban-agentes-de-pemex-tomas-clandestinas\/#primaryimage","url":"https:\/\/noti-america.com\/site\/mexico\/wp-content\/uploads\/sites\/13\/2019\/01\/descarga-1-3.jpg","contentUrl":"https:\/\/noti-america.com\/site\/mexico\/wp-content\/uploads\/sites\/13\/2019\/01\/descarga-1-3.jpg","width":200,"height":200},{"@type":"BreadcrumbList","@id":"https:\/\/noti-america.com\/site\/mexico\/2019\/01\/09\/asi-ocultaban-agentes-de-pemex-tomas-clandestinas\/#breadcrumb","itemListElement":[{"@type":"ListItem","position":1,"name":"Portada","item":"https:\/\/noti-america.com\/site\/mexico\/"},{"@type":"ListItem","position":2,"name":"As\u00ed ocultaban agentes de Pemex tomas clandestinas"}]},{"@type":"WebSite","@id":"https:\/\/noti-america.com\/site\/mexico\/#website","url":"https:\/\/noti-america.com\/site\/mexico\/","name":"M\u00e9xico | Noti-America.com","description":"","publisher":{"@id":"https:\/\/noti-america.com\/site\/mexico\/#organization"},"potentialAction":[{"@type":"SearchAction","target":{"@type":"EntryPoint","urlTemplate":"https:\/\/noti-america.com\/site\/mexico\/?s={search_term_string}"},"query-input":{"@type":"PropertyValueSpecification","valueRequired":true,"valueName":"search_term_string"}}],"inLanguage":"es"},{"@type":"Organization","@id":"https:\/\/noti-america.com\/site\/mexico\/#organization","name":"Noti-America LLC | M\u00e9xico","url":"https:\/\/noti-america.com\/site\/mexico\/","logo":{"@type":"ImageObject","inLanguage":"es","@id":"https:\/\/noti-america.com\/site\/mexico\/#\/schema\/logo\/image\/","url":"https:\/\/noti-america.com\/site\/mexico\/wp-content\/uploads\/sites\/13\/2020\/07\/LogoNA-4x3-1.jpg","contentUrl":"https:\/\/noti-america.com\/site\/mexico\/wp-content\/uploads\/sites\/13\/2020\/07\/LogoNA-4x3-1.jpg","width":1236,"height":1080,"caption":"Noti-America LLC | M\u00e9xico"},"image":{"@id":"https:\/\/noti-america.com\/site\/mexico\/#\/schema\/logo\/image\/"}},{"@type":"Person","@id":"https:\/\/noti-america.com\/site\/mexico\/#\/schema\/person\/db5a6527aaddfc34b3753d557a1292f0","name":"Redacci\u00f3n NA-NY","image":{"@type":"ImageObject","inLanguage":"es","@id":"https:\/\/secure.gravatar.com\/avatar\/2bd75bb500a8deb1390f777293a9af32d934c46613d2fbac7cceb2aaa2679ae8?s=96&d=mm&r=g","url":"https:\/\/secure.gravatar.com\/avatar\/2bd75bb500a8deb1390f777293a9af32d934c46613d2fbac7cceb2aaa2679ae8?s=96&d=mm&r=g","contentUrl":"https:\/\/secure.gravatar.com\/avatar\/2bd75bb500a8deb1390f777293a9af32d934c46613d2fbac7cceb2aaa2679ae8?s=96&d=mm&r=g","caption":"Redacci\u00f3n NA-NY"},"url":"https:\/\/noti-america.com\/site\/mexico\/author\/redaccionny\/"}]}},"_links":{"self":[{"href":"https:\/\/noti-america.com\/site\/mexico\/wp-json\/wp\/v2\/posts\/2356","targetHints":{"allow":["GET"]}}],"collection":[{"href":"https:\/\/noti-america.com\/site\/mexico\/wp-json\/wp\/v2\/posts"}],"about":[{"href":"https:\/\/noti-america.com\/site\/mexico\/wp-json\/wp\/v2\/types\/post"}],"author":[{"embeddable":true,"href":"https:\/\/noti-america.com\/site\/mexico\/wp-json\/wp\/v2\/users\/28"}],"replies":[{"embeddable":true,"href":"https:\/\/noti-america.com\/site\/mexico\/wp-json\/wp\/v2\/comments?post=2356"}],"version-history":[{"count":1,"href":"https:\/\/noti-america.com\/site\/mexico\/wp-json\/wp\/v2\/posts\/2356\/revisions"}],"predecessor-version":[{"id":2361,"href":"https:\/\/noti-america.com\/site\/mexico\/wp-json\/wp\/v2\/posts\/2356\/revisions\/2361"}],"wp:featuredmedia":[{"embeddable":true,"href":"https:\/\/noti-america.com\/site\/mexico\/wp-json\/wp\/v2\/media\/2360"}],"wp:attachment":[{"href":"https:\/\/noti-america.com\/site\/mexico\/wp-json\/wp\/v2\/media?parent=2356"}],"wp:term":[{"taxonomy":"category","embeddable":true,"href":"https:\/\/noti-america.com\/site\/mexico\/wp-json\/wp\/v2\/categories?post=2356"},{"taxonomy":"post_tag","embeddable":true,"href":"https:\/\/noti-america.com\/site\/mexico\/wp-json\/wp\/v2\/tags?post=2356"}],"curies":[{"name":"wp","href":"https:\/\/api.w.org\/{rel}","templated":true}]}}