{"id":2333,"date":"2019-01-08T13:03:59","date_gmt":"2019-01-08T13:03:59","guid":{"rendered":"http:\/\/noti-america.com\/site\/mexico\/?p=2333"},"modified":"2019-01-08T13:03:59","modified_gmt":"2019-01-08T13:03:59","slug":"sedena-y-ssp-vigilan-retorno-de-estudiantes","status":"publish","type":"post","link":"https:\/\/noti-america.com\/site\/mexico\/2019\/01\/08\/sedena-y-ssp-vigilan-retorno-de-estudiantes\/","title":{"rendered":"Sedena y SSP vigilan retorno de estudiantes"},"content":{"rendered":"<h3><\/h3>\n<h3><img loading=\"lazy\" decoding=\"async\" class=\"alignnone  wp-image-2334 aligncenter\" src=\"http:\/\/noti-america.com\/site\/mexico\/wp-content\/uploads\/sites\/13\/2019\/01\/2076956-300x225.jpg\" alt=\"\" width=\"467\" height=\"350\" srcset=\"https:\/\/noti-america.com\/site\/mexico\/wp-content\/uploads\/sites\/13\/2019\/01\/2076956-300x225.jpg 300w, https:\/\/noti-america.com\/site\/mexico\/wp-content\/uploads\/sites\/13\/2019\/01\/2076956.jpg 664w\" sizes=\"auto, (max-width: 467px) 100vw, 467px\" \/><\/h3>\n<h3><\/h3>\n<h3>Fuente:\u00a0\u00a0ttps:\/\/www.excelsior.com.mx\/<\/h3>\n<p>&nbsp;<\/p>\n<p>Durante la sesi\u00f3n de la Coordinaci\u00f3n Estatal para la Reconstrucci\u00f3n de la Paz se confirm\u00f3\u00a0 que integrantes\u00a0 de la Secretar\u00eda de la Defensa Nacional (Sedena) en coordinaci\u00f3n con la Secretar\u00eda de Seguridad P\u00fablica del Estado (SSP) implementaron acciones de vigilancia en diversos puntos de la entidad para brindar seguridad durante el regreso a clases de alumnos y maestros en Guerrero.<\/p>\n<p>El vocero del grupo de\u00a0 la Coordinaci\u00f3n Estatal para la Reconstrucci\u00f3n de la Paz, Roberto \u00c1lvarez Heredia, indic\u00f3 que, con la finalidad de proteger la integridad y vida del personal docente y alumnado, se desplegaron 350 efectivos de la Sedena y SSP en Chilpancingo y 350 integrantes de las fuerzas de seguridad\u00a0 en Acapulco, quienes resguardan 269 escuelas de todos los niveles educativos ubicadas en el \u00e1rea perif\u00e9rica y suburbana del puerto.<\/p>\n<p>En Chilapa se cuenta con 150 militares que resguardan el traslado de docentes a sus centros educativos y se ofrece seguridad perif\u00e9rica a 24 planteles de la cabecera municipal, en los horarios de entrada y salida. Adem\u00e1s, los militares vigilan mercados, plazas c\u00edvicas y brindan auxilio a la poblaci\u00f3n en general.<\/p>\n<p>Ayer, en el regreso a clases, tras el receso por las fiestas de fin de a\u00f1o, no se report\u00f3 incidente alguno relacionado con la inseguridad.<\/p>\n<p>En un comunicado, el gobierno de la entidad inform\u00f3 que s\u00f3lo 43 planteles educativos no reanudaron clases en la zona serrana debido al conflicto de las polic\u00edas comunitarias en las poblaciones de esa regi\u00f3n.<\/p>\n<p>Durante la sesi\u00f3n de ayer de la Coordinaci\u00f3n Estatal para la Reconstrucci\u00f3n de la Paz,\u00a0 instituciones de seguridad federal y estatales acordaron acciones de vigilancia y patrullaje para prevenir la comisi\u00f3n de delitos y garantizar la seguridad, tanto en las escuelas como a la poblaci\u00f3n en general.<\/p>\n<p>Ayer regresaron a clases m\u00e1s de un mill\u00f3n 300 mil alumnos de todos los niveles educativos de 12 mil escuelas de las siete regiones del estado, luego de concluir el periodo vacacional de diciembre, seg\u00fan inform\u00f3 la Secretar\u00eda de Educaci\u00f3n de Guerrero.<\/p>\n<p>&nbsp;<\/p>\n","protected":false},"excerpt":{"rendered":"<p>Fuente:\u00a0\u00a0ttps:\/\/www.excelsior.com.mx\/ &nbsp; Durante la sesi\u00f3n de la Coordinaci\u00f3n Estatal para la Reconstrucci\u00f3n de la Paz se confirm\u00f3\u00a0 que integrantes\u00a0 de la Secretar\u00eda de la Defensa Nacional (Sedena) en coordinaci\u00f3n con la Secretar\u00eda de Seguridad&#46;&#46;&#46;<\/p>\n","protected":false},"author":28,"featured_media":2334,"comment_status":"open","ping_status":"open","sticky":false,"template":"","format":"standard","meta":{"_acf_changed":false,"om_disable_all_campaigns":false,"rop_custom_images_group":[],"rop_custom_messages_group":[],"rop_publish_now":"initial","rop_publish_now_accounts":{"twitter_242054905_242054905":""},"rop_publish_now_history":[],"rop_publish_now_status":"pending","_uf_show_specific_survey":0,"_uf_disable_surveys":false,"footnotes":""},"categories":[1],"tags":[211],"class_list":["post-2333","post","type-post","status-publish","format-standard","has-post-thumbnail","hentry","category-uncategorized","tag-sedena-y-ssp-vigilan-retorno-de-estudiantes"],"acf":[],"aioseo_notices":[],"yoast_head":"<!-- This site is optimized with the Yoast SEO Premium plugin v24.9 (Yoast SEO v27.2) - https:\/\/yoast.com\/product\/yoast-seo-premium-wordpress\/ -->\n<title>Sedena y SSP vigilan retorno de estudiantes - M\u00e9xico<\/title>\n<meta name=\"robots\" content=\"index, follow, max-snippet:-1, max-image-preview:large, max-video-preview:-1\" \/>\n<link rel=\"canonical\" href=\"https:\/\/noti-america.com\/site\/mexico\/2019\/01\/08\/sedena-y-ssp-vigilan-retorno-de-estudiantes\/\" \/>\n<meta property=\"og:locale\" content=\"es_ES\" \/>\n<meta property=\"og:type\" content=\"article\" \/>\n<meta property=\"og:title\" content=\"Sedena y SSP vigilan retorno de estudiantes\" \/>\n<meta property=\"og:description\" content=\"Fuente:\u00a0\u00a0ttps:\/\/www.excelsior.com.mx\/ &nbsp; Durante la sesi\u00f3n de la Coordinaci\u00f3n Estatal para la Reconstrucci\u00f3n de la Paz se confirm\u00f3\u00a0 que integrantes\u00a0 de la Secretar\u00eda de la Defensa Nacional (Sedena) en coordinaci\u00f3n con la Secretar\u00eda de Seguridad&#046;&#046;&#046;\" \/>\n<meta property=\"og:url\" content=\"https:\/\/noti-america.com\/site\/mexico\/2019\/01\/08\/sedena-y-ssp-vigilan-retorno-de-estudiantes\/\" \/>\n<meta property=\"og:site_name\" content=\"M\u00e9xico\" \/>\n<meta property=\"article:published_time\" content=\"2019-01-08T13:03:59+00:00\" \/>\n<meta property=\"og:image\" content=\"https:\/\/noti-america.com\/site\/mexico\/wp-content\/uploads\/sites\/13\/2019\/01\/2076956.jpg\" \/>\n\t<meta property=\"og:image:width\" content=\"664\" \/>\n\t<meta property=\"og:image:height\" content=\"498\" \/>\n\t<meta property=\"og:image:type\" content=\"image\/jpeg\" \/>\n<meta name=\"author\" content=\"Redacci\u00f3n NA-NY\" \/>\n<meta name=\"twitter:card\" content=\"summary_large_image\" \/>\n<meta name=\"twitter:label1\" content=\"Escrito por\" \/>\n\t<meta name=\"twitter:data1\" content=\"Redacci\u00f3n NA-NY\" \/>\n\t<meta name=\"twitter:label2\" content=\"Tiempo estimado de lectura\" \/>\n\t<meta name=\"twitter:data2\" content=\"2 minutos\" \/>\n<script type=\"application\/ld+json\" class=\"yoast-schema-graph\">{\"@context\":\"https:\/\/schema.org\",\"@graph\":[{\"@type\":\"Article\",\"@id\":\"https:\/\/noti-america.com\/site\/mexico\/2019\/01\/08\/sedena-y-ssp-vigilan-retorno-de-estudiantes\/#article\",\"isPartOf\":{\"@id\":\"https:\/\/noti-america.com\/site\/mexico\/2019\/01\/08\/sedena-y-ssp-vigilan-retorno-de-estudiantes\/\"},\"author\":{\"name\":\"Redacci\u00f3n NA-NY\",\"@id\":\"https:\/\/noti-america.com\/site\/mexico\/#\/schema\/person\/db5a6527aaddfc34b3753d557a1292f0\"},\"headline\":\"Sedena y SSP vigilan retorno de estudiantes\",\"datePublished\":\"2019-01-08T13:03:59+00:00\",\"mainEntityOfPage\":{\"@id\":\"https:\/\/noti-america.com\/site\/mexico\/2019\/01\/08\/sedena-y-ssp-vigilan-retorno-de-estudiantes\/\"},\"wordCount\":366,\"commentCount\":0,\"publisher\":{\"@id\":\"https:\/\/noti-america.com\/site\/mexico\/#organization\"},\"image\":{\"@id\":\"https:\/\/noti-america.com\/site\/mexico\/2019\/01\/08\/sedena-y-ssp-vigilan-retorno-de-estudiantes\/#primaryimage\"},\"thumbnailUrl\":\"https:\/\/noti-america.com\/site\/mexico\/wp-content\/uploads\/sites\/13\/2019\/01\/2076956.jpg\",\"keywords\":[\"Sedena y SSP vigilan retorno de estudiantes\"],\"articleSection\":[\"Uncategorized\"],\"inLanguage\":\"es\",\"potentialAction\":[{\"@type\":\"CommentAction\",\"name\":\"Comment\",\"target\":[\"https:\/\/noti-america.com\/site\/mexico\/2019\/01\/08\/sedena-y-ssp-vigilan-retorno-de-estudiantes\/#respond\"]}]},{\"@type\":\"WebPage\",\"@id\":\"https:\/\/noti-america.com\/site\/mexico\/2019\/01\/08\/sedena-y-ssp-vigilan-retorno-de-estudiantes\/\",\"url\":\"https:\/\/noti-america.com\/site\/mexico\/2019\/01\/08\/sedena-y-ssp-vigilan-retorno-de-estudiantes\/\",\"name\":\"Sedena y SSP vigilan retorno de estudiantes - M\u00e9xico\",\"isPartOf\":{\"@id\":\"https:\/\/noti-america.com\/site\/mexico\/#website\"},\"primaryImageOfPage\":{\"@id\":\"https:\/\/noti-america.com\/site\/mexico\/2019\/01\/08\/sedena-y-ssp-vigilan-retorno-de-estudiantes\/#primaryimage\"},\"image\":{\"@id\":\"https:\/\/noti-america.com\/site\/mexico\/2019\/01\/08\/sedena-y-ssp-vigilan-retorno-de-estudiantes\/#primaryimage\"},\"thumbnailUrl\":\"https:\/\/noti-america.com\/site\/mexico\/wp-content\/uploads\/sites\/13\/2019\/01\/2076956.jpg\",\"datePublished\":\"2019-01-08T13:03:59+00:00\",\"breadcrumb\":{\"@id\":\"https:\/\/noti-america.com\/site\/mexico\/2019\/01\/08\/sedena-y-ssp-vigilan-retorno-de-estudiantes\/#breadcrumb\"},\"inLanguage\":\"es\",\"potentialAction\":[{\"@type\":\"ReadAction\",\"target\":[\"https:\/\/noti-america.com\/site\/mexico\/2019\/01\/08\/sedena-y-ssp-vigilan-retorno-de-estudiantes\/\"]}]},{\"@type\":\"ImageObject\",\"inLanguage\":\"es\",\"@id\":\"https:\/\/noti-america.com\/site\/mexico\/2019\/01\/08\/sedena-y-ssp-vigilan-retorno-de-estudiantes\/#primaryimage\",\"url\":\"https:\/\/noti-america.com\/site\/mexico\/wp-content\/uploads\/sites\/13\/2019\/01\/2076956.jpg\",\"contentUrl\":\"https:\/\/noti-america.com\/site\/mexico\/wp-content\/uploads\/sites\/13\/2019\/01\/2076956.jpg\",\"width\":664,\"height\":498},{\"@type\":\"BreadcrumbList\",\"@id\":\"https:\/\/noti-america.com\/site\/mexico\/2019\/01\/08\/sedena-y-ssp-vigilan-retorno-de-estudiantes\/#breadcrumb\",\"itemListElement\":[{\"@type\":\"ListItem\",\"position\":1,\"name\":\"Portada\",\"item\":\"https:\/\/noti-america.com\/site\/mexico\/\"},{\"@type\":\"ListItem\",\"position\":2,\"name\":\"Sedena y SSP vigilan retorno de estudiantes\"}]},{\"@type\":\"WebSite\",\"@id\":\"https:\/\/noti-america.com\/site\/mexico\/#website\",\"url\":\"https:\/\/noti-america.com\/site\/mexico\/\",\"name\":\"M\u00e9xico | Noti-America.com\",\"description\":\"\",\"publisher\":{\"@id\":\"https:\/\/noti-america.com\/site\/mexico\/#organization\"},\"potentialAction\":[{\"@type\":\"SearchAction\",\"target\":{\"@type\":\"EntryPoint\",\"urlTemplate\":\"https:\/\/noti-america.com\/site\/mexico\/?s={search_term_string}\"},\"query-input\":{\"@type\":\"PropertyValueSpecification\",\"valueRequired\":true,\"valueName\":\"search_term_string\"}}],\"inLanguage\":\"es\"},{\"@type\":\"Organization\",\"@id\":\"https:\/\/noti-america.com\/site\/mexico\/#organization\",\"name\":\"Noti-America LLC | M\u00e9xico\",\"url\":\"https:\/\/noti-america.com\/site\/mexico\/\",\"logo\":{\"@type\":\"ImageObject\",\"inLanguage\":\"es\",\"@id\":\"https:\/\/noti-america.com\/site\/mexico\/#\/schema\/logo\/image\/\",\"url\":\"https:\/\/noti-america.com\/site\/mexico\/wp-content\/uploads\/sites\/13\/2020\/07\/LogoNA-4x3-1.jpg\",\"contentUrl\":\"https:\/\/noti-america.com\/site\/mexico\/wp-content\/uploads\/sites\/13\/2020\/07\/LogoNA-4x3-1.jpg\",\"width\":1236,\"height\":1080,\"caption\":\"Noti-America LLC | M\u00e9xico\"},\"image\":{\"@id\":\"https:\/\/noti-america.com\/site\/mexico\/#\/schema\/logo\/image\/\"}},{\"@type\":\"Person\",\"@id\":\"https:\/\/noti-america.com\/site\/mexico\/#\/schema\/person\/db5a6527aaddfc34b3753d557a1292f0\",\"name\":\"Redacci\u00f3n NA-NY\",\"image\":{\"@type\":\"ImageObject\",\"inLanguage\":\"es\",\"@id\":\"https:\/\/secure.gravatar.com\/avatar\/2bd75bb500a8deb1390f777293a9af32d934c46613d2fbac7cceb2aaa2679ae8?s=96&d=mm&r=g\",\"url\":\"https:\/\/secure.gravatar.com\/avatar\/2bd75bb500a8deb1390f777293a9af32d934c46613d2fbac7cceb2aaa2679ae8?s=96&d=mm&r=g\",\"contentUrl\":\"https:\/\/secure.gravatar.com\/avatar\/2bd75bb500a8deb1390f777293a9af32d934c46613d2fbac7cceb2aaa2679ae8?s=96&d=mm&r=g\",\"caption\":\"Redacci\u00f3n NA-NY\"},\"url\":\"https:\/\/noti-america.com\/site\/mexico\/author\/redaccionny\/\"}]}<\/script>\n<!-- \/ Yoast SEO Premium plugin. -->","yoast_head_json":{"title":"Sedena y SSP vigilan retorno de estudiantes - M\u00e9xico","robots":{"index":"index","follow":"follow","max-snippet":"max-snippet:-1","max-image-preview":"max-image-preview:large","max-video-preview":"max-video-preview:-1"},"canonical":"https:\/\/noti-america.com\/site\/mexico\/2019\/01\/08\/sedena-y-ssp-vigilan-retorno-de-estudiantes\/","og_locale":"es_ES","og_type":"article","og_title":"Sedena y SSP vigilan retorno de estudiantes","og_description":"Fuente:\u00a0\u00a0ttps:\/\/www.excelsior.com.mx\/ &nbsp; Durante la sesi\u00f3n de la Coordinaci\u00f3n Estatal para la Reconstrucci\u00f3n de la Paz se confirm\u00f3\u00a0 que integrantes\u00a0 de la Secretar\u00eda de la Defensa Nacional (Sedena) en coordinaci\u00f3n con la Secretar\u00eda de Seguridad&#46;&#46;&#46;","og_url":"https:\/\/noti-america.com\/site\/mexico\/2019\/01\/08\/sedena-y-ssp-vigilan-retorno-de-estudiantes\/","og_site_name":"M\u00e9xico","article_published_time":"2019-01-08T13:03:59+00:00","og_image":[{"width":664,"height":498,"url":"https:\/\/noti-america.com\/site\/mexico\/wp-content\/uploads\/sites\/13\/2019\/01\/2076956.jpg","type":"image\/jpeg"}],"author":"Redacci\u00f3n NA-NY","twitter_card":"summary_large_image","twitter_misc":{"Escrito por":"Redacci\u00f3n NA-NY","Tiempo estimado de lectura":"2 minutos"},"schema":{"@context":"https:\/\/schema.org","@graph":[{"@type":"Article","@id":"https:\/\/noti-america.com\/site\/mexico\/2019\/01\/08\/sedena-y-ssp-vigilan-retorno-de-estudiantes\/#article","isPartOf":{"@id":"https:\/\/noti-america.com\/site\/mexico\/2019\/01\/08\/sedena-y-ssp-vigilan-retorno-de-estudiantes\/"},"author":{"name":"Redacci\u00f3n NA-NY","@id":"https:\/\/noti-america.com\/site\/mexico\/#\/schema\/person\/db5a6527aaddfc34b3753d557a1292f0"},"headline":"Sedena y SSP vigilan retorno de estudiantes","datePublished":"2019-01-08T13:03:59+00:00","mainEntityOfPage":{"@id":"https:\/\/noti-america.com\/site\/mexico\/2019\/01\/08\/sedena-y-ssp-vigilan-retorno-de-estudiantes\/"},"wordCount":366,"commentCount":0,"publisher":{"@id":"https:\/\/noti-america.com\/site\/mexico\/#organization"},"image":{"@id":"https:\/\/noti-america.com\/site\/mexico\/2019\/01\/08\/sedena-y-ssp-vigilan-retorno-de-estudiantes\/#primaryimage"},"thumbnailUrl":"https:\/\/noti-america.com\/site\/mexico\/wp-content\/uploads\/sites\/13\/2019\/01\/2076956.jpg","keywords":["Sedena y SSP vigilan retorno de estudiantes"],"articleSection":["Uncategorized"],"inLanguage":"es","potentialAction":[{"@type":"CommentAction","name":"Comment","target":["https:\/\/noti-america.com\/site\/mexico\/2019\/01\/08\/sedena-y-ssp-vigilan-retorno-de-estudiantes\/#respond"]}]},{"@type":"WebPage","@id":"https:\/\/noti-america.com\/site\/mexico\/2019\/01\/08\/sedena-y-ssp-vigilan-retorno-de-estudiantes\/","url":"https:\/\/noti-america.com\/site\/mexico\/2019\/01\/08\/sedena-y-ssp-vigilan-retorno-de-estudiantes\/","name":"Sedena y SSP vigilan retorno de estudiantes - M\u00e9xico","isPartOf":{"@id":"https:\/\/noti-america.com\/site\/mexico\/#website"},"primaryImageOfPage":{"@id":"https:\/\/noti-america.com\/site\/mexico\/2019\/01\/08\/sedena-y-ssp-vigilan-retorno-de-estudiantes\/#primaryimage"},"image":{"@id":"https:\/\/noti-america.com\/site\/mexico\/2019\/01\/08\/sedena-y-ssp-vigilan-retorno-de-estudiantes\/#primaryimage"},"thumbnailUrl":"https:\/\/noti-america.com\/site\/mexico\/wp-content\/uploads\/sites\/13\/2019\/01\/2076956.jpg","datePublished":"2019-01-08T13:03:59+00:00","breadcrumb":{"@id":"https:\/\/noti-america.com\/site\/mexico\/2019\/01\/08\/sedena-y-ssp-vigilan-retorno-de-estudiantes\/#breadcrumb"},"inLanguage":"es","potentialAction":[{"@type":"ReadAction","target":["https:\/\/noti-america.com\/site\/mexico\/2019\/01\/08\/sedena-y-ssp-vigilan-retorno-de-estudiantes\/"]}]},{"@type":"ImageObject","inLanguage":"es","@id":"https:\/\/noti-america.com\/site\/mexico\/2019\/01\/08\/sedena-y-ssp-vigilan-retorno-de-estudiantes\/#primaryimage","url":"https:\/\/noti-america.com\/site\/mexico\/wp-content\/uploads\/sites\/13\/2019\/01\/2076956.jpg","contentUrl":"https:\/\/noti-america.com\/site\/mexico\/wp-content\/uploads\/sites\/13\/2019\/01\/2076956.jpg","width":664,"height":498},{"@type":"BreadcrumbList","@id":"https:\/\/noti-america.com\/site\/mexico\/2019\/01\/08\/sedena-y-ssp-vigilan-retorno-de-estudiantes\/#breadcrumb","itemListElement":[{"@type":"ListItem","position":1,"name":"Portada","item":"https:\/\/noti-america.com\/site\/mexico\/"},{"@type":"ListItem","position":2,"name":"Sedena y SSP vigilan retorno de estudiantes"}]},{"@type":"WebSite","@id":"https:\/\/noti-america.com\/site\/mexico\/#website","url":"https:\/\/noti-america.com\/site\/mexico\/","name":"M\u00e9xico | Noti-America.com","description":"","publisher":{"@id":"https:\/\/noti-america.com\/site\/mexico\/#organization"},"potentialAction":[{"@type":"SearchAction","target":{"@type":"EntryPoint","urlTemplate":"https:\/\/noti-america.com\/site\/mexico\/?s={search_term_string}"},"query-input":{"@type":"PropertyValueSpecification","valueRequired":true,"valueName":"search_term_string"}}],"inLanguage":"es"},{"@type":"Organization","@id":"https:\/\/noti-america.com\/site\/mexico\/#organization","name":"Noti-America LLC | M\u00e9xico","url":"https:\/\/noti-america.com\/site\/mexico\/","logo":{"@type":"ImageObject","inLanguage":"es","@id":"https:\/\/noti-america.com\/site\/mexico\/#\/schema\/logo\/image\/","url":"https:\/\/noti-america.com\/site\/mexico\/wp-content\/uploads\/sites\/13\/2020\/07\/LogoNA-4x3-1.jpg","contentUrl":"https:\/\/noti-america.com\/site\/mexico\/wp-content\/uploads\/sites\/13\/2020\/07\/LogoNA-4x3-1.jpg","width":1236,"height":1080,"caption":"Noti-America LLC | M\u00e9xico"},"image":{"@id":"https:\/\/noti-america.com\/site\/mexico\/#\/schema\/logo\/image\/"}},{"@type":"Person","@id":"https:\/\/noti-america.com\/site\/mexico\/#\/schema\/person\/db5a6527aaddfc34b3753d557a1292f0","name":"Redacci\u00f3n NA-NY","image":{"@type":"ImageObject","inLanguage":"es","@id":"https:\/\/secure.gravatar.com\/avatar\/2bd75bb500a8deb1390f777293a9af32d934c46613d2fbac7cceb2aaa2679ae8?s=96&d=mm&r=g","url":"https:\/\/secure.gravatar.com\/avatar\/2bd75bb500a8deb1390f777293a9af32d934c46613d2fbac7cceb2aaa2679ae8?s=96&d=mm&r=g","contentUrl":"https:\/\/secure.gravatar.com\/avatar\/2bd75bb500a8deb1390f777293a9af32d934c46613d2fbac7cceb2aaa2679ae8?s=96&d=mm&r=g","caption":"Redacci\u00f3n NA-NY"},"url":"https:\/\/noti-america.com\/site\/mexico\/author\/redaccionny\/"}]}},"_links":{"self":[{"href":"https:\/\/noti-america.com\/site\/mexico\/wp-json\/wp\/v2\/posts\/2333","targetHints":{"allow":["GET"]}}],"collection":[{"href":"https:\/\/noti-america.com\/site\/mexico\/wp-json\/wp\/v2\/posts"}],"about":[{"href":"https:\/\/noti-america.com\/site\/mexico\/wp-json\/wp\/v2\/types\/post"}],"author":[{"embeddable":true,"href":"https:\/\/noti-america.com\/site\/mexico\/wp-json\/wp\/v2\/users\/28"}],"replies":[{"embeddable":true,"href":"https:\/\/noti-america.com\/site\/mexico\/wp-json\/wp\/v2\/comments?post=2333"}],"version-history":[{"count":1,"href":"https:\/\/noti-america.com\/site\/mexico\/wp-json\/wp\/v2\/posts\/2333\/revisions"}],"predecessor-version":[{"id":2335,"href":"https:\/\/noti-america.com\/site\/mexico\/wp-json\/wp\/v2\/posts\/2333\/revisions\/2335"}],"wp:featuredmedia":[{"embeddable":true,"href":"https:\/\/noti-america.com\/site\/mexico\/wp-json\/wp\/v2\/media\/2334"}],"wp:attachment":[{"href":"https:\/\/noti-america.com\/site\/mexico\/wp-json\/wp\/v2\/media?parent=2333"}],"wp:term":[{"taxonomy":"category","embeddable":true,"href":"https:\/\/noti-america.com\/site\/mexico\/wp-json\/wp\/v2\/categories?post=2333"},{"taxonomy":"post_tag","embeddable":true,"href":"https:\/\/noti-america.com\/site\/mexico\/wp-json\/wp\/v2\/tags?post=2333"}],"curies":[{"name":"wp","href":"https:\/\/api.w.org\/{rel}","templated":true}]}}