{"id":2283,"date":"2019-01-07T08:24:21","date_gmt":"2019-01-07T08:24:21","guid":{"rendered":"http:\/\/noti-america.com\/site\/mexico\/?p=2283"},"modified":"2019-01-07T08:24:21","modified_gmt":"2019-01-07T08:24:21","slug":"por-falta-de-gasolina-en-jalisco-no-llevaran-a-ninos-a-la-escuela","status":"publish","type":"post","link":"https:\/\/noti-america.com\/site\/mexico\/2019\/01\/07\/por-falta-de-gasolina-en-jalisco-no-llevaran-a-ninos-a-la-escuela\/","title":{"rendered":"Por falta de gasolina, en Jalisco no llevar\u00e1n a ni\u00f1os a la escuela"},"content":{"rendered":"<h3><img loading=\"lazy\" decoding=\"async\" class=\"alignnone  wp-image-2284 aligncenter\" src=\"http:\/\/noti-america.com\/site\/mexico\/wp-content\/uploads\/sites\/13\/2019\/01\/2076327-300x225.jpg\" alt=\"\" width=\"471\" height=\"353\" srcset=\"https:\/\/noti-america.com\/site\/mexico\/wp-content\/uploads\/sites\/13\/2019\/01\/2076327-300x225.jpg 300w, https:\/\/noti-america.com\/site\/mexico\/wp-content\/uploads\/sites\/13\/2019\/01\/2076327.jpg 664w\" sizes=\"auto, (max-width: 471px) 100vw, 471px\" \/><\/h3>\n<h3>Fuente:\u00a0\u00a0https:\/\/www.excelsior.com.mx\/<\/h3>\n<p>&nbsp;<\/p>\n<p class=\"letter-capitular\">Un mill\u00f3n y medio de ni\u00f1os en nivel b\u00e1sico deben regresar este lunes a clases en\u00a0Jalisco, sin embargo, muchos se ausentar\u00e1n por\u00a0falta de combustible\u00a0en los\u00a0autos.<\/p>\n<blockquote><p>Muchas mam\u00e1s no los vamos a llevar por eso. El colegio queda a 15 kil\u00f3metros, hacemos alrededor de 45 minutos por el tr\u00e1fico\u00bb, reconoci\u00f3 Beatriz, una de las madres de familia.<\/p><\/blockquote>\n<p>Anoche en los chats de mam\u00e1s se preguntaban con urgencia en qu\u00e9\u00a0gasolineraspod\u00edan cargar combustible para cumplir con sus actividades cotidianas en el regreso a clases.<\/p>\n<p>Mientras que otras comenzaron a organizarse con los compa\u00f1eros que viven en el mismo rumbo para compartir auto y hacer rondines al horario de entrada y salida de clases en preescolar, primaria y secundaria.<\/p>\n<blockquote><p>&nbsp;<\/p><\/blockquote>\n","protected":false},"excerpt":{"rendered":"<p>Fuente:\u00a0\u00a0https:\/\/www.excelsior.com.mx\/ &nbsp; Un mill\u00f3n y medio de ni\u00f1os en nivel b\u00e1sico deben regresar este lunes a clases en\u00a0Jalisco, sin embargo, muchos se ausentar\u00e1n por\u00a0falta de combustible\u00a0en los\u00a0autos. Muchas mam\u00e1s no los vamos a llevar&#46;&#46;&#46;<\/p>\n","protected":false},"author":28,"featured_media":2284,"comment_status":"open","ping_status":"open","sticky":false,"template":"","format":"standard","meta":{"_acf_changed":false,"om_disable_all_campaigns":false,"rop_custom_images_group":[],"rop_custom_messages_group":[],"rop_publish_now":"initial","rop_publish_now_accounts":{"twitter_242054905_242054905":""},"rop_publish_now_history":[],"rop_publish_now_status":"pending","_uf_show_specific_survey":0,"_uf_disable_surveys":false,"footnotes":""},"categories":[1],"tags":[203,202],"class_list":["post-2283","post","type-post","status-publish","format-standard","has-post-thumbnail","hentry","category-uncategorized","tag-en-jalisco-no-llevaran-a-ninos-a-la-escuela","tag-por-falta-de-gasolina"],"acf":[],"aioseo_notices":[],"yoast_head":"<!-- This site is optimized with the Yoast SEO Premium plugin v24.9 (Yoast SEO v27.2) - https:\/\/yoast.com\/product\/yoast-seo-premium-wordpress\/ -->\n<title>Por falta de gasolina, en Jalisco no llevar\u00e1n a ni\u00f1os a la escuela - M\u00e9xico<\/title>\n<meta name=\"robots\" content=\"index, follow, max-snippet:-1, max-image-preview:large, max-video-preview:-1\" \/>\n<link rel=\"canonical\" href=\"https:\/\/noti-america.com\/site\/mexico\/2019\/01\/07\/por-falta-de-gasolina-en-jalisco-no-llevaran-a-ninos-a-la-escuela\/\" \/>\n<meta property=\"og:locale\" content=\"es_ES\" \/>\n<meta property=\"og:type\" content=\"article\" \/>\n<meta property=\"og:title\" content=\"Por falta de gasolina, en Jalisco no llevar\u00e1n a ni\u00f1os a la escuela\" \/>\n<meta property=\"og:description\" content=\"Fuente:\u00a0\u00a0https:\/\/www.excelsior.com.mx\/ &nbsp; Un mill\u00f3n y medio de ni\u00f1os en nivel b\u00e1sico deben regresar este lunes a clases en\u00a0Jalisco, sin embargo, muchos se ausentar\u00e1n por\u00a0falta de combustible\u00a0en los\u00a0autos. Muchas mam\u00e1s no los vamos a llevar&#046;&#046;&#046;\" \/>\n<meta property=\"og:url\" content=\"https:\/\/noti-america.com\/site\/mexico\/2019\/01\/07\/por-falta-de-gasolina-en-jalisco-no-llevaran-a-ninos-a-la-escuela\/\" \/>\n<meta property=\"og:site_name\" content=\"M\u00e9xico\" \/>\n<meta property=\"article:published_time\" content=\"2019-01-07T08:24:21+00:00\" \/>\n<meta property=\"og:image\" content=\"https:\/\/noti-america.com\/site\/mexico\/wp-content\/uploads\/sites\/13\/2019\/01\/2076327.jpg\" \/>\n\t<meta property=\"og:image:width\" content=\"664\" \/>\n\t<meta property=\"og:image:height\" content=\"498\" \/>\n\t<meta property=\"og:image:type\" content=\"image\/jpeg\" \/>\n<meta name=\"author\" content=\"Redacci\u00f3n NA-NY\" \/>\n<meta name=\"twitter:card\" content=\"summary_large_image\" \/>\n<meta name=\"twitter:label1\" content=\"Escrito por\" \/>\n\t<meta name=\"twitter:data1\" content=\"Redacci\u00f3n NA-NY\" \/>\n\t<meta name=\"twitter:label2\" content=\"Tiempo estimado de lectura\" \/>\n\t<meta name=\"twitter:data2\" content=\"1 minuto\" \/>\n<script type=\"application\/ld+json\" class=\"yoast-schema-graph\">{\"@context\":\"https:\/\/schema.org\",\"@graph\":[{\"@type\":\"Article\",\"@id\":\"https:\/\/noti-america.com\/site\/mexico\/2019\/01\/07\/por-falta-de-gasolina-en-jalisco-no-llevaran-a-ninos-a-la-escuela\/#article\",\"isPartOf\":{\"@id\":\"https:\/\/noti-america.com\/site\/mexico\/2019\/01\/07\/por-falta-de-gasolina-en-jalisco-no-llevaran-a-ninos-a-la-escuela\/\"},\"author\":{\"name\":\"Redacci\u00f3n NA-NY\",\"@id\":\"https:\/\/noti-america.com\/site\/mexico\/#\/schema\/person\/db5a6527aaddfc34b3753d557a1292f0\"},\"headline\":\"Por falta de gasolina, en Jalisco no llevar\u00e1n a ni\u00f1os a la escuela\",\"datePublished\":\"2019-01-07T08:24:21+00:00\",\"mainEntityOfPage\":{\"@id\":\"https:\/\/noti-america.com\/site\/mexico\/2019\/01\/07\/por-falta-de-gasolina-en-jalisco-no-llevaran-a-ninos-a-la-escuela\/\"},\"wordCount\":151,\"commentCount\":0,\"publisher\":{\"@id\":\"https:\/\/noti-america.com\/site\/mexico\/#organization\"},\"image\":{\"@id\":\"https:\/\/noti-america.com\/site\/mexico\/2019\/01\/07\/por-falta-de-gasolina-en-jalisco-no-llevaran-a-ninos-a-la-escuela\/#primaryimage\"},\"thumbnailUrl\":\"https:\/\/noti-america.com\/site\/mexico\/wp-content\/uploads\/sites\/13\/2019\/01\/2076327.jpg\",\"keywords\":[\"en Jalisco no llevar\u00e1n a ni\u00f1os a la escuela\",\"Por falta de gasolina\"],\"articleSection\":[\"Uncategorized\"],\"inLanguage\":\"es\",\"potentialAction\":[{\"@type\":\"CommentAction\",\"name\":\"Comment\",\"target\":[\"https:\/\/noti-america.com\/site\/mexico\/2019\/01\/07\/por-falta-de-gasolina-en-jalisco-no-llevaran-a-ninos-a-la-escuela\/#respond\"]}]},{\"@type\":\"WebPage\",\"@id\":\"https:\/\/noti-america.com\/site\/mexico\/2019\/01\/07\/por-falta-de-gasolina-en-jalisco-no-llevaran-a-ninos-a-la-escuela\/\",\"url\":\"https:\/\/noti-america.com\/site\/mexico\/2019\/01\/07\/por-falta-de-gasolina-en-jalisco-no-llevaran-a-ninos-a-la-escuela\/\",\"name\":\"Por falta de gasolina, en Jalisco no llevar\u00e1n a ni\u00f1os a la escuela - M\u00e9xico\",\"isPartOf\":{\"@id\":\"https:\/\/noti-america.com\/site\/mexico\/#website\"},\"primaryImageOfPage\":{\"@id\":\"https:\/\/noti-america.com\/site\/mexico\/2019\/01\/07\/por-falta-de-gasolina-en-jalisco-no-llevaran-a-ninos-a-la-escuela\/#primaryimage\"},\"image\":{\"@id\":\"https:\/\/noti-america.com\/site\/mexico\/2019\/01\/07\/por-falta-de-gasolina-en-jalisco-no-llevaran-a-ninos-a-la-escuela\/#primaryimage\"},\"thumbnailUrl\":\"https:\/\/noti-america.com\/site\/mexico\/wp-content\/uploads\/sites\/13\/2019\/01\/2076327.jpg\",\"datePublished\":\"2019-01-07T08:24:21+00:00\",\"breadcrumb\":{\"@id\":\"https:\/\/noti-america.com\/site\/mexico\/2019\/01\/07\/por-falta-de-gasolina-en-jalisco-no-llevaran-a-ninos-a-la-escuela\/#breadcrumb\"},\"inLanguage\":\"es\",\"potentialAction\":[{\"@type\":\"ReadAction\",\"target\":[\"https:\/\/noti-america.com\/site\/mexico\/2019\/01\/07\/por-falta-de-gasolina-en-jalisco-no-llevaran-a-ninos-a-la-escuela\/\"]}]},{\"@type\":\"ImageObject\",\"inLanguage\":\"es\",\"@id\":\"https:\/\/noti-america.com\/site\/mexico\/2019\/01\/07\/por-falta-de-gasolina-en-jalisco-no-llevaran-a-ninos-a-la-escuela\/#primaryimage\",\"url\":\"https:\/\/noti-america.com\/site\/mexico\/wp-content\/uploads\/sites\/13\/2019\/01\/2076327.jpg\",\"contentUrl\":\"https:\/\/noti-america.com\/site\/mexico\/wp-content\/uploads\/sites\/13\/2019\/01\/2076327.jpg\",\"width\":664,\"height\":498},{\"@type\":\"BreadcrumbList\",\"@id\":\"https:\/\/noti-america.com\/site\/mexico\/2019\/01\/07\/por-falta-de-gasolina-en-jalisco-no-llevaran-a-ninos-a-la-escuela\/#breadcrumb\",\"itemListElement\":[{\"@type\":\"ListItem\",\"position\":1,\"name\":\"Portada\",\"item\":\"https:\/\/noti-america.com\/site\/mexico\/\"},{\"@type\":\"ListItem\",\"position\":2,\"name\":\"Por falta de gasolina, en Jalisco no llevar\u00e1n a ni\u00f1os a la escuela\"}]},{\"@type\":\"WebSite\",\"@id\":\"https:\/\/noti-america.com\/site\/mexico\/#website\",\"url\":\"https:\/\/noti-america.com\/site\/mexico\/\",\"name\":\"M\u00e9xico | Noti-America.com\",\"description\":\"\",\"publisher\":{\"@id\":\"https:\/\/noti-america.com\/site\/mexico\/#organization\"},\"potentialAction\":[{\"@type\":\"SearchAction\",\"target\":{\"@type\":\"EntryPoint\",\"urlTemplate\":\"https:\/\/noti-america.com\/site\/mexico\/?s={search_term_string}\"},\"query-input\":{\"@type\":\"PropertyValueSpecification\",\"valueRequired\":true,\"valueName\":\"search_term_string\"}}],\"inLanguage\":\"es\"},{\"@type\":\"Organization\",\"@id\":\"https:\/\/noti-america.com\/site\/mexico\/#organization\",\"name\":\"Noti-America LLC | M\u00e9xico\",\"url\":\"https:\/\/noti-america.com\/site\/mexico\/\",\"logo\":{\"@type\":\"ImageObject\",\"inLanguage\":\"es\",\"@id\":\"https:\/\/noti-america.com\/site\/mexico\/#\/schema\/logo\/image\/\",\"url\":\"https:\/\/noti-america.com\/site\/mexico\/wp-content\/uploads\/sites\/13\/2020\/07\/LogoNA-4x3-1.jpg\",\"contentUrl\":\"https:\/\/noti-america.com\/site\/mexico\/wp-content\/uploads\/sites\/13\/2020\/07\/LogoNA-4x3-1.jpg\",\"width\":1236,\"height\":1080,\"caption\":\"Noti-America LLC | M\u00e9xico\"},\"image\":{\"@id\":\"https:\/\/noti-america.com\/site\/mexico\/#\/schema\/logo\/image\/\"}},{\"@type\":\"Person\",\"@id\":\"https:\/\/noti-america.com\/site\/mexico\/#\/schema\/person\/db5a6527aaddfc34b3753d557a1292f0\",\"name\":\"Redacci\u00f3n NA-NY\",\"image\":{\"@type\":\"ImageObject\",\"inLanguage\":\"es\",\"@id\":\"https:\/\/secure.gravatar.com\/avatar\/2bd75bb500a8deb1390f777293a9af32d934c46613d2fbac7cceb2aaa2679ae8?s=96&d=mm&r=g\",\"url\":\"https:\/\/secure.gravatar.com\/avatar\/2bd75bb500a8deb1390f777293a9af32d934c46613d2fbac7cceb2aaa2679ae8?s=96&d=mm&r=g\",\"contentUrl\":\"https:\/\/secure.gravatar.com\/avatar\/2bd75bb500a8deb1390f777293a9af32d934c46613d2fbac7cceb2aaa2679ae8?s=96&d=mm&r=g\",\"caption\":\"Redacci\u00f3n NA-NY\"},\"url\":\"https:\/\/noti-america.com\/site\/mexico\/author\/redaccionny\/\"}]}<\/script>\n<!-- \/ Yoast SEO Premium plugin. -->","yoast_head_json":{"title":"Por falta de gasolina, en Jalisco no llevar\u00e1n a ni\u00f1os a la escuela - M\u00e9xico","robots":{"index":"index","follow":"follow","max-snippet":"max-snippet:-1","max-image-preview":"max-image-preview:large","max-video-preview":"max-video-preview:-1"},"canonical":"https:\/\/noti-america.com\/site\/mexico\/2019\/01\/07\/por-falta-de-gasolina-en-jalisco-no-llevaran-a-ninos-a-la-escuela\/","og_locale":"es_ES","og_type":"article","og_title":"Por falta de gasolina, en Jalisco no llevar\u00e1n a ni\u00f1os a la escuela","og_description":"Fuente:\u00a0\u00a0https:\/\/www.excelsior.com.mx\/ &nbsp; Un mill\u00f3n y medio de ni\u00f1os en nivel b\u00e1sico deben regresar este lunes a clases en\u00a0Jalisco, sin embargo, muchos se ausentar\u00e1n por\u00a0falta de combustible\u00a0en los\u00a0autos. Muchas mam\u00e1s no los vamos a llevar&#46;&#46;&#46;","og_url":"https:\/\/noti-america.com\/site\/mexico\/2019\/01\/07\/por-falta-de-gasolina-en-jalisco-no-llevaran-a-ninos-a-la-escuela\/","og_site_name":"M\u00e9xico","article_published_time":"2019-01-07T08:24:21+00:00","og_image":[{"width":664,"height":498,"url":"https:\/\/noti-america.com\/site\/mexico\/wp-content\/uploads\/sites\/13\/2019\/01\/2076327.jpg","type":"image\/jpeg"}],"author":"Redacci\u00f3n NA-NY","twitter_card":"summary_large_image","twitter_misc":{"Escrito por":"Redacci\u00f3n NA-NY","Tiempo estimado de lectura":"1 minuto"},"schema":{"@context":"https:\/\/schema.org","@graph":[{"@type":"Article","@id":"https:\/\/noti-america.com\/site\/mexico\/2019\/01\/07\/por-falta-de-gasolina-en-jalisco-no-llevaran-a-ninos-a-la-escuela\/#article","isPartOf":{"@id":"https:\/\/noti-america.com\/site\/mexico\/2019\/01\/07\/por-falta-de-gasolina-en-jalisco-no-llevaran-a-ninos-a-la-escuela\/"},"author":{"name":"Redacci\u00f3n NA-NY","@id":"https:\/\/noti-america.com\/site\/mexico\/#\/schema\/person\/db5a6527aaddfc34b3753d557a1292f0"},"headline":"Por falta de gasolina, en Jalisco no llevar\u00e1n a ni\u00f1os a la escuela","datePublished":"2019-01-07T08:24:21+00:00","mainEntityOfPage":{"@id":"https:\/\/noti-america.com\/site\/mexico\/2019\/01\/07\/por-falta-de-gasolina-en-jalisco-no-llevaran-a-ninos-a-la-escuela\/"},"wordCount":151,"commentCount":0,"publisher":{"@id":"https:\/\/noti-america.com\/site\/mexico\/#organization"},"image":{"@id":"https:\/\/noti-america.com\/site\/mexico\/2019\/01\/07\/por-falta-de-gasolina-en-jalisco-no-llevaran-a-ninos-a-la-escuela\/#primaryimage"},"thumbnailUrl":"https:\/\/noti-america.com\/site\/mexico\/wp-content\/uploads\/sites\/13\/2019\/01\/2076327.jpg","keywords":["en Jalisco no llevar\u00e1n a ni\u00f1os a la escuela","Por falta de gasolina"],"articleSection":["Uncategorized"],"inLanguage":"es","potentialAction":[{"@type":"CommentAction","name":"Comment","target":["https:\/\/noti-america.com\/site\/mexico\/2019\/01\/07\/por-falta-de-gasolina-en-jalisco-no-llevaran-a-ninos-a-la-escuela\/#respond"]}]},{"@type":"WebPage","@id":"https:\/\/noti-america.com\/site\/mexico\/2019\/01\/07\/por-falta-de-gasolina-en-jalisco-no-llevaran-a-ninos-a-la-escuela\/","url":"https:\/\/noti-america.com\/site\/mexico\/2019\/01\/07\/por-falta-de-gasolina-en-jalisco-no-llevaran-a-ninos-a-la-escuela\/","name":"Por falta de gasolina, en Jalisco no llevar\u00e1n a ni\u00f1os a la escuela - M\u00e9xico","isPartOf":{"@id":"https:\/\/noti-america.com\/site\/mexico\/#website"},"primaryImageOfPage":{"@id":"https:\/\/noti-america.com\/site\/mexico\/2019\/01\/07\/por-falta-de-gasolina-en-jalisco-no-llevaran-a-ninos-a-la-escuela\/#primaryimage"},"image":{"@id":"https:\/\/noti-america.com\/site\/mexico\/2019\/01\/07\/por-falta-de-gasolina-en-jalisco-no-llevaran-a-ninos-a-la-escuela\/#primaryimage"},"thumbnailUrl":"https:\/\/noti-america.com\/site\/mexico\/wp-content\/uploads\/sites\/13\/2019\/01\/2076327.jpg","datePublished":"2019-01-07T08:24:21+00:00","breadcrumb":{"@id":"https:\/\/noti-america.com\/site\/mexico\/2019\/01\/07\/por-falta-de-gasolina-en-jalisco-no-llevaran-a-ninos-a-la-escuela\/#breadcrumb"},"inLanguage":"es","potentialAction":[{"@type":"ReadAction","target":["https:\/\/noti-america.com\/site\/mexico\/2019\/01\/07\/por-falta-de-gasolina-en-jalisco-no-llevaran-a-ninos-a-la-escuela\/"]}]},{"@type":"ImageObject","inLanguage":"es","@id":"https:\/\/noti-america.com\/site\/mexico\/2019\/01\/07\/por-falta-de-gasolina-en-jalisco-no-llevaran-a-ninos-a-la-escuela\/#primaryimage","url":"https:\/\/noti-america.com\/site\/mexico\/wp-content\/uploads\/sites\/13\/2019\/01\/2076327.jpg","contentUrl":"https:\/\/noti-america.com\/site\/mexico\/wp-content\/uploads\/sites\/13\/2019\/01\/2076327.jpg","width":664,"height":498},{"@type":"BreadcrumbList","@id":"https:\/\/noti-america.com\/site\/mexico\/2019\/01\/07\/por-falta-de-gasolina-en-jalisco-no-llevaran-a-ninos-a-la-escuela\/#breadcrumb","itemListElement":[{"@type":"ListItem","position":1,"name":"Portada","item":"https:\/\/noti-america.com\/site\/mexico\/"},{"@type":"ListItem","position":2,"name":"Por falta de gasolina, en Jalisco no llevar\u00e1n a ni\u00f1os a la escuela"}]},{"@type":"WebSite","@id":"https:\/\/noti-america.com\/site\/mexico\/#website","url":"https:\/\/noti-america.com\/site\/mexico\/","name":"M\u00e9xico | Noti-America.com","description":"","publisher":{"@id":"https:\/\/noti-america.com\/site\/mexico\/#organization"},"potentialAction":[{"@type":"SearchAction","target":{"@type":"EntryPoint","urlTemplate":"https:\/\/noti-america.com\/site\/mexico\/?s={search_term_string}"},"query-input":{"@type":"PropertyValueSpecification","valueRequired":true,"valueName":"search_term_string"}}],"inLanguage":"es"},{"@type":"Organization","@id":"https:\/\/noti-america.com\/site\/mexico\/#organization","name":"Noti-America LLC | M\u00e9xico","url":"https:\/\/noti-america.com\/site\/mexico\/","logo":{"@type":"ImageObject","inLanguage":"es","@id":"https:\/\/noti-america.com\/site\/mexico\/#\/schema\/logo\/image\/","url":"https:\/\/noti-america.com\/site\/mexico\/wp-content\/uploads\/sites\/13\/2020\/07\/LogoNA-4x3-1.jpg","contentUrl":"https:\/\/noti-america.com\/site\/mexico\/wp-content\/uploads\/sites\/13\/2020\/07\/LogoNA-4x3-1.jpg","width":1236,"height":1080,"caption":"Noti-America LLC | M\u00e9xico"},"image":{"@id":"https:\/\/noti-america.com\/site\/mexico\/#\/schema\/logo\/image\/"}},{"@type":"Person","@id":"https:\/\/noti-america.com\/site\/mexico\/#\/schema\/person\/db5a6527aaddfc34b3753d557a1292f0","name":"Redacci\u00f3n NA-NY","image":{"@type":"ImageObject","inLanguage":"es","@id":"https:\/\/secure.gravatar.com\/avatar\/2bd75bb500a8deb1390f777293a9af32d934c46613d2fbac7cceb2aaa2679ae8?s=96&d=mm&r=g","url":"https:\/\/secure.gravatar.com\/avatar\/2bd75bb500a8deb1390f777293a9af32d934c46613d2fbac7cceb2aaa2679ae8?s=96&d=mm&r=g","contentUrl":"https:\/\/secure.gravatar.com\/avatar\/2bd75bb500a8deb1390f777293a9af32d934c46613d2fbac7cceb2aaa2679ae8?s=96&d=mm&r=g","caption":"Redacci\u00f3n NA-NY"},"url":"https:\/\/noti-america.com\/site\/mexico\/author\/redaccionny\/"}]}},"_links":{"self":[{"href":"https:\/\/noti-america.com\/site\/mexico\/wp-json\/wp\/v2\/posts\/2283","targetHints":{"allow":["GET"]}}],"collection":[{"href":"https:\/\/noti-america.com\/site\/mexico\/wp-json\/wp\/v2\/posts"}],"about":[{"href":"https:\/\/noti-america.com\/site\/mexico\/wp-json\/wp\/v2\/types\/post"}],"author":[{"embeddable":true,"href":"https:\/\/noti-america.com\/site\/mexico\/wp-json\/wp\/v2\/users\/28"}],"replies":[{"embeddable":true,"href":"https:\/\/noti-america.com\/site\/mexico\/wp-json\/wp\/v2\/comments?post=2283"}],"version-history":[{"count":1,"href":"https:\/\/noti-america.com\/site\/mexico\/wp-json\/wp\/v2\/posts\/2283\/revisions"}],"predecessor-version":[{"id":2285,"href":"https:\/\/noti-america.com\/site\/mexico\/wp-json\/wp\/v2\/posts\/2283\/revisions\/2285"}],"wp:featuredmedia":[{"embeddable":true,"href":"https:\/\/noti-america.com\/site\/mexico\/wp-json\/wp\/v2\/media\/2284"}],"wp:attachment":[{"href":"https:\/\/noti-america.com\/site\/mexico\/wp-json\/wp\/v2\/media?parent=2283"}],"wp:term":[{"taxonomy":"category","embeddable":true,"href":"https:\/\/noti-america.com\/site\/mexico\/wp-json\/wp\/v2\/categories?post=2283"},{"taxonomy":"post_tag","embeddable":true,"href":"https:\/\/noti-america.com\/site\/mexico\/wp-json\/wp\/v2\/tags?post=2283"}],"curies":[{"name":"wp","href":"https:\/\/api.w.org\/{rel}","templated":true}]}}