{"id":2252,"date":"2019-01-07T04:19:36","date_gmt":"2019-01-07T04:19:36","guid":{"rendered":"http:\/\/noti-america.com\/site\/mexico\/?p=2252"},"modified":"2019-01-07T04:19:36","modified_gmt":"2019-01-07T04:19:36","slug":"emiten-declaratoria-de-emergencia-en-sonora-por-heladas","status":"publish","type":"post","link":"https:\/\/noti-america.com\/site\/mexico\/2019\/01\/07\/emiten-declaratoria-de-emergencia-en-sonora-por-heladas\/","title":{"rendered":"Emiten declaratoria de emergencia en Sonora por heladas"},"content":{"rendered":"<p><img loading=\"lazy\" decoding=\"async\" class=\" wp-image-2253 aligncenter\" src=\"http:\/\/noti-america.com\/site\/mexico\/wp-content\/uploads\/sites\/13\/2019\/01\/163476-Principal-300x180.jpg\" alt=\"\" width=\"430\" height=\"258\" srcset=\"https:\/\/noti-america.com\/site\/mexico\/wp-content\/uploads\/sites\/13\/2019\/01\/163476-Principal-300x180.jpg 300w, https:\/\/noti-america.com\/site\/mexico\/wp-content\/uploads\/sites\/13\/2019\/01\/163476-Principal.jpg 750w\" sizes=\"auto, (max-width: 430px) 100vw, 430px\" \/><\/p>\n<p>&nbsp;<\/p>\n<h3>Fuente:\u00a0https:\/\/www.unotv.com\/noticias\/<\/h3>\n<p>&nbsp;<\/p>\n<p>Una\u00a0Declaratoria de Emergencia\u00a0fue emitida por\u00a0Protecci\u00f3n Civil\u00a0para\u00a038 municipios\u00a0de\u00a0Sonora, ante la presencia de heladas severas en los \u00faltimos d\u00edas del mes de diciembre y lo que va de enero de 2019.<\/p>\n<p>La\u00a0Secretar\u00eda de Gobernaci\u00f3n\u00a0indic\u00f3 que con esta\u00a0Declaratoria, solicitada por el\u00a0gobierno del estado de Sonora, se activan los recursos del\u00a0Fondo para la Atenci\u00f3n de Emergencias, a fin de que las autoridades cuenten con recursos para\u00a0atender las necesidades alimenticias,\u00a0de abrigo\u00a0y\u00a0de salud de la poblaci\u00f3n afectada.<\/p>\n<p>Precis\u00f3 que los\u00a0municipios afectados\u00a0son\u00a0\u00c1lamos, Bacanora, B\u00e1cum, Ban\u00e1michi, Carb\u00f3, Divisaderos, Hu\u00e1sabas, Opodepe, Quiriego, Ray\u00f3n, Rosario, San Pedro de la Cueva, Suaqui Grande, Tepache, Ures\u00a0y\u00a0Villa Hidalgo, que presentaron heladas del 30 de diciembre de 2018 al 1 de enero de 2019.<\/p>\n<p dir=\"ltr\">As\u00ed como en estos\u00a0ayuntamientos\u00a0por la\u00a0helada severa\u00a0ocurrida del 30 de diciembre de 2018 al 1 de enero de 2019; y\u00a0nevada severa, el 2 de enero.<\/p>\n<ul dir=\"ltr\">\n<li>Arizpe<\/li>\n<li>Bacad\u00e9huachi<\/li>\n<li>Cucurpe<\/li>\n<li>Granados<\/li>\n<li>Magdalena<\/li>\n<li>Moctezuma<\/li>\n<li>N\u00e1cori Chico<\/li>\n<li>Nacozari de Garc\u00eda<\/li>\n<\/ul>\n<p dir=\"ltr\">Y aquellos\u00a0municipios\u00a0donde ocurri\u00f3 una\u00a0nevada severa\u00a0el pasado dos de enero:<\/p>\n<ul dir=\"ltr\">\n<li>Agua Prieta<\/li>\n<li>Bacerac<\/li>\n<li>Bacoachi<\/li>\n<li>Bavispe<\/li>\n<li>Benjam\u00edn Hill<\/li>\n<li>Cananea<\/li>\n<li>Cumpas<\/li>\n<li>Fronteras<\/li>\n<li>Huachinera<\/li>\n<li>Imuris<\/li>\n<li>De Naco<\/li>\n<li>Nogales<\/li>\n<li>Santa Ana<\/li>\n<li>Santa Cruz<\/li>\n<\/ul>\n","protected":false},"excerpt":{"rendered":"<p>&nbsp; Fuente:\u00a0https:\/\/www.unotv.com\/noticias\/ &nbsp; Una\u00a0Declaratoria de Emergencia\u00a0fue emitida por\u00a0Protecci\u00f3n Civil\u00a0para\u00a038 municipios\u00a0de\u00a0Sonora, ante la presencia de heladas severas en los \u00faltimos d\u00edas del mes de diciembre y lo que va de enero de 2019. La\u00a0Secretar\u00eda de&#46;&#46;&#46;<\/p>\n","protected":false},"author":28,"featured_media":2253,"comment_status":"open","ping_status":"open","sticky":false,"template":"","format":"standard","meta":{"_acf_changed":false,"om_disable_all_campaigns":false,"rop_custom_images_group":[],"rop_custom_messages_group":[],"rop_publish_now":"initial","rop_publish_now_accounts":{"twitter_242054905_242054905":""},"rop_publish_now_history":[],"rop_publish_now_status":"pending","_uf_show_specific_survey":0,"_uf_disable_surveys":false,"footnotes":""},"categories":[1],"tags":[195],"class_list":["post-2252","post","type-post","status-publish","format-standard","has-post-thumbnail","hentry","category-uncategorized","tag-emiten-declaratoria-de-emergencia-en-sonora-por-heladas"],"acf":[],"aioseo_notices":[],"yoast_head":"<!-- This site is optimized with the Yoast SEO Premium plugin v24.9 (Yoast SEO v27.2) - https:\/\/yoast.com\/product\/yoast-seo-premium-wordpress\/ -->\n<title>Emiten declaratoria de emergencia en Sonora por heladas - M\u00e9xico<\/title>\n<meta name=\"robots\" content=\"index, follow, max-snippet:-1, max-image-preview:large, max-video-preview:-1\" \/>\n<link rel=\"canonical\" href=\"https:\/\/noti-america.com\/site\/mexico\/2019\/01\/07\/emiten-declaratoria-de-emergencia-en-sonora-por-heladas\/\" \/>\n<meta property=\"og:locale\" content=\"es_ES\" \/>\n<meta property=\"og:type\" content=\"article\" \/>\n<meta property=\"og:title\" content=\"Emiten declaratoria de emergencia en Sonora por heladas\" \/>\n<meta property=\"og:description\" content=\"&nbsp; Fuente:\u00a0https:\/\/www.unotv.com\/noticias\/ &nbsp; Una\u00a0Declaratoria de Emergencia\u00a0fue emitida por\u00a0Protecci\u00f3n Civil\u00a0para\u00a038 municipios\u00a0de\u00a0Sonora, ante la presencia de heladas severas en los \u00faltimos d\u00edas del mes de diciembre y lo que va de enero de 2019. La\u00a0Secretar\u00eda de&#046;&#046;&#046;\" \/>\n<meta property=\"og:url\" content=\"https:\/\/noti-america.com\/site\/mexico\/2019\/01\/07\/emiten-declaratoria-de-emergencia-en-sonora-por-heladas\/\" \/>\n<meta property=\"og:site_name\" content=\"M\u00e9xico\" \/>\n<meta property=\"article:published_time\" content=\"2019-01-07T04:19:36+00:00\" \/>\n<meta property=\"og:image\" content=\"https:\/\/noti-america.com\/site\/mexico\/wp-content\/uploads\/sites\/13\/2019\/01\/163476-Principal.jpg\" \/>\n\t<meta property=\"og:image:width\" content=\"750\" \/>\n\t<meta property=\"og:image:height\" content=\"450\" \/>\n\t<meta property=\"og:image:type\" content=\"image\/jpeg\" \/>\n<meta name=\"author\" content=\"Redacci\u00f3n NA-NY\" \/>\n<meta name=\"twitter:card\" content=\"summary_large_image\" \/>\n<meta name=\"twitter:label1\" content=\"Escrito por\" \/>\n\t<meta name=\"twitter:data1\" content=\"Redacci\u00f3n NA-NY\" \/>\n\t<meta name=\"twitter:label2\" content=\"Tiempo estimado de lectura\" \/>\n\t<meta name=\"twitter:data2\" content=\"1 minuto\" \/>\n<script type=\"application\/ld+json\" class=\"yoast-schema-graph\">{\"@context\":\"https:\/\/schema.org\",\"@graph\":[{\"@type\":\"Article\",\"@id\":\"https:\/\/noti-america.com\/site\/mexico\/2019\/01\/07\/emiten-declaratoria-de-emergencia-en-sonora-por-heladas\/#article\",\"isPartOf\":{\"@id\":\"https:\/\/noti-america.com\/site\/mexico\/2019\/01\/07\/emiten-declaratoria-de-emergencia-en-sonora-por-heladas\/\"},\"author\":{\"name\":\"Redacci\u00f3n NA-NY\",\"@id\":\"https:\/\/noti-america.com\/site\/mexico\/#\/schema\/person\/db5a6527aaddfc34b3753d557a1292f0\"},\"headline\":\"Emiten declaratoria de emergencia en Sonora por heladas\",\"datePublished\":\"2019-01-07T04:19:36+00:00\",\"mainEntityOfPage\":{\"@id\":\"https:\/\/noti-america.com\/site\/mexico\/2019\/01\/07\/emiten-declaratoria-de-emergencia-en-sonora-por-heladas\/\"},\"wordCount\":222,\"commentCount\":0,\"publisher\":{\"@id\":\"https:\/\/noti-america.com\/site\/mexico\/#organization\"},\"image\":{\"@id\":\"https:\/\/noti-america.com\/site\/mexico\/2019\/01\/07\/emiten-declaratoria-de-emergencia-en-sonora-por-heladas\/#primaryimage\"},\"thumbnailUrl\":\"https:\/\/noti-america.com\/site\/mexico\/wp-content\/uploads\/sites\/13\/2019\/01\/163476-Principal.jpg\",\"keywords\":[\"Emiten declaratoria de emergencia en Sonora por heladas\"],\"articleSection\":[\"Uncategorized\"],\"inLanguage\":\"es\",\"potentialAction\":[{\"@type\":\"CommentAction\",\"name\":\"Comment\",\"target\":[\"https:\/\/noti-america.com\/site\/mexico\/2019\/01\/07\/emiten-declaratoria-de-emergencia-en-sonora-por-heladas\/#respond\"]}]},{\"@type\":\"WebPage\",\"@id\":\"https:\/\/noti-america.com\/site\/mexico\/2019\/01\/07\/emiten-declaratoria-de-emergencia-en-sonora-por-heladas\/\",\"url\":\"https:\/\/noti-america.com\/site\/mexico\/2019\/01\/07\/emiten-declaratoria-de-emergencia-en-sonora-por-heladas\/\",\"name\":\"Emiten declaratoria de emergencia en Sonora por heladas - M\u00e9xico\",\"isPartOf\":{\"@id\":\"https:\/\/noti-america.com\/site\/mexico\/#website\"},\"primaryImageOfPage\":{\"@id\":\"https:\/\/noti-america.com\/site\/mexico\/2019\/01\/07\/emiten-declaratoria-de-emergencia-en-sonora-por-heladas\/#primaryimage\"},\"image\":{\"@id\":\"https:\/\/noti-america.com\/site\/mexico\/2019\/01\/07\/emiten-declaratoria-de-emergencia-en-sonora-por-heladas\/#primaryimage\"},\"thumbnailUrl\":\"https:\/\/noti-america.com\/site\/mexico\/wp-content\/uploads\/sites\/13\/2019\/01\/163476-Principal.jpg\",\"datePublished\":\"2019-01-07T04:19:36+00:00\",\"breadcrumb\":{\"@id\":\"https:\/\/noti-america.com\/site\/mexico\/2019\/01\/07\/emiten-declaratoria-de-emergencia-en-sonora-por-heladas\/#breadcrumb\"},\"inLanguage\":\"es\",\"potentialAction\":[{\"@type\":\"ReadAction\",\"target\":[\"https:\/\/noti-america.com\/site\/mexico\/2019\/01\/07\/emiten-declaratoria-de-emergencia-en-sonora-por-heladas\/\"]}]},{\"@type\":\"ImageObject\",\"inLanguage\":\"es\",\"@id\":\"https:\/\/noti-america.com\/site\/mexico\/2019\/01\/07\/emiten-declaratoria-de-emergencia-en-sonora-por-heladas\/#primaryimage\",\"url\":\"https:\/\/noti-america.com\/site\/mexico\/wp-content\/uploads\/sites\/13\/2019\/01\/163476-Principal.jpg\",\"contentUrl\":\"https:\/\/noti-america.com\/site\/mexico\/wp-content\/uploads\/sites\/13\/2019\/01\/163476-Principal.jpg\",\"width\":750,\"height\":450},{\"@type\":\"BreadcrumbList\",\"@id\":\"https:\/\/noti-america.com\/site\/mexico\/2019\/01\/07\/emiten-declaratoria-de-emergencia-en-sonora-por-heladas\/#breadcrumb\",\"itemListElement\":[{\"@type\":\"ListItem\",\"position\":1,\"name\":\"Portada\",\"item\":\"https:\/\/noti-america.com\/site\/mexico\/\"},{\"@type\":\"ListItem\",\"position\":2,\"name\":\"Emiten declaratoria de emergencia en Sonora por heladas\"}]},{\"@type\":\"WebSite\",\"@id\":\"https:\/\/noti-america.com\/site\/mexico\/#website\",\"url\":\"https:\/\/noti-america.com\/site\/mexico\/\",\"name\":\"M\u00e9xico | Noti-America.com\",\"description\":\"\",\"publisher\":{\"@id\":\"https:\/\/noti-america.com\/site\/mexico\/#organization\"},\"potentialAction\":[{\"@type\":\"SearchAction\",\"target\":{\"@type\":\"EntryPoint\",\"urlTemplate\":\"https:\/\/noti-america.com\/site\/mexico\/?s={search_term_string}\"},\"query-input\":{\"@type\":\"PropertyValueSpecification\",\"valueRequired\":true,\"valueName\":\"search_term_string\"}}],\"inLanguage\":\"es\"},{\"@type\":\"Organization\",\"@id\":\"https:\/\/noti-america.com\/site\/mexico\/#organization\",\"name\":\"Noti-America LLC | M\u00e9xico\",\"url\":\"https:\/\/noti-america.com\/site\/mexico\/\",\"logo\":{\"@type\":\"ImageObject\",\"inLanguage\":\"es\",\"@id\":\"https:\/\/noti-america.com\/site\/mexico\/#\/schema\/logo\/image\/\",\"url\":\"https:\/\/noti-america.com\/site\/mexico\/wp-content\/uploads\/sites\/13\/2020\/07\/LogoNA-4x3-1.jpg\",\"contentUrl\":\"https:\/\/noti-america.com\/site\/mexico\/wp-content\/uploads\/sites\/13\/2020\/07\/LogoNA-4x3-1.jpg\",\"width\":1236,\"height\":1080,\"caption\":\"Noti-America LLC | M\u00e9xico\"},\"image\":{\"@id\":\"https:\/\/noti-america.com\/site\/mexico\/#\/schema\/logo\/image\/\"}},{\"@type\":\"Person\",\"@id\":\"https:\/\/noti-america.com\/site\/mexico\/#\/schema\/person\/db5a6527aaddfc34b3753d557a1292f0\",\"name\":\"Redacci\u00f3n NA-NY\",\"image\":{\"@type\":\"ImageObject\",\"inLanguage\":\"es\",\"@id\":\"https:\/\/secure.gravatar.com\/avatar\/2bd75bb500a8deb1390f777293a9af32d934c46613d2fbac7cceb2aaa2679ae8?s=96&d=mm&r=g\",\"url\":\"https:\/\/secure.gravatar.com\/avatar\/2bd75bb500a8deb1390f777293a9af32d934c46613d2fbac7cceb2aaa2679ae8?s=96&d=mm&r=g\",\"contentUrl\":\"https:\/\/secure.gravatar.com\/avatar\/2bd75bb500a8deb1390f777293a9af32d934c46613d2fbac7cceb2aaa2679ae8?s=96&d=mm&r=g\",\"caption\":\"Redacci\u00f3n NA-NY\"},\"url\":\"https:\/\/noti-america.com\/site\/mexico\/author\/redaccionny\/\"}]}<\/script>\n<!-- \/ Yoast SEO Premium plugin. -->","yoast_head_json":{"title":"Emiten declaratoria de emergencia en Sonora por heladas - M\u00e9xico","robots":{"index":"index","follow":"follow","max-snippet":"max-snippet:-1","max-image-preview":"max-image-preview:large","max-video-preview":"max-video-preview:-1"},"canonical":"https:\/\/noti-america.com\/site\/mexico\/2019\/01\/07\/emiten-declaratoria-de-emergencia-en-sonora-por-heladas\/","og_locale":"es_ES","og_type":"article","og_title":"Emiten declaratoria de emergencia en Sonora por heladas","og_description":"&nbsp; Fuente:\u00a0https:\/\/www.unotv.com\/noticias\/ &nbsp; Una\u00a0Declaratoria de Emergencia\u00a0fue emitida por\u00a0Protecci\u00f3n Civil\u00a0para\u00a038 municipios\u00a0de\u00a0Sonora, ante la presencia de heladas severas en los \u00faltimos d\u00edas del mes de diciembre y lo que va de enero de 2019. La\u00a0Secretar\u00eda de&#46;&#46;&#46;","og_url":"https:\/\/noti-america.com\/site\/mexico\/2019\/01\/07\/emiten-declaratoria-de-emergencia-en-sonora-por-heladas\/","og_site_name":"M\u00e9xico","article_published_time":"2019-01-07T04:19:36+00:00","og_image":[{"width":750,"height":450,"url":"https:\/\/noti-america.com\/site\/mexico\/wp-content\/uploads\/sites\/13\/2019\/01\/163476-Principal.jpg","type":"image\/jpeg"}],"author":"Redacci\u00f3n NA-NY","twitter_card":"summary_large_image","twitter_misc":{"Escrito por":"Redacci\u00f3n NA-NY","Tiempo estimado de lectura":"1 minuto"},"schema":{"@context":"https:\/\/schema.org","@graph":[{"@type":"Article","@id":"https:\/\/noti-america.com\/site\/mexico\/2019\/01\/07\/emiten-declaratoria-de-emergencia-en-sonora-por-heladas\/#article","isPartOf":{"@id":"https:\/\/noti-america.com\/site\/mexico\/2019\/01\/07\/emiten-declaratoria-de-emergencia-en-sonora-por-heladas\/"},"author":{"name":"Redacci\u00f3n NA-NY","@id":"https:\/\/noti-america.com\/site\/mexico\/#\/schema\/person\/db5a6527aaddfc34b3753d557a1292f0"},"headline":"Emiten declaratoria de emergencia en Sonora por heladas","datePublished":"2019-01-07T04:19:36+00:00","mainEntityOfPage":{"@id":"https:\/\/noti-america.com\/site\/mexico\/2019\/01\/07\/emiten-declaratoria-de-emergencia-en-sonora-por-heladas\/"},"wordCount":222,"commentCount":0,"publisher":{"@id":"https:\/\/noti-america.com\/site\/mexico\/#organization"},"image":{"@id":"https:\/\/noti-america.com\/site\/mexico\/2019\/01\/07\/emiten-declaratoria-de-emergencia-en-sonora-por-heladas\/#primaryimage"},"thumbnailUrl":"https:\/\/noti-america.com\/site\/mexico\/wp-content\/uploads\/sites\/13\/2019\/01\/163476-Principal.jpg","keywords":["Emiten declaratoria de emergencia en Sonora por heladas"],"articleSection":["Uncategorized"],"inLanguage":"es","potentialAction":[{"@type":"CommentAction","name":"Comment","target":["https:\/\/noti-america.com\/site\/mexico\/2019\/01\/07\/emiten-declaratoria-de-emergencia-en-sonora-por-heladas\/#respond"]}]},{"@type":"WebPage","@id":"https:\/\/noti-america.com\/site\/mexico\/2019\/01\/07\/emiten-declaratoria-de-emergencia-en-sonora-por-heladas\/","url":"https:\/\/noti-america.com\/site\/mexico\/2019\/01\/07\/emiten-declaratoria-de-emergencia-en-sonora-por-heladas\/","name":"Emiten declaratoria de emergencia en Sonora por heladas - M\u00e9xico","isPartOf":{"@id":"https:\/\/noti-america.com\/site\/mexico\/#website"},"primaryImageOfPage":{"@id":"https:\/\/noti-america.com\/site\/mexico\/2019\/01\/07\/emiten-declaratoria-de-emergencia-en-sonora-por-heladas\/#primaryimage"},"image":{"@id":"https:\/\/noti-america.com\/site\/mexico\/2019\/01\/07\/emiten-declaratoria-de-emergencia-en-sonora-por-heladas\/#primaryimage"},"thumbnailUrl":"https:\/\/noti-america.com\/site\/mexico\/wp-content\/uploads\/sites\/13\/2019\/01\/163476-Principal.jpg","datePublished":"2019-01-07T04:19:36+00:00","breadcrumb":{"@id":"https:\/\/noti-america.com\/site\/mexico\/2019\/01\/07\/emiten-declaratoria-de-emergencia-en-sonora-por-heladas\/#breadcrumb"},"inLanguage":"es","potentialAction":[{"@type":"ReadAction","target":["https:\/\/noti-america.com\/site\/mexico\/2019\/01\/07\/emiten-declaratoria-de-emergencia-en-sonora-por-heladas\/"]}]},{"@type":"ImageObject","inLanguage":"es","@id":"https:\/\/noti-america.com\/site\/mexico\/2019\/01\/07\/emiten-declaratoria-de-emergencia-en-sonora-por-heladas\/#primaryimage","url":"https:\/\/noti-america.com\/site\/mexico\/wp-content\/uploads\/sites\/13\/2019\/01\/163476-Principal.jpg","contentUrl":"https:\/\/noti-america.com\/site\/mexico\/wp-content\/uploads\/sites\/13\/2019\/01\/163476-Principal.jpg","width":750,"height":450},{"@type":"BreadcrumbList","@id":"https:\/\/noti-america.com\/site\/mexico\/2019\/01\/07\/emiten-declaratoria-de-emergencia-en-sonora-por-heladas\/#breadcrumb","itemListElement":[{"@type":"ListItem","position":1,"name":"Portada","item":"https:\/\/noti-america.com\/site\/mexico\/"},{"@type":"ListItem","position":2,"name":"Emiten declaratoria de emergencia en Sonora por heladas"}]},{"@type":"WebSite","@id":"https:\/\/noti-america.com\/site\/mexico\/#website","url":"https:\/\/noti-america.com\/site\/mexico\/","name":"M\u00e9xico | Noti-America.com","description":"","publisher":{"@id":"https:\/\/noti-america.com\/site\/mexico\/#organization"},"potentialAction":[{"@type":"SearchAction","target":{"@type":"EntryPoint","urlTemplate":"https:\/\/noti-america.com\/site\/mexico\/?s={search_term_string}"},"query-input":{"@type":"PropertyValueSpecification","valueRequired":true,"valueName":"search_term_string"}}],"inLanguage":"es"},{"@type":"Organization","@id":"https:\/\/noti-america.com\/site\/mexico\/#organization","name":"Noti-America LLC | M\u00e9xico","url":"https:\/\/noti-america.com\/site\/mexico\/","logo":{"@type":"ImageObject","inLanguage":"es","@id":"https:\/\/noti-america.com\/site\/mexico\/#\/schema\/logo\/image\/","url":"https:\/\/noti-america.com\/site\/mexico\/wp-content\/uploads\/sites\/13\/2020\/07\/LogoNA-4x3-1.jpg","contentUrl":"https:\/\/noti-america.com\/site\/mexico\/wp-content\/uploads\/sites\/13\/2020\/07\/LogoNA-4x3-1.jpg","width":1236,"height":1080,"caption":"Noti-America LLC | M\u00e9xico"},"image":{"@id":"https:\/\/noti-america.com\/site\/mexico\/#\/schema\/logo\/image\/"}},{"@type":"Person","@id":"https:\/\/noti-america.com\/site\/mexico\/#\/schema\/person\/db5a6527aaddfc34b3753d557a1292f0","name":"Redacci\u00f3n NA-NY","image":{"@type":"ImageObject","inLanguage":"es","@id":"https:\/\/secure.gravatar.com\/avatar\/2bd75bb500a8deb1390f777293a9af32d934c46613d2fbac7cceb2aaa2679ae8?s=96&d=mm&r=g","url":"https:\/\/secure.gravatar.com\/avatar\/2bd75bb500a8deb1390f777293a9af32d934c46613d2fbac7cceb2aaa2679ae8?s=96&d=mm&r=g","contentUrl":"https:\/\/secure.gravatar.com\/avatar\/2bd75bb500a8deb1390f777293a9af32d934c46613d2fbac7cceb2aaa2679ae8?s=96&d=mm&r=g","caption":"Redacci\u00f3n NA-NY"},"url":"https:\/\/noti-america.com\/site\/mexico\/author\/redaccionny\/"}]}},"_links":{"self":[{"href":"https:\/\/noti-america.com\/site\/mexico\/wp-json\/wp\/v2\/posts\/2252","targetHints":{"allow":["GET"]}}],"collection":[{"href":"https:\/\/noti-america.com\/site\/mexico\/wp-json\/wp\/v2\/posts"}],"about":[{"href":"https:\/\/noti-america.com\/site\/mexico\/wp-json\/wp\/v2\/types\/post"}],"author":[{"embeddable":true,"href":"https:\/\/noti-america.com\/site\/mexico\/wp-json\/wp\/v2\/users\/28"}],"replies":[{"embeddable":true,"href":"https:\/\/noti-america.com\/site\/mexico\/wp-json\/wp\/v2\/comments?post=2252"}],"version-history":[{"count":1,"href":"https:\/\/noti-america.com\/site\/mexico\/wp-json\/wp\/v2\/posts\/2252\/revisions"}],"predecessor-version":[{"id":2254,"href":"https:\/\/noti-america.com\/site\/mexico\/wp-json\/wp\/v2\/posts\/2252\/revisions\/2254"}],"wp:featuredmedia":[{"embeddable":true,"href":"https:\/\/noti-america.com\/site\/mexico\/wp-json\/wp\/v2\/media\/2253"}],"wp:attachment":[{"href":"https:\/\/noti-america.com\/site\/mexico\/wp-json\/wp\/v2\/media?parent=2252"}],"wp:term":[{"taxonomy":"category","embeddable":true,"href":"https:\/\/noti-america.com\/site\/mexico\/wp-json\/wp\/v2\/categories?post=2252"},{"taxonomy":"post_tag","embeddable":true,"href":"https:\/\/noti-america.com\/site\/mexico\/wp-json\/wp\/v2\/tags?post=2252"}],"curies":[{"name":"wp","href":"https:\/\/api.w.org\/{rel}","templated":true}]}}