{"id":2233,"date":"2019-01-07T03:56:58","date_gmt":"2019-01-07T03:56:58","guid":{"rendered":"http:\/\/noti-america.com\/site\/mexico\/?p=2233"},"modified":"2019-01-07T03:56:58","modified_gmt":"2019-01-07T03:56:58","slug":"hubo-complicidad-en-pemex-dice-amlo-sobre-huachicoleo","status":"publish","type":"post","link":"https:\/\/noti-america.com\/site\/mexico\/2019\/01\/07\/hubo-complicidad-en-pemex-dice-amlo-sobre-huachicoleo\/","title":{"rendered":"\u00abHubo complicidad en Pemex\u00bb, dice AMLO sobre huachicoleo"},"content":{"rendered":"<p><img loading=\"lazy\" decoding=\"async\" class=\" wp-image-2234 aligncenter\" src=\"http:\/\/noti-america.com\/site\/mexico\/wp-content\/uploads\/sites\/13\/2019\/01\/amlo-300x189.jpg\" alt=\"\" width=\"546\" height=\"344\" srcset=\"https:\/\/noti-america.com\/site\/mexico\/wp-content\/uploads\/sites\/13\/2019\/01\/amlo-300x189.jpg 300w, https:\/\/noti-america.com\/site\/mexico\/wp-content\/uploads\/sites\/13\/2019\/01\/amlo-768x484.jpg 768w, https:\/\/noti-america.com\/site\/mexico\/wp-content\/uploads\/sites\/13\/2019\/01\/amlo.jpg 770w\" sizes=\"auto, (max-width: 546px) 100vw, 546px\" \/><\/p>\n<h3><\/h3>\n<h3>Fuente:\u00a0\u00a0https:\/\/www.informador.mx\/<\/h3>\n<p>&nbsp;<\/p>\n<p>En medio del desabasto de gasolina en algunas entidades del pa\u00eds, el Presidente, Andr\u00e9s Manuel L\u00f3pez Obrador, advirti\u00f3 que no se va a deja vencer por los intereses creados en torno al robo de combustible porque en su gobierno se impondr\u00e1 la ley.<\/p>\n<p>\u00abEst\u00e1n ah\u00ed presionando, pensando que nos van a vencer. Que no quieran jugar a las vencidas, porque va a triunfar la ley y va a triunfar la justicia\u00bb, afirm\u00f3 el Mandatario durante la presentaci\u00f3n del Programa de la Zona Libre de la Frontera Norte en Tijuana.<\/p>\n<p>&nbsp;<\/p>\n<p>El Presidente L\u00f3pez Obrador cuestion\u00f3: \u00ab\u00bfC\u00f3mo va a ser huachicoleo si estamos hablando que hace 30 d\u00edas, se robaban m\u00e1s de mil pipas diarias, de 15 mil litros cada pipa?\u00a0\u00bfC\u00f3mo distribuyen toda esa gasolina robada? Pues hab\u00eda una actitud de complicidad plena al interior de\u00a0Pemex, y eso es lo que estamos corrigiendo. Hace dos d\u00edas, de robarse mil 100 pipas, logramos que bajara a 36 pipas\u00bb.<\/p>\n<p>Expres\u00f3 que en el peor de los casos\u00a0si su gobierno logra que no se roben los 60 mil millones que se registraban en las pasadas administraciones, \u00absi logramos reducir a 10 mil, ya estamos ahorrando 50 mil millones\u00bb.<\/p>\n<p>Se\u00f1al\u00f3 que dicha cantidad de recursos es la que estiman los m\u00e1s opuestos al programa, que se van a dejar de recaudar por el plan de apoyo a la zona fronteriza. \u00abLos que no ven con buenos ojos este programa dicen: &#8216;Se va a caer la recaudaci\u00f3n, van a dejar de recaudar 50 mil millones&#8217;, lo que vamos a ahorrarnos, estoy seguro, por terminar con el robo de combustibles\u00bb, se\u00f1al\u00f3.<\/p>\n","protected":false},"excerpt":{"rendered":"<p>Fuente:\u00a0\u00a0https:\/\/www.informador.mx\/ &nbsp; En medio del desabasto de gasolina en algunas entidades del pa\u00eds, el Presidente, Andr\u00e9s Manuel L\u00f3pez Obrador, advirti\u00f3 que no se va a deja vencer por los intereses creados en torno al&#46;&#46;&#46;<\/p>\n","protected":false},"author":28,"featured_media":2234,"comment_status":"open","ping_status":"open","sticky":false,"template":"","format":"standard","meta":{"_acf_changed":false,"om_disable_all_campaigns":false,"rop_custom_images_group":[],"rop_custom_messages_group":[],"rop_publish_now":"initial","rop_publish_now_accounts":{"twitter_242054905_242054905":""},"rop_publish_now_history":[],"rop_publish_now_status":"pending","_uf_show_specific_survey":0,"_uf_disable_surveys":false,"footnotes":""},"categories":[1],"tags":[191,192],"class_list":["post-2233","post","type-post","status-publish","format-standard","has-post-thumbnail","hentry","category-uncategorized","tag-hubo-complicidad-en-pemex","tag-dice-amlo-sobre-huachicoleo"],"acf":[],"aioseo_notices":[],"yoast_head":"<!-- This site is optimized with the Yoast SEO Premium plugin v24.9 (Yoast SEO v27.2) - https:\/\/yoast.com\/product\/yoast-seo-premium-wordpress\/ -->\n<title>&quot;Hubo complicidad en Pemex&quot;, dice AMLO sobre huachicoleo - M\u00e9xico<\/title>\n<meta name=\"robots\" content=\"index, follow, max-snippet:-1, max-image-preview:large, max-video-preview:-1\" \/>\n<link rel=\"canonical\" href=\"https:\/\/noti-america.com\/site\/mexico\/2019\/01\/07\/hubo-complicidad-en-pemex-dice-amlo-sobre-huachicoleo\/\" \/>\n<meta property=\"og:locale\" content=\"es_ES\" \/>\n<meta property=\"og:type\" content=\"article\" \/>\n<meta property=\"og:title\" content=\"&quot;Hubo complicidad en Pemex&quot;, dice AMLO sobre huachicoleo\" \/>\n<meta property=\"og:description\" content=\"Fuente:\u00a0\u00a0https:\/\/www.informador.mx\/ &nbsp; En medio del desabasto de gasolina en algunas entidades del pa\u00eds, el Presidente, Andr\u00e9s Manuel L\u00f3pez Obrador, advirti\u00f3 que no se va a deja vencer por los intereses creados en torno al&#046;&#046;&#046;\" \/>\n<meta property=\"og:url\" content=\"https:\/\/noti-america.com\/site\/mexico\/2019\/01\/07\/hubo-complicidad-en-pemex-dice-amlo-sobre-huachicoleo\/\" \/>\n<meta property=\"og:site_name\" content=\"M\u00e9xico\" \/>\n<meta property=\"article:published_time\" content=\"2019-01-07T03:56:58+00:00\" \/>\n<meta property=\"og:image\" content=\"https:\/\/noti-america.com\/site\/mexico\/wp-content\/uploads\/sites\/13\/2019\/01\/amlo.jpg\" \/>\n\t<meta property=\"og:image:width\" content=\"770\" \/>\n\t<meta property=\"og:image:height\" content=\"485\" \/>\n\t<meta property=\"og:image:type\" content=\"image\/jpeg\" \/>\n<meta name=\"author\" content=\"Redacci\u00f3n NA-NY\" \/>\n<meta name=\"twitter:card\" content=\"summary_large_image\" \/>\n<meta name=\"twitter:label1\" content=\"Escrito por\" \/>\n\t<meta name=\"twitter:data1\" content=\"Redacci\u00f3n NA-NY\" \/>\n\t<meta name=\"twitter:label2\" content=\"Tiempo estimado de lectura\" \/>\n\t<meta name=\"twitter:data2\" content=\"1 minuto\" \/>\n<script type=\"application\/ld+json\" class=\"yoast-schema-graph\">{\"@context\":\"https:\/\/schema.org\",\"@graph\":[{\"@type\":\"Article\",\"@id\":\"https:\/\/noti-america.com\/site\/mexico\/2019\/01\/07\/hubo-complicidad-en-pemex-dice-amlo-sobre-huachicoleo\/#article\",\"isPartOf\":{\"@id\":\"https:\/\/noti-america.com\/site\/mexico\/2019\/01\/07\/hubo-complicidad-en-pemex-dice-amlo-sobre-huachicoleo\/\"},\"author\":{\"name\":\"Redacci\u00f3n NA-NY\",\"@id\":\"https:\/\/noti-america.com\/site\/mexico\/#\/schema\/person\/db5a6527aaddfc34b3753d557a1292f0\"},\"headline\":\"\u00abHubo complicidad en Pemex\u00bb, dice AMLO sobre huachicoleo\",\"datePublished\":\"2019-01-07T03:56:58+00:00\",\"mainEntityOfPage\":{\"@id\":\"https:\/\/noti-america.com\/site\/mexico\/2019\/01\/07\/hubo-complicidad-en-pemex-dice-amlo-sobre-huachicoleo\/\"},\"wordCount\":289,\"commentCount\":0,\"publisher\":{\"@id\":\"https:\/\/noti-america.com\/site\/mexico\/#organization\"},\"image\":{\"@id\":\"https:\/\/noti-america.com\/site\/mexico\/2019\/01\/07\/hubo-complicidad-en-pemex-dice-amlo-sobre-huachicoleo\/#primaryimage\"},\"thumbnailUrl\":\"https:\/\/noti-america.com\/site\/mexico\/wp-content\/uploads\/sites\/13\/2019\/01\/amlo.jpg\",\"keywords\":[\"\\\"Hubo complicidad en Pemex\\\"\",\"dice AMLO sobre huachicoleo\"],\"articleSection\":[\"Uncategorized\"],\"inLanguage\":\"es\",\"potentialAction\":[{\"@type\":\"CommentAction\",\"name\":\"Comment\",\"target\":[\"https:\/\/noti-america.com\/site\/mexico\/2019\/01\/07\/hubo-complicidad-en-pemex-dice-amlo-sobre-huachicoleo\/#respond\"]}]},{\"@type\":\"WebPage\",\"@id\":\"https:\/\/noti-america.com\/site\/mexico\/2019\/01\/07\/hubo-complicidad-en-pemex-dice-amlo-sobre-huachicoleo\/\",\"url\":\"https:\/\/noti-america.com\/site\/mexico\/2019\/01\/07\/hubo-complicidad-en-pemex-dice-amlo-sobre-huachicoleo\/\",\"name\":\"\\\"Hubo complicidad en Pemex\\\", dice AMLO sobre huachicoleo - M\u00e9xico\",\"isPartOf\":{\"@id\":\"https:\/\/noti-america.com\/site\/mexico\/#website\"},\"primaryImageOfPage\":{\"@id\":\"https:\/\/noti-america.com\/site\/mexico\/2019\/01\/07\/hubo-complicidad-en-pemex-dice-amlo-sobre-huachicoleo\/#primaryimage\"},\"image\":{\"@id\":\"https:\/\/noti-america.com\/site\/mexico\/2019\/01\/07\/hubo-complicidad-en-pemex-dice-amlo-sobre-huachicoleo\/#primaryimage\"},\"thumbnailUrl\":\"https:\/\/noti-america.com\/site\/mexico\/wp-content\/uploads\/sites\/13\/2019\/01\/amlo.jpg\",\"datePublished\":\"2019-01-07T03:56:58+00:00\",\"breadcrumb\":{\"@id\":\"https:\/\/noti-america.com\/site\/mexico\/2019\/01\/07\/hubo-complicidad-en-pemex-dice-amlo-sobre-huachicoleo\/#breadcrumb\"},\"inLanguage\":\"es\",\"potentialAction\":[{\"@type\":\"ReadAction\",\"target\":[\"https:\/\/noti-america.com\/site\/mexico\/2019\/01\/07\/hubo-complicidad-en-pemex-dice-amlo-sobre-huachicoleo\/\"]}]},{\"@type\":\"ImageObject\",\"inLanguage\":\"es\",\"@id\":\"https:\/\/noti-america.com\/site\/mexico\/2019\/01\/07\/hubo-complicidad-en-pemex-dice-amlo-sobre-huachicoleo\/#primaryimage\",\"url\":\"https:\/\/noti-america.com\/site\/mexico\/wp-content\/uploads\/sites\/13\/2019\/01\/amlo.jpg\",\"contentUrl\":\"https:\/\/noti-america.com\/site\/mexico\/wp-content\/uploads\/sites\/13\/2019\/01\/amlo.jpg\",\"width\":770,\"height\":485},{\"@type\":\"BreadcrumbList\",\"@id\":\"https:\/\/noti-america.com\/site\/mexico\/2019\/01\/07\/hubo-complicidad-en-pemex-dice-amlo-sobre-huachicoleo\/#breadcrumb\",\"itemListElement\":[{\"@type\":\"ListItem\",\"position\":1,\"name\":\"Portada\",\"item\":\"https:\/\/noti-america.com\/site\/mexico\/\"},{\"@type\":\"ListItem\",\"position\":2,\"name\":\"\u00abHubo complicidad en Pemex\u00bb, dice AMLO sobre huachicoleo\"}]},{\"@type\":\"WebSite\",\"@id\":\"https:\/\/noti-america.com\/site\/mexico\/#website\",\"url\":\"https:\/\/noti-america.com\/site\/mexico\/\",\"name\":\"M\u00e9xico | Noti-America.com\",\"description\":\"\",\"publisher\":{\"@id\":\"https:\/\/noti-america.com\/site\/mexico\/#organization\"},\"potentialAction\":[{\"@type\":\"SearchAction\",\"target\":{\"@type\":\"EntryPoint\",\"urlTemplate\":\"https:\/\/noti-america.com\/site\/mexico\/?s={search_term_string}\"},\"query-input\":{\"@type\":\"PropertyValueSpecification\",\"valueRequired\":true,\"valueName\":\"search_term_string\"}}],\"inLanguage\":\"es\"},{\"@type\":\"Organization\",\"@id\":\"https:\/\/noti-america.com\/site\/mexico\/#organization\",\"name\":\"Noti-America LLC | M\u00e9xico\",\"url\":\"https:\/\/noti-america.com\/site\/mexico\/\",\"logo\":{\"@type\":\"ImageObject\",\"inLanguage\":\"es\",\"@id\":\"https:\/\/noti-america.com\/site\/mexico\/#\/schema\/logo\/image\/\",\"url\":\"https:\/\/noti-america.com\/site\/mexico\/wp-content\/uploads\/sites\/13\/2020\/07\/LogoNA-4x3-1.jpg\",\"contentUrl\":\"https:\/\/noti-america.com\/site\/mexico\/wp-content\/uploads\/sites\/13\/2020\/07\/LogoNA-4x3-1.jpg\",\"width\":1236,\"height\":1080,\"caption\":\"Noti-America LLC | M\u00e9xico\"},\"image\":{\"@id\":\"https:\/\/noti-america.com\/site\/mexico\/#\/schema\/logo\/image\/\"}},{\"@type\":\"Person\",\"@id\":\"https:\/\/noti-america.com\/site\/mexico\/#\/schema\/person\/db5a6527aaddfc34b3753d557a1292f0\",\"name\":\"Redacci\u00f3n NA-NY\",\"image\":{\"@type\":\"ImageObject\",\"inLanguage\":\"es\",\"@id\":\"https:\/\/secure.gravatar.com\/avatar\/2bd75bb500a8deb1390f777293a9af32d934c46613d2fbac7cceb2aaa2679ae8?s=96&d=mm&r=g\",\"url\":\"https:\/\/secure.gravatar.com\/avatar\/2bd75bb500a8deb1390f777293a9af32d934c46613d2fbac7cceb2aaa2679ae8?s=96&d=mm&r=g\",\"contentUrl\":\"https:\/\/secure.gravatar.com\/avatar\/2bd75bb500a8deb1390f777293a9af32d934c46613d2fbac7cceb2aaa2679ae8?s=96&d=mm&r=g\",\"caption\":\"Redacci\u00f3n NA-NY\"},\"url\":\"https:\/\/noti-america.com\/site\/mexico\/author\/redaccionny\/\"}]}<\/script>\n<!-- \/ Yoast SEO Premium plugin. -->","yoast_head_json":{"title":"\"Hubo complicidad en Pemex\", dice AMLO sobre huachicoleo - M\u00e9xico","robots":{"index":"index","follow":"follow","max-snippet":"max-snippet:-1","max-image-preview":"max-image-preview:large","max-video-preview":"max-video-preview:-1"},"canonical":"https:\/\/noti-america.com\/site\/mexico\/2019\/01\/07\/hubo-complicidad-en-pemex-dice-amlo-sobre-huachicoleo\/","og_locale":"es_ES","og_type":"article","og_title":"\"Hubo complicidad en Pemex\", dice AMLO sobre huachicoleo","og_description":"Fuente:\u00a0\u00a0https:\/\/www.informador.mx\/ &nbsp; En medio del desabasto de gasolina en algunas entidades del pa\u00eds, el Presidente, Andr\u00e9s Manuel L\u00f3pez Obrador, advirti\u00f3 que no se va a deja vencer por los intereses creados en torno al&#46;&#46;&#46;","og_url":"https:\/\/noti-america.com\/site\/mexico\/2019\/01\/07\/hubo-complicidad-en-pemex-dice-amlo-sobre-huachicoleo\/","og_site_name":"M\u00e9xico","article_published_time":"2019-01-07T03:56:58+00:00","og_image":[{"width":770,"height":485,"url":"https:\/\/noti-america.com\/site\/mexico\/wp-content\/uploads\/sites\/13\/2019\/01\/amlo.jpg","type":"image\/jpeg"}],"author":"Redacci\u00f3n NA-NY","twitter_card":"summary_large_image","twitter_misc":{"Escrito por":"Redacci\u00f3n NA-NY","Tiempo estimado de lectura":"1 minuto"},"schema":{"@context":"https:\/\/schema.org","@graph":[{"@type":"Article","@id":"https:\/\/noti-america.com\/site\/mexico\/2019\/01\/07\/hubo-complicidad-en-pemex-dice-amlo-sobre-huachicoleo\/#article","isPartOf":{"@id":"https:\/\/noti-america.com\/site\/mexico\/2019\/01\/07\/hubo-complicidad-en-pemex-dice-amlo-sobre-huachicoleo\/"},"author":{"name":"Redacci\u00f3n NA-NY","@id":"https:\/\/noti-america.com\/site\/mexico\/#\/schema\/person\/db5a6527aaddfc34b3753d557a1292f0"},"headline":"\u00abHubo complicidad en Pemex\u00bb, dice AMLO sobre huachicoleo","datePublished":"2019-01-07T03:56:58+00:00","mainEntityOfPage":{"@id":"https:\/\/noti-america.com\/site\/mexico\/2019\/01\/07\/hubo-complicidad-en-pemex-dice-amlo-sobre-huachicoleo\/"},"wordCount":289,"commentCount":0,"publisher":{"@id":"https:\/\/noti-america.com\/site\/mexico\/#organization"},"image":{"@id":"https:\/\/noti-america.com\/site\/mexico\/2019\/01\/07\/hubo-complicidad-en-pemex-dice-amlo-sobre-huachicoleo\/#primaryimage"},"thumbnailUrl":"https:\/\/noti-america.com\/site\/mexico\/wp-content\/uploads\/sites\/13\/2019\/01\/amlo.jpg","keywords":["\"Hubo complicidad en Pemex\"","dice AMLO sobre huachicoleo"],"articleSection":["Uncategorized"],"inLanguage":"es","potentialAction":[{"@type":"CommentAction","name":"Comment","target":["https:\/\/noti-america.com\/site\/mexico\/2019\/01\/07\/hubo-complicidad-en-pemex-dice-amlo-sobre-huachicoleo\/#respond"]}]},{"@type":"WebPage","@id":"https:\/\/noti-america.com\/site\/mexico\/2019\/01\/07\/hubo-complicidad-en-pemex-dice-amlo-sobre-huachicoleo\/","url":"https:\/\/noti-america.com\/site\/mexico\/2019\/01\/07\/hubo-complicidad-en-pemex-dice-amlo-sobre-huachicoleo\/","name":"\"Hubo complicidad en Pemex\", dice AMLO sobre huachicoleo - M\u00e9xico","isPartOf":{"@id":"https:\/\/noti-america.com\/site\/mexico\/#website"},"primaryImageOfPage":{"@id":"https:\/\/noti-america.com\/site\/mexico\/2019\/01\/07\/hubo-complicidad-en-pemex-dice-amlo-sobre-huachicoleo\/#primaryimage"},"image":{"@id":"https:\/\/noti-america.com\/site\/mexico\/2019\/01\/07\/hubo-complicidad-en-pemex-dice-amlo-sobre-huachicoleo\/#primaryimage"},"thumbnailUrl":"https:\/\/noti-america.com\/site\/mexico\/wp-content\/uploads\/sites\/13\/2019\/01\/amlo.jpg","datePublished":"2019-01-07T03:56:58+00:00","breadcrumb":{"@id":"https:\/\/noti-america.com\/site\/mexico\/2019\/01\/07\/hubo-complicidad-en-pemex-dice-amlo-sobre-huachicoleo\/#breadcrumb"},"inLanguage":"es","potentialAction":[{"@type":"ReadAction","target":["https:\/\/noti-america.com\/site\/mexico\/2019\/01\/07\/hubo-complicidad-en-pemex-dice-amlo-sobre-huachicoleo\/"]}]},{"@type":"ImageObject","inLanguage":"es","@id":"https:\/\/noti-america.com\/site\/mexico\/2019\/01\/07\/hubo-complicidad-en-pemex-dice-amlo-sobre-huachicoleo\/#primaryimage","url":"https:\/\/noti-america.com\/site\/mexico\/wp-content\/uploads\/sites\/13\/2019\/01\/amlo.jpg","contentUrl":"https:\/\/noti-america.com\/site\/mexico\/wp-content\/uploads\/sites\/13\/2019\/01\/amlo.jpg","width":770,"height":485},{"@type":"BreadcrumbList","@id":"https:\/\/noti-america.com\/site\/mexico\/2019\/01\/07\/hubo-complicidad-en-pemex-dice-amlo-sobre-huachicoleo\/#breadcrumb","itemListElement":[{"@type":"ListItem","position":1,"name":"Portada","item":"https:\/\/noti-america.com\/site\/mexico\/"},{"@type":"ListItem","position":2,"name":"\u00abHubo complicidad en Pemex\u00bb, dice AMLO sobre huachicoleo"}]},{"@type":"WebSite","@id":"https:\/\/noti-america.com\/site\/mexico\/#website","url":"https:\/\/noti-america.com\/site\/mexico\/","name":"M\u00e9xico | Noti-America.com","description":"","publisher":{"@id":"https:\/\/noti-america.com\/site\/mexico\/#organization"},"potentialAction":[{"@type":"SearchAction","target":{"@type":"EntryPoint","urlTemplate":"https:\/\/noti-america.com\/site\/mexico\/?s={search_term_string}"},"query-input":{"@type":"PropertyValueSpecification","valueRequired":true,"valueName":"search_term_string"}}],"inLanguage":"es"},{"@type":"Organization","@id":"https:\/\/noti-america.com\/site\/mexico\/#organization","name":"Noti-America LLC | M\u00e9xico","url":"https:\/\/noti-america.com\/site\/mexico\/","logo":{"@type":"ImageObject","inLanguage":"es","@id":"https:\/\/noti-america.com\/site\/mexico\/#\/schema\/logo\/image\/","url":"https:\/\/noti-america.com\/site\/mexico\/wp-content\/uploads\/sites\/13\/2020\/07\/LogoNA-4x3-1.jpg","contentUrl":"https:\/\/noti-america.com\/site\/mexico\/wp-content\/uploads\/sites\/13\/2020\/07\/LogoNA-4x3-1.jpg","width":1236,"height":1080,"caption":"Noti-America LLC | M\u00e9xico"},"image":{"@id":"https:\/\/noti-america.com\/site\/mexico\/#\/schema\/logo\/image\/"}},{"@type":"Person","@id":"https:\/\/noti-america.com\/site\/mexico\/#\/schema\/person\/db5a6527aaddfc34b3753d557a1292f0","name":"Redacci\u00f3n NA-NY","image":{"@type":"ImageObject","inLanguage":"es","@id":"https:\/\/secure.gravatar.com\/avatar\/2bd75bb500a8deb1390f777293a9af32d934c46613d2fbac7cceb2aaa2679ae8?s=96&d=mm&r=g","url":"https:\/\/secure.gravatar.com\/avatar\/2bd75bb500a8deb1390f777293a9af32d934c46613d2fbac7cceb2aaa2679ae8?s=96&d=mm&r=g","contentUrl":"https:\/\/secure.gravatar.com\/avatar\/2bd75bb500a8deb1390f777293a9af32d934c46613d2fbac7cceb2aaa2679ae8?s=96&d=mm&r=g","caption":"Redacci\u00f3n NA-NY"},"url":"https:\/\/noti-america.com\/site\/mexico\/author\/redaccionny\/"}]}},"_links":{"self":[{"href":"https:\/\/noti-america.com\/site\/mexico\/wp-json\/wp\/v2\/posts\/2233","targetHints":{"allow":["GET"]}}],"collection":[{"href":"https:\/\/noti-america.com\/site\/mexico\/wp-json\/wp\/v2\/posts"}],"about":[{"href":"https:\/\/noti-america.com\/site\/mexico\/wp-json\/wp\/v2\/types\/post"}],"author":[{"embeddable":true,"href":"https:\/\/noti-america.com\/site\/mexico\/wp-json\/wp\/v2\/users\/28"}],"replies":[{"embeddable":true,"href":"https:\/\/noti-america.com\/site\/mexico\/wp-json\/wp\/v2\/comments?post=2233"}],"version-history":[{"count":1,"href":"https:\/\/noti-america.com\/site\/mexico\/wp-json\/wp\/v2\/posts\/2233\/revisions"}],"predecessor-version":[{"id":2235,"href":"https:\/\/noti-america.com\/site\/mexico\/wp-json\/wp\/v2\/posts\/2233\/revisions\/2235"}],"wp:featuredmedia":[{"embeddable":true,"href":"https:\/\/noti-america.com\/site\/mexico\/wp-json\/wp\/v2\/media\/2234"}],"wp:attachment":[{"href":"https:\/\/noti-america.com\/site\/mexico\/wp-json\/wp\/v2\/media?parent=2233"}],"wp:term":[{"taxonomy":"category","embeddable":true,"href":"https:\/\/noti-america.com\/site\/mexico\/wp-json\/wp\/v2\/categories?post=2233"},{"taxonomy":"post_tag","embeddable":true,"href":"https:\/\/noti-america.com\/site\/mexico\/wp-json\/wp\/v2\/tags?post=2233"}],"curies":[{"name":"wp","href":"https:\/\/api.w.org\/{rel}","templated":true}]}}