{"id":2187,"date":"2019-01-02T04:55:32","date_gmt":"2019-01-02T04:55:32","guid":{"rendered":"http:\/\/noti-america.com\/site\/mexico\/?p=2187"},"modified":"2019-01-02T04:55:32","modified_gmt":"2019-01-02T04:55:32","slug":"enfrentaremos-a-lopez-obrador-advierte-el-ezln","status":"publish","type":"post","link":"https:\/\/noti-america.com\/site\/mexico\/2019\/01\/02\/enfrentaremos-a-lopez-obrador-advierte-el-ezln\/","title":{"rendered":"Enfrentaremos a L\u00f3pez Obrador, advierte el EZLN"},"content":{"rendered":"<p><img loading=\"lazy\" decoding=\"async\" class=\" wp-image-2188 aligncenter\" src=\"http:\/\/noti-america.com\/site\/mexico\/wp-content\/uploads\/sites\/13\/2019\/01\/ezln_un_morro_ap_crop1546365413630.jpg_1970638775-300x189.jpg\" alt=\"\" width=\"619\" height=\"390\" srcset=\"https:\/\/noti-america.com\/site\/mexico\/wp-content\/uploads\/sites\/13\/2019\/01\/ezln_un_morro_ap_crop1546365413630.jpg_1970638775-300x189.jpg 300w, https:\/\/noti-america.com\/site\/mexico\/wp-content\/uploads\/sites\/13\/2019\/01\/ezln_un_morro_ap_crop1546365413630.jpg_1970638775-768x484.jpg 768w, https:\/\/noti-america.com\/site\/mexico\/wp-content\/uploads\/sites\/13\/2019\/01\/ezln_un_morro_ap_crop1546365413630.jpg_1970638775.jpg 770w\" sizes=\"auto, (max-width: 619px) 100vw, 619px\" \/><\/p>\n<p>&nbsp;<\/p>\n<p>&nbsp;<\/p>\n<p>Fuente:\u00a0\u00a0https:\/\/www.informador.mx\/<\/p>\n<p>&nbsp;<\/p>\n<p>Sin mencionarlo por su nombre, el Ej\u00e9rcito Zapatista de Liberaci\u00f3n Nacional (EZLN) dijo que no le cree al Presidente Andr\u00e9s Manuel L\u00f3pez Obrador, a quien \u00abvamos a enfrentar\u00bb y no permitir \u00abque pase por aqu\u00ed su proyecto de destrucci\u00f3n\u00bb, como es\u00a0el Tren Maya.<\/p>\n<p>En el caracol \u00abMadre de los caracoles del mar de nuestros sue\u00f1os\u00bb, que se ubica en La Realidad, el Subcomandante Mois\u00e9s declar\u00f3, ante miles de insurgentes, que no le tienen miedo al presidente L\u00f3pez Obrador, m\u00e1s ahora que cre\u00f3 la Guardia Nacional, que es s\u00f3lo es un cambio de nombre del Ej\u00e9rcito, pero \u00abson los mismos\u00bb militares.<\/p>\n<div id=\"div-pos-2\"><\/div>\n<div id=\"div-gpt-ad-1539621500235-0\" data-google-query-id=\"COzgnZGmzt8CFcK_wAod1osLvQ\"><\/div>\n<p>El vocero del EZLN, sostuvo que los zapatistas\u00a0\u00abvamos a defender lo que hemos construido y lo que hemos demostrado al pueblo de M\u00e9xico\u00bb y por eso \u00abno vamos a permitir que venga a destruirnos\u00bb.<\/p>\n<p>Consider\u00f3 que L\u00f3pez Obrador \u00abes muy ma\u00f1oso\u00bb, al hacer creer que \u00abest\u00e1 con el pueblo de M\u00e9xico\u00bb, al que sigue enga\u00f1ando, como lo hace con los pueblos originarios, a quienes demuestra respeto y se hinca a la Madre Tierra, pero \u00abnosotros le decimos que no le creemos\u00bb.<\/p>\n<p>Dijo que en la ceremonia de toma de posesi\u00f3n, del 1 de diciembre,\u00a0L\u00f3pez Obrador \u00absimul\u00f3\u00bb pedir permiso y \u00abagarr\u00f3 nuestros modos y nuestras costumbres\u00bb para pedir permiso a la Madre Tierra, pero lo hace para \u00abdestruir a los pueblos originarios\u00bb.<\/p>\n<p>El ind\u00edgena tzeltal record\u00f3 que desde hace cinco a\u00f1os, el EZLN advirti\u00f3 al pueblo que vendr\u00eda para el pa\u00eds, \u00abuna cosa peor\u00bb, algo as\u00ed como el \u00abcolapso\u00bb, \u00abhidra\u00bb, \u00abmonstruo\u00bb y \u00abmuro\u00bb, pero no le creyeron.<\/p>\n<p>Por eso, los zapatistas \u00abaqu\u00ed estamos; aqu\u00ed seguimos\u00bb, pero el mal gobierno, solo se dedica a turistear, sin importarle \u00abla miseria, la desigualdad, la injusticia\u00bb del pueblo, que va seguir muriendo.<\/p>\n<p>\u00abQu\u00e9 l\u00e1stima que le hagan caso al que est\u00e1 ah\u00ed enga\u00f1ando al pueblo de M\u00e9xico\u00bb, consider\u00f3 Mois\u00e9s.<\/p>\n<p>Agreg\u00f3 que el \u00abmal gobierno no manda\u00bb, sino que \u00abmandan los que est\u00e1n organizados\u00bb y los que \u00abno est\u00e1n organizados siguen creyendo en esa desesperanza que se dice\u00bb, que \u00abno es esperanza\u00bb, pero \u00abnos quieren mentir. Nos quieren enga\u00f1ar, porque hay un pueblo que cree eso que dice la Virgen Morena. Es un loco el que dice eso. No sabe pensar, no piensa por el pueblo\u00bb<\/p>\n<p>Agreg\u00f3 que pese a todo,\u00a0los zapatistas van a ganar, pero \u00abno es f\u00e1cil enfrentar a los partidos pol\u00edticos y los malos gobiernos, como el actual, tramposo y ma\u00f1oso\u00bb.<\/p>\n<p>Mois\u00e9s record\u00f3 que hace 25 a\u00f1os, salieron \u00aba despertar al pueblo de M\u00e9xico y al mundo\u00bb y hoy desde ese tiempo, \u00abvemos que no estamos solos\u00bb.<\/p>\n<p>Ese 1 de enero de 1994, los zapatistas salieron para decirles a los pobres de M\u00e9xico, del campo y de la ciudad, que \u00abfueran testigos del despertar\u00bb.<\/p>\n","protected":false},"excerpt":{"rendered":"<p>&nbsp; &nbsp; Fuente:\u00a0\u00a0https:\/\/www.informador.mx\/ &nbsp; Sin mencionarlo por su nombre, el Ej\u00e9rcito Zapatista de Liberaci\u00f3n Nacional (EZLN) dijo que no le cree al Presidente Andr\u00e9s Manuel L\u00f3pez Obrador, a quien \u00abvamos a enfrentar\u00bb y no&#46;&#46;&#46;<\/p>\n","protected":false},"author":28,"featured_media":2188,"comment_status":"open","ping_status":"open","sticky":false,"template":"","format":"standard","meta":{"_acf_changed":false,"om_disable_all_campaigns":false,"rop_custom_images_group":[],"rop_custom_messages_group":[],"rop_publish_now":"initial","rop_publish_now_accounts":{"twitter_242054905_242054905":""},"rop_publish_now_history":[],"rop_publish_now_status":"pending","_uf_show_specific_survey":0,"_uf_disable_surveys":false,"footnotes":""},"categories":[1],"tags":[184,183],"class_list":["post-2187","post","type-post","status-publish","format-standard","has-post-thumbnail","hentry","category-uncategorized","tag-advierte-el-ezln","tag-enfrentaremos-a-lopez-obrador"],"acf":[],"aioseo_notices":[],"yoast_head":"<!-- This site is optimized with the Yoast SEO Premium plugin v24.9 (Yoast SEO v27.2) - https:\/\/yoast.com\/product\/yoast-seo-premium-wordpress\/ -->\n<title>Enfrentaremos a L\u00f3pez Obrador, advierte el EZLN - M\u00e9xico<\/title>\n<meta name=\"robots\" content=\"index, follow, max-snippet:-1, max-image-preview:large, max-video-preview:-1\" \/>\n<link rel=\"canonical\" href=\"https:\/\/noti-america.com\/site\/mexico\/2019\/01\/02\/enfrentaremos-a-lopez-obrador-advierte-el-ezln\/\" \/>\n<meta property=\"og:locale\" content=\"es_ES\" \/>\n<meta property=\"og:type\" content=\"article\" \/>\n<meta property=\"og:title\" content=\"Enfrentaremos a L\u00f3pez Obrador, advierte el EZLN\" \/>\n<meta property=\"og:description\" content=\"&nbsp; &nbsp; Fuente:\u00a0\u00a0https:\/\/www.informador.mx\/ &nbsp; Sin mencionarlo por su nombre, el Ej\u00e9rcito Zapatista de Liberaci\u00f3n Nacional (EZLN) dijo que no le cree al Presidente Andr\u00e9s Manuel L\u00f3pez Obrador, a quien \u00abvamos a enfrentar\u00bb y no&#046;&#046;&#046;\" \/>\n<meta property=\"og:url\" content=\"https:\/\/noti-america.com\/site\/mexico\/2019\/01\/02\/enfrentaremos-a-lopez-obrador-advierte-el-ezln\/\" \/>\n<meta property=\"og:site_name\" content=\"M\u00e9xico\" \/>\n<meta property=\"article:published_time\" content=\"2019-01-02T04:55:32+00:00\" \/>\n<meta property=\"og:image\" content=\"https:\/\/noti-america.com\/site\/mexico\/wp-content\/uploads\/sites\/13\/2019\/01\/ezln_un_morro_ap_crop1546365413630.jpg_1970638775.jpg\" \/>\n\t<meta property=\"og:image:width\" content=\"770\" \/>\n\t<meta property=\"og:image:height\" content=\"485\" \/>\n\t<meta property=\"og:image:type\" content=\"image\/jpeg\" \/>\n<meta name=\"author\" content=\"Redacci\u00f3n NA-NY\" \/>\n<meta name=\"twitter:card\" content=\"summary_large_image\" \/>\n<meta name=\"twitter:label1\" content=\"Escrito por\" \/>\n\t<meta name=\"twitter:data1\" content=\"Redacci\u00f3n NA-NY\" \/>\n\t<meta name=\"twitter:label2\" content=\"Tiempo estimado de lectura\" \/>\n\t<meta name=\"twitter:data2\" content=\"2 minutos\" \/>\n<script type=\"application\/ld+json\" class=\"yoast-schema-graph\">{\"@context\":\"https:\/\/schema.org\",\"@graph\":[{\"@type\":\"Article\",\"@id\":\"https:\/\/noti-america.com\/site\/mexico\/2019\/01\/02\/enfrentaremos-a-lopez-obrador-advierte-el-ezln\/#article\",\"isPartOf\":{\"@id\":\"https:\/\/noti-america.com\/site\/mexico\/2019\/01\/02\/enfrentaremos-a-lopez-obrador-advierte-el-ezln\/\"},\"author\":{\"name\":\"Redacci\u00f3n NA-NY\",\"@id\":\"https:\/\/noti-america.com\/site\/mexico\/#\/schema\/person\/db5a6527aaddfc34b3753d557a1292f0\"},\"headline\":\"Enfrentaremos a L\u00f3pez Obrador, advierte el EZLN\",\"datePublished\":\"2019-01-02T04:55:32+00:00\",\"mainEntityOfPage\":{\"@id\":\"https:\/\/noti-america.com\/site\/mexico\/2019\/01\/02\/enfrentaremos-a-lopez-obrador-advierte-el-ezln\/\"},\"wordCount\":503,\"commentCount\":0,\"publisher\":{\"@id\":\"https:\/\/noti-america.com\/site\/mexico\/#organization\"},\"image\":{\"@id\":\"https:\/\/noti-america.com\/site\/mexico\/2019\/01\/02\/enfrentaremos-a-lopez-obrador-advierte-el-ezln\/#primaryimage\"},\"thumbnailUrl\":\"https:\/\/noti-america.com\/site\/mexico\/wp-content\/uploads\/sites\/13\/2019\/01\/ezln_un_morro_ap_crop1546365413630.jpg_1970638775.jpg\",\"keywords\":[\"advierte el EZLN\",\"Enfrentaremos a L\u00f3pez Obrador\"],\"articleSection\":[\"Uncategorized\"],\"inLanguage\":\"es\",\"potentialAction\":[{\"@type\":\"CommentAction\",\"name\":\"Comment\",\"target\":[\"https:\/\/noti-america.com\/site\/mexico\/2019\/01\/02\/enfrentaremos-a-lopez-obrador-advierte-el-ezln\/#respond\"]}]},{\"@type\":\"WebPage\",\"@id\":\"https:\/\/noti-america.com\/site\/mexico\/2019\/01\/02\/enfrentaremos-a-lopez-obrador-advierte-el-ezln\/\",\"url\":\"https:\/\/noti-america.com\/site\/mexico\/2019\/01\/02\/enfrentaremos-a-lopez-obrador-advierte-el-ezln\/\",\"name\":\"Enfrentaremos a L\u00f3pez Obrador, advierte el EZLN - M\u00e9xico\",\"isPartOf\":{\"@id\":\"https:\/\/noti-america.com\/site\/mexico\/#website\"},\"primaryImageOfPage\":{\"@id\":\"https:\/\/noti-america.com\/site\/mexico\/2019\/01\/02\/enfrentaremos-a-lopez-obrador-advierte-el-ezln\/#primaryimage\"},\"image\":{\"@id\":\"https:\/\/noti-america.com\/site\/mexico\/2019\/01\/02\/enfrentaremos-a-lopez-obrador-advierte-el-ezln\/#primaryimage\"},\"thumbnailUrl\":\"https:\/\/noti-america.com\/site\/mexico\/wp-content\/uploads\/sites\/13\/2019\/01\/ezln_un_morro_ap_crop1546365413630.jpg_1970638775.jpg\",\"datePublished\":\"2019-01-02T04:55:32+00:00\",\"breadcrumb\":{\"@id\":\"https:\/\/noti-america.com\/site\/mexico\/2019\/01\/02\/enfrentaremos-a-lopez-obrador-advierte-el-ezln\/#breadcrumb\"},\"inLanguage\":\"es\",\"potentialAction\":[{\"@type\":\"ReadAction\",\"target\":[\"https:\/\/noti-america.com\/site\/mexico\/2019\/01\/02\/enfrentaremos-a-lopez-obrador-advierte-el-ezln\/\"]}]},{\"@type\":\"ImageObject\",\"inLanguage\":\"es\",\"@id\":\"https:\/\/noti-america.com\/site\/mexico\/2019\/01\/02\/enfrentaremos-a-lopez-obrador-advierte-el-ezln\/#primaryimage\",\"url\":\"https:\/\/noti-america.com\/site\/mexico\/wp-content\/uploads\/sites\/13\/2019\/01\/ezln_un_morro_ap_crop1546365413630.jpg_1970638775.jpg\",\"contentUrl\":\"https:\/\/noti-america.com\/site\/mexico\/wp-content\/uploads\/sites\/13\/2019\/01\/ezln_un_morro_ap_crop1546365413630.jpg_1970638775.jpg\",\"width\":770,\"height\":485},{\"@type\":\"BreadcrumbList\",\"@id\":\"https:\/\/noti-america.com\/site\/mexico\/2019\/01\/02\/enfrentaremos-a-lopez-obrador-advierte-el-ezln\/#breadcrumb\",\"itemListElement\":[{\"@type\":\"ListItem\",\"position\":1,\"name\":\"Portada\",\"item\":\"https:\/\/noti-america.com\/site\/mexico\/\"},{\"@type\":\"ListItem\",\"position\":2,\"name\":\"Enfrentaremos a L\u00f3pez Obrador, advierte el EZLN\"}]},{\"@type\":\"WebSite\",\"@id\":\"https:\/\/noti-america.com\/site\/mexico\/#website\",\"url\":\"https:\/\/noti-america.com\/site\/mexico\/\",\"name\":\"M\u00e9xico | Noti-America.com\",\"description\":\"\",\"publisher\":{\"@id\":\"https:\/\/noti-america.com\/site\/mexico\/#organization\"},\"potentialAction\":[{\"@type\":\"SearchAction\",\"target\":{\"@type\":\"EntryPoint\",\"urlTemplate\":\"https:\/\/noti-america.com\/site\/mexico\/?s={search_term_string}\"},\"query-input\":{\"@type\":\"PropertyValueSpecification\",\"valueRequired\":true,\"valueName\":\"search_term_string\"}}],\"inLanguage\":\"es\"},{\"@type\":\"Organization\",\"@id\":\"https:\/\/noti-america.com\/site\/mexico\/#organization\",\"name\":\"Noti-America LLC | M\u00e9xico\",\"url\":\"https:\/\/noti-america.com\/site\/mexico\/\",\"logo\":{\"@type\":\"ImageObject\",\"inLanguage\":\"es\",\"@id\":\"https:\/\/noti-america.com\/site\/mexico\/#\/schema\/logo\/image\/\",\"url\":\"https:\/\/noti-america.com\/site\/mexico\/wp-content\/uploads\/sites\/13\/2020\/07\/LogoNA-4x3-1.jpg\",\"contentUrl\":\"https:\/\/noti-america.com\/site\/mexico\/wp-content\/uploads\/sites\/13\/2020\/07\/LogoNA-4x3-1.jpg\",\"width\":1236,\"height\":1080,\"caption\":\"Noti-America LLC | M\u00e9xico\"},\"image\":{\"@id\":\"https:\/\/noti-america.com\/site\/mexico\/#\/schema\/logo\/image\/\"}},{\"@type\":\"Person\",\"@id\":\"https:\/\/noti-america.com\/site\/mexico\/#\/schema\/person\/db5a6527aaddfc34b3753d557a1292f0\",\"name\":\"Redacci\u00f3n NA-NY\",\"image\":{\"@type\":\"ImageObject\",\"inLanguage\":\"es\",\"@id\":\"https:\/\/secure.gravatar.com\/avatar\/2bd75bb500a8deb1390f777293a9af32d934c46613d2fbac7cceb2aaa2679ae8?s=96&d=mm&r=g\",\"url\":\"https:\/\/secure.gravatar.com\/avatar\/2bd75bb500a8deb1390f777293a9af32d934c46613d2fbac7cceb2aaa2679ae8?s=96&d=mm&r=g\",\"contentUrl\":\"https:\/\/secure.gravatar.com\/avatar\/2bd75bb500a8deb1390f777293a9af32d934c46613d2fbac7cceb2aaa2679ae8?s=96&d=mm&r=g\",\"caption\":\"Redacci\u00f3n NA-NY\"},\"url\":\"https:\/\/noti-america.com\/site\/mexico\/author\/redaccionny\/\"}]}<\/script>\n<!-- \/ Yoast SEO Premium plugin. -->","yoast_head_json":{"title":"Enfrentaremos a L\u00f3pez Obrador, advierte el EZLN - M\u00e9xico","robots":{"index":"index","follow":"follow","max-snippet":"max-snippet:-1","max-image-preview":"max-image-preview:large","max-video-preview":"max-video-preview:-1"},"canonical":"https:\/\/noti-america.com\/site\/mexico\/2019\/01\/02\/enfrentaremos-a-lopez-obrador-advierte-el-ezln\/","og_locale":"es_ES","og_type":"article","og_title":"Enfrentaremos a L\u00f3pez Obrador, advierte el EZLN","og_description":"&nbsp; &nbsp; Fuente:\u00a0\u00a0https:\/\/www.informador.mx\/ &nbsp; Sin mencionarlo por su nombre, el Ej\u00e9rcito Zapatista de Liberaci\u00f3n Nacional (EZLN) dijo que no le cree al Presidente Andr\u00e9s Manuel L\u00f3pez Obrador, a quien \u00abvamos a enfrentar\u00bb y no&#46;&#46;&#46;","og_url":"https:\/\/noti-america.com\/site\/mexico\/2019\/01\/02\/enfrentaremos-a-lopez-obrador-advierte-el-ezln\/","og_site_name":"M\u00e9xico","article_published_time":"2019-01-02T04:55:32+00:00","og_image":[{"width":770,"height":485,"url":"https:\/\/noti-america.com\/site\/mexico\/wp-content\/uploads\/sites\/13\/2019\/01\/ezln_un_morro_ap_crop1546365413630.jpg_1970638775.jpg","type":"image\/jpeg"}],"author":"Redacci\u00f3n NA-NY","twitter_card":"summary_large_image","twitter_misc":{"Escrito por":"Redacci\u00f3n NA-NY","Tiempo estimado de lectura":"2 minutos"},"schema":{"@context":"https:\/\/schema.org","@graph":[{"@type":"Article","@id":"https:\/\/noti-america.com\/site\/mexico\/2019\/01\/02\/enfrentaremos-a-lopez-obrador-advierte-el-ezln\/#article","isPartOf":{"@id":"https:\/\/noti-america.com\/site\/mexico\/2019\/01\/02\/enfrentaremos-a-lopez-obrador-advierte-el-ezln\/"},"author":{"name":"Redacci\u00f3n NA-NY","@id":"https:\/\/noti-america.com\/site\/mexico\/#\/schema\/person\/db5a6527aaddfc34b3753d557a1292f0"},"headline":"Enfrentaremos a L\u00f3pez Obrador, advierte el EZLN","datePublished":"2019-01-02T04:55:32+00:00","mainEntityOfPage":{"@id":"https:\/\/noti-america.com\/site\/mexico\/2019\/01\/02\/enfrentaremos-a-lopez-obrador-advierte-el-ezln\/"},"wordCount":503,"commentCount":0,"publisher":{"@id":"https:\/\/noti-america.com\/site\/mexico\/#organization"},"image":{"@id":"https:\/\/noti-america.com\/site\/mexico\/2019\/01\/02\/enfrentaremos-a-lopez-obrador-advierte-el-ezln\/#primaryimage"},"thumbnailUrl":"https:\/\/noti-america.com\/site\/mexico\/wp-content\/uploads\/sites\/13\/2019\/01\/ezln_un_morro_ap_crop1546365413630.jpg_1970638775.jpg","keywords":["advierte el EZLN","Enfrentaremos a L\u00f3pez Obrador"],"articleSection":["Uncategorized"],"inLanguage":"es","potentialAction":[{"@type":"CommentAction","name":"Comment","target":["https:\/\/noti-america.com\/site\/mexico\/2019\/01\/02\/enfrentaremos-a-lopez-obrador-advierte-el-ezln\/#respond"]}]},{"@type":"WebPage","@id":"https:\/\/noti-america.com\/site\/mexico\/2019\/01\/02\/enfrentaremos-a-lopez-obrador-advierte-el-ezln\/","url":"https:\/\/noti-america.com\/site\/mexico\/2019\/01\/02\/enfrentaremos-a-lopez-obrador-advierte-el-ezln\/","name":"Enfrentaremos a L\u00f3pez Obrador, advierte el EZLN - M\u00e9xico","isPartOf":{"@id":"https:\/\/noti-america.com\/site\/mexico\/#website"},"primaryImageOfPage":{"@id":"https:\/\/noti-america.com\/site\/mexico\/2019\/01\/02\/enfrentaremos-a-lopez-obrador-advierte-el-ezln\/#primaryimage"},"image":{"@id":"https:\/\/noti-america.com\/site\/mexico\/2019\/01\/02\/enfrentaremos-a-lopez-obrador-advierte-el-ezln\/#primaryimage"},"thumbnailUrl":"https:\/\/noti-america.com\/site\/mexico\/wp-content\/uploads\/sites\/13\/2019\/01\/ezln_un_morro_ap_crop1546365413630.jpg_1970638775.jpg","datePublished":"2019-01-02T04:55:32+00:00","breadcrumb":{"@id":"https:\/\/noti-america.com\/site\/mexico\/2019\/01\/02\/enfrentaremos-a-lopez-obrador-advierte-el-ezln\/#breadcrumb"},"inLanguage":"es","potentialAction":[{"@type":"ReadAction","target":["https:\/\/noti-america.com\/site\/mexico\/2019\/01\/02\/enfrentaremos-a-lopez-obrador-advierte-el-ezln\/"]}]},{"@type":"ImageObject","inLanguage":"es","@id":"https:\/\/noti-america.com\/site\/mexico\/2019\/01\/02\/enfrentaremos-a-lopez-obrador-advierte-el-ezln\/#primaryimage","url":"https:\/\/noti-america.com\/site\/mexico\/wp-content\/uploads\/sites\/13\/2019\/01\/ezln_un_morro_ap_crop1546365413630.jpg_1970638775.jpg","contentUrl":"https:\/\/noti-america.com\/site\/mexico\/wp-content\/uploads\/sites\/13\/2019\/01\/ezln_un_morro_ap_crop1546365413630.jpg_1970638775.jpg","width":770,"height":485},{"@type":"BreadcrumbList","@id":"https:\/\/noti-america.com\/site\/mexico\/2019\/01\/02\/enfrentaremos-a-lopez-obrador-advierte-el-ezln\/#breadcrumb","itemListElement":[{"@type":"ListItem","position":1,"name":"Portada","item":"https:\/\/noti-america.com\/site\/mexico\/"},{"@type":"ListItem","position":2,"name":"Enfrentaremos a L\u00f3pez Obrador, advierte el EZLN"}]},{"@type":"WebSite","@id":"https:\/\/noti-america.com\/site\/mexico\/#website","url":"https:\/\/noti-america.com\/site\/mexico\/","name":"M\u00e9xico | Noti-America.com","description":"","publisher":{"@id":"https:\/\/noti-america.com\/site\/mexico\/#organization"},"potentialAction":[{"@type":"SearchAction","target":{"@type":"EntryPoint","urlTemplate":"https:\/\/noti-america.com\/site\/mexico\/?s={search_term_string}"},"query-input":{"@type":"PropertyValueSpecification","valueRequired":true,"valueName":"search_term_string"}}],"inLanguage":"es"},{"@type":"Organization","@id":"https:\/\/noti-america.com\/site\/mexico\/#organization","name":"Noti-America LLC | M\u00e9xico","url":"https:\/\/noti-america.com\/site\/mexico\/","logo":{"@type":"ImageObject","inLanguage":"es","@id":"https:\/\/noti-america.com\/site\/mexico\/#\/schema\/logo\/image\/","url":"https:\/\/noti-america.com\/site\/mexico\/wp-content\/uploads\/sites\/13\/2020\/07\/LogoNA-4x3-1.jpg","contentUrl":"https:\/\/noti-america.com\/site\/mexico\/wp-content\/uploads\/sites\/13\/2020\/07\/LogoNA-4x3-1.jpg","width":1236,"height":1080,"caption":"Noti-America LLC | M\u00e9xico"},"image":{"@id":"https:\/\/noti-america.com\/site\/mexico\/#\/schema\/logo\/image\/"}},{"@type":"Person","@id":"https:\/\/noti-america.com\/site\/mexico\/#\/schema\/person\/db5a6527aaddfc34b3753d557a1292f0","name":"Redacci\u00f3n NA-NY","image":{"@type":"ImageObject","inLanguage":"es","@id":"https:\/\/secure.gravatar.com\/avatar\/2bd75bb500a8deb1390f777293a9af32d934c46613d2fbac7cceb2aaa2679ae8?s=96&d=mm&r=g","url":"https:\/\/secure.gravatar.com\/avatar\/2bd75bb500a8deb1390f777293a9af32d934c46613d2fbac7cceb2aaa2679ae8?s=96&d=mm&r=g","contentUrl":"https:\/\/secure.gravatar.com\/avatar\/2bd75bb500a8deb1390f777293a9af32d934c46613d2fbac7cceb2aaa2679ae8?s=96&d=mm&r=g","caption":"Redacci\u00f3n NA-NY"},"url":"https:\/\/noti-america.com\/site\/mexico\/author\/redaccionny\/"}]}},"_links":{"self":[{"href":"https:\/\/noti-america.com\/site\/mexico\/wp-json\/wp\/v2\/posts\/2187","targetHints":{"allow":["GET"]}}],"collection":[{"href":"https:\/\/noti-america.com\/site\/mexico\/wp-json\/wp\/v2\/posts"}],"about":[{"href":"https:\/\/noti-america.com\/site\/mexico\/wp-json\/wp\/v2\/types\/post"}],"author":[{"embeddable":true,"href":"https:\/\/noti-america.com\/site\/mexico\/wp-json\/wp\/v2\/users\/28"}],"replies":[{"embeddable":true,"href":"https:\/\/noti-america.com\/site\/mexico\/wp-json\/wp\/v2\/comments?post=2187"}],"version-history":[{"count":1,"href":"https:\/\/noti-america.com\/site\/mexico\/wp-json\/wp\/v2\/posts\/2187\/revisions"}],"predecessor-version":[{"id":2189,"href":"https:\/\/noti-america.com\/site\/mexico\/wp-json\/wp\/v2\/posts\/2187\/revisions\/2189"}],"wp:featuredmedia":[{"embeddable":true,"href":"https:\/\/noti-america.com\/site\/mexico\/wp-json\/wp\/v2\/media\/2188"}],"wp:attachment":[{"href":"https:\/\/noti-america.com\/site\/mexico\/wp-json\/wp\/v2\/media?parent=2187"}],"wp:term":[{"taxonomy":"category","embeddable":true,"href":"https:\/\/noti-america.com\/site\/mexico\/wp-json\/wp\/v2\/categories?post=2187"},{"taxonomy":"post_tag","embeddable":true,"href":"https:\/\/noti-america.com\/site\/mexico\/wp-json\/wp\/v2\/tags?post=2187"}],"curies":[{"name":"wp","href":"https:\/\/api.w.org\/{rel}","templated":true}]}}