{"id":2183,"date":"2019-01-02T04:50:14","date_gmt":"2019-01-02T04:50:14","guid":{"rendered":"http:\/\/noti-america.com\/site\/mexico\/?p=2183"},"modified":"2019-01-02T04:50:14","modified_gmt":"2019-01-02T04:50:14","slug":"sexta-tormenta-invernal-mantendra-ambiente-frio-en-la-mayor-parte-del-pais","status":"publish","type":"post","link":"https:\/\/noti-america.com\/site\/mexico\/2019\/01\/02\/sexta-tormenta-invernal-mantendra-ambiente-frio-en-la-mayor-parte-del-pais\/","title":{"rendered":"Sexta tormenta invernal mantendr\u00e1 ambiente fr\u00edo en la mayor parte del pa\u00eds"},"content":{"rendered":"<p><img loading=\"lazy\" decoding=\"async\" class=\" wp-image-2184 aligncenter\" src=\"http:\/\/noti-america.com\/site\/mexico\/wp-content\/uploads\/sites\/13\/2019\/01\/rs2997523_dig-2018-02-07-22-00-138_crop1546359818747.jpg_1970638775-300x189.jpg\" alt=\"\" width=\"517\" height=\"326\" srcset=\"https:\/\/noti-america.com\/site\/mexico\/wp-content\/uploads\/sites\/13\/2019\/01\/rs2997523_dig-2018-02-07-22-00-138_crop1546359818747.jpg_1970638775-300x189.jpg 300w, https:\/\/noti-america.com\/site\/mexico\/wp-content\/uploads\/sites\/13\/2019\/01\/rs2997523_dig-2018-02-07-22-00-138_crop1546359818747.jpg_1970638775-768x484.jpg 768w, https:\/\/noti-america.com\/site\/mexico\/wp-content\/uploads\/sites\/13\/2019\/01\/rs2997523_dig-2018-02-07-22-00-138_crop1546359818747.jpg_1970638775.jpg 770w\" sizes=\"auto, (max-width: 517px) 100vw, 517px\" \/><\/p>\n<p>&nbsp;<\/p>\n<p>&nbsp;<\/p>\n<h3>Fuente:\u00a0\u00a0https:\/\/www.informador.mx\/<\/h3>\n<p>&nbsp;<\/p>\n<p>La sexta tormenta invernal de la temporada favorecer\u00e1 potencial para la ca\u00edda de nieve y aguanieve en norte de Baja California y norte de Sonora y Chihuahua, as\u00ed como\u00a0vientos fuertes con rachas superiores a 70 kil\u00f3metros por hora (km\/h) en esas mismas entidades, y potencial de lluvias en Baja California.<\/p>\n<p>El\u00a0Servicio Meteorol\u00f3gico Nacional (SMN)\u00a0report\u00f3 que este martes se estiman temperaturas m\u00ednimas inferiores a -5 grados Celsius en las monta\u00f1as de Sonora, Chihuahua y Durango.<\/p>\n<div id=\"div-pos-2\"><\/div>\n<div id=\"div-gpt-ad-1539621500235-0\" data-google-query-id=\"CO7NkKalzt8CFVk8Twod9OYL1g\"><\/div>\n<p>De -5 a 0 grados Celsius en las sierras de Baja California, Coahuila, Nuevo Le\u00f3n, Zacatecas y Estado de M\u00e9xico, y de 0 a 5 grados Celsius en las zonas altas de Aguascalientes, San Luis Potos\u00ed, Jalisco, Guanajuato, Quer\u00e9taro, Hidalgo, Michoac\u00e1n, Puebla y Tlaxcala.<\/p>\n<p>Vientos con rachas superiores a 70 km\/h, se prev\u00e9n en Baja California, Sonora y Chihuahua, y vientos con rachas de 40 km\/h o superiores en Coahuila, Nuevo Le\u00f3n, Tamaulipas, Durango, Zacatecas, San Luis Potos\u00ed, Aguascalientes, Oaxaca, Chiapas, Campeche, Yucat\u00e1n y Quintana Roo.<\/p>\n<p>Se pronostican lluvias con intervalos de chubascos para Baja California, Sonora, Veracruz, Puebla,\u00a0Yucat\u00e1n\u00a0y Quintana Roo, y lluvias aisladas para Chihuahua, Nuevo Le\u00f3n, Tamaulipas,\u00a0Zacatecas, San Luis Potos\u00ed, Jalisco, Colima, Hidalgo, Chiapas,Oaxaca, Tabasco y Campeche.<\/p>\n<p>El nuevo frente fr\u00edo n\u00famero 22 se extender\u00e1 sobre el noroeste de\u00a0M\u00e9xico.<\/p>\n<p>Finalmente, la entrada de aire h\u00famedo proveniente del Mar Caribe,\u00a0favorecer\u00e1 el potencial de lluvias y vientos fuertes con rachas que pueden superar los 40 km\/h en la Pen\u00ednsula de\u00a0Yucat\u00e1n.<\/p>\n<p>En el pron\u00f3stico por regiones, el organismo de la Comisi\u00f3n Nacional del Agua (Conagua) indic\u00f3 que la Pen\u00ednsula de Baja California mantendr\u00e1 cielo nublado con lluvias y ca\u00edda de nieve y aguanieve, vientos del norte con rachas que pueden superar 70 km\/h en el norte de Baja California.<\/p>\n","protected":false},"excerpt":{"rendered":"<p>&nbsp; &nbsp; Fuente:\u00a0\u00a0https:\/\/www.informador.mx\/ &nbsp; La sexta tormenta invernal de la temporada favorecer\u00e1 potencial para la ca\u00edda de nieve y aguanieve en norte de Baja California y norte de Sonora y Chihuahua, as\u00ed como\u00a0vientos fuertes&#46;&#46;&#46;<\/p>\n","protected":false},"author":28,"featured_media":2184,"comment_status":"open","ping_status":"open","sticky":false,"template":"","format":"standard","meta":{"_acf_changed":false,"om_disable_all_campaigns":false,"rop_custom_images_group":[],"rop_custom_messages_group":[],"rop_publish_now":"initial","rop_publish_now_accounts":{"twitter_242054905_242054905":""},"rop_publish_now_history":[],"rop_publish_now_status":"pending","_uf_show_specific_survey":0,"_uf_disable_surveys":false,"footnotes":""},"categories":[1],"tags":[182],"class_list":["post-2183","post","type-post","status-publish","format-standard","has-post-thumbnail","hentry","category-uncategorized","tag-sexta-tormenta-invernal-mantendra-ambiente-frio-en-la-mayor-parte-del-pais"],"acf":[],"aioseo_notices":[],"yoast_head":"<!-- This site is optimized with the Yoast SEO Premium plugin v24.9 (Yoast SEO v27.2) - https:\/\/yoast.com\/product\/yoast-seo-premium-wordpress\/ -->\n<title>Sexta tormenta invernal mantendr\u00e1 ambiente fr\u00edo en la mayor parte del pa\u00eds - M\u00e9xico<\/title>\n<meta name=\"robots\" content=\"index, follow, max-snippet:-1, max-image-preview:large, max-video-preview:-1\" \/>\n<link rel=\"canonical\" href=\"https:\/\/noti-america.com\/site\/mexico\/2019\/01\/02\/sexta-tormenta-invernal-mantendra-ambiente-frio-en-la-mayor-parte-del-pais\/\" \/>\n<meta property=\"og:locale\" content=\"es_ES\" \/>\n<meta property=\"og:type\" content=\"article\" \/>\n<meta property=\"og:title\" content=\"Sexta tormenta invernal mantendr\u00e1 ambiente fr\u00edo en la mayor parte del pa\u00eds\" \/>\n<meta property=\"og:description\" content=\"&nbsp; &nbsp; Fuente:\u00a0\u00a0https:\/\/www.informador.mx\/ &nbsp; La sexta tormenta invernal de la temporada favorecer\u00e1 potencial para la ca\u00edda de nieve y aguanieve en norte de Baja California y norte de Sonora y Chihuahua, as\u00ed como\u00a0vientos fuertes&#046;&#046;&#046;\" \/>\n<meta property=\"og:url\" content=\"https:\/\/noti-america.com\/site\/mexico\/2019\/01\/02\/sexta-tormenta-invernal-mantendra-ambiente-frio-en-la-mayor-parte-del-pais\/\" \/>\n<meta property=\"og:site_name\" content=\"M\u00e9xico\" \/>\n<meta property=\"article:published_time\" content=\"2019-01-02T04:50:14+00:00\" \/>\n<meta property=\"og:image\" content=\"https:\/\/noti-america.com\/site\/mexico\/wp-content\/uploads\/sites\/13\/2019\/01\/rs2997523_dig-2018-02-07-22-00-138_crop1546359818747.jpg_1970638775.jpg\" \/>\n\t<meta property=\"og:image:width\" content=\"770\" \/>\n\t<meta property=\"og:image:height\" content=\"485\" \/>\n\t<meta property=\"og:image:type\" content=\"image\/jpeg\" \/>\n<meta name=\"author\" content=\"Redacci\u00f3n NA-NY\" \/>\n<meta name=\"twitter:card\" content=\"summary_large_image\" \/>\n<meta name=\"twitter:label1\" content=\"Escrito por\" \/>\n\t<meta name=\"twitter:data1\" content=\"Redacci\u00f3n NA-NY\" \/>\n\t<meta name=\"twitter:label2\" content=\"Tiempo estimado de lectura\" \/>\n\t<meta name=\"twitter:data2\" content=\"2 minutos\" \/>\n<script type=\"application\/ld+json\" class=\"yoast-schema-graph\">{\"@context\":\"https:\/\/schema.org\",\"@graph\":[{\"@type\":\"Article\",\"@id\":\"https:\/\/noti-america.com\/site\/mexico\/2019\/01\/02\/sexta-tormenta-invernal-mantendra-ambiente-frio-en-la-mayor-parte-del-pais\/#article\",\"isPartOf\":{\"@id\":\"https:\/\/noti-america.com\/site\/mexico\/2019\/01\/02\/sexta-tormenta-invernal-mantendra-ambiente-frio-en-la-mayor-parte-del-pais\/\"},\"author\":{\"name\":\"Redacci\u00f3n NA-NY\",\"@id\":\"https:\/\/noti-america.com\/site\/mexico\/#\/schema\/person\/db5a6527aaddfc34b3753d557a1292f0\"},\"headline\":\"Sexta tormenta invernal mantendr\u00e1 ambiente fr\u00edo en la mayor parte del pa\u00eds\",\"datePublished\":\"2019-01-02T04:50:14+00:00\",\"mainEntityOfPage\":{\"@id\":\"https:\/\/noti-america.com\/site\/mexico\/2019\/01\/02\/sexta-tormenta-invernal-mantendra-ambiente-frio-en-la-mayor-parte-del-pais\/\"},\"wordCount\":334,\"commentCount\":0,\"publisher\":{\"@id\":\"https:\/\/noti-america.com\/site\/mexico\/#organization\"},\"image\":{\"@id\":\"https:\/\/noti-america.com\/site\/mexico\/2019\/01\/02\/sexta-tormenta-invernal-mantendra-ambiente-frio-en-la-mayor-parte-del-pais\/#primaryimage\"},\"thumbnailUrl\":\"https:\/\/noti-america.com\/site\/mexico\/wp-content\/uploads\/sites\/13\/2019\/01\/rs2997523_dig-2018-02-07-22-00-138_crop1546359818747.jpg_1970638775.jpg\",\"keywords\":[\"Sexta tormenta invernal mantendr\u00e1 ambiente fr\u00edo en la mayor parte del pa\u00eds\"],\"articleSection\":[\"Uncategorized\"],\"inLanguage\":\"es\",\"potentialAction\":[{\"@type\":\"CommentAction\",\"name\":\"Comment\",\"target\":[\"https:\/\/noti-america.com\/site\/mexico\/2019\/01\/02\/sexta-tormenta-invernal-mantendra-ambiente-frio-en-la-mayor-parte-del-pais\/#respond\"]}]},{\"@type\":\"WebPage\",\"@id\":\"https:\/\/noti-america.com\/site\/mexico\/2019\/01\/02\/sexta-tormenta-invernal-mantendra-ambiente-frio-en-la-mayor-parte-del-pais\/\",\"url\":\"https:\/\/noti-america.com\/site\/mexico\/2019\/01\/02\/sexta-tormenta-invernal-mantendra-ambiente-frio-en-la-mayor-parte-del-pais\/\",\"name\":\"Sexta tormenta invernal mantendr\u00e1 ambiente fr\u00edo en la mayor parte del pa\u00eds - M\u00e9xico\",\"isPartOf\":{\"@id\":\"https:\/\/noti-america.com\/site\/mexico\/#website\"},\"primaryImageOfPage\":{\"@id\":\"https:\/\/noti-america.com\/site\/mexico\/2019\/01\/02\/sexta-tormenta-invernal-mantendra-ambiente-frio-en-la-mayor-parte-del-pais\/#primaryimage\"},\"image\":{\"@id\":\"https:\/\/noti-america.com\/site\/mexico\/2019\/01\/02\/sexta-tormenta-invernal-mantendra-ambiente-frio-en-la-mayor-parte-del-pais\/#primaryimage\"},\"thumbnailUrl\":\"https:\/\/noti-america.com\/site\/mexico\/wp-content\/uploads\/sites\/13\/2019\/01\/rs2997523_dig-2018-02-07-22-00-138_crop1546359818747.jpg_1970638775.jpg\",\"datePublished\":\"2019-01-02T04:50:14+00:00\",\"breadcrumb\":{\"@id\":\"https:\/\/noti-america.com\/site\/mexico\/2019\/01\/02\/sexta-tormenta-invernal-mantendra-ambiente-frio-en-la-mayor-parte-del-pais\/#breadcrumb\"},\"inLanguage\":\"es\",\"potentialAction\":[{\"@type\":\"ReadAction\",\"target\":[\"https:\/\/noti-america.com\/site\/mexico\/2019\/01\/02\/sexta-tormenta-invernal-mantendra-ambiente-frio-en-la-mayor-parte-del-pais\/\"]}]},{\"@type\":\"ImageObject\",\"inLanguage\":\"es\",\"@id\":\"https:\/\/noti-america.com\/site\/mexico\/2019\/01\/02\/sexta-tormenta-invernal-mantendra-ambiente-frio-en-la-mayor-parte-del-pais\/#primaryimage\",\"url\":\"https:\/\/noti-america.com\/site\/mexico\/wp-content\/uploads\/sites\/13\/2019\/01\/rs2997523_dig-2018-02-07-22-00-138_crop1546359818747.jpg_1970638775.jpg\",\"contentUrl\":\"https:\/\/noti-america.com\/site\/mexico\/wp-content\/uploads\/sites\/13\/2019\/01\/rs2997523_dig-2018-02-07-22-00-138_crop1546359818747.jpg_1970638775.jpg\",\"width\":770,\"height\":485},{\"@type\":\"BreadcrumbList\",\"@id\":\"https:\/\/noti-america.com\/site\/mexico\/2019\/01\/02\/sexta-tormenta-invernal-mantendra-ambiente-frio-en-la-mayor-parte-del-pais\/#breadcrumb\",\"itemListElement\":[{\"@type\":\"ListItem\",\"position\":1,\"name\":\"Portada\",\"item\":\"https:\/\/noti-america.com\/site\/mexico\/\"},{\"@type\":\"ListItem\",\"position\":2,\"name\":\"Sexta tormenta invernal mantendr\u00e1 ambiente fr\u00edo en la mayor parte del pa\u00eds\"}]},{\"@type\":\"WebSite\",\"@id\":\"https:\/\/noti-america.com\/site\/mexico\/#website\",\"url\":\"https:\/\/noti-america.com\/site\/mexico\/\",\"name\":\"M\u00e9xico | Noti-America.com\",\"description\":\"\",\"publisher\":{\"@id\":\"https:\/\/noti-america.com\/site\/mexico\/#organization\"},\"potentialAction\":[{\"@type\":\"SearchAction\",\"target\":{\"@type\":\"EntryPoint\",\"urlTemplate\":\"https:\/\/noti-america.com\/site\/mexico\/?s={search_term_string}\"},\"query-input\":{\"@type\":\"PropertyValueSpecification\",\"valueRequired\":true,\"valueName\":\"search_term_string\"}}],\"inLanguage\":\"es\"},{\"@type\":\"Organization\",\"@id\":\"https:\/\/noti-america.com\/site\/mexico\/#organization\",\"name\":\"Noti-America LLC | M\u00e9xico\",\"url\":\"https:\/\/noti-america.com\/site\/mexico\/\",\"logo\":{\"@type\":\"ImageObject\",\"inLanguage\":\"es\",\"@id\":\"https:\/\/noti-america.com\/site\/mexico\/#\/schema\/logo\/image\/\",\"url\":\"https:\/\/noti-america.com\/site\/mexico\/wp-content\/uploads\/sites\/13\/2020\/07\/LogoNA-4x3-1.jpg\",\"contentUrl\":\"https:\/\/noti-america.com\/site\/mexico\/wp-content\/uploads\/sites\/13\/2020\/07\/LogoNA-4x3-1.jpg\",\"width\":1236,\"height\":1080,\"caption\":\"Noti-America LLC | M\u00e9xico\"},\"image\":{\"@id\":\"https:\/\/noti-america.com\/site\/mexico\/#\/schema\/logo\/image\/\"}},{\"@type\":\"Person\",\"@id\":\"https:\/\/noti-america.com\/site\/mexico\/#\/schema\/person\/db5a6527aaddfc34b3753d557a1292f0\",\"name\":\"Redacci\u00f3n NA-NY\",\"image\":{\"@type\":\"ImageObject\",\"inLanguage\":\"es\",\"@id\":\"https:\/\/secure.gravatar.com\/avatar\/2bd75bb500a8deb1390f777293a9af32d934c46613d2fbac7cceb2aaa2679ae8?s=96&d=mm&r=g\",\"url\":\"https:\/\/secure.gravatar.com\/avatar\/2bd75bb500a8deb1390f777293a9af32d934c46613d2fbac7cceb2aaa2679ae8?s=96&d=mm&r=g\",\"contentUrl\":\"https:\/\/secure.gravatar.com\/avatar\/2bd75bb500a8deb1390f777293a9af32d934c46613d2fbac7cceb2aaa2679ae8?s=96&d=mm&r=g\",\"caption\":\"Redacci\u00f3n NA-NY\"},\"url\":\"https:\/\/noti-america.com\/site\/mexico\/author\/redaccionny\/\"}]}<\/script>\n<!-- \/ Yoast SEO Premium plugin. -->","yoast_head_json":{"title":"Sexta tormenta invernal mantendr\u00e1 ambiente fr\u00edo en la mayor parte del pa\u00eds - M\u00e9xico","robots":{"index":"index","follow":"follow","max-snippet":"max-snippet:-1","max-image-preview":"max-image-preview:large","max-video-preview":"max-video-preview:-1"},"canonical":"https:\/\/noti-america.com\/site\/mexico\/2019\/01\/02\/sexta-tormenta-invernal-mantendra-ambiente-frio-en-la-mayor-parte-del-pais\/","og_locale":"es_ES","og_type":"article","og_title":"Sexta tormenta invernal mantendr\u00e1 ambiente fr\u00edo en la mayor parte del pa\u00eds","og_description":"&nbsp; &nbsp; Fuente:\u00a0\u00a0https:\/\/www.informador.mx\/ &nbsp; La sexta tormenta invernal de la temporada favorecer\u00e1 potencial para la ca\u00edda de nieve y aguanieve en norte de Baja California y norte de Sonora y Chihuahua, as\u00ed como\u00a0vientos fuertes&#46;&#46;&#46;","og_url":"https:\/\/noti-america.com\/site\/mexico\/2019\/01\/02\/sexta-tormenta-invernal-mantendra-ambiente-frio-en-la-mayor-parte-del-pais\/","og_site_name":"M\u00e9xico","article_published_time":"2019-01-02T04:50:14+00:00","og_image":[{"width":770,"height":485,"url":"https:\/\/noti-america.com\/site\/mexico\/wp-content\/uploads\/sites\/13\/2019\/01\/rs2997523_dig-2018-02-07-22-00-138_crop1546359818747.jpg_1970638775.jpg","type":"image\/jpeg"}],"author":"Redacci\u00f3n NA-NY","twitter_card":"summary_large_image","twitter_misc":{"Escrito por":"Redacci\u00f3n NA-NY","Tiempo estimado de lectura":"2 minutos"},"schema":{"@context":"https:\/\/schema.org","@graph":[{"@type":"Article","@id":"https:\/\/noti-america.com\/site\/mexico\/2019\/01\/02\/sexta-tormenta-invernal-mantendra-ambiente-frio-en-la-mayor-parte-del-pais\/#article","isPartOf":{"@id":"https:\/\/noti-america.com\/site\/mexico\/2019\/01\/02\/sexta-tormenta-invernal-mantendra-ambiente-frio-en-la-mayor-parte-del-pais\/"},"author":{"name":"Redacci\u00f3n NA-NY","@id":"https:\/\/noti-america.com\/site\/mexico\/#\/schema\/person\/db5a6527aaddfc34b3753d557a1292f0"},"headline":"Sexta tormenta invernal mantendr\u00e1 ambiente fr\u00edo en la mayor parte del pa\u00eds","datePublished":"2019-01-02T04:50:14+00:00","mainEntityOfPage":{"@id":"https:\/\/noti-america.com\/site\/mexico\/2019\/01\/02\/sexta-tormenta-invernal-mantendra-ambiente-frio-en-la-mayor-parte-del-pais\/"},"wordCount":334,"commentCount":0,"publisher":{"@id":"https:\/\/noti-america.com\/site\/mexico\/#organization"},"image":{"@id":"https:\/\/noti-america.com\/site\/mexico\/2019\/01\/02\/sexta-tormenta-invernal-mantendra-ambiente-frio-en-la-mayor-parte-del-pais\/#primaryimage"},"thumbnailUrl":"https:\/\/noti-america.com\/site\/mexico\/wp-content\/uploads\/sites\/13\/2019\/01\/rs2997523_dig-2018-02-07-22-00-138_crop1546359818747.jpg_1970638775.jpg","keywords":["Sexta tormenta invernal mantendr\u00e1 ambiente fr\u00edo en la mayor parte del pa\u00eds"],"articleSection":["Uncategorized"],"inLanguage":"es","potentialAction":[{"@type":"CommentAction","name":"Comment","target":["https:\/\/noti-america.com\/site\/mexico\/2019\/01\/02\/sexta-tormenta-invernal-mantendra-ambiente-frio-en-la-mayor-parte-del-pais\/#respond"]}]},{"@type":"WebPage","@id":"https:\/\/noti-america.com\/site\/mexico\/2019\/01\/02\/sexta-tormenta-invernal-mantendra-ambiente-frio-en-la-mayor-parte-del-pais\/","url":"https:\/\/noti-america.com\/site\/mexico\/2019\/01\/02\/sexta-tormenta-invernal-mantendra-ambiente-frio-en-la-mayor-parte-del-pais\/","name":"Sexta tormenta invernal mantendr\u00e1 ambiente fr\u00edo en la mayor parte del pa\u00eds - M\u00e9xico","isPartOf":{"@id":"https:\/\/noti-america.com\/site\/mexico\/#website"},"primaryImageOfPage":{"@id":"https:\/\/noti-america.com\/site\/mexico\/2019\/01\/02\/sexta-tormenta-invernal-mantendra-ambiente-frio-en-la-mayor-parte-del-pais\/#primaryimage"},"image":{"@id":"https:\/\/noti-america.com\/site\/mexico\/2019\/01\/02\/sexta-tormenta-invernal-mantendra-ambiente-frio-en-la-mayor-parte-del-pais\/#primaryimage"},"thumbnailUrl":"https:\/\/noti-america.com\/site\/mexico\/wp-content\/uploads\/sites\/13\/2019\/01\/rs2997523_dig-2018-02-07-22-00-138_crop1546359818747.jpg_1970638775.jpg","datePublished":"2019-01-02T04:50:14+00:00","breadcrumb":{"@id":"https:\/\/noti-america.com\/site\/mexico\/2019\/01\/02\/sexta-tormenta-invernal-mantendra-ambiente-frio-en-la-mayor-parte-del-pais\/#breadcrumb"},"inLanguage":"es","potentialAction":[{"@type":"ReadAction","target":["https:\/\/noti-america.com\/site\/mexico\/2019\/01\/02\/sexta-tormenta-invernal-mantendra-ambiente-frio-en-la-mayor-parte-del-pais\/"]}]},{"@type":"ImageObject","inLanguage":"es","@id":"https:\/\/noti-america.com\/site\/mexico\/2019\/01\/02\/sexta-tormenta-invernal-mantendra-ambiente-frio-en-la-mayor-parte-del-pais\/#primaryimage","url":"https:\/\/noti-america.com\/site\/mexico\/wp-content\/uploads\/sites\/13\/2019\/01\/rs2997523_dig-2018-02-07-22-00-138_crop1546359818747.jpg_1970638775.jpg","contentUrl":"https:\/\/noti-america.com\/site\/mexico\/wp-content\/uploads\/sites\/13\/2019\/01\/rs2997523_dig-2018-02-07-22-00-138_crop1546359818747.jpg_1970638775.jpg","width":770,"height":485},{"@type":"BreadcrumbList","@id":"https:\/\/noti-america.com\/site\/mexico\/2019\/01\/02\/sexta-tormenta-invernal-mantendra-ambiente-frio-en-la-mayor-parte-del-pais\/#breadcrumb","itemListElement":[{"@type":"ListItem","position":1,"name":"Portada","item":"https:\/\/noti-america.com\/site\/mexico\/"},{"@type":"ListItem","position":2,"name":"Sexta tormenta invernal mantendr\u00e1 ambiente fr\u00edo en la mayor parte del pa\u00eds"}]},{"@type":"WebSite","@id":"https:\/\/noti-america.com\/site\/mexico\/#website","url":"https:\/\/noti-america.com\/site\/mexico\/","name":"M\u00e9xico | Noti-America.com","description":"","publisher":{"@id":"https:\/\/noti-america.com\/site\/mexico\/#organization"},"potentialAction":[{"@type":"SearchAction","target":{"@type":"EntryPoint","urlTemplate":"https:\/\/noti-america.com\/site\/mexico\/?s={search_term_string}"},"query-input":{"@type":"PropertyValueSpecification","valueRequired":true,"valueName":"search_term_string"}}],"inLanguage":"es"},{"@type":"Organization","@id":"https:\/\/noti-america.com\/site\/mexico\/#organization","name":"Noti-America LLC | M\u00e9xico","url":"https:\/\/noti-america.com\/site\/mexico\/","logo":{"@type":"ImageObject","inLanguage":"es","@id":"https:\/\/noti-america.com\/site\/mexico\/#\/schema\/logo\/image\/","url":"https:\/\/noti-america.com\/site\/mexico\/wp-content\/uploads\/sites\/13\/2020\/07\/LogoNA-4x3-1.jpg","contentUrl":"https:\/\/noti-america.com\/site\/mexico\/wp-content\/uploads\/sites\/13\/2020\/07\/LogoNA-4x3-1.jpg","width":1236,"height":1080,"caption":"Noti-America LLC | M\u00e9xico"},"image":{"@id":"https:\/\/noti-america.com\/site\/mexico\/#\/schema\/logo\/image\/"}},{"@type":"Person","@id":"https:\/\/noti-america.com\/site\/mexico\/#\/schema\/person\/db5a6527aaddfc34b3753d557a1292f0","name":"Redacci\u00f3n NA-NY","image":{"@type":"ImageObject","inLanguage":"es","@id":"https:\/\/secure.gravatar.com\/avatar\/2bd75bb500a8deb1390f777293a9af32d934c46613d2fbac7cceb2aaa2679ae8?s=96&d=mm&r=g","url":"https:\/\/secure.gravatar.com\/avatar\/2bd75bb500a8deb1390f777293a9af32d934c46613d2fbac7cceb2aaa2679ae8?s=96&d=mm&r=g","contentUrl":"https:\/\/secure.gravatar.com\/avatar\/2bd75bb500a8deb1390f777293a9af32d934c46613d2fbac7cceb2aaa2679ae8?s=96&d=mm&r=g","caption":"Redacci\u00f3n NA-NY"},"url":"https:\/\/noti-america.com\/site\/mexico\/author\/redaccionny\/"}]}},"_links":{"self":[{"href":"https:\/\/noti-america.com\/site\/mexico\/wp-json\/wp\/v2\/posts\/2183","targetHints":{"allow":["GET"]}}],"collection":[{"href":"https:\/\/noti-america.com\/site\/mexico\/wp-json\/wp\/v2\/posts"}],"about":[{"href":"https:\/\/noti-america.com\/site\/mexico\/wp-json\/wp\/v2\/types\/post"}],"author":[{"embeddable":true,"href":"https:\/\/noti-america.com\/site\/mexico\/wp-json\/wp\/v2\/users\/28"}],"replies":[{"embeddable":true,"href":"https:\/\/noti-america.com\/site\/mexico\/wp-json\/wp\/v2\/comments?post=2183"}],"version-history":[{"count":1,"href":"https:\/\/noti-america.com\/site\/mexico\/wp-json\/wp\/v2\/posts\/2183\/revisions"}],"predecessor-version":[{"id":2185,"href":"https:\/\/noti-america.com\/site\/mexico\/wp-json\/wp\/v2\/posts\/2183\/revisions\/2185"}],"wp:featuredmedia":[{"embeddable":true,"href":"https:\/\/noti-america.com\/site\/mexico\/wp-json\/wp\/v2\/media\/2184"}],"wp:attachment":[{"href":"https:\/\/noti-america.com\/site\/mexico\/wp-json\/wp\/v2\/media?parent=2183"}],"wp:term":[{"taxonomy":"category","embeddable":true,"href":"https:\/\/noti-america.com\/site\/mexico\/wp-json\/wp\/v2\/categories?post=2183"},{"taxonomy":"post_tag","embeddable":true,"href":"https:\/\/noti-america.com\/site\/mexico\/wp-json\/wp\/v2\/tags?post=2183"}],"curies":[{"name":"wp","href":"https:\/\/api.w.org\/{rel}","templated":true}]}}