{"id":2130,"date":"2018-12-28T18:38:17","date_gmt":"2018-12-28T18:38:17","guid":{"rendered":"http:\/\/noti-america.com\/site\/mexico\/?p=2130"},"modified":"2018-12-28T18:38:17","modified_gmt":"2018-12-28T18:38:17","slug":"estas-son-las-peliculas-mas-esperadas-de-2019-con-trailers","status":"publish","type":"post","link":"https:\/\/noti-america.com\/site\/mexico\/2018\/12\/28\/estas-son-las-peliculas-mas-esperadas-de-2019-con-trailers\/","title":{"rendered":"\u00c9stas son las pel\u00edculas m\u00e1s esperadas de 2019 (Con Trailers)"},"content":{"rendered":"<p dir=\"ltr\"><img loading=\"lazy\" decoding=\"async\" class=\" wp-image-2131 aligncenter\" src=\"http:\/\/noti-america.com\/site\/mexico\/wp-content\/uploads\/sites\/13\/2018\/12\/162383-Principal-300x180.jpg\" alt=\"\" width=\"458\" height=\"275\" srcset=\"https:\/\/noti-america.com\/site\/mexico\/wp-content\/uploads\/sites\/13\/2018\/12\/162383-Principal-300x180.jpg 300w, https:\/\/noti-america.com\/site\/mexico\/wp-content\/uploads\/sites\/13\/2018\/12\/162383-Principal.jpg 750w\" sizes=\"auto, (max-width: 458px) 100vw, 458px\" \/><\/p>\n<p dir=\"ltr\">\n<h3 dir=\"ltr\">Fuente:\u00a0\u00a0https:\/\/www.unotv.com\/<\/h3>\n<p>&nbsp;<\/p>\n<p dir=\"ltr\">Este\u00a02018\u00a0dej\u00f3 un sabor agridulce en el cine. Dulce por el\u00a0trabajo que\u00a0Alfonso Cuar\u00f3n\u00a0hizo con\u00a0<em>Roma<\/em>\u00a0y por otras\u00a0sorpresas por pel\u00edculas como\u00a0<em>Black Panther\u00a0<\/em>o\u00a0<em>Hereditary<\/em>; agrio porque algunos filmes no cubrieron las expectativas.<\/p>\n<p dir=\"ltr\">Sin embargo, el a\u00f1o termina y m\u00e1s oportunidades se presentan en el\u00a0cine. Por ello, aqu\u00ed conocer\u00e1s\u00a0las\u00a0pel\u00edculas m\u00e1s esperadas del pr\u00f3ximo a\u00f1o:<\/p>\n<h2 dir=\"ltr\">Glass<\/h2>\n<p dir=\"ltr\">\u00c9sta ser\u00e1 la tercera pel\u00edcula de la saga compuesta por\u00a0<em>El protegido\u00a0<\/em>(2000) y\u00a0<em>Split: Fragmentado<\/em>\u00a0(2016), filmes de\u00a0M. Night Shyamalan\u00a0que en un principio parec\u00edan no estar relacionados, hasta que al final de<em>\u00a0Split\u00a0<\/em>apareci\u00f3\u00a0David Dunn(el personaje interpretado por\u00a0Bruce Willis\u00a0en\u00a0<em>El protegido<\/em>) e hizo volar la mente de los fans al abrir la posibilidad de una tercera pel\u00edcula en la que Dunn y\u00a0Kevin Wendell Crumb\u00a0(James McAvoy) interactuaran.<\/p>\n<p dir=\"ltr\"><iframe loading=\"lazy\" src=\"https:\/\/www.youtube.com\/embed\/N6vgwyjSshM\" width=\"560\" height=\"315\" frameborder=\"0\" allowfullscreen=\"allowfullscreen\" data-mce-fragment=\"1\"><\/iframe><\/p>\n<p dir=\"ltr\">A mediados de 2018 lleg\u00f3 el primer tr\u00e1iler de\u00a0<strong>Glass,\u00a0<\/strong>que confirmaba esa teor\u00eda y, adem\u00e1s, inclu\u00eda a\u00a0<strong>Mr. Glass<\/strong>, un hombre\u00a0inteligente con una rara enfermedad que hace que sus huesos parezcan de vidrio y que fue villano en\u00a0<em>El protegido<\/em>. La cinta\u00a0<strong>promete acci\u00f3n<\/strong>\u00a0y\u00a0<strong>drama<\/strong>\u00a0y ser\u00e1 la culminaci\u00f3n de la trilog\u00eda de<strong>\u00a0M. Night Shyamalan.<\/strong><\/p>\n<ul dir=\"ltr\">\n<li><strong>Fecha de estreno: 18 de enero<\/strong>.<\/li>\n<\/ul>\n<h2 dir=\"ltr\">C\u00f3mo entrenar a tu drag\u00f3n 3<\/h2>\n<p dir=\"ltr\">Las primeras dos cintas de\u00a0<em>C\u00f3mo entrenar a tu drag\u00f3n<\/em>\u00a0gustaron tanto a ni\u00f1os y adultos que se prepar\u00f3 una tercera entrega. En \u00e9sta, veremos a Hiccup tratando de salvar la\u00a0<strong>utop\u00eda de dragones\u00a0<\/strong>que cre\u00f3, mientras\u00a0<strong>Chimuelo<\/strong>, su drag\u00f3n\u00a0<strong>\u00abfuria nocturna\u00bb<\/strong>, descubre que no es el \u00faltimo de su especie y se enamora.<\/p>\n<p dir=\"ltr\"><iframe loading=\"lazy\" src=\"https:\/\/www.youtube.com\/embed\/hV-CqyvFX0o\" width=\"560\" height=\"315\" frameborder=\"0\" allowfullscreen=\"allowfullscreen\" data-mce-fragment=\"1\"><\/iframe><\/p>\n<ul dir=\"ltr\">\n<li><strong>Fecha de estreno: 1 de marzo de 2019<\/strong>.<\/li>\n<\/ul>\n<h2 dir=\"ltr\">Capitana Marvel<\/h2>\n<p dir=\"ltr\">El universo cinematogr\u00e1fico de\u00a0<strong>Marvel<\/strong>\u00a0como lo conocemos llegar\u00e1 a su fin el pr\u00f3ximo a\u00f1o. Pero antes, dejar\u00e1 una pel\u00edcula basada en una\u00a0<strong>superhero\u00edna<\/strong>\u00a0poco conocida entre el consumidor com\u00fan, pero s\u00ed entre los<strong>\u00a0fans de los c\u00f3mics.<\/strong><\/p>\n<p dir=\"ltr\"><iframe loading=\"lazy\" src=\"https:\/\/www.youtube.com\/embed\/uNu8jLw9yF4\" width=\"560\" height=\"315\" frameborder=\"0\" allowfullscreen=\"allowfullscreen\" data-mce-fragment=\"1\"><\/iframe><\/p>\n<p dir=\"ltr\"><strong>Capitana Marvel\u00a0<\/strong>es<strong>\u00a0Carol Denvers,<\/strong>\u00a0una piloto de la\u00a0<strong>Fuerza A\u00e9rea de Estados Unidos<\/strong>\u00a0que se convierte repentinamente en una de las hero\u00ednas m\u00e1s poderosas gracias a que la Tierra queda atrapada en un conflicto entre dos razas alien\u00edgenas: los\u00a0<strong>Kree<\/strong>\u00a0y los\u00a0<strong>Skrulls.<\/strong><\/p>\n<p dir=\"ltr\">La\u00a0<strong>pel\u00edcula<\/strong>\u00a0est\u00e1 ambientada en los a\u00f1os 90, por lo que, al parecer, no se\u00a0relaciona con los acontecimientos de\u00a0<em>Avengers: Infinity War.<\/em><\/p>\n<ul dir=\"ltr\">\n<li><strong>Fecha de estreno: 8 de marzo<\/strong>.<\/li>\n<\/ul>\n<h2 dir=\"ltr\">Us<\/h2>\n<p dir=\"ltr\"><strong>Jordan Peele<\/strong>\u00a0demostr\u00f3 que el g\u00e9nero de<strong>\u00a0terror<\/strong>\u00a0no estaba muerto con\u00a0<em>Get Out,\u00a0<\/em>pel\u00edcula cuyo guion le dio un<strong>\u00a0\u00d3scar<\/strong>\u00a0este a\u00f1o. Se trata de un\u00a0<strong>\u00abthriller de horror social\u00bb<\/strong>\u00a0que presenta a una familia\u00a0<strong>afroamericana<\/strong>\u00a0que sale\u00a0de vacaciones. Hasta ah\u00ed parecer\u00eda ser una\u00a0<strong>pel\u00edcula de terror\u00a0<\/strong>como todas, a excepci\u00f3n de que los\u00a0<strong>monstruos\u00a0<\/strong>a los que se enfrentan son&#8230; \u00bfellos mismos?<\/p>\n<div class=\"tweeet-post\">\n<div class=\"SandboxRoot env-bp-min\" data-twitter-event-id=\"0\">\n<div id=\"twitter-widget-0\" class=\"EmbeddedTweet EmbeddedTweet--cta EmbeddedTweet--mediaForward media-forward js-clickToOpenTarget js-tweetIdInfo tweet-InformationCircle-widgetParent\" lang=\"es\" data-click-to-open-target=\"https:\/\/twitter.com\/JordanPeele\/status\/1077564905258020864\" data-iframe-title=\"Tweet de Twitter\" data-scribe=\"page:tweet\" data-tweet-id=\"1077564905258020864\" data-twitter-event-id=\"1\">\n<article class=\"MediaCard\n           MediaCard--mediaForward\n\n           cards-multimedia\n           customisable-border\" dir=\"ltr\" data-scribe=\"component:card\"><\/p>\n<div class=\"MediaCard-media\">\n<div class=\"MediaCard-widthConstraint js-cspForcedStyle\" data-style=\"max-width: 2000px\">\n<div class=\"MediaCard-mediaContainer js-cspForcedStyle\" data-style=\"padding-bottom: 56.2500%\">\n<div class=\"NaturalImage-ctaOverlay PlayButton PlayButton--centered\" data-scribe=\"element:play_button\">\n<div class=\"Icon Icon--playCircle \" title=\"Reproducir contenido multimedia\" role=\"img\" aria-label=\"Reproducir contenido multimedia\"><\/div>\n<\/div>\n<p><a class=\"MediaCard-mediaAsset MediaCard-mediaPlaceholder NaturalImage NaturalImage--fill js-playableMediaInterstitial\" href=\"https:\/\/twitter.com\/JordanPeele\/status\/1077564905258020864\"><img decoding=\"async\" class=\"NaturalImage-image\" src=\"https:\/\/pbs.twimg.com\/amplify_video_thumb\/1077562643001397248\/img\/xKh67k-XrNTVd1i4?format=jpg&amp;name=360x360\" alt=\"Video insertado\" data-image=\"https:\/\/pbs.twimg.com\/amplify_video_thumb\/1077562643001397248\/img\/xKh67k-XrNTVd1i4\" data-scribe=\"element:poster_image\" \/><\/a><\/div>\n<\/div>\n<\/div>\n<\/article>\n<div class=\"EmbeddedTweet-tweetContainer\">\n<div class=\"EmbeddedTweet-tweet\">\n<blockquote class=\"Tweet h-entry js-tweetIdInfo subject expanded\" cite=\"https:\/\/twitter.com\/JordanPeele\/status\/1077564905258020864\" data-tweet-id=\"1077564905258020864\" data-scribe=\"section:subject\">\n<div class=\"Tweet-header\"><a class=\"TweetAuthor-avatar  Identity-avatar u-linkBlend\" href=\"https:\/\/twitter.com\/JordanPeele\" data-scribe=\"element:user_link\" aria-label=\"Jordan Peele (nombre de pantalla: JordanPeele)\"><img decoding=\"async\" class=\"Avatar\" src=\"https:\/\/pbs.twimg.com\/profile_images\/783445386375507969\/nTv88w7E_normal.jpg\" alt=\"\" data-scribe=\"element:avatar\" data-src-2x=\"https:\/\/pbs.twimg.com\/profile_images\/783445386375507969\/nTv88w7E_bigger.jpg\" data-src-1x=\"https:\/\/pbs.twimg.com\/profile_images\/783445386375507969\/nTv88w7E_normal.jpg\" \/><\/a><\/p>\n<div class=\"TweetAuthor js-inViewportScribingTarget\" data-scribe=\"component:author\">\n<div class=\"TweetAuthor-nameScreenNameContainer\"><span class=\"TweetAuthor-decoratedName\"><span class=\"TweetAuthor-name Identity-name customisable-highlight\" title=\"Jordan Peele\" data-scribe=\"element:name\">Jordan Peele<\/span><\/span><\/p>\n<div class=\"Icon Icon--verified \" title=\"Cuenta verificada\" role=\"img\" aria-label=\"Cuenta verificada\"><\/div>\n<p><span class=\"TweetAuthor-decoratedName\"><span class=\"TweetAuthor-verifiedBadge\" data-scribe=\"element:verified_badge\"><b class=\"u-hiddenVisually\">\u2714<\/b><\/span><\/span><span class=\"TweetAuthor-screenName Identity-screenName\" dir=\"ltr\" title=\"@JordanPeele\" data-scribe=\"element:screen_name\">@JordanPeele<\/span><\/div>\n<\/div>\n<div class=\"Tweet-brand\">\n<div class=\"Icon Icon--twitter \" title=\"Ver en Twitter\" role=\"presentation\" aria-label=\"Ver en Twitter\"><\/div>\n<\/div>\n<\/div>\n<div class=\"Tweet-body e-entry-content\" data-scribe=\"component:tweet\">\n<div class=\"u-hiddenVisually js-inViewportScribingTarget\"><\/div>\n<p class=\"Tweet-text e-entry-title\" dir=\"ltr\" lang=\"en\">Here we go.<a class=\"PrettyLink hashtag customisable\" dir=\"ltr\" href=\"https:\/\/twitter.com\/hashtag\/WatchYourself?src=hash\" rel=\"tag\" data-query-source=\"hashtag_click\" data-scribe=\"element:hashtag\"><span class=\"PrettyLink-prefix\">#<\/span><span class=\"PrettyLink-value\">WatchYourself<\/span><\/a><a class=\"PrettyLink hashtag customisable\" dir=\"ltr\" href=\"https:\/\/twitter.com\/hashtag\/UsMovie?src=hash\" rel=\"tag\" data-query-source=\"hashtag_click\" data-scribe=\"element:hashtag\"><span class=\"PrettyLink-prefix\">#<\/span><span class=\"PrettyLink-value\">UsMovie<\/span><\/a><a class=\"PrettyLink profile customisable h-card\" dir=\"ltr\" href=\"https:\/\/twitter.com\/UsMovie\" data-mentioned-user-id=\"993961848549474304\" data-scribe=\"element:mention\"><span class=\"PrettyLink-prefix\">@<\/span><span class=\"PrettyLink-value\">UsMovie<\/span><\/a><\/p>\n<div class=\"TweetInfo\">\n<div class=\"TweetInfo-like\">\n<div data-scribe=\"element:heart\">\n<div class=\"Icon Icon--heart \" title=\"Me gusta\" role=\"img\" aria-label=\"Me gusta\"><\/div>\n<\/div>\n<p><a class=\"TweetInfo-heart\" title=\"Me gusta\" href=\"https:\/\/twitter.com\/intent\/like?tweet_id=1077564905258020864\" data-scribe=\"component:actions\"><span class=\"TweetInfo-heartStat\" data-scribe=\"element:heart_count\">493\u00a0mil<\/span><\/a><\/div>\n<div class=\"TweetInfo-timeGeo\"><a class=\"u-linkBlend u-url customisable-highlight long-permalink\" href=\"https:\/\/twitter.com\/JordanPeele\/status\/1077564905258020864\" data-datetime=\"2018-12-25T14:01:08+0000\" data-scribe=\"element:full_timestamp\"><time class=\"dt-updated\" title=\"Publicado a las: 25 de diciembre de 2018 14:01:08 (UTC)\" datetime=\"2018-12-25T14:01:08+0000\">10:01 &#8211; 25 dic. 2018<\/time><\/a><\/div>\n<\/div>\n<\/div>\n<\/blockquote>\n<\/div>\n<div class=\"CallToAction-icon\" data-scribe=\"element:conversation_icon\">\n<div class=\"Icon Icon--replyCTA \" title=\"Ver conversaci\u00f3n en Twitter\" role=\"img\" aria-label=\"Ver conversaci\u00f3n en Twitter\"><\/div>\n<\/div>\n<div class=\"CallToAction-text\" data-scribe=\"element:conversation_text\">218\u00a0mil personas est\u00e1n hablando de esto<\/div>\n<div class=\"CallToAction-chevron\" data-scribe=\"element:cta_chevron\">\n<div class=\"Icon Icon--chevronRightCTA \" title=\"Ver en Twitter\" role=\"img\" aria-label=\"Ver en Twitter\"><\/div>\n<\/div>\n<\/div>\n<div class=\"tweet-InformationCircle--top tweet-InformationCircle\" data-scribe=\"element:notice\"><a class=\"Icon Icon--informationCircleWhite js-inViewportScribingTarget\" title=\"Informaci\u00f3n y privacidad de Twitter Ads\" href=\"https:\/\/support.twitter.com\/articles\/20175256\"><span class=\"u-hiddenVisually\">Informaci\u00f3n y privacidad de Twitter Ads<\/span><\/a><\/div>\n<\/div>\n<div class=\"resize-sensor\">\n<div class=\"resize-sensor-expand\">\n<div><\/div>\n<\/div>\n<div class=\"resize-sensor-shrink\">\n<div><\/div>\n<\/div>\n<\/div>\n<\/div>\n<\/div>\n<ul dir=\"ltr\">\n<li><strong>Fecha de estreno: 15 de marzo<\/strong>.<\/li>\n<\/ul>\n<h2 dir=\"ltr\">Avengers: Endgame<\/h2>\n<p dir=\"ltr\">La cinta ser\u00e1 la segunda parte de A<em>vengers: Infinity War.\u00a0<\/em>El panorama parece desalentador luego de que los\u00a0<strong>Vengadores<\/strong>\u00a0no lograran derrotar a\u00a0<strong>Thanos<\/strong>antes de que consiguiera todas las\u00a0<strong>gemas del infinito<\/strong>\u00a0y eliminara a la mitad de la poblaci\u00f3n en el universo, incluyendo a varios<em>\u00a0<\/em><strong>superh\u00e9roes.\u00a0<\/strong>Aqu\u00ed se ver\u00e1 si los que quedaron lograr\u00e1n revertir la situaci\u00f3n y c\u00f3mo vencer\u00e1n al mayor villano al que se han enfrentado. Al parecer,\u00a0<strong>Ant Man<\/strong>\u00a0ser\u00e1 un personaje clave.<\/p>\n<p dir=\"ltr\"><iframe loading=\"lazy\" src=\"https:\/\/www.youtube.com\/embed\/hRm5zWQWQjI\" width=\"560\" height=\"315\" frameborder=\"0\" allowfullscreen=\"allowfullscreen\" data-mce-fragment=\"1\"><\/iframe><\/p>\n<ul dir=\"ltr\">\n<li><strong>Fecha de estreno: 24 de abril de 2019<\/strong>.<\/li>\n<\/ul>\n<h2 dir=\"ltr\">Combo Disney: El rey le\u00f3n, Dumbo y Aladdin<\/h2>\n<p dir=\"ltr\">Con el \u00e9xito obtenido con\u00a0<em>El libro de la Selva<\/em>,\u00a0<strong>Disney<\/strong>\u00a0decidi\u00f3 lanzar versiones<em>live-action\u00a0<\/em>de otros de sus\u00a0<strong>cl\u00e1sicos animados<\/strong>. Este a\u00f1o tocar\u00e1 ver<em>\u00a0El rey le\u00f3n\u00a0<\/em>y<em>Dumbo<\/em>, si bien parece que habr\u00e1 m\u00e1s tecnolog\u00eda CGI que<em>\u00a0live-action<\/em>\u00a0de por medio. Tambi\u00e9n preparan una de\u00a0<em>Aladdin,<\/em>\u00a0de la cual ya se vio a<strong>\u00a0Will Smith<\/strong>como el genio de la l\u00e1mpara.<\/p>\n<p dir=\"ltr\"><iframe loading=\"lazy\" src=\"https:\/\/www.youtube.com\/embed\/BfSAvH2fGkE\" width=\"560\" height=\"315\" frameborder=\"0\" allowfullscreen=\"allowfullscreen\" data-mce-fragment=\"1\"><\/iframe><\/p>\n<ul dir=\"ltr\">\n<li><strong>Fechas de estreno<\/strong>:\u00a0<strong>19 de julio<\/strong>\u00a0(<em>El rey le\u00f3n<\/em>),\u00a0<strong>27 de marzo<\/strong>\u00a0(<em>Dumbo<\/em>) y\u00a0<strong>24 de mayo<\/strong>\u00a0(<em>Aladdin<\/em>).<\/li>\n<\/ul>\n<h2 dir=\"ltr\">Toy Story 4<\/h2>\n<p dir=\"ltr\">Quienes crecieron\u00a0con las pel\u00edculas de\u00a0<strong>Toy Story<\/strong>\u00a0no saben\u00a0qu\u00e9 esperar de esta cinta, pues\u00a0<em>Toy Story 3<\/em>\u00a0parec\u00eda ser el cierre perfecto para\u00a0<strong>Woody, Buzz<\/strong>\u00a0y compa\u00f1\u00eda. Sin embargo,\u00a0<em>Toy Story 4<\/em>\u00a0ser\u00e1 una cinta obligada de 2019 y el tr\u00e1iler incluso se burla de que hagan una cuarta entrega.<\/p>\n<p dir=\"ltr\"><iframe loading=\"lazy\" src=\"https:\/\/www.youtube.com\/embed\/cjlLzygflhk\" width=\"560\" height=\"315\" frameborder=\"0\" allowfullscreen=\"allowfullscreen\" data-mce-fragment=\"1\"><\/iframe><\/p>\n<ul dir=\"ltr\">\n<li>Fecha de estreno: 20 de junio.<\/li>\n<\/ul>\n<h2 dir=\"ltr\">Once upon a time in Hollywood<\/h2>\n<p dir=\"ltr\">Pese a que\u00a0<strong>Quentin Tarantino<\/strong>\u00a0afirm\u00f3 que\u00a0<em>The hateful 8<\/em>\u00a0ser\u00eda su \u00faltima pel\u00edcula, regresar\u00e1 en 2019 con\u00a0<em>Once upon a time in Hollywood<\/em>, filme que contar\u00e1 la historia de la\u00a0<strong>\u00abfamilia\u00bb Manson<\/strong>, encabezada por\u00a0<strong>Charles Manson<\/strong>, quien, entre otras cosas, asesin\u00f3 junto a sus seguidores a la actriz y esposa de\u00a0<strong>Roman Polansky,\u00a0Sharon Tate,<\/strong>\u00a0mientras estaba embarazada.<\/p>\n<p dir=\"ltr\"><iframe loading=\"lazy\" src=\"https:\/\/www.youtube.com\/embed\/EYAppIWqeSk\" width=\"560\" height=\"315\" frameborder=\"0\" allowfullscreen=\"allowfullscreen\" data-mce-fragment=\"1\"><\/iframe><\/p>\n<p dir=\"ltr\">Adem\u00e1s de prometer la sangre, el crimen y el misterio al que<strong>Tarantino<\/strong>\u00a0acostumbra, tambi\u00e9n re\u00fane a muchos de los actores con los que ha trabajado:\u00a0<strong>Leonadro DiCaprio<\/strong>,\u00a0<strong>Brad Pitt<\/strong>,\u00a0<strong>Kurt Russell<\/strong>\u00a0y\u00a0<strong>Tim Roth<\/strong>, y contar\u00e1 con\u00a0<strong>Margot Robbie<\/strong>\u00a0(quien interpretar\u00e1 a Sharon Tate) y\u00a0<strong>Al Pacino<\/strong>.<\/p>\n<ul dir=\"ltr\">\n<li><strong>Fecha de estreno: 26 de julio<\/strong>.<\/li>\n<\/ul>\n<h2 dir=\"ltr\">It: Chapter 2<\/h2>\n<p dir=\"ltr\">Despu\u00e9s del \u00e9xito que tuvo el\u00a0<strong>remake<\/strong>\u00a0de<em>\u00a0It<\/em>,\u00a0<strong>Andres Muschieti<\/strong>\u00a0dar\u00e1 una segunda entrega que\u00a0ahondar\u00e1 en el\u00a0<strong>origen del famoso payaso maldito<\/strong>. Est\u00e1 ambientada 27 a\u00f1os despu\u00e9s de lo que sucedi\u00f3 en 1989, cuando Georgie desapareci\u00f3. Ahora,\u00a0<strong>El club de los perdedores<\/strong>\u00a0ser\u00e1n adultos interpretados por un elenco que incluye a\u00a0<strong>Jessica Chastain<\/strong>,\u00a0<strong>Chris Pratt<\/strong>, Joseph Gordon-Levitt y Jake Gyllenhaal.<\/p>\n<p dir=\"ltr\"><iframe loading=\"lazy\" src=\"https:\/\/www.youtube.com\/embed\/M4_NFYeXVCU\" width=\"560\" height=\"315\" frameborder=\"0\" allowfullscreen=\"allowfullscreen\" data-mce-fragment=\"1\"><\/iframe><\/p>\n<ul dir=\"ltr\">\n<li><strong>Fecha de estreno: 6 de septiembre<\/strong>.<\/li>\n<\/ul>\n<h2 dir=\"ltr\">Star Wars: Episodio IX<\/h2>\n<p dir=\"ltr\">Luego del fiasco que result\u00f3 ser<em>\u00a0Solo: A Star Wars Story,<\/em>\u00a0y que\u00a0hizo preguntar si la\u00a0<strong>saga<\/strong>\u00a0ya hab\u00eda sido demasiado explotada,<strong>\u00a0J.J. Abrams\u00a0<\/strong>regresar\u00e1 a la direcci\u00f3n para la<strong>\u00a0\u00faltima entrega de Star Wars\u00a0<\/strong>que contar\u00e1 la historia de los\u00a0<strong>Skywalker\u00a0<\/strong>(hay otra trilog\u00eda confirmada que no tendr\u00e1 relaci\u00f3n con las anteriores). La situaci\u00f3n se complic\u00f3 con la muerte de\u00a0<strong>Carrie Fisher<\/strong>, quien interpretaba a\u00a0<strong>Leia Organa<\/strong>, y a\u00fan se sabe muy poco del\u00a0<strong>Episodio IX<\/strong>, s\u00f3lo que se situar\u00e1 meses despu\u00e9s de los acontecimientos ocurridos en<em>\u00a0The Last Jedi.<\/em><\/p>\n<ul dir=\"ltr\">\n<li><strong>Fecha de estreno: diciembre<\/strong>.<\/li>\n<\/ul>\n<h2 dir=\"ltr\">The Irishman<\/h2>\n<p dir=\"ltr\">Tras tres a\u00f1os de ausencia,\u00a0<strong>Martin Scorsese<\/strong>\u00a0volver\u00e1 al g\u00e9nero que lo catapult\u00f3 a la fama: las<strong>\u00a0pel\u00edculas sobre la mafia.<\/strong>\u00a0En\u00a0<em>The Irishman<\/em>\u00a0reunir\u00e1 a actores con los que trabaj\u00f3 como\u00a0<strong>Al Pacino<\/strong>,\u00a0<strong>Robert De Niro<\/strong>\u00a0y\u00a0<strong>Joe Pesci<\/strong>\u00a0para contar la historia del hombre que asesin\u00f3 a<strong>\u00a0Jimmy Hoffa<\/strong>, un l\u00edder sindical que se involucr\u00f3 demasiado con la\u00a0<strong>mafia<\/strong>.<\/p>\n<p dir=\"ltr\"><iframe loading=\"lazy\" src=\"https:\/\/www.youtube.com\/embed\/mKiNYasaqpw\" width=\"560\" height=\"315\" frameborder=\"0\" allowfullscreen=\"allowfullscreen\" data-mce-fragment=\"1\"><\/iframe><\/p>\n<ul dir=\"ltr\">\n<li><strong>Fecha de estreno: Finales de 2019<\/strong>.<\/li>\n<\/ul>\n","protected":false},"excerpt":{"rendered":"<p>Fuente:\u00a0\u00a0https:\/\/www.unotv.com\/ &nbsp; Este\u00a02018\u00a0dej\u00f3 un sabor agridulce en el cine. Dulce por el\u00a0trabajo que\u00a0Alfonso Cuar\u00f3n\u00a0hizo con\u00a0Roma\u00a0y por otras\u00a0sorpresas por pel\u00edculas como\u00a0Black Panther\u00a0o\u00a0Hereditary; agrio porque algunos filmes no cubrieron las expectativas. Sin embargo, el a\u00f1o termina&#46;&#46;&#46;<\/p>\n","protected":false},"author":28,"featured_media":2131,"comment_status":"open","ping_status":"open","sticky":false,"template":"","format":"standard","meta":{"_acf_changed":false,"om_disable_all_campaigns":false,"rop_custom_images_group":[],"rop_custom_messages_group":[],"rop_publish_now":"initial","rop_publish_now_accounts":{"twitter_242054905_242054905":""},"rop_publish_now_history":[],"rop_publish_now_status":"pending","_uf_show_specific_survey":0,"_uf_disable_surveys":false,"footnotes":""},"categories":[8],"tags":[174],"class_list":["post-2130","post","type-post","status-publish","format-standard","has-post-thumbnail","hentry","category-arte-y-espectaculos","tag-estas-son-las-peliculas-mas-esperadas-de-2019-con-trailers"],"acf":[],"aioseo_notices":[],"yoast_head":"<!-- This site is optimized with the Yoast SEO Premium plugin v24.9 (Yoast SEO v27.2) - https:\/\/yoast.com\/product\/yoast-seo-premium-wordpress\/ -->\n<title>\u00c9stas son las pel\u00edculas m\u00e1s esperadas de 2019 (Con Trailers) - M\u00e9xico<\/title>\n<meta name=\"robots\" content=\"index, follow, max-snippet:-1, max-image-preview:large, max-video-preview:-1\" \/>\n<link rel=\"canonical\" href=\"https:\/\/noti-america.com\/site\/mexico\/2018\/12\/28\/estas-son-las-peliculas-mas-esperadas-de-2019-con-trailers\/\" \/>\n<meta property=\"og:locale\" content=\"es_ES\" \/>\n<meta property=\"og:type\" content=\"article\" \/>\n<meta property=\"og:title\" content=\"\u00c9stas son las pel\u00edculas m\u00e1s esperadas de 2019 (Con Trailers)\" \/>\n<meta property=\"og:description\" content=\"Fuente:\u00a0\u00a0https:\/\/www.unotv.com\/ &nbsp; Este\u00a02018\u00a0dej\u00f3 un sabor agridulce en el cine. Dulce por el\u00a0trabajo que\u00a0Alfonso Cuar\u00f3n\u00a0hizo con\u00a0Roma\u00a0y por otras\u00a0sorpresas por pel\u00edculas como\u00a0Black Panther\u00a0o\u00a0Hereditary; agrio porque algunos filmes no cubrieron las expectativas. Sin embargo, el a\u00f1o termina&#046;&#046;&#046;\" \/>\n<meta property=\"og:url\" content=\"https:\/\/noti-america.com\/site\/mexico\/2018\/12\/28\/estas-son-las-peliculas-mas-esperadas-de-2019-con-trailers\/\" \/>\n<meta property=\"og:site_name\" content=\"M\u00e9xico\" \/>\n<meta property=\"article:published_time\" content=\"2018-12-28T18:38:17+00:00\" \/>\n<meta property=\"og:image\" content=\"https:\/\/noti-america.com\/site\/mexico\/wp-content\/uploads\/sites\/13\/2018\/12\/162383-Principal.jpg\" \/>\n\t<meta property=\"og:image:width\" content=\"750\" \/>\n\t<meta property=\"og:image:height\" content=\"450\" \/>\n\t<meta property=\"og:image:type\" content=\"image\/jpeg\" \/>\n<meta name=\"author\" content=\"Redacci\u00f3n NA-NY\" \/>\n<meta name=\"twitter:card\" content=\"summary_large_image\" \/>\n<meta name=\"twitter:label1\" content=\"Escrito por\" \/>\n\t<meta name=\"twitter:data1\" content=\"Redacci\u00f3n NA-NY\" \/>\n\t<meta name=\"twitter:label2\" content=\"Tiempo estimado de lectura\" \/>\n\t<meta name=\"twitter:data2\" content=\"6 minutos\" \/>\n<script type=\"application\/ld+json\" class=\"yoast-schema-graph\">{\"@context\":\"https:\/\/schema.org\",\"@graph\":[{\"@type\":\"Article\",\"@id\":\"https:\/\/noti-america.com\/site\/mexico\/2018\/12\/28\/estas-son-las-peliculas-mas-esperadas-de-2019-con-trailers\/#article\",\"isPartOf\":{\"@id\":\"https:\/\/noti-america.com\/site\/mexico\/2018\/12\/28\/estas-son-las-peliculas-mas-esperadas-de-2019-con-trailers\/\"},\"author\":{\"name\":\"Redacci\u00f3n NA-NY\",\"@id\":\"https:\/\/noti-america.com\/site\/mexico\/#\/schema\/person\/db5a6527aaddfc34b3753d557a1292f0\"},\"headline\":\"\u00c9stas son las pel\u00edculas m\u00e1s esperadas de 2019 (Con Trailers)\",\"datePublished\":\"2018-12-28T18:38:17+00:00\",\"mainEntityOfPage\":{\"@id\":\"https:\/\/noti-america.com\/site\/mexico\/2018\/12\/28\/estas-son-las-peliculas-mas-esperadas-de-2019-con-trailers\/\"},\"wordCount\":1148,\"commentCount\":0,\"publisher\":{\"@id\":\"https:\/\/noti-america.com\/site\/mexico\/#organization\"},\"image\":{\"@id\":\"https:\/\/noti-america.com\/site\/mexico\/2018\/12\/28\/estas-son-las-peliculas-mas-esperadas-de-2019-con-trailers\/#primaryimage\"},\"thumbnailUrl\":\"https:\/\/noti-america.com\/site\/mexico\/wp-content\/uploads\/sites\/13\/2018\/12\/162383-Principal.jpg\",\"keywords\":[\"\u00c9stas son las pel\u00edculas m\u00e1s esperadas de 2019 (Con Trailers)\"],\"articleSection\":[\"Arte y Espect\u00e1culos\"],\"inLanguage\":\"es\",\"potentialAction\":[{\"@type\":\"CommentAction\",\"name\":\"Comment\",\"target\":[\"https:\/\/noti-america.com\/site\/mexico\/2018\/12\/28\/estas-son-las-peliculas-mas-esperadas-de-2019-con-trailers\/#respond\"]}]},{\"@type\":\"WebPage\",\"@id\":\"https:\/\/noti-america.com\/site\/mexico\/2018\/12\/28\/estas-son-las-peliculas-mas-esperadas-de-2019-con-trailers\/\",\"url\":\"https:\/\/noti-america.com\/site\/mexico\/2018\/12\/28\/estas-son-las-peliculas-mas-esperadas-de-2019-con-trailers\/\",\"name\":\"\u00c9stas son las pel\u00edculas m\u00e1s esperadas de 2019 (Con Trailers) - M\u00e9xico\",\"isPartOf\":{\"@id\":\"https:\/\/noti-america.com\/site\/mexico\/#website\"},\"primaryImageOfPage\":{\"@id\":\"https:\/\/noti-america.com\/site\/mexico\/2018\/12\/28\/estas-son-las-peliculas-mas-esperadas-de-2019-con-trailers\/#primaryimage\"},\"image\":{\"@id\":\"https:\/\/noti-america.com\/site\/mexico\/2018\/12\/28\/estas-son-las-peliculas-mas-esperadas-de-2019-con-trailers\/#primaryimage\"},\"thumbnailUrl\":\"https:\/\/noti-america.com\/site\/mexico\/wp-content\/uploads\/sites\/13\/2018\/12\/162383-Principal.jpg\",\"datePublished\":\"2018-12-28T18:38:17+00:00\",\"breadcrumb\":{\"@id\":\"https:\/\/noti-america.com\/site\/mexico\/2018\/12\/28\/estas-son-las-peliculas-mas-esperadas-de-2019-con-trailers\/#breadcrumb\"},\"inLanguage\":\"es\",\"potentialAction\":[{\"@type\":\"ReadAction\",\"target\":[\"https:\/\/noti-america.com\/site\/mexico\/2018\/12\/28\/estas-son-las-peliculas-mas-esperadas-de-2019-con-trailers\/\"]}]},{\"@type\":\"ImageObject\",\"inLanguage\":\"es\",\"@id\":\"https:\/\/noti-america.com\/site\/mexico\/2018\/12\/28\/estas-son-las-peliculas-mas-esperadas-de-2019-con-trailers\/#primaryimage\",\"url\":\"https:\/\/noti-america.com\/site\/mexico\/wp-content\/uploads\/sites\/13\/2018\/12\/162383-Principal.jpg\",\"contentUrl\":\"https:\/\/noti-america.com\/site\/mexico\/wp-content\/uploads\/sites\/13\/2018\/12\/162383-Principal.jpg\",\"width\":750,\"height\":450},{\"@type\":\"BreadcrumbList\",\"@id\":\"https:\/\/noti-america.com\/site\/mexico\/2018\/12\/28\/estas-son-las-peliculas-mas-esperadas-de-2019-con-trailers\/#breadcrumb\",\"itemListElement\":[{\"@type\":\"ListItem\",\"position\":1,\"name\":\"Portada\",\"item\":\"https:\/\/noti-america.com\/site\/mexico\/\"},{\"@type\":\"ListItem\",\"position\":2,\"name\":\"\u00c9stas son las pel\u00edculas m\u00e1s esperadas de 2019 (Con Trailers)\"}]},{\"@type\":\"WebSite\",\"@id\":\"https:\/\/noti-america.com\/site\/mexico\/#website\",\"url\":\"https:\/\/noti-america.com\/site\/mexico\/\",\"name\":\"M\u00e9xico | Noti-America.com\",\"description\":\"\",\"publisher\":{\"@id\":\"https:\/\/noti-america.com\/site\/mexico\/#organization\"},\"potentialAction\":[{\"@type\":\"SearchAction\",\"target\":{\"@type\":\"EntryPoint\",\"urlTemplate\":\"https:\/\/noti-america.com\/site\/mexico\/?s={search_term_string}\"},\"query-input\":{\"@type\":\"PropertyValueSpecification\",\"valueRequired\":true,\"valueName\":\"search_term_string\"}}],\"inLanguage\":\"es\"},{\"@type\":\"Organization\",\"@id\":\"https:\/\/noti-america.com\/site\/mexico\/#organization\",\"name\":\"Noti-America LLC | M\u00e9xico\",\"url\":\"https:\/\/noti-america.com\/site\/mexico\/\",\"logo\":{\"@type\":\"ImageObject\",\"inLanguage\":\"es\",\"@id\":\"https:\/\/noti-america.com\/site\/mexico\/#\/schema\/logo\/image\/\",\"url\":\"https:\/\/noti-america.com\/site\/mexico\/wp-content\/uploads\/sites\/13\/2020\/07\/LogoNA-4x3-1.jpg\",\"contentUrl\":\"https:\/\/noti-america.com\/site\/mexico\/wp-content\/uploads\/sites\/13\/2020\/07\/LogoNA-4x3-1.jpg\",\"width\":1236,\"height\":1080,\"caption\":\"Noti-America LLC | M\u00e9xico\"},\"image\":{\"@id\":\"https:\/\/noti-america.com\/site\/mexico\/#\/schema\/logo\/image\/\"}},{\"@type\":\"Person\",\"@id\":\"https:\/\/noti-america.com\/site\/mexico\/#\/schema\/person\/db5a6527aaddfc34b3753d557a1292f0\",\"name\":\"Redacci\u00f3n NA-NY\",\"image\":{\"@type\":\"ImageObject\",\"inLanguage\":\"es\",\"@id\":\"https:\/\/secure.gravatar.com\/avatar\/2bd75bb500a8deb1390f777293a9af32d934c46613d2fbac7cceb2aaa2679ae8?s=96&d=mm&r=g\",\"url\":\"https:\/\/secure.gravatar.com\/avatar\/2bd75bb500a8deb1390f777293a9af32d934c46613d2fbac7cceb2aaa2679ae8?s=96&d=mm&r=g\",\"contentUrl\":\"https:\/\/secure.gravatar.com\/avatar\/2bd75bb500a8deb1390f777293a9af32d934c46613d2fbac7cceb2aaa2679ae8?s=96&d=mm&r=g\",\"caption\":\"Redacci\u00f3n NA-NY\"},\"url\":\"https:\/\/noti-america.com\/site\/mexico\/author\/redaccionny\/\"}]}<\/script>\n<!-- \/ Yoast SEO Premium plugin. -->","yoast_head_json":{"title":"\u00c9stas son las pel\u00edculas m\u00e1s esperadas de 2019 (Con Trailers) - M\u00e9xico","robots":{"index":"index","follow":"follow","max-snippet":"max-snippet:-1","max-image-preview":"max-image-preview:large","max-video-preview":"max-video-preview:-1"},"canonical":"https:\/\/noti-america.com\/site\/mexico\/2018\/12\/28\/estas-son-las-peliculas-mas-esperadas-de-2019-con-trailers\/","og_locale":"es_ES","og_type":"article","og_title":"\u00c9stas son las pel\u00edculas m\u00e1s esperadas de 2019 (Con Trailers)","og_description":"Fuente:\u00a0\u00a0https:\/\/www.unotv.com\/ &nbsp; Este\u00a02018\u00a0dej\u00f3 un sabor agridulce en el cine. Dulce por el\u00a0trabajo que\u00a0Alfonso Cuar\u00f3n\u00a0hizo con\u00a0Roma\u00a0y por otras\u00a0sorpresas por pel\u00edculas como\u00a0Black Panther\u00a0o\u00a0Hereditary; agrio porque algunos filmes no cubrieron las expectativas. Sin embargo, el a\u00f1o termina&#46;&#46;&#46;","og_url":"https:\/\/noti-america.com\/site\/mexico\/2018\/12\/28\/estas-son-las-peliculas-mas-esperadas-de-2019-con-trailers\/","og_site_name":"M\u00e9xico","article_published_time":"2018-12-28T18:38:17+00:00","og_image":[{"width":750,"height":450,"url":"https:\/\/noti-america.com\/site\/mexico\/wp-content\/uploads\/sites\/13\/2018\/12\/162383-Principal.jpg","type":"image\/jpeg"}],"author":"Redacci\u00f3n NA-NY","twitter_card":"summary_large_image","twitter_misc":{"Escrito por":"Redacci\u00f3n NA-NY","Tiempo estimado de lectura":"6 minutos"},"schema":{"@context":"https:\/\/schema.org","@graph":[{"@type":"Article","@id":"https:\/\/noti-america.com\/site\/mexico\/2018\/12\/28\/estas-son-las-peliculas-mas-esperadas-de-2019-con-trailers\/#article","isPartOf":{"@id":"https:\/\/noti-america.com\/site\/mexico\/2018\/12\/28\/estas-son-las-peliculas-mas-esperadas-de-2019-con-trailers\/"},"author":{"name":"Redacci\u00f3n NA-NY","@id":"https:\/\/noti-america.com\/site\/mexico\/#\/schema\/person\/db5a6527aaddfc34b3753d557a1292f0"},"headline":"\u00c9stas son las pel\u00edculas m\u00e1s esperadas de 2019 (Con Trailers)","datePublished":"2018-12-28T18:38:17+00:00","mainEntityOfPage":{"@id":"https:\/\/noti-america.com\/site\/mexico\/2018\/12\/28\/estas-son-las-peliculas-mas-esperadas-de-2019-con-trailers\/"},"wordCount":1148,"commentCount":0,"publisher":{"@id":"https:\/\/noti-america.com\/site\/mexico\/#organization"},"image":{"@id":"https:\/\/noti-america.com\/site\/mexico\/2018\/12\/28\/estas-son-las-peliculas-mas-esperadas-de-2019-con-trailers\/#primaryimage"},"thumbnailUrl":"https:\/\/noti-america.com\/site\/mexico\/wp-content\/uploads\/sites\/13\/2018\/12\/162383-Principal.jpg","keywords":["\u00c9stas son las pel\u00edculas m\u00e1s esperadas de 2019 (Con Trailers)"],"articleSection":["Arte y Espect\u00e1culos"],"inLanguage":"es","potentialAction":[{"@type":"CommentAction","name":"Comment","target":["https:\/\/noti-america.com\/site\/mexico\/2018\/12\/28\/estas-son-las-peliculas-mas-esperadas-de-2019-con-trailers\/#respond"]}]},{"@type":"WebPage","@id":"https:\/\/noti-america.com\/site\/mexico\/2018\/12\/28\/estas-son-las-peliculas-mas-esperadas-de-2019-con-trailers\/","url":"https:\/\/noti-america.com\/site\/mexico\/2018\/12\/28\/estas-son-las-peliculas-mas-esperadas-de-2019-con-trailers\/","name":"\u00c9stas son las pel\u00edculas m\u00e1s esperadas de 2019 (Con Trailers) - M\u00e9xico","isPartOf":{"@id":"https:\/\/noti-america.com\/site\/mexico\/#website"},"primaryImageOfPage":{"@id":"https:\/\/noti-america.com\/site\/mexico\/2018\/12\/28\/estas-son-las-peliculas-mas-esperadas-de-2019-con-trailers\/#primaryimage"},"image":{"@id":"https:\/\/noti-america.com\/site\/mexico\/2018\/12\/28\/estas-son-las-peliculas-mas-esperadas-de-2019-con-trailers\/#primaryimage"},"thumbnailUrl":"https:\/\/noti-america.com\/site\/mexico\/wp-content\/uploads\/sites\/13\/2018\/12\/162383-Principal.jpg","datePublished":"2018-12-28T18:38:17+00:00","breadcrumb":{"@id":"https:\/\/noti-america.com\/site\/mexico\/2018\/12\/28\/estas-son-las-peliculas-mas-esperadas-de-2019-con-trailers\/#breadcrumb"},"inLanguage":"es","potentialAction":[{"@type":"ReadAction","target":["https:\/\/noti-america.com\/site\/mexico\/2018\/12\/28\/estas-son-las-peliculas-mas-esperadas-de-2019-con-trailers\/"]}]},{"@type":"ImageObject","inLanguage":"es","@id":"https:\/\/noti-america.com\/site\/mexico\/2018\/12\/28\/estas-son-las-peliculas-mas-esperadas-de-2019-con-trailers\/#primaryimage","url":"https:\/\/noti-america.com\/site\/mexico\/wp-content\/uploads\/sites\/13\/2018\/12\/162383-Principal.jpg","contentUrl":"https:\/\/noti-america.com\/site\/mexico\/wp-content\/uploads\/sites\/13\/2018\/12\/162383-Principal.jpg","width":750,"height":450},{"@type":"BreadcrumbList","@id":"https:\/\/noti-america.com\/site\/mexico\/2018\/12\/28\/estas-son-las-peliculas-mas-esperadas-de-2019-con-trailers\/#breadcrumb","itemListElement":[{"@type":"ListItem","position":1,"name":"Portada","item":"https:\/\/noti-america.com\/site\/mexico\/"},{"@type":"ListItem","position":2,"name":"\u00c9stas son las pel\u00edculas m\u00e1s esperadas de 2019 (Con Trailers)"}]},{"@type":"WebSite","@id":"https:\/\/noti-america.com\/site\/mexico\/#website","url":"https:\/\/noti-america.com\/site\/mexico\/","name":"M\u00e9xico | Noti-America.com","description":"","publisher":{"@id":"https:\/\/noti-america.com\/site\/mexico\/#organization"},"potentialAction":[{"@type":"SearchAction","target":{"@type":"EntryPoint","urlTemplate":"https:\/\/noti-america.com\/site\/mexico\/?s={search_term_string}"},"query-input":{"@type":"PropertyValueSpecification","valueRequired":true,"valueName":"search_term_string"}}],"inLanguage":"es"},{"@type":"Organization","@id":"https:\/\/noti-america.com\/site\/mexico\/#organization","name":"Noti-America LLC | M\u00e9xico","url":"https:\/\/noti-america.com\/site\/mexico\/","logo":{"@type":"ImageObject","inLanguage":"es","@id":"https:\/\/noti-america.com\/site\/mexico\/#\/schema\/logo\/image\/","url":"https:\/\/noti-america.com\/site\/mexico\/wp-content\/uploads\/sites\/13\/2020\/07\/LogoNA-4x3-1.jpg","contentUrl":"https:\/\/noti-america.com\/site\/mexico\/wp-content\/uploads\/sites\/13\/2020\/07\/LogoNA-4x3-1.jpg","width":1236,"height":1080,"caption":"Noti-America LLC | M\u00e9xico"},"image":{"@id":"https:\/\/noti-america.com\/site\/mexico\/#\/schema\/logo\/image\/"}},{"@type":"Person","@id":"https:\/\/noti-america.com\/site\/mexico\/#\/schema\/person\/db5a6527aaddfc34b3753d557a1292f0","name":"Redacci\u00f3n NA-NY","image":{"@type":"ImageObject","inLanguage":"es","@id":"https:\/\/secure.gravatar.com\/avatar\/2bd75bb500a8deb1390f777293a9af32d934c46613d2fbac7cceb2aaa2679ae8?s=96&d=mm&r=g","url":"https:\/\/secure.gravatar.com\/avatar\/2bd75bb500a8deb1390f777293a9af32d934c46613d2fbac7cceb2aaa2679ae8?s=96&d=mm&r=g","contentUrl":"https:\/\/secure.gravatar.com\/avatar\/2bd75bb500a8deb1390f777293a9af32d934c46613d2fbac7cceb2aaa2679ae8?s=96&d=mm&r=g","caption":"Redacci\u00f3n NA-NY"},"url":"https:\/\/noti-america.com\/site\/mexico\/author\/redaccionny\/"}]}},"_links":{"self":[{"href":"https:\/\/noti-america.com\/site\/mexico\/wp-json\/wp\/v2\/posts\/2130","targetHints":{"allow":["GET"]}}],"collection":[{"href":"https:\/\/noti-america.com\/site\/mexico\/wp-json\/wp\/v2\/posts"}],"about":[{"href":"https:\/\/noti-america.com\/site\/mexico\/wp-json\/wp\/v2\/types\/post"}],"author":[{"embeddable":true,"href":"https:\/\/noti-america.com\/site\/mexico\/wp-json\/wp\/v2\/users\/28"}],"replies":[{"embeddable":true,"href":"https:\/\/noti-america.com\/site\/mexico\/wp-json\/wp\/v2\/comments?post=2130"}],"version-history":[{"count":2,"href":"https:\/\/noti-america.com\/site\/mexico\/wp-json\/wp\/v2\/posts\/2130\/revisions"}],"predecessor-version":[{"id":2133,"href":"https:\/\/noti-america.com\/site\/mexico\/wp-json\/wp\/v2\/posts\/2130\/revisions\/2133"}],"wp:featuredmedia":[{"embeddable":true,"href":"https:\/\/noti-america.com\/site\/mexico\/wp-json\/wp\/v2\/media\/2131"}],"wp:attachment":[{"href":"https:\/\/noti-america.com\/site\/mexico\/wp-json\/wp\/v2\/media?parent=2130"}],"wp:term":[{"taxonomy":"category","embeddable":true,"href":"https:\/\/noti-america.com\/site\/mexico\/wp-json\/wp\/v2\/categories?post=2130"},{"taxonomy":"post_tag","embeddable":true,"href":"https:\/\/noti-america.com\/site\/mexico\/wp-json\/wp\/v2\/tags?post=2130"}],"curies":[{"name":"wp","href":"https:\/\/api.w.org\/{rel}","templated":true}]}}