{"id":2100,"date":"2018-12-28T02:44:09","date_gmt":"2018-12-28T02:44:09","guid":{"rendered":"http:\/\/noti-america.com\/site\/mexico\/?p=2100"},"modified":"2018-12-28T02:44:09","modified_gmt":"2018-12-28T02:44:09","slug":"jesucristo-superestrella-se-montara-en-mexico-en-2019","status":"publish","type":"post","link":"https:\/\/noti-america.com\/site\/mexico\/2018\/12\/28\/jesucristo-superestrella-se-montara-en-mexico-en-2019\/","title":{"rendered":"Jesucristo Superestrella&#8217; se montar\u00e1 en M\u00e9xico en 2019"},"content":{"rendered":"<p><img loading=\"lazy\" decoding=\"async\" class=\"alignnone  wp-image-2101 aligncenter\" src=\"http:\/\/noti-america.com\/site\/mexico\/wp-content\/uploads\/sites\/13\/2018\/12\/2072558-300x225.jpg\" alt=\"\" width=\"465\" height=\"349\" srcset=\"https:\/\/noti-america.com\/site\/mexico\/wp-content\/uploads\/sites\/13\/2018\/12\/2072558-300x225.jpg 300w, https:\/\/noti-america.com\/site\/mexico\/wp-content\/uploads\/sites\/13\/2018\/12\/2072558.jpg 664w\" sizes=\"auto, (max-width: 465px) 100vw, 465px\" \/><\/p>\n<h3><\/h3>\n<h3>Fuente:\u00a0\u00a0https:\/\/www.excelsior.com.mx<\/h3>\n<p>&nbsp;<\/p>\n<p>&nbsp;<\/p>\n<p class=\"letter-capitular\">El productor\u00a0Alejandro Gou\u00a0anunci\u00f3 que en 2019 presentar\u00e1 el musical \u00abJesucristo Superestrella\u00bb, montado por primera vez en M\u00e9xico en 1975, y que pronto dar\u00e1 a conocer la convocatoria para elegir al elenco.<\/p>\n<p>Gou, quien con \u00e9xito ha llevado a cartelera obras como \u201cBilly Elliot\u201d y \u201cLa se\u00f1ora presidenta\u201d, inform\u00f3 lo anterior en sus redes sociales, pero no dar\u00e1 m\u00e1s detalles hasta que avancen los planes.<\/p>\n<p>&nbsp;<\/p>\n<p>Por lo pronto se encuentra en Londres, Inglaterra, donde ha disfrutado obras como \u201cTina\u201d, \u201cThe nutcracker\u201d, \u201cCarmen\u201d, \u201cCompany\u201d, \u201cHansel and Gretel\u201d y \u201cJamie\u201d, con la esperanza de que alguna sea un futuro proyecto teatral en M\u00e9xico.<\/p>\n<p>Fue en 1975 cuando \u201cJesucristo Superestrella\u201d, de\u00a0Tim Rice\u00a0con m\u00fasica de\u00a0Andrew Lloyd Webber, se mont\u00f3 por primera vez en esta ciudad bajo la producci\u00f3n de\u00a0Julissa, con las actuaciones estelares de ella misma al lado de Enrique del Olmo, Luis Torner y H\u00e9ctor Ortiz.<\/p>\n<p>Ocho a\u00f1os despu\u00e9s, en el Teatro L\u00edrico, Julissa daba a conocer una nueva versi\u00f3n, pero con\u00a0Roc\u00edo Banquells, Jorge Abraham, Enrique del Olmo, Fernando Robles y Arturo Alegro en el reparto.<\/p>\n<p>En 2001 el productor Morris Gilbert propuso su versi\u00f3n en el entonces Centro Cultural Telmex Teatro 1 con Erik Rub\u00edn a la cabeza del elenco. Tambi\u00e9n actuaron Federico DiLorenzo, Jjano, Lolita Cort\u00e9s, Juan Navarro, Enrique Ch\u00ed, Gerardo Gonz\u00e1lez, P\u00eda A\u00fan y Gerardo Gonz\u00e1lez, entre otros.<\/p>\n<p>Hasta el momento se sabe que la traducci\u00f3n del texto ser\u00e1 la original que present\u00f3 Julissa.<\/p>\n","protected":false},"excerpt":{"rendered":"<p>Fuente:\u00a0\u00a0https:\/\/www.excelsior.com.mx &nbsp; &nbsp; El productor\u00a0Alejandro Gou\u00a0anunci\u00f3 que en 2019 presentar\u00e1 el musical \u00abJesucristo Superestrella\u00bb, montado por primera vez en M\u00e9xico en 1975, y que pronto dar\u00e1 a conocer la convocatoria para elegir al elenco.&#46;&#46;&#46;<\/p>\n","protected":false},"author":28,"featured_media":2101,"comment_status":"open","ping_status":"open","sticky":false,"template":"","format":"standard","meta":{"_acf_changed":false,"om_disable_all_campaigns":false,"rop_custom_images_group":[],"rop_custom_messages_group":[],"rop_publish_now":"initial","rop_publish_now_accounts":{"twitter_242054905_242054905":""},"rop_publish_now_history":[],"rop_publish_now_status":"pending","_uf_show_specific_survey":0,"_uf_disable_surveys":false,"footnotes":""},"categories":[8],"tags":[167],"class_list":["post-2100","post","type-post","status-publish","format-standard","has-post-thumbnail","hentry","category-arte-y-espectaculos","tag-jesucristo-superestrella-se-montara-en-mexico-en-2019"],"acf":[],"aioseo_notices":[],"yoast_head":"<!-- This site is optimized with the Yoast SEO Premium plugin v24.9 (Yoast SEO v27.2) - https:\/\/yoast.com\/product\/yoast-seo-premium-wordpress\/ -->\n<title>Jesucristo Superestrella&#039; se montar\u00e1 en M\u00e9xico en 2019 - M\u00e9xico<\/title>\n<meta name=\"robots\" content=\"index, follow, max-snippet:-1, max-image-preview:large, max-video-preview:-1\" \/>\n<link rel=\"canonical\" href=\"https:\/\/noti-america.com\/site\/mexico\/2018\/12\/28\/jesucristo-superestrella-se-montara-en-mexico-en-2019\/\" \/>\n<meta property=\"og:locale\" content=\"es_ES\" \/>\n<meta property=\"og:type\" content=\"article\" \/>\n<meta property=\"og:title\" content=\"Jesucristo Superestrella&#039; se montar\u00e1 en M\u00e9xico en 2019\" \/>\n<meta property=\"og:description\" content=\"Fuente:\u00a0\u00a0https:\/\/www.excelsior.com.mx &nbsp; &nbsp; El productor\u00a0Alejandro Gou\u00a0anunci\u00f3 que en 2019 presentar\u00e1 el musical \u00abJesucristo Superestrella\u00bb, montado por primera vez en M\u00e9xico en 1975, y que pronto dar\u00e1 a conocer la convocatoria para elegir al elenco.&#046;&#046;&#046;\" \/>\n<meta property=\"og:url\" content=\"https:\/\/noti-america.com\/site\/mexico\/2018\/12\/28\/jesucristo-superestrella-se-montara-en-mexico-en-2019\/\" \/>\n<meta property=\"og:site_name\" content=\"M\u00e9xico\" \/>\n<meta property=\"article:published_time\" content=\"2018-12-28T02:44:09+00:00\" \/>\n<meta property=\"og:image\" content=\"https:\/\/noti-america.com\/site\/mexico\/wp-content\/uploads\/sites\/13\/2018\/12\/2072558.jpg\" \/>\n\t<meta property=\"og:image:width\" content=\"664\" \/>\n\t<meta property=\"og:image:height\" content=\"498\" \/>\n\t<meta property=\"og:image:type\" content=\"image\/jpeg\" \/>\n<meta name=\"author\" content=\"Redacci\u00f3n NA-NY\" \/>\n<meta name=\"twitter:card\" content=\"summary_large_image\" \/>\n<meta name=\"twitter:label1\" content=\"Escrito por\" \/>\n\t<meta name=\"twitter:data1\" content=\"Redacci\u00f3n NA-NY\" \/>\n\t<meta name=\"twitter:label2\" content=\"Tiempo estimado de lectura\" \/>\n\t<meta name=\"twitter:data2\" content=\"1 minuto\" \/>\n<script type=\"application\/ld+json\" class=\"yoast-schema-graph\">{\"@context\":\"https:\/\/schema.org\",\"@graph\":[{\"@type\":\"Article\",\"@id\":\"https:\/\/noti-america.com\/site\/mexico\/2018\/12\/28\/jesucristo-superestrella-se-montara-en-mexico-en-2019\/#article\",\"isPartOf\":{\"@id\":\"https:\/\/noti-america.com\/site\/mexico\/2018\/12\/28\/jesucristo-superestrella-se-montara-en-mexico-en-2019\/\"},\"author\":{\"name\":\"Redacci\u00f3n NA-NY\",\"@id\":\"https:\/\/noti-america.com\/site\/mexico\/#\/schema\/person\/db5a6527aaddfc34b3753d557a1292f0\"},\"headline\":\"Jesucristo Superestrella&#8217; se montar\u00e1 en M\u00e9xico en 2019\",\"datePublished\":\"2018-12-28T02:44:09+00:00\",\"mainEntityOfPage\":{\"@id\":\"https:\/\/noti-america.com\/site\/mexico\/2018\/12\/28\/jesucristo-superestrella-se-montara-en-mexico-en-2019\/\"},\"wordCount\":273,\"commentCount\":0,\"publisher\":{\"@id\":\"https:\/\/noti-america.com\/site\/mexico\/#organization\"},\"image\":{\"@id\":\"https:\/\/noti-america.com\/site\/mexico\/2018\/12\/28\/jesucristo-superestrella-se-montara-en-mexico-en-2019\/#primaryimage\"},\"thumbnailUrl\":\"https:\/\/noti-america.com\/site\/mexico\/wp-content\/uploads\/sites\/13\/2018\/12\/2072558.jpg\",\"keywords\":[\"Jesucristo Superestrella' se montar\u00e1 en M\u00e9xico en 2019\"],\"articleSection\":[\"Arte y Espect\u00e1culos\"],\"inLanguage\":\"es\",\"potentialAction\":[{\"@type\":\"CommentAction\",\"name\":\"Comment\",\"target\":[\"https:\/\/noti-america.com\/site\/mexico\/2018\/12\/28\/jesucristo-superestrella-se-montara-en-mexico-en-2019\/#respond\"]}]},{\"@type\":\"WebPage\",\"@id\":\"https:\/\/noti-america.com\/site\/mexico\/2018\/12\/28\/jesucristo-superestrella-se-montara-en-mexico-en-2019\/\",\"url\":\"https:\/\/noti-america.com\/site\/mexico\/2018\/12\/28\/jesucristo-superestrella-se-montara-en-mexico-en-2019\/\",\"name\":\"Jesucristo Superestrella' se montar\u00e1 en M\u00e9xico en 2019 - M\u00e9xico\",\"isPartOf\":{\"@id\":\"https:\/\/noti-america.com\/site\/mexico\/#website\"},\"primaryImageOfPage\":{\"@id\":\"https:\/\/noti-america.com\/site\/mexico\/2018\/12\/28\/jesucristo-superestrella-se-montara-en-mexico-en-2019\/#primaryimage\"},\"image\":{\"@id\":\"https:\/\/noti-america.com\/site\/mexico\/2018\/12\/28\/jesucristo-superestrella-se-montara-en-mexico-en-2019\/#primaryimage\"},\"thumbnailUrl\":\"https:\/\/noti-america.com\/site\/mexico\/wp-content\/uploads\/sites\/13\/2018\/12\/2072558.jpg\",\"datePublished\":\"2018-12-28T02:44:09+00:00\",\"breadcrumb\":{\"@id\":\"https:\/\/noti-america.com\/site\/mexico\/2018\/12\/28\/jesucristo-superestrella-se-montara-en-mexico-en-2019\/#breadcrumb\"},\"inLanguage\":\"es\",\"potentialAction\":[{\"@type\":\"ReadAction\",\"target\":[\"https:\/\/noti-america.com\/site\/mexico\/2018\/12\/28\/jesucristo-superestrella-se-montara-en-mexico-en-2019\/\"]}]},{\"@type\":\"ImageObject\",\"inLanguage\":\"es\",\"@id\":\"https:\/\/noti-america.com\/site\/mexico\/2018\/12\/28\/jesucristo-superestrella-se-montara-en-mexico-en-2019\/#primaryimage\",\"url\":\"https:\/\/noti-america.com\/site\/mexico\/wp-content\/uploads\/sites\/13\/2018\/12\/2072558.jpg\",\"contentUrl\":\"https:\/\/noti-america.com\/site\/mexico\/wp-content\/uploads\/sites\/13\/2018\/12\/2072558.jpg\",\"width\":664,\"height\":498},{\"@type\":\"BreadcrumbList\",\"@id\":\"https:\/\/noti-america.com\/site\/mexico\/2018\/12\/28\/jesucristo-superestrella-se-montara-en-mexico-en-2019\/#breadcrumb\",\"itemListElement\":[{\"@type\":\"ListItem\",\"position\":1,\"name\":\"Portada\",\"item\":\"https:\/\/noti-america.com\/site\/mexico\/\"},{\"@type\":\"ListItem\",\"position\":2,\"name\":\"Jesucristo Superestrella&#8217; se montar\u00e1 en M\u00e9xico en 2019\"}]},{\"@type\":\"WebSite\",\"@id\":\"https:\/\/noti-america.com\/site\/mexico\/#website\",\"url\":\"https:\/\/noti-america.com\/site\/mexico\/\",\"name\":\"M\u00e9xico | Noti-America.com\",\"description\":\"\",\"publisher\":{\"@id\":\"https:\/\/noti-america.com\/site\/mexico\/#organization\"},\"potentialAction\":[{\"@type\":\"SearchAction\",\"target\":{\"@type\":\"EntryPoint\",\"urlTemplate\":\"https:\/\/noti-america.com\/site\/mexico\/?s={search_term_string}\"},\"query-input\":{\"@type\":\"PropertyValueSpecification\",\"valueRequired\":true,\"valueName\":\"search_term_string\"}}],\"inLanguage\":\"es\"},{\"@type\":\"Organization\",\"@id\":\"https:\/\/noti-america.com\/site\/mexico\/#organization\",\"name\":\"Noti-America LLC | M\u00e9xico\",\"url\":\"https:\/\/noti-america.com\/site\/mexico\/\",\"logo\":{\"@type\":\"ImageObject\",\"inLanguage\":\"es\",\"@id\":\"https:\/\/noti-america.com\/site\/mexico\/#\/schema\/logo\/image\/\",\"url\":\"https:\/\/noti-america.com\/site\/mexico\/wp-content\/uploads\/sites\/13\/2020\/07\/LogoNA-4x3-1.jpg\",\"contentUrl\":\"https:\/\/noti-america.com\/site\/mexico\/wp-content\/uploads\/sites\/13\/2020\/07\/LogoNA-4x3-1.jpg\",\"width\":1236,\"height\":1080,\"caption\":\"Noti-America LLC | M\u00e9xico\"},\"image\":{\"@id\":\"https:\/\/noti-america.com\/site\/mexico\/#\/schema\/logo\/image\/\"}},{\"@type\":\"Person\",\"@id\":\"https:\/\/noti-america.com\/site\/mexico\/#\/schema\/person\/db5a6527aaddfc34b3753d557a1292f0\",\"name\":\"Redacci\u00f3n NA-NY\",\"image\":{\"@type\":\"ImageObject\",\"inLanguage\":\"es\",\"@id\":\"https:\/\/secure.gravatar.com\/avatar\/2bd75bb500a8deb1390f777293a9af32d934c46613d2fbac7cceb2aaa2679ae8?s=96&d=mm&r=g\",\"url\":\"https:\/\/secure.gravatar.com\/avatar\/2bd75bb500a8deb1390f777293a9af32d934c46613d2fbac7cceb2aaa2679ae8?s=96&d=mm&r=g\",\"contentUrl\":\"https:\/\/secure.gravatar.com\/avatar\/2bd75bb500a8deb1390f777293a9af32d934c46613d2fbac7cceb2aaa2679ae8?s=96&d=mm&r=g\",\"caption\":\"Redacci\u00f3n NA-NY\"},\"url\":\"https:\/\/noti-america.com\/site\/mexico\/author\/redaccionny\/\"}]}<\/script>\n<!-- \/ Yoast SEO Premium plugin. -->","yoast_head_json":{"title":"Jesucristo Superestrella' se montar\u00e1 en M\u00e9xico en 2019 - M\u00e9xico","robots":{"index":"index","follow":"follow","max-snippet":"max-snippet:-1","max-image-preview":"max-image-preview:large","max-video-preview":"max-video-preview:-1"},"canonical":"https:\/\/noti-america.com\/site\/mexico\/2018\/12\/28\/jesucristo-superestrella-se-montara-en-mexico-en-2019\/","og_locale":"es_ES","og_type":"article","og_title":"Jesucristo Superestrella' se montar\u00e1 en M\u00e9xico en 2019","og_description":"Fuente:\u00a0\u00a0https:\/\/www.excelsior.com.mx &nbsp; &nbsp; El productor\u00a0Alejandro Gou\u00a0anunci\u00f3 que en 2019 presentar\u00e1 el musical \u00abJesucristo Superestrella\u00bb, montado por primera vez en M\u00e9xico en 1975, y que pronto dar\u00e1 a conocer la convocatoria para elegir al elenco.&#46;&#46;&#46;","og_url":"https:\/\/noti-america.com\/site\/mexico\/2018\/12\/28\/jesucristo-superestrella-se-montara-en-mexico-en-2019\/","og_site_name":"M\u00e9xico","article_published_time":"2018-12-28T02:44:09+00:00","og_image":[{"width":664,"height":498,"url":"https:\/\/noti-america.com\/site\/mexico\/wp-content\/uploads\/sites\/13\/2018\/12\/2072558.jpg","type":"image\/jpeg"}],"author":"Redacci\u00f3n NA-NY","twitter_card":"summary_large_image","twitter_misc":{"Escrito por":"Redacci\u00f3n NA-NY","Tiempo estimado de lectura":"1 minuto"},"schema":{"@context":"https:\/\/schema.org","@graph":[{"@type":"Article","@id":"https:\/\/noti-america.com\/site\/mexico\/2018\/12\/28\/jesucristo-superestrella-se-montara-en-mexico-en-2019\/#article","isPartOf":{"@id":"https:\/\/noti-america.com\/site\/mexico\/2018\/12\/28\/jesucristo-superestrella-se-montara-en-mexico-en-2019\/"},"author":{"name":"Redacci\u00f3n NA-NY","@id":"https:\/\/noti-america.com\/site\/mexico\/#\/schema\/person\/db5a6527aaddfc34b3753d557a1292f0"},"headline":"Jesucristo Superestrella&#8217; se montar\u00e1 en M\u00e9xico en 2019","datePublished":"2018-12-28T02:44:09+00:00","mainEntityOfPage":{"@id":"https:\/\/noti-america.com\/site\/mexico\/2018\/12\/28\/jesucristo-superestrella-se-montara-en-mexico-en-2019\/"},"wordCount":273,"commentCount":0,"publisher":{"@id":"https:\/\/noti-america.com\/site\/mexico\/#organization"},"image":{"@id":"https:\/\/noti-america.com\/site\/mexico\/2018\/12\/28\/jesucristo-superestrella-se-montara-en-mexico-en-2019\/#primaryimage"},"thumbnailUrl":"https:\/\/noti-america.com\/site\/mexico\/wp-content\/uploads\/sites\/13\/2018\/12\/2072558.jpg","keywords":["Jesucristo Superestrella' se montar\u00e1 en M\u00e9xico en 2019"],"articleSection":["Arte y Espect\u00e1culos"],"inLanguage":"es","potentialAction":[{"@type":"CommentAction","name":"Comment","target":["https:\/\/noti-america.com\/site\/mexico\/2018\/12\/28\/jesucristo-superestrella-se-montara-en-mexico-en-2019\/#respond"]}]},{"@type":"WebPage","@id":"https:\/\/noti-america.com\/site\/mexico\/2018\/12\/28\/jesucristo-superestrella-se-montara-en-mexico-en-2019\/","url":"https:\/\/noti-america.com\/site\/mexico\/2018\/12\/28\/jesucristo-superestrella-se-montara-en-mexico-en-2019\/","name":"Jesucristo Superestrella' se montar\u00e1 en M\u00e9xico en 2019 - M\u00e9xico","isPartOf":{"@id":"https:\/\/noti-america.com\/site\/mexico\/#website"},"primaryImageOfPage":{"@id":"https:\/\/noti-america.com\/site\/mexico\/2018\/12\/28\/jesucristo-superestrella-se-montara-en-mexico-en-2019\/#primaryimage"},"image":{"@id":"https:\/\/noti-america.com\/site\/mexico\/2018\/12\/28\/jesucristo-superestrella-se-montara-en-mexico-en-2019\/#primaryimage"},"thumbnailUrl":"https:\/\/noti-america.com\/site\/mexico\/wp-content\/uploads\/sites\/13\/2018\/12\/2072558.jpg","datePublished":"2018-12-28T02:44:09+00:00","breadcrumb":{"@id":"https:\/\/noti-america.com\/site\/mexico\/2018\/12\/28\/jesucristo-superestrella-se-montara-en-mexico-en-2019\/#breadcrumb"},"inLanguage":"es","potentialAction":[{"@type":"ReadAction","target":["https:\/\/noti-america.com\/site\/mexico\/2018\/12\/28\/jesucristo-superestrella-se-montara-en-mexico-en-2019\/"]}]},{"@type":"ImageObject","inLanguage":"es","@id":"https:\/\/noti-america.com\/site\/mexico\/2018\/12\/28\/jesucristo-superestrella-se-montara-en-mexico-en-2019\/#primaryimage","url":"https:\/\/noti-america.com\/site\/mexico\/wp-content\/uploads\/sites\/13\/2018\/12\/2072558.jpg","contentUrl":"https:\/\/noti-america.com\/site\/mexico\/wp-content\/uploads\/sites\/13\/2018\/12\/2072558.jpg","width":664,"height":498},{"@type":"BreadcrumbList","@id":"https:\/\/noti-america.com\/site\/mexico\/2018\/12\/28\/jesucristo-superestrella-se-montara-en-mexico-en-2019\/#breadcrumb","itemListElement":[{"@type":"ListItem","position":1,"name":"Portada","item":"https:\/\/noti-america.com\/site\/mexico\/"},{"@type":"ListItem","position":2,"name":"Jesucristo Superestrella&#8217; se montar\u00e1 en M\u00e9xico en 2019"}]},{"@type":"WebSite","@id":"https:\/\/noti-america.com\/site\/mexico\/#website","url":"https:\/\/noti-america.com\/site\/mexico\/","name":"M\u00e9xico | Noti-America.com","description":"","publisher":{"@id":"https:\/\/noti-america.com\/site\/mexico\/#organization"},"potentialAction":[{"@type":"SearchAction","target":{"@type":"EntryPoint","urlTemplate":"https:\/\/noti-america.com\/site\/mexico\/?s={search_term_string}"},"query-input":{"@type":"PropertyValueSpecification","valueRequired":true,"valueName":"search_term_string"}}],"inLanguage":"es"},{"@type":"Organization","@id":"https:\/\/noti-america.com\/site\/mexico\/#organization","name":"Noti-America LLC | M\u00e9xico","url":"https:\/\/noti-america.com\/site\/mexico\/","logo":{"@type":"ImageObject","inLanguage":"es","@id":"https:\/\/noti-america.com\/site\/mexico\/#\/schema\/logo\/image\/","url":"https:\/\/noti-america.com\/site\/mexico\/wp-content\/uploads\/sites\/13\/2020\/07\/LogoNA-4x3-1.jpg","contentUrl":"https:\/\/noti-america.com\/site\/mexico\/wp-content\/uploads\/sites\/13\/2020\/07\/LogoNA-4x3-1.jpg","width":1236,"height":1080,"caption":"Noti-America LLC | M\u00e9xico"},"image":{"@id":"https:\/\/noti-america.com\/site\/mexico\/#\/schema\/logo\/image\/"}},{"@type":"Person","@id":"https:\/\/noti-america.com\/site\/mexico\/#\/schema\/person\/db5a6527aaddfc34b3753d557a1292f0","name":"Redacci\u00f3n NA-NY","image":{"@type":"ImageObject","inLanguage":"es","@id":"https:\/\/secure.gravatar.com\/avatar\/2bd75bb500a8deb1390f777293a9af32d934c46613d2fbac7cceb2aaa2679ae8?s=96&d=mm&r=g","url":"https:\/\/secure.gravatar.com\/avatar\/2bd75bb500a8deb1390f777293a9af32d934c46613d2fbac7cceb2aaa2679ae8?s=96&d=mm&r=g","contentUrl":"https:\/\/secure.gravatar.com\/avatar\/2bd75bb500a8deb1390f777293a9af32d934c46613d2fbac7cceb2aaa2679ae8?s=96&d=mm&r=g","caption":"Redacci\u00f3n NA-NY"},"url":"https:\/\/noti-america.com\/site\/mexico\/author\/redaccionny\/"}]}},"_links":{"self":[{"href":"https:\/\/noti-america.com\/site\/mexico\/wp-json\/wp\/v2\/posts\/2100","targetHints":{"allow":["GET"]}}],"collection":[{"href":"https:\/\/noti-america.com\/site\/mexico\/wp-json\/wp\/v2\/posts"}],"about":[{"href":"https:\/\/noti-america.com\/site\/mexico\/wp-json\/wp\/v2\/types\/post"}],"author":[{"embeddable":true,"href":"https:\/\/noti-america.com\/site\/mexico\/wp-json\/wp\/v2\/users\/28"}],"replies":[{"embeddable":true,"href":"https:\/\/noti-america.com\/site\/mexico\/wp-json\/wp\/v2\/comments?post=2100"}],"version-history":[{"count":1,"href":"https:\/\/noti-america.com\/site\/mexico\/wp-json\/wp\/v2\/posts\/2100\/revisions"}],"predecessor-version":[{"id":2102,"href":"https:\/\/noti-america.com\/site\/mexico\/wp-json\/wp\/v2\/posts\/2100\/revisions\/2102"}],"wp:featuredmedia":[{"embeddable":true,"href":"https:\/\/noti-america.com\/site\/mexico\/wp-json\/wp\/v2\/media\/2101"}],"wp:attachment":[{"href":"https:\/\/noti-america.com\/site\/mexico\/wp-json\/wp\/v2\/media?parent=2100"}],"wp:term":[{"taxonomy":"category","embeddable":true,"href":"https:\/\/noti-america.com\/site\/mexico\/wp-json\/wp\/v2\/categories?post=2100"},{"taxonomy":"post_tag","embeddable":true,"href":"https:\/\/noti-america.com\/site\/mexico\/wp-json\/wp\/v2\/tags?post=2100"}],"curies":[{"name":"wp","href":"https:\/\/api.w.org\/{rel}","templated":true}]}}