{"id":2031,"date":"2018-12-26T15:09:29","date_gmt":"2018-12-26T15:09:29","guid":{"rendered":"http:\/\/noti-america.com\/site\/mexico\/?p=2031"},"modified":"2018-12-26T15:09:29","modified_gmt":"2018-12-26T15:09:29","slug":"huitzilopochtli-villancicos-y-la-salvacion-del-apocalipsis-la-primera-navidad-mexicana","status":"publish","type":"post","link":"https:\/\/noti-america.com\/site\/mexico\/2018\/12\/26\/huitzilopochtli-villancicos-y-la-salvacion-del-apocalipsis-la-primera-navidad-mexicana\/","title":{"rendered":"Huitzilopochtli, villancicos y la salvaci\u00f3n del apocalipsis: la primera Navidad mexicana"},"content":{"rendered":"<p><img loading=\"lazy\" decoding=\"async\" class=\" wp-image-2032 aligncenter\" src=\"http:\/\/noti-america.com\/site\/mexico\/wp-content\/uploads\/sites\/13\/2018\/12\/1545252304_882412_1545438356_noticia_normal_recorte1-300x218.jpg\" alt=\"\" width=\"527\" height=\"383\" srcset=\"https:\/\/noti-america.com\/site\/mexico\/wp-content\/uploads\/sites\/13\/2018\/12\/1545252304_882412_1545438356_noticia_normal_recorte1-300x218.jpg 300w, https:\/\/noti-america.com\/site\/mexico\/wp-content\/uploads\/sites\/13\/2018\/12\/1545252304_882412_1545438356_noticia_normal_recorte1-768x558.jpg 768w, https:\/\/noti-america.com\/site\/mexico\/wp-content\/uploads\/sites\/13\/2018\/12\/1545252304_882412_1545438356_noticia_normal_recorte1-1024x743.jpg 1024w, https:\/\/noti-america.com\/site\/mexico\/wp-content\/uploads\/sites\/13\/2018\/12\/1545252304_882412_1545438356_noticia_normal_recorte1.jpg 1960w\" sizes=\"auto, (max-width: 527px) 100vw, 527px\" \/><\/p>\n<p>&nbsp;<\/p>\n<p>&nbsp;<\/p>\n<p>&nbsp;<\/p>\n<h3>Fuente:\u00a0\u00a0https:\/\/elpais.com\/cultura\/<\/h3>\n<p>&nbsp;<\/p>\n<p>No fue una Navidad como a la que la mayor\u00eda est\u00e1 acostumbrada estos d\u00edas. No hay registros de pinos frondosos ni de esferas brillantes ni de regalos envueltos con grandes mo\u00f1os de colores. Tampoco hab\u00eda gorros rojos de Pap\u00e1 Noel ni se colocaron flores de nochebuena o de Pascua, como se conocen en Espa\u00f1a. Al\u00a0primer festejo navide\u00f1o en M\u00e9xico, documentado en 1528, llegaron invitados de lugares tan lejanos como hasta 20 leguas (casi 100 kil\u00f3metros) de distancia de Tenochtitlan, la antigua capital del Imperio mexica. Algunos vinieron por tierra, otros por agua y unos pocos estaban enfermos. \u201cVinieron tantos que no cab\u00edan en el patio\u201d, relat\u00f3 incr\u00e9dulo Pedro de Gante, el franciscano que convoc\u00f3 la celebraci\u00f3n, en una carta escrita d\u00e9cadas despu\u00e9s al rey Felipe II. En el momento cumbre de la noche, narraba el fraile, los\u00a0<em>convidados<\/em>\u00a0\u201ccantaron la\u00a0<em>mesma<\/em>\u00a0noche de Natividad a los \u00e1ngeles\u201d un villancico en el que clamaban: \u201cHoy ha nacido el redentor del mundo\u201d.<\/p>\n<p>La Navidad tard\u00f3 mucho tiempo en asentarse en la colonia de Nueva Espa\u00f1a. Gante, un cl\u00e9rigo de Flandes (hoy B\u00e9lgica), sali\u00f3 de Espa\u00f1a en mayo de 1523 y desembarc\u00f3 en M\u00e9xico tres meses m\u00e1s tarde.\u00a0La antigua Tenochtitlan\u00a0a\u00fan estaba destruida tras su ca\u00edda en 1521. El fraile empez\u00f3 su misi\u00f3n en Texcoco, una poblaci\u00f3n que hab\u00eda sido aliada de los aztecas y que hoy se encuentra en la periferia oriente de Ciudad de M\u00e9xico, con una consigna clara: salvar tantas almas como fuera posible antes del apocalipsis. Los franciscanos ten\u00edan un marcado acento milenarista, la creencia de que hab\u00eda que prepararse para el d\u00eda del juicio final. En los primeros a\u00f1os de la Colonia, eso se traduc\u00eda en convertir a los \u201cherejes\u201d, en la evangelizaci\u00f3n de los indios. \u201cCon frecuencia nos acontece bautizar en un d\u00eda 14.000 personas, a veces 10.000, a veces 8.000\u201d, aseguraba Gante en sus testigos epistolares.<\/p>\n<p>Los primeros franciscanos se empaparon de las tradiciones de las culturas prehisp\u00e1nicas, aprendieron n\u00e1huatl y en algunos casos otom\u00ed, y sentaron las bases de lo que fue un largo y complejo proceso sincr\u00e9tico. Gante identific\u00f3 la importancia de la tradici\u00f3n oral en los relatos identitarios de los pobladores originales, de los cantos y bailes que ofrec\u00edan a los dioses, y de la necesidad de representar el pante\u00f3n prehisp\u00e1nico en figurillas o monolitos. La transici\u00f3n del politeismo al dogma de la Trinidad o al santoral comenz\u00f3 de forma rudimentaria con canciones y ritos traducidos a las lenguas ind\u00edgenas. \u201cSe trat\u00f3 de un proceso pedag\u00f3gico: prepar\u00f3 obras de teatro, los ni\u00f1os de la natigua nobleza se disfrazaban de \u00e1ngeles, tradujo y compuso himnos religiosos, instruy\u00f3 a los pobladores a usar im\u00e1genes cristianas en sus ropas originales\u201d, apunta el historiador Carlos Fernando L\u00f3pez de la Torre.<\/p>\n<p>Con Gante lleg\u00f3 tambi\u00e9n la tradici\u00f3n de poner los nacimientos o belenes, por ejemplo, explica L\u00f3pez de la Torre. \u201cEs muy probable que en Texcoco ya se hubiera celebrado antes la Navidad, durante esos primeros a\u00f1os, pero no tenemos registros hist\u00f3ricos\u201d, se\u00f1ala. El sitio de la celebraci\u00f3n de 1528 fue la Capilla de San Jos\u00e9 de los Naturales (como los religiosos se refer\u00edan a los indios), la primera construcci\u00f3n religiosa en el predio que a\u00fan es sede del Templo de San Francisco, pr\u00e1cticamente en contraesquina del actual Palacio de Bellas Artes, en el coraz\u00f3n de la capital mexicana. Tras 490 a\u00f1os, ya no queda rastro de la capilla, entre las actuales calles de 16 de Septiembre y Gante, que era de techo abierto y ten\u00eda una vocaci\u00f3n de masas, de llegar al mayor p\u00fablico posible.<\/p>\n<p>Una coincidencia tambi\u00e9n fue determinante para que llegara la Navidad a M\u00e9xico. Los festejos navide\u00f1os coinciden con el solsticio de invierno, un acontecimiento astron\u00f3mico que marcaba los ciclos de las cosechas y que era celebrado en muchas culturas: los eslavos, los romanos, los chinos, los pueblos subsaharianos, entre otros. Los mexicas ten\u00edan el\u00a0<em>panquetzaliztli<\/em>, la fiesta para conmemorar el nacimiento de Hutzilpochtli, el dios-sol de la guerra y patr\u00f3n de la metropoli mexica, explica Sonia Iglesias y Cabrera. \u201cEra la celebraci\u00f3n m\u00e1s importante del pante\u00f3n azteca\u201d, resume la autora de\u00a0<em>Navidades mexicanas.<\/em><\/p>\n<p>Es simplista decir que el\u00a0<em>panquetzaliztli,<\/em>\u00a0que se traduce del n\u00e1huatl como el levantamiento de las banderas, sea la \u201cnavidad mexica\u201d porque era completamente diferente de las celebraciones actuales. Hab\u00eda los ahora satanizados sacrificios humanos, duraba varios d\u00edas y se hac\u00eda una especie de cuaresma en las semanas previas. \u201cPero la coincidencia de fechas fue aprovechada por los evangelizadores, a final de cuentas la Navidad tambi\u00e9n es la festividad m\u00e1s importante del cristianismo y fue fundamental para la introducci\u00f3n de los ind\u00edgenas a la cristiandad\u201d, argumenta L\u00f3pez de la Torre.<\/p>\n<section id=\"sumario_1|foto\" class=\"sumario_foto centro\"><a name=\"sumario_1\"><\/a><\/p>\n<div class=\"sumario__interior\">\n<figure class=\"foto foto_w980\"><img loading=\"lazy\" decoding=\"async\" src=\"https:\/\/ep01.epimg.net\/cultura\/imagenes\/2018\/12\/19\/actualidad\/1545252304_882412_1545438448_sumario_normal.jpg\" srcset=\"\/\/ep01.epimg.net\/cultura\/imagenes\/2018\/12\/19\/actualidad\/1545252304_882412_1545438448_sumario_normal_recorte1.jpg 1960w, \/\/ep01.epimg.net\/cultura\/imagenes\/2018\/12\/19\/actualidad\/1545252304_882412_1545438448_sumario_normal_recorte2.jpg 720w, \/\/ep01.epimg.net\/cultura\/imagenes\/2018\/12\/19\/actualidad\/1545252304_882412_1545438448_sumario_normal.jpg 980w\" alt=\"Fray Pedro de Gante\" width=\"980\" height=\"619\" \/><figcaption class=\"foto-pie\"><span class=\"foto-texto\">Fray Pedro de Gante<\/span>\u00a0<span class=\"foto-firma\"><span class=\"foto-autor\">SALVADOR PRUNEDA<\/span>\u00a0<span class=\"foto-agencia\">CULTURA.GOB<\/span><\/span><\/figcaption><\/figure>\n<div class=\"sumario-texto\"><\/div>\n<\/div>\n<\/section>\n<p>\u201cHoy en d\u00eda, la fiesta ha adquirido otras caracter\u00edsticas, las m\u00e1s de las veces de car\u00e1cter comercial\u201d, comenta Iglesias y Cabrera: \u201cSin embargo, en todas nuestras culturas ind\u00edgenas y campesinas se celebra de manera tradicional y m\u00e1s apegada a los prop\u00f3sitos ideol\u00f3gicos para los que fue creada\u201d. La Navidad tardar\u00eda muchos a\u00f1os, si no siglos, en configurarse como se conoce actualmente. Llegar\u00edan despu\u00e9s los aguinaldos, las posadas, la pirotecnia de la Nao de China, las distintas teor\u00edas sobre el origen de las pi\u00f1atas, la importaci\u00f3n de la tradici\u00f3n del \u00e1rbol navide\u00f1o (atribuida consensualmente al imperio de Maximiliano de Habsburgo), la figura de Santa Claus o de Pap\u00e1 Noel, la llegada del pavo al men\u00fa de la festividad y la idea del embajador estadounidense Joel Roberts Poinsett de usar la nochebuena como la flor simb\u00f3lica de la fecha. En M\u00e9xico, en la antigua Nueva Espa\u00f1a, todo empez\u00f3 con un villancico.<\/p>\n","protected":false},"excerpt":{"rendered":"<p>&nbsp; &nbsp; &nbsp; Fuente:\u00a0\u00a0https:\/\/elpais.com\/cultura\/ &nbsp; No fue una Navidad como a la que la mayor\u00eda est\u00e1 acostumbrada estos d\u00edas. No hay registros de pinos frondosos ni de esferas brillantes ni de regalos envueltos con&#46;&#46;&#46;<\/p>\n","protected":false},"author":28,"featured_media":2032,"comment_status":"open","ping_status":"open","sticky":false,"template":"","format":"standard","meta":{"_acf_changed":false,"om_disable_all_campaigns":false,"rop_custom_images_group":[],"rop_custom_messages_group":[],"rop_publish_now":"initial","rop_publish_now_accounts":{"twitter_242054905_242054905":""},"rop_publish_now_history":[],"rop_publish_now_status":"pending","_uf_show_specific_survey":0,"_uf_disable_surveys":false,"footnotes":""},"categories":[1],"tags":[156,157],"class_list":["post-2031","post","type-post","status-publish","format-standard","has-post-thumbnail","hentry","category-uncategorized","tag-huitzilopochtli","tag-villancicos-y-la-salvacion-del-apocalipsis-la-primera-navidad-mexicana"],"acf":[],"aioseo_notices":[],"yoast_head":"<!-- This site is optimized with the Yoast SEO Premium plugin v24.9 (Yoast SEO v27.2) - https:\/\/yoast.com\/product\/yoast-seo-premium-wordpress\/ -->\n<title>Huitzilopochtli, villancicos y la salvaci\u00f3n del apocalipsis: la primera Navidad mexicana - M\u00e9xico<\/title>\n<meta name=\"robots\" content=\"index, follow, max-snippet:-1, max-image-preview:large, max-video-preview:-1\" \/>\n<link rel=\"canonical\" href=\"https:\/\/noti-america.com\/site\/mexico\/2018\/12\/26\/huitzilopochtli-villancicos-y-la-salvacion-del-apocalipsis-la-primera-navidad-mexicana\/\" \/>\n<meta property=\"og:locale\" content=\"es_ES\" \/>\n<meta property=\"og:type\" content=\"article\" \/>\n<meta property=\"og:title\" content=\"Huitzilopochtli, villancicos y la salvaci\u00f3n del apocalipsis: la primera Navidad mexicana\" \/>\n<meta property=\"og:description\" content=\"&nbsp; &nbsp; &nbsp; Fuente:\u00a0\u00a0https:\/\/elpais.com\/cultura\/ &nbsp; No fue una Navidad como a la que la mayor\u00eda est\u00e1 acostumbrada estos d\u00edas. No hay registros de pinos frondosos ni de esferas brillantes ni de regalos envueltos con&#046;&#046;&#046;\" \/>\n<meta property=\"og:url\" content=\"https:\/\/noti-america.com\/site\/mexico\/2018\/12\/26\/huitzilopochtli-villancicos-y-la-salvacion-del-apocalipsis-la-primera-navidad-mexicana\/\" \/>\n<meta property=\"og:site_name\" content=\"M\u00e9xico\" \/>\n<meta property=\"article:published_time\" content=\"2018-12-26T15:09:29+00:00\" \/>\n<meta property=\"og:image\" content=\"https:\/\/noti-america.com\/site\/mexico\/wp-content\/uploads\/sites\/13\/2018\/12\/1545252304_882412_1545438356_noticia_normal_recorte1.jpg\" \/>\n\t<meta property=\"og:image:width\" content=\"1960\" \/>\n\t<meta property=\"og:image:height\" content=\"1423\" \/>\n\t<meta property=\"og:image:type\" content=\"image\/jpeg\" \/>\n<meta name=\"author\" content=\"Redacci\u00f3n NA-NY\" \/>\n<meta name=\"twitter:card\" content=\"summary_large_image\" \/>\n<meta name=\"twitter:label1\" content=\"Escrito por\" \/>\n\t<meta name=\"twitter:data1\" content=\"Redacci\u00f3n NA-NY\" \/>\n\t<meta name=\"twitter:label2\" content=\"Tiempo estimado de lectura\" \/>\n\t<meta name=\"twitter:data2\" content=\"5 minutos\" \/>\n<script type=\"application\/ld+json\" class=\"yoast-schema-graph\">{\"@context\":\"https:\/\/schema.org\",\"@graph\":[{\"@type\":\"Article\",\"@id\":\"https:\/\/noti-america.com\/site\/mexico\/2018\/12\/26\/huitzilopochtli-villancicos-y-la-salvacion-del-apocalipsis-la-primera-navidad-mexicana\/#article\",\"isPartOf\":{\"@id\":\"https:\/\/noti-america.com\/site\/mexico\/2018\/12\/26\/huitzilopochtli-villancicos-y-la-salvacion-del-apocalipsis-la-primera-navidad-mexicana\/\"},\"author\":{\"name\":\"Redacci\u00f3n NA-NY\",\"@id\":\"https:\/\/noti-america.com\/site\/mexico\/#\/schema\/person\/db5a6527aaddfc34b3753d557a1292f0\"},\"headline\":\"Huitzilopochtli, villancicos y la salvaci\u00f3n del apocalipsis: la primera Navidad mexicana\",\"datePublished\":\"2018-12-26T15:09:29+00:00\",\"mainEntityOfPage\":{\"@id\":\"https:\/\/noti-america.com\/site\/mexico\/2018\/12\/26\/huitzilopochtli-villancicos-y-la-salvacion-del-apocalipsis-la-primera-navidad-mexicana\/\"},\"wordCount\":1038,\"commentCount\":0,\"publisher\":{\"@id\":\"https:\/\/noti-america.com\/site\/mexico\/#organization\"},\"image\":{\"@id\":\"https:\/\/noti-america.com\/site\/mexico\/2018\/12\/26\/huitzilopochtli-villancicos-y-la-salvacion-del-apocalipsis-la-primera-navidad-mexicana\/#primaryimage\"},\"thumbnailUrl\":\"https:\/\/noti-america.com\/site\/mexico\/wp-content\/uploads\/sites\/13\/2018\/12\/1545252304_882412_1545438356_noticia_normal_recorte1.jpg\",\"keywords\":[\"Huitzilopochtli\",\"villancicos y la salvaci\u00f3n del apocalipsis: la primera Navidad mexicana\"],\"articleSection\":[\"Uncategorized\"],\"inLanguage\":\"es\",\"potentialAction\":[{\"@type\":\"CommentAction\",\"name\":\"Comment\",\"target\":[\"https:\/\/noti-america.com\/site\/mexico\/2018\/12\/26\/huitzilopochtli-villancicos-y-la-salvacion-del-apocalipsis-la-primera-navidad-mexicana\/#respond\"]}]},{\"@type\":\"WebPage\",\"@id\":\"https:\/\/noti-america.com\/site\/mexico\/2018\/12\/26\/huitzilopochtli-villancicos-y-la-salvacion-del-apocalipsis-la-primera-navidad-mexicana\/\",\"url\":\"https:\/\/noti-america.com\/site\/mexico\/2018\/12\/26\/huitzilopochtli-villancicos-y-la-salvacion-del-apocalipsis-la-primera-navidad-mexicana\/\",\"name\":\"Huitzilopochtli, villancicos y la salvaci\u00f3n del apocalipsis: la primera Navidad mexicana - M\u00e9xico\",\"isPartOf\":{\"@id\":\"https:\/\/noti-america.com\/site\/mexico\/#website\"},\"primaryImageOfPage\":{\"@id\":\"https:\/\/noti-america.com\/site\/mexico\/2018\/12\/26\/huitzilopochtli-villancicos-y-la-salvacion-del-apocalipsis-la-primera-navidad-mexicana\/#primaryimage\"},\"image\":{\"@id\":\"https:\/\/noti-america.com\/site\/mexico\/2018\/12\/26\/huitzilopochtli-villancicos-y-la-salvacion-del-apocalipsis-la-primera-navidad-mexicana\/#primaryimage\"},\"thumbnailUrl\":\"https:\/\/noti-america.com\/site\/mexico\/wp-content\/uploads\/sites\/13\/2018\/12\/1545252304_882412_1545438356_noticia_normal_recorte1.jpg\",\"datePublished\":\"2018-12-26T15:09:29+00:00\",\"breadcrumb\":{\"@id\":\"https:\/\/noti-america.com\/site\/mexico\/2018\/12\/26\/huitzilopochtli-villancicos-y-la-salvacion-del-apocalipsis-la-primera-navidad-mexicana\/#breadcrumb\"},\"inLanguage\":\"es\",\"potentialAction\":[{\"@type\":\"ReadAction\",\"target\":[\"https:\/\/noti-america.com\/site\/mexico\/2018\/12\/26\/huitzilopochtli-villancicos-y-la-salvacion-del-apocalipsis-la-primera-navidad-mexicana\/\"]}]},{\"@type\":\"ImageObject\",\"inLanguage\":\"es\",\"@id\":\"https:\/\/noti-america.com\/site\/mexico\/2018\/12\/26\/huitzilopochtli-villancicos-y-la-salvacion-del-apocalipsis-la-primera-navidad-mexicana\/#primaryimage\",\"url\":\"https:\/\/noti-america.com\/site\/mexico\/wp-content\/uploads\/sites\/13\/2018\/12\/1545252304_882412_1545438356_noticia_normal_recorte1.jpg\",\"contentUrl\":\"https:\/\/noti-america.com\/site\/mexico\/wp-content\/uploads\/sites\/13\/2018\/12\/1545252304_882412_1545438356_noticia_normal_recorte1.jpg\",\"width\":1960,\"height\":1423},{\"@type\":\"BreadcrumbList\",\"@id\":\"https:\/\/noti-america.com\/site\/mexico\/2018\/12\/26\/huitzilopochtli-villancicos-y-la-salvacion-del-apocalipsis-la-primera-navidad-mexicana\/#breadcrumb\",\"itemListElement\":[{\"@type\":\"ListItem\",\"position\":1,\"name\":\"Portada\",\"item\":\"https:\/\/noti-america.com\/site\/mexico\/\"},{\"@type\":\"ListItem\",\"position\":2,\"name\":\"Huitzilopochtli, villancicos y la salvaci\u00f3n del apocalipsis: la primera Navidad mexicana\"}]},{\"@type\":\"WebSite\",\"@id\":\"https:\/\/noti-america.com\/site\/mexico\/#website\",\"url\":\"https:\/\/noti-america.com\/site\/mexico\/\",\"name\":\"M\u00e9xico | Noti-America.com\",\"description\":\"\",\"publisher\":{\"@id\":\"https:\/\/noti-america.com\/site\/mexico\/#organization\"},\"potentialAction\":[{\"@type\":\"SearchAction\",\"target\":{\"@type\":\"EntryPoint\",\"urlTemplate\":\"https:\/\/noti-america.com\/site\/mexico\/?s={search_term_string}\"},\"query-input\":{\"@type\":\"PropertyValueSpecification\",\"valueRequired\":true,\"valueName\":\"search_term_string\"}}],\"inLanguage\":\"es\"},{\"@type\":\"Organization\",\"@id\":\"https:\/\/noti-america.com\/site\/mexico\/#organization\",\"name\":\"Noti-America LLC | M\u00e9xico\",\"url\":\"https:\/\/noti-america.com\/site\/mexico\/\",\"logo\":{\"@type\":\"ImageObject\",\"inLanguage\":\"es\",\"@id\":\"https:\/\/noti-america.com\/site\/mexico\/#\/schema\/logo\/image\/\",\"url\":\"https:\/\/noti-america.com\/site\/mexico\/wp-content\/uploads\/sites\/13\/2020\/07\/LogoNA-4x3-1.jpg\",\"contentUrl\":\"https:\/\/noti-america.com\/site\/mexico\/wp-content\/uploads\/sites\/13\/2020\/07\/LogoNA-4x3-1.jpg\",\"width\":1236,\"height\":1080,\"caption\":\"Noti-America LLC | M\u00e9xico\"},\"image\":{\"@id\":\"https:\/\/noti-america.com\/site\/mexico\/#\/schema\/logo\/image\/\"}},{\"@type\":\"Person\",\"@id\":\"https:\/\/noti-america.com\/site\/mexico\/#\/schema\/person\/db5a6527aaddfc34b3753d557a1292f0\",\"name\":\"Redacci\u00f3n NA-NY\",\"image\":{\"@type\":\"ImageObject\",\"inLanguage\":\"es\",\"@id\":\"https:\/\/secure.gravatar.com\/avatar\/2bd75bb500a8deb1390f777293a9af32d934c46613d2fbac7cceb2aaa2679ae8?s=96&d=mm&r=g\",\"url\":\"https:\/\/secure.gravatar.com\/avatar\/2bd75bb500a8deb1390f777293a9af32d934c46613d2fbac7cceb2aaa2679ae8?s=96&d=mm&r=g\",\"contentUrl\":\"https:\/\/secure.gravatar.com\/avatar\/2bd75bb500a8deb1390f777293a9af32d934c46613d2fbac7cceb2aaa2679ae8?s=96&d=mm&r=g\",\"caption\":\"Redacci\u00f3n NA-NY\"},\"url\":\"https:\/\/noti-america.com\/site\/mexico\/author\/redaccionny\/\"}]}<\/script>\n<!-- \/ Yoast SEO Premium plugin. -->","yoast_head_json":{"title":"Huitzilopochtli, villancicos y la salvaci\u00f3n del apocalipsis: la primera Navidad mexicana - M\u00e9xico","robots":{"index":"index","follow":"follow","max-snippet":"max-snippet:-1","max-image-preview":"max-image-preview:large","max-video-preview":"max-video-preview:-1"},"canonical":"https:\/\/noti-america.com\/site\/mexico\/2018\/12\/26\/huitzilopochtli-villancicos-y-la-salvacion-del-apocalipsis-la-primera-navidad-mexicana\/","og_locale":"es_ES","og_type":"article","og_title":"Huitzilopochtli, villancicos y la salvaci\u00f3n del apocalipsis: la primera Navidad mexicana","og_description":"&nbsp; &nbsp; &nbsp; Fuente:\u00a0\u00a0https:\/\/elpais.com\/cultura\/ &nbsp; No fue una Navidad como a la que la mayor\u00eda est\u00e1 acostumbrada estos d\u00edas. No hay registros de pinos frondosos ni de esferas brillantes ni de regalos envueltos con&#46;&#46;&#46;","og_url":"https:\/\/noti-america.com\/site\/mexico\/2018\/12\/26\/huitzilopochtli-villancicos-y-la-salvacion-del-apocalipsis-la-primera-navidad-mexicana\/","og_site_name":"M\u00e9xico","article_published_time":"2018-12-26T15:09:29+00:00","og_image":[{"width":1960,"height":1423,"url":"https:\/\/noti-america.com\/site\/mexico\/wp-content\/uploads\/sites\/13\/2018\/12\/1545252304_882412_1545438356_noticia_normal_recorte1.jpg","type":"image\/jpeg"}],"author":"Redacci\u00f3n NA-NY","twitter_card":"summary_large_image","twitter_misc":{"Escrito por":"Redacci\u00f3n NA-NY","Tiempo estimado de lectura":"5 minutos"},"schema":{"@context":"https:\/\/schema.org","@graph":[{"@type":"Article","@id":"https:\/\/noti-america.com\/site\/mexico\/2018\/12\/26\/huitzilopochtli-villancicos-y-la-salvacion-del-apocalipsis-la-primera-navidad-mexicana\/#article","isPartOf":{"@id":"https:\/\/noti-america.com\/site\/mexico\/2018\/12\/26\/huitzilopochtli-villancicos-y-la-salvacion-del-apocalipsis-la-primera-navidad-mexicana\/"},"author":{"name":"Redacci\u00f3n NA-NY","@id":"https:\/\/noti-america.com\/site\/mexico\/#\/schema\/person\/db5a6527aaddfc34b3753d557a1292f0"},"headline":"Huitzilopochtli, villancicos y la salvaci\u00f3n del apocalipsis: la primera Navidad mexicana","datePublished":"2018-12-26T15:09:29+00:00","mainEntityOfPage":{"@id":"https:\/\/noti-america.com\/site\/mexico\/2018\/12\/26\/huitzilopochtli-villancicos-y-la-salvacion-del-apocalipsis-la-primera-navidad-mexicana\/"},"wordCount":1038,"commentCount":0,"publisher":{"@id":"https:\/\/noti-america.com\/site\/mexico\/#organization"},"image":{"@id":"https:\/\/noti-america.com\/site\/mexico\/2018\/12\/26\/huitzilopochtli-villancicos-y-la-salvacion-del-apocalipsis-la-primera-navidad-mexicana\/#primaryimage"},"thumbnailUrl":"https:\/\/noti-america.com\/site\/mexico\/wp-content\/uploads\/sites\/13\/2018\/12\/1545252304_882412_1545438356_noticia_normal_recorte1.jpg","keywords":["Huitzilopochtli","villancicos y la salvaci\u00f3n del apocalipsis: la primera Navidad mexicana"],"articleSection":["Uncategorized"],"inLanguage":"es","potentialAction":[{"@type":"CommentAction","name":"Comment","target":["https:\/\/noti-america.com\/site\/mexico\/2018\/12\/26\/huitzilopochtli-villancicos-y-la-salvacion-del-apocalipsis-la-primera-navidad-mexicana\/#respond"]}]},{"@type":"WebPage","@id":"https:\/\/noti-america.com\/site\/mexico\/2018\/12\/26\/huitzilopochtli-villancicos-y-la-salvacion-del-apocalipsis-la-primera-navidad-mexicana\/","url":"https:\/\/noti-america.com\/site\/mexico\/2018\/12\/26\/huitzilopochtli-villancicos-y-la-salvacion-del-apocalipsis-la-primera-navidad-mexicana\/","name":"Huitzilopochtli, villancicos y la salvaci\u00f3n del apocalipsis: la primera Navidad mexicana - M\u00e9xico","isPartOf":{"@id":"https:\/\/noti-america.com\/site\/mexico\/#website"},"primaryImageOfPage":{"@id":"https:\/\/noti-america.com\/site\/mexico\/2018\/12\/26\/huitzilopochtli-villancicos-y-la-salvacion-del-apocalipsis-la-primera-navidad-mexicana\/#primaryimage"},"image":{"@id":"https:\/\/noti-america.com\/site\/mexico\/2018\/12\/26\/huitzilopochtli-villancicos-y-la-salvacion-del-apocalipsis-la-primera-navidad-mexicana\/#primaryimage"},"thumbnailUrl":"https:\/\/noti-america.com\/site\/mexico\/wp-content\/uploads\/sites\/13\/2018\/12\/1545252304_882412_1545438356_noticia_normal_recorte1.jpg","datePublished":"2018-12-26T15:09:29+00:00","breadcrumb":{"@id":"https:\/\/noti-america.com\/site\/mexico\/2018\/12\/26\/huitzilopochtli-villancicos-y-la-salvacion-del-apocalipsis-la-primera-navidad-mexicana\/#breadcrumb"},"inLanguage":"es","potentialAction":[{"@type":"ReadAction","target":["https:\/\/noti-america.com\/site\/mexico\/2018\/12\/26\/huitzilopochtli-villancicos-y-la-salvacion-del-apocalipsis-la-primera-navidad-mexicana\/"]}]},{"@type":"ImageObject","inLanguage":"es","@id":"https:\/\/noti-america.com\/site\/mexico\/2018\/12\/26\/huitzilopochtli-villancicos-y-la-salvacion-del-apocalipsis-la-primera-navidad-mexicana\/#primaryimage","url":"https:\/\/noti-america.com\/site\/mexico\/wp-content\/uploads\/sites\/13\/2018\/12\/1545252304_882412_1545438356_noticia_normal_recorte1.jpg","contentUrl":"https:\/\/noti-america.com\/site\/mexico\/wp-content\/uploads\/sites\/13\/2018\/12\/1545252304_882412_1545438356_noticia_normal_recorte1.jpg","width":1960,"height":1423},{"@type":"BreadcrumbList","@id":"https:\/\/noti-america.com\/site\/mexico\/2018\/12\/26\/huitzilopochtli-villancicos-y-la-salvacion-del-apocalipsis-la-primera-navidad-mexicana\/#breadcrumb","itemListElement":[{"@type":"ListItem","position":1,"name":"Portada","item":"https:\/\/noti-america.com\/site\/mexico\/"},{"@type":"ListItem","position":2,"name":"Huitzilopochtli, villancicos y la salvaci\u00f3n del apocalipsis: la primera Navidad mexicana"}]},{"@type":"WebSite","@id":"https:\/\/noti-america.com\/site\/mexico\/#website","url":"https:\/\/noti-america.com\/site\/mexico\/","name":"M\u00e9xico | Noti-America.com","description":"","publisher":{"@id":"https:\/\/noti-america.com\/site\/mexico\/#organization"},"potentialAction":[{"@type":"SearchAction","target":{"@type":"EntryPoint","urlTemplate":"https:\/\/noti-america.com\/site\/mexico\/?s={search_term_string}"},"query-input":{"@type":"PropertyValueSpecification","valueRequired":true,"valueName":"search_term_string"}}],"inLanguage":"es"},{"@type":"Organization","@id":"https:\/\/noti-america.com\/site\/mexico\/#organization","name":"Noti-America LLC | M\u00e9xico","url":"https:\/\/noti-america.com\/site\/mexico\/","logo":{"@type":"ImageObject","inLanguage":"es","@id":"https:\/\/noti-america.com\/site\/mexico\/#\/schema\/logo\/image\/","url":"https:\/\/noti-america.com\/site\/mexico\/wp-content\/uploads\/sites\/13\/2020\/07\/LogoNA-4x3-1.jpg","contentUrl":"https:\/\/noti-america.com\/site\/mexico\/wp-content\/uploads\/sites\/13\/2020\/07\/LogoNA-4x3-1.jpg","width":1236,"height":1080,"caption":"Noti-America LLC | M\u00e9xico"},"image":{"@id":"https:\/\/noti-america.com\/site\/mexico\/#\/schema\/logo\/image\/"}},{"@type":"Person","@id":"https:\/\/noti-america.com\/site\/mexico\/#\/schema\/person\/db5a6527aaddfc34b3753d557a1292f0","name":"Redacci\u00f3n NA-NY","image":{"@type":"ImageObject","inLanguage":"es","@id":"https:\/\/secure.gravatar.com\/avatar\/2bd75bb500a8deb1390f777293a9af32d934c46613d2fbac7cceb2aaa2679ae8?s=96&d=mm&r=g","url":"https:\/\/secure.gravatar.com\/avatar\/2bd75bb500a8deb1390f777293a9af32d934c46613d2fbac7cceb2aaa2679ae8?s=96&d=mm&r=g","contentUrl":"https:\/\/secure.gravatar.com\/avatar\/2bd75bb500a8deb1390f777293a9af32d934c46613d2fbac7cceb2aaa2679ae8?s=96&d=mm&r=g","caption":"Redacci\u00f3n NA-NY"},"url":"https:\/\/noti-america.com\/site\/mexico\/author\/redaccionny\/"}]}},"_links":{"self":[{"href":"https:\/\/noti-america.com\/site\/mexico\/wp-json\/wp\/v2\/posts\/2031","targetHints":{"allow":["GET"]}}],"collection":[{"href":"https:\/\/noti-america.com\/site\/mexico\/wp-json\/wp\/v2\/posts"}],"about":[{"href":"https:\/\/noti-america.com\/site\/mexico\/wp-json\/wp\/v2\/types\/post"}],"author":[{"embeddable":true,"href":"https:\/\/noti-america.com\/site\/mexico\/wp-json\/wp\/v2\/users\/28"}],"replies":[{"embeddable":true,"href":"https:\/\/noti-america.com\/site\/mexico\/wp-json\/wp\/v2\/comments?post=2031"}],"version-history":[{"count":1,"href":"https:\/\/noti-america.com\/site\/mexico\/wp-json\/wp\/v2\/posts\/2031\/revisions"}],"predecessor-version":[{"id":2033,"href":"https:\/\/noti-america.com\/site\/mexico\/wp-json\/wp\/v2\/posts\/2031\/revisions\/2033"}],"wp:featuredmedia":[{"embeddable":true,"href":"https:\/\/noti-america.com\/site\/mexico\/wp-json\/wp\/v2\/media\/2032"}],"wp:attachment":[{"href":"https:\/\/noti-america.com\/site\/mexico\/wp-json\/wp\/v2\/media?parent=2031"}],"wp:term":[{"taxonomy":"category","embeddable":true,"href":"https:\/\/noti-america.com\/site\/mexico\/wp-json\/wp\/v2\/categories?post=2031"},{"taxonomy":"post_tag","embeddable":true,"href":"https:\/\/noti-america.com\/site\/mexico\/wp-json\/wp\/v2\/tags?post=2031"}],"curies":[{"name":"wp","href":"https:\/\/api.w.org\/{rel}","templated":true}]}}