{"id":2021,"date":"2018-12-26T14:56:34","date_gmt":"2018-12-26T14:56:34","guid":{"rendered":"http:\/\/noti-america.com\/site\/mexico\/?p=2021"},"modified":"2018-12-26T14:56:34","modified_gmt":"2018-12-26T14:56:34","slug":"mexico-recurre-a-ayuda-internacional-para-esclarecer-el-siniestro-aereo-de-puebla","status":"publish","type":"post","link":"https:\/\/noti-america.com\/site\/mexico\/2018\/12\/26\/mexico-recurre-a-ayuda-internacional-para-esclarecer-el-siniestro-aereo-de-puebla\/","title":{"rendered":"M\u00e9xico recurre a ayuda internacional para esclarecer el siniestro a\u00e9reo de Puebla"},"content":{"rendered":"<p><img loading=\"lazy\" decoding=\"async\" class=\" wp-image-2022 aligncenter\" src=\"http:\/\/noti-america.com\/site\/mexico\/wp-content\/uploads\/sites\/13\/2018\/12\/1545762471_368411_1545781405_noticia_fotograma-300x169.jpg\" alt=\"\" width=\"529\" height=\"298\" srcset=\"https:\/\/noti-america.com\/site\/mexico\/wp-content\/uploads\/sites\/13\/2018\/12\/1545762471_368411_1545781405_noticia_fotograma-300x169.jpg 300w, https:\/\/noti-america.com\/site\/mexico\/wp-content\/uploads\/sites\/13\/2018\/12\/1545762471_368411_1545781405_noticia_fotograma-768x433.jpg 768w, https:\/\/noti-america.com\/site\/mexico\/wp-content\/uploads\/sites\/13\/2018\/12\/1545762471_368411_1545781405_noticia_fotograma.jpg 980w\" sizes=\"auto, (max-width: 529px) 100vw, 529px\" \/><\/p>\n<p>&nbsp;<\/p>\n<h3><\/h3>\n<h3>Fuente:\u00a0\u00a0https:\/\/elpais.com\/internacional<\/h3>\n<p>&nbsp;<\/p>\n<p>M\u00e9xico recurre a la ayuda de expertos internacionales para dilucidar las circunstancias en las que se produjo el\u00a0accidente de helic\u00f3ptero\u00a0que acab\u00f3 este lunes con la vida de la gobernadora de Puebla, Martha \u00c9rika Alonso, de su marido, Rafael Moreno Valle -tambi\u00e9n exgobernador poblano y coordinador de senadores del\u00a0Partido Acci\u00f3n Nacional (PAN, conservador)-, de uno de sus asesores en la C\u00e1mara, H\u00e9ctor Baltazar, y de los dos pilotos de la aeronave. El Gobierno de\u00a0Andr\u00e9s Manuel L\u00f3pez Obrador\u00a0ha solicitado la colaboraci\u00f3n de las agencias federales de investigaci\u00f3n de Estados Unidos y de\u00a0la Junta Nacional de Seguridad del Transporte (la\u00a0<span class=\"ILfuVd\">National Transportation Safety Board)<\/span>, que proporcionar\u00e1 t\u00e9cnicos de alto nivel para tratar de arrojar luz en torno a lo sucedido.<\/p>\n<p>Horas m\u00e1s tarde, sin embargo, el propio Ejecutivo mexicano ha informado de que el cierre de Gobierno en el vecino del norte impide por el momento que sus investigadores participen en las pesquisas. S\u00ed est\u00e1n trabajando ya en la investigaci\u00f3n los fabricantes del fuselaje y las turbinas del helic\u00f3ptero, producidos, respectivamente, en Italia y en Canad\u00e1. Ante la negativa, las autoridades mexicanas han contactado a agencias de seguridad a\u00e9rea de varios pa\u00edses europeos y de la propia Canad\u00e1 para que se unan a los trabajos. El objetivo: darle toda la transparencia posible a la indagaci\u00f3n y evitar, de este modo, cualquier tipo de dudas y suspicacias internas.<\/p>\n<p>&nbsp;<\/p>\n<p>\u00abTenemos instrucciones precisas del presidente de la Rep\u00fablica\u00a0<span class=\"ILfuVd\">de contar con los mejores<\/span>\u00a0expertos internacionales y, por ello, ya se ha contactado con la\u00a0<span class=\"ILfuVd\">National Transportation Safety Board<\/span>. Se trata de hacer efectivo el compromiso con la verdad\u00bb, subray\u00f3 a mediod\u00eda de este martes, menos de 24 horas despu\u00e9s del accidente, el subsecretario de Transportes de M\u00e9xico, Carlos Alfonso Mor\u00e1n. \u00abNo se puede descartar ninguna causa, tiene que ser investigado\u00bb, ha agregado el\u00a0<em>n\u00famero dos<\/em>\u00a0de la\u00a0Secretar\u00eda (Ministerio) de Comunicaciones y Transportes. A \u00faltima hora de la tarde, sin embargo, el propio Mor\u00e1n se corrigi\u00f3 y dijo que, \u00abpor el momento\u00bb no podr\u00e1n participar los investigadores de la citada Junta Nacional de Seguridad del Transporte de EE UU. La raz\u00f3n: \u00abNos informaron de que, debido al conflicto entre el Senado y el Ejecutivo de ese pa\u00eds, no va a ser por el momento posible que nos acompa\u00f1en\u00bb.<\/p>\n<p>A \u00faltima hora de la tarde del lunes, el titular de Comunicaciones y Transportes, Javier Jim\u00e9nez Espri\u00fa, hab\u00eda llamado a \u00abno especular de ninguna manera con que se trate de otra cosa de lo que aparentemente es hoy: una falla en el aparato\u00bb. El tiempo de la investigaci\u00f3n, dijo Jim\u00e9nez Espri\u00fa, \u00abes incierto en estos momentos. Hay una importante destrucci\u00f3n de la aeronave, pero esperamos que los expertos puedan trabajar lo antes posible\u00bb.<\/p>\n<p>Los esfuerzos de las autoridades mexicanas, ya con la ayuda de los especialistas privados italianos -la nacionalidad de la empresa que fabric\u00f3 el helic\u00f3ptero, Augusta- y canadienses -la de la firma de los motores que montaba el aparato, Pratt &amp; Whitney-, se centran en identificar las causas por las que la aeronave, un helic\u00f3ptero de modelo A109 que cumpl\u00eda todos los requisitos t\u00e9cnicos para volar, se desplom\u00f3 apenas 10 minutos despu\u00e9s de despegar del\u00a0helipuerto Tri\u00e1ngulo de las \u00c1nimas, en pleno centro de la ciudad de Puebla. Las licencias de vuelo y los certificados m\u00e9dicos del capit\u00e1n, Roberto Coppel, y del primer oficial, Marco Antonio Tavera, se encontraban al d\u00eda. Ambos eran experimentados, con miles de hora de vuelo a sus espaldas. La aeronave tambi\u00e9n ten\u00eda vigente el certificado de aeronavegabilidad, emitido en septiembre. \u00abTen\u00eda pocas horas de utilizaci\u00f3n [2.400] y estaba en buenas condiciones\u00bb, destac\u00f3.<\/p>\n","protected":false},"excerpt":{"rendered":"<p>&nbsp; Fuente:\u00a0\u00a0https:\/\/elpais.com\/internacional &nbsp; M\u00e9xico recurre a la ayuda de expertos internacionales para dilucidar las circunstancias en las que se produjo el\u00a0accidente de helic\u00f3ptero\u00a0que acab\u00f3 este lunes con la vida de la gobernadora de Puebla,&#46;&#46;&#46;<\/p>\n","protected":false},"author":28,"featured_media":2022,"comment_status":"open","ping_status":"open","sticky":false,"template":"","format":"standard","meta":{"_acf_changed":false,"om_disable_all_campaigns":false,"rop_custom_images_group":[],"rop_custom_messages_group":[],"rop_publish_now":"initial","rop_publish_now_accounts":{"twitter_242054905_242054905":""},"rop_publish_now_history":[],"rop_publish_now_status":"pending","_uf_show_specific_survey":0,"_uf_disable_surveys":false,"footnotes":""},"categories":[1],"tags":[154],"class_list":["post-2021","post","type-post","status-publish","format-standard","has-post-thumbnail","hentry","category-uncategorized","tag-mexico-recurre-a-ayuda-internacional-para-esclarecer-el-siniestro-aereo-de-puebla"],"acf":[],"aioseo_notices":[],"yoast_head":"<!-- This site is optimized with the Yoast SEO Premium plugin v24.9 (Yoast SEO v27.2) - https:\/\/yoast.com\/product\/yoast-seo-premium-wordpress\/ -->\n<title>M\u00e9xico recurre a ayuda internacional para esclarecer el siniestro a\u00e9reo de Puebla - M\u00e9xico<\/title>\n<meta name=\"robots\" content=\"index, follow, max-snippet:-1, max-image-preview:large, max-video-preview:-1\" \/>\n<link rel=\"canonical\" href=\"https:\/\/noti-america.com\/site\/mexico\/2018\/12\/26\/mexico-recurre-a-ayuda-internacional-para-esclarecer-el-siniestro-aereo-de-puebla\/\" \/>\n<meta property=\"og:locale\" content=\"es_ES\" \/>\n<meta property=\"og:type\" content=\"article\" \/>\n<meta property=\"og:title\" content=\"M\u00e9xico recurre a ayuda internacional para esclarecer el siniestro a\u00e9reo de Puebla\" \/>\n<meta property=\"og:description\" content=\"&nbsp; Fuente:\u00a0\u00a0https:\/\/elpais.com\/internacional &nbsp; M\u00e9xico recurre a la ayuda de expertos internacionales para dilucidar las circunstancias en las que se produjo el\u00a0accidente de helic\u00f3ptero\u00a0que acab\u00f3 este lunes con la vida de la gobernadora de Puebla,&#046;&#046;&#046;\" \/>\n<meta property=\"og:url\" content=\"https:\/\/noti-america.com\/site\/mexico\/2018\/12\/26\/mexico-recurre-a-ayuda-internacional-para-esclarecer-el-siniestro-aereo-de-puebla\/\" \/>\n<meta property=\"og:site_name\" content=\"M\u00e9xico\" \/>\n<meta property=\"article:published_time\" content=\"2018-12-26T14:56:34+00:00\" \/>\n<meta property=\"og:image\" content=\"https:\/\/noti-america.com\/site\/mexico\/wp-content\/uploads\/sites\/13\/2018\/12\/1545762471_368411_1545781405_noticia_fotograma.jpg\" \/>\n\t<meta property=\"og:image:width\" content=\"980\" \/>\n\t<meta property=\"og:image:height\" content=\"552\" \/>\n\t<meta property=\"og:image:type\" content=\"image\/jpeg\" \/>\n<meta name=\"author\" content=\"Redacci\u00f3n NA-NY\" \/>\n<meta name=\"twitter:card\" content=\"summary_large_image\" \/>\n<meta name=\"twitter:label1\" content=\"Escrito por\" \/>\n\t<meta name=\"twitter:data1\" content=\"Redacci\u00f3n NA-NY\" \/>\n\t<meta name=\"twitter:label2\" content=\"Tiempo estimado de lectura\" \/>\n\t<meta name=\"twitter:data2\" content=\"3 minutos\" \/>\n<script type=\"application\/ld+json\" class=\"yoast-schema-graph\">{\"@context\":\"https:\/\/schema.org\",\"@graph\":[{\"@type\":\"Article\",\"@id\":\"https:\/\/noti-america.com\/site\/mexico\/2018\/12\/26\/mexico-recurre-a-ayuda-internacional-para-esclarecer-el-siniestro-aereo-de-puebla\/#article\",\"isPartOf\":{\"@id\":\"https:\/\/noti-america.com\/site\/mexico\/2018\/12\/26\/mexico-recurre-a-ayuda-internacional-para-esclarecer-el-siniestro-aereo-de-puebla\/\"},\"author\":{\"name\":\"Redacci\u00f3n NA-NY\",\"@id\":\"https:\/\/noti-america.com\/site\/mexico\/#\/schema\/person\/db5a6527aaddfc34b3753d557a1292f0\"},\"headline\":\"M\u00e9xico recurre a ayuda internacional para esclarecer el siniestro a\u00e9reo de Puebla\",\"datePublished\":\"2018-12-26T14:56:34+00:00\",\"mainEntityOfPage\":{\"@id\":\"https:\/\/noti-america.com\/site\/mexico\/2018\/12\/26\/mexico-recurre-a-ayuda-internacional-para-esclarecer-el-siniestro-aereo-de-puebla\/\"},\"wordCount\":665,\"commentCount\":0,\"publisher\":{\"@id\":\"https:\/\/noti-america.com\/site\/mexico\/#organization\"},\"image\":{\"@id\":\"https:\/\/noti-america.com\/site\/mexico\/2018\/12\/26\/mexico-recurre-a-ayuda-internacional-para-esclarecer-el-siniestro-aereo-de-puebla\/#primaryimage\"},\"thumbnailUrl\":\"https:\/\/noti-america.com\/site\/mexico\/wp-content\/uploads\/sites\/13\/2018\/12\/1545762471_368411_1545781405_noticia_fotograma.jpg\",\"keywords\":[\"M\u00e9xico recurre a ayuda internacional para esclarecer el siniestro a\u00e9reo de Puebla\"],\"articleSection\":[\"Uncategorized\"],\"inLanguage\":\"es\",\"potentialAction\":[{\"@type\":\"CommentAction\",\"name\":\"Comment\",\"target\":[\"https:\/\/noti-america.com\/site\/mexico\/2018\/12\/26\/mexico-recurre-a-ayuda-internacional-para-esclarecer-el-siniestro-aereo-de-puebla\/#respond\"]}]},{\"@type\":\"WebPage\",\"@id\":\"https:\/\/noti-america.com\/site\/mexico\/2018\/12\/26\/mexico-recurre-a-ayuda-internacional-para-esclarecer-el-siniestro-aereo-de-puebla\/\",\"url\":\"https:\/\/noti-america.com\/site\/mexico\/2018\/12\/26\/mexico-recurre-a-ayuda-internacional-para-esclarecer-el-siniestro-aereo-de-puebla\/\",\"name\":\"M\u00e9xico recurre a ayuda internacional para esclarecer el siniestro a\u00e9reo de Puebla - M\u00e9xico\",\"isPartOf\":{\"@id\":\"https:\/\/noti-america.com\/site\/mexico\/#website\"},\"primaryImageOfPage\":{\"@id\":\"https:\/\/noti-america.com\/site\/mexico\/2018\/12\/26\/mexico-recurre-a-ayuda-internacional-para-esclarecer-el-siniestro-aereo-de-puebla\/#primaryimage\"},\"image\":{\"@id\":\"https:\/\/noti-america.com\/site\/mexico\/2018\/12\/26\/mexico-recurre-a-ayuda-internacional-para-esclarecer-el-siniestro-aereo-de-puebla\/#primaryimage\"},\"thumbnailUrl\":\"https:\/\/noti-america.com\/site\/mexico\/wp-content\/uploads\/sites\/13\/2018\/12\/1545762471_368411_1545781405_noticia_fotograma.jpg\",\"datePublished\":\"2018-12-26T14:56:34+00:00\",\"breadcrumb\":{\"@id\":\"https:\/\/noti-america.com\/site\/mexico\/2018\/12\/26\/mexico-recurre-a-ayuda-internacional-para-esclarecer-el-siniestro-aereo-de-puebla\/#breadcrumb\"},\"inLanguage\":\"es\",\"potentialAction\":[{\"@type\":\"ReadAction\",\"target\":[\"https:\/\/noti-america.com\/site\/mexico\/2018\/12\/26\/mexico-recurre-a-ayuda-internacional-para-esclarecer-el-siniestro-aereo-de-puebla\/\"]}]},{\"@type\":\"ImageObject\",\"inLanguage\":\"es\",\"@id\":\"https:\/\/noti-america.com\/site\/mexico\/2018\/12\/26\/mexico-recurre-a-ayuda-internacional-para-esclarecer-el-siniestro-aereo-de-puebla\/#primaryimage\",\"url\":\"https:\/\/noti-america.com\/site\/mexico\/wp-content\/uploads\/sites\/13\/2018\/12\/1545762471_368411_1545781405_noticia_fotograma.jpg\",\"contentUrl\":\"https:\/\/noti-america.com\/site\/mexico\/wp-content\/uploads\/sites\/13\/2018\/12\/1545762471_368411_1545781405_noticia_fotograma.jpg\",\"width\":980,\"height\":552},{\"@type\":\"BreadcrumbList\",\"@id\":\"https:\/\/noti-america.com\/site\/mexico\/2018\/12\/26\/mexico-recurre-a-ayuda-internacional-para-esclarecer-el-siniestro-aereo-de-puebla\/#breadcrumb\",\"itemListElement\":[{\"@type\":\"ListItem\",\"position\":1,\"name\":\"Portada\",\"item\":\"https:\/\/noti-america.com\/site\/mexico\/\"},{\"@type\":\"ListItem\",\"position\":2,\"name\":\"M\u00e9xico recurre a ayuda internacional para esclarecer el siniestro a\u00e9reo de Puebla\"}]},{\"@type\":\"WebSite\",\"@id\":\"https:\/\/noti-america.com\/site\/mexico\/#website\",\"url\":\"https:\/\/noti-america.com\/site\/mexico\/\",\"name\":\"M\u00e9xico | Noti-America.com\",\"description\":\"\",\"publisher\":{\"@id\":\"https:\/\/noti-america.com\/site\/mexico\/#organization\"},\"potentialAction\":[{\"@type\":\"SearchAction\",\"target\":{\"@type\":\"EntryPoint\",\"urlTemplate\":\"https:\/\/noti-america.com\/site\/mexico\/?s={search_term_string}\"},\"query-input\":{\"@type\":\"PropertyValueSpecification\",\"valueRequired\":true,\"valueName\":\"search_term_string\"}}],\"inLanguage\":\"es\"},{\"@type\":\"Organization\",\"@id\":\"https:\/\/noti-america.com\/site\/mexico\/#organization\",\"name\":\"Noti-America LLC | M\u00e9xico\",\"url\":\"https:\/\/noti-america.com\/site\/mexico\/\",\"logo\":{\"@type\":\"ImageObject\",\"inLanguage\":\"es\",\"@id\":\"https:\/\/noti-america.com\/site\/mexico\/#\/schema\/logo\/image\/\",\"url\":\"https:\/\/noti-america.com\/site\/mexico\/wp-content\/uploads\/sites\/13\/2020\/07\/LogoNA-4x3-1.jpg\",\"contentUrl\":\"https:\/\/noti-america.com\/site\/mexico\/wp-content\/uploads\/sites\/13\/2020\/07\/LogoNA-4x3-1.jpg\",\"width\":1236,\"height\":1080,\"caption\":\"Noti-America LLC | M\u00e9xico\"},\"image\":{\"@id\":\"https:\/\/noti-america.com\/site\/mexico\/#\/schema\/logo\/image\/\"}},{\"@type\":\"Person\",\"@id\":\"https:\/\/noti-america.com\/site\/mexico\/#\/schema\/person\/db5a6527aaddfc34b3753d557a1292f0\",\"name\":\"Redacci\u00f3n NA-NY\",\"image\":{\"@type\":\"ImageObject\",\"inLanguage\":\"es\",\"@id\":\"https:\/\/secure.gravatar.com\/avatar\/2bd75bb500a8deb1390f777293a9af32d934c46613d2fbac7cceb2aaa2679ae8?s=96&d=mm&r=g\",\"url\":\"https:\/\/secure.gravatar.com\/avatar\/2bd75bb500a8deb1390f777293a9af32d934c46613d2fbac7cceb2aaa2679ae8?s=96&d=mm&r=g\",\"contentUrl\":\"https:\/\/secure.gravatar.com\/avatar\/2bd75bb500a8deb1390f777293a9af32d934c46613d2fbac7cceb2aaa2679ae8?s=96&d=mm&r=g\",\"caption\":\"Redacci\u00f3n NA-NY\"},\"url\":\"https:\/\/noti-america.com\/site\/mexico\/author\/redaccionny\/\"}]}<\/script>\n<!-- \/ Yoast SEO Premium plugin. -->","yoast_head_json":{"title":"M\u00e9xico recurre a ayuda internacional para esclarecer el siniestro a\u00e9reo de Puebla - M\u00e9xico","robots":{"index":"index","follow":"follow","max-snippet":"max-snippet:-1","max-image-preview":"max-image-preview:large","max-video-preview":"max-video-preview:-1"},"canonical":"https:\/\/noti-america.com\/site\/mexico\/2018\/12\/26\/mexico-recurre-a-ayuda-internacional-para-esclarecer-el-siniestro-aereo-de-puebla\/","og_locale":"es_ES","og_type":"article","og_title":"M\u00e9xico recurre a ayuda internacional para esclarecer el siniestro a\u00e9reo de Puebla","og_description":"&nbsp; Fuente:\u00a0\u00a0https:\/\/elpais.com\/internacional &nbsp; M\u00e9xico recurre a la ayuda de expertos internacionales para dilucidar las circunstancias en las que se produjo el\u00a0accidente de helic\u00f3ptero\u00a0que acab\u00f3 este lunes con la vida de la gobernadora de Puebla,&#46;&#46;&#46;","og_url":"https:\/\/noti-america.com\/site\/mexico\/2018\/12\/26\/mexico-recurre-a-ayuda-internacional-para-esclarecer-el-siniestro-aereo-de-puebla\/","og_site_name":"M\u00e9xico","article_published_time":"2018-12-26T14:56:34+00:00","og_image":[{"width":980,"height":552,"url":"https:\/\/noti-america.com\/site\/mexico\/wp-content\/uploads\/sites\/13\/2018\/12\/1545762471_368411_1545781405_noticia_fotograma.jpg","type":"image\/jpeg"}],"author":"Redacci\u00f3n NA-NY","twitter_card":"summary_large_image","twitter_misc":{"Escrito por":"Redacci\u00f3n NA-NY","Tiempo estimado de lectura":"3 minutos"},"schema":{"@context":"https:\/\/schema.org","@graph":[{"@type":"Article","@id":"https:\/\/noti-america.com\/site\/mexico\/2018\/12\/26\/mexico-recurre-a-ayuda-internacional-para-esclarecer-el-siniestro-aereo-de-puebla\/#article","isPartOf":{"@id":"https:\/\/noti-america.com\/site\/mexico\/2018\/12\/26\/mexico-recurre-a-ayuda-internacional-para-esclarecer-el-siniestro-aereo-de-puebla\/"},"author":{"name":"Redacci\u00f3n NA-NY","@id":"https:\/\/noti-america.com\/site\/mexico\/#\/schema\/person\/db5a6527aaddfc34b3753d557a1292f0"},"headline":"M\u00e9xico recurre a ayuda internacional para esclarecer el siniestro a\u00e9reo de Puebla","datePublished":"2018-12-26T14:56:34+00:00","mainEntityOfPage":{"@id":"https:\/\/noti-america.com\/site\/mexico\/2018\/12\/26\/mexico-recurre-a-ayuda-internacional-para-esclarecer-el-siniestro-aereo-de-puebla\/"},"wordCount":665,"commentCount":0,"publisher":{"@id":"https:\/\/noti-america.com\/site\/mexico\/#organization"},"image":{"@id":"https:\/\/noti-america.com\/site\/mexico\/2018\/12\/26\/mexico-recurre-a-ayuda-internacional-para-esclarecer-el-siniestro-aereo-de-puebla\/#primaryimage"},"thumbnailUrl":"https:\/\/noti-america.com\/site\/mexico\/wp-content\/uploads\/sites\/13\/2018\/12\/1545762471_368411_1545781405_noticia_fotograma.jpg","keywords":["M\u00e9xico recurre a ayuda internacional para esclarecer el siniestro a\u00e9reo de Puebla"],"articleSection":["Uncategorized"],"inLanguage":"es","potentialAction":[{"@type":"CommentAction","name":"Comment","target":["https:\/\/noti-america.com\/site\/mexico\/2018\/12\/26\/mexico-recurre-a-ayuda-internacional-para-esclarecer-el-siniestro-aereo-de-puebla\/#respond"]}]},{"@type":"WebPage","@id":"https:\/\/noti-america.com\/site\/mexico\/2018\/12\/26\/mexico-recurre-a-ayuda-internacional-para-esclarecer-el-siniestro-aereo-de-puebla\/","url":"https:\/\/noti-america.com\/site\/mexico\/2018\/12\/26\/mexico-recurre-a-ayuda-internacional-para-esclarecer-el-siniestro-aereo-de-puebla\/","name":"M\u00e9xico recurre a ayuda internacional para esclarecer el siniestro a\u00e9reo de Puebla - M\u00e9xico","isPartOf":{"@id":"https:\/\/noti-america.com\/site\/mexico\/#website"},"primaryImageOfPage":{"@id":"https:\/\/noti-america.com\/site\/mexico\/2018\/12\/26\/mexico-recurre-a-ayuda-internacional-para-esclarecer-el-siniestro-aereo-de-puebla\/#primaryimage"},"image":{"@id":"https:\/\/noti-america.com\/site\/mexico\/2018\/12\/26\/mexico-recurre-a-ayuda-internacional-para-esclarecer-el-siniestro-aereo-de-puebla\/#primaryimage"},"thumbnailUrl":"https:\/\/noti-america.com\/site\/mexico\/wp-content\/uploads\/sites\/13\/2018\/12\/1545762471_368411_1545781405_noticia_fotograma.jpg","datePublished":"2018-12-26T14:56:34+00:00","breadcrumb":{"@id":"https:\/\/noti-america.com\/site\/mexico\/2018\/12\/26\/mexico-recurre-a-ayuda-internacional-para-esclarecer-el-siniestro-aereo-de-puebla\/#breadcrumb"},"inLanguage":"es","potentialAction":[{"@type":"ReadAction","target":["https:\/\/noti-america.com\/site\/mexico\/2018\/12\/26\/mexico-recurre-a-ayuda-internacional-para-esclarecer-el-siniestro-aereo-de-puebla\/"]}]},{"@type":"ImageObject","inLanguage":"es","@id":"https:\/\/noti-america.com\/site\/mexico\/2018\/12\/26\/mexico-recurre-a-ayuda-internacional-para-esclarecer-el-siniestro-aereo-de-puebla\/#primaryimage","url":"https:\/\/noti-america.com\/site\/mexico\/wp-content\/uploads\/sites\/13\/2018\/12\/1545762471_368411_1545781405_noticia_fotograma.jpg","contentUrl":"https:\/\/noti-america.com\/site\/mexico\/wp-content\/uploads\/sites\/13\/2018\/12\/1545762471_368411_1545781405_noticia_fotograma.jpg","width":980,"height":552},{"@type":"BreadcrumbList","@id":"https:\/\/noti-america.com\/site\/mexico\/2018\/12\/26\/mexico-recurre-a-ayuda-internacional-para-esclarecer-el-siniestro-aereo-de-puebla\/#breadcrumb","itemListElement":[{"@type":"ListItem","position":1,"name":"Portada","item":"https:\/\/noti-america.com\/site\/mexico\/"},{"@type":"ListItem","position":2,"name":"M\u00e9xico recurre a ayuda internacional para esclarecer el siniestro a\u00e9reo de Puebla"}]},{"@type":"WebSite","@id":"https:\/\/noti-america.com\/site\/mexico\/#website","url":"https:\/\/noti-america.com\/site\/mexico\/","name":"M\u00e9xico | Noti-America.com","description":"","publisher":{"@id":"https:\/\/noti-america.com\/site\/mexico\/#organization"},"potentialAction":[{"@type":"SearchAction","target":{"@type":"EntryPoint","urlTemplate":"https:\/\/noti-america.com\/site\/mexico\/?s={search_term_string}"},"query-input":{"@type":"PropertyValueSpecification","valueRequired":true,"valueName":"search_term_string"}}],"inLanguage":"es"},{"@type":"Organization","@id":"https:\/\/noti-america.com\/site\/mexico\/#organization","name":"Noti-America LLC | M\u00e9xico","url":"https:\/\/noti-america.com\/site\/mexico\/","logo":{"@type":"ImageObject","inLanguage":"es","@id":"https:\/\/noti-america.com\/site\/mexico\/#\/schema\/logo\/image\/","url":"https:\/\/noti-america.com\/site\/mexico\/wp-content\/uploads\/sites\/13\/2020\/07\/LogoNA-4x3-1.jpg","contentUrl":"https:\/\/noti-america.com\/site\/mexico\/wp-content\/uploads\/sites\/13\/2020\/07\/LogoNA-4x3-1.jpg","width":1236,"height":1080,"caption":"Noti-America LLC | M\u00e9xico"},"image":{"@id":"https:\/\/noti-america.com\/site\/mexico\/#\/schema\/logo\/image\/"}},{"@type":"Person","@id":"https:\/\/noti-america.com\/site\/mexico\/#\/schema\/person\/db5a6527aaddfc34b3753d557a1292f0","name":"Redacci\u00f3n NA-NY","image":{"@type":"ImageObject","inLanguage":"es","@id":"https:\/\/secure.gravatar.com\/avatar\/2bd75bb500a8deb1390f777293a9af32d934c46613d2fbac7cceb2aaa2679ae8?s=96&d=mm&r=g","url":"https:\/\/secure.gravatar.com\/avatar\/2bd75bb500a8deb1390f777293a9af32d934c46613d2fbac7cceb2aaa2679ae8?s=96&d=mm&r=g","contentUrl":"https:\/\/secure.gravatar.com\/avatar\/2bd75bb500a8deb1390f777293a9af32d934c46613d2fbac7cceb2aaa2679ae8?s=96&d=mm&r=g","caption":"Redacci\u00f3n NA-NY"},"url":"https:\/\/noti-america.com\/site\/mexico\/author\/redaccionny\/"}]}},"_links":{"self":[{"href":"https:\/\/noti-america.com\/site\/mexico\/wp-json\/wp\/v2\/posts\/2021","targetHints":{"allow":["GET"]}}],"collection":[{"href":"https:\/\/noti-america.com\/site\/mexico\/wp-json\/wp\/v2\/posts"}],"about":[{"href":"https:\/\/noti-america.com\/site\/mexico\/wp-json\/wp\/v2\/types\/post"}],"author":[{"embeddable":true,"href":"https:\/\/noti-america.com\/site\/mexico\/wp-json\/wp\/v2\/users\/28"}],"replies":[{"embeddable":true,"href":"https:\/\/noti-america.com\/site\/mexico\/wp-json\/wp\/v2\/comments?post=2021"}],"version-history":[{"count":1,"href":"https:\/\/noti-america.com\/site\/mexico\/wp-json\/wp\/v2\/posts\/2021\/revisions"}],"predecessor-version":[{"id":2023,"href":"https:\/\/noti-america.com\/site\/mexico\/wp-json\/wp\/v2\/posts\/2021\/revisions\/2023"}],"wp:featuredmedia":[{"embeddable":true,"href":"https:\/\/noti-america.com\/site\/mexico\/wp-json\/wp\/v2\/media\/2022"}],"wp:attachment":[{"href":"https:\/\/noti-america.com\/site\/mexico\/wp-json\/wp\/v2\/media?parent=2021"}],"wp:term":[{"taxonomy":"category","embeddable":true,"href":"https:\/\/noti-america.com\/site\/mexico\/wp-json\/wp\/v2\/categories?post=2021"},{"taxonomy":"post_tag","embeddable":true,"href":"https:\/\/noti-america.com\/site\/mexico\/wp-json\/wp\/v2\/tags?post=2021"}],"curies":[{"name":"wp","href":"https:\/\/api.w.org\/{rel}","templated":true}]}}