{"id":2018,"date":"2018-12-26T14:47:29","date_gmt":"2018-12-26T14:47:29","guid":{"rendered":"http:\/\/noti-america.com\/site\/mexico\/?p=2018"},"modified":"2018-12-26T14:51:51","modified_gmt":"2018-12-26T14:51:51","slug":"panico-en-aeropuerto-de-paris-por-2-personas-con-armas-falsas","status":"publish","type":"post","link":"https:\/\/noti-america.com\/site\/mexico\/2018\/12\/26\/panico-en-aeropuerto-de-paris-por-2-personas-con-armas-falsas\/","title":{"rendered":"P\u00e1nico en aeropuerto de Par\u00eds por 2 personas con armas falsas"},"content":{"rendered":"<p><img loading=\"lazy\" decoding=\"async\" class=\"alignnone wp-image-2019 aligncenter\" src=\"http:\/\/noti-america.com\/site\/mexico\/wp-content\/uploads\/sites\/13\/2018\/12\/2071788-300x225.jpg\" alt=\"\" width=\"449\" height=\"337\" srcset=\"https:\/\/noti-america.com\/site\/mexico\/wp-content\/uploads\/sites\/13\/2018\/12\/2071788-300x225.jpg 300w, https:\/\/noti-america.com\/site\/mexico\/wp-content\/uploads\/sites\/13\/2018\/12\/2071788.jpg 664w\" sizes=\"auto, (max-width: 449px) 100vw, 449px\" \/><\/p>\n<p>&nbsp;<\/p>\n<p>&nbsp;<\/p>\n<h3>Fuente:\u00a0\u00a0https:\/\/www.excelsior.com.mx\/global\/<\/h3>\n<p>&nbsp;<\/p>\n<p class=\"letter-capitular\">La\u00a0<strong>polic\u00eda de Francia\u00a0detuvo<\/strong>\u00a0el mi\u00e9rcoles a\u00a0<strong>dos personas<\/strong>\u00a0que\u00a0<strong>portaban r\u00e9plicas de pistolas<\/strong>\u00a0en el\u00a0<strong>aeropuerto de Par\u00eds Charles de Gaulle<\/strong>, desatando el<strong>\u00a0p\u00e1nico<\/strong>\u00a0y provocando la\u00a0<strong>evacuaci\u00f3n temporal<\/strong>\u00a0de una\u00a0<strong>terminal<\/strong>, dijeron autoridades y medios locales.<\/p>\n<blockquote><p>Los individuos fueron detenidos cerca de las 8:30 a.m. (0730 GMT). Como precauci\u00f3n, se delimit\u00f3 un per\u00edmetro de seguridad durante casi 45 minutos. A lo largo de ese periodo, se retrasaron los vuelos y otras operaciones en la terminal\u00bb, afirm\u00f3 un portavoz del aeropuerto.<\/p><\/blockquote>\n<p>El funcionario asegur\u00f3 que las\u00a0<strong>operaciones hab\u00edan vuelto a la normalidad<\/strong>\u00a0en la\u00a0<strong>terminal 2AC<\/strong>\u00a0hacia las 1130 GMT, pero\u00a0<strong>no dijo cu\u00e1ntos vuelos se hab\u00edan retrasado<\/strong>\u00a0o\u00a0<strong>por qu\u00e9 se arrest\u00f3 a los individuos<\/strong>.<\/p>\n<p>Las operaciones en el aeropuerto volvieron a la normalidad luego de la falsa alarma.<\/p>\n<div id=\"node-content-ads\" class=\"column \" role=\"main\">\n<article class=\"cXenseParse node-1286983 node node-article node-promoted view-mode-full clearfix\">\n<div id=\"contenido\" class=\"clear\">\n<div id=\"block-excelsior-especiales-article-galerias\" class=\"block block-excelsior-especiales first odd\">\n<div class=\"clear\">FranceInfo\u00a0inform\u00f3 que dos hombres j\u00f3venes hab\u00edan sido detenidos tras ser vistos sacando lo que finalmente resultaron ser armas de juguete de sus mochilas.<\/div>\n<\/div>\n<div id=\"node-article-body\" class=\"body left\">\n<p>No se pudo contactar con los agentes de seguridad del aeropuerto para obtener declaraciones.<\/p>\n<p>Francia ha mantenido un alto nivel de seguridad desde que comenz\u00f3 una serie de ataques islamistas en 2015.<\/p>\n<p>La mayor\u00eda ocurrieron entre 2015 y 2016, pero han continuado de manera espor\u00e1dica.<\/p>\n<p>El \u00faltimo tuvo lugar en un mercado navide\u00f1o en Estrasburgo el 11 de diciembre, cuando un hombre armado mat\u00f3 a cinco personas y posteriormente fue abatido.<\/p>\n<\/div>\n<\/div>\n<\/article>\n<\/div>\n","protected":false},"excerpt":{"rendered":"<p>&nbsp; &nbsp; Fuente:\u00a0\u00a0https:\/\/www.excelsior.com.mx\/global\/ &nbsp; La\u00a0polic\u00eda de Francia\u00a0detuvo\u00a0el mi\u00e9rcoles a\u00a0dos personas\u00a0que\u00a0portaban r\u00e9plicas de pistolas\u00a0en el\u00a0aeropuerto de Par\u00eds Charles de Gaulle, desatando el\u00a0p\u00e1nico\u00a0y provocando la\u00a0evacuaci\u00f3n temporal\u00a0de una\u00a0terminal, dijeron autoridades y medios locales. Los individuos fueron detenidos&#46;&#46;&#46;<\/p>\n","protected":false},"author":28,"featured_media":2019,"comment_status":"open","ping_status":"open","sticky":false,"template":"","format":"standard","meta":{"_acf_changed":false,"om_disable_all_campaigns":false,"rop_custom_images_group":[],"rop_custom_messages_group":[],"rop_publish_now":"initial","rop_publish_now_accounts":{"twitter_242054905_242054905":""},"rop_publish_now_history":[],"rop_publish_now_status":"pending","_uf_show_specific_survey":0,"_uf_disable_surveys":false,"footnotes":""},"categories":[4],"tags":[153],"class_list":["post-2018","post","type-post","status-publish","format-standard","has-post-thumbnail","hentry","category-internacionales","tag-panico-en-aeropuerto-de-paris-por-2-personas-con-armas-falsas"],"acf":[],"aioseo_notices":[],"yoast_head":"<!-- This site is optimized with the Yoast SEO Premium plugin v24.9 (Yoast SEO v27.2) - https:\/\/yoast.com\/product\/yoast-seo-premium-wordpress\/ -->\n<title>P\u00e1nico en aeropuerto de Par\u00eds por 2 personas con armas falsas - M\u00e9xico<\/title>\n<meta name=\"robots\" content=\"index, follow, max-snippet:-1, max-image-preview:large, max-video-preview:-1\" \/>\n<link rel=\"canonical\" href=\"https:\/\/noti-america.com\/site\/mexico\/2018\/12\/26\/panico-en-aeropuerto-de-paris-por-2-personas-con-armas-falsas\/\" \/>\n<meta property=\"og:locale\" content=\"es_ES\" \/>\n<meta property=\"og:type\" content=\"article\" \/>\n<meta property=\"og:title\" content=\"P\u00e1nico en aeropuerto de Par\u00eds por 2 personas con armas falsas\" \/>\n<meta property=\"og:description\" content=\"&nbsp; &nbsp; Fuente:\u00a0\u00a0https:\/\/www.excelsior.com.mx\/global\/ &nbsp; La\u00a0polic\u00eda de Francia\u00a0detuvo\u00a0el mi\u00e9rcoles a\u00a0dos personas\u00a0que\u00a0portaban r\u00e9plicas de pistolas\u00a0en el\u00a0aeropuerto de Par\u00eds Charles de Gaulle, desatando el\u00a0p\u00e1nico\u00a0y provocando la\u00a0evacuaci\u00f3n temporal\u00a0de una\u00a0terminal, dijeron autoridades y medios locales. Los individuos fueron detenidos&#046;&#046;&#046;\" \/>\n<meta property=\"og:url\" content=\"https:\/\/noti-america.com\/site\/mexico\/2018\/12\/26\/panico-en-aeropuerto-de-paris-por-2-personas-con-armas-falsas\/\" \/>\n<meta property=\"og:site_name\" content=\"M\u00e9xico\" \/>\n<meta property=\"article:published_time\" content=\"2018-12-26T14:47:29+00:00\" \/>\n<meta property=\"article:modified_time\" content=\"2018-12-26T14:51:51+00:00\" \/>\n<meta property=\"og:image\" content=\"https:\/\/noti-america.com\/site\/mexico\/wp-content\/uploads\/sites\/13\/2018\/12\/2071788.jpg\" \/>\n\t<meta property=\"og:image:width\" content=\"664\" \/>\n\t<meta property=\"og:image:height\" content=\"498\" \/>\n\t<meta property=\"og:image:type\" content=\"image\/jpeg\" \/>\n<meta name=\"author\" content=\"Redacci\u00f3n NA-NY\" \/>\n<meta name=\"twitter:card\" content=\"summary_large_image\" \/>\n<meta name=\"twitter:label1\" content=\"Escrito por\" \/>\n\t<meta name=\"twitter:data1\" content=\"Redacci\u00f3n NA-NY\" \/>\n\t<meta name=\"twitter:label2\" content=\"Tiempo estimado de lectura\" \/>\n\t<meta name=\"twitter:data2\" content=\"1 minuto\" \/>\n<script type=\"application\/ld+json\" class=\"yoast-schema-graph\">{\"@context\":\"https:\/\/schema.org\",\"@graph\":[{\"@type\":\"Article\",\"@id\":\"https:\/\/noti-america.com\/site\/mexico\/2018\/12\/26\/panico-en-aeropuerto-de-paris-por-2-personas-con-armas-falsas\/#article\",\"isPartOf\":{\"@id\":\"https:\/\/noti-america.com\/site\/mexico\/2018\/12\/26\/panico-en-aeropuerto-de-paris-por-2-personas-con-armas-falsas\/\"},\"author\":{\"name\":\"Redacci\u00f3n NA-NY\",\"@id\":\"https:\/\/noti-america.com\/site\/mexico\/#\/schema\/person\/db5a6527aaddfc34b3753d557a1292f0\"},\"headline\":\"P\u00e1nico en aeropuerto de Par\u00eds por 2 personas con armas falsas\",\"datePublished\":\"2018-12-26T14:47:29+00:00\",\"dateModified\":\"2018-12-26T14:51:51+00:00\",\"mainEntityOfPage\":{\"@id\":\"https:\/\/noti-america.com\/site\/mexico\/2018\/12\/26\/panico-en-aeropuerto-de-paris-por-2-personas-con-armas-falsas\/\"},\"wordCount\":258,\"commentCount\":0,\"publisher\":{\"@id\":\"https:\/\/noti-america.com\/site\/mexico\/#organization\"},\"image\":{\"@id\":\"https:\/\/noti-america.com\/site\/mexico\/2018\/12\/26\/panico-en-aeropuerto-de-paris-por-2-personas-con-armas-falsas\/#primaryimage\"},\"thumbnailUrl\":\"https:\/\/noti-america.com\/site\/mexico\/wp-content\/uploads\/sites\/13\/2018\/12\/2071788.jpg\",\"keywords\":[\"P\u00e1nico en aeropuerto de Par\u00eds por 2 personas con armas falsas\"],\"articleSection\":[\"Internacionales\"],\"inLanguage\":\"es\",\"potentialAction\":[{\"@type\":\"CommentAction\",\"name\":\"Comment\",\"target\":[\"https:\/\/noti-america.com\/site\/mexico\/2018\/12\/26\/panico-en-aeropuerto-de-paris-por-2-personas-con-armas-falsas\/#respond\"]}]},{\"@type\":\"WebPage\",\"@id\":\"https:\/\/noti-america.com\/site\/mexico\/2018\/12\/26\/panico-en-aeropuerto-de-paris-por-2-personas-con-armas-falsas\/\",\"url\":\"https:\/\/noti-america.com\/site\/mexico\/2018\/12\/26\/panico-en-aeropuerto-de-paris-por-2-personas-con-armas-falsas\/\",\"name\":\"P\u00e1nico en aeropuerto de Par\u00eds por 2 personas con armas falsas - M\u00e9xico\",\"isPartOf\":{\"@id\":\"https:\/\/noti-america.com\/site\/mexico\/#website\"},\"primaryImageOfPage\":{\"@id\":\"https:\/\/noti-america.com\/site\/mexico\/2018\/12\/26\/panico-en-aeropuerto-de-paris-por-2-personas-con-armas-falsas\/#primaryimage\"},\"image\":{\"@id\":\"https:\/\/noti-america.com\/site\/mexico\/2018\/12\/26\/panico-en-aeropuerto-de-paris-por-2-personas-con-armas-falsas\/#primaryimage\"},\"thumbnailUrl\":\"https:\/\/noti-america.com\/site\/mexico\/wp-content\/uploads\/sites\/13\/2018\/12\/2071788.jpg\",\"datePublished\":\"2018-12-26T14:47:29+00:00\",\"dateModified\":\"2018-12-26T14:51:51+00:00\",\"breadcrumb\":{\"@id\":\"https:\/\/noti-america.com\/site\/mexico\/2018\/12\/26\/panico-en-aeropuerto-de-paris-por-2-personas-con-armas-falsas\/#breadcrumb\"},\"inLanguage\":\"es\",\"potentialAction\":[{\"@type\":\"ReadAction\",\"target\":[\"https:\/\/noti-america.com\/site\/mexico\/2018\/12\/26\/panico-en-aeropuerto-de-paris-por-2-personas-con-armas-falsas\/\"]}]},{\"@type\":\"ImageObject\",\"inLanguage\":\"es\",\"@id\":\"https:\/\/noti-america.com\/site\/mexico\/2018\/12\/26\/panico-en-aeropuerto-de-paris-por-2-personas-con-armas-falsas\/#primaryimage\",\"url\":\"https:\/\/noti-america.com\/site\/mexico\/wp-content\/uploads\/sites\/13\/2018\/12\/2071788.jpg\",\"contentUrl\":\"https:\/\/noti-america.com\/site\/mexico\/wp-content\/uploads\/sites\/13\/2018\/12\/2071788.jpg\",\"width\":664,\"height\":498},{\"@type\":\"BreadcrumbList\",\"@id\":\"https:\/\/noti-america.com\/site\/mexico\/2018\/12\/26\/panico-en-aeropuerto-de-paris-por-2-personas-con-armas-falsas\/#breadcrumb\",\"itemListElement\":[{\"@type\":\"ListItem\",\"position\":1,\"name\":\"Portada\",\"item\":\"https:\/\/noti-america.com\/site\/mexico\/\"},{\"@type\":\"ListItem\",\"position\":2,\"name\":\"P\u00e1nico en aeropuerto de Par\u00eds por 2 personas con armas falsas\"}]},{\"@type\":\"WebSite\",\"@id\":\"https:\/\/noti-america.com\/site\/mexico\/#website\",\"url\":\"https:\/\/noti-america.com\/site\/mexico\/\",\"name\":\"M\u00e9xico | Noti-America.com\",\"description\":\"\",\"publisher\":{\"@id\":\"https:\/\/noti-america.com\/site\/mexico\/#organization\"},\"potentialAction\":[{\"@type\":\"SearchAction\",\"target\":{\"@type\":\"EntryPoint\",\"urlTemplate\":\"https:\/\/noti-america.com\/site\/mexico\/?s={search_term_string}\"},\"query-input\":{\"@type\":\"PropertyValueSpecification\",\"valueRequired\":true,\"valueName\":\"search_term_string\"}}],\"inLanguage\":\"es\"},{\"@type\":\"Organization\",\"@id\":\"https:\/\/noti-america.com\/site\/mexico\/#organization\",\"name\":\"Noti-America LLC | M\u00e9xico\",\"url\":\"https:\/\/noti-america.com\/site\/mexico\/\",\"logo\":{\"@type\":\"ImageObject\",\"inLanguage\":\"es\",\"@id\":\"https:\/\/noti-america.com\/site\/mexico\/#\/schema\/logo\/image\/\",\"url\":\"https:\/\/noti-america.com\/site\/mexico\/wp-content\/uploads\/sites\/13\/2020\/07\/LogoNA-4x3-1.jpg\",\"contentUrl\":\"https:\/\/noti-america.com\/site\/mexico\/wp-content\/uploads\/sites\/13\/2020\/07\/LogoNA-4x3-1.jpg\",\"width\":1236,\"height\":1080,\"caption\":\"Noti-America LLC | M\u00e9xico\"},\"image\":{\"@id\":\"https:\/\/noti-america.com\/site\/mexico\/#\/schema\/logo\/image\/\"}},{\"@type\":\"Person\",\"@id\":\"https:\/\/noti-america.com\/site\/mexico\/#\/schema\/person\/db5a6527aaddfc34b3753d557a1292f0\",\"name\":\"Redacci\u00f3n NA-NY\",\"image\":{\"@type\":\"ImageObject\",\"inLanguage\":\"es\",\"@id\":\"https:\/\/secure.gravatar.com\/avatar\/2bd75bb500a8deb1390f777293a9af32d934c46613d2fbac7cceb2aaa2679ae8?s=96&d=mm&r=g\",\"url\":\"https:\/\/secure.gravatar.com\/avatar\/2bd75bb500a8deb1390f777293a9af32d934c46613d2fbac7cceb2aaa2679ae8?s=96&d=mm&r=g\",\"contentUrl\":\"https:\/\/secure.gravatar.com\/avatar\/2bd75bb500a8deb1390f777293a9af32d934c46613d2fbac7cceb2aaa2679ae8?s=96&d=mm&r=g\",\"caption\":\"Redacci\u00f3n NA-NY\"},\"url\":\"https:\/\/noti-america.com\/site\/mexico\/author\/redaccionny\/\"}]}<\/script>\n<!-- \/ Yoast SEO Premium plugin. -->","yoast_head_json":{"title":"P\u00e1nico en aeropuerto de Par\u00eds por 2 personas con armas falsas - M\u00e9xico","robots":{"index":"index","follow":"follow","max-snippet":"max-snippet:-1","max-image-preview":"max-image-preview:large","max-video-preview":"max-video-preview:-1"},"canonical":"https:\/\/noti-america.com\/site\/mexico\/2018\/12\/26\/panico-en-aeropuerto-de-paris-por-2-personas-con-armas-falsas\/","og_locale":"es_ES","og_type":"article","og_title":"P\u00e1nico en aeropuerto de Par\u00eds por 2 personas con armas falsas","og_description":"&nbsp; &nbsp; Fuente:\u00a0\u00a0https:\/\/www.excelsior.com.mx\/global\/ &nbsp; La\u00a0polic\u00eda de Francia\u00a0detuvo\u00a0el mi\u00e9rcoles a\u00a0dos personas\u00a0que\u00a0portaban r\u00e9plicas de pistolas\u00a0en el\u00a0aeropuerto de Par\u00eds Charles de Gaulle, desatando el\u00a0p\u00e1nico\u00a0y provocando la\u00a0evacuaci\u00f3n temporal\u00a0de una\u00a0terminal, dijeron autoridades y medios locales. Los individuos fueron detenidos&#46;&#46;&#46;","og_url":"https:\/\/noti-america.com\/site\/mexico\/2018\/12\/26\/panico-en-aeropuerto-de-paris-por-2-personas-con-armas-falsas\/","og_site_name":"M\u00e9xico","article_published_time":"2018-12-26T14:47:29+00:00","article_modified_time":"2018-12-26T14:51:51+00:00","og_image":[{"width":664,"height":498,"url":"https:\/\/noti-america.com\/site\/mexico\/wp-content\/uploads\/sites\/13\/2018\/12\/2071788.jpg","type":"image\/jpeg"}],"author":"Redacci\u00f3n NA-NY","twitter_card":"summary_large_image","twitter_misc":{"Escrito por":"Redacci\u00f3n NA-NY","Tiempo estimado de lectura":"1 minuto"},"schema":{"@context":"https:\/\/schema.org","@graph":[{"@type":"Article","@id":"https:\/\/noti-america.com\/site\/mexico\/2018\/12\/26\/panico-en-aeropuerto-de-paris-por-2-personas-con-armas-falsas\/#article","isPartOf":{"@id":"https:\/\/noti-america.com\/site\/mexico\/2018\/12\/26\/panico-en-aeropuerto-de-paris-por-2-personas-con-armas-falsas\/"},"author":{"name":"Redacci\u00f3n NA-NY","@id":"https:\/\/noti-america.com\/site\/mexico\/#\/schema\/person\/db5a6527aaddfc34b3753d557a1292f0"},"headline":"P\u00e1nico en aeropuerto de Par\u00eds por 2 personas con armas falsas","datePublished":"2018-12-26T14:47:29+00:00","dateModified":"2018-12-26T14:51:51+00:00","mainEntityOfPage":{"@id":"https:\/\/noti-america.com\/site\/mexico\/2018\/12\/26\/panico-en-aeropuerto-de-paris-por-2-personas-con-armas-falsas\/"},"wordCount":258,"commentCount":0,"publisher":{"@id":"https:\/\/noti-america.com\/site\/mexico\/#organization"},"image":{"@id":"https:\/\/noti-america.com\/site\/mexico\/2018\/12\/26\/panico-en-aeropuerto-de-paris-por-2-personas-con-armas-falsas\/#primaryimage"},"thumbnailUrl":"https:\/\/noti-america.com\/site\/mexico\/wp-content\/uploads\/sites\/13\/2018\/12\/2071788.jpg","keywords":["P\u00e1nico en aeropuerto de Par\u00eds por 2 personas con armas falsas"],"articleSection":["Internacionales"],"inLanguage":"es","potentialAction":[{"@type":"CommentAction","name":"Comment","target":["https:\/\/noti-america.com\/site\/mexico\/2018\/12\/26\/panico-en-aeropuerto-de-paris-por-2-personas-con-armas-falsas\/#respond"]}]},{"@type":"WebPage","@id":"https:\/\/noti-america.com\/site\/mexico\/2018\/12\/26\/panico-en-aeropuerto-de-paris-por-2-personas-con-armas-falsas\/","url":"https:\/\/noti-america.com\/site\/mexico\/2018\/12\/26\/panico-en-aeropuerto-de-paris-por-2-personas-con-armas-falsas\/","name":"P\u00e1nico en aeropuerto de Par\u00eds por 2 personas con armas falsas - M\u00e9xico","isPartOf":{"@id":"https:\/\/noti-america.com\/site\/mexico\/#website"},"primaryImageOfPage":{"@id":"https:\/\/noti-america.com\/site\/mexico\/2018\/12\/26\/panico-en-aeropuerto-de-paris-por-2-personas-con-armas-falsas\/#primaryimage"},"image":{"@id":"https:\/\/noti-america.com\/site\/mexico\/2018\/12\/26\/panico-en-aeropuerto-de-paris-por-2-personas-con-armas-falsas\/#primaryimage"},"thumbnailUrl":"https:\/\/noti-america.com\/site\/mexico\/wp-content\/uploads\/sites\/13\/2018\/12\/2071788.jpg","datePublished":"2018-12-26T14:47:29+00:00","dateModified":"2018-12-26T14:51:51+00:00","breadcrumb":{"@id":"https:\/\/noti-america.com\/site\/mexico\/2018\/12\/26\/panico-en-aeropuerto-de-paris-por-2-personas-con-armas-falsas\/#breadcrumb"},"inLanguage":"es","potentialAction":[{"@type":"ReadAction","target":["https:\/\/noti-america.com\/site\/mexico\/2018\/12\/26\/panico-en-aeropuerto-de-paris-por-2-personas-con-armas-falsas\/"]}]},{"@type":"ImageObject","inLanguage":"es","@id":"https:\/\/noti-america.com\/site\/mexico\/2018\/12\/26\/panico-en-aeropuerto-de-paris-por-2-personas-con-armas-falsas\/#primaryimage","url":"https:\/\/noti-america.com\/site\/mexico\/wp-content\/uploads\/sites\/13\/2018\/12\/2071788.jpg","contentUrl":"https:\/\/noti-america.com\/site\/mexico\/wp-content\/uploads\/sites\/13\/2018\/12\/2071788.jpg","width":664,"height":498},{"@type":"BreadcrumbList","@id":"https:\/\/noti-america.com\/site\/mexico\/2018\/12\/26\/panico-en-aeropuerto-de-paris-por-2-personas-con-armas-falsas\/#breadcrumb","itemListElement":[{"@type":"ListItem","position":1,"name":"Portada","item":"https:\/\/noti-america.com\/site\/mexico\/"},{"@type":"ListItem","position":2,"name":"P\u00e1nico en aeropuerto de Par\u00eds por 2 personas con armas falsas"}]},{"@type":"WebSite","@id":"https:\/\/noti-america.com\/site\/mexico\/#website","url":"https:\/\/noti-america.com\/site\/mexico\/","name":"M\u00e9xico | Noti-America.com","description":"","publisher":{"@id":"https:\/\/noti-america.com\/site\/mexico\/#organization"},"potentialAction":[{"@type":"SearchAction","target":{"@type":"EntryPoint","urlTemplate":"https:\/\/noti-america.com\/site\/mexico\/?s={search_term_string}"},"query-input":{"@type":"PropertyValueSpecification","valueRequired":true,"valueName":"search_term_string"}}],"inLanguage":"es"},{"@type":"Organization","@id":"https:\/\/noti-america.com\/site\/mexico\/#organization","name":"Noti-America LLC | M\u00e9xico","url":"https:\/\/noti-america.com\/site\/mexico\/","logo":{"@type":"ImageObject","inLanguage":"es","@id":"https:\/\/noti-america.com\/site\/mexico\/#\/schema\/logo\/image\/","url":"https:\/\/noti-america.com\/site\/mexico\/wp-content\/uploads\/sites\/13\/2020\/07\/LogoNA-4x3-1.jpg","contentUrl":"https:\/\/noti-america.com\/site\/mexico\/wp-content\/uploads\/sites\/13\/2020\/07\/LogoNA-4x3-1.jpg","width":1236,"height":1080,"caption":"Noti-America LLC | M\u00e9xico"},"image":{"@id":"https:\/\/noti-america.com\/site\/mexico\/#\/schema\/logo\/image\/"}},{"@type":"Person","@id":"https:\/\/noti-america.com\/site\/mexico\/#\/schema\/person\/db5a6527aaddfc34b3753d557a1292f0","name":"Redacci\u00f3n NA-NY","image":{"@type":"ImageObject","inLanguage":"es","@id":"https:\/\/secure.gravatar.com\/avatar\/2bd75bb500a8deb1390f777293a9af32d934c46613d2fbac7cceb2aaa2679ae8?s=96&d=mm&r=g","url":"https:\/\/secure.gravatar.com\/avatar\/2bd75bb500a8deb1390f777293a9af32d934c46613d2fbac7cceb2aaa2679ae8?s=96&d=mm&r=g","contentUrl":"https:\/\/secure.gravatar.com\/avatar\/2bd75bb500a8deb1390f777293a9af32d934c46613d2fbac7cceb2aaa2679ae8?s=96&d=mm&r=g","caption":"Redacci\u00f3n NA-NY"},"url":"https:\/\/noti-america.com\/site\/mexico\/author\/redaccionny\/"}]}},"_links":{"self":[{"href":"https:\/\/noti-america.com\/site\/mexico\/wp-json\/wp\/v2\/posts\/2018","targetHints":{"allow":["GET"]}}],"collection":[{"href":"https:\/\/noti-america.com\/site\/mexico\/wp-json\/wp\/v2\/posts"}],"about":[{"href":"https:\/\/noti-america.com\/site\/mexico\/wp-json\/wp\/v2\/types\/post"}],"author":[{"embeddable":true,"href":"https:\/\/noti-america.com\/site\/mexico\/wp-json\/wp\/v2\/users\/28"}],"replies":[{"embeddable":true,"href":"https:\/\/noti-america.com\/site\/mexico\/wp-json\/wp\/v2\/comments?post=2018"}],"version-history":[{"count":1,"href":"https:\/\/noti-america.com\/site\/mexico\/wp-json\/wp\/v2\/posts\/2018\/revisions"}],"predecessor-version":[{"id":2020,"href":"https:\/\/noti-america.com\/site\/mexico\/wp-json\/wp\/v2\/posts\/2018\/revisions\/2020"}],"wp:featuredmedia":[{"embeddable":true,"href":"https:\/\/noti-america.com\/site\/mexico\/wp-json\/wp\/v2\/media\/2019"}],"wp:attachment":[{"href":"https:\/\/noti-america.com\/site\/mexico\/wp-json\/wp\/v2\/media?parent=2018"}],"wp:term":[{"taxonomy":"category","embeddable":true,"href":"https:\/\/noti-america.com\/site\/mexico\/wp-json\/wp\/v2\/categories?post=2018"},{"taxonomy":"post_tag","embeddable":true,"href":"https:\/\/noti-america.com\/site\/mexico\/wp-json\/wp\/v2\/tags?post=2018"}],"curies":[{"name":"wp","href":"https:\/\/api.w.org\/{rel}","templated":true}]}}