{"id":2011,"date":"2018-12-24T16:14:15","date_gmt":"2018-12-24T16:14:15","guid":{"rendered":"http:\/\/noti-america.com\/site\/mexico\/?p=2011"},"modified":"2018-12-24T16:14:15","modified_gmt":"2018-12-24T16:14:15","slug":"recuerda-que-este-lunes-se-suspende-el-hoy-no-circula","status":"publish","type":"post","link":"https:\/\/noti-america.com\/site\/mexico\/2018\/12\/24\/recuerda-que-este-lunes-se-suspende-el-hoy-no-circula\/","title":{"rendered":"Recuerda que este lunes se suspende el Hoy no Circula"},"content":{"rendered":"<p><img loading=\"lazy\" decoding=\"async\" class=\" wp-image-2012 aligncenter\" src=\"http:\/\/noti-america.com\/site\/mexico\/wp-content\/uploads\/sites\/13\/2018\/12\/161913-Principal-300x180.jpg\" alt=\"\" width=\"435\" height=\"261\" srcset=\"https:\/\/noti-america.com\/site\/mexico\/wp-content\/uploads\/sites\/13\/2018\/12\/161913-Principal-300x180.jpg 300w, https:\/\/noti-america.com\/site\/mexico\/wp-content\/uploads\/sites\/13\/2018\/12\/161913-Principal.jpg 750w\" sizes=\"auto, (max-width: 435px) 100vw, 435px\" \/><\/p>\n<p>&nbsp;<\/p>\n<h3><\/h3>\n<h3>Fuente:\u00a0\u00a0https:\/\/www.unotv.com\/noticias<\/h3>\n<p>&nbsp;<\/p>\n<p>Este lunes\u00a0<strong>24 de diciembre<\/strong>\u00a0se suspender\u00e1 el programa\u00a0Hoy no Circula\u00a0a partir de las\u00a0<strong>13:00 horas<\/strong>, por lo que todos los veh\u00edculos con\u00a0<strong>verificaci\u00f3n vehicular vigente<\/strong>\u00a0podr\u00e1n circular sin restricci\u00f3n alguna a partir de esa hora, inform\u00f3 este domingo la\u00a0Comisi\u00f3n Ambiental de la Megal\u00f3polis\u00a0(<strong>Came<\/strong>).<\/p>\n<p dir=\"ltr\">a entidad asever\u00f3 que la configuraci\u00f3n en\u00a0<strong>sistemas meteorol\u00f3gicos<\/strong>\u00a0generar\u00eda una mala calidad del aire por la ma\u00f1ana, aunque se prev\u00e9 que mejore desde el mediod\u00eda\u00a0<strong>debido al rompimiento<\/strong>\u00a0de la\u00a0<strong>inversi\u00f3n t\u00e9rmica<\/strong>.<\/p>\n<ul dir=\"ltr\">\n<li>La Came acord\u00f3 suspender aplicaci\u00f3n del\u00a0<strong>Hoy No Circula<\/strong>\u00a0en la\u00a0<strong>Zona Metropolitana<\/strong>\u00a0del\u00a0<strong>Valle de M\u00e9xico<\/strong>.<\/li>\n<\/ul>\n<p dir=\"ltr\">El programa reactivar\u00e1 su\u00a0<strong>operaci\u00f3n normal<\/strong>\u00a0el d\u00eda\u00a0<strong>martes 25 de diciembre<\/strong>. Adem\u00e1s, la Came exhort\u00f3 a la poblaci\u00f3n a evitar la quema de fuegos\u00a0<strong>pirot\u00e9cnicos durante la Nochebuena<\/strong>, as\u00ed como\u00a0<strong>encender fogatas<\/strong>\u00a0y llantas usadas, a fin de mantener niveles bajos de\u00a0<strong>contaminantes en el ambiente<\/strong>.<\/p>\n","protected":false},"excerpt":{"rendered":"<p>&nbsp; Fuente:\u00a0\u00a0https:\/\/www.unotv.com\/noticias &nbsp; Este lunes\u00a024 de diciembre\u00a0se suspender\u00e1 el programa\u00a0Hoy no Circula\u00a0a partir de las\u00a013:00 horas, por lo que todos los veh\u00edculos con\u00a0verificaci\u00f3n vehicular vigente\u00a0podr\u00e1n circular sin restricci\u00f3n alguna a partir de esa hora,&#46;&#46;&#46;<\/p>\n","protected":false},"author":28,"featured_media":2012,"comment_status":"open","ping_status":"open","sticky":false,"template":"","format":"standard","meta":{"_acf_changed":false,"om_disable_all_campaigns":false,"rop_custom_images_group":[],"rop_custom_messages_group":[],"rop_publish_now":"initial","rop_publish_now_accounts":{"twitter_242054905_242054905":""},"rop_publish_now_history":[],"rop_publish_now_status":"pending","_uf_show_specific_survey":0,"_uf_disable_surveys":false,"footnotes":""},"categories":[1],"tags":[152],"class_list":["post-2011","post","type-post","status-publish","format-standard","has-post-thumbnail","hentry","category-uncategorized","tag-recuerda-que-este-lunes-se-suspende-el-hoy-no-circula"],"acf":[],"aioseo_notices":[],"yoast_head":"<!-- This site is optimized with the Yoast SEO Premium plugin v24.9 (Yoast SEO v27.2) - https:\/\/yoast.com\/product\/yoast-seo-premium-wordpress\/ -->\n<title>Recuerda que este lunes se suspende el Hoy no Circula - M\u00e9xico<\/title>\n<meta name=\"robots\" content=\"index, follow, max-snippet:-1, max-image-preview:large, max-video-preview:-1\" \/>\n<link rel=\"canonical\" href=\"https:\/\/noti-america.com\/site\/mexico\/2018\/12\/24\/recuerda-que-este-lunes-se-suspende-el-hoy-no-circula\/\" \/>\n<meta property=\"og:locale\" content=\"es_ES\" \/>\n<meta property=\"og:type\" content=\"article\" \/>\n<meta property=\"og:title\" content=\"Recuerda que este lunes se suspende el Hoy no Circula\" \/>\n<meta property=\"og:description\" content=\"&nbsp; Fuente:\u00a0\u00a0https:\/\/www.unotv.com\/noticias &nbsp; Este lunes\u00a024 de diciembre\u00a0se suspender\u00e1 el programa\u00a0Hoy no Circula\u00a0a partir de las\u00a013:00 horas, por lo que todos los veh\u00edculos con\u00a0verificaci\u00f3n vehicular vigente\u00a0podr\u00e1n circular sin restricci\u00f3n alguna a partir de esa hora,&#046;&#046;&#046;\" \/>\n<meta property=\"og:url\" content=\"https:\/\/noti-america.com\/site\/mexico\/2018\/12\/24\/recuerda-que-este-lunes-se-suspende-el-hoy-no-circula\/\" \/>\n<meta property=\"og:site_name\" content=\"M\u00e9xico\" \/>\n<meta property=\"article:published_time\" content=\"2018-12-24T16:14:15+00:00\" \/>\n<meta property=\"og:image\" content=\"https:\/\/noti-america.com\/site\/mexico\/wp-content\/uploads\/sites\/13\/2018\/12\/161913-Principal.jpg\" \/>\n\t<meta property=\"og:image:width\" content=\"750\" \/>\n\t<meta property=\"og:image:height\" content=\"450\" \/>\n\t<meta property=\"og:image:type\" content=\"image\/jpeg\" \/>\n<meta name=\"author\" content=\"Redacci\u00f3n NA-NY\" \/>\n<meta name=\"twitter:card\" content=\"summary_large_image\" \/>\n<meta name=\"twitter:label1\" content=\"Escrito por\" \/>\n\t<meta name=\"twitter:data1\" content=\"Redacci\u00f3n NA-NY\" \/>\n\t<meta name=\"twitter:label2\" content=\"Tiempo estimado de lectura\" \/>\n\t<meta name=\"twitter:data2\" content=\"1 minuto\" \/>\n<script type=\"application\/ld+json\" class=\"yoast-schema-graph\">{\"@context\":\"https:\/\/schema.org\",\"@graph\":[{\"@type\":\"Article\",\"@id\":\"https:\/\/noti-america.com\/site\/mexico\/2018\/12\/24\/recuerda-que-este-lunes-se-suspende-el-hoy-no-circula\/#article\",\"isPartOf\":{\"@id\":\"https:\/\/noti-america.com\/site\/mexico\/2018\/12\/24\/recuerda-que-este-lunes-se-suspende-el-hoy-no-circula\/\"},\"author\":{\"name\":\"Redacci\u00f3n NA-NY\",\"@id\":\"https:\/\/noti-america.com\/site\/mexico\/#\/schema\/person\/db5a6527aaddfc34b3753d557a1292f0\"},\"headline\":\"Recuerda que este lunes se suspende el Hoy no Circula\",\"datePublished\":\"2018-12-24T16:14:15+00:00\",\"mainEntityOfPage\":{\"@id\":\"https:\/\/noti-america.com\/site\/mexico\/2018\/12\/24\/recuerda-que-este-lunes-se-suspende-el-hoy-no-circula\/\"},\"wordCount\":180,\"commentCount\":0,\"publisher\":{\"@id\":\"https:\/\/noti-america.com\/site\/mexico\/#organization\"},\"image\":{\"@id\":\"https:\/\/noti-america.com\/site\/mexico\/2018\/12\/24\/recuerda-que-este-lunes-se-suspende-el-hoy-no-circula\/#primaryimage\"},\"thumbnailUrl\":\"https:\/\/noti-america.com\/site\/mexico\/wp-content\/uploads\/sites\/13\/2018\/12\/161913-Principal.jpg\",\"keywords\":[\"Recuerda que este lunes se suspende el Hoy no Circula\"],\"articleSection\":[\"Uncategorized\"],\"inLanguage\":\"es\",\"potentialAction\":[{\"@type\":\"CommentAction\",\"name\":\"Comment\",\"target\":[\"https:\/\/noti-america.com\/site\/mexico\/2018\/12\/24\/recuerda-que-este-lunes-se-suspende-el-hoy-no-circula\/#respond\"]}]},{\"@type\":\"WebPage\",\"@id\":\"https:\/\/noti-america.com\/site\/mexico\/2018\/12\/24\/recuerda-que-este-lunes-se-suspende-el-hoy-no-circula\/\",\"url\":\"https:\/\/noti-america.com\/site\/mexico\/2018\/12\/24\/recuerda-que-este-lunes-se-suspende-el-hoy-no-circula\/\",\"name\":\"Recuerda que este lunes se suspende el Hoy no Circula - M\u00e9xico\",\"isPartOf\":{\"@id\":\"https:\/\/noti-america.com\/site\/mexico\/#website\"},\"primaryImageOfPage\":{\"@id\":\"https:\/\/noti-america.com\/site\/mexico\/2018\/12\/24\/recuerda-que-este-lunes-se-suspende-el-hoy-no-circula\/#primaryimage\"},\"image\":{\"@id\":\"https:\/\/noti-america.com\/site\/mexico\/2018\/12\/24\/recuerda-que-este-lunes-se-suspende-el-hoy-no-circula\/#primaryimage\"},\"thumbnailUrl\":\"https:\/\/noti-america.com\/site\/mexico\/wp-content\/uploads\/sites\/13\/2018\/12\/161913-Principal.jpg\",\"datePublished\":\"2018-12-24T16:14:15+00:00\",\"breadcrumb\":{\"@id\":\"https:\/\/noti-america.com\/site\/mexico\/2018\/12\/24\/recuerda-que-este-lunes-se-suspende-el-hoy-no-circula\/#breadcrumb\"},\"inLanguage\":\"es\",\"potentialAction\":[{\"@type\":\"ReadAction\",\"target\":[\"https:\/\/noti-america.com\/site\/mexico\/2018\/12\/24\/recuerda-que-este-lunes-se-suspende-el-hoy-no-circula\/\"]}]},{\"@type\":\"ImageObject\",\"inLanguage\":\"es\",\"@id\":\"https:\/\/noti-america.com\/site\/mexico\/2018\/12\/24\/recuerda-que-este-lunes-se-suspende-el-hoy-no-circula\/#primaryimage\",\"url\":\"https:\/\/noti-america.com\/site\/mexico\/wp-content\/uploads\/sites\/13\/2018\/12\/161913-Principal.jpg\",\"contentUrl\":\"https:\/\/noti-america.com\/site\/mexico\/wp-content\/uploads\/sites\/13\/2018\/12\/161913-Principal.jpg\",\"width\":750,\"height\":450},{\"@type\":\"BreadcrumbList\",\"@id\":\"https:\/\/noti-america.com\/site\/mexico\/2018\/12\/24\/recuerda-que-este-lunes-se-suspende-el-hoy-no-circula\/#breadcrumb\",\"itemListElement\":[{\"@type\":\"ListItem\",\"position\":1,\"name\":\"Portada\",\"item\":\"https:\/\/noti-america.com\/site\/mexico\/\"},{\"@type\":\"ListItem\",\"position\":2,\"name\":\"Recuerda que este lunes se suspende el Hoy no Circula\"}]},{\"@type\":\"WebSite\",\"@id\":\"https:\/\/noti-america.com\/site\/mexico\/#website\",\"url\":\"https:\/\/noti-america.com\/site\/mexico\/\",\"name\":\"M\u00e9xico | Noti-America.com\",\"description\":\"\",\"publisher\":{\"@id\":\"https:\/\/noti-america.com\/site\/mexico\/#organization\"},\"potentialAction\":[{\"@type\":\"SearchAction\",\"target\":{\"@type\":\"EntryPoint\",\"urlTemplate\":\"https:\/\/noti-america.com\/site\/mexico\/?s={search_term_string}\"},\"query-input\":{\"@type\":\"PropertyValueSpecification\",\"valueRequired\":true,\"valueName\":\"search_term_string\"}}],\"inLanguage\":\"es\"},{\"@type\":\"Organization\",\"@id\":\"https:\/\/noti-america.com\/site\/mexico\/#organization\",\"name\":\"Noti-America LLC | M\u00e9xico\",\"url\":\"https:\/\/noti-america.com\/site\/mexico\/\",\"logo\":{\"@type\":\"ImageObject\",\"inLanguage\":\"es\",\"@id\":\"https:\/\/noti-america.com\/site\/mexico\/#\/schema\/logo\/image\/\",\"url\":\"https:\/\/noti-america.com\/site\/mexico\/wp-content\/uploads\/sites\/13\/2020\/07\/LogoNA-4x3-1.jpg\",\"contentUrl\":\"https:\/\/noti-america.com\/site\/mexico\/wp-content\/uploads\/sites\/13\/2020\/07\/LogoNA-4x3-1.jpg\",\"width\":1236,\"height\":1080,\"caption\":\"Noti-America LLC | M\u00e9xico\"},\"image\":{\"@id\":\"https:\/\/noti-america.com\/site\/mexico\/#\/schema\/logo\/image\/\"}},{\"@type\":\"Person\",\"@id\":\"https:\/\/noti-america.com\/site\/mexico\/#\/schema\/person\/db5a6527aaddfc34b3753d557a1292f0\",\"name\":\"Redacci\u00f3n NA-NY\",\"image\":{\"@type\":\"ImageObject\",\"inLanguage\":\"es\",\"@id\":\"https:\/\/secure.gravatar.com\/avatar\/2bd75bb500a8deb1390f777293a9af32d934c46613d2fbac7cceb2aaa2679ae8?s=96&d=mm&r=g\",\"url\":\"https:\/\/secure.gravatar.com\/avatar\/2bd75bb500a8deb1390f777293a9af32d934c46613d2fbac7cceb2aaa2679ae8?s=96&d=mm&r=g\",\"contentUrl\":\"https:\/\/secure.gravatar.com\/avatar\/2bd75bb500a8deb1390f777293a9af32d934c46613d2fbac7cceb2aaa2679ae8?s=96&d=mm&r=g\",\"caption\":\"Redacci\u00f3n NA-NY\"},\"url\":\"https:\/\/noti-america.com\/site\/mexico\/author\/redaccionny\/\"}]}<\/script>\n<!-- \/ Yoast SEO Premium plugin. -->","yoast_head_json":{"title":"Recuerda que este lunes se suspende el Hoy no Circula - M\u00e9xico","robots":{"index":"index","follow":"follow","max-snippet":"max-snippet:-1","max-image-preview":"max-image-preview:large","max-video-preview":"max-video-preview:-1"},"canonical":"https:\/\/noti-america.com\/site\/mexico\/2018\/12\/24\/recuerda-que-este-lunes-se-suspende-el-hoy-no-circula\/","og_locale":"es_ES","og_type":"article","og_title":"Recuerda que este lunes se suspende el Hoy no Circula","og_description":"&nbsp; Fuente:\u00a0\u00a0https:\/\/www.unotv.com\/noticias &nbsp; Este lunes\u00a024 de diciembre\u00a0se suspender\u00e1 el programa\u00a0Hoy no Circula\u00a0a partir de las\u00a013:00 horas, por lo que todos los veh\u00edculos con\u00a0verificaci\u00f3n vehicular vigente\u00a0podr\u00e1n circular sin restricci\u00f3n alguna a partir de esa hora,&#46;&#46;&#46;","og_url":"https:\/\/noti-america.com\/site\/mexico\/2018\/12\/24\/recuerda-que-este-lunes-se-suspende-el-hoy-no-circula\/","og_site_name":"M\u00e9xico","article_published_time":"2018-12-24T16:14:15+00:00","og_image":[{"width":750,"height":450,"url":"https:\/\/noti-america.com\/site\/mexico\/wp-content\/uploads\/sites\/13\/2018\/12\/161913-Principal.jpg","type":"image\/jpeg"}],"author":"Redacci\u00f3n NA-NY","twitter_card":"summary_large_image","twitter_misc":{"Escrito por":"Redacci\u00f3n NA-NY","Tiempo estimado de lectura":"1 minuto"},"schema":{"@context":"https:\/\/schema.org","@graph":[{"@type":"Article","@id":"https:\/\/noti-america.com\/site\/mexico\/2018\/12\/24\/recuerda-que-este-lunes-se-suspende-el-hoy-no-circula\/#article","isPartOf":{"@id":"https:\/\/noti-america.com\/site\/mexico\/2018\/12\/24\/recuerda-que-este-lunes-se-suspende-el-hoy-no-circula\/"},"author":{"name":"Redacci\u00f3n NA-NY","@id":"https:\/\/noti-america.com\/site\/mexico\/#\/schema\/person\/db5a6527aaddfc34b3753d557a1292f0"},"headline":"Recuerda que este lunes se suspende el Hoy no Circula","datePublished":"2018-12-24T16:14:15+00:00","mainEntityOfPage":{"@id":"https:\/\/noti-america.com\/site\/mexico\/2018\/12\/24\/recuerda-que-este-lunes-se-suspende-el-hoy-no-circula\/"},"wordCount":180,"commentCount":0,"publisher":{"@id":"https:\/\/noti-america.com\/site\/mexico\/#organization"},"image":{"@id":"https:\/\/noti-america.com\/site\/mexico\/2018\/12\/24\/recuerda-que-este-lunes-se-suspende-el-hoy-no-circula\/#primaryimage"},"thumbnailUrl":"https:\/\/noti-america.com\/site\/mexico\/wp-content\/uploads\/sites\/13\/2018\/12\/161913-Principal.jpg","keywords":["Recuerda que este lunes se suspende el Hoy no Circula"],"articleSection":["Uncategorized"],"inLanguage":"es","potentialAction":[{"@type":"CommentAction","name":"Comment","target":["https:\/\/noti-america.com\/site\/mexico\/2018\/12\/24\/recuerda-que-este-lunes-se-suspende-el-hoy-no-circula\/#respond"]}]},{"@type":"WebPage","@id":"https:\/\/noti-america.com\/site\/mexico\/2018\/12\/24\/recuerda-que-este-lunes-se-suspende-el-hoy-no-circula\/","url":"https:\/\/noti-america.com\/site\/mexico\/2018\/12\/24\/recuerda-que-este-lunes-se-suspende-el-hoy-no-circula\/","name":"Recuerda que este lunes se suspende el Hoy no Circula - M\u00e9xico","isPartOf":{"@id":"https:\/\/noti-america.com\/site\/mexico\/#website"},"primaryImageOfPage":{"@id":"https:\/\/noti-america.com\/site\/mexico\/2018\/12\/24\/recuerda-que-este-lunes-se-suspende-el-hoy-no-circula\/#primaryimage"},"image":{"@id":"https:\/\/noti-america.com\/site\/mexico\/2018\/12\/24\/recuerda-que-este-lunes-se-suspende-el-hoy-no-circula\/#primaryimage"},"thumbnailUrl":"https:\/\/noti-america.com\/site\/mexico\/wp-content\/uploads\/sites\/13\/2018\/12\/161913-Principal.jpg","datePublished":"2018-12-24T16:14:15+00:00","breadcrumb":{"@id":"https:\/\/noti-america.com\/site\/mexico\/2018\/12\/24\/recuerda-que-este-lunes-se-suspende-el-hoy-no-circula\/#breadcrumb"},"inLanguage":"es","potentialAction":[{"@type":"ReadAction","target":["https:\/\/noti-america.com\/site\/mexico\/2018\/12\/24\/recuerda-que-este-lunes-se-suspende-el-hoy-no-circula\/"]}]},{"@type":"ImageObject","inLanguage":"es","@id":"https:\/\/noti-america.com\/site\/mexico\/2018\/12\/24\/recuerda-que-este-lunes-se-suspende-el-hoy-no-circula\/#primaryimage","url":"https:\/\/noti-america.com\/site\/mexico\/wp-content\/uploads\/sites\/13\/2018\/12\/161913-Principal.jpg","contentUrl":"https:\/\/noti-america.com\/site\/mexico\/wp-content\/uploads\/sites\/13\/2018\/12\/161913-Principal.jpg","width":750,"height":450},{"@type":"BreadcrumbList","@id":"https:\/\/noti-america.com\/site\/mexico\/2018\/12\/24\/recuerda-que-este-lunes-se-suspende-el-hoy-no-circula\/#breadcrumb","itemListElement":[{"@type":"ListItem","position":1,"name":"Portada","item":"https:\/\/noti-america.com\/site\/mexico\/"},{"@type":"ListItem","position":2,"name":"Recuerda que este lunes se suspende el Hoy no Circula"}]},{"@type":"WebSite","@id":"https:\/\/noti-america.com\/site\/mexico\/#website","url":"https:\/\/noti-america.com\/site\/mexico\/","name":"M\u00e9xico | Noti-America.com","description":"","publisher":{"@id":"https:\/\/noti-america.com\/site\/mexico\/#organization"},"potentialAction":[{"@type":"SearchAction","target":{"@type":"EntryPoint","urlTemplate":"https:\/\/noti-america.com\/site\/mexico\/?s={search_term_string}"},"query-input":{"@type":"PropertyValueSpecification","valueRequired":true,"valueName":"search_term_string"}}],"inLanguage":"es"},{"@type":"Organization","@id":"https:\/\/noti-america.com\/site\/mexico\/#organization","name":"Noti-America LLC | M\u00e9xico","url":"https:\/\/noti-america.com\/site\/mexico\/","logo":{"@type":"ImageObject","inLanguage":"es","@id":"https:\/\/noti-america.com\/site\/mexico\/#\/schema\/logo\/image\/","url":"https:\/\/noti-america.com\/site\/mexico\/wp-content\/uploads\/sites\/13\/2020\/07\/LogoNA-4x3-1.jpg","contentUrl":"https:\/\/noti-america.com\/site\/mexico\/wp-content\/uploads\/sites\/13\/2020\/07\/LogoNA-4x3-1.jpg","width":1236,"height":1080,"caption":"Noti-America LLC | M\u00e9xico"},"image":{"@id":"https:\/\/noti-america.com\/site\/mexico\/#\/schema\/logo\/image\/"}},{"@type":"Person","@id":"https:\/\/noti-america.com\/site\/mexico\/#\/schema\/person\/db5a6527aaddfc34b3753d557a1292f0","name":"Redacci\u00f3n NA-NY","image":{"@type":"ImageObject","inLanguage":"es","@id":"https:\/\/secure.gravatar.com\/avatar\/2bd75bb500a8deb1390f777293a9af32d934c46613d2fbac7cceb2aaa2679ae8?s=96&d=mm&r=g","url":"https:\/\/secure.gravatar.com\/avatar\/2bd75bb500a8deb1390f777293a9af32d934c46613d2fbac7cceb2aaa2679ae8?s=96&d=mm&r=g","contentUrl":"https:\/\/secure.gravatar.com\/avatar\/2bd75bb500a8deb1390f777293a9af32d934c46613d2fbac7cceb2aaa2679ae8?s=96&d=mm&r=g","caption":"Redacci\u00f3n NA-NY"},"url":"https:\/\/noti-america.com\/site\/mexico\/author\/redaccionny\/"}]}},"_links":{"self":[{"href":"https:\/\/noti-america.com\/site\/mexico\/wp-json\/wp\/v2\/posts\/2011","targetHints":{"allow":["GET"]}}],"collection":[{"href":"https:\/\/noti-america.com\/site\/mexico\/wp-json\/wp\/v2\/posts"}],"about":[{"href":"https:\/\/noti-america.com\/site\/mexico\/wp-json\/wp\/v2\/types\/post"}],"author":[{"embeddable":true,"href":"https:\/\/noti-america.com\/site\/mexico\/wp-json\/wp\/v2\/users\/28"}],"replies":[{"embeddable":true,"href":"https:\/\/noti-america.com\/site\/mexico\/wp-json\/wp\/v2\/comments?post=2011"}],"version-history":[{"count":1,"href":"https:\/\/noti-america.com\/site\/mexico\/wp-json\/wp\/v2\/posts\/2011\/revisions"}],"predecessor-version":[{"id":2013,"href":"https:\/\/noti-america.com\/site\/mexico\/wp-json\/wp\/v2\/posts\/2011\/revisions\/2013"}],"wp:featuredmedia":[{"embeddable":true,"href":"https:\/\/noti-america.com\/site\/mexico\/wp-json\/wp\/v2\/media\/2012"}],"wp:attachment":[{"href":"https:\/\/noti-america.com\/site\/mexico\/wp-json\/wp\/v2\/media?parent=2011"}],"wp:term":[{"taxonomy":"category","embeddable":true,"href":"https:\/\/noti-america.com\/site\/mexico\/wp-json\/wp\/v2\/categories?post=2011"},{"taxonomy":"post_tag","embeddable":true,"href":"https:\/\/noti-america.com\/site\/mexico\/wp-json\/wp\/v2\/tags?post=2011"}],"curies":[{"name":"wp","href":"https:\/\/api.w.org\/{rel}","templated":true}]}}