{"id":2005,"date":"2018-12-24T16:04:15","date_gmt":"2018-12-24T16:04:15","guid":{"rendered":"http:\/\/noti-america.com\/site\/mexico\/?p=2005"},"modified":"2018-12-24T16:04:15","modified_gmt":"2018-12-24T16:04:15","slug":"aprobacion-del-presupuesto-como-un-regalo-de-navidad-lopez-obrador","status":"publish","type":"post","link":"https:\/\/noti-america.com\/site\/mexico\/2018\/12\/24\/aprobacion-del-presupuesto-como-un-regalo-de-navidad-lopez-obrador\/","title":{"rendered":"Aprobaci\u00f3n del presupuesto, como un regalo de Navidad: L\u00f3pez Obrador"},"content":{"rendered":"<h3><img loading=\"lazy\" decoding=\"async\" class=\"alignnone  wp-image-2006 aligncenter\" src=\"http:\/\/noti-america.com\/site\/mexico\/wp-content\/uploads\/sites\/13\/2018\/12\/1545253199_039490_1545253347_noticia_normal_recorte1-1-300x200.jpg\" alt=\"\" width=\"512\" height=\"341\" srcset=\"https:\/\/noti-america.com\/site\/mexico\/wp-content\/uploads\/sites\/13\/2018\/12\/1545253199_039490_1545253347_noticia_normal_recorte1-1-300x200.jpg 300w, https:\/\/noti-america.com\/site\/mexico\/wp-content\/uploads\/sites\/13\/2018\/12\/1545253199_039490_1545253347_noticia_normal_recorte1-1-768x511.jpg 768w, https:\/\/noti-america.com\/site\/mexico\/wp-content\/uploads\/sites\/13\/2018\/12\/1545253199_039490_1545253347_noticia_normal_recorte1-1-1024x682.jpg 1024w, https:\/\/noti-america.com\/site\/mexico\/wp-content\/uploads\/sites\/13\/2018\/12\/1545253199_039490_1545253347_noticia_normal_recorte1-1-272x182.jpg 272w, https:\/\/noti-america.com\/site\/mexico\/wp-content\/uploads\/sites\/13\/2018\/12\/1545253199_039490_1545253347_noticia_normal_recorte1-1.jpg 1960w\" sizes=\"auto, (max-width: 512px) 100vw, 512px\" \/><\/h3>\n<h3><\/h3>\n<h3><\/h3>\n<h3><\/h3>\n<h3>Fuente:\u00a0 www.excelsior.com.mx<\/h3>\n<p>&nbsp;<\/p>\n<p class=\"letter-capitular\">Tras la aprobaci\u00f3n en lo general del Presupuesto de Egresos de la Federaci\u00f3n (PEF) para 2019, el presidente Andr\u00e9s Manuel L\u00f3pez Obrador calific\u00f3 esta decisi\u00f3n del Congreso como \u201cun regalo de Navidad\u201d, pues implica la aprobaci\u00f3n de recursos para cumplir compromisos.<\/p>\n<p>A horas de que la C\u00e1mara de Diputados aprob\u00f3 con 312 votos a favor y 154 en contra el Presupuesto de Egresos 2019 con un monto de 5 billones 838 mil 59 millones de pesos, el mandatario destac\u00f3 que con esto se garantizar\u00e1n distintos apoyos como la pensi\u00f3n a adultos mayores y a personas con discapacidad, becas a j\u00f3venes, entre otros.<\/p>\n<blockquote><p>Se aprob\u00f3 el presupuesto para el a\u00f1o pr\u00f3ximo y es una buena noticia, porque se autorizan los fondos que nos van a permitir cumplir con todos los compromisos que hicimos. Va a haber justicia. Es como un regalo de Navidad\u201d, asegur\u00f3.<\/p><\/blockquote>\n<p>En conferencia, L\u00f3pez Obrador afirm\u00f3 que con la aprobaci\u00f3n del Presupuesto de Egresos se buscar\u00e1 hacer frente a la pobreza en el pa\u00eds para disminuir los \u00edndices de \u00e9sta y para que los m\u00e1s necesitados obtengan apoyos del Gobierno federal.<\/p>\n<p>\u201cVamos a conseguir la disminuci\u00f3n de la pobreza en el pa\u00eds. La gente m\u00e1s pobre recibir\u00e1 beneficios. La gente estar\u00e1 contenta porque, como nunca, se entregar\u00e1n apoyos a los m\u00e1s necesitados del pa\u00eds\u201d, dijo.<\/p>\n<p><b>\u00a0<\/b>Al ser cuestionado sobre los 24 mil 764 millones 719 mil 642 pesos aprobados del PREF 2019 para el Consejo Nacional de Ciencia y Tecnolog\u00eda (CONACYT), el presidente asegur\u00f3 que \u00e9ste es suficiente y que est\u00e1n garantizados los recursos para los investigadores.<\/p>\n<p>Explic\u00f3 que hace unos d\u00edas mantuvo una reuni\u00f3n con la directora general del CONACYT, Mar\u00eda Elena \u00c1lvarez-Buylla Roces, quien le inform\u00f3 que los recursos son suficientes \u201ce incluso que tendr\u00e1 mejores resultados\u201d.<\/p>\n","protected":false},"excerpt":{"rendered":"<p>Fuente:\u00a0 www.excelsior.com.mx &nbsp; Tras la aprobaci\u00f3n en lo general del Presupuesto de Egresos de la Federaci\u00f3n (PEF) para 2019, el presidente Andr\u00e9s Manuel L\u00f3pez Obrador calific\u00f3 esta decisi\u00f3n del Congreso como \u201cun regalo de&#46;&#46;&#46;<\/p>\n","protected":false},"author":28,"featured_media":2006,"comment_status":"open","ping_status":"open","sticky":false,"template":"","format":"standard","meta":{"_acf_changed":false,"om_disable_all_campaigns":false,"rop_custom_images_group":[],"rop_custom_messages_group":[],"rop_publish_now":"initial","rop_publish_now_accounts":{"twitter_242054905_242054905":""},"rop_publish_now_history":[],"rop_publish_now_status":"pending","_uf_show_specific_survey":0,"_uf_disable_surveys":false,"footnotes":""},"categories":[1],"tags":[149,150],"class_list":["post-2005","post","type-post","status-publish","format-standard","has-post-thumbnail","hentry","category-uncategorized","tag-aprobacion-del-presupuesto","tag-como-un-regalo-de-navidad-lopez-obrador"],"acf":[],"aioseo_notices":[],"yoast_head":"<!-- This site is optimized with the Yoast SEO Premium plugin v24.9 (Yoast SEO v27.2) - https:\/\/yoast.com\/product\/yoast-seo-premium-wordpress\/ -->\n<title>Aprobaci\u00f3n del presupuesto, como un regalo de Navidad: L\u00f3pez Obrador - M\u00e9xico<\/title>\n<meta name=\"robots\" content=\"index, follow, max-snippet:-1, max-image-preview:large, max-video-preview:-1\" \/>\n<link rel=\"canonical\" href=\"https:\/\/noti-america.com\/site\/mexico\/2018\/12\/24\/aprobacion-del-presupuesto-como-un-regalo-de-navidad-lopez-obrador\/\" \/>\n<meta property=\"og:locale\" content=\"es_ES\" \/>\n<meta property=\"og:type\" content=\"article\" \/>\n<meta property=\"og:title\" content=\"Aprobaci\u00f3n del presupuesto, como un regalo de Navidad: L\u00f3pez Obrador\" \/>\n<meta property=\"og:description\" content=\"Fuente:\u00a0 www.excelsior.com.mx &nbsp; Tras la aprobaci\u00f3n en lo general del Presupuesto de Egresos de la Federaci\u00f3n (PEF) para 2019, el presidente Andr\u00e9s Manuel L\u00f3pez Obrador calific\u00f3 esta decisi\u00f3n del Congreso como \u201cun regalo de&#046;&#046;&#046;\" \/>\n<meta property=\"og:url\" content=\"https:\/\/noti-america.com\/site\/mexico\/2018\/12\/24\/aprobacion-del-presupuesto-como-un-regalo-de-navidad-lopez-obrador\/\" \/>\n<meta property=\"og:site_name\" content=\"M\u00e9xico\" \/>\n<meta property=\"article:published_time\" content=\"2018-12-24T16:04:15+00:00\" \/>\n<meta property=\"og:image\" content=\"https:\/\/noti-america.com\/site\/mexico\/wp-content\/uploads\/sites\/13\/2018\/12\/1545253199_039490_1545253347_noticia_normal_recorte1-1.jpg\" \/>\n\t<meta property=\"og:image:width\" content=\"1960\" \/>\n\t<meta property=\"og:image:height\" content=\"1305\" \/>\n\t<meta property=\"og:image:type\" content=\"image\/jpeg\" \/>\n<meta name=\"author\" content=\"Redacci\u00f3n NA-NY\" \/>\n<meta name=\"twitter:card\" content=\"summary_large_image\" \/>\n<meta name=\"twitter:label1\" content=\"Escrito por\" \/>\n\t<meta name=\"twitter:data1\" content=\"Redacci\u00f3n NA-NY\" \/>\n\t<meta name=\"twitter:label2\" content=\"Tiempo estimado de lectura\" \/>\n\t<meta name=\"twitter:data2\" content=\"2 minutos\" \/>\n<script type=\"application\/ld+json\" class=\"yoast-schema-graph\">{\"@context\":\"https:\/\/schema.org\",\"@graph\":[{\"@type\":\"Article\",\"@id\":\"https:\/\/noti-america.com\/site\/mexico\/2018\/12\/24\/aprobacion-del-presupuesto-como-un-regalo-de-navidad-lopez-obrador\/#article\",\"isPartOf\":{\"@id\":\"https:\/\/noti-america.com\/site\/mexico\/2018\/12\/24\/aprobacion-del-presupuesto-como-un-regalo-de-navidad-lopez-obrador\/\"},\"author\":{\"name\":\"Redacci\u00f3n NA-NY\",\"@id\":\"https:\/\/noti-america.com\/site\/mexico\/#\/schema\/person\/db5a6527aaddfc34b3753d557a1292f0\"},\"headline\":\"Aprobaci\u00f3n del presupuesto, como un regalo de Navidad: L\u00f3pez Obrador\",\"datePublished\":\"2018-12-24T16:04:15+00:00\",\"mainEntityOfPage\":{\"@id\":\"https:\/\/noti-america.com\/site\/mexico\/2018\/12\/24\/aprobacion-del-presupuesto-como-un-regalo-de-navidad-lopez-obrador\/\"},\"wordCount\":324,\"commentCount\":0,\"publisher\":{\"@id\":\"https:\/\/noti-america.com\/site\/mexico\/#organization\"},\"image\":{\"@id\":\"https:\/\/noti-america.com\/site\/mexico\/2018\/12\/24\/aprobacion-del-presupuesto-como-un-regalo-de-navidad-lopez-obrador\/#primaryimage\"},\"thumbnailUrl\":\"https:\/\/noti-america.com\/site\/mexico\/wp-content\/uploads\/sites\/13\/2018\/12\/1545253199_039490_1545253347_noticia_normal_recorte1-1.jpg\",\"keywords\":[\"Aprobaci\u00f3n del presupuesto\",\"como un regalo de Navidad: L\u00f3pez Obrador\"],\"articleSection\":[\"Uncategorized\"],\"inLanguage\":\"es\",\"potentialAction\":[{\"@type\":\"CommentAction\",\"name\":\"Comment\",\"target\":[\"https:\/\/noti-america.com\/site\/mexico\/2018\/12\/24\/aprobacion-del-presupuesto-como-un-regalo-de-navidad-lopez-obrador\/#respond\"]}]},{\"@type\":\"WebPage\",\"@id\":\"https:\/\/noti-america.com\/site\/mexico\/2018\/12\/24\/aprobacion-del-presupuesto-como-un-regalo-de-navidad-lopez-obrador\/\",\"url\":\"https:\/\/noti-america.com\/site\/mexico\/2018\/12\/24\/aprobacion-del-presupuesto-como-un-regalo-de-navidad-lopez-obrador\/\",\"name\":\"Aprobaci\u00f3n del presupuesto, como un regalo de Navidad: L\u00f3pez Obrador - M\u00e9xico\",\"isPartOf\":{\"@id\":\"https:\/\/noti-america.com\/site\/mexico\/#website\"},\"primaryImageOfPage\":{\"@id\":\"https:\/\/noti-america.com\/site\/mexico\/2018\/12\/24\/aprobacion-del-presupuesto-como-un-regalo-de-navidad-lopez-obrador\/#primaryimage\"},\"image\":{\"@id\":\"https:\/\/noti-america.com\/site\/mexico\/2018\/12\/24\/aprobacion-del-presupuesto-como-un-regalo-de-navidad-lopez-obrador\/#primaryimage\"},\"thumbnailUrl\":\"https:\/\/noti-america.com\/site\/mexico\/wp-content\/uploads\/sites\/13\/2018\/12\/1545253199_039490_1545253347_noticia_normal_recorte1-1.jpg\",\"datePublished\":\"2018-12-24T16:04:15+00:00\",\"breadcrumb\":{\"@id\":\"https:\/\/noti-america.com\/site\/mexico\/2018\/12\/24\/aprobacion-del-presupuesto-como-un-regalo-de-navidad-lopez-obrador\/#breadcrumb\"},\"inLanguage\":\"es\",\"potentialAction\":[{\"@type\":\"ReadAction\",\"target\":[\"https:\/\/noti-america.com\/site\/mexico\/2018\/12\/24\/aprobacion-del-presupuesto-como-un-regalo-de-navidad-lopez-obrador\/\"]}]},{\"@type\":\"ImageObject\",\"inLanguage\":\"es\",\"@id\":\"https:\/\/noti-america.com\/site\/mexico\/2018\/12\/24\/aprobacion-del-presupuesto-como-un-regalo-de-navidad-lopez-obrador\/#primaryimage\",\"url\":\"https:\/\/noti-america.com\/site\/mexico\/wp-content\/uploads\/sites\/13\/2018\/12\/1545253199_039490_1545253347_noticia_normal_recorte1-1.jpg\",\"contentUrl\":\"https:\/\/noti-america.com\/site\/mexico\/wp-content\/uploads\/sites\/13\/2018\/12\/1545253199_039490_1545253347_noticia_normal_recorte1-1.jpg\",\"width\":1960,\"height\":1305},{\"@type\":\"BreadcrumbList\",\"@id\":\"https:\/\/noti-america.com\/site\/mexico\/2018\/12\/24\/aprobacion-del-presupuesto-como-un-regalo-de-navidad-lopez-obrador\/#breadcrumb\",\"itemListElement\":[{\"@type\":\"ListItem\",\"position\":1,\"name\":\"Portada\",\"item\":\"https:\/\/noti-america.com\/site\/mexico\/\"},{\"@type\":\"ListItem\",\"position\":2,\"name\":\"Aprobaci\u00f3n del presupuesto, como un regalo de Navidad: L\u00f3pez Obrador\"}]},{\"@type\":\"WebSite\",\"@id\":\"https:\/\/noti-america.com\/site\/mexico\/#website\",\"url\":\"https:\/\/noti-america.com\/site\/mexico\/\",\"name\":\"M\u00e9xico | Noti-America.com\",\"description\":\"\",\"publisher\":{\"@id\":\"https:\/\/noti-america.com\/site\/mexico\/#organization\"},\"potentialAction\":[{\"@type\":\"SearchAction\",\"target\":{\"@type\":\"EntryPoint\",\"urlTemplate\":\"https:\/\/noti-america.com\/site\/mexico\/?s={search_term_string}\"},\"query-input\":{\"@type\":\"PropertyValueSpecification\",\"valueRequired\":true,\"valueName\":\"search_term_string\"}}],\"inLanguage\":\"es\"},{\"@type\":\"Organization\",\"@id\":\"https:\/\/noti-america.com\/site\/mexico\/#organization\",\"name\":\"Noti-America LLC | M\u00e9xico\",\"url\":\"https:\/\/noti-america.com\/site\/mexico\/\",\"logo\":{\"@type\":\"ImageObject\",\"inLanguage\":\"es\",\"@id\":\"https:\/\/noti-america.com\/site\/mexico\/#\/schema\/logo\/image\/\",\"url\":\"https:\/\/noti-america.com\/site\/mexico\/wp-content\/uploads\/sites\/13\/2020\/07\/LogoNA-4x3-1.jpg\",\"contentUrl\":\"https:\/\/noti-america.com\/site\/mexico\/wp-content\/uploads\/sites\/13\/2020\/07\/LogoNA-4x3-1.jpg\",\"width\":1236,\"height\":1080,\"caption\":\"Noti-America LLC | M\u00e9xico\"},\"image\":{\"@id\":\"https:\/\/noti-america.com\/site\/mexico\/#\/schema\/logo\/image\/\"}},{\"@type\":\"Person\",\"@id\":\"https:\/\/noti-america.com\/site\/mexico\/#\/schema\/person\/db5a6527aaddfc34b3753d557a1292f0\",\"name\":\"Redacci\u00f3n NA-NY\",\"image\":{\"@type\":\"ImageObject\",\"inLanguage\":\"es\",\"@id\":\"https:\/\/secure.gravatar.com\/avatar\/2bd75bb500a8deb1390f777293a9af32d934c46613d2fbac7cceb2aaa2679ae8?s=96&d=mm&r=g\",\"url\":\"https:\/\/secure.gravatar.com\/avatar\/2bd75bb500a8deb1390f777293a9af32d934c46613d2fbac7cceb2aaa2679ae8?s=96&d=mm&r=g\",\"contentUrl\":\"https:\/\/secure.gravatar.com\/avatar\/2bd75bb500a8deb1390f777293a9af32d934c46613d2fbac7cceb2aaa2679ae8?s=96&d=mm&r=g\",\"caption\":\"Redacci\u00f3n NA-NY\"},\"url\":\"https:\/\/noti-america.com\/site\/mexico\/author\/redaccionny\/\"}]}<\/script>\n<!-- \/ Yoast SEO Premium plugin. -->","yoast_head_json":{"title":"Aprobaci\u00f3n del presupuesto, como un regalo de Navidad: L\u00f3pez Obrador - M\u00e9xico","robots":{"index":"index","follow":"follow","max-snippet":"max-snippet:-1","max-image-preview":"max-image-preview:large","max-video-preview":"max-video-preview:-1"},"canonical":"https:\/\/noti-america.com\/site\/mexico\/2018\/12\/24\/aprobacion-del-presupuesto-como-un-regalo-de-navidad-lopez-obrador\/","og_locale":"es_ES","og_type":"article","og_title":"Aprobaci\u00f3n del presupuesto, como un regalo de Navidad: L\u00f3pez Obrador","og_description":"Fuente:\u00a0 www.excelsior.com.mx &nbsp; Tras la aprobaci\u00f3n en lo general del Presupuesto de Egresos de la Federaci\u00f3n (PEF) para 2019, el presidente Andr\u00e9s Manuel L\u00f3pez Obrador calific\u00f3 esta decisi\u00f3n del Congreso como \u201cun regalo de&#46;&#46;&#46;","og_url":"https:\/\/noti-america.com\/site\/mexico\/2018\/12\/24\/aprobacion-del-presupuesto-como-un-regalo-de-navidad-lopez-obrador\/","og_site_name":"M\u00e9xico","article_published_time":"2018-12-24T16:04:15+00:00","og_image":[{"width":1960,"height":1305,"url":"https:\/\/noti-america.com\/site\/mexico\/wp-content\/uploads\/sites\/13\/2018\/12\/1545253199_039490_1545253347_noticia_normal_recorte1-1.jpg","type":"image\/jpeg"}],"author":"Redacci\u00f3n NA-NY","twitter_card":"summary_large_image","twitter_misc":{"Escrito por":"Redacci\u00f3n NA-NY","Tiempo estimado de lectura":"2 minutos"},"schema":{"@context":"https:\/\/schema.org","@graph":[{"@type":"Article","@id":"https:\/\/noti-america.com\/site\/mexico\/2018\/12\/24\/aprobacion-del-presupuesto-como-un-regalo-de-navidad-lopez-obrador\/#article","isPartOf":{"@id":"https:\/\/noti-america.com\/site\/mexico\/2018\/12\/24\/aprobacion-del-presupuesto-como-un-regalo-de-navidad-lopez-obrador\/"},"author":{"name":"Redacci\u00f3n NA-NY","@id":"https:\/\/noti-america.com\/site\/mexico\/#\/schema\/person\/db5a6527aaddfc34b3753d557a1292f0"},"headline":"Aprobaci\u00f3n del presupuesto, como un regalo de Navidad: L\u00f3pez Obrador","datePublished":"2018-12-24T16:04:15+00:00","mainEntityOfPage":{"@id":"https:\/\/noti-america.com\/site\/mexico\/2018\/12\/24\/aprobacion-del-presupuesto-como-un-regalo-de-navidad-lopez-obrador\/"},"wordCount":324,"commentCount":0,"publisher":{"@id":"https:\/\/noti-america.com\/site\/mexico\/#organization"},"image":{"@id":"https:\/\/noti-america.com\/site\/mexico\/2018\/12\/24\/aprobacion-del-presupuesto-como-un-regalo-de-navidad-lopez-obrador\/#primaryimage"},"thumbnailUrl":"https:\/\/noti-america.com\/site\/mexico\/wp-content\/uploads\/sites\/13\/2018\/12\/1545253199_039490_1545253347_noticia_normal_recorte1-1.jpg","keywords":["Aprobaci\u00f3n del presupuesto","como un regalo de Navidad: L\u00f3pez Obrador"],"articleSection":["Uncategorized"],"inLanguage":"es","potentialAction":[{"@type":"CommentAction","name":"Comment","target":["https:\/\/noti-america.com\/site\/mexico\/2018\/12\/24\/aprobacion-del-presupuesto-como-un-regalo-de-navidad-lopez-obrador\/#respond"]}]},{"@type":"WebPage","@id":"https:\/\/noti-america.com\/site\/mexico\/2018\/12\/24\/aprobacion-del-presupuesto-como-un-regalo-de-navidad-lopez-obrador\/","url":"https:\/\/noti-america.com\/site\/mexico\/2018\/12\/24\/aprobacion-del-presupuesto-como-un-regalo-de-navidad-lopez-obrador\/","name":"Aprobaci\u00f3n del presupuesto, como un regalo de Navidad: L\u00f3pez Obrador - M\u00e9xico","isPartOf":{"@id":"https:\/\/noti-america.com\/site\/mexico\/#website"},"primaryImageOfPage":{"@id":"https:\/\/noti-america.com\/site\/mexico\/2018\/12\/24\/aprobacion-del-presupuesto-como-un-regalo-de-navidad-lopez-obrador\/#primaryimage"},"image":{"@id":"https:\/\/noti-america.com\/site\/mexico\/2018\/12\/24\/aprobacion-del-presupuesto-como-un-regalo-de-navidad-lopez-obrador\/#primaryimage"},"thumbnailUrl":"https:\/\/noti-america.com\/site\/mexico\/wp-content\/uploads\/sites\/13\/2018\/12\/1545253199_039490_1545253347_noticia_normal_recorte1-1.jpg","datePublished":"2018-12-24T16:04:15+00:00","breadcrumb":{"@id":"https:\/\/noti-america.com\/site\/mexico\/2018\/12\/24\/aprobacion-del-presupuesto-como-un-regalo-de-navidad-lopez-obrador\/#breadcrumb"},"inLanguage":"es","potentialAction":[{"@type":"ReadAction","target":["https:\/\/noti-america.com\/site\/mexico\/2018\/12\/24\/aprobacion-del-presupuesto-como-un-regalo-de-navidad-lopez-obrador\/"]}]},{"@type":"ImageObject","inLanguage":"es","@id":"https:\/\/noti-america.com\/site\/mexico\/2018\/12\/24\/aprobacion-del-presupuesto-como-un-regalo-de-navidad-lopez-obrador\/#primaryimage","url":"https:\/\/noti-america.com\/site\/mexico\/wp-content\/uploads\/sites\/13\/2018\/12\/1545253199_039490_1545253347_noticia_normal_recorte1-1.jpg","contentUrl":"https:\/\/noti-america.com\/site\/mexico\/wp-content\/uploads\/sites\/13\/2018\/12\/1545253199_039490_1545253347_noticia_normal_recorte1-1.jpg","width":1960,"height":1305},{"@type":"BreadcrumbList","@id":"https:\/\/noti-america.com\/site\/mexico\/2018\/12\/24\/aprobacion-del-presupuesto-como-un-regalo-de-navidad-lopez-obrador\/#breadcrumb","itemListElement":[{"@type":"ListItem","position":1,"name":"Portada","item":"https:\/\/noti-america.com\/site\/mexico\/"},{"@type":"ListItem","position":2,"name":"Aprobaci\u00f3n del presupuesto, como un regalo de Navidad: L\u00f3pez Obrador"}]},{"@type":"WebSite","@id":"https:\/\/noti-america.com\/site\/mexico\/#website","url":"https:\/\/noti-america.com\/site\/mexico\/","name":"M\u00e9xico | Noti-America.com","description":"","publisher":{"@id":"https:\/\/noti-america.com\/site\/mexico\/#organization"},"potentialAction":[{"@type":"SearchAction","target":{"@type":"EntryPoint","urlTemplate":"https:\/\/noti-america.com\/site\/mexico\/?s={search_term_string}"},"query-input":{"@type":"PropertyValueSpecification","valueRequired":true,"valueName":"search_term_string"}}],"inLanguage":"es"},{"@type":"Organization","@id":"https:\/\/noti-america.com\/site\/mexico\/#organization","name":"Noti-America LLC | M\u00e9xico","url":"https:\/\/noti-america.com\/site\/mexico\/","logo":{"@type":"ImageObject","inLanguage":"es","@id":"https:\/\/noti-america.com\/site\/mexico\/#\/schema\/logo\/image\/","url":"https:\/\/noti-america.com\/site\/mexico\/wp-content\/uploads\/sites\/13\/2020\/07\/LogoNA-4x3-1.jpg","contentUrl":"https:\/\/noti-america.com\/site\/mexico\/wp-content\/uploads\/sites\/13\/2020\/07\/LogoNA-4x3-1.jpg","width":1236,"height":1080,"caption":"Noti-America LLC | M\u00e9xico"},"image":{"@id":"https:\/\/noti-america.com\/site\/mexico\/#\/schema\/logo\/image\/"}},{"@type":"Person","@id":"https:\/\/noti-america.com\/site\/mexico\/#\/schema\/person\/db5a6527aaddfc34b3753d557a1292f0","name":"Redacci\u00f3n NA-NY","image":{"@type":"ImageObject","inLanguage":"es","@id":"https:\/\/secure.gravatar.com\/avatar\/2bd75bb500a8deb1390f777293a9af32d934c46613d2fbac7cceb2aaa2679ae8?s=96&d=mm&r=g","url":"https:\/\/secure.gravatar.com\/avatar\/2bd75bb500a8deb1390f777293a9af32d934c46613d2fbac7cceb2aaa2679ae8?s=96&d=mm&r=g","contentUrl":"https:\/\/secure.gravatar.com\/avatar\/2bd75bb500a8deb1390f777293a9af32d934c46613d2fbac7cceb2aaa2679ae8?s=96&d=mm&r=g","caption":"Redacci\u00f3n NA-NY"},"url":"https:\/\/noti-america.com\/site\/mexico\/author\/redaccionny\/"}]}},"_links":{"self":[{"href":"https:\/\/noti-america.com\/site\/mexico\/wp-json\/wp\/v2\/posts\/2005","targetHints":{"allow":["GET"]}}],"collection":[{"href":"https:\/\/noti-america.com\/site\/mexico\/wp-json\/wp\/v2\/posts"}],"about":[{"href":"https:\/\/noti-america.com\/site\/mexico\/wp-json\/wp\/v2\/types\/post"}],"author":[{"embeddable":true,"href":"https:\/\/noti-america.com\/site\/mexico\/wp-json\/wp\/v2\/users\/28"}],"replies":[{"embeddable":true,"href":"https:\/\/noti-america.com\/site\/mexico\/wp-json\/wp\/v2\/comments?post=2005"}],"version-history":[{"count":1,"href":"https:\/\/noti-america.com\/site\/mexico\/wp-json\/wp\/v2\/posts\/2005\/revisions"}],"predecessor-version":[{"id":2007,"href":"https:\/\/noti-america.com\/site\/mexico\/wp-json\/wp\/v2\/posts\/2005\/revisions\/2007"}],"wp:featuredmedia":[{"embeddable":true,"href":"https:\/\/noti-america.com\/site\/mexico\/wp-json\/wp\/v2\/media\/2006"}],"wp:attachment":[{"href":"https:\/\/noti-america.com\/site\/mexico\/wp-json\/wp\/v2\/media?parent=2005"}],"wp:term":[{"taxonomy":"category","embeddable":true,"href":"https:\/\/noti-america.com\/site\/mexico\/wp-json\/wp\/v2\/categories?post=2005"},{"taxonomy":"post_tag","embeddable":true,"href":"https:\/\/noti-america.com\/site\/mexico\/wp-json\/wp\/v2\/tags?post=2005"}],"curies":[{"name":"wp","href":"https:\/\/api.w.org\/{rel}","templated":true}]}}