{"id":2000,"date":"2018-12-24T16:01:12","date_gmt":"2018-12-24T16:01:12","guid":{"rendered":"http:\/\/noti-america.com\/site\/mexico\/?p=2000"},"modified":"2018-12-24T16:01:12","modified_gmt":"2018-12-24T16:01:12","slug":"aumentan-a-373-los-muertos-por-tsunami-en-indonesia","status":"publish","type":"post","link":"https:\/\/noti-america.com\/site\/mexico\/2018\/12\/24\/aumentan-a-373-los-muertos-por-tsunami-en-indonesia\/","title":{"rendered":"Aumentan a 373 los muertos por tsunami en Indonesia"},"content":{"rendered":"<h3><img loading=\"lazy\" decoding=\"async\" class=\"alignnone size-medium wp-image-2001\" src=\"http:\/\/noti-america.com\/site\/mexico\/wp-content\/uploads\/sites\/13\/2018\/12\/2071090-300x225.jpg\" alt=\"\" width=\"300\" height=\"225\" srcset=\"https:\/\/noti-america.com\/site\/mexico\/wp-content\/uploads\/sites\/13\/2018\/12\/2071090-300x225.jpg 300w, https:\/\/noti-america.com\/site\/mexico\/wp-content\/uploads\/sites\/13\/2018\/12\/2071090.jpg 664w\" sizes=\"auto, (max-width: 300px) 100vw, 300px\" \/><\/h3>\n<h3><\/h3>\n<h3><\/h3>\n<h3><\/h3>\n<h3>Fuente:\u00a0\u00a0https:\/\/www.excelsior.com.mx\/<\/h3>\n<p>&nbsp;<\/p>\n<p class=\"letter-capitular\">Al menos\u00a0<strong>373 personas han muerto<\/strong>,\u00a0<strong>128 permanecen desaparecidas<\/strong>\u00a0y\u00a0<strong>mil 459 han resultado heridas<\/strong>\u00a0por el\u00a0<strong>tsunami<\/strong>\u00a0que golpe\u00f3 el s\u00e1bado el\u00a0<strong>estrecho de Sonda<\/strong>, entre las\u00a0<strong>islas indonesias de Sumatra y Java<\/strong>, informaron hoy las autoridades.<\/p>\n<p>Las\u00a0<strong>autoridades<\/strong>\u00a0achacan el\u00a0<strong>maremoto<\/strong>\u00a0que lleg\u00f3 a las<strong>\u00a0playas<\/strong>\u00a0sin activar las alarmas al desplome de parte de la isla donde se encuentra el\u00a0<strong>volc\u00e1n Anak Krakatao<\/strong>, en el citado estrecho, a ra\u00edz de una\u00a0<strong>fuerte erupci\u00f3n<\/strong>.<\/p>\n<p>El da\u00f1o en carreteras y puentes ha dificultado el acceso a los servicios de emergencia a varios puntos de las provincias de Banten -en Java- y Lampung -en Sumatra-, asegura en un comunicado la Agencia Nacional de Gesti\u00f3n de Desastres (BNPB).<\/p>\n<p>M\u00e1s de 5 mil 660 personas se encuentran desplazadas, una reducci\u00f3n significativa sobre los 11 mil 687 que hab\u00eda en el bolet\u00edn anterior, debido a que muchos han regresado a sus hogares.<\/p>\n<p>Los equipos de salvamento contin\u00faan con las labores de b\u00fasqueda con el objetivo de encontrar posibles supervivientes escombros dejados por el tsunami.<\/p>\n<p><span class=\"article-body-balloon\">La cat\u00e1strofe tambi\u00e9n ha causado da\u00f1os en 681 casas, 69 hoteles, m\u00e1s de 400 barcos y decenas de veh\u00edculos.<\/span><\/p>\n<p>En un coche arrastrado hasta la playa de Carita, un grupo de salvamento logra sacar con vida a un ni\u00f1o de cinco a\u00f1os tras m\u00e1s de doce horas atrapado.<\/p>\n<p>Las autoridades han solicitado a los locales que permanezcan alejados de la playa hasta el pr\u00f3ximo mi\u00e9rcoles por si hubiera un segundo maremoto.<\/p>\n<p>El Anak Krakatora, de unos 300 metros de altura y cr\u00e1ter lateral, ha estado entrando en erupci\u00f3n casi a diario en los \u00faltimos tres meses, la \u00faltima fue el domingo pasado cuando expuls\u00f3 una gran columna de humo y ceniza.<\/p>\n<p><img loading=\"lazy\" decoding=\"async\" class=\"alignnone  wp-image-2002\" src=\"http:\/\/noti-america.com\/site\/mexico\/wp-content\/uploads\/sites\/13\/2018\/12\/muertos-indonesia-tsunami24122018nota3-300x200.jpg\" alt=\"\" width=\"483\" height=\"322\" srcset=\"https:\/\/noti-america.com\/site\/mexico\/wp-content\/uploads\/sites\/13\/2018\/12\/muertos-indonesia-tsunami24122018nota3-300x200.jpg 300w, https:\/\/noti-america.com\/site\/mexico\/wp-content\/uploads\/sites\/13\/2018\/12\/muertos-indonesia-tsunami24122018nota3-272x182.jpg 272w, https:\/\/noti-america.com\/site\/mexico\/wp-content\/uploads\/sites\/13\/2018\/12\/muertos-indonesia-tsunami24122018nota3.jpg 480w\" sizes=\"auto, (max-width: 483px) 100vw, 483px\" \/><\/p>\n<p><img loading=\"lazy\" decoding=\"async\" class=\" wp-image-2003 alignright\" src=\"http:\/\/noti-america.com\/site\/mexico\/wp-content\/uploads\/sites\/13\/2018\/12\/muertos-indonesia-tsunami24122018nota4-300x200.jpg\" alt=\"\" width=\"542\" height=\"361\" srcset=\"https:\/\/noti-america.com\/site\/mexico\/wp-content\/uploads\/sites\/13\/2018\/12\/muertos-indonesia-tsunami24122018nota4-300x200.jpg 300w, https:\/\/noti-america.com\/site\/mexico\/wp-content\/uploads\/sites\/13\/2018\/12\/muertos-indonesia-tsunami24122018nota4-272x182.jpg 272w, https:\/\/noti-america.com\/site\/mexico\/wp-content\/uploads\/sites\/13\/2018\/12\/muertos-indonesia-tsunami24122018nota4.jpg 480w\" sizes=\"auto, (max-width: 542px) 100vw, 542px\" \/><\/p>\n","protected":false},"excerpt":{"rendered":"<p>Fuente:\u00a0\u00a0https:\/\/www.excelsior.com.mx\/ &nbsp; Al menos\u00a0373 personas han muerto,\u00a0128 permanecen desaparecidas\u00a0y\u00a0mil 459 han resultado heridas\u00a0por el\u00a0tsunami\u00a0que golpe\u00f3 el s\u00e1bado el\u00a0estrecho de Sonda, entre las\u00a0islas indonesias de Sumatra y Java, informaron hoy las autoridades. Las\u00a0autoridades\u00a0achacan el\u00a0maremoto\u00a0que lleg\u00f3&#46;&#46;&#46;<\/p>\n","protected":false},"author":28,"featured_media":2001,"comment_status":"open","ping_status":"open","sticky":false,"template":"","format":"standard","meta":{"_acf_changed":false,"om_disable_all_campaigns":false,"rop_custom_images_group":[],"rop_custom_messages_group":[],"rop_publish_now":"initial","rop_publish_now_accounts":{"twitter_242054905_242054905":""},"rop_publish_now_history":[],"rop_publish_now_status":"pending","_uf_show_specific_survey":0,"_uf_disable_surveys":false,"footnotes":""},"categories":[4],"tags":[148],"class_list":["post-2000","post","type-post","status-publish","format-standard","has-post-thumbnail","hentry","category-internacionales","tag-aumentan-a-373-los-muertos-por-tsunami-en-indonesia"],"acf":[],"aioseo_notices":[],"yoast_head":"<!-- This site is optimized with the Yoast SEO Premium plugin v24.9 (Yoast SEO v27.2) - https:\/\/yoast.com\/product\/yoast-seo-premium-wordpress\/ -->\n<title>Aumentan a 373 los muertos por tsunami en Indonesia - M\u00e9xico<\/title>\n<meta name=\"robots\" content=\"index, follow, max-snippet:-1, max-image-preview:large, max-video-preview:-1\" \/>\n<link rel=\"canonical\" href=\"https:\/\/noti-america.com\/site\/mexico\/2018\/12\/24\/aumentan-a-373-los-muertos-por-tsunami-en-indonesia\/\" \/>\n<meta property=\"og:locale\" content=\"es_ES\" \/>\n<meta property=\"og:type\" content=\"article\" \/>\n<meta property=\"og:title\" content=\"Aumentan a 373 los muertos por tsunami en Indonesia\" \/>\n<meta property=\"og:description\" content=\"Fuente:\u00a0\u00a0https:\/\/www.excelsior.com.mx\/ &nbsp; Al menos\u00a0373 personas han muerto,\u00a0128 permanecen desaparecidas\u00a0y\u00a0mil 459 han resultado heridas\u00a0por el\u00a0tsunami\u00a0que golpe\u00f3 el s\u00e1bado el\u00a0estrecho de Sonda, entre las\u00a0islas indonesias de Sumatra y Java, informaron hoy las autoridades. Las\u00a0autoridades\u00a0achacan el\u00a0maremoto\u00a0que lleg\u00f3&#046;&#046;&#046;\" \/>\n<meta property=\"og:url\" content=\"https:\/\/noti-america.com\/site\/mexico\/2018\/12\/24\/aumentan-a-373-los-muertos-por-tsunami-en-indonesia\/\" \/>\n<meta property=\"og:site_name\" content=\"M\u00e9xico\" \/>\n<meta property=\"article:published_time\" content=\"2018-12-24T16:01:12+00:00\" \/>\n<meta property=\"og:image\" content=\"https:\/\/noti-america.com\/site\/mexico\/wp-content\/uploads\/sites\/13\/2018\/12\/2071090.jpg\" \/>\n\t<meta property=\"og:image:width\" content=\"664\" \/>\n\t<meta property=\"og:image:height\" content=\"498\" \/>\n\t<meta property=\"og:image:type\" content=\"image\/jpeg\" \/>\n<meta name=\"author\" content=\"Redacci\u00f3n NA-NY\" \/>\n<meta name=\"twitter:card\" content=\"summary_large_image\" \/>\n<meta name=\"twitter:label1\" content=\"Escrito por\" \/>\n\t<meta name=\"twitter:data1\" content=\"Redacci\u00f3n NA-NY\" \/>\n\t<meta name=\"twitter:label2\" content=\"Tiempo estimado de lectura\" \/>\n\t<meta name=\"twitter:data2\" content=\"2 minutos\" \/>\n<script type=\"application\/ld+json\" class=\"yoast-schema-graph\">{\"@context\":\"https:\/\/schema.org\",\"@graph\":[{\"@type\":\"Article\",\"@id\":\"https:\/\/noti-america.com\/site\/mexico\/2018\/12\/24\/aumentan-a-373-los-muertos-por-tsunami-en-indonesia\/#article\",\"isPartOf\":{\"@id\":\"https:\/\/noti-america.com\/site\/mexico\/2018\/12\/24\/aumentan-a-373-los-muertos-por-tsunami-en-indonesia\/\"},\"author\":{\"name\":\"Redacci\u00f3n NA-NY\",\"@id\":\"https:\/\/noti-america.com\/site\/mexico\/#\/schema\/person\/db5a6527aaddfc34b3753d557a1292f0\"},\"headline\":\"Aumentan a 373 los muertos por tsunami en Indonesia\",\"datePublished\":\"2018-12-24T16:01:12+00:00\",\"mainEntityOfPage\":{\"@id\":\"https:\/\/noti-america.com\/site\/mexico\/2018\/12\/24\/aumentan-a-373-los-muertos-por-tsunami-en-indonesia\/\"},\"wordCount\":310,\"commentCount\":0,\"publisher\":{\"@id\":\"https:\/\/noti-america.com\/site\/mexico\/#organization\"},\"image\":{\"@id\":\"https:\/\/noti-america.com\/site\/mexico\/2018\/12\/24\/aumentan-a-373-los-muertos-por-tsunami-en-indonesia\/#primaryimage\"},\"thumbnailUrl\":\"https:\/\/noti-america.com\/site\/mexico\/wp-content\/uploads\/sites\/13\/2018\/12\/2071090.jpg\",\"keywords\":[\"Aumentan a 373 los muertos por tsunami en Indonesia\"],\"articleSection\":[\"Internacionales\"],\"inLanguage\":\"es\",\"potentialAction\":[{\"@type\":\"CommentAction\",\"name\":\"Comment\",\"target\":[\"https:\/\/noti-america.com\/site\/mexico\/2018\/12\/24\/aumentan-a-373-los-muertos-por-tsunami-en-indonesia\/#respond\"]}]},{\"@type\":\"WebPage\",\"@id\":\"https:\/\/noti-america.com\/site\/mexico\/2018\/12\/24\/aumentan-a-373-los-muertos-por-tsunami-en-indonesia\/\",\"url\":\"https:\/\/noti-america.com\/site\/mexico\/2018\/12\/24\/aumentan-a-373-los-muertos-por-tsunami-en-indonesia\/\",\"name\":\"Aumentan a 373 los muertos por tsunami en Indonesia - M\u00e9xico\",\"isPartOf\":{\"@id\":\"https:\/\/noti-america.com\/site\/mexico\/#website\"},\"primaryImageOfPage\":{\"@id\":\"https:\/\/noti-america.com\/site\/mexico\/2018\/12\/24\/aumentan-a-373-los-muertos-por-tsunami-en-indonesia\/#primaryimage\"},\"image\":{\"@id\":\"https:\/\/noti-america.com\/site\/mexico\/2018\/12\/24\/aumentan-a-373-los-muertos-por-tsunami-en-indonesia\/#primaryimage\"},\"thumbnailUrl\":\"https:\/\/noti-america.com\/site\/mexico\/wp-content\/uploads\/sites\/13\/2018\/12\/2071090.jpg\",\"datePublished\":\"2018-12-24T16:01:12+00:00\",\"breadcrumb\":{\"@id\":\"https:\/\/noti-america.com\/site\/mexico\/2018\/12\/24\/aumentan-a-373-los-muertos-por-tsunami-en-indonesia\/#breadcrumb\"},\"inLanguage\":\"es\",\"potentialAction\":[{\"@type\":\"ReadAction\",\"target\":[\"https:\/\/noti-america.com\/site\/mexico\/2018\/12\/24\/aumentan-a-373-los-muertos-por-tsunami-en-indonesia\/\"]}]},{\"@type\":\"ImageObject\",\"inLanguage\":\"es\",\"@id\":\"https:\/\/noti-america.com\/site\/mexico\/2018\/12\/24\/aumentan-a-373-los-muertos-por-tsunami-en-indonesia\/#primaryimage\",\"url\":\"https:\/\/noti-america.com\/site\/mexico\/wp-content\/uploads\/sites\/13\/2018\/12\/2071090.jpg\",\"contentUrl\":\"https:\/\/noti-america.com\/site\/mexico\/wp-content\/uploads\/sites\/13\/2018\/12\/2071090.jpg\",\"width\":664,\"height\":498},{\"@type\":\"BreadcrumbList\",\"@id\":\"https:\/\/noti-america.com\/site\/mexico\/2018\/12\/24\/aumentan-a-373-los-muertos-por-tsunami-en-indonesia\/#breadcrumb\",\"itemListElement\":[{\"@type\":\"ListItem\",\"position\":1,\"name\":\"Portada\",\"item\":\"https:\/\/noti-america.com\/site\/mexico\/\"},{\"@type\":\"ListItem\",\"position\":2,\"name\":\"Aumentan a 373 los muertos por tsunami en Indonesia\"}]},{\"@type\":\"WebSite\",\"@id\":\"https:\/\/noti-america.com\/site\/mexico\/#website\",\"url\":\"https:\/\/noti-america.com\/site\/mexico\/\",\"name\":\"M\u00e9xico | Noti-America.com\",\"description\":\"\",\"publisher\":{\"@id\":\"https:\/\/noti-america.com\/site\/mexico\/#organization\"},\"potentialAction\":[{\"@type\":\"SearchAction\",\"target\":{\"@type\":\"EntryPoint\",\"urlTemplate\":\"https:\/\/noti-america.com\/site\/mexico\/?s={search_term_string}\"},\"query-input\":{\"@type\":\"PropertyValueSpecification\",\"valueRequired\":true,\"valueName\":\"search_term_string\"}}],\"inLanguage\":\"es\"},{\"@type\":\"Organization\",\"@id\":\"https:\/\/noti-america.com\/site\/mexico\/#organization\",\"name\":\"Noti-America LLC | M\u00e9xico\",\"url\":\"https:\/\/noti-america.com\/site\/mexico\/\",\"logo\":{\"@type\":\"ImageObject\",\"inLanguage\":\"es\",\"@id\":\"https:\/\/noti-america.com\/site\/mexico\/#\/schema\/logo\/image\/\",\"url\":\"https:\/\/noti-america.com\/site\/mexico\/wp-content\/uploads\/sites\/13\/2020\/07\/LogoNA-4x3-1.jpg\",\"contentUrl\":\"https:\/\/noti-america.com\/site\/mexico\/wp-content\/uploads\/sites\/13\/2020\/07\/LogoNA-4x3-1.jpg\",\"width\":1236,\"height\":1080,\"caption\":\"Noti-America LLC | M\u00e9xico\"},\"image\":{\"@id\":\"https:\/\/noti-america.com\/site\/mexico\/#\/schema\/logo\/image\/\"}},{\"@type\":\"Person\",\"@id\":\"https:\/\/noti-america.com\/site\/mexico\/#\/schema\/person\/db5a6527aaddfc34b3753d557a1292f0\",\"name\":\"Redacci\u00f3n NA-NY\",\"image\":{\"@type\":\"ImageObject\",\"inLanguage\":\"es\",\"@id\":\"https:\/\/secure.gravatar.com\/avatar\/2bd75bb500a8deb1390f777293a9af32d934c46613d2fbac7cceb2aaa2679ae8?s=96&d=mm&r=g\",\"url\":\"https:\/\/secure.gravatar.com\/avatar\/2bd75bb500a8deb1390f777293a9af32d934c46613d2fbac7cceb2aaa2679ae8?s=96&d=mm&r=g\",\"contentUrl\":\"https:\/\/secure.gravatar.com\/avatar\/2bd75bb500a8deb1390f777293a9af32d934c46613d2fbac7cceb2aaa2679ae8?s=96&d=mm&r=g\",\"caption\":\"Redacci\u00f3n NA-NY\"},\"url\":\"https:\/\/noti-america.com\/site\/mexico\/author\/redaccionny\/\"}]}<\/script>\n<!-- \/ Yoast SEO Premium plugin. -->","yoast_head_json":{"title":"Aumentan a 373 los muertos por tsunami en Indonesia - M\u00e9xico","robots":{"index":"index","follow":"follow","max-snippet":"max-snippet:-1","max-image-preview":"max-image-preview:large","max-video-preview":"max-video-preview:-1"},"canonical":"https:\/\/noti-america.com\/site\/mexico\/2018\/12\/24\/aumentan-a-373-los-muertos-por-tsunami-en-indonesia\/","og_locale":"es_ES","og_type":"article","og_title":"Aumentan a 373 los muertos por tsunami en Indonesia","og_description":"Fuente:\u00a0\u00a0https:\/\/www.excelsior.com.mx\/ &nbsp; Al menos\u00a0373 personas han muerto,\u00a0128 permanecen desaparecidas\u00a0y\u00a0mil 459 han resultado heridas\u00a0por el\u00a0tsunami\u00a0que golpe\u00f3 el s\u00e1bado el\u00a0estrecho de Sonda, entre las\u00a0islas indonesias de Sumatra y Java, informaron hoy las autoridades. Las\u00a0autoridades\u00a0achacan el\u00a0maremoto\u00a0que lleg\u00f3&#46;&#46;&#46;","og_url":"https:\/\/noti-america.com\/site\/mexico\/2018\/12\/24\/aumentan-a-373-los-muertos-por-tsunami-en-indonesia\/","og_site_name":"M\u00e9xico","article_published_time":"2018-12-24T16:01:12+00:00","og_image":[{"width":664,"height":498,"url":"https:\/\/noti-america.com\/site\/mexico\/wp-content\/uploads\/sites\/13\/2018\/12\/2071090.jpg","type":"image\/jpeg"}],"author":"Redacci\u00f3n NA-NY","twitter_card":"summary_large_image","twitter_misc":{"Escrito por":"Redacci\u00f3n NA-NY","Tiempo estimado de lectura":"2 minutos"},"schema":{"@context":"https:\/\/schema.org","@graph":[{"@type":"Article","@id":"https:\/\/noti-america.com\/site\/mexico\/2018\/12\/24\/aumentan-a-373-los-muertos-por-tsunami-en-indonesia\/#article","isPartOf":{"@id":"https:\/\/noti-america.com\/site\/mexico\/2018\/12\/24\/aumentan-a-373-los-muertos-por-tsunami-en-indonesia\/"},"author":{"name":"Redacci\u00f3n NA-NY","@id":"https:\/\/noti-america.com\/site\/mexico\/#\/schema\/person\/db5a6527aaddfc34b3753d557a1292f0"},"headline":"Aumentan a 373 los muertos por tsunami en Indonesia","datePublished":"2018-12-24T16:01:12+00:00","mainEntityOfPage":{"@id":"https:\/\/noti-america.com\/site\/mexico\/2018\/12\/24\/aumentan-a-373-los-muertos-por-tsunami-en-indonesia\/"},"wordCount":310,"commentCount":0,"publisher":{"@id":"https:\/\/noti-america.com\/site\/mexico\/#organization"},"image":{"@id":"https:\/\/noti-america.com\/site\/mexico\/2018\/12\/24\/aumentan-a-373-los-muertos-por-tsunami-en-indonesia\/#primaryimage"},"thumbnailUrl":"https:\/\/noti-america.com\/site\/mexico\/wp-content\/uploads\/sites\/13\/2018\/12\/2071090.jpg","keywords":["Aumentan a 373 los muertos por tsunami en Indonesia"],"articleSection":["Internacionales"],"inLanguage":"es","potentialAction":[{"@type":"CommentAction","name":"Comment","target":["https:\/\/noti-america.com\/site\/mexico\/2018\/12\/24\/aumentan-a-373-los-muertos-por-tsunami-en-indonesia\/#respond"]}]},{"@type":"WebPage","@id":"https:\/\/noti-america.com\/site\/mexico\/2018\/12\/24\/aumentan-a-373-los-muertos-por-tsunami-en-indonesia\/","url":"https:\/\/noti-america.com\/site\/mexico\/2018\/12\/24\/aumentan-a-373-los-muertos-por-tsunami-en-indonesia\/","name":"Aumentan a 373 los muertos por tsunami en Indonesia - M\u00e9xico","isPartOf":{"@id":"https:\/\/noti-america.com\/site\/mexico\/#website"},"primaryImageOfPage":{"@id":"https:\/\/noti-america.com\/site\/mexico\/2018\/12\/24\/aumentan-a-373-los-muertos-por-tsunami-en-indonesia\/#primaryimage"},"image":{"@id":"https:\/\/noti-america.com\/site\/mexico\/2018\/12\/24\/aumentan-a-373-los-muertos-por-tsunami-en-indonesia\/#primaryimage"},"thumbnailUrl":"https:\/\/noti-america.com\/site\/mexico\/wp-content\/uploads\/sites\/13\/2018\/12\/2071090.jpg","datePublished":"2018-12-24T16:01:12+00:00","breadcrumb":{"@id":"https:\/\/noti-america.com\/site\/mexico\/2018\/12\/24\/aumentan-a-373-los-muertos-por-tsunami-en-indonesia\/#breadcrumb"},"inLanguage":"es","potentialAction":[{"@type":"ReadAction","target":["https:\/\/noti-america.com\/site\/mexico\/2018\/12\/24\/aumentan-a-373-los-muertos-por-tsunami-en-indonesia\/"]}]},{"@type":"ImageObject","inLanguage":"es","@id":"https:\/\/noti-america.com\/site\/mexico\/2018\/12\/24\/aumentan-a-373-los-muertos-por-tsunami-en-indonesia\/#primaryimage","url":"https:\/\/noti-america.com\/site\/mexico\/wp-content\/uploads\/sites\/13\/2018\/12\/2071090.jpg","contentUrl":"https:\/\/noti-america.com\/site\/mexico\/wp-content\/uploads\/sites\/13\/2018\/12\/2071090.jpg","width":664,"height":498},{"@type":"BreadcrumbList","@id":"https:\/\/noti-america.com\/site\/mexico\/2018\/12\/24\/aumentan-a-373-los-muertos-por-tsunami-en-indonesia\/#breadcrumb","itemListElement":[{"@type":"ListItem","position":1,"name":"Portada","item":"https:\/\/noti-america.com\/site\/mexico\/"},{"@type":"ListItem","position":2,"name":"Aumentan a 373 los muertos por tsunami en Indonesia"}]},{"@type":"WebSite","@id":"https:\/\/noti-america.com\/site\/mexico\/#website","url":"https:\/\/noti-america.com\/site\/mexico\/","name":"M\u00e9xico | Noti-America.com","description":"","publisher":{"@id":"https:\/\/noti-america.com\/site\/mexico\/#organization"},"potentialAction":[{"@type":"SearchAction","target":{"@type":"EntryPoint","urlTemplate":"https:\/\/noti-america.com\/site\/mexico\/?s={search_term_string}"},"query-input":{"@type":"PropertyValueSpecification","valueRequired":true,"valueName":"search_term_string"}}],"inLanguage":"es"},{"@type":"Organization","@id":"https:\/\/noti-america.com\/site\/mexico\/#organization","name":"Noti-America LLC | M\u00e9xico","url":"https:\/\/noti-america.com\/site\/mexico\/","logo":{"@type":"ImageObject","inLanguage":"es","@id":"https:\/\/noti-america.com\/site\/mexico\/#\/schema\/logo\/image\/","url":"https:\/\/noti-america.com\/site\/mexico\/wp-content\/uploads\/sites\/13\/2020\/07\/LogoNA-4x3-1.jpg","contentUrl":"https:\/\/noti-america.com\/site\/mexico\/wp-content\/uploads\/sites\/13\/2020\/07\/LogoNA-4x3-1.jpg","width":1236,"height":1080,"caption":"Noti-America LLC | M\u00e9xico"},"image":{"@id":"https:\/\/noti-america.com\/site\/mexico\/#\/schema\/logo\/image\/"}},{"@type":"Person","@id":"https:\/\/noti-america.com\/site\/mexico\/#\/schema\/person\/db5a6527aaddfc34b3753d557a1292f0","name":"Redacci\u00f3n NA-NY","image":{"@type":"ImageObject","inLanguage":"es","@id":"https:\/\/secure.gravatar.com\/avatar\/2bd75bb500a8deb1390f777293a9af32d934c46613d2fbac7cceb2aaa2679ae8?s=96&d=mm&r=g","url":"https:\/\/secure.gravatar.com\/avatar\/2bd75bb500a8deb1390f777293a9af32d934c46613d2fbac7cceb2aaa2679ae8?s=96&d=mm&r=g","contentUrl":"https:\/\/secure.gravatar.com\/avatar\/2bd75bb500a8deb1390f777293a9af32d934c46613d2fbac7cceb2aaa2679ae8?s=96&d=mm&r=g","caption":"Redacci\u00f3n NA-NY"},"url":"https:\/\/noti-america.com\/site\/mexico\/author\/redaccionny\/"}]}},"_links":{"self":[{"href":"https:\/\/noti-america.com\/site\/mexico\/wp-json\/wp\/v2\/posts\/2000","targetHints":{"allow":["GET"]}}],"collection":[{"href":"https:\/\/noti-america.com\/site\/mexico\/wp-json\/wp\/v2\/posts"}],"about":[{"href":"https:\/\/noti-america.com\/site\/mexico\/wp-json\/wp\/v2\/types\/post"}],"author":[{"embeddable":true,"href":"https:\/\/noti-america.com\/site\/mexico\/wp-json\/wp\/v2\/users\/28"}],"replies":[{"embeddable":true,"href":"https:\/\/noti-america.com\/site\/mexico\/wp-json\/wp\/v2\/comments?post=2000"}],"version-history":[{"count":1,"href":"https:\/\/noti-america.com\/site\/mexico\/wp-json\/wp\/v2\/posts\/2000\/revisions"}],"predecessor-version":[{"id":2004,"href":"https:\/\/noti-america.com\/site\/mexico\/wp-json\/wp\/v2\/posts\/2000\/revisions\/2004"}],"wp:featuredmedia":[{"embeddable":true,"href":"https:\/\/noti-america.com\/site\/mexico\/wp-json\/wp\/v2\/media\/2001"}],"wp:attachment":[{"href":"https:\/\/noti-america.com\/site\/mexico\/wp-json\/wp\/v2\/media?parent=2000"}],"wp:term":[{"taxonomy":"category","embeddable":true,"href":"https:\/\/noti-america.com\/site\/mexico\/wp-json\/wp\/v2\/categories?post=2000"},{"taxonomy":"post_tag","embeddable":true,"href":"https:\/\/noti-america.com\/site\/mexico\/wp-json\/wp\/v2\/tags?post=2000"}],"curies":[{"name":"wp","href":"https:\/\/api.w.org\/{rel}","templated":true}]}}