{"id":1948,"date":"2018-12-21T03:42:24","date_gmt":"2018-12-21T03:42:24","guid":{"rendered":"http:\/\/noti-america.com\/site\/mexico\/?p=1948"},"modified":"2018-12-21T03:42:24","modified_gmt":"2018-12-21T03:42:24","slug":"la-marea-humana","status":"publish","type":"post","link":"https:\/\/noti-america.com\/site\/mexico\/2018\/12\/21\/la-marea-humana\/","title":{"rendered":"La marea humana"},"content":{"rendered":"<p><img loading=\"lazy\" decoding=\"async\" class=\" wp-image-1949 aligncenter\" src=\"http:\/\/noti-america.com\/site\/mexico\/wp-content\/uploads\/sites\/13\/2018\/12\/g-300x201.jpg\" alt=\"\" width=\"463\" height=\"310\" srcset=\"https:\/\/noti-america.com\/site\/mexico\/wp-content\/uploads\/sites\/13\/2018\/12\/g-300x201.jpg 300w, https:\/\/noti-america.com\/site\/mexico\/wp-content\/uploads\/sites\/13\/2018\/12\/g-768x514.jpg 768w, https:\/\/noti-america.com\/site\/mexico\/wp-content\/uploads\/sites\/13\/2018\/12\/g-1024x685.jpg 1024w, https:\/\/noti-america.com\/site\/mexico\/wp-content\/uploads\/sites\/13\/2018\/12\/g-272x182.jpg 272w, https:\/\/noti-america.com\/site\/mexico\/wp-content\/uploads\/sites\/13\/2018\/12\/g.jpg 1960w\" sizes=\"auto, (max-width: 463px) 100vw, 463px\" \/><\/p>\n<p>&nbsp;<\/p>\n<p>&nbsp;<\/p>\n<h3>Fuente:\u00a0\u00a0https:\/\/elpais.com\/internacional<\/h3>\n<p>&nbsp;<\/p>\n<p>La explosi\u00f3n demogr\u00e1fica amenaza directa o indirectamente al mundo entero, aun a los pa\u00edses desarrollados con todo y sus despensas saturadas de v\u00edveres y sus impresionantes\u00a0<em>PIB&#8217;S<\/em>. Veamos: en 1930 el planeta tierra contaba con 2.000 millones de habitantes. En 1976 alcanzamos la aterradora cifra de 4.000 millones y hoy en d\u00eda rebasamos los 7.300 millones. Los estudiosos de la materia sostienen que al terminar el siglo XXI superaremos sobradamente los 10.000 millones de personas sin haber aumentado en la misma proporci\u00f3n la existencia de agua dulce ni las posibilidades de empleo y bienestar.<\/p>\n<p>El crecimiento demogr\u00e1fico no lo acaparan los pa\u00edses con ahorro interno, capital, trabajo, c\u00f3modos est\u00e1ndares de vida, instalaciones sanitarias adecuadas, drenaje, escuelas, transportes, satisfactores culturales y materiales: no, lo acaparan masas de iletrados, desnutridos y desesperanzados provenientes de algunos pa\u00edses de \u00c1frica, de Am\u00e9rica Central, de Asia y de Asia menor, inmigrantes, cuyos bienes se reducen al espacio donde pernoctan y pasan la vida so\u00f1ando en disfrutar los niveles de bienestar de los pa\u00edses integrantes del \u201cClub de los ricos\u201d. En su angustia traspasan fronteras en busca de la esperanza.<\/p>\n<p>Las potencias econ\u00f3micas tendr\u00e1n que velar por el bienestar de Am\u00e9rica Latina, Asia y \u00c1frica, compartiendo su capacidad financiera, su experiencia, su capital y su tecnolog\u00eda, para arraigar en sus pa\u00edses de origen a los futuros inmigrantes mediante la creaci\u00f3n de fuentes de empleo, ejecutando coinversiones conjuntas en materia ecol\u00f3gica orientadas a frenar el deterioro ambiental producto de la indolencia y la ignorancia que erosionan los territorios de sus pa\u00edses. Al hacerlos inhabitables o al estallar las guerras civiles o surgir las crisis econ\u00f3micas o pol\u00edticas, se produce el \u00e9xodo rumbo a nuevos horizontes&#8230; Las econom\u00edas desarrolladas deben ayudar a desmantelar la bomba demogr\u00e1fica del tercer mundo, propiciar la erradicaci\u00f3n del analfabetismo y la insalubridad mediante precisas estrategias de auxilio. En resumen: a pesar de las consecuencias pol\u00edticas, econ\u00f3micas y sociales que ello pueda ocasionar deben ceder parte de su ahorro p\u00fablico, sacrificar las tasas de crecimiento dom\u00e9sticas en beneficio de su propia estabilidad antes de que contin\u00fae la invasi\u00f3n de las calles europeas y norteamericanas y las circunstancias compliquen la convivencia civilizada.<\/p>\n<p>El colonialismo de los siglos XVIII y XIX exige ahora a Holanda, a B\u00e9lgica, a Francia, a Reino Unido, inclusive a Espa\u00f1a y a Portugal, unas compensaciones fundadas en un sentimiento de derecho a la inmigraci\u00f3n y a la ayuda por parte de sus antiguos s\u00fabditos. El caos pol\u00edtico y c\u00edvico que propici\u00f3 Estados Unidos en Panam\u00e1, su participaci\u00f3n cubierta o encubierta en la destrucci\u00f3n de El Salvador, los alcances de una Nicaragua devastada por la guerra civil y la intransigencia internacional, una Honduras entendida como\u00a0<em>Headquarters<\/em>\u00a0de la intelligentzia militar norteamericana en la regi\u00f3n, la presencia de una Cuba y de un Hait\u00ed hundidos en la miseria, sumados a las peligrosas tasas de crecimiento demogr\u00e1fico regionales, a la ignorancia, al hambre y al analfabetismo y la insalubridad, bien pueden representar el cobro de una vieja factura que tendr\u00e1 que liquidar Estados Unidos luchando contra una serie de invasiones cada vez mayores derivadas en buena parte de sus recurrentes actos de intervenci\u00f3n en Am\u00e9rica Central que propiciaron la destrucci\u00f3n de las econom\u00edas, de las estructuras pol\u00edticas y de la moral local en los llamados despectivamente \u00ab<em>Banana Countries<\/em>\u00ab.<\/p>\n<p>La pol\u00edtica exterior norteamericana en Centroam\u00e9rica se ve reflejada actualmente en su frontera sur. El hambre y la ignorancia, las miserias demogr\u00e1ficas y econ\u00f3micas de la mayor\u00eda de los pa\u00edses de Am\u00e9rica Central llaman a su puerta en busca de la satisfacci\u00f3n de apremiantes necesidades.<\/p>\n<p>En el M\u00e9xico de 1950 \u00e9ramos 25 millones de mexicanos: en el 2018 llegamos a 130&#8230; M\u00e9xico ha logrado reducir sus tasas de crecimiento demogr\u00e1fico muy a pesar de la resistencia de la iglesia apost\u00f3lica y romana, sin embargo, sobreviven 50 millones de mexicanos en la pobreza. La marea humana del siglo XX fue de tal intensidad que fue imposible dotar de aulas, empleo, camas de hospital y obras de infraestructura a la poblaci\u00f3n que arrasaba como un furioso hurac\u00e1n las posibilidades de bienestar de la naci\u00f3n. \u00bfFall\u00f3 el neoliberalismo? No, fall\u00f3 la planeaci\u00f3n demogr\u00e1fica que devast\u00f3 la realidad a su paso&#8230;<\/p>\n","protected":false},"excerpt":{"rendered":"<p>&nbsp; &nbsp; Fuente:\u00a0\u00a0https:\/\/elpais.com\/internacional &nbsp; La explosi\u00f3n demogr\u00e1fica amenaza directa o indirectamente al mundo entero, aun a los pa\u00edses desarrollados con todo y sus despensas saturadas de v\u00edveres y sus impresionantes\u00a0PIB&#8217;S. Veamos: en 1930 el&#46;&#46;&#46;<\/p>\n","protected":false},"author":28,"featured_media":1949,"comment_status":"open","ping_status":"open","sticky":false,"template":"","format":"standard","meta":{"_acf_changed":false,"om_disable_all_campaigns":false,"rop_custom_images_group":[],"rop_custom_messages_group":[],"rop_publish_now":"initial","rop_publish_now_accounts":{"twitter_242054905_242054905":""},"rop_publish_now_history":[],"rop_publish_now_status":"pending","_uf_show_specific_survey":0,"_uf_disable_surveys":false,"footnotes":""},"categories":[5,4],"tags":[142],"class_list":["post-1948","post","type-post","status-publish","format-standard","has-post-thumbnail","hentry","category-economia","category-internacionales","tag-la-marea-humana"],"acf":[],"aioseo_notices":[],"yoast_head":"<!-- This site is optimized with the Yoast SEO Premium plugin v24.9 (Yoast SEO v27.2) - https:\/\/yoast.com\/product\/yoast-seo-premium-wordpress\/ -->\n<title>La marea humana - M\u00e9xico<\/title>\n<meta name=\"robots\" content=\"index, follow, max-snippet:-1, max-image-preview:large, max-video-preview:-1\" \/>\n<link rel=\"canonical\" href=\"https:\/\/noti-america.com\/site\/mexico\/2018\/12\/21\/la-marea-humana\/\" \/>\n<meta property=\"og:locale\" content=\"es_ES\" \/>\n<meta property=\"og:type\" content=\"article\" \/>\n<meta property=\"og:title\" content=\"La marea humana\" \/>\n<meta property=\"og:description\" content=\"&nbsp; &nbsp; Fuente:\u00a0\u00a0https:\/\/elpais.com\/internacional &nbsp; La explosi\u00f3n demogr\u00e1fica amenaza directa o indirectamente al mundo entero, aun a los pa\u00edses desarrollados con todo y sus despensas saturadas de v\u00edveres y sus impresionantes\u00a0PIB&#8217;S. Veamos: en 1930 el&#046;&#046;&#046;\" \/>\n<meta property=\"og:url\" content=\"https:\/\/noti-america.com\/site\/mexico\/2018\/12\/21\/la-marea-humana\/\" \/>\n<meta property=\"og:site_name\" content=\"M\u00e9xico\" \/>\n<meta property=\"article:published_time\" content=\"2018-12-21T03:42:24+00:00\" \/>\n<meta property=\"og:image\" content=\"https:\/\/noti-america.com\/site\/mexico\/wp-content\/uploads\/sites\/13\/2018\/12\/g.jpg\" \/>\n\t<meta property=\"og:image:width\" content=\"1960\" \/>\n\t<meta property=\"og:image:height\" content=\"1312\" \/>\n\t<meta property=\"og:image:type\" content=\"image\/jpeg\" \/>\n<meta name=\"author\" content=\"Redacci\u00f3n NA-NY\" \/>\n<meta name=\"twitter:card\" content=\"summary_large_image\" \/>\n<meta name=\"twitter:label1\" content=\"Escrito por\" \/>\n\t<meta name=\"twitter:data1\" content=\"Redacci\u00f3n NA-NY\" \/>\n\t<meta name=\"twitter:label2\" content=\"Tiempo estimado de lectura\" \/>\n\t<meta name=\"twitter:data2\" content=\"4 minutos\" \/>\n<script type=\"application\/ld+json\" class=\"yoast-schema-graph\">{\"@context\":\"https:\/\/schema.org\",\"@graph\":[{\"@type\":\"Article\",\"@id\":\"https:\/\/noti-america.com\/site\/mexico\/2018\/12\/21\/la-marea-humana\/#article\",\"isPartOf\":{\"@id\":\"https:\/\/noti-america.com\/site\/mexico\/2018\/12\/21\/la-marea-humana\/\"},\"author\":{\"name\":\"Redacci\u00f3n NA-NY\",\"@id\":\"https:\/\/noti-america.com\/site\/mexico\/#\/schema\/person\/db5a6527aaddfc34b3753d557a1292f0\"},\"headline\":\"La marea humana\",\"datePublished\":\"2018-12-21T03:42:24+00:00\",\"mainEntityOfPage\":{\"@id\":\"https:\/\/noti-america.com\/site\/mexico\/2018\/12\/21\/la-marea-humana\/\"},\"wordCount\":757,\"commentCount\":0,\"publisher\":{\"@id\":\"https:\/\/noti-america.com\/site\/mexico\/#organization\"},\"image\":{\"@id\":\"https:\/\/noti-america.com\/site\/mexico\/2018\/12\/21\/la-marea-humana\/#primaryimage\"},\"thumbnailUrl\":\"https:\/\/noti-america.com\/site\/mexico\/wp-content\/uploads\/sites\/13\/2018\/12\/g.jpg\",\"keywords\":[\"La marea humana\"],\"articleSection\":[\"Econom\u00eda\",\"Internacionales\"],\"inLanguage\":\"es\",\"potentialAction\":[{\"@type\":\"CommentAction\",\"name\":\"Comment\",\"target\":[\"https:\/\/noti-america.com\/site\/mexico\/2018\/12\/21\/la-marea-humana\/#respond\"]}]},{\"@type\":\"WebPage\",\"@id\":\"https:\/\/noti-america.com\/site\/mexico\/2018\/12\/21\/la-marea-humana\/\",\"url\":\"https:\/\/noti-america.com\/site\/mexico\/2018\/12\/21\/la-marea-humana\/\",\"name\":\"La marea humana - M\u00e9xico\",\"isPartOf\":{\"@id\":\"https:\/\/noti-america.com\/site\/mexico\/#website\"},\"primaryImageOfPage\":{\"@id\":\"https:\/\/noti-america.com\/site\/mexico\/2018\/12\/21\/la-marea-humana\/#primaryimage\"},\"image\":{\"@id\":\"https:\/\/noti-america.com\/site\/mexico\/2018\/12\/21\/la-marea-humana\/#primaryimage\"},\"thumbnailUrl\":\"https:\/\/noti-america.com\/site\/mexico\/wp-content\/uploads\/sites\/13\/2018\/12\/g.jpg\",\"datePublished\":\"2018-12-21T03:42:24+00:00\",\"breadcrumb\":{\"@id\":\"https:\/\/noti-america.com\/site\/mexico\/2018\/12\/21\/la-marea-humana\/#breadcrumb\"},\"inLanguage\":\"es\",\"potentialAction\":[{\"@type\":\"ReadAction\",\"target\":[\"https:\/\/noti-america.com\/site\/mexico\/2018\/12\/21\/la-marea-humana\/\"]}]},{\"@type\":\"ImageObject\",\"inLanguage\":\"es\",\"@id\":\"https:\/\/noti-america.com\/site\/mexico\/2018\/12\/21\/la-marea-humana\/#primaryimage\",\"url\":\"https:\/\/noti-america.com\/site\/mexico\/wp-content\/uploads\/sites\/13\/2018\/12\/g.jpg\",\"contentUrl\":\"https:\/\/noti-america.com\/site\/mexico\/wp-content\/uploads\/sites\/13\/2018\/12\/g.jpg\",\"width\":1960,\"height\":1312},{\"@type\":\"BreadcrumbList\",\"@id\":\"https:\/\/noti-america.com\/site\/mexico\/2018\/12\/21\/la-marea-humana\/#breadcrumb\",\"itemListElement\":[{\"@type\":\"ListItem\",\"position\":1,\"name\":\"Portada\",\"item\":\"https:\/\/noti-america.com\/site\/mexico\/\"},{\"@type\":\"ListItem\",\"position\":2,\"name\":\"La marea humana\"}]},{\"@type\":\"WebSite\",\"@id\":\"https:\/\/noti-america.com\/site\/mexico\/#website\",\"url\":\"https:\/\/noti-america.com\/site\/mexico\/\",\"name\":\"M\u00e9xico | Noti-America.com\",\"description\":\"\",\"publisher\":{\"@id\":\"https:\/\/noti-america.com\/site\/mexico\/#organization\"},\"potentialAction\":[{\"@type\":\"SearchAction\",\"target\":{\"@type\":\"EntryPoint\",\"urlTemplate\":\"https:\/\/noti-america.com\/site\/mexico\/?s={search_term_string}\"},\"query-input\":{\"@type\":\"PropertyValueSpecification\",\"valueRequired\":true,\"valueName\":\"search_term_string\"}}],\"inLanguage\":\"es\"},{\"@type\":\"Organization\",\"@id\":\"https:\/\/noti-america.com\/site\/mexico\/#organization\",\"name\":\"Noti-America LLC | M\u00e9xico\",\"url\":\"https:\/\/noti-america.com\/site\/mexico\/\",\"logo\":{\"@type\":\"ImageObject\",\"inLanguage\":\"es\",\"@id\":\"https:\/\/noti-america.com\/site\/mexico\/#\/schema\/logo\/image\/\",\"url\":\"https:\/\/noti-america.com\/site\/mexico\/wp-content\/uploads\/sites\/13\/2020\/07\/LogoNA-4x3-1.jpg\",\"contentUrl\":\"https:\/\/noti-america.com\/site\/mexico\/wp-content\/uploads\/sites\/13\/2020\/07\/LogoNA-4x3-1.jpg\",\"width\":1236,\"height\":1080,\"caption\":\"Noti-America LLC | M\u00e9xico\"},\"image\":{\"@id\":\"https:\/\/noti-america.com\/site\/mexico\/#\/schema\/logo\/image\/\"}},{\"@type\":\"Person\",\"@id\":\"https:\/\/noti-america.com\/site\/mexico\/#\/schema\/person\/db5a6527aaddfc34b3753d557a1292f0\",\"name\":\"Redacci\u00f3n NA-NY\",\"image\":{\"@type\":\"ImageObject\",\"inLanguage\":\"es\",\"@id\":\"https:\/\/secure.gravatar.com\/avatar\/2bd75bb500a8deb1390f777293a9af32d934c46613d2fbac7cceb2aaa2679ae8?s=96&d=mm&r=g\",\"url\":\"https:\/\/secure.gravatar.com\/avatar\/2bd75bb500a8deb1390f777293a9af32d934c46613d2fbac7cceb2aaa2679ae8?s=96&d=mm&r=g\",\"contentUrl\":\"https:\/\/secure.gravatar.com\/avatar\/2bd75bb500a8deb1390f777293a9af32d934c46613d2fbac7cceb2aaa2679ae8?s=96&d=mm&r=g\",\"caption\":\"Redacci\u00f3n NA-NY\"},\"url\":\"https:\/\/noti-america.com\/site\/mexico\/author\/redaccionny\/\"}]}<\/script>\n<!-- \/ Yoast SEO Premium plugin. -->","yoast_head_json":{"title":"La marea humana - M\u00e9xico","robots":{"index":"index","follow":"follow","max-snippet":"max-snippet:-1","max-image-preview":"max-image-preview:large","max-video-preview":"max-video-preview:-1"},"canonical":"https:\/\/noti-america.com\/site\/mexico\/2018\/12\/21\/la-marea-humana\/","og_locale":"es_ES","og_type":"article","og_title":"La marea humana","og_description":"&nbsp; &nbsp; Fuente:\u00a0\u00a0https:\/\/elpais.com\/internacional &nbsp; La explosi\u00f3n demogr\u00e1fica amenaza directa o indirectamente al mundo entero, aun a los pa\u00edses desarrollados con todo y sus despensas saturadas de v\u00edveres y sus impresionantes\u00a0PIB&#8217;S. Veamos: en 1930 el&#46;&#46;&#46;","og_url":"https:\/\/noti-america.com\/site\/mexico\/2018\/12\/21\/la-marea-humana\/","og_site_name":"M\u00e9xico","article_published_time":"2018-12-21T03:42:24+00:00","og_image":[{"width":1960,"height":1312,"url":"https:\/\/noti-america.com\/site\/mexico\/wp-content\/uploads\/sites\/13\/2018\/12\/g.jpg","type":"image\/jpeg"}],"author":"Redacci\u00f3n NA-NY","twitter_card":"summary_large_image","twitter_misc":{"Escrito por":"Redacci\u00f3n NA-NY","Tiempo estimado de lectura":"4 minutos"},"schema":{"@context":"https:\/\/schema.org","@graph":[{"@type":"Article","@id":"https:\/\/noti-america.com\/site\/mexico\/2018\/12\/21\/la-marea-humana\/#article","isPartOf":{"@id":"https:\/\/noti-america.com\/site\/mexico\/2018\/12\/21\/la-marea-humana\/"},"author":{"name":"Redacci\u00f3n NA-NY","@id":"https:\/\/noti-america.com\/site\/mexico\/#\/schema\/person\/db5a6527aaddfc34b3753d557a1292f0"},"headline":"La marea humana","datePublished":"2018-12-21T03:42:24+00:00","mainEntityOfPage":{"@id":"https:\/\/noti-america.com\/site\/mexico\/2018\/12\/21\/la-marea-humana\/"},"wordCount":757,"commentCount":0,"publisher":{"@id":"https:\/\/noti-america.com\/site\/mexico\/#organization"},"image":{"@id":"https:\/\/noti-america.com\/site\/mexico\/2018\/12\/21\/la-marea-humana\/#primaryimage"},"thumbnailUrl":"https:\/\/noti-america.com\/site\/mexico\/wp-content\/uploads\/sites\/13\/2018\/12\/g.jpg","keywords":["La marea humana"],"articleSection":["Econom\u00eda","Internacionales"],"inLanguage":"es","potentialAction":[{"@type":"CommentAction","name":"Comment","target":["https:\/\/noti-america.com\/site\/mexico\/2018\/12\/21\/la-marea-humana\/#respond"]}]},{"@type":"WebPage","@id":"https:\/\/noti-america.com\/site\/mexico\/2018\/12\/21\/la-marea-humana\/","url":"https:\/\/noti-america.com\/site\/mexico\/2018\/12\/21\/la-marea-humana\/","name":"La marea humana - M\u00e9xico","isPartOf":{"@id":"https:\/\/noti-america.com\/site\/mexico\/#website"},"primaryImageOfPage":{"@id":"https:\/\/noti-america.com\/site\/mexico\/2018\/12\/21\/la-marea-humana\/#primaryimage"},"image":{"@id":"https:\/\/noti-america.com\/site\/mexico\/2018\/12\/21\/la-marea-humana\/#primaryimage"},"thumbnailUrl":"https:\/\/noti-america.com\/site\/mexico\/wp-content\/uploads\/sites\/13\/2018\/12\/g.jpg","datePublished":"2018-12-21T03:42:24+00:00","breadcrumb":{"@id":"https:\/\/noti-america.com\/site\/mexico\/2018\/12\/21\/la-marea-humana\/#breadcrumb"},"inLanguage":"es","potentialAction":[{"@type":"ReadAction","target":["https:\/\/noti-america.com\/site\/mexico\/2018\/12\/21\/la-marea-humana\/"]}]},{"@type":"ImageObject","inLanguage":"es","@id":"https:\/\/noti-america.com\/site\/mexico\/2018\/12\/21\/la-marea-humana\/#primaryimage","url":"https:\/\/noti-america.com\/site\/mexico\/wp-content\/uploads\/sites\/13\/2018\/12\/g.jpg","contentUrl":"https:\/\/noti-america.com\/site\/mexico\/wp-content\/uploads\/sites\/13\/2018\/12\/g.jpg","width":1960,"height":1312},{"@type":"BreadcrumbList","@id":"https:\/\/noti-america.com\/site\/mexico\/2018\/12\/21\/la-marea-humana\/#breadcrumb","itemListElement":[{"@type":"ListItem","position":1,"name":"Portada","item":"https:\/\/noti-america.com\/site\/mexico\/"},{"@type":"ListItem","position":2,"name":"La marea humana"}]},{"@type":"WebSite","@id":"https:\/\/noti-america.com\/site\/mexico\/#website","url":"https:\/\/noti-america.com\/site\/mexico\/","name":"M\u00e9xico | Noti-America.com","description":"","publisher":{"@id":"https:\/\/noti-america.com\/site\/mexico\/#organization"},"potentialAction":[{"@type":"SearchAction","target":{"@type":"EntryPoint","urlTemplate":"https:\/\/noti-america.com\/site\/mexico\/?s={search_term_string}"},"query-input":{"@type":"PropertyValueSpecification","valueRequired":true,"valueName":"search_term_string"}}],"inLanguage":"es"},{"@type":"Organization","@id":"https:\/\/noti-america.com\/site\/mexico\/#organization","name":"Noti-America LLC | M\u00e9xico","url":"https:\/\/noti-america.com\/site\/mexico\/","logo":{"@type":"ImageObject","inLanguage":"es","@id":"https:\/\/noti-america.com\/site\/mexico\/#\/schema\/logo\/image\/","url":"https:\/\/noti-america.com\/site\/mexico\/wp-content\/uploads\/sites\/13\/2020\/07\/LogoNA-4x3-1.jpg","contentUrl":"https:\/\/noti-america.com\/site\/mexico\/wp-content\/uploads\/sites\/13\/2020\/07\/LogoNA-4x3-1.jpg","width":1236,"height":1080,"caption":"Noti-America LLC | M\u00e9xico"},"image":{"@id":"https:\/\/noti-america.com\/site\/mexico\/#\/schema\/logo\/image\/"}},{"@type":"Person","@id":"https:\/\/noti-america.com\/site\/mexico\/#\/schema\/person\/db5a6527aaddfc34b3753d557a1292f0","name":"Redacci\u00f3n NA-NY","image":{"@type":"ImageObject","inLanguage":"es","@id":"https:\/\/secure.gravatar.com\/avatar\/2bd75bb500a8deb1390f777293a9af32d934c46613d2fbac7cceb2aaa2679ae8?s=96&d=mm&r=g","url":"https:\/\/secure.gravatar.com\/avatar\/2bd75bb500a8deb1390f777293a9af32d934c46613d2fbac7cceb2aaa2679ae8?s=96&d=mm&r=g","contentUrl":"https:\/\/secure.gravatar.com\/avatar\/2bd75bb500a8deb1390f777293a9af32d934c46613d2fbac7cceb2aaa2679ae8?s=96&d=mm&r=g","caption":"Redacci\u00f3n NA-NY"},"url":"https:\/\/noti-america.com\/site\/mexico\/author\/redaccionny\/"}]}},"_links":{"self":[{"href":"https:\/\/noti-america.com\/site\/mexico\/wp-json\/wp\/v2\/posts\/1948","targetHints":{"allow":["GET"]}}],"collection":[{"href":"https:\/\/noti-america.com\/site\/mexico\/wp-json\/wp\/v2\/posts"}],"about":[{"href":"https:\/\/noti-america.com\/site\/mexico\/wp-json\/wp\/v2\/types\/post"}],"author":[{"embeddable":true,"href":"https:\/\/noti-america.com\/site\/mexico\/wp-json\/wp\/v2\/users\/28"}],"replies":[{"embeddable":true,"href":"https:\/\/noti-america.com\/site\/mexico\/wp-json\/wp\/v2\/comments?post=1948"}],"version-history":[{"count":1,"href":"https:\/\/noti-america.com\/site\/mexico\/wp-json\/wp\/v2\/posts\/1948\/revisions"}],"predecessor-version":[{"id":1950,"href":"https:\/\/noti-america.com\/site\/mexico\/wp-json\/wp\/v2\/posts\/1948\/revisions\/1950"}],"wp:featuredmedia":[{"embeddable":true,"href":"https:\/\/noti-america.com\/site\/mexico\/wp-json\/wp\/v2\/media\/1949"}],"wp:attachment":[{"href":"https:\/\/noti-america.com\/site\/mexico\/wp-json\/wp\/v2\/media?parent=1948"}],"wp:term":[{"taxonomy":"category","embeddable":true,"href":"https:\/\/noti-america.com\/site\/mexico\/wp-json\/wp\/v2\/categories?post=1948"},{"taxonomy":"post_tag","embeddable":true,"href":"https:\/\/noti-america.com\/site\/mexico\/wp-json\/wp\/v2\/tags?post=1948"}],"curies":[{"name":"wp","href":"https:\/\/api.w.org\/{rel}","templated":true}]}}