{"id":1911,"date":"2018-12-21T03:24:13","date_gmt":"2018-12-21T03:24:13","guid":{"rendered":"http:\/\/noti-america.com\/site\/mexico\/?p=1911"},"modified":"2018-12-21T03:24:13","modified_gmt":"2018-12-21T03:24:13","slug":"gobierno-federal-inicia-mesa-de-prevencion-por-el-popocatepetl","status":"publish","type":"post","link":"https:\/\/noti-america.com\/site\/mexico\/2018\/12\/21\/gobierno-federal-inicia-mesa-de-prevencion-por-el-popocatepetl\/","title":{"rendered":"Gobierno federal inicia mesa de prevenci\u00f3n por el Popocat\u00e9petl"},"content":{"rendered":"<p><img loading=\"lazy\" decoding=\"async\" class=\"wp-image-1912 aligncenter\" src=\"http:\/\/noti-america.com\/site\/mexico\/wp-content\/uploads\/sites\/13\/2018\/12\/a-300x225.jpg\" alt=\"\" width=\"472\" height=\"354\" srcset=\"https:\/\/noti-america.com\/site\/mexico\/wp-content\/uploads\/sites\/13\/2018\/12\/a-300x225.jpg 300w, https:\/\/noti-america.com\/site\/mexico\/wp-content\/uploads\/sites\/13\/2018\/12\/a.jpg 664w\" sizes=\"auto, (max-width: 472px) 100vw, 472px\" \/><\/p>\n<p>&nbsp;<\/p>\n<p>&nbsp;<\/p>\n<h3>Fuente:\u00a0https:\/\/www.excelsior.com.mx\/<\/h3>\n<p>&nbsp;<\/p>\n<p class=\"letter-capitular\">El\u00a0Gobierno Federal\u00a0inici\u00f3 una mesa interestatal entre los gobiernos de la Ciudad de M\u00e9xico, Puebla, Estado de M\u00e9xico, Tlaxcala, Morelos, entidades vecinas del\u00a0Popocat\u00e9petl\u00a0con la finalidad de reforzar las acciones preventivas y de desalojo en caso de una emergencia en las inmediaciones del\u00a0volc\u00e1n.<\/p>\n<p>En conferencia de prensa en el\u00a0Centro Nacional de Prevenci\u00f3n de Desastres (Cenapred), el coordinador nacional de Protecci\u00f3n Civil,\u00a0David Le\u00f3n Romero, destac\u00f3 que se sesionara de manera preventiva todas las semanas para construir objetivos en materia de fortalecimiento de las capacidades de las<\/p>\n<p>Se\u00f1al\u00f3 que se revisar\u00e1n los mecanismos de desalojo y transporte de la poblaci\u00f3n en caso de emergencia y se fortalecer\u00e1n las capacidades de autoridades y habitantes de la zona, a fin de identificar riesgos y establecer acciones preventivas, con el objetivo de estar preparados en caso de emergencia.<\/p>\n<blockquote><p>Adem\u00e1s del fortalecimiento de capacidades trabajaremos en la revisi\u00f3n y mejoramiento de las rutas de evacuaci\u00f3n de cada uno de los estados en la comunicaci\u00f3n que se tiene entre la autoridad Federal, estatal y municipal, pero adem\u00e1s la comunicaci\u00f3n que se guarda con los pobladores de cada una de las comunidades que se encuentran en riesgo\u201d, se\u00f1al\u00f3.<\/p><\/blockquote>\n<p>Agreg\u00f3 que se trabajar\u00e1n en los protocolos de transportaci\u00f3n en caso de emergencia, el sistema de comunicaci\u00f3n entre autoridades, comunidades y la coordinaci\u00f3n estrecha con las autoridades estatales y municipales.<\/p>\n<p>Por su parte, la\u00a0Secretar\u00eda\u00a0de Protecci\u00f3n Civil\u00a0y de la Gesti\u00f3n Integral de Riesgos del Gobierno de la Ciudad de M\u00e9xico,\u00a0Myriam Urz\u00faa Venegas,\u00a0destac\u00f3 que cada uno de los estados tiene sus propios protocolos de emergencia ante una contingencia del Popocat\u00e9petl; sin embargo, con esta mesa se har\u00e1 un solo protocolo para enfrentar un mismo riesgo.<\/p>\n<p>&nbsp;<\/p>\n","protected":false},"excerpt":{"rendered":"<p>&nbsp; &nbsp; Fuente:\u00a0https:\/\/www.excelsior.com.mx\/ &nbsp; El\u00a0Gobierno Federal\u00a0inici\u00f3 una mesa interestatal entre los gobiernos de la Ciudad de M\u00e9xico, Puebla, Estado de M\u00e9xico, Tlaxcala, Morelos, entidades vecinas del\u00a0Popocat\u00e9petl\u00a0con la finalidad de reforzar las acciones preventivas y&#46;&#46;&#46;<\/p>\n","protected":false},"author":28,"featured_media":1912,"comment_status":"open","ping_status":"open","sticky":false,"template":"","format":"standard","meta":{"_acf_changed":false,"om_disable_all_campaigns":false,"rop_custom_images_group":[],"rop_custom_messages_group":[],"rop_publish_now":"initial","rop_publish_now_accounts":{"twitter_242054905_242054905":""},"rop_publish_now_history":[],"rop_publish_now_status":"pending","_uf_show_specific_survey":0,"_uf_disable_surveys":false,"footnotes":""},"categories":[1],"tags":[136],"class_list":["post-1911","post","type-post","status-publish","format-standard","has-post-thumbnail","hentry","category-uncategorized","tag-gobierno-federal-inicia-mesa-de-prevencion-por-el-popocatepetl"],"acf":[],"aioseo_notices":[],"yoast_head":"<!-- This site is optimized with the Yoast SEO Premium plugin v24.9 (Yoast SEO v27.2) - https:\/\/yoast.com\/product\/yoast-seo-premium-wordpress\/ -->\n<title>Gobierno federal inicia mesa de prevenci\u00f3n por el Popocat\u00e9petl - M\u00e9xico<\/title>\n<meta name=\"robots\" content=\"index, follow, max-snippet:-1, max-image-preview:large, max-video-preview:-1\" \/>\n<link rel=\"canonical\" href=\"https:\/\/noti-america.com\/site\/mexico\/2018\/12\/21\/gobierno-federal-inicia-mesa-de-prevencion-por-el-popocatepetl\/\" \/>\n<meta property=\"og:locale\" content=\"es_ES\" \/>\n<meta property=\"og:type\" content=\"article\" \/>\n<meta property=\"og:title\" content=\"Gobierno federal inicia mesa de prevenci\u00f3n por el Popocat\u00e9petl\" \/>\n<meta property=\"og:description\" content=\"&nbsp; &nbsp; Fuente:\u00a0https:\/\/www.excelsior.com.mx\/ &nbsp; El\u00a0Gobierno Federal\u00a0inici\u00f3 una mesa interestatal entre los gobiernos de la Ciudad de M\u00e9xico, Puebla, Estado de M\u00e9xico, Tlaxcala, Morelos, entidades vecinas del\u00a0Popocat\u00e9petl\u00a0con la finalidad de reforzar las acciones preventivas y&#046;&#046;&#046;\" \/>\n<meta property=\"og:url\" content=\"https:\/\/noti-america.com\/site\/mexico\/2018\/12\/21\/gobierno-federal-inicia-mesa-de-prevencion-por-el-popocatepetl\/\" \/>\n<meta property=\"og:site_name\" content=\"M\u00e9xico\" \/>\n<meta property=\"article:published_time\" content=\"2018-12-21T03:24:13+00:00\" \/>\n<meta property=\"og:image\" content=\"https:\/\/noti-america.com\/site\/mexico\/wp-content\/uploads\/sites\/13\/2018\/12\/a.jpg\" \/>\n\t<meta property=\"og:image:width\" content=\"664\" \/>\n\t<meta property=\"og:image:height\" content=\"498\" \/>\n\t<meta property=\"og:image:type\" content=\"image\/jpeg\" \/>\n<meta name=\"author\" content=\"Redacci\u00f3n NA-NY\" \/>\n<meta name=\"twitter:card\" content=\"summary_large_image\" \/>\n<meta name=\"twitter:label1\" content=\"Escrito por\" \/>\n\t<meta name=\"twitter:data1\" content=\"Redacci\u00f3n NA-NY\" \/>\n\t<meta name=\"twitter:label2\" content=\"Tiempo estimado de lectura\" \/>\n\t<meta name=\"twitter:data2\" content=\"2 minutos\" \/>\n<script type=\"application\/ld+json\" class=\"yoast-schema-graph\">{\"@context\":\"https:\/\/schema.org\",\"@graph\":[{\"@type\":\"Article\",\"@id\":\"https:\/\/noti-america.com\/site\/mexico\/2018\/12\/21\/gobierno-federal-inicia-mesa-de-prevencion-por-el-popocatepetl\/#article\",\"isPartOf\":{\"@id\":\"https:\/\/noti-america.com\/site\/mexico\/2018\/12\/21\/gobierno-federal-inicia-mesa-de-prevencion-por-el-popocatepetl\/\"},\"author\":{\"name\":\"Redacci\u00f3n NA-NY\",\"@id\":\"https:\/\/noti-america.com\/site\/mexico\/#\/schema\/person\/db5a6527aaddfc34b3753d557a1292f0\"},\"headline\":\"Gobierno federal inicia mesa de prevenci\u00f3n por el Popocat\u00e9petl\",\"datePublished\":\"2018-12-21T03:24:13+00:00\",\"mainEntityOfPage\":{\"@id\":\"https:\/\/noti-america.com\/site\/mexico\/2018\/12\/21\/gobierno-federal-inicia-mesa-de-prevencion-por-el-popocatepetl\/\"},\"wordCount\":332,\"commentCount\":0,\"publisher\":{\"@id\":\"https:\/\/noti-america.com\/site\/mexico\/#organization\"},\"image\":{\"@id\":\"https:\/\/noti-america.com\/site\/mexico\/2018\/12\/21\/gobierno-federal-inicia-mesa-de-prevencion-por-el-popocatepetl\/#primaryimage\"},\"thumbnailUrl\":\"https:\/\/noti-america.com\/site\/mexico\/wp-content\/uploads\/sites\/13\/2018\/12\/a.jpg\",\"keywords\":[\"Gobierno federal inicia mesa de prevenci\u00f3n por el Popocat\u00e9petl\"],\"articleSection\":[\"Uncategorized\"],\"inLanguage\":\"es\",\"potentialAction\":[{\"@type\":\"CommentAction\",\"name\":\"Comment\",\"target\":[\"https:\/\/noti-america.com\/site\/mexico\/2018\/12\/21\/gobierno-federal-inicia-mesa-de-prevencion-por-el-popocatepetl\/#respond\"]}]},{\"@type\":\"WebPage\",\"@id\":\"https:\/\/noti-america.com\/site\/mexico\/2018\/12\/21\/gobierno-federal-inicia-mesa-de-prevencion-por-el-popocatepetl\/\",\"url\":\"https:\/\/noti-america.com\/site\/mexico\/2018\/12\/21\/gobierno-federal-inicia-mesa-de-prevencion-por-el-popocatepetl\/\",\"name\":\"Gobierno federal inicia mesa de prevenci\u00f3n por el Popocat\u00e9petl - M\u00e9xico\",\"isPartOf\":{\"@id\":\"https:\/\/noti-america.com\/site\/mexico\/#website\"},\"primaryImageOfPage\":{\"@id\":\"https:\/\/noti-america.com\/site\/mexico\/2018\/12\/21\/gobierno-federal-inicia-mesa-de-prevencion-por-el-popocatepetl\/#primaryimage\"},\"image\":{\"@id\":\"https:\/\/noti-america.com\/site\/mexico\/2018\/12\/21\/gobierno-federal-inicia-mesa-de-prevencion-por-el-popocatepetl\/#primaryimage\"},\"thumbnailUrl\":\"https:\/\/noti-america.com\/site\/mexico\/wp-content\/uploads\/sites\/13\/2018\/12\/a.jpg\",\"datePublished\":\"2018-12-21T03:24:13+00:00\",\"breadcrumb\":{\"@id\":\"https:\/\/noti-america.com\/site\/mexico\/2018\/12\/21\/gobierno-federal-inicia-mesa-de-prevencion-por-el-popocatepetl\/#breadcrumb\"},\"inLanguage\":\"es\",\"potentialAction\":[{\"@type\":\"ReadAction\",\"target\":[\"https:\/\/noti-america.com\/site\/mexico\/2018\/12\/21\/gobierno-federal-inicia-mesa-de-prevencion-por-el-popocatepetl\/\"]}]},{\"@type\":\"ImageObject\",\"inLanguage\":\"es\",\"@id\":\"https:\/\/noti-america.com\/site\/mexico\/2018\/12\/21\/gobierno-federal-inicia-mesa-de-prevencion-por-el-popocatepetl\/#primaryimage\",\"url\":\"https:\/\/noti-america.com\/site\/mexico\/wp-content\/uploads\/sites\/13\/2018\/12\/a.jpg\",\"contentUrl\":\"https:\/\/noti-america.com\/site\/mexico\/wp-content\/uploads\/sites\/13\/2018\/12\/a.jpg\",\"width\":664,\"height\":498},{\"@type\":\"BreadcrumbList\",\"@id\":\"https:\/\/noti-america.com\/site\/mexico\/2018\/12\/21\/gobierno-federal-inicia-mesa-de-prevencion-por-el-popocatepetl\/#breadcrumb\",\"itemListElement\":[{\"@type\":\"ListItem\",\"position\":1,\"name\":\"Portada\",\"item\":\"https:\/\/noti-america.com\/site\/mexico\/\"},{\"@type\":\"ListItem\",\"position\":2,\"name\":\"Gobierno federal inicia mesa de prevenci\u00f3n por el Popocat\u00e9petl\"}]},{\"@type\":\"WebSite\",\"@id\":\"https:\/\/noti-america.com\/site\/mexico\/#website\",\"url\":\"https:\/\/noti-america.com\/site\/mexico\/\",\"name\":\"M\u00e9xico | Noti-America.com\",\"description\":\"\",\"publisher\":{\"@id\":\"https:\/\/noti-america.com\/site\/mexico\/#organization\"},\"potentialAction\":[{\"@type\":\"SearchAction\",\"target\":{\"@type\":\"EntryPoint\",\"urlTemplate\":\"https:\/\/noti-america.com\/site\/mexico\/?s={search_term_string}\"},\"query-input\":{\"@type\":\"PropertyValueSpecification\",\"valueRequired\":true,\"valueName\":\"search_term_string\"}}],\"inLanguage\":\"es\"},{\"@type\":\"Organization\",\"@id\":\"https:\/\/noti-america.com\/site\/mexico\/#organization\",\"name\":\"Noti-America LLC | M\u00e9xico\",\"url\":\"https:\/\/noti-america.com\/site\/mexico\/\",\"logo\":{\"@type\":\"ImageObject\",\"inLanguage\":\"es\",\"@id\":\"https:\/\/noti-america.com\/site\/mexico\/#\/schema\/logo\/image\/\",\"url\":\"https:\/\/noti-america.com\/site\/mexico\/wp-content\/uploads\/sites\/13\/2020\/07\/LogoNA-4x3-1.jpg\",\"contentUrl\":\"https:\/\/noti-america.com\/site\/mexico\/wp-content\/uploads\/sites\/13\/2020\/07\/LogoNA-4x3-1.jpg\",\"width\":1236,\"height\":1080,\"caption\":\"Noti-America LLC | M\u00e9xico\"},\"image\":{\"@id\":\"https:\/\/noti-america.com\/site\/mexico\/#\/schema\/logo\/image\/\"}},{\"@type\":\"Person\",\"@id\":\"https:\/\/noti-america.com\/site\/mexico\/#\/schema\/person\/db5a6527aaddfc34b3753d557a1292f0\",\"name\":\"Redacci\u00f3n NA-NY\",\"image\":{\"@type\":\"ImageObject\",\"inLanguage\":\"es\",\"@id\":\"https:\/\/secure.gravatar.com\/avatar\/2bd75bb500a8deb1390f777293a9af32d934c46613d2fbac7cceb2aaa2679ae8?s=96&d=mm&r=g\",\"url\":\"https:\/\/secure.gravatar.com\/avatar\/2bd75bb500a8deb1390f777293a9af32d934c46613d2fbac7cceb2aaa2679ae8?s=96&d=mm&r=g\",\"contentUrl\":\"https:\/\/secure.gravatar.com\/avatar\/2bd75bb500a8deb1390f777293a9af32d934c46613d2fbac7cceb2aaa2679ae8?s=96&d=mm&r=g\",\"caption\":\"Redacci\u00f3n NA-NY\"},\"url\":\"https:\/\/noti-america.com\/site\/mexico\/author\/redaccionny\/\"}]}<\/script>\n<!-- \/ Yoast SEO Premium plugin. -->","yoast_head_json":{"title":"Gobierno federal inicia mesa de prevenci\u00f3n por el Popocat\u00e9petl - M\u00e9xico","robots":{"index":"index","follow":"follow","max-snippet":"max-snippet:-1","max-image-preview":"max-image-preview:large","max-video-preview":"max-video-preview:-1"},"canonical":"https:\/\/noti-america.com\/site\/mexico\/2018\/12\/21\/gobierno-federal-inicia-mesa-de-prevencion-por-el-popocatepetl\/","og_locale":"es_ES","og_type":"article","og_title":"Gobierno federal inicia mesa de prevenci\u00f3n por el Popocat\u00e9petl","og_description":"&nbsp; &nbsp; Fuente:\u00a0https:\/\/www.excelsior.com.mx\/ &nbsp; El\u00a0Gobierno Federal\u00a0inici\u00f3 una mesa interestatal entre los gobiernos de la Ciudad de M\u00e9xico, Puebla, Estado de M\u00e9xico, Tlaxcala, Morelos, entidades vecinas del\u00a0Popocat\u00e9petl\u00a0con la finalidad de reforzar las acciones preventivas y&#46;&#46;&#46;","og_url":"https:\/\/noti-america.com\/site\/mexico\/2018\/12\/21\/gobierno-federal-inicia-mesa-de-prevencion-por-el-popocatepetl\/","og_site_name":"M\u00e9xico","article_published_time":"2018-12-21T03:24:13+00:00","og_image":[{"width":664,"height":498,"url":"https:\/\/noti-america.com\/site\/mexico\/wp-content\/uploads\/sites\/13\/2018\/12\/a.jpg","type":"image\/jpeg"}],"author":"Redacci\u00f3n NA-NY","twitter_card":"summary_large_image","twitter_misc":{"Escrito por":"Redacci\u00f3n NA-NY","Tiempo estimado de lectura":"2 minutos"},"schema":{"@context":"https:\/\/schema.org","@graph":[{"@type":"Article","@id":"https:\/\/noti-america.com\/site\/mexico\/2018\/12\/21\/gobierno-federal-inicia-mesa-de-prevencion-por-el-popocatepetl\/#article","isPartOf":{"@id":"https:\/\/noti-america.com\/site\/mexico\/2018\/12\/21\/gobierno-federal-inicia-mesa-de-prevencion-por-el-popocatepetl\/"},"author":{"name":"Redacci\u00f3n NA-NY","@id":"https:\/\/noti-america.com\/site\/mexico\/#\/schema\/person\/db5a6527aaddfc34b3753d557a1292f0"},"headline":"Gobierno federal inicia mesa de prevenci\u00f3n por el Popocat\u00e9petl","datePublished":"2018-12-21T03:24:13+00:00","mainEntityOfPage":{"@id":"https:\/\/noti-america.com\/site\/mexico\/2018\/12\/21\/gobierno-federal-inicia-mesa-de-prevencion-por-el-popocatepetl\/"},"wordCount":332,"commentCount":0,"publisher":{"@id":"https:\/\/noti-america.com\/site\/mexico\/#organization"},"image":{"@id":"https:\/\/noti-america.com\/site\/mexico\/2018\/12\/21\/gobierno-federal-inicia-mesa-de-prevencion-por-el-popocatepetl\/#primaryimage"},"thumbnailUrl":"https:\/\/noti-america.com\/site\/mexico\/wp-content\/uploads\/sites\/13\/2018\/12\/a.jpg","keywords":["Gobierno federal inicia mesa de prevenci\u00f3n por el Popocat\u00e9petl"],"articleSection":["Uncategorized"],"inLanguage":"es","potentialAction":[{"@type":"CommentAction","name":"Comment","target":["https:\/\/noti-america.com\/site\/mexico\/2018\/12\/21\/gobierno-federal-inicia-mesa-de-prevencion-por-el-popocatepetl\/#respond"]}]},{"@type":"WebPage","@id":"https:\/\/noti-america.com\/site\/mexico\/2018\/12\/21\/gobierno-federal-inicia-mesa-de-prevencion-por-el-popocatepetl\/","url":"https:\/\/noti-america.com\/site\/mexico\/2018\/12\/21\/gobierno-federal-inicia-mesa-de-prevencion-por-el-popocatepetl\/","name":"Gobierno federal inicia mesa de prevenci\u00f3n por el Popocat\u00e9petl - M\u00e9xico","isPartOf":{"@id":"https:\/\/noti-america.com\/site\/mexico\/#website"},"primaryImageOfPage":{"@id":"https:\/\/noti-america.com\/site\/mexico\/2018\/12\/21\/gobierno-federal-inicia-mesa-de-prevencion-por-el-popocatepetl\/#primaryimage"},"image":{"@id":"https:\/\/noti-america.com\/site\/mexico\/2018\/12\/21\/gobierno-federal-inicia-mesa-de-prevencion-por-el-popocatepetl\/#primaryimage"},"thumbnailUrl":"https:\/\/noti-america.com\/site\/mexico\/wp-content\/uploads\/sites\/13\/2018\/12\/a.jpg","datePublished":"2018-12-21T03:24:13+00:00","breadcrumb":{"@id":"https:\/\/noti-america.com\/site\/mexico\/2018\/12\/21\/gobierno-federal-inicia-mesa-de-prevencion-por-el-popocatepetl\/#breadcrumb"},"inLanguage":"es","potentialAction":[{"@type":"ReadAction","target":["https:\/\/noti-america.com\/site\/mexico\/2018\/12\/21\/gobierno-federal-inicia-mesa-de-prevencion-por-el-popocatepetl\/"]}]},{"@type":"ImageObject","inLanguage":"es","@id":"https:\/\/noti-america.com\/site\/mexico\/2018\/12\/21\/gobierno-federal-inicia-mesa-de-prevencion-por-el-popocatepetl\/#primaryimage","url":"https:\/\/noti-america.com\/site\/mexico\/wp-content\/uploads\/sites\/13\/2018\/12\/a.jpg","contentUrl":"https:\/\/noti-america.com\/site\/mexico\/wp-content\/uploads\/sites\/13\/2018\/12\/a.jpg","width":664,"height":498},{"@type":"BreadcrumbList","@id":"https:\/\/noti-america.com\/site\/mexico\/2018\/12\/21\/gobierno-federal-inicia-mesa-de-prevencion-por-el-popocatepetl\/#breadcrumb","itemListElement":[{"@type":"ListItem","position":1,"name":"Portada","item":"https:\/\/noti-america.com\/site\/mexico\/"},{"@type":"ListItem","position":2,"name":"Gobierno federal inicia mesa de prevenci\u00f3n por el Popocat\u00e9petl"}]},{"@type":"WebSite","@id":"https:\/\/noti-america.com\/site\/mexico\/#website","url":"https:\/\/noti-america.com\/site\/mexico\/","name":"M\u00e9xico | Noti-America.com","description":"","publisher":{"@id":"https:\/\/noti-america.com\/site\/mexico\/#organization"},"potentialAction":[{"@type":"SearchAction","target":{"@type":"EntryPoint","urlTemplate":"https:\/\/noti-america.com\/site\/mexico\/?s={search_term_string}"},"query-input":{"@type":"PropertyValueSpecification","valueRequired":true,"valueName":"search_term_string"}}],"inLanguage":"es"},{"@type":"Organization","@id":"https:\/\/noti-america.com\/site\/mexico\/#organization","name":"Noti-America LLC | M\u00e9xico","url":"https:\/\/noti-america.com\/site\/mexico\/","logo":{"@type":"ImageObject","inLanguage":"es","@id":"https:\/\/noti-america.com\/site\/mexico\/#\/schema\/logo\/image\/","url":"https:\/\/noti-america.com\/site\/mexico\/wp-content\/uploads\/sites\/13\/2020\/07\/LogoNA-4x3-1.jpg","contentUrl":"https:\/\/noti-america.com\/site\/mexico\/wp-content\/uploads\/sites\/13\/2020\/07\/LogoNA-4x3-1.jpg","width":1236,"height":1080,"caption":"Noti-America LLC | M\u00e9xico"},"image":{"@id":"https:\/\/noti-america.com\/site\/mexico\/#\/schema\/logo\/image\/"}},{"@type":"Person","@id":"https:\/\/noti-america.com\/site\/mexico\/#\/schema\/person\/db5a6527aaddfc34b3753d557a1292f0","name":"Redacci\u00f3n NA-NY","image":{"@type":"ImageObject","inLanguage":"es","@id":"https:\/\/secure.gravatar.com\/avatar\/2bd75bb500a8deb1390f777293a9af32d934c46613d2fbac7cceb2aaa2679ae8?s=96&d=mm&r=g","url":"https:\/\/secure.gravatar.com\/avatar\/2bd75bb500a8deb1390f777293a9af32d934c46613d2fbac7cceb2aaa2679ae8?s=96&d=mm&r=g","contentUrl":"https:\/\/secure.gravatar.com\/avatar\/2bd75bb500a8deb1390f777293a9af32d934c46613d2fbac7cceb2aaa2679ae8?s=96&d=mm&r=g","caption":"Redacci\u00f3n NA-NY"},"url":"https:\/\/noti-america.com\/site\/mexico\/author\/redaccionny\/"}]}},"_links":{"self":[{"href":"https:\/\/noti-america.com\/site\/mexico\/wp-json\/wp\/v2\/posts\/1911","targetHints":{"allow":["GET"]}}],"collection":[{"href":"https:\/\/noti-america.com\/site\/mexico\/wp-json\/wp\/v2\/posts"}],"about":[{"href":"https:\/\/noti-america.com\/site\/mexico\/wp-json\/wp\/v2\/types\/post"}],"author":[{"embeddable":true,"href":"https:\/\/noti-america.com\/site\/mexico\/wp-json\/wp\/v2\/users\/28"}],"replies":[{"embeddable":true,"href":"https:\/\/noti-america.com\/site\/mexico\/wp-json\/wp\/v2\/comments?post=1911"}],"version-history":[{"count":1,"href":"https:\/\/noti-america.com\/site\/mexico\/wp-json\/wp\/v2\/posts\/1911\/revisions"}],"predecessor-version":[{"id":1913,"href":"https:\/\/noti-america.com\/site\/mexico\/wp-json\/wp\/v2\/posts\/1911\/revisions\/1913"}],"wp:featuredmedia":[{"embeddable":true,"href":"https:\/\/noti-america.com\/site\/mexico\/wp-json\/wp\/v2\/media\/1912"}],"wp:attachment":[{"href":"https:\/\/noti-america.com\/site\/mexico\/wp-json\/wp\/v2\/media?parent=1911"}],"wp:term":[{"taxonomy":"category","embeddable":true,"href":"https:\/\/noti-america.com\/site\/mexico\/wp-json\/wp\/v2\/categories?post=1911"},{"taxonomy":"post_tag","embeddable":true,"href":"https:\/\/noti-america.com\/site\/mexico\/wp-json\/wp\/v2\/tags?post=1911"}],"curies":[{"name":"wp","href":"https:\/\/api.w.org\/{rel}","templated":true}]}}