{"id":1897,"date":"2018-12-20T13:51:46","date_gmt":"2018-12-20T13:51:46","guid":{"rendered":"http:\/\/noti-america.com\/site\/mexico\/?p=1897"},"modified":"2018-12-20T13:51:46","modified_gmt":"2018-12-20T13:51:46","slug":"trump-esta-a-semanas-de-presentar-su-renuncia-segun-la-msnbc","status":"publish","type":"post","link":"https:\/\/noti-america.com\/site\/mexico\/2018\/12\/20\/trump-esta-a-semanas-de-presentar-su-renuncia-segun-la-msnbc\/","title":{"rendered":"Trump est\u00e1 &#8216;a semanas&#8217; de presentar su renuncia, seg\u00fan la MSNBC"},"content":{"rendered":"<p><img loading=\"lazy\" decoding=\"async\" class=\"alignnone  wp-image-1898 aligncenter\" src=\"http:\/\/noti-america.com\/site\/mexico\/wp-content\/uploads\/sites\/13\/2018\/12\/2069167-300x225.jpg\" alt=\"\" width=\"465\" height=\"349\" srcset=\"https:\/\/noti-america.com\/site\/mexico\/wp-content\/uploads\/sites\/13\/2018\/12\/2069167-300x225.jpg 300w, https:\/\/noti-america.com\/site\/mexico\/wp-content\/uploads\/sites\/13\/2018\/12\/2069167.jpg 664w\" sizes=\"auto, (max-width: 465px) 100vw, 465px\" \/><\/p>\n<h4 class=\"node-summary\" style=\"text-align: center;\">Gran pol\u00e9mica levant\u00f3 un comentarista de televisi\u00f3n quien asegur\u00f3 que el presidente Donald Trump est\u00e1 a solo unas semanas de presentar su renuncia como presidente de Estados Unidos<\/h4>\n<h3><\/h3>\n<h3>Fuente:\u00a0\u00a0https:\/\/www.excelsior.com.mx<\/h3>\n<p>&nbsp;<\/p>\n<p class=\"letter-capitular\">El comentarista pol\u00edtico\u00a0Chris Matthews, de MSNBC, dijo el lunes que el presidente\u00a0Donald Trump\u00a0podr\u00eda renunciar, como parte de un acuerdo con el abogado especial Robert Mueller.<\/p>\n<p>&nbsp;<\/p>\n<p>Matthews\u00a0dijo que\u00a0Donald Trump Jr.\u00a0e Ivanka Trump podr\u00edan ser las \u00abpr\u00f3ximas piezas de domin\u00f3 en caer\u00bb en la\u00a0investigaci\u00f3n\u00a0y podr\u00edan enfrentar un proceso judicial y posiblemente un tiempo en prisi\u00f3n.<\/p>\n<p>Entonces, especul\u00f3:<\/p>\n<blockquote><p>Pero, \u00bfy si el fiscal ofreciera al presidente una alternativa? \u00bfQu\u00e9 pasar\u00eda si le dijera que permitir\u00eda que los ni\u00f1os caminen si el anciano hace lo mismo? Eso significar\u00eda renunciar a la presidencia a cambio de absoluciones, no solo por s\u00ed mismo, sino por todos sus hijos.<\/p><\/blockquote>\n<p>Dijo que\u00a0Trump podr\u00eda seguir el ejemplo del exvicepresidente Spiro Agnew, quien renunci\u00f3 en 1973 como parte de un acuerdo con los fiscales para evitar la pena de prisi\u00f3nen un caso de evasi\u00f3n de impuestos.<\/p>\n<blockquote><p>Aproveche la oficina mientras todav\u00eda la tiene\u00bb, aconsej\u00f3 Matthews.<\/p><\/blockquote>\n<p>&nbsp;<\/p>\n<div class=\"video-container\"><iframe loading=\"lazy\" title=\"Matthews: What Do We Want Our Country To Look Like After President Donald Trump? | Hardball | MSNBC\" width=\"500\" height=\"281\" src=\"https:\/\/www.youtube.com\/embed\/fZ5h3NHbBsw?feature=oembed&#038;wmode=opaque\" frameborder=\"0\" allow=\"accelerometer; autoplay; clipboard-write; encrypted-media; gyroscope; picture-in-picture; web-share\" referrerpolicy=\"strict-origin-when-cross-origin\" allowfullscreen><\/iframe><\/div>\n<p style=\"text-align: justify;\">\n<p>&nbsp;<\/p>\n","protected":false},"excerpt":{"rendered":"<p>Gran pol\u00e9mica levant\u00f3 un comentarista de televisi\u00f3n quien asegur\u00f3 que el presidente Donald Trump est\u00e1 a solo unas semanas de presentar su renuncia como presidente de Estados Unidos Fuente:\u00a0\u00a0https:\/\/www.excelsior.com.mx &nbsp; El comentarista pol\u00edtico\u00a0Chris Matthews,&#46;&#46;&#46;<\/p>\n","protected":false},"author":28,"featured_media":1898,"comment_status":"open","ping_status":"open","sticky":false,"template":"","format":"standard","meta":{"_acf_changed":false,"om_disable_all_campaigns":false,"rop_custom_images_group":[],"rop_custom_messages_group":[],"rop_publish_now":"initial","rop_publish_now_accounts":{"twitter_242054905_242054905":""},"rop_publish_now_history":[],"rop_publish_now_status":"pending","_uf_show_specific_survey":0,"_uf_disable_surveys":false,"footnotes":""},"categories":[4],"tags":[134,133],"class_list":["post-1897","post","type-post","status-publish","format-standard","has-post-thumbnail","hentry","category-internacionales","tag-segun-la-msnbc","tag-trump-esta-a-semanas-de-presentar-su-renuncia"],"acf":[],"aioseo_notices":[],"yoast_head":"<!-- This site is optimized with the Yoast SEO Premium plugin v24.9 (Yoast SEO v27.2) - https:\/\/yoast.com\/product\/yoast-seo-premium-wordpress\/ -->\n<title>Trump est\u00e1 &#039;a semanas&#039; de presentar su renuncia, seg\u00fan la MSNBC - M\u00e9xico<\/title>\n<meta name=\"robots\" content=\"index, follow, max-snippet:-1, max-image-preview:large, max-video-preview:-1\" \/>\n<link rel=\"canonical\" href=\"https:\/\/noti-america.com\/site\/mexico\/2018\/12\/20\/trump-esta-a-semanas-de-presentar-su-renuncia-segun-la-msnbc\/\" \/>\n<meta property=\"og:locale\" content=\"es_ES\" \/>\n<meta property=\"og:type\" content=\"article\" \/>\n<meta property=\"og:title\" content=\"Trump est\u00e1 &#039;a semanas&#039; de presentar su renuncia, seg\u00fan la MSNBC\" \/>\n<meta property=\"og:description\" content=\"Gran pol\u00e9mica levant\u00f3 un comentarista de televisi\u00f3n quien asegur\u00f3 que el presidente Donald Trump est\u00e1 a solo unas semanas de presentar su renuncia como presidente de Estados Unidos Fuente:\u00a0\u00a0https:\/\/www.excelsior.com.mx &nbsp; El comentarista pol\u00edtico\u00a0Chris Matthews,&#046;&#046;&#046;\" \/>\n<meta property=\"og:url\" content=\"https:\/\/noti-america.com\/site\/mexico\/2018\/12\/20\/trump-esta-a-semanas-de-presentar-su-renuncia-segun-la-msnbc\/\" \/>\n<meta property=\"og:site_name\" content=\"M\u00e9xico\" \/>\n<meta property=\"article:published_time\" content=\"2018-12-20T13:51:46+00:00\" \/>\n<meta property=\"og:image\" content=\"https:\/\/noti-america.com\/site\/mexico\/wp-content\/uploads\/sites\/13\/2018\/12\/2069167.jpg\" \/>\n\t<meta property=\"og:image:width\" content=\"664\" \/>\n\t<meta property=\"og:image:height\" content=\"498\" \/>\n\t<meta property=\"og:image:type\" content=\"image\/jpeg\" \/>\n<meta name=\"author\" content=\"Redacci\u00f3n NA-NY\" \/>\n<meta name=\"twitter:card\" content=\"summary_large_image\" \/>\n<meta name=\"twitter:label1\" content=\"Escrito por\" \/>\n\t<meta name=\"twitter:data1\" content=\"Redacci\u00f3n NA-NY\" \/>\n\t<meta name=\"twitter:label2\" content=\"Tiempo estimado de lectura\" \/>\n\t<meta name=\"twitter:data2\" content=\"1 minuto\" \/>\n<script type=\"application\/ld+json\" class=\"yoast-schema-graph\">{\"@context\":\"https:\/\/schema.org\",\"@graph\":[{\"@type\":\"Article\",\"@id\":\"https:\/\/noti-america.com\/site\/mexico\/2018\/12\/20\/trump-esta-a-semanas-de-presentar-su-renuncia-segun-la-msnbc\/#article\",\"isPartOf\":{\"@id\":\"https:\/\/noti-america.com\/site\/mexico\/2018\/12\/20\/trump-esta-a-semanas-de-presentar-su-renuncia-segun-la-msnbc\/\"},\"author\":{\"name\":\"Redacci\u00f3n NA-NY\",\"@id\":\"https:\/\/noti-america.com\/site\/mexico\/#\/schema\/person\/db5a6527aaddfc34b3753d557a1292f0\"},\"headline\":\"Trump est\u00e1 &#8216;a semanas&#8217; de presentar su renuncia, seg\u00fan la MSNBC\",\"datePublished\":\"2018-12-20T13:51:46+00:00\",\"mainEntityOfPage\":{\"@id\":\"https:\/\/noti-america.com\/site\/mexico\/2018\/12\/20\/trump-esta-a-semanas-de-presentar-su-renuncia-segun-la-msnbc\/\"},\"wordCount\":229,\"commentCount\":0,\"publisher\":{\"@id\":\"https:\/\/noti-america.com\/site\/mexico\/#organization\"},\"image\":{\"@id\":\"https:\/\/noti-america.com\/site\/mexico\/2018\/12\/20\/trump-esta-a-semanas-de-presentar-su-renuncia-segun-la-msnbc\/#primaryimage\"},\"thumbnailUrl\":\"https:\/\/noti-america.com\/site\/mexico\/wp-content\/uploads\/sites\/13\/2018\/12\/2069167.jpg\",\"keywords\":[\"seg\u00fan la MSNBC\",\"Trump est\u00e1 'a semanas' de presentar su renuncia\"],\"articleSection\":[\"Internacionales\"],\"inLanguage\":\"es\",\"potentialAction\":[{\"@type\":\"CommentAction\",\"name\":\"Comment\",\"target\":[\"https:\/\/noti-america.com\/site\/mexico\/2018\/12\/20\/trump-esta-a-semanas-de-presentar-su-renuncia-segun-la-msnbc\/#respond\"]}]},{\"@type\":\"WebPage\",\"@id\":\"https:\/\/noti-america.com\/site\/mexico\/2018\/12\/20\/trump-esta-a-semanas-de-presentar-su-renuncia-segun-la-msnbc\/\",\"url\":\"https:\/\/noti-america.com\/site\/mexico\/2018\/12\/20\/trump-esta-a-semanas-de-presentar-su-renuncia-segun-la-msnbc\/\",\"name\":\"Trump est\u00e1 'a semanas' de presentar su renuncia, seg\u00fan la MSNBC - M\u00e9xico\",\"isPartOf\":{\"@id\":\"https:\/\/noti-america.com\/site\/mexico\/#website\"},\"primaryImageOfPage\":{\"@id\":\"https:\/\/noti-america.com\/site\/mexico\/2018\/12\/20\/trump-esta-a-semanas-de-presentar-su-renuncia-segun-la-msnbc\/#primaryimage\"},\"image\":{\"@id\":\"https:\/\/noti-america.com\/site\/mexico\/2018\/12\/20\/trump-esta-a-semanas-de-presentar-su-renuncia-segun-la-msnbc\/#primaryimage\"},\"thumbnailUrl\":\"https:\/\/noti-america.com\/site\/mexico\/wp-content\/uploads\/sites\/13\/2018\/12\/2069167.jpg\",\"datePublished\":\"2018-12-20T13:51:46+00:00\",\"breadcrumb\":{\"@id\":\"https:\/\/noti-america.com\/site\/mexico\/2018\/12\/20\/trump-esta-a-semanas-de-presentar-su-renuncia-segun-la-msnbc\/#breadcrumb\"},\"inLanguage\":\"es\",\"potentialAction\":[{\"@type\":\"ReadAction\",\"target\":[\"https:\/\/noti-america.com\/site\/mexico\/2018\/12\/20\/trump-esta-a-semanas-de-presentar-su-renuncia-segun-la-msnbc\/\"]}]},{\"@type\":\"ImageObject\",\"inLanguage\":\"es\",\"@id\":\"https:\/\/noti-america.com\/site\/mexico\/2018\/12\/20\/trump-esta-a-semanas-de-presentar-su-renuncia-segun-la-msnbc\/#primaryimage\",\"url\":\"https:\/\/noti-america.com\/site\/mexico\/wp-content\/uploads\/sites\/13\/2018\/12\/2069167.jpg\",\"contentUrl\":\"https:\/\/noti-america.com\/site\/mexico\/wp-content\/uploads\/sites\/13\/2018\/12\/2069167.jpg\",\"width\":664,\"height\":498},{\"@type\":\"BreadcrumbList\",\"@id\":\"https:\/\/noti-america.com\/site\/mexico\/2018\/12\/20\/trump-esta-a-semanas-de-presentar-su-renuncia-segun-la-msnbc\/#breadcrumb\",\"itemListElement\":[{\"@type\":\"ListItem\",\"position\":1,\"name\":\"Portada\",\"item\":\"https:\/\/noti-america.com\/site\/mexico\/\"},{\"@type\":\"ListItem\",\"position\":2,\"name\":\"Trump est\u00e1 &#8216;a semanas&#8217; de presentar su renuncia, seg\u00fan la MSNBC\"}]},{\"@type\":\"WebSite\",\"@id\":\"https:\/\/noti-america.com\/site\/mexico\/#website\",\"url\":\"https:\/\/noti-america.com\/site\/mexico\/\",\"name\":\"M\u00e9xico | Noti-America.com\",\"description\":\"\",\"publisher\":{\"@id\":\"https:\/\/noti-america.com\/site\/mexico\/#organization\"},\"potentialAction\":[{\"@type\":\"SearchAction\",\"target\":{\"@type\":\"EntryPoint\",\"urlTemplate\":\"https:\/\/noti-america.com\/site\/mexico\/?s={search_term_string}\"},\"query-input\":{\"@type\":\"PropertyValueSpecification\",\"valueRequired\":true,\"valueName\":\"search_term_string\"}}],\"inLanguage\":\"es\"},{\"@type\":\"Organization\",\"@id\":\"https:\/\/noti-america.com\/site\/mexico\/#organization\",\"name\":\"Noti-America LLC | M\u00e9xico\",\"url\":\"https:\/\/noti-america.com\/site\/mexico\/\",\"logo\":{\"@type\":\"ImageObject\",\"inLanguage\":\"es\",\"@id\":\"https:\/\/noti-america.com\/site\/mexico\/#\/schema\/logo\/image\/\",\"url\":\"https:\/\/noti-america.com\/site\/mexico\/wp-content\/uploads\/sites\/13\/2020\/07\/LogoNA-4x3-1.jpg\",\"contentUrl\":\"https:\/\/noti-america.com\/site\/mexico\/wp-content\/uploads\/sites\/13\/2020\/07\/LogoNA-4x3-1.jpg\",\"width\":1236,\"height\":1080,\"caption\":\"Noti-America LLC | M\u00e9xico\"},\"image\":{\"@id\":\"https:\/\/noti-america.com\/site\/mexico\/#\/schema\/logo\/image\/\"}},{\"@type\":\"Person\",\"@id\":\"https:\/\/noti-america.com\/site\/mexico\/#\/schema\/person\/db5a6527aaddfc34b3753d557a1292f0\",\"name\":\"Redacci\u00f3n NA-NY\",\"image\":{\"@type\":\"ImageObject\",\"inLanguage\":\"es\",\"@id\":\"https:\/\/secure.gravatar.com\/avatar\/2bd75bb500a8deb1390f777293a9af32d934c46613d2fbac7cceb2aaa2679ae8?s=96&d=mm&r=g\",\"url\":\"https:\/\/secure.gravatar.com\/avatar\/2bd75bb500a8deb1390f777293a9af32d934c46613d2fbac7cceb2aaa2679ae8?s=96&d=mm&r=g\",\"contentUrl\":\"https:\/\/secure.gravatar.com\/avatar\/2bd75bb500a8deb1390f777293a9af32d934c46613d2fbac7cceb2aaa2679ae8?s=96&d=mm&r=g\",\"caption\":\"Redacci\u00f3n NA-NY\"},\"url\":\"https:\/\/noti-america.com\/site\/mexico\/author\/redaccionny\/\"}]}<\/script>\n<!-- \/ Yoast SEO Premium plugin. -->","yoast_head_json":{"title":"Trump est\u00e1 'a semanas' de presentar su renuncia, seg\u00fan la MSNBC - M\u00e9xico","robots":{"index":"index","follow":"follow","max-snippet":"max-snippet:-1","max-image-preview":"max-image-preview:large","max-video-preview":"max-video-preview:-1"},"canonical":"https:\/\/noti-america.com\/site\/mexico\/2018\/12\/20\/trump-esta-a-semanas-de-presentar-su-renuncia-segun-la-msnbc\/","og_locale":"es_ES","og_type":"article","og_title":"Trump est\u00e1 'a semanas' de presentar su renuncia, seg\u00fan la MSNBC","og_description":"Gran pol\u00e9mica levant\u00f3 un comentarista de televisi\u00f3n quien asegur\u00f3 que el presidente Donald Trump est\u00e1 a solo unas semanas de presentar su renuncia como presidente de Estados Unidos Fuente:\u00a0\u00a0https:\/\/www.excelsior.com.mx &nbsp; El comentarista pol\u00edtico\u00a0Chris Matthews,&#46;&#46;&#46;","og_url":"https:\/\/noti-america.com\/site\/mexico\/2018\/12\/20\/trump-esta-a-semanas-de-presentar-su-renuncia-segun-la-msnbc\/","og_site_name":"M\u00e9xico","article_published_time":"2018-12-20T13:51:46+00:00","og_image":[{"width":664,"height":498,"url":"https:\/\/noti-america.com\/site\/mexico\/wp-content\/uploads\/sites\/13\/2018\/12\/2069167.jpg","type":"image\/jpeg"}],"author":"Redacci\u00f3n NA-NY","twitter_card":"summary_large_image","twitter_misc":{"Escrito por":"Redacci\u00f3n NA-NY","Tiempo estimado de lectura":"1 minuto"},"schema":{"@context":"https:\/\/schema.org","@graph":[{"@type":"Article","@id":"https:\/\/noti-america.com\/site\/mexico\/2018\/12\/20\/trump-esta-a-semanas-de-presentar-su-renuncia-segun-la-msnbc\/#article","isPartOf":{"@id":"https:\/\/noti-america.com\/site\/mexico\/2018\/12\/20\/trump-esta-a-semanas-de-presentar-su-renuncia-segun-la-msnbc\/"},"author":{"name":"Redacci\u00f3n NA-NY","@id":"https:\/\/noti-america.com\/site\/mexico\/#\/schema\/person\/db5a6527aaddfc34b3753d557a1292f0"},"headline":"Trump est\u00e1 &#8216;a semanas&#8217; de presentar su renuncia, seg\u00fan la MSNBC","datePublished":"2018-12-20T13:51:46+00:00","mainEntityOfPage":{"@id":"https:\/\/noti-america.com\/site\/mexico\/2018\/12\/20\/trump-esta-a-semanas-de-presentar-su-renuncia-segun-la-msnbc\/"},"wordCount":229,"commentCount":0,"publisher":{"@id":"https:\/\/noti-america.com\/site\/mexico\/#organization"},"image":{"@id":"https:\/\/noti-america.com\/site\/mexico\/2018\/12\/20\/trump-esta-a-semanas-de-presentar-su-renuncia-segun-la-msnbc\/#primaryimage"},"thumbnailUrl":"https:\/\/noti-america.com\/site\/mexico\/wp-content\/uploads\/sites\/13\/2018\/12\/2069167.jpg","keywords":["seg\u00fan la MSNBC","Trump est\u00e1 'a semanas' de presentar su renuncia"],"articleSection":["Internacionales"],"inLanguage":"es","potentialAction":[{"@type":"CommentAction","name":"Comment","target":["https:\/\/noti-america.com\/site\/mexico\/2018\/12\/20\/trump-esta-a-semanas-de-presentar-su-renuncia-segun-la-msnbc\/#respond"]}]},{"@type":"WebPage","@id":"https:\/\/noti-america.com\/site\/mexico\/2018\/12\/20\/trump-esta-a-semanas-de-presentar-su-renuncia-segun-la-msnbc\/","url":"https:\/\/noti-america.com\/site\/mexico\/2018\/12\/20\/trump-esta-a-semanas-de-presentar-su-renuncia-segun-la-msnbc\/","name":"Trump est\u00e1 'a semanas' de presentar su renuncia, seg\u00fan la MSNBC - M\u00e9xico","isPartOf":{"@id":"https:\/\/noti-america.com\/site\/mexico\/#website"},"primaryImageOfPage":{"@id":"https:\/\/noti-america.com\/site\/mexico\/2018\/12\/20\/trump-esta-a-semanas-de-presentar-su-renuncia-segun-la-msnbc\/#primaryimage"},"image":{"@id":"https:\/\/noti-america.com\/site\/mexico\/2018\/12\/20\/trump-esta-a-semanas-de-presentar-su-renuncia-segun-la-msnbc\/#primaryimage"},"thumbnailUrl":"https:\/\/noti-america.com\/site\/mexico\/wp-content\/uploads\/sites\/13\/2018\/12\/2069167.jpg","datePublished":"2018-12-20T13:51:46+00:00","breadcrumb":{"@id":"https:\/\/noti-america.com\/site\/mexico\/2018\/12\/20\/trump-esta-a-semanas-de-presentar-su-renuncia-segun-la-msnbc\/#breadcrumb"},"inLanguage":"es","potentialAction":[{"@type":"ReadAction","target":["https:\/\/noti-america.com\/site\/mexico\/2018\/12\/20\/trump-esta-a-semanas-de-presentar-su-renuncia-segun-la-msnbc\/"]}]},{"@type":"ImageObject","inLanguage":"es","@id":"https:\/\/noti-america.com\/site\/mexico\/2018\/12\/20\/trump-esta-a-semanas-de-presentar-su-renuncia-segun-la-msnbc\/#primaryimage","url":"https:\/\/noti-america.com\/site\/mexico\/wp-content\/uploads\/sites\/13\/2018\/12\/2069167.jpg","contentUrl":"https:\/\/noti-america.com\/site\/mexico\/wp-content\/uploads\/sites\/13\/2018\/12\/2069167.jpg","width":664,"height":498},{"@type":"BreadcrumbList","@id":"https:\/\/noti-america.com\/site\/mexico\/2018\/12\/20\/trump-esta-a-semanas-de-presentar-su-renuncia-segun-la-msnbc\/#breadcrumb","itemListElement":[{"@type":"ListItem","position":1,"name":"Portada","item":"https:\/\/noti-america.com\/site\/mexico\/"},{"@type":"ListItem","position":2,"name":"Trump est\u00e1 &#8216;a semanas&#8217; de presentar su renuncia, seg\u00fan la MSNBC"}]},{"@type":"WebSite","@id":"https:\/\/noti-america.com\/site\/mexico\/#website","url":"https:\/\/noti-america.com\/site\/mexico\/","name":"M\u00e9xico | Noti-America.com","description":"","publisher":{"@id":"https:\/\/noti-america.com\/site\/mexico\/#organization"},"potentialAction":[{"@type":"SearchAction","target":{"@type":"EntryPoint","urlTemplate":"https:\/\/noti-america.com\/site\/mexico\/?s={search_term_string}"},"query-input":{"@type":"PropertyValueSpecification","valueRequired":true,"valueName":"search_term_string"}}],"inLanguage":"es"},{"@type":"Organization","@id":"https:\/\/noti-america.com\/site\/mexico\/#organization","name":"Noti-America LLC | M\u00e9xico","url":"https:\/\/noti-america.com\/site\/mexico\/","logo":{"@type":"ImageObject","inLanguage":"es","@id":"https:\/\/noti-america.com\/site\/mexico\/#\/schema\/logo\/image\/","url":"https:\/\/noti-america.com\/site\/mexico\/wp-content\/uploads\/sites\/13\/2020\/07\/LogoNA-4x3-1.jpg","contentUrl":"https:\/\/noti-america.com\/site\/mexico\/wp-content\/uploads\/sites\/13\/2020\/07\/LogoNA-4x3-1.jpg","width":1236,"height":1080,"caption":"Noti-America LLC | M\u00e9xico"},"image":{"@id":"https:\/\/noti-america.com\/site\/mexico\/#\/schema\/logo\/image\/"}},{"@type":"Person","@id":"https:\/\/noti-america.com\/site\/mexico\/#\/schema\/person\/db5a6527aaddfc34b3753d557a1292f0","name":"Redacci\u00f3n NA-NY","image":{"@type":"ImageObject","inLanguage":"es","@id":"https:\/\/secure.gravatar.com\/avatar\/2bd75bb500a8deb1390f777293a9af32d934c46613d2fbac7cceb2aaa2679ae8?s=96&d=mm&r=g","url":"https:\/\/secure.gravatar.com\/avatar\/2bd75bb500a8deb1390f777293a9af32d934c46613d2fbac7cceb2aaa2679ae8?s=96&d=mm&r=g","contentUrl":"https:\/\/secure.gravatar.com\/avatar\/2bd75bb500a8deb1390f777293a9af32d934c46613d2fbac7cceb2aaa2679ae8?s=96&d=mm&r=g","caption":"Redacci\u00f3n NA-NY"},"url":"https:\/\/noti-america.com\/site\/mexico\/author\/redaccionny\/"}]}},"_links":{"self":[{"href":"https:\/\/noti-america.com\/site\/mexico\/wp-json\/wp\/v2\/posts\/1897","targetHints":{"allow":["GET"]}}],"collection":[{"href":"https:\/\/noti-america.com\/site\/mexico\/wp-json\/wp\/v2\/posts"}],"about":[{"href":"https:\/\/noti-america.com\/site\/mexico\/wp-json\/wp\/v2\/types\/post"}],"author":[{"embeddable":true,"href":"https:\/\/noti-america.com\/site\/mexico\/wp-json\/wp\/v2\/users\/28"}],"replies":[{"embeddable":true,"href":"https:\/\/noti-america.com\/site\/mexico\/wp-json\/wp\/v2\/comments?post=1897"}],"version-history":[{"count":1,"href":"https:\/\/noti-america.com\/site\/mexico\/wp-json\/wp\/v2\/posts\/1897\/revisions"}],"predecessor-version":[{"id":1899,"href":"https:\/\/noti-america.com\/site\/mexico\/wp-json\/wp\/v2\/posts\/1897\/revisions\/1899"}],"wp:featuredmedia":[{"embeddable":true,"href":"https:\/\/noti-america.com\/site\/mexico\/wp-json\/wp\/v2\/media\/1898"}],"wp:attachment":[{"href":"https:\/\/noti-america.com\/site\/mexico\/wp-json\/wp\/v2\/media?parent=1897"}],"wp:term":[{"taxonomy":"category","embeddable":true,"href":"https:\/\/noti-america.com\/site\/mexico\/wp-json\/wp\/v2\/categories?post=1897"},{"taxonomy":"post_tag","embeddable":true,"href":"https:\/\/noti-america.com\/site\/mexico\/wp-json\/wp\/v2\/tags?post=1897"}],"curies":[{"name":"wp","href":"https:\/\/api.w.org\/{rel}","templated":true}]}}