{"id":18681,"date":"2026-03-17T16:03:18","date_gmt":"2026-03-17T16:03:18","guid":{"rendered":"https:\/\/noti-america.com\/site\/mexico\/?p=18681"},"modified":"2026-03-17T16:03:18","modified_gmt":"2026-03-17T16:03:18","slug":"shakira-cerrara-su-gira-en-espana-construyendo-un-estadio-algo-de-otro-mundo","status":"publish","type":"post","link":"https:\/\/noti-america.com\/site\/mexico\/2026\/03\/17\/shakira-cerrara-su-gira-en-espana-construyendo-un-estadio-algo-de-otro-mundo\/","title":{"rendered":"Shakira cerrar\u00e1 su gira en Espa\u00f1a \u00abconstruyendo un estadio, algo de otro mundo\u00bb"},"content":{"rendered":"<p>NOTI-AMERICA.COM | M\u00c9XICO<\/p>\n<p style=\"text-align: justify\">Shakira ha reconfirmado que su actual gira mundial &#8216;Las Mujeres Ya No Lloran&#8217; pasar\u00e1 por Espa\u00f1a y ha a\u00f1adido que lo har\u00e1 \u00abconstruyendo un estadio\u00bb. \u00abSer\u00e1 algo de otro mundo; una producci\u00f3n que no se ha visto antes en Espa\u00f1a\u00bb, declar\u00f3 la artista en una entrevista.<\/p>\n<p style=\"text-align: justify\">La colombiana confirm\u00f3 que su paso por Espa\u00f1a en concierto se ha reservado para el final de la gira, donde actuar\u00e1 \u00abm\u00e1s de dos d\u00edas\u00bb y que, con tal motivo, se construir\u00e1 un estadio llamado &#8216;Estadio Shakira&#8217;.<\/p>\n<p style=\"text-align: justify\">Shakira, acaba de batir el r\u00e9cord de asistencia en M\u00e9xico, con un concierto en la c\u00e9lebre plaza del Z\u00f3calo, con m\u00e1s de 400.000 personas congregadas en un evento gratuito con el que cerr\u00f3 su paso por Am\u00e9rica.<\/p>\n<p style=\"text-align: justify\">Al margen de algunas actuaciones en galas de premios y otros eventos, Shakira no ofrece un concierto completo en Espa\u00f1a desde su gira de 2018 &#8216;El Dorado World Tour&#8217;, en la que cant\u00f3 en el Palau Sant Jordi de Barcelona, el Coliseo de A Coru\u00f1a, el Bizkaia Arena de Barakaldo (Bilbao) y el antiguo Palacio de los Deportes de la Comunidad de Madrid.<\/p>\n","protected":false},"excerpt":{"rendered":"<p>NOTI-AMERICA.COM | M\u00c9XICO Shakira ha reconfirmado que su actual gira mundial &#8216;Las Mujeres Ya No Lloran&#8217; pasar\u00e1 por Espa\u00f1a y ha a\u00f1adido que lo har\u00e1 \u00abconstruyendo un estadio\u00bb. \u00abSer\u00e1 algo de otro mundo; una&#46;&#46;&#46;<\/p>\n","protected":false},"author":133,"featured_media":18682,"comment_status":"open","ping_status":"open","sticky":false,"template":"","format":"image","meta":{"_acf_changed":false,"om_disable_all_campaigns":false,"rop_custom_images_group":[],"rop_custom_messages_group":[],"rop_publish_now":"no","rop_publish_now_accounts":{"twitter_242054905_242054905":""},"rop_publish_now_history":[{"account":"twitter_242054905_242054905","service":"twitter","timestamp":1773763432,"status":"error"}],"rop_publish_now_status":"done","_uf_show_specific_survey":0,"_uf_disable_surveys":false,"footnotes":""},"categories":[722],"tags":[],"class_list":["post-18681","post","type-post","status-publish","format-image","has-post-thumbnail","hentry","category-actualidad","post_format-post-format-image"],"acf":[],"aioseo_notices":[],"yoast_head":"<!-- This site is optimized with the Yoast SEO Premium plugin v24.9 (Yoast SEO v27.2) - https:\/\/yoast.com\/product\/yoast-seo-premium-wordpress\/ -->\n<title>Shakira cerrar\u00e1 su gira en Espa\u00f1a &quot;construyendo un estadio, algo de otro mundo&quot; - M\u00e9xico<\/title>\n<meta name=\"robots\" content=\"index, follow, max-snippet:-1, max-image-preview:large, max-video-preview:-1\" \/>\n<link rel=\"canonical\" href=\"https:\/\/noti-america.com\/site\/mexico\/2026\/03\/17\/shakira-cerrara-su-gira-en-espana-construyendo-un-estadio-algo-de-otro-mundo\/\" \/>\n<meta property=\"og:locale\" content=\"es_ES\" \/>\n<meta property=\"og:type\" content=\"article\" \/>\n<meta property=\"og:title\" content=\"Shakira cerrar\u00e1 su gira en Espa\u00f1a &quot;construyendo un estadio, algo de otro mundo&quot;\" \/>\n<meta property=\"og:description\" content=\"NOTI-AMERICA.COM | M\u00c9XICO Shakira ha reconfirmado que su actual gira mundial &#8216;Las Mujeres Ya No Lloran&#8217; pasar\u00e1 por Espa\u00f1a y ha a\u00f1adido que lo har\u00e1 \u00abconstruyendo un estadio\u00bb. \u00abSer\u00e1 algo de otro mundo; una&#046;&#046;&#046;\" \/>\n<meta property=\"og:url\" content=\"https:\/\/noti-america.com\/site\/mexico\/2026\/03\/17\/shakira-cerrara-su-gira-en-espana-construyendo-un-estadio-algo-de-otro-mundo\/\" \/>\n<meta property=\"og:site_name\" content=\"M\u00e9xico\" \/>\n<meta property=\"article:author\" content=\"Mar\u00eda Valentina Noguera\" \/>\n<meta property=\"article:published_time\" content=\"2026-03-17T16:03:18+00:00\" \/>\n<meta property=\"og:image\" content=\"https:\/\/noti-america.com\/site\/mexico\/wp-content\/uploads\/sites\/13\/2026\/03\/kcf2lvy7cbhfxb2rbnynrei2ly-d258d3.jpg\" \/>\n\t<meta property=\"og:image:width\" content=\"800\" \/>\n\t<meta property=\"og:image:height\" content=\"500\" \/>\n\t<meta property=\"og:image:type\" content=\"image\/jpeg\" \/>\n<meta name=\"author\" content=\"Maria Valentina Noguera Medina\" \/>\n<meta name=\"twitter:card\" content=\"summary_large_image\" \/>\n<meta name=\"twitter:label1\" content=\"Escrito por\" \/>\n\t<meta name=\"twitter:data1\" content=\"Maria Valentina Noguera Medina\" \/>\n\t<meta name=\"twitter:label2\" content=\"Tiempo estimado de lectura\" \/>\n\t<meta name=\"twitter:data2\" content=\"2 minutos\" \/>\n<script type=\"application\/ld+json\" class=\"yoast-schema-graph\">{\"@context\":\"https:\/\/schema.org\",\"@graph\":[{\"@type\":\"Article\",\"@id\":\"https:\/\/noti-america.com\/site\/mexico\/2026\/03\/17\/shakira-cerrara-su-gira-en-espana-construyendo-un-estadio-algo-de-otro-mundo\/#article\",\"isPartOf\":{\"@id\":\"https:\/\/noti-america.com\/site\/mexico\/2026\/03\/17\/shakira-cerrara-su-gira-en-espana-construyendo-un-estadio-algo-de-otro-mundo\/\"},\"author\":{\"name\":\"Maria Valentina Noguera Medina\",\"@id\":\"https:\/\/noti-america.com\/site\/mexico\/#\/schema\/person\/22806efcc2cfc4b45efb0e17be210ea8\"},\"headline\":\"Shakira cerrar\u00e1 su gira en Espa\u00f1a \u00abconstruyendo un estadio, algo de otro mundo\u00bb\",\"datePublished\":\"2026-03-17T16:03:18+00:00\",\"mainEntityOfPage\":{\"@id\":\"https:\/\/noti-america.com\/site\/mexico\/2026\/03\/17\/shakira-cerrara-su-gira-en-espana-construyendo-un-estadio-algo-de-otro-mundo\/\"},\"wordCount\":214,\"commentCount\":0,\"publisher\":{\"@id\":\"https:\/\/noti-america.com\/site\/mexico\/#organization\"},\"image\":{\"@id\":\"https:\/\/noti-america.com\/site\/mexico\/2026\/03\/17\/shakira-cerrara-su-gira-en-espana-construyendo-un-estadio-algo-de-otro-mundo\/#primaryimage\"},\"thumbnailUrl\":\"https:\/\/noti-america.com\/site\/mexico\/wp-content\/uploads\/sites\/13\/2026\/03\/kcf2lvy7cbhfxb2rbnynrei2ly-d258d3.jpg\",\"articleSection\":[\"Actualidad\"],\"inLanguage\":\"es\",\"potentialAction\":[{\"@type\":\"CommentAction\",\"name\":\"Comment\",\"target\":[\"https:\/\/noti-america.com\/site\/mexico\/2026\/03\/17\/shakira-cerrara-su-gira-en-espana-construyendo-un-estadio-algo-de-otro-mundo\/#respond\"]}]},{\"@type\":\"WebPage\",\"@id\":\"https:\/\/noti-america.com\/site\/mexico\/2026\/03\/17\/shakira-cerrara-su-gira-en-espana-construyendo-un-estadio-algo-de-otro-mundo\/\",\"url\":\"https:\/\/noti-america.com\/site\/mexico\/2026\/03\/17\/shakira-cerrara-su-gira-en-espana-construyendo-un-estadio-algo-de-otro-mundo\/\",\"name\":\"Shakira cerrar\u00e1 su gira en Espa\u00f1a \\\"construyendo un estadio, algo de otro mundo\\\" - M\u00e9xico\",\"isPartOf\":{\"@id\":\"https:\/\/noti-america.com\/site\/mexico\/#website\"},\"primaryImageOfPage\":{\"@id\":\"https:\/\/noti-america.com\/site\/mexico\/2026\/03\/17\/shakira-cerrara-su-gira-en-espana-construyendo-un-estadio-algo-de-otro-mundo\/#primaryimage\"},\"image\":{\"@id\":\"https:\/\/noti-america.com\/site\/mexico\/2026\/03\/17\/shakira-cerrara-su-gira-en-espana-construyendo-un-estadio-algo-de-otro-mundo\/#primaryimage\"},\"thumbnailUrl\":\"https:\/\/noti-america.com\/site\/mexico\/wp-content\/uploads\/sites\/13\/2026\/03\/kcf2lvy7cbhfxb2rbnynrei2ly-d258d3.jpg\",\"datePublished\":\"2026-03-17T16:03:18+00:00\",\"breadcrumb\":{\"@id\":\"https:\/\/noti-america.com\/site\/mexico\/2026\/03\/17\/shakira-cerrara-su-gira-en-espana-construyendo-un-estadio-algo-de-otro-mundo\/#breadcrumb\"},\"inLanguage\":\"es\",\"potentialAction\":[{\"@type\":\"ReadAction\",\"target\":[\"https:\/\/noti-america.com\/site\/mexico\/2026\/03\/17\/shakira-cerrara-su-gira-en-espana-construyendo-un-estadio-algo-de-otro-mundo\/\"]}]},{\"@type\":\"ImageObject\",\"inLanguage\":\"es\",\"@id\":\"https:\/\/noti-america.com\/site\/mexico\/2026\/03\/17\/shakira-cerrara-su-gira-en-espana-construyendo-un-estadio-algo-de-otro-mundo\/#primaryimage\",\"url\":\"https:\/\/noti-america.com\/site\/mexico\/wp-content\/uploads\/sites\/13\/2026\/03\/kcf2lvy7cbhfxb2rbnynrei2ly-d258d3.jpg\",\"contentUrl\":\"https:\/\/noti-america.com\/site\/mexico\/wp-content\/uploads\/sites\/13\/2026\/03\/kcf2lvy7cbhfxb2rbnynrei2ly-d258d3.jpg\",\"width\":800,\"height\":500},{\"@type\":\"BreadcrumbList\",\"@id\":\"https:\/\/noti-america.com\/site\/mexico\/2026\/03\/17\/shakira-cerrara-su-gira-en-espana-construyendo-un-estadio-algo-de-otro-mundo\/#breadcrumb\",\"itemListElement\":[{\"@type\":\"ListItem\",\"position\":1,\"name\":\"Portada\",\"item\":\"https:\/\/noti-america.com\/site\/mexico\/\"},{\"@type\":\"ListItem\",\"position\":2,\"name\":\"Shakira cerrar\u00e1 su gira en Espa\u00f1a \u00abconstruyendo un estadio, algo de otro mundo\u00bb\"}]},{\"@type\":\"WebSite\",\"@id\":\"https:\/\/noti-america.com\/site\/mexico\/#website\",\"url\":\"https:\/\/noti-america.com\/site\/mexico\/\",\"name\":\"M\u00e9xico | Noti-America.com\",\"description\":\"\",\"publisher\":{\"@id\":\"https:\/\/noti-america.com\/site\/mexico\/#organization\"},\"potentialAction\":[{\"@type\":\"SearchAction\",\"target\":{\"@type\":\"EntryPoint\",\"urlTemplate\":\"https:\/\/noti-america.com\/site\/mexico\/?s={search_term_string}\"},\"query-input\":{\"@type\":\"PropertyValueSpecification\",\"valueRequired\":true,\"valueName\":\"search_term_string\"}}],\"inLanguage\":\"es\"},{\"@type\":\"Organization\",\"@id\":\"https:\/\/noti-america.com\/site\/mexico\/#organization\",\"name\":\"Noti-America LLC | M\u00e9xico\",\"url\":\"https:\/\/noti-america.com\/site\/mexico\/\",\"logo\":{\"@type\":\"ImageObject\",\"inLanguage\":\"es\",\"@id\":\"https:\/\/noti-america.com\/site\/mexico\/#\/schema\/logo\/image\/\",\"url\":\"https:\/\/noti-america.com\/site\/mexico\/wp-content\/uploads\/sites\/13\/2020\/07\/LogoNA-4x3-1.jpg\",\"contentUrl\":\"https:\/\/noti-america.com\/site\/mexico\/wp-content\/uploads\/sites\/13\/2020\/07\/LogoNA-4x3-1.jpg\",\"width\":1236,\"height\":1080,\"caption\":\"Noti-America LLC | M\u00e9xico\"},\"image\":{\"@id\":\"https:\/\/noti-america.com\/site\/mexico\/#\/schema\/logo\/image\/\"}},{\"@type\":\"Person\",\"@id\":\"https:\/\/noti-america.com\/site\/mexico\/#\/schema\/person\/22806efcc2cfc4b45efb0e17be210ea8\",\"name\":\"Maria Valentina Noguera Medina\",\"image\":{\"@type\":\"ImageObject\",\"inLanguage\":\"es\",\"@id\":\"https:\/\/secure.gravatar.com\/avatar\/4ec5eb9d099f2608a49c9df6f7341f66f04f819cdffa09d56a7a0e91d2819d56?s=96&d=mm&r=g\",\"url\":\"https:\/\/secure.gravatar.com\/avatar\/4ec5eb9d099f2608a49c9df6f7341f66f04f819cdffa09d56a7a0e91d2819d56?s=96&d=mm&r=g\",\"contentUrl\":\"https:\/\/secure.gravatar.com\/avatar\/4ec5eb9d099f2608a49c9df6f7341f66f04f819cdffa09d56a7a0e91d2819d56?s=96&d=mm&r=g\",\"caption\":\"Maria Valentina Noguera Medina\"},\"description\":\"Periodista - noti-america - Promar Community Manager - Talento Plus Dise\u00f1adora\/ creadora de contenido...\",\"sameAs\":[\"Mar\u00eda Valentina Noguera\",\"https:\/\/www.facebook.com\/mariavalentina.noguera\",\"https:\/\/www.linkedin.com\/in\/mara-valentina-noguera-medina-373075165\/\",\"https:\/\/www.pinterest.es\/valentinanoguera95\/\",\"https:\/\/www.youtube.com\/channel\/UCdek6mbUZ-Tqqw0I63i4nmQ\"],\"url\":\"https:\/\/noti-america.com\/site\/mexico\/author\/mnoguera\/\"}]}<\/script>\n<!-- \/ Yoast SEO Premium plugin. -->","yoast_head_json":{"title":"Shakira cerrar\u00e1 su gira en Espa\u00f1a \"construyendo un estadio, algo de otro mundo\" - M\u00e9xico","robots":{"index":"index","follow":"follow","max-snippet":"max-snippet:-1","max-image-preview":"max-image-preview:large","max-video-preview":"max-video-preview:-1"},"canonical":"https:\/\/noti-america.com\/site\/mexico\/2026\/03\/17\/shakira-cerrara-su-gira-en-espana-construyendo-un-estadio-algo-de-otro-mundo\/","og_locale":"es_ES","og_type":"article","og_title":"Shakira cerrar\u00e1 su gira en Espa\u00f1a \"construyendo un estadio, algo de otro mundo\"","og_description":"NOTI-AMERICA.COM | M\u00c9XICO Shakira ha reconfirmado que su actual gira mundial &#8216;Las Mujeres Ya No Lloran&#8217; pasar\u00e1 por Espa\u00f1a y ha a\u00f1adido que lo har\u00e1 \u00abconstruyendo un estadio\u00bb. \u00abSer\u00e1 algo de otro mundo; una&#46;&#46;&#46;","og_url":"https:\/\/noti-america.com\/site\/mexico\/2026\/03\/17\/shakira-cerrara-su-gira-en-espana-construyendo-un-estadio-algo-de-otro-mundo\/","og_site_name":"M\u00e9xico","article_author":"Mar\u00eda Valentina Noguera","article_published_time":"2026-03-17T16:03:18+00:00","og_image":[{"width":800,"height":500,"url":"https:\/\/noti-america.com\/site\/mexico\/wp-content\/uploads\/sites\/13\/2026\/03\/kcf2lvy7cbhfxb2rbnynrei2ly-d258d3.jpg","type":"image\/jpeg"}],"author":"Maria Valentina Noguera Medina","twitter_card":"summary_large_image","twitter_misc":{"Escrito por":"Maria Valentina Noguera Medina","Tiempo estimado de lectura":"2 minutos"},"schema":{"@context":"https:\/\/schema.org","@graph":[{"@type":"Article","@id":"https:\/\/noti-america.com\/site\/mexico\/2026\/03\/17\/shakira-cerrara-su-gira-en-espana-construyendo-un-estadio-algo-de-otro-mundo\/#article","isPartOf":{"@id":"https:\/\/noti-america.com\/site\/mexico\/2026\/03\/17\/shakira-cerrara-su-gira-en-espana-construyendo-un-estadio-algo-de-otro-mundo\/"},"author":{"name":"Maria Valentina Noguera Medina","@id":"https:\/\/noti-america.com\/site\/mexico\/#\/schema\/person\/22806efcc2cfc4b45efb0e17be210ea8"},"headline":"Shakira cerrar\u00e1 su gira en Espa\u00f1a \u00abconstruyendo un estadio, algo de otro mundo\u00bb","datePublished":"2026-03-17T16:03:18+00:00","mainEntityOfPage":{"@id":"https:\/\/noti-america.com\/site\/mexico\/2026\/03\/17\/shakira-cerrara-su-gira-en-espana-construyendo-un-estadio-algo-de-otro-mundo\/"},"wordCount":214,"commentCount":0,"publisher":{"@id":"https:\/\/noti-america.com\/site\/mexico\/#organization"},"image":{"@id":"https:\/\/noti-america.com\/site\/mexico\/2026\/03\/17\/shakira-cerrara-su-gira-en-espana-construyendo-un-estadio-algo-de-otro-mundo\/#primaryimage"},"thumbnailUrl":"https:\/\/noti-america.com\/site\/mexico\/wp-content\/uploads\/sites\/13\/2026\/03\/kcf2lvy7cbhfxb2rbnynrei2ly-d258d3.jpg","articleSection":["Actualidad"],"inLanguage":"es","potentialAction":[{"@type":"CommentAction","name":"Comment","target":["https:\/\/noti-america.com\/site\/mexico\/2026\/03\/17\/shakira-cerrara-su-gira-en-espana-construyendo-un-estadio-algo-de-otro-mundo\/#respond"]}]},{"@type":"WebPage","@id":"https:\/\/noti-america.com\/site\/mexico\/2026\/03\/17\/shakira-cerrara-su-gira-en-espana-construyendo-un-estadio-algo-de-otro-mundo\/","url":"https:\/\/noti-america.com\/site\/mexico\/2026\/03\/17\/shakira-cerrara-su-gira-en-espana-construyendo-un-estadio-algo-de-otro-mundo\/","name":"Shakira cerrar\u00e1 su gira en Espa\u00f1a \"construyendo un estadio, algo de otro mundo\" - M\u00e9xico","isPartOf":{"@id":"https:\/\/noti-america.com\/site\/mexico\/#website"},"primaryImageOfPage":{"@id":"https:\/\/noti-america.com\/site\/mexico\/2026\/03\/17\/shakira-cerrara-su-gira-en-espana-construyendo-un-estadio-algo-de-otro-mundo\/#primaryimage"},"image":{"@id":"https:\/\/noti-america.com\/site\/mexico\/2026\/03\/17\/shakira-cerrara-su-gira-en-espana-construyendo-un-estadio-algo-de-otro-mundo\/#primaryimage"},"thumbnailUrl":"https:\/\/noti-america.com\/site\/mexico\/wp-content\/uploads\/sites\/13\/2026\/03\/kcf2lvy7cbhfxb2rbnynrei2ly-d258d3.jpg","datePublished":"2026-03-17T16:03:18+00:00","breadcrumb":{"@id":"https:\/\/noti-america.com\/site\/mexico\/2026\/03\/17\/shakira-cerrara-su-gira-en-espana-construyendo-un-estadio-algo-de-otro-mundo\/#breadcrumb"},"inLanguage":"es","potentialAction":[{"@type":"ReadAction","target":["https:\/\/noti-america.com\/site\/mexico\/2026\/03\/17\/shakira-cerrara-su-gira-en-espana-construyendo-un-estadio-algo-de-otro-mundo\/"]}]},{"@type":"ImageObject","inLanguage":"es","@id":"https:\/\/noti-america.com\/site\/mexico\/2026\/03\/17\/shakira-cerrara-su-gira-en-espana-construyendo-un-estadio-algo-de-otro-mundo\/#primaryimage","url":"https:\/\/noti-america.com\/site\/mexico\/wp-content\/uploads\/sites\/13\/2026\/03\/kcf2lvy7cbhfxb2rbnynrei2ly-d258d3.jpg","contentUrl":"https:\/\/noti-america.com\/site\/mexico\/wp-content\/uploads\/sites\/13\/2026\/03\/kcf2lvy7cbhfxb2rbnynrei2ly-d258d3.jpg","width":800,"height":500},{"@type":"BreadcrumbList","@id":"https:\/\/noti-america.com\/site\/mexico\/2026\/03\/17\/shakira-cerrara-su-gira-en-espana-construyendo-un-estadio-algo-de-otro-mundo\/#breadcrumb","itemListElement":[{"@type":"ListItem","position":1,"name":"Portada","item":"https:\/\/noti-america.com\/site\/mexico\/"},{"@type":"ListItem","position":2,"name":"Shakira cerrar\u00e1 su gira en Espa\u00f1a \u00abconstruyendo un estadio, algo de otro mundo\u00bb"}]},{"@type":"WebSite","@id":"https:\/\/noti-america.com\/site\/mexico\/#website","url":"https:\/\/noti-america.com\/site\/mexico\/","name":"M\u00e9xico | Noti-America.com","description":"","publisher":{"@id":"https:\/\/noti-america.com\/site\/mexico\/#organization"},"potentialAction":[{"@type":"SearchAction","target":{"@type":"EntryPoint","urlTemplate":"https:\/\/noti-america.com\/site\/mexico\/?s={search_term_string}"},"query-input":{"@type":"PropertyValueSpecification","valueRequired":true,"valueName":"search_term_string"}}],"inLanguage":"es"},{"@type":"Organization","@id":"https:\/\/noti-america.com\/site\/mexico\/#organization","name":"Noti-America LLC | M\u00e9xico","url":"https:\/\/noti-america.com\/site\/mexico\/","logo":{"@type":"ImageObject","inLanguage":"es","@id":"https:\/\/noti-america.com\/site\/mexico\/#\/schema\/logo\/image\/","url":"https:\/\/noti-america.com\/site\/mexico\/wp-content\/uploads\/sites\/13\/2020\/07\/LogoNA-4x3-1.jpg","contentUrl":"https:\/\/noti-america.com\/site\/mexico\/wp-content\/uploads\/sites\/13\/2020\/07\/LogoNA-4x3-1.jpg","width":1236,"height":1080,"caption":"Noti-America LLC | M\u00e9xico"},"image":{"@id":"https:\/\/noti-america.com\/site\/mexico\/#\/schema\/logo\/image\/"}},{"@type":"Person","@id":"https:\/\/noti-america.com\/site\/mexico\/#\/schema\/person\/22806efcc2cfc4b45efb0e17be210ea8","name":"Maria Valentina Noguera Medina","image":{"@type":"ImageObject","inLanguage":"es","@id":"https:\/\/secure.gravatar.com\/avatar\/4ec5eb9d099f2608a49c9df6f7341f66f04f819cdffa09d56a7a0e91d2819d56?s=96&d=mm&r=g","url":"https:\/\/secure.gravatar.com\/avatar\/4ec5eb9d099f2608a49c9df6f7341f66f04f819cdffa09d56a7a0e91d2819d56?s=96&d=mm&r=g","contentUrl":"https:\/\/secure.gravatar.com\/avatar\/4ec5eb9d099f2608a49c9df6f7341f66f04f819cdffa09d56a7a0e91d2819d56?s=96&d=mm&r=g","caption":"Maria Valentina Noguera Medina"},"description":"Periodista - noti-america - Promar Community Manager - Talento Plus Dise\u00f1adora\/ creadora de contenido...","sameAs":["Mar\u00eda Valentina Noguera","https:\/\/www.facebook.com\/mariavalentina.noguera","https:\/\/www.linkedin.com\/in\/mara-valentina-noguera-medina-373075165\/","https:\/\/www.pinterest.es\/valentinanoguera95\/","https:\/\/www.youtube.com\/channel\/UCdek6mbUZ-Tqqw0I63i4nmQ"],"url":"https:\/\/noti-america.com\/site\/mexico\/author\/mnoguera\/"}]}},"_links":{"self":[{"href":"https:\/\/noti-america.com\/site\/mexico\/wp-json\/wp\/v2\/posts\/18681","targetHints":{"allow":["GET"]}}],"collection":[{"href":"https:\/\/noti-america.com\/site\/mexico\/wp-json\/wp\/v2\/posts"}],"about":[{"href":"https:\/\/noti-america.com\/site\/mexico\/wp-json\/wp\/v2\/types\/post"}],"author":[{"embeddable":true,"href":"https:\/\/noti-america.com\/site\/mexico\/wp-json\/wp\/v2\/users\/133"}],"replies":[{"embeddable":true,"href":"https:\/\/noti-america.com\/site\/mexico\/wp-json\/wp\/v2\/comments?post=18681"}],"version-history":[{"count":1,"href":"https:\/\/noti-america.com\/site\/mexico\/wp-json\/wp\/v2\/posts\/18681\/revisions"}],"predecessor-version":[{"id":18683,"href":"https:\/\/noti-america.com\/site\/mexico\/wp-json\/wp\/v2\/posts\/18681\/revisions\/18683"}],"wp:featuredmedia":[{"embeddable":true,"href":"https:\/\/noti-america.com\/site\/mexico\/wp-json\/wp\/v2\/media\/18682"}],"wp:attachment":[{"href":"https:\/\/noti-america.com\/site\/mexico\/wp-json\/wp\/v2\/media?parent=18681"}],"wp:term":[{"taxonomy":"category","embeddable":true,"href":"https:\/\/noti-america.com\/site\/mexico\/wp-json\/wp\/v2\/categories?post=18681"},{"taxonomy":"post_tag","embeddable":true,"href":"https:\/\/noti-america.com\/site\/mexico\/wp-json\/wp\/v2\/tags?post=18681"}],"curies":[{"name":"wp","href":"https:\/\/api.w.org\/{rel}","templated":true}]}}