{"id":18505,"date":"2026-02-17T15:30:48","date_gmt":"2026-02-17T15:30:48","guid":{"rendered":"https:\/\/noti-america.com\/site\/mexico\/?p=18505"},"modified":"2026-02-17T15:30:48","modified_gmt":"2026-02-17T15:30:48","slug":"adios-a-la-solteria-eloise-bridgerton-toma-el-mando-en-la-quinta-temporada","status":"publish","type":"post","link":"https:\/\/noti-america.com\/site\/mexico\/2026\/02\/17\/adios-a-la-solteria-eloise-bridgerton-toma-el-mando-en-la-quinta-temporada\/","title":{"rendered":"\u00bfAdi\u00f3s a la solter\u00eda? Eloise Bridgerton toma el mando en la quinta temporada"},"content":{"rendered":"<p data-path-to-node=\"3\">NOTI-AMERICA.COM | VENEZUELA<\/p>\n<p style=\"text-align: justify\" data-path-to-node=\"3\">El universo de Netflix se detiene. Tras meses de especulaciones, se ha confirmado que el centro de la pista de baile (y de los debates intelectuales) en la <b data-path-to-node=\"3\" data-index-in-node=\"166\">quinta temporada de Bridgerton<\/b> ser\u00e1 la rebelde y querida <b data-path-to-node=\"3\" data-index-in-node=\"223\">Eloise Bridgerton<\/b>, interpretada por Claudia Jessie.<\/p>\n<p style=\"text-align: justify\" data-path-to-node=\"4\">Aunque la serie ha seguido un orden ligeramente distinto al de los libros de Julia Quinn, los rumores apuntan a que finalmente veremos el desarrollo de su esperada correspondencia con <b data-path-to-node=\"4\" data-index-in-node=\"184\">Sir Phillip Crane<\/b> (Chris Fulton), marcando un giro hacia la madurez para el personaje m\u00e1s feminista de la alta sociedad londinense.<\/p>\n<h3 style=\"text-align: justify\" data-path-to-node=\"5\"><b data-path-to-node=\"5\" data-index-in-node=\"0\">Puntos clave de la producci\u00f3n:<\/b><\/h3>\n<ul style=\"text-align: justify\" data-path-to-node=\"6\">\n<li>\n<p data-path-to-node=\"6,0,0\"><b data-path-to-node=\"6,0,0\" data-index-in-node=\"0\">Inicio de rodaje:<\/b> Las c\u00e1maras comenzar\u00e1n a rodar oficialmente en <b data-path-to-node=\"6,0,0\" data-index-in-node=\"65\">marzo de 2026<\/b>.<\/p>\n<\/li>\n<li>\n<p data-path-to-node=\"6,1,0\"><b data-path-to-node=\"6,1,0\" data-index-in-node=\"0\">La trama:<\/b> Se espera que la temporada explore el deseo de Eloise por algo m\u00e1s que un matrimonio tradicional, llev\u00e1ndola a una aventura fuera de los l\u00edmites de Mayfair.<\/p>\n<\/li>\n<li>\n<p data-path-to-node=\"6,2,0\"><b data-path-to-node=\"6,2,0\" data-index-in-node=\"0\">El elenco:<\/b> Se confirma el regreso de las caras conocidas, con un enfoque renovado en la qu\u00edmica entre Jessie y Fulton.<\/p>\n<\/li>\n<\/ul>\n<blockquote data-path-to-node=\"7\">\n<p data-path-to-node=\"7,0\">\u00abEloise siempre ha sido una pieza diferente en el rompecabezas de los Bridgerton. Verla protagonizar su propia historia de amor, a su manera, es lo que los fans han estado pidiendo por a\u00f1os.\u00bb<\/p>\n<\/blockquote>\n<p style=\"text-align: justify\" data-path-to-node=\"8\">Con el inicio de la producci\u00f3n fijado para principios del pr\u00f3ximo a\u00f1o, la espera para ver a la quinta hermana Bridgerton encontrar su propio \u00abfelices para siempre\u00bb (o al menos uno que ella apruebe) ha comenzado oficialmente.<\/p>\n","protected":false},"excerpt":{"rendered":"<p>NOTI-AMERICA.COM | VENEZUELA El universo de Netflix se detiene. Tras meses de especulaciones, se ha confirmado que el centro de la pista de baile (y de los debates intelectuales) en la quinta temporada de&#46;&#46;&#46;<\/p>\n","protected":false},"author":133,"featured_media":18506,"comment_status":"open","ping_status":"open","sticky":false,"template":"","format":"image","meta":{"_acf_changed":false,"om_disable_all_campaigns":false,"rop_custom_images_group":[],"rop_custom_messages_group":[],"rop_publish_now":"no","rop_publish_now_accounts":{"twitter_242054905_242054905":""},"rop_publish_now_history":[{"account":"twitter_242054905_242054905","service":"twitter","timestamp":1771342280,"status":"error"}],"rop_publish_now_status":"done","_uf_show_specific_survey":0,"_uf_disable_surveys":false,"footnotes":""},"categories":[722],"tags":[],"class_list":["post-18505","post","type-post","status-publish","format-image","has-post-thumbnail","hentry","category-actualidad","post_format-post-format-image"],"acf":[],"aioseo_notices":[],"yoast_head":"<!-- This site is optimized with the Yoast SEO Premium plugin v24.9 (Yoast SEO v27.2) - https:\/\/yoast.com\/product\/yoast-seo-premium-wordpress\/ -->\n<title>\u00bfAdi\u00f3s a la solter\u00eda? Eloise Bridgerton toma el mando en la quinta temporada - M\u00e9xico<\/title>\n<meta name=\"robots\" content=\"index, follow, max-snippet:-1, max-image-preview:large, max-video-preview:-1\" \/>\n<link rel=\"canonical\" href=\"https:\/\/noti-america.com\/site\/mexico\/2026\/02\/17\/adios-a-la-solteria-eloise-bridgerton-toma-el-mando-en-la-quinta-temporada\/\" \/>\n<meta property=\"og:locale\" content=\"es_ES\" \/>\n<meta property=\"og:type\" content=\"article\" \/>\n<meta property=\"og:title\" content=\"\u00bfAdi\u00f3s a la solter\u00eda? Eloise Bridgerton toma el mando en la quinta temporada\" \/>\n<meta property=\"og:description\" content=\"NOTI-AMERICA.COM | VENEZUELA El universo de Netflix se detiene. Tras meses de especulaciones, se ha confirmado que el centro de la pista de baile (y de los debates intelectuales) en la quinta temporada de&#046;&#046;&#046;\" \/>\n<meta property=\"og:url\" content=\"https:\/\/noti-america.com\/site\/mexico\/2026\/02\/17\/adios-a-la-solteria-eloise-bridgerton-toma-el-mando-en-la-quinta-temporada\/\" \/>\n<meta property=\"og:site_name\" content=\"M\u00e9xico\" \/>\n<meta property=\"article:author\" content=\"Mar\u00eda Valentina Noguera\" \/>\n<meta property=\"article:published_time\" content=\"2026-02-17T15:30:48+00:00\" \/>\n<meta property=\"og:image\" content=\"https:\/\/noti-america.com\/site\/mexico\/wp-content\/uploads\/sites\/13\/2026\/02\/Screenshot_17-2-2026_11135_scontent.fccs3-1.fna_.fbcdn_.net_.jpeg\" \/>\n\t<meta property=\"og:image:width\" content=\"1349\" \/>\n\t<meta property=\"og:image:height\" content=\"609\" \/>\n\t<meta property=\"og:image:type\" content=\"image\/jpeg\" \/>\n<meta name=\"author\" content=\"Maria Valentina Noguera Medina\" \/>\n<meta name=\"twitter:card\" content=\"summary_large_image\" \/>\n<meta name=\"twitter:label1\" content=\"Escrito por\" \/>\n\t<meta name=\"twitter:data1\" content=\"Maria Valentina Noguera Medina\" \/>\n\t<meta name=\"twitter:label2\" content=\"Tiempo estimado de lectura\" \/>\n\t<meta name=\"twitter:data2\" content=\"2 minutos\" \/>\n<script type=\"application\/ld+json\" class=\"yoast-schema-graph\">{\"@context\":\"https:\/\/schema.org\",\"@graph\":[{\"@type\":\"Article\",\"@id\":\"https:\/\/noti-america.com\/site\/mexico\/2026\/02\/17\/adios-a-la-solteria-eloise-bridgerton-toma-el-mando-en-la-quinta-temporada\/#article\",\"isPartOf\":{\"@id\":\"https:\/\/noti-america.com\/site\/mexico\/2026\/02\/17\/adios-a-la-solteria-eloise-bridgerton-toma-el-mando-en-la-quinta-temporada\/\"},\"author\":{\"name\":\"Maria Valentina Noguera Medina\",\"@id\":\"https:\/\/noti-america.com\/site\/mexico\/#\/schema\/person\/22806efcc2cfc4b45efb0e17be210ea8\"},\"headline\":\"\u00bfAdi\u00f3s a la solter\u00eda? Eloise Bridgerton toma el mando en la quinta temporada\",\"datePublished\":\"2026-02-17T15:30:48+00:00\",\"mainEntityOfPage\":{\"@id\":\"https:\/\/noti-america.com\/site\/mexico\/2026\/02\/17\/adios-a-la-solteria-eloise-bridgerton-toma-el-mando-en-la-quinta-temporada\/\"},\"wordCount\":261,\"commentCount\":0,\"publisher\":{\"@id\":\"https:\/\/noti-america.com\/site\/mexico\/#organization\"},\"image\":{\"@id\":\"https:\/\/noti-america.com\/site\/mexico\/2026\/02\/17\/adios-a-la-solteria-eloise-bridgerton-toma-el-mando-en-la-quinta-temporada\/#primaryimage\"},\"thumbnailUrl\":\"https:\/\/noti-america.com\/site\/mexico\/wp-content\/uploads\/sites\/13\/2026\/02\/Screenshot_17-2-2026_11135_scontent.fccs3-1.fna_.fbcdn_.net_.jpeg\",\"articleSection\":[\"Actualidad\"],\"inLanguage\":\"es\",\"potentialAction\":[{\"@type\":\"CommentAction\",\"name\":\"Comment\",\"target\":[\"https:\/\/noti-america.com\/site\/mexico\/2026\/02\/17\/adios-a-la-solteria-eloise-bridgerton-toma-el-mando-en-la-quinta-temporada\/#respond\"]}]},{\"@type\":\"WebPage\",\"@id\":\"https:\/\/noti-america.com\/site\/mexico\/2026\/02\/17\/adios-a-la-solteria-eloise-bridgerton-toma-el-mando-en-la-quinta-temporada\/\",\"url\":\"https:\/\/noti-america.com\/site\/mexico\/2026\/02\/17\/adios-a-la-solteria-eloise-bridgerton-toma-el-mando-en-la-quinta-temporada\/\",\"name\":\"\u00bfAdi\u00f3s a la solter\u00eda? Eloise Bridgerton toma el mando en la quinta temporada - M\u00e9xico\",\"isPartOf\":{\"@id\":\"https:\/\/noti-america.com\/site\/mexico\/#website\"},\"primaryImageOfPage\":{\"@id\":\"https:\/\/noti-america.com\/site\/mexico\/2026\/02\/17\/adios-a-la-solteria-eloise-bridgerton-toma-el-mando-en-la-quinta-temporada\/#primaryimage\"},\"image\":{\"@id\":\"https:\/\/noti-america.com\/site\/mexico\/2026\/02\/17\/adios-a-la-solteria-eloise-bridgerton-toma-el-mando-en-la-quinta-temporada\/#primaryimage\"},\"thumbnailUrl\":\"https:\/\/noti-america.com\/site\/mexico\/wp-content\/uploads\/sites\/13\/2026\/02\/Screenshot_17-2-2026_11135_scontent.fccs3-1.fna_.fbcdn_.net_.jpeg\",\"datePublished\":\"2026-02-17T15:30:48+00:00\",\"breadcrumb\":{\"@id\":\"https:\/\/noti-america.com\/site\/mexico\/2026\/02\/17\/adios-a-la-solteria-eloise-bridgerton-toma-el-mando-en-la-quinta-temporada\/#breadcrumb\"},\"inLanguage\":\"es\",\"potentialAction\":[{\"@type\":\"ReadAction\",\"target\":[\"https:\/\/noti-america.com\/site\/mexico\/2026\/02\/17\/adios-a-la-solteria-eloise-bridgerton-toma-el-mando-en-la-quinta-temporada\/\"]}]},{\"@type\":\"ImageObject\",\"inLanguage\":\"es\",\"@id\":\"https:\/\/noti-america.com\/site\/mexico\/2026\/02\/17\/adios-a-la-solteria-eloise-bridgerton-toma-el-mando-en-la-quinta-temporada\/#primaryimage\",\"url\":\"https:\/\/noti-america.com\/site\/mexico\/wp-content\/uploads\/sites\/13\/2026\/02\/Screenshot_17-2-2026_11135_scontent.fccs3-1.fna_.fbcdn_.net_.jpeg\",\"contentUrl\":\"https:\/\/noti-america.com\/site\/mexico\/wp-content\/uploads\/sites\/13\/2026\/02\/Screenshot_17-2-2026_11135_scontent.fccs3-1.fna_.fbcdn_.net_.jpeg\",\"width\":1349,\"height\":609},{\"@type\":\"BreadcrumbList\",\"@id\":\"https:\/\/noti-america.com\/site\/mexico\/2026\/02\/17\/adios-a-la-solteria-eloise-bridgerton-toma-el-mando-en-la-quinta-temporada\/#breadcrumb\",\"itemListElement\":[{\"@type\":\"ListItem\",\"position\":1,\"name\":\"Portada\",\"item\":\"https:\/\/noti-america.com\/site\/mexico\/\"},{\"@type\":\"ListItem\",\"position\":2,\"name\":\"\u00bfAdi\u00f3s a la solter\u00eda? Eloise Bridgerton toma el mando en la quinta temporada\"}]},{\"@type\":\"WebSite\",\"@id\":\"https:\/\/noti-america.com\/site\/mexico\/#website\",\"url\":\"https:\/\/noti-america.com\/site\/mexico\/\",\"name\":\"M\u00e9xico | Noti-America.com\",\"description\":\"\",\"publisher\":{\"@id\":\"https:\/\/noti-america.com\/site\/mexico\/#organization\"},\"potentialAction\":[{\"@type\":\"SearchAction\",\"target\":{\"@type\":\"EntryPoint\",\"urlTemplate\":\"https:\/\/noti-america.com\/site\/mexico\/?s={search_term_string}\"},\"query-input\":{\"@type\":\"PropertyValueSpecification\",\"valueRequired\":true,\"valueName\":\"search_term_string\"}}],\"inLanguage\":\"es\"},{\"@type\":\"Organization\",\"@id\":\"https:\/\/noti-america.com\/site\/mexico\/#organization\",\"name\":\"Noti-America LLC | M\u00e9xico\",\"url\":\"https:\/\/noti-america.com\/site\/mexico\/\",\"logo\":{\"@type\":\"ImageObject\",\"inLanguage\":\"es\",\"@id\":\"https:\/\/noti-america.com\/site\/mexico\/#\/schema\/logo\/image\/\",\"url\":\"https:\/\/noti-america.com\/site\/mexico\/wp-content\/uploads\/sites\/13\/2020\/07\/LogoNA-4x3-1.jpg\",\"contentUrl\":\"https:\/\/noti-america.com\/site\/mexico\/wp-content\/uploads\/sites\/13\/2020\/07\/LogoNA-4x3-1.jpg\",\"width\":1236,\"height\":1080,\"caption\":\"Noti-America LLC | M\u00e9xico\"},\"image\":{\"@id\":\"https:\/\/noti-america.com\/site\/mexico\/#\/schema\/logo\/image\/\"}},{\"@type\":\"Person\",\"@id\":\"https:\/\/noti-america.com\/site\/mexico\/#\/schema\/person\/22806efcc2cfc4b45efb0e17be210ea8\",\"name\":\"Maria Valentina Noguera Medina\",\"image\":{\"@type\":\"ImageObject\",\"inLanguage\":\"es\",\"@id\":\"https:\/\/secure.gravatar.com\/avatar\/4ec5eb9d099f2608a49c9df6f7341f66f04f819cdffa09d56a7a0e91d2819d56?s=96&d=mm&r=g\",\"url\":\"https:\/\/secure.gravatar.com\/avatar\/4ec5eb9d099f2608a49c9df6f7341f66f04f819cdffa09d56a7a0e91d2819d56?s=96&d=mm&r=g\",\"contentUrl\":\"https:\/\/secure.gravatar.com\/avatar\/4ec5eb9d099f2608a49c9df6f7341f66f04f819cdffa09d56a7a0e91d2819d56?s=96&d=mm&r=g\",\"caption\":\"Maria Valentina Noguera Medina\"},\"description\":\"Periodista - noti-america - Promar Community Manager - Talento Plus Dise\u00f1adora\/ creadora de contenido...\",\"sameAs\":[\"Mar\u00eda Valentina Noguera\",\"https:\/\/www.facebook.com\/mariavalentina.noguera\",\"https:\/\/www.linkedin.com\/in\/mara-valentina-noguera-medina-373075165\/\",\"https:\/\/www.pinterest.es\/valentinanoguera95\/\",\"https:\/\/www.youtube.com\/channel\/UCdek6mbUZ-Tqqw0I63i4nmQ\"],\"url\":\"https:\/\/noti-america.com\/site\/mexico\/author\/mnoguera\/\"}]}<\/script>\n<!-- \/ Yoast SEO Premium plugin. -->","yoast_head_json":{"title":"\u00bfAdi\u00f3s a la solter\u00eda? Eloise Bridgerton toma el mando en la quinta temporada - M\u00e9xico","robots":{"index":"index","follow":"follow","max-snippet":"max-snippet:-1","max-image-preview":"max-image-preview:large","max-video-preview":"max-video-preview:-1"},"canonical":"https:\/\/noti-america.com\/site\/mexico\/2026\/02\/17\/adios-a-la-solteria-eloise-bridgerton-toma-el-mando-en-la-quinta-temporada\/","og_locale":"es_ES","og_type":"article","og_title":"\u00bfAdi\u00f3s a la solter\u00eda? Eloise Bridgerton toma el mando en la quinta temporada","og_description":"NOTI-AMERICA.COM | VENEZUELA El universo de Netflix se detiene. Tras meses de especulaciones, se ha confirmado que el centro de la pista de baile (y de los debates intelectuales) en la quinta temporada de&#46;&#46;&#46;","og_url":"https:\/\/noti-america.com\/site\/mexico\/2026\/02\/17\/adios-a-la-solteria-eloise-bridgerton-toma-el-mando-en-la-quinta-temporada\/","og_site_name":"M\u00e9xico","article_author":"Mar\u00eda Valentina Noguera","article_published_time":"2026-02-17T15:30:48+00:00","og_image":[{"width":1349,"height":609,"url":"https:\/\/noti-america.com\/site\/mexico\/wp-content\/uploads\/sites\/13\/2026\/02\/Screenshot_17-2-2026_11135_scontent.fccs3-1.fna_.fbcdn_.net_.jpeg","type":"image\/jpeg"}],"author":"Maria Valentina Noguera Medina","twitter_card":"summary_large_image","twitter_misc":{"Escrito por":"Maria Valentina Noguera Medina","Tiempo estimado de lectura":"2 minutos"},"schema":{"@context":"https:\/\/schema.org","@graph":[{"@type":"Article","@id":"https:\/\/noti-america.com\/site\/mexico\/2026\/02\/17\/adios-a-la-solteria-eloise-bridgerton-toma-el-mando-en-la-quinta-temporada\/#article","isPartOf":{"@id":"https:\/\/noti-america.com\/site\/mexico\/2026\/02\/17\/adios-a-la-solteria-eloise-bridgerton-toma-el-mando-en-la-quinta-temporada\/"},"author":{"name":"Maria Valentina Noguera Medina","@id":"https:\/\/noti-america.com\/site\/mexico\/#\/schema\/person\/22806efcc2cfc4b45efb0e17be210ea8"},"headline":"\u00bfAdi\u00f3s a la solter\u00eda? Eloise Bridgerton toma el mando en la quinta temporada","datePublished":"2026-02-17T15:30:48+00:00","mainEntityOfPage":{"@id":"https:\/\/noti-america.com\/site\/mexico\/2026\/02\/17\/adios-a-la-solteria-eloise-bridgerton-toma-el-mando-en-la-quinta-temporada\/"},"wordCount":261,"commentCount":0,"publisher":{"@id":"https:\/\/noti-america.com\/site\/mexico\/#organization"},"image":{"@id":"https:\/\/noti-america.com\/site\/mexico\/2026\/02\/17\/adios-a-la-solteria-eloise-bridgerton-toma-el-mando-en-la-quinta-temporada\/#primaryimage"},"thumbnailUrl":"https:\/\/noti-america.com\/site\/mexico\/wp-content\/uploads\/sites\/13\/2026\/02\/Screenshot_17-2-2026_11135_scontent.fccs3-1.fna_.fbcdn_.net_.jpeg","articleSection":["Actualidad"],"inLanguage":"es","potentialAction":[{"@type":"CommentAction","name":"Comment","target":["https:\/\/noti-america.com\/site\/mexico\/2026\/02\/17\/adios-a-la-solteria-eloise-bridgerton-toma-el-mando-en-la-quinta-temporada\/#respond"]}]},{"@type":"WebPage","@id":"https:\/\/noti-america.com\/site\/mexico\/2026\/02\/17\/adios-a-la-solteria-eloise-bridgerton-toma-el-mando-en-la-quinta-temporada\/","url":"https:\/\/noti-america.com\/site\/mexico\/2026\/02\/17\/adios-a-la-solteria-eloise-bridgerton-toma-el-mando-en-la-quinta-temporada\/","name":"\u00bfAdi\u00f3s a la solter\u00eda? Eloise Bridgerton toma el mando en la quinta temporada - M\u00e9xico","isPartOf":{"@id":"https:\/\/noti-america.com\/site\/mexico\/#website"},"primaryImageOfPage":{"@id":"https:\/\/noti-america.com\/site\/mexico\/2026\/02\/17\/adios-a-la-solteria-eloise-bridgerton-toma-el-mando-en-la-quinta-temporada\/#primaryimage"},"image":{"@id":"https:\/\/noti-america.com\/site\/mexico\/2026\/02\/17\/adios-a-la-solteria-eloise-bridgerton-toma-el-mando-en-la-quinta-temporada\/#primaryimage"},"thumbnailUrl":"https:\/\/noti-america.com\/site\/mexico\/wp-content\/uploads\/sites\/13\/2026\/02\/Screenshot_17-2-2026_11135_scontent.fccs3-1.fna_.fbcdn_.net_.jpeg","datePublished":"2026-02-17T15:30:48+00:00","breadcrumb":{"@id":"https:\/\/noti-america.com\/site\/mexico\/2026\/02\/17\/adios-a-la-solteria-eloise-bridgerton-toma-el-mando-en-la-quinta-temporada\/#breadcrumb"},"inLanguage":"es","potentialAction":[{"@type":"ReadAction","target":["https:\/\/noti-america.com\/site\/mexico\/2026\/02\/17\/adios-a-la-solteria-eloise-bridgerton-toma-el-mando-en-la-quinta-temporada\/"]}]},{"@type":"ImageObject","inLanguage":"es","@id":"https:\/\/noti-america.com\/site\/mexico\/2026\/02\/17\/adios-a-la-solteria-eloise-bridgerton-toma-el-mando-en-la-quinta-temporada\/#primaryimage","url":"https:\/\/noti-america.com\/site\/mexico\/wp-content\/uploads\/sites\/13\/2026\/02\/Screenshot_17-2-2026_11135_scontent.fccs3-1.fna_.fbcdn_.net_.jpeg","contentUrl":"https:\/\/noti-america.com\/site\/mexico\/wp-content\/uploads\/sites\/13\/2026\/02\/Screenshot_17-2-2026_11135_scontent.fccs3-1.fna_.fbcdn_.net_.jpeg","width":1349,"height":609},{"@type":"BreadcrumbList","@id":"https:\/\/noti-america.com\/site\/mexico\/2026\/02\/17\/adios-a-la-solteria-eloise-bridgerton-toma-el-mando-en-la-quinta-temporada\/#breadcrumb","itemListElement":[{"@type":"ListItem","position":1,"name":"Portada","item":"https:\/\/noti-america.com\/site\/mexico\/"},{"@type":"ListItem","position":2,"name":"\u00bfAdi\u00f3s a la solter\u00eda? Eloise Bridgerton toma el mando en la quinta temporada"}]},{"@type":"WebSite","@id":"https:\/\/noti-america.com\/site\/mexico\/#website","url":"https:\/\/noti-america.com\/site\/mexico\/","name":"M\u00e9xico | Noti-America.com","description":"","publisher":{"@id":"https:\/\/noti-america.com\/site\/mexico\/#organization"},"potentialAction":[{"@type":"SearchAction","target":{"@type":"EntryPoint","urlTemplate":"https:\/\/noti-america.com\/site\/mexico\/?s={search_term_string}"},"query-input":{"@type":"PropertyValueSpecification","valueRequired":true,"valueName":"search_term_string"}}],"inLanguage":"es"},{"@type":"Organization","@id":"https:\/\/noti-america.com\/site\/mexico\/#organization","name":"Noti-America LLC | M\u00e9xico","url":"https:\/\/noti-america.com\/site\/mexico\/","logo":{"@type":"ImageObject","inLanguage":"es","@id":"https:\/\/noti-america.com\/site\/mexico\/#\/schema\/logo\/image\/","url":"https:\/\/noti-america.com\/site\/mexico\/wp-content\/uploads\/sites\/13\/2020\/07\/LogoNA-4x3-1.jpg","contentUrl":"https:\/\/noti-america.com\/site\/mexico\/wp-content\/uploads\/sites\/13\/2020\/07\/LogoNA-4x3-1.jpg","width":1236,"height":1080,"caption":"Noti-America LLC | M\u00e9xico"},"image":{"@id":"https:\/\/noti-america.com\/site\/mexico\/#\/schema\/logo\/image\/"}},{"@type":"Person","@id":"https:\/\/noti-america.com\/site\/mexico\/#\/schema\/person\/22806efcc2cfc4b45efb0e17be210ea8","name":"Maria Valentina Noguera Medina","image":{"@type":"ImageObject","inLanguage":"es","@id":"https:\/\/secure.gravatar.com\/avatar\/4ec5eb9d099f2608a49c9df6f7341f66f04f819cdffa09d56a7a0e91d2819d56?s=96&d=mm&r=g","url":"https:\/\/secure.gravatar.com\/avatar\/4ec5eb9d099f2608a49c9df6f7341f66f04f819cdffa09d56a7a0e91d2819d56?s=96&d=mm&r=g","contentUrl":"https:\/\/secure.gravatar.com\/avatar\/4ec5eb9d099f2608a49c9df6f7341f66f04f819cdffa09d56a7a0e91d2819d56?s=96&d=mm&r=g","caption":"Maria Valentina Noguera Medina"},"description":"Periodista - noti-america - Promar Community Manager - Talento Plus Dise\u00f1adora\/ creadora de contenido...","sameAs":["Mar\u00eda Valentina Noguera","https:\/\/www.facebook.com\/mariavalentina.noguera","https:\/\/www.linkedin.com\/in\/mara-valentina-noguera-medina-373075165\/","https:\/\/www.pinterest.es\/valentinanoguera95\/","https:\/\/www.youtube.com\/channel\/UCdek6mbUZ-Tqqw0I63i4nmQ"],"url":"https:\/\/noti-america.com\/site\/mexico\/author\/mnoguera\/"}]}},"_links":{"self":[{"href":"https:\/\/noti-america.com\/site\/mexico\/wp-json\/wp\/v2\/posts\/18505","targetHints":{"allow":["GET"]}}],"collection":[{"href":"https:\/\/noti-america.com\/site\/mexico\/wp-json\/wp\/v2\/posts"}],"about":[{"href":"https:\/\/noti-america.com\/site\/mexico\/wp-json\/wp\/v2\/types\/post"}],"author":[{"embeddable":true,"href":"https:\/\/noti-america.com\/site\/mexico\/wp-json\/wp\/v2\/users\/133"}],"replies":[{"embeddable":true,"href":"https:\/\/noti-america.com\/site\/mexico\/wp-json\/wp\/v2\/comments?post=18505"}],"version-history":[{"count":1,"href":"https:\/\/noti-america.com\/site\/mexico\/wp-json\/wp\/v2\/posts\/18505\/revisions"}],"predecessor-version":[{"id":18507,"href":"https:\/\/noti-america.com\/site\/mexico\/wp-json\/wp\/v2\/posts\/18505\/revisions\/18507"}],"wp:featuredmedia":[{"embeddable":true,"href":"https:\/\/noti-america.com\/site\/mexico\/wp-json\/wp\/v2\/media\/18506"}],"wp:attachment":[{"href":"https:\/\/noti-america.com\/site\/mexico\/wp-json\/wp\/v2\/media?parent=18505"}],"wp:term":[{"taxonomy":"category","embeddable":true,"href":"https:\/\/noti-america.com\/site\/mexico\/wp-json\/wp\/v2\/categories?post=18505"},{"taxonomy":"post_tag","embeddable":true,"href":"https:\/\/noti-america.com\/site\/mexico\/wp-json\/wp\/v2\/tags?post=18505"}],"curies":[{"name":"wp","href":"https:\/\/api.w.org\/{rel}","templated":true}]}}