{"id":18374,"date":"2026-02-02T15:38:51","date_gmt":"2026-02-02T15:38:51","guid":{"rendered":"https:\/\/noti-america.com\/site\/mexico\/?p=18374"},"modified":"2026-02-02T15:38:51","modified_gmt":"2026-02-02T15:38:51","slug":"sabrina-carpenter-deslumbra-en-los-grammys-2026-con-manchild","status":"publish","type":"post","link":"https:\/\/noti-america.com\/site\/mexico\/2026\/02\/02\/sabrina-carpenter-deslumbra-en-los-grammys-2026-con-manchild\/","title":{"rendered":"Sabrina Carpenter deslumbra en los Grammys 2026 con \u201cManchild\u201d"},"content":{"rendered":"<p>NOTI-AMERICA.COM | M\u00c9XICO<\/p>\n<p style=\"text-align: justify\">La cantante estadounidense <strong>Sabrina Carpenter<\/strong> se rob\u00f3 el show en la gala de los <strong>Premios Grammy 2026<\/strong>, al interpretar su \u00e9xito <em>\u201cManchild\u201d<\/em> en una presentaci\u00f3n que reafirm\u00f3 por qu\u00e9 es considerada una de las artistas pop m\u00e1s emocionantes de la actualidad.<\/p>\n<h4 style=\"text-align: justify\">\ud83c\udf1f Una actuaci\u00f3n \u00fanica<\/h4>\n<p style=\"text-align: justify\">Fiel a su estilo irreverente y creativo, Carpenter transform\u00f3 el escenario en una <strong>banda de entrega de equipaje de aeropuerto<\/strong>, donde, vestida de piloto y acompa\u00f1ada de bailarines, despleg\u00f3 coreograf\u00edas juguetonas y cargadas de energ\u00eda. La puesta en escena convirti\u00f3 un momento cotidiano en una traves\u00eda pop vibrante y divertida.<\/p>\n<h4 style=\"text-align: justify\">\ud83c\udfac Reacciones del p\u00fablico<\/h4>\n<p style=\"text-align: justify\">La interpretaci\u00f3n fue recibida con entusiasmo por la audiencia y colegas presentes. Olivia Dean, Karol G y Billie Eilish fueron captadas disfrutando del espect\u00e1culo, mientras el tema \u2014que alcanz\u00f3 el n\u00famero uno en listas de Irlanda, Reino Unido y Estados Unidos\u2014 resonaba en todo el recinto.<\/p>\n<h4 style=\"text-align: justify\">\ud83d\udc65 Una estrella en ascenso<\/h4>\n<p style=\"text-align: justify\">Carpenter, quien ya cuenta con dos Grammy por su proyecto <em>Short n\u2019 Sweet<\/em> (2024), est\u00e1 nominada este a\u00f1o en seis categor\u00edas con su \u00e1lbum <em>Man\u2019s Best Friend<\/em>, incluyendo las tres m\u00e1s importantes: <strong>\u00c1lbum del A\u00f1o, Canci\u00f3n del A\u00f1o y Grabaci\u00f3n del A\u00f1o<\/strong>. Su consolidaci\u00f3n como figura pop parece cada vez m\u00e1s evidente, posicion\u00e1ndola como heredera del legado de grandes artistas como Lady Gaga, Katy Perry y Taylor Swift.<\/p>\n<h4 style=\"text-align: justify\">\ud83d\udca1 Un momento hist\u00f3rico<\/h4>\n<p style=\"text-align: justify\">La actuaci\u00f3n de Sabrina Carpenter en los Grammy 2026 no solo fue un despliegue de talento y creatividad, sino tambi\u00e9n una confirmaci\u00f3n de que se ha convertido en una de las voces m\u00e1s influyentes de la m\u00fasica pop contempor\u00e1nea.<\/p>\n","protected":false},"excerpt":{"rendered":"<p>NOTI-AMERICA.COM | M\u00c9XICO La cantante estadounidense Sabrina Carpenter se rob\u00f3 el show en la gala de los Premios Grammy 2026, al interpretar su \u00e9xito \u201cManchild\u201d en una presentaci\u00f3n que reafirm\u00f3 por qu\u00e9 es considerada&#46;&#46;&#46;<\/p>\n","protected":false},"author":133,"featured_media":18376,"comment_status":"open","ping_status":"open","sticky":false,"template":"","format":"image","meta":{"_acf_changed":false,"om_disable_all_campaigns":false,"rop_custom_images_group":[],"rop_custom_messages_group":[],"rop_publish_now":"no","rop_publish_now_accounts":{"twitter_242054905_242054905":""},"rop_publish_now_history":[{"account":"twitter_242054905_242054905","service":"twitter","timestamp":1770046897,"status":"error"}],"rop_publish_now_status":"done","_uf_show_specific_survey":0,"_uf_disable_surveys":false,"footnotes":""},"categories":[722],"tags":[],"class_list":["post-18374","post","type-post","status-publish","format-image","has-post-thumbnail","hentry","category-actualidad","post_format-post-format-image"],"acf":[],"aioseo_notices":[],"yoast_head":"<!-- This site is optimized with the Yoast SEO Premium plugin v24.9 (Yoast SEO v27.2) - https:\/\/yoast.com\/product\/yoast-seo-premium-wordpress\/ -->\n<title>Sabrina Carpenter deslumbra en los Grammys 2026 con \u201cManchild\u201d - M\u00e9xico<\/title>\n<meta name=\"robots\" content=\"index, follow, max-snippet:-1, max-image-preview:large, max-video-preview:-1\" \/>\n<link rel=\"canonical\" href=\"https:\/\/noti-america.com\/site\/mexico\/2026\/02\/02\/sabrina-carpenter-deslumbra-en-los-grammys-2026-con-manchild\/\" \/>\n<meta property=\"og:locale\" content=\"es_ES\" \/>\n<meta property=\"og:type\" content=\"article\" \/>\n<meta property=\"og:title\" content=\"Sabrina Carpenter deslumbra en los Grammys 2026 con \u201cManchild\u201d\" \/>\n<meta property=\"og:description\" content=\"NOTI-AMERICA.COM | M\u00c9XICO La cantante estadounidense Sabrina Carpenter se rob\u00f3 el show en la gala de los Premios Grammy 2026, al interpretar su \u00e9xito \u201cManchild\u201d en una presentaci\u00f3n que reafirm\u00f3 por qu\u00e9 es considerada&#046;&#046;&#046;\" \/>\n<meta property=\"og:url\" content=\"https:\/\/noti-america.com\/site\/mexico\/2026\/02\/02\/sabrina-carpenter-deslumbra-en-los-grammys-2026-con-manchild\/\" \/>\n<meta property=\"og:site_name\" content=\"M\u00e9xico\" \/>\n<meta property=\"article:author\" content=\"Mar\u00eda Valentina Noguera\" \/>\n<meta property=\"article:published_time\" content=\"2026-02-02T15:38:51+00:00\" \/>\n<meta property=\"og:image\" content=\"https:\/\/noti-america.com\/site\/mexico\/wp-content\/uploads\/sites\/13\/2026\/02\/Screenshot_2-2-2026_113824_media.vogue_.mx_.jpeg\" \/>\n\t<meta property=\"og:image:width\" content=\"427\" \/>\n\t<meta property=\"og:image:height\" content=\"635\" \/>\n\t<meta property=\"og:image:type\" content=\"image\/jpeg\" \/>\n<meta name=\"author\" content=\"Maria Valentina Noguera Medina\" \/>\n<meta name=\"twitter:card\" content=\"summary_large_image\" \/>\n<meta name=\"twitter:label1\" content=\"Escrito por\" \/>\n\t<meta name=\"twitter:data1\" content=\"Maria Valentina Noguera Medina\" \/>\n\t<meta name=\"twitter:label2\" content=\"Tiempo estimado de lectura\" \/>\n\t<meta name=\"twitter:data2\" content=\"2 minutos\" \/>\n<script type=\"application\/ld+json\" class=\"yoast-schema-graph\">{\"@context\":\"https:\/\/schema.org\",\"@graph\":[{\"@type\":\"Article\",\"@id\":\"https:\/\/noti-america.com\/site\/mexico\/2026\/02\/02\/sabrina-carpenter-deslumbra-en-los-grammys-2026-con-manchild\/#article\",\"isPartOf\":{\"@id\":\"https:\/\/noti-america.com\/site\/mexico\/2026\/02\/02\/sabrina-carpenter-deslumbra-en-los-grammys-2026-con-manchild\/\"},\"author\":{\"name\":\"Maria Valentina Noguera Medina\",\"@id\":\"https:\/\/noti-america.com\/site\/mexico\/#\/schema\/person\/22806efcc2cfc4b45efb0e17be210ea8\"},\"headline\":\"Sabrina Carpenter deslumbra en los Grammys 2026 con \u201cManchild\u201d\",\"datePublished\":\"2026-02-02T15:38:51+00:00\",\"mainEntityOfPage\":{\"@id\":\"https:\/\/noti-america.com\/site\/mexico\/2026\/02\/02\/sabrina-carpenter-deslumbra-en-los-grammys-2026-con-manchild\/\"},\"wordCount\":296,\"commentCount\":0,\"publisher\":{\"@id\":\"https:\/\/noti-america.com\/site\/mexico\/#organization\"},\"image\":{\"@id\":\"https:\/\/noti-america.com\/site\/mexico\/2026\/02\/02\/sabrina-carpenter-deslumbra-en-los-grammys-2026-con-manchild\/#primaryimage\"},\"thumbnailUrl\":\"https:\/\/noti-america.com\/site\/mexico\/wp-content\/uploads\/sites\/13\/2026\/02\/Screenshot_2-2-2026_113824_media.vogue_.mx_.jpeg\",\"articleSection\":[\"Actualidad\"],\"inLanguage\":\"es\",\"potentialAction\":[{\"@type\":\"CommentAction\",\"name\":\"Comment\",\"target\":[\"https:\/\/noti-america.com\/site\/mexico\/2026\/02\/02\/sabrina-carpenter-deslumbra-en-los-grammys-2026-con-manchild\/#respond\"]}]},{\"@type\":\"WebPage\",\"@id\":\"https:\/\/noti-america.com\/site\/mexico\/2026\/02\/02\/sabrina-carpenter-deslumbra-en-los-grammys-2026-con-manchild\/\",\"url\":\"https:\/\/noti-america.com\/site\/mexico\/2026\/02\/02\/sabrina-carpenter-deslumbra-en-los-grammys-2026-con-manchild\/\",\"name\":\"Sabrina Carpenter deslumbra en los Grammys 2026 con \u201cManchild\u201d - M\u00e9xico\",\"isPartOf\":{\"@id\":\"https:\/\/noti-america.com\/site\/mexico\/#website\"},\"primaryImageOfPage\":{\"@id\":\"https:\/\/noti-america.com\/site\/mexico\/2026\/02\/02\/sabrina-carpenter-deslumbra-en-los-grammys-2026-con-manchild\/#primaryimage\"},\"image\":{\"@id\":\"https:\/\/noti-america.com\/site\/mexico\/2026\/02\/02\/sabrina-carpenter-deslumbra-en-los-grammys-2026-con-manchild\/#primaryimage\"},\"thumbnailUrl\":\"https:\/\/noti-america.com\/site\/mexico\/wp-content\/uploads\/sites\/13\/2026\/02\/Screenshot_2-2-2026_113824_media.vogue_.mx_.jpeg\",\"datePublished\":\"2026-02-02T15:38:51+00:00\",\"breadcrumb\":{\"@id\":\"https:\/\/noti-america.com\/site\/mexico\/2026\/02\/02\/sabrina-carpenter-deslumbra-en-los-grammys-2026-con-manchild\/#breadcrumb\"},\"inLanguage\":\"es\",\"potentialAction\":[{\"@type\":\"ReadAction\",\"target\":[\"https:\/\/noti-america.com\/site\/mexico\/2026\/02\/02\/sabrina-carpenter-deslumbra-en-los-grammys-2026-con-manchild\/\"]}]},{\"@type\":\"ImageObject\",\"inLanguage\":\"es\",\"@id\":\"https:\/\/noti-america.com\/site\/mexico\/2026\/02\/02\/sabrina-carpenter-deslumbra-en-los-grammys-2026-con-manchild\/#primaryimage\",\"url\":\"https:\/\/noti-america.com\/site\/mexico\/wp-content\/uploads\/sites\/13\/2026\/02\/Screenshot_2-2-2026_113824_media.vogue_.mx_.jpeg\",\"contentUrl\":\"https:\/\/noti-america.com\/site\/mexico\/wp-content\/uploads\/sites\/13\/2026\/02\/Screenshot_2-2-2026_113824_media.vogue_.mx_.jpeg\",\"width\":427,\"height\":635},{\"@type\":\"BreadcrumbList\",\"@id\":\"https:\/\/noti-america.com\/site\/mexico\/2026\/02\/02\/sabrina-carpenter-deslumbra-en-los-grammys-2026-con-manchild\/#breadcrumb\",\"itemListElement\":[{\"@type\":\"ListItem\",\"position\":1,\"name\":\"Portada\",\"item\":\"https:\/\/noti-america.com\/site\/mexico\/\"},{\"@type\":\"ListItem\",\"position\":2,\"name\":\"Sabrina Carpenter deslumbra en los Grammys 2026 con \u201cManchild\u201d\"}]},{\"@type\":\"WebSite\",\"@id\":\"https:\/\/noti-america.com\/site\/mexico\/#website\",\"url\":\"https:\/\/noti-america.com\/site\/mexico\/\",\"name\":\"M\u00e9xico | Noti-America.com\",\"description\":\"\",\"publisher\":{\"@id\":\"https:\/\/noti-america.com\/site\/mexico\/#organization\"},\"potentialAction\":[{\"@type\":\"SearchAction\",\"target\":{\"@type\":\"EntryPoint\",\"urlTemplate\":\"https:\/\/noti-america.com\/site\/mexico\/?s={search_term_string}\"},\"query-input\":{\"@type\":\"PropertyValueSpecification\",\"valueRequired\":true,\"valueName\":\"search_term_string\"}}],\"inLanguage\":\"es\"},{\"@type\":\"Organization\",\"@id\":\"https:\/\/noti-america.com\/site\/mexico\/#organization\",\"name\":\"Noti-America LLC | M\u00e9xico\",\"url\":\"https:\/\/noti-america.com\/site\/mexico\/\",\"logo\":{\"@type\":\"ImageObject\",\"inLanguage\":\"es\",\"@id\":\"https:\/\/noti-america.com\/site\/mexico\/#\/schema\/logo\/image\/\",\"url\":\"https:\/\/noti-america.com\/site\/mexico\/wp-content\/uploads\/sites\/13\/2020\/07\/LogoNA-4x3-1.jpg\",\"contentUrl\":\"https:\/\/noti-america.com\/site\/mexico\/wp-content\/uploads\/sites\/13\/2020\/07\/LogoNA-4x3-1.jpg\",\"width\":1236,\"height\":1080,\"caption\":\"Noti-America LLC | M\u00e9xico\"},\"image\":{\"@id\":\"https:\/\/noti-america.com\/site\/mexico\/#\/schema\/logo\/image\/\"}},{\"@type\":\"Person\",\"@id\":\"https:\/\/noti-america.com\/site\/mexico\/#\/schema\/person\/22806efcc2cfc4b45efb0e17be210ea8\",\"name\":\"Maria Valentina Noguera Medina\",\"image\":{\"@type\":\"ImageObject\",\"inLanguage\":\"es\",\"@id\":\"https:\/\/secure.gravatar.com\/avatar\/4ec5eb9d099f2608a49c9df6f7341f66f04f819cdffa09d56a7a0e91d2819d56?s=96&d=mm&r=g\",\"url\":\"https:\/\/secure.gravatar.com\/avatar\/4ec5eb9d099f2608a49c9df6f7341f66f04f819cdffa09d56a7a0e91d2819d56?s=96&d=mm&r=g\",\"contentUrl\":\"https:\/\/secure.gravatar.com\/avatar\/4ec5eb9d099f2608a49c9df6f7341f66f04f819cdffa09d56a7a0e91d2819d56?s=96&d=mm&r=g\",\"caption\":\"Maria Valentina Noguera Medina\"},\"description\":\"Periodista - noti-america - Promar Community Manager - Talento Plus Dise\u00f1adora\/ creadora de contenido...\",\"sameAs\":[\"Mar\u00eda Valentina Noguera\",\"https:\/\/www.facebook.com\/mariavalentina.noguera\",\"https:\/\/www.linkedin.com\/in\/mara-valentina-noguera-medina-373075165\/\",\"https:\/\/www.pinterest.es\/valentinanoguera95\/\",\"https:\/\/www.youtube.com\/channel\/UCdek6mbUZ-Tqqw0I63i4nmQ\"],\"url\":\"https:\/\/noti-america.com\/site\/mexico\/author\/mnoguera\/\"}]}<\/script>\n<!-- \/ Yoast SEO Premium plugin. -->","yoast_head_json":{"title":"Sabrina Carpenter deslumbra en los Grammys 2026 con \u201cManchild\u201d - M\u00e9xico","robots":{"index":"index","follow":"follow","max-snippet":"max-snippet:-1","max-image-preview":"max-image-preview:large","max-video-preview":"max-video-preview:-1"},"canonical":"https:\/\/noti-america.com\/site\/mexico\/2026\/02\/02\/sabrina-carpenter-deslumbra-en-los-grammys-2026-con-manchild\/","og_locale":"es_ES","og_type":"article","og_title":"Sabrina Carpenter deslumbra en los Grammys 2026 con \u201cManchild\u201d","og_description":"NOTI-AMERICA.COM | M\u00c9XICO La cantante estadounidense Sabrina Carpenter se rob\u00f3 el show en la gala de los Premios Grammy 2026, al interpretar su \u00e9xito \u201cManchild\u201d en una presentaci\u00f3n que reafirm\u00f3 por qu\u00e9 es considerada&#46;&#46;&#46;","og_url":"https:\/\/noti-america.com\/site\/mexico\/2026\/02\/02\/sabrina-carpenter-deslumbra-en-los-grammys-2026-con-manchild\/","og_site_name":"M\u00e9xico","article_author":"Mar\u00eda Valentina Noguera","article_published_time":"2026-02-02T15:38:51+00:00","og_image":[{"width":427,"height":635,"url":"https:\/\/noti-america.com\/site\/mexico\/wp-content\/uploads\/sites\/13\/2026\/02\/Screenshot_2-2-2026_113824_media.vogue_.mx_.jpeg","type":"image\/jpeg"}],"author":"Maria Valentina Noguera Medina","twitter_card":"summary_large_image","twitter_misc":{"Escrito por":"Maria Valentina Noguera Medina","Tiempo estimado de lectura":"2 minutos"},"schema":{"@context":"https:\/\/schema.org","@graph":[{"@type":"Article","@id":"https:\/\/noti-america.com\/site\/mexico\/2026\/02\/02\/sabrina-carpenter-deslumbra-en-los-grammys-2026-con-manchild\/#article","isPartOf":{"@id":"https:\/\/noti-america.com\/site\/mexico\/2026\/02\/02\/sabrina-carpenter-deslumbra-en-los-grammys-2026-con-manchild\/"},"author":{"name":"Maria Valentina Noguera Medina","@id":"https:\/\/noti-america.com\/site\/mexico\/#\/schema\/person\/22806efcc2cfc4b45efb0e17be210ea8"},"headline":"Sabrina Carpenter deslumbra en los Grammys 2026 con \u201cManchild\u201d","datePublished":"2026-02-02T15:38:51+00:00","mainEntityOfPage":{"@id":"https:\/\/noti-america.com\/site\/mexico\/2026\/02\/02\/sabrina-carpenter-deslumbra-en-los-grammys-2026-con-manchild\/"},"wordCount":296,"commentCount":0,"publisher":{"@id":"https:\/\/noti-america.com\/site\/mexico\/#organization"},"image":{"@id":"https:\/\/noti-america.com\/site\/mexico\/2026\/02\/02\/sabrina-carpenter-deslumbra-en-los-grammys-2026-con-manchild\/#primaryimage"},"thumbnailUrl":"https:\/\/noti-america.com\/site\/mexico\/wp-content\/uploads\/sites\/13\/2026\/02\/Screenshot_2-2-2026_113824_media.vogue_.mx_.jpeg","articleSection":["Actualidad"],"inLanguage":"es","potentialAction":[{"@type":"CommentAction","name":"Comment","target":["https:\/\/noti-america.com\/site\/mexico\/2026\/02\/02\/sabrina-carpenter-deslumbra-en-los-grammys-2026-con-manchild\/#respond"]}]},{"@type":"WebPage","@id":"https:\/\/noti-america.com\/site\/mexico\/2026\/02\/02\/sabrina-carpenter-deslumbra-en-los-grammys-2026-con-manchild\/","url":"https:\/\/noti-america.com\/site\/mexico\/2026\/02\/02\/sabrina-carpenter-deslumbra-en-los-grammys-2026-con-manchild\/","name":"Sabrina Carpenter deslumbra en los Grammys 2026 con \u201cManchild\u201d - M\u00e9xico","isPartOf":{"@id":"https:\/\/noti-america.com\/site\/mexico\/#website"},"primaryImageOfPage":{"@id":"https:\/\/noti-america.com\/site\/mexico\/2026\/02\/02\/sabrina-carpenter-deslumbra-en-los-grammys-2026-con-manchild\/#primaryimage"},"image":{"@id":"https:\/\/noti-america.com\/site\/mexico\/2026\/02\/02\/sabrina-carpenter-deslumbra-en-los-grammys-2026-con-manchild\/#primaryimage"},"thumbnailUrl":"https:\/\/noti-america.com\/site\/mexico\/wp-content\/uploads\/sites\/13\/2026\/02\/Screenshot_2-2-2026_113824_media.vogue_.mx_.jpeg","datePublished":"2026-02-02T15:38:51+00:00","breadcrumb":{"@id":"https:\/\/noti-america.com\/site\/mexico\/2026\/02\/02\/sabrina-carpenter-deslumbra-en-los-grammys-2026-con-manchild\/#breadcrumb"},"inLanguage":"es","potentialAction":[{"@type":"ReadAction","target":["https:\/\/noti-america.com\/site\/mexico\/2026\/02\/02\/sabrina-carpenter-deslumbra-en-los-grammys-2026-con-manchild\/"]}]},{"@type":"ImageObject","inLanguage":"es","@id":"https:\/\/noti-america.com\/site\/mexico\/2026\/02\/02\/sabrina-carpenter-deslumbra-en-los-grammys-2026-con-manchild\/#primaryimage","url":"https:\/\/noti-america.com\/site\/mexico\/wp-content\/uploads\/sites\/13\/2026\/02\/Screenshot_2-2-2026_113824_media.vogue_.mx_.jpeg","contentUrl":"https:\/\/noti-america.com\/site\/mexico\/wp-content\/uploads\/sites\/13\/2026\/02\/Screenshot_2-2-2026_113824_media.vogue_.mx_.jpeg","width":427,"height":635},{"@type":"BreadcrumbList","@id":"https:\/\/noti-america.com\/site\/mexico\/2026\/02\/02\/sabrina-carpenter-deslumbra-en-los-grammys-2026-con-manchild\/#breadcrumb","itemListElement":[{"@type":"ListItem","position":1,"name":"Portada","item":"https:\/\/noti-america.com\/site\/mexico\/"},{"@type":"ListItem","position":2,"name":"Sabrina Carpenter deslumbra en los Grammys 2026 con \u201cManchild\u201d"}]},{"@type":"WebSite","@id":"https:\/\/noti-america.com\/site\/mexico\/#website","url":"https:\/\/noti-america.com\/site\/mexico\/","name":"M\u00e9xico | Noti-America.com","description":"","publisher":{"@id":"https:\/\/noti-america.com\/site\/mexico\/#organization"},"potentialAction":[{"@type":"SearchAction","target":{"@type":"EntryPoint","urlTemplate":"https:\/\/noti-america.com\/site\/mexico\/?s={search_term_string}"},"query-input":{"@type":"PropertyValueSpecification","valueRequired":true,"valueName":"search_term_string"}}],"inLanguage":"es"},{"@type":"Organization","@id":"https:\/\/noti-america.com\/site\/mexico\/#organization","name":"Noti-America LLC | M\u00e9xico","url":"https:\/\/noti-america.com\/site\/mexico\/","logo":{"@type":"ImageObject","inLanguage":"es","@id":"https:\/\/noti-america.com\/site\/mexico\/#\/schema\/logo\/image\/","url":"https:\/\/noti-america.com\/site\/mexico\/wp-content\/uploads\/sites\/13\/2020\/07\/LogoNA-4x3-1.jpg","contentUrl":"https:\/\/noti-america.com\/site\/mexico\/wp-content\/uploads\/sites\/13\/2020\/07\/LogoNA-4x3-1.jpg","width":1236,"height":1080,"caption":"Noti-America LLC | M\u00e9xico"},"image":{"@id":"https:\/\/noti-america.com\/site\/mexico\/#\/schema\/logo\/image\/"}},{"@type":"Person","@id":"https:\/\/noti-america.com\/site\/mexico\/#\/schema\/person\/22806efcc2cfc4b45efb0e17be210ea8","name":"Maria Valentina Noguera Medina","image":{"@type":"ImageObject","inLanguage":"es","@id":"https:\/\/secure.gravatar.com\/avatar\/4ec5eb9d099f2608a49c9df6f7341f66f04f819cdffa09d56a7a0e91d2819d56?s=96&d=mm&r=g","url":"https:\/\/secure.gravatar.com\/avatar\/4ec5eb9d099f2608a49c9df6f7341f66f04f819cdffa09d56a7a0e91d2819d56?s=96&d=mm&r=g","contentUrl":"https:\/\/secure.gravatar.com\/avatar\/4ec5eb9d099f2608a49c9df6f7341f66f04f819cdffa09d56a7a0e91d2819d56?s=96&d=mm&r=g","caption":"Maria Valentina Noguera Medina"},"description":"Periodista - noti-america - Promar Community Manager - Talento Plus Dise\u00f1adora\/ creadora de contenido...","sameAs":["Mar\u00eda Valentina Noguera","https:\/\/www.facebook.com\/mariavalentina.noguera","https:\/\/www.linkedin.com\/in\/mara-valentina-noguera-medina-373075165\/","https:\/\/www.pinterest.es\/valentinanoguera95\/","https:\/\/www.youtube.com\/channel\/UCdek6mbUZ-Tqqw0I63i4nmQ"],"url":"https:\/\/noti-america.com\/site\/mexico\/author\/mnoguera\/"}]}},"_links":{"self":[{"href":"https:\/\/noti-america.com\/site\/mexico\/wp-json\/wp\/v2\/posts\/18374","targetHints":{"allow":["GET"]}}],"collection":[{"href":"https:\/\/noti-america.com\/site\/mexico\/wp-json\/wp\/v2\/posts"}],"about":[{"href":"https:\/\/noti-america.com\/site\/mexico\/wp-json\/wp\/v2\/types\/post"}],"author":[{"embeddable":true,"href":"https:\/\/noti-america.com\/site\/mexico\/wp-json\/wp\/v2\/users\/133"}],"replies":[{"embeddable":true,"href":"https:\/\/noti-america.com\/site\/mexico\/wp-json\/wp\/v2\/comments?post=18374"}],"version-history":[{"count":1,"href":"https:\/\/noti-america.com\/site\/mexico\/wp-json\/wp\/v2\/posts\/18374\/revisions"}],"predecessor-version":[{"id":18377,"href":"https:\/\/noti-america.com\/site\/mexico\/wp-json\/wp\/v2\/posts\/18374\/revisions\/18377"}],"wp:featuredmedia":[{"embeddable":true,"href":"https:\/\/noti-america.com\/site\/mexico\/wp-json\/wp\/v2\/media\/18376"}],"wp:attachment":[{"href":"https:\/\/noti-america.com\/site\/mexico\/wp-json\/wp\/v2\/media?parent=18374"}],"wp:term":[{"taxonomy":"category","embeddable":true,"href":"https:\/\/noti-america.com\/site\/mexico\/wp-json\/wp\/v2\/categories?post=18374"},{"taxonomy":"post_tag","embeddable":true,"href":"https:\/\/noti-america.com\/site\/mexico\/wp-json\/wp\/v2\/tags?post=18374"}],"curies":[{"name":"wp","href":"https:\/\/api.w.org\/{rel}","templated":true}]}}