{"id":17510,"date":"2025-10-22T16:29:10","date_gmt":"2025-10-22T16:29:10","guid":{"rendered":"https:\/\/noti-america.com\/site\/mexico\/?p=17510"},"modified":"2025-10-22T16:29:10","modified_gmt":"2025-10-22T16:29:10","slug":"ciao-emily-en-paris-netflix-sorprende-con-el-trailer-de-la-quinta-temporada-de-la-serie-con-lily-collins","status":"publish","type":"post","link":"https:\/\/noti-america.com\/site\/mexico\/2025\/10\/22\/ciao-emily-en-paris-netflix-sorprende-con-el-trailer-de-la-quinta-temporada-de-la-serie-con-lily-collins\/","title":{"rendered":"Ciao, &#8216;Emily en Par\u00eds&#8217;: Netflix sorprende con el tr\u00e1iler de la quinta temporada de la serie con Lily Collins"},"content":{"rendered":"<p>NOTI-AMERICA.COM | M\u00c9XICO<\/p>\n<p style=\"text-align: justify\">Tras cuatro temporadas que conquistaban al p\u00fablico de Netflix, Emily en Par\u00eds est\u00e1 a punto de regresar con una mudanza a Italia. El personaje interpretado por Lily Collins regresar\u00e1 muy pronto a la plataforma, quien ha anunciado la fecha de estreno de la quinta temporada y ha compartido nuevas im\u00e1genes.<\/p>\n<p style=\"text-align: justify\">La producci\u00f3n ya decidi\u00f3 en su entrega anterior trasladarse hasta Roma desde Par\u00eds (a pesar de que la ciudad francesa le d\u00e9 su t\u00edtulo), lo que fue capaz de causar un pintoresco conflicto internacional, pero no se quedar\u00e1 en la capital italiana.<\/p>\n<p style=\"text-align: justify\">Estos meses nos enter\u00e1bamos de que el personaje de Emily, adem\u00e1s de mudarse a Roma, har\u00e1 alg\u00fan tipo de viaje a Venecia durante su estancia en el pa\u00eds. \u00bfCon qu\u00e9 nos sorprender\u00e1 la directora de marketing?<\/p>\n<h2 class=\"c-paragraph__title\" style=\"text-align: justify\">&#8216;Emily en Par\u00eds&#8217;: tr\u00e1iler de la temporada 5<\/h2>\n<p class=\"c-paragraph\" style=\"text-align: justify\">A menos de dos meses del lanzamiento de los episodios, Netflix ha publicado el tr\u00e1iler de la quinta temporada.<\/p>\n<div class=\"video-container\"><iframe loading=\"lazy\" title=\"Emily in Paris | Season 5 Official Teaser | Netflix\" width=\"500\" height=\"281\" src=\"https:\/\/www.youtube.com\/embed\/ML3J2T21afY?feature=oembed&#038;wmode=opaque\" frameborder=\"0\" allow=\"accelerometer; autoplay; clipboard-write; encrypted-media; gyroscope; picture-in-picture; web-share\" referrerpolicy=\"strict-origin-when-cross-origin\" allowfullscreen><\/iframe><\/div>\n<h2 class=\"c-paragraph__title\" style=\"text-align: justify\">Fecha de estreno de &#8216;Emily en Par\u00eds&#8217; 5T en Netflix<\/h2>\n<p class=\"c-paragraph\" style=\"text-align: justify\">Netflix ha anunciado que la\u00a0quinta temporada de\u00a0Emily en Par\u00eds\u00a0llegar\u00e1 el pr\u00f3ximo\u00a018 de diciembre, tan solo unos d\u00edas antes de que la plataforma estrene el desenlace de\u00a0Stranger Things.<\/p>\n","protected":false},"excerpt":{"rendered":"<p>NOTI-AMERICA.COM | M\u00c9XICO Tras cuatro temporadas que conquistaban al p\u00fablico de Netflix, Emily en Par\u00eds est\u00e1 a punto de regresar con una mudanza a Italia. El personaje interpretado por Lily Collins regresar\u00e1 muy pronto&#46;&#46;&#46;<\/p>\n","protected":false},"author":133,"featured_media":17511,"comment_status":"open","ping_status":"open","sticky":false,"template":"","format":"image","meta":{"_acf_changed":false,"om_disable_all_campaigns":false,"rop_custom_images_group":[],"rop_custom_messages_group":[],"rop_publish_now":"no","rop_publish_now_accounts":{"twitter_242054905_242054905":""},"rop_publish_now_history":[{"account":"twitter_242054905_242054905","service":"twitter","timestamp":1761150552,"status":"queued"}],"rop_publish_now_status":"queued","_uf_show_specific_survey":0,"_uf_disable_surveys":false,"footnotes":""},"categories":[722],"tags":[],"class_list":["post-17510","post","type-post","status-publish","format-image","has-post-thumbnail","hentry","category-actualidad","post_format-post-format-image"],"acf":[],"aioseo_notices":[],"yoast_head":"<!-- This site is optimized with the Yoast SEO Premium plugin v24.9 (Yoast SEO v27.2) - https:\/\/yoast.com\/product\/yoast-seo-premium-wordpress\/ -->\n<title>Ciao, &#039;Emily en Par\u00eds&#039;: Netflix sorprende con el tr\u00e1iler de la quinta temporada de la serie con Lily Collins - M\u00e9xico<\/title>\n<meta name=\"robots\" content=\"index, follow, max-snippet:-1, max-image-preview:large, max-video-preview:-1\" \/>\n<link rel=\"canonical\" href=\"https:\/\/noti-america.com\/site\/mexico\/2025\/10\/22\/ciao-emily-en-paris-netflix-sorprende-con-el-trailer-de-la-quinta-temporada-de-la-serie-con-lily-collins\/\" \/>\n<meta property=\"og:locale\" content=\"es_ES\" \/>\n<meta property=\"og:type\" content=\"article\" \/>\n<meta property=\"og:title\" content=\"Ciao, &#039;Emily en Par\u00eds&#039;: Netflix sorprende con el tr\u00e1iler de la quinta temporada de la serie con Lily Collins\" \/>\n<meta property=\"og:description\" content=\"NOTI-AMERICA.COM | M\u00c9XICO Tras cuatro temporadas que conquistaban al p\u00fablico de Netflix, Emily en Par\u00eds est\u00e1 a punto de regresar con una mudanza a Italia. El personaje interpretado por Lily Collins regresar\u00e1 muy pronto&#046;&#046;&#046;\" \/>\n<meta property=\"og:url\" content=\"https:\/\/noti-america.com\/site\/mexico\/2025\/10\/22\/ciao-emily-en-paris-netflix-sorprende-con-el-trailer-de-la-quinta-temporada-de-la-serie-con-lily-collins\/\" \/>\n<meta property=\"og:site_name\" content=\"M\u00e9xico\" \/>\n<meta property=\"article:author\" content=\"Mar\u00eda Valentina Noguera\" \/>\n<meta property=\"article:published_time\" content=\"2025-10-22T16:29:10+00:00\" \/>\n<meta property=\"og:image\" content=\"https:\/\/noti-america.com\/site\/mexico\/wp-content\/uploads\/sites\/13\/2025\/10\/Screenshot_22-10-2025_122313_imagenes.20minutos.es_.jpeg\" \/>\n\t<meta property=\"og:image:width\" content=\"1178\" \/>\n\t<meta property=\"og:image:height\" content=\"600\" \/>\n\t<meta property=\"og:image:type\" content=\"image\/jpeg\" \/>\n<meta name=\"author\" content=\"Maria Valentina Noguera Medina\" \/>\n<meta name=\"twitter:card\" content=\"summary_large_image\" \/>\n<meta name=\"twitter:label1\" content=\"Escrito por\" \/>\n\t<meta name=\"twitter:data1\" content=\"Maria Valentina Noguera Medina\" \/>\n\t<meta name=\"twitter:label2\" content=\"Tiempo estimado de lectura\" \/>\n\t<meta name=\"twitter:data2\" content=\"1 minuto\" \/>\n<script type=\"application\/ld+json\" class=\"yoast-schema-graph\">{\"@context\":\"https:\/\/schema.org\",\"@graph\":[{\"@type\":\"Article\",\"@id\":\"https:\/\/noti-america.com\/site\/mexico\/2025\/10\/22\/ciao-emily-en-paris-netflix-sorprende-con-el-trailer-de-la-quinta-temporada-de-la-serie-con-lily-collins\/#article\",\"isPartOf\":{\"@id\":\"https:\/\/noti-america.com\/site\/mexico\/2025\/10\/22\/ciao-emily-en-paris-netflix-sorprende-con-el-trailer-de-la-quinta-temporada-de-la-serie-con-lily-collins\/\"},\"author\":{\"name\":\"Maria Valentina Noguera Medina\",\"@id\":\"https:\/\/noti-america.com\/site\/mexico\/#\/schema\/person\/22806efcc2cfc4b45efb0e17be210ea8\"},\"headline\":\"Ciao, &#8216;Emily en Par\u00eds&#8217;: Netflix sorprende con el tr\u00e1iler de la quinta temporada de la serie con Lily Collins\",\"datePublished\":\"2025-10-22T16:29:10+00:00\",\"mainEntityOfPage\":{\"@id\":\"https:\/\/noti-america.com\/site\/mexico\/2025\/10\/22\/ciao-emily-en-paris-netflix-sorprende-con-el-trailer-de-la-quinta-temporada-de-la-serie-con-lily-collins\/\"},\"wordCount\":244,\"commentCount\":0,\"publisher\":{\"@id\":\"https:\/\/noti-america.com\/site\/mexico\/#organization\"},\"image\":{\"@id\":\"https:\/\/noti-america.com\/site\/mexico\/2025\/10\/22\/ciao-emily-en-paris-netflix-sorprende-con-el-trailer-de-la-quinta-temporada-de-la-serie-con-lily-collins\/#primaryimage\"},\"thumbnailUrl\":\"https:\/\/noti-america.com\/site\/mexico\/wp-content\/uploads\/sites\/13\/2025\/10\/Screenshot_22-10-2025_122313_imagenes.20minutos.es_.jpeg\",\"articleSection\":[\"Actualidad\"],\"inLanguage\":\"es\",\"potentialAction\":[{\"@type\":\"CommentAction\",\"name\":\"Comment\",\"target\":[\"https:\/\/noti-america.com\/site\/mexico\/2025\/10\/22\/ciao-emily-en-paris-netflix-sorprende-con-el-trailer-de-la-quinta-temporada-de-la-serie-con-lily-collins\/#respond\"]}]},{\"@type\":\"WebPage\",\"@id\":\"https:\/\/noti-america.com\/site\/mexico\/2025\/10\/22\/ciao-emily-en-paris-netflix-sorprende-con-el-trailer-de-la-quinta-temporada-de-la-serie-con-lily-collins\/\",\"url\":\"https:\/\/noti-america.com\/site\/mexico\/2025\/10\/22\/ciao-emily-en-paris-netflix-sorprende-con-el-trailer-de-la-quinta-temporada-de-la-serie-con-lily-collins\/\",\"name\":\"Ciao, 'Emily en Par\u00eds': Netflix sorprende con el tr\u00e1iler de la quinta temporada de la serie con Lily Collins - M\u00e9xico\",\"isPartOf\":{\"@id\":\"https:\/\/noti-america.com\/site\/mexico\/#website\"},\"primaryImageOfPage\":{\"@id\":\"https:\/\/noti-america.com\/site\/mexico\/2025\/10\/22\/ciao-emily-en-paris-netflix-sorprende-con-el-trailer-de-la-quinta-temporada-de-la-serie-con-lily-collins\/#primaryimage\"},\"image\":{\"@id\":\"https:\/\/noti-america.com\/site\/mexico\/2025\/10\/22\/ciao-emily-en-paris-netflix-sorprende-con-el-trailer-de-la-quinta-temporada-de-la-serie-con-lily-collins\/#primaryimage\"},\"thumbnailUrl\":\"https:\/\/noti-america.com\/site\/mexico\/wp-content\/uploads\/sites\/13\/2025\/10\/Screenshot_22-10-2025_122313_imagenes.20minutos.es_.jpeg\",\"datePublished\":\"2025-10-22T16:29:10+00:00\",\"breadcrumb\":{\"@id\":\"https:\/\/noti-america.com\/site\/mexico\/2025\/10\/22\/ciao-emily-en-paris-netflix-sorprende-con-el-trailer-de-la-quinta-temporada-de-la-serie-con-lily-collins\/#breadcrumb\"},\"inLanguage\":\"es\",\"potentialAction\":[{\"@type\":\"ReadAction\",\"target\":[\"https:\/\/noti-america.com\/site\/mexico\/2025\/10\/22\/ciao-emily-en-paris-netflix-sorprende-con-el-trailer-de-la-quinta-temporada-de-la-serie-con-lily-collins\/\"]}]},{\"@type\":\"ImageObject\",\"inLanguage\":\"es\",\"@id\":\"https:\/\/noti-america.com\/site\/mexico\/2025\/10\/22\/ciao-emily-en-paris-netflix-sorprende-con-el-trailer-de-la-quinta-temporada-de-la-serie-con-lily-collins\/#primaryimage\",\"url\":\"https:\/\/noti-america.com\/site\/mexico\/wp-content\/uploads\/sites\/13\/2025\/10\/Screenshot_22-10-2025_122313_imagenes.20minutos.es_.jpeg\",\"contentUrl\":\"https:\/\/noti-america.com\/site\/mexico\/wp-content\/uploads\/sites\/13\/2025\/10\/Screenshot_22-10-2025_122313_imagenes.20minutos.es_.jpeg\",\"width\":1178,\"height\":600},{\"@type\":\"BreadcrumbList\",\"@id\":\"https:\/\/noti-america.com\/site\/mexico\/2025\/10\/22\/ciao-emily-en-paris-netflix-sorprende-con-el-trailer-de-la-quinta-temporada-de-la-serie-con-lily-collins\/#breadcrumb\",\"itemListElement\":[{\"@type\":\"ListItem\",\"position\":1,\"name\":\"Portada\",\"item\":\"https:\/\/noti-america.com\/site\/mexico\/\"},{\"@type\":\"ListItem\",\"position\":2,\"name\":\"Ciao, &#8216;Emily en Par\u00eds&#8217;: Netflix sorprende con el tr\u00e1iler de la quinta temporada de la serie con Lily Collins\"}]},{\"@type\":\"WebSite\",\"@id\":\"https:\/\/noti-america.com\/site\/mexico\/#website\",\"url\":\"https:\/\/noti-america.com\/site\/mexico\/\",\"name\":\"M\u00e9xico | Noti-America.com\",\"description\":\"\",\"publisher\":{\"@id\":\"https:\/\/noti-america.com\/site\/mexico\/#organization\"},\"potentialAction\":[{\"@type\":\"SearchAction\",\"target\":{\"@type\":\"EntryPoint\",\"urlTemplate\":\"https:\/\/noti-america.com\/site\/mexico\/?s={search_term_string}\"},\"query-input\":{\"@type\":\"PropertyValueSpecification\",\"valueRequired\":true,\"valueName\":\"search_term_string\"}}],\"inLanguage\":\"es\"},{\"@type\":\"Organization\",\"@id\":\"https:\/\/noti-america.com\/site\/mexico\/#organization\",\"name\":\"Noti-America LLC | M\u00e9xico\",\"url\":\"https:\/\/noti-america.com\/site\/mexico\/\",\"logo\":{\"@type\":\"ImageObject\",\"inLanguage\":\"es\",\"@id\":\"https:\/\/noti-america.com\/site\/mexico\/#\/schema\/logo\/image\/\",\"url\":\"https:\/\/noti-america.com\/site\/mexico\/wp-content\/uploads\/sites\/13\/2020\/07\/LogoNA-4x3-1.jpg\",\"contentUrl\":\"https:\/\/noti-america.com\/site\/mexico\/wp-content\/uploads\/sites\/13\/2020\/07\/LogoNA-4x3-1.jpg\",\"width\":1236,\"height\":1080,\"caption\":\"Noti-America LLC | M\u00e9xico\"},\"image\":{\"@id\":\"https:\/\/noti-america.com\/site\/mexico\/#\/schema\/logo\/image\/\"}},{\"@type\":\"Person\",\"@id\":\"https:\/\/noti-america.com\/site\/mexico\/#\/schema\/person\/22806efcc2cfc4b45efb0e17be210ea8\",\"name\":\"Maria Valentina Noguera Medina\",\"image\":{\"@type\":\"ImageObject\",\"inLanguage\":\"es\",\"@id\":\"https:\/\/secure.gravatar.com\/avatar\/4ec5eb9d099f2608a49c9df6f7341f66f04f819cdffa09d56a7a0e91d2819d56?s=96&d=mm&r=g\",\"url\":\"https:\/\/secure.gravatar.com\/avatar\/4ec5eb9d099f2608a49c9df6f7341f66f04f819cdffa09d56a7a0e91d2819d56?s=96&d=mm&r=g\",\"contentUrl\":\"https:\/\/secure.gravatar.com\/avatar\/4ec5eb9d099f2608a49c9df6f7341f66f04f819cdffa09d56a7a0e91d2819d56?s=96&d=mm&r=g\",\"caption\":\"Maria Valentina Noguera Medina\"},\"description\":\"Periodista - noti-america - Promar Community Manager - Talento Plus Dise\u00f1adora\/ creadora de contenido...\",\"sameAs\":[\"Mar\u00eda Valentina Noguera\",\"https:\/\/www.facebook.com\/mariavalentina.noguera\",\"https:\/\/www.linkedin.com\/in\/mara-valentina-noguera-medina-373075165\/\",\"https:\/\/www.pinterest.es\/valentinanoguera95\/\",\"https:\/\/www.youtube.com\/channel\/UCdek6mbUZ-Tqqw0I63i4nmQ\"],\"url\":\"https:\/\/noti-america.com\/site\/mexico\/author\/mnoguera\/\"}]}<\/script>\n<!-- \/ Yoast SEO Premium plugin. -->","yoast_head_json":{"title":"Ciao, 'Emily en Par\u00eds': Netflix sorprende con el tr\u00e1iler de la quinta temporada de la serie con Lily Collins - M\u00e9xico","robots":{"index":"index","follow":"follow","max-snippet":"max-snippet:-1","max-image-preview":"max-image-preview:large","max-video-preview":"max-video-preview:-1"},"canonical":"https:\/\/noti-america.com\/site\/mexico\/2025\/10\/22\/ciao-emily-en-paris-netflix-sorprende-con-el-trailer-de-la-quinta-temporada-de-la-serie-con-lily-collins\/","og_locale":"es_ES","og_type":"article","og_title":"Ciao, 'Emily en Par\u00eds': Netflix sorprende con el tr\u00e1iler de la quinta temporada de la serie con Lily Collins","og_description":"NOTI-AMERICA.COM | M\u00c9XICO Tras cuatro temporadas que conquistaban al p\u00fablico de Netflix, Emily en Par\u00eds est\u00e1 a punto de regresar con una mudanza a Italia. El personaje interpretado por Lily Collins regresar\u00e1 muy pronto&#46;&#46;&#46;","og_url":"https:\/\/noti-america.com\/site\/mexico\/2025\/10\/22\/ciao-emily-en-paris-netflix-sorprende-con-el-trailer-de-la-quinta-temporada-de-la-serie-con-lily-collins\/","og_site_name":"M\u00e9xico","article_author":"Mar\u00eda Valentina Noguera","article_published_time":"2025-10-22T16:29:10+00:00","og_image":[{"width":1178,"height":600,"url":"https:\/\/noti-america.com\/site\/mexico\/wp-content\/uploads\/sites\/13\/2025\/10\/Screenshot_22-10-2025_122313_imagenes.20minutos.es_.jpeg","type":"image\/jpeg"}],"author":"Maria Valentina Noguera Medina","twitter_card":"summary_large_image","twitter_misc":{"Escrito por":"Maria Valentina Noguera Medina","Tiempo estimado de lectura":"1 minuto"},"schema":{"@context":"https:\/\/schema.org","@graph":[{"@type":"Article","@id":"https:\/\/noti-america.com\/site\/mexico\/2025\/10\/22\/ciao-emily-en-paris-netflix-sorprende-con-el-trailer-de-la-quinta-temporada-de-la-serie-con-lily-collins\/#article","isPartOf":{"@id":"https:\/\/noti-america.com\/site\/mexico\/2025\/10\/22\/ciao-emily-en-paris-netflix-sorprende-con-el-trailer-de-la-quinta-temporada-de-la-serie-con-lily-collins\/"},"author":{"name":"Maria Valentina Noguera Medina","@id":"https:\/\/noti-america.com\/site\/mexico\/#\/schema\/person\/22806efcc2cfc4b45efb0e17be210ea8"},"headline":"Ciao, &#8216;Emily en Par\u00eds&#8217;: Netflix sorprende con el tr\u00e1iler de la quinta temporada de la serie con Lily Collins","datePublished":"2025-10-22T16:29:10+00:00","mainEntityOfPage":{"@id":"https:\/\/noti-america.com\/site\/mexico\/2025\/10\/22\/ciao-emily-en-paris-netflix-sorprende-con-el-trailer-de-la-quinta-temporada-de-la-serie-con-lily-collins\/"},"wordCount":244,"commentCount":0,"publisher":{"@id":"https:\/\/noti-america.com\/site\/mexico\/#organization"},"image":{"@id":"https:\/\/noti-america.com\/site\/mexico\/2025\/10\/22\/ciao-emily-en-paris-netflix-sorprende-con-el-trailer-de-la-quinta-temporada-de-la-serie-con-lily-collins\/#primaryimage"},"thumbnailUrl":"https:\/\/noti-america.com\/site\/mexico\/wp-content\/uploads\/sites\/13\/2025\/10\/Screenshot_22-10-2025_122313_imagenes.20minutos.es_.jpeg","articleSection":["Actualidad"],"inLanguage":"es","potentialAction":[{"@type":"CommentAction","name":"Comment","target":["https:\/\/noti-america.com\/site\/mexico\/2025\/10\/22\/ciao-emily-en-paris-netflix-sorprende-con-el-trailer-de-la-quinta-temporada-de-la-serie-con-lily-collins\/#respond"]}]},{"@type":"WebPage","@id":"https:\/\/noti-america.com\/site\/mexico\/2025\/10\/22\/ciao-emily-en-paris-netflix-sorprende-con-el-trailer-de-la-quinta-temporada-de-la-serie-con-lily-collins\/","url":"https:\/\/noti-america.com\/site\/mexico\/2025\/10\/22\/ciao-emily-en-paris-netflix-sorprende-con-el-trailer-de-la-quinta-temporada-de-la-serie-con-lily-collins\/","name":"Ciao, 'Emily en Par\u00eds': Netflix sorprende con el tr\u00e1iler de la quinta temporada de la serie con Lily Collins - M\u00e9xico","isPartOf":{"@id":"https:\/\/noti-america.com\/site\/mexico\/#website"},"primaryImageOfPage":{"@id":"https:\/\/noti-america.com\/site\/mexico\/2025\/10\/22\/ciao-emily-en-paris-netflix-sorprende-con-el-trailer-de-la-quinta-temporada-de-la-serie-con-lily-collins\/#primaryimage"},"image":{"@id":"https:\/\/noti-america.com\/site\/mexico\/2025\/10\/22\/ciao-emily-en-paris-netflix-sorprende-con-el-trailer-de-la-quinta-temporada-de-la-serie-con-lily-collins\/#primaryimage"},"thumbnailUrl":"https:\/\/noti-america.com\/site\/mexico\/wp-content\/uploads\/sites\/13\/2025\/10\/Screenshot_22-10-2025_122313_imagenes.20minutos.es_.jpeg","datePublished":"2025-10-22T16:29:10+00:00","breadcrumb":{"@id":"https:\/\/noti-america.com\/site\/mexico\/2025\/10\/22\/ciao-emily-en-paris-netflix-sorprende-con-el-trailer-de-la-quinta-temporada-de-la-serie-con-lily-collins\/#breadcrumb"},"inLanguage":"es","potentialAction":[{"@type":"ReadAction","target":["https:\/\/noti-america.com\/site\/mexico\/2025\/10\/22\/ciao-emily-en-paris-netflix-sorprende-con-el-trailer-de-la-quinta-temporada-de-la-serie-con-lily-collins\/"]}]},{"@type":"ImageObject","inLanguage":"es","@id":"https:\/\/noti-america.com\/site\/mexico\/2025\/10\/22\/ciao-emily-en-paris-netflix-sorprende-con-el-trailer-de-la-quinta-temporada-de-la-serie-con-lily-collins\/#primaryimage","url":"https:\/\/noti-america.com\/site\/mexico\/wp-content\/uploads\/sites\/13\/2025\/10\/Screenshot_22-10-2025_122313_imagenes.20minutos.es_.jpeg","contentUrl":"https:\/\/noti-america.com\/site\/mexico\/wp-content\/uploads\/sites\/13\/2025\/10\/Screenshot_22-10-2025_122313_imagenes.20minutos.es_.jpeg","width":1178,"height":600},{"@type":"BreadcrumbList","@id":"https:\/\/noti-america.com\/site\/mexico\/2025\/10\/22\/ciao-emily-en-paris-netflix-sorprende-con-el-trailer-de-la-quinta-temporada-de-la-serie-con-lily-collins\/#breadcrumb","itemListElement":[{"@type":"ListItem","position":1,"name":"Portada","item":"https:\/\/noti-america.com\/site\/mexico\/"},{"@type":"ListItem","position":2,"name":"Ciao, &#8216;Emily en Par\u00eds&#8217;: Netflix sorprende con el tr\u00e1iler de la quinta temporada de la serie con Lily Collins"}]},{"@type":"WebSite","@id":"https:\/\/noti-america.com\/site\/mexico\/#website","url":"https:\/\/noti-america.com\/site\/mexico\/","name":"M\u00e9xico | Noti-America.com","description":"","publisher":{"@id":"https:\/\/noti-america.com\/site\/mexico\/#organization"},"potentialAction":[{"@type":"SearchAction","target":{"@type":"EntryPoint","urlTemplate":"https:\/\/noti-america.com\/site\/mexico\/?s={search_term_string}"},"query-input":{"@type":"PropertyValueSpecification","valueRequired":true,"valueName":"search_term_string"}}],"inLanguage":"es"},{"@type":"Organization","@id":"https:\/\/noti-america.com\/site\/mexico\/#organization","name":"Noti-America LLC | M\u00e9xico","url":"https:\/\/noti-america.com\/site\/mexico\/","logo":{"@type":"ImageObject","inLanguage":"es","@id":"https:\/\/noti-america.com\/site\/mexico\/#\/schema\/logo\/image\/","url":"https:\/\/noti-america.com\/site\/mexico\/wp-content\/uploads\/sites\/13\/2020\/07\/LogoNA-4x3-1.jpg","contentUrl":"https:\/\/noti-america.com\/site\/mexico\/wp-content\/uploads\/sites\/13\/2020\/07\/LogoNA-4x3-1.jpg","width":1236,"height":1080,"caption":"Noti-America LLC | M\u00e9xico"},"image":{"@id":"https:\/\/noti-america.com\/site\/mexico\/#\/schema\/logo\/image\/"}},{"@type":"Person","@id":"https:\/\/noti-america.com\/site\/mexico\/#\/schema\/person\/22806efcc2cfc4b45efb0e17be210ea8","name":"Maria Valentina Noguera Medina","image":{"@type":"ImageObject","inLanguage":"es","@id":"https:\/\/secure.gravatar.com\/avatar\/4ec5eb9d099f2608a49c9df6f7341f66f04f819cdffa09d56a7a0e91d2819d56?s=96&d=mm&r=g","url":"https:\/\/secure.gravatar.com\/avatar\/4ec5eb9d099f2608a49c9df6f7341f66f04f819cdffa09d56a7a0e91d2819d56?s=96&d=mm&r=g","contentUrl":"https:\/\/secure.gravatar.com\/avatar\/4ec5eb9d099f2608a49c9df6f7341f66f04f819cdffa09d56a7a0e91d2819d56?s=96&d=mm&r=g","caption":"Maria Valentina Noguera Medina"},"description":"Periodista - noti-america - Promar Community Manager - Talento Plus Dise\u00f1adora\/ creadora de contenido...","sameAs":["Mar\u00eda Valentina Noguera","https:\/\/www.facebook.com\/mariavalentina.noguera","https:\/\/www.linkedin.com\/in\/mara-valentina-noguera-medina-373075165\/","https:\/\/www.pinterest.es\/valentinanoguera95\/","https:\/\/www.youtube.com\/channel\/UCdek6mbUZ-Tqqw0I63i4nmQ"],"url":"https:\/\/noti-america.com\/site\/mexico\/author\/mnoguera\/"}]}},"_links":{"self":[{"href":"https:\/\/noti-america.com\/site\/mexico\/wp-json\/wp\/v2\/posts\/17510","targetHints":{"allow":["GET"]}}],"collection":[{"href":"https:\/\/noti-america.com\/site\/mexico\/wp-json\/wp\/v2\/posts"}],"about":[{"href":"https:\/\/noti-america.com\/site\/mexico\/wp-json\/wp\/v2\/types\/post"}],"author":[{"embeddable":true,"href":"https:\/\/noti-america.com\/site\/mexico\/wp-json\/wp\/v2\/users\/133"}],"replies":[{"embeddable":true,"href":"https:\/\/noti-america.com\/site\/mexico\/wp-json\/wp\/v2\/comments?post=17510"}],"version-history":[{"count":1,"href":"https:\/\/noti-america.com\/site\/mexico\/wp-json\/wp\/v2\/posts\/17510\/revisions"}],"predecessor-version":[{"id":17512,"href":"https:\/\/noti-america.com\/site\/mexico\/wp-json\/wp\/v2\/posts\/17510\/revisions\/17512"}],"wp:featuredmedia":[{"embeddable":true,"href":"https:\/\/noti-america.com\/site\/mexico\/wp-json\/wp\/v2\/media\/17511"}],"wp:attachment":[{"href":"https:\/\/noti-america.com\/site\/mexico\/wp-json\/wp\/v2\/media?parent=17510"}],"wp:term":[{"taxonomy":"category","embeddable":true,"href":"https:\/\/noti-america.com\/site\/mexico\/wp-json\/wp\/v2\/categories?post=17510"},{"taxonomy":"post_tag","embeddable":true,"href":"https:\/\/noti-america.com\/site\/mexico\/wp-json\/wp\/v2\/tags?post=17510"}],"curies":[{"name":"wp","href":"https:\/\/api.w.org\/{rel}","templated":true}]}}