{"id":1748,"date":"2018-12-18T04:00:28","date_gmt":"2018-12-18T04:00:28","guid":{"rendered":"http:\/\/noti-america.com\/site\/mexico\/?p=1748"},"modified":"2018-12-18T04:00:28","modified_gmt":"2018-12-18T04:00:28","slug":"comision-del-ine-avala-propuesta-para-nueva-credencial-de-elector","status":"publish","type":"post","link":"https:\/\/noti-america.com\/site\/mexico\/2018\/12\/18\/comision-del-ine-avala-propuesta-para-nueva-credencial-de-elector\/","title":{"rendered":"Comisi\u00f3n del INE avala propuesta para nueva credencial de elector"},"content":{"rendered":"<p><img loading=\"lazy\" decoding=\"async\" class=\"wp-image-1749 aligncenter\" src=\"http:\/\/noti-america.com\/site\/mexico\/wp-content\/uploads\/sites\/13\/2018\/12\/2-300x189.jpg\" alt=\"\" width=\"659\" height=\"415\" srcset=\"https:\/\/noti-america.com\/site\/mexico\/wp-content\/uploads\/sites\/13\/2018\/12\/2-300x189.jpg 300w, https:\/\/noti-america.com\/site\/mexico\/wp-content\/uploads\/sites\/13\/2018\/12\/2-768x484.jpg 768w, https:\/\/noti-america.com\/site\/mexico\/wp-content\/uploads\/sites\/13\/2018\/12\/2.jpg 770w\" sizes=\"auto, (max-width: 659px) 100vw, 659px\" \/><\/p>\n<p>&nbsp;<\/p>\n<p>&nbsp;<\/p>\n<h3>Fuente\u00a0\u00a0https:\/\/www.informador.mx\/<\/h3>\n<p>&nbsp;<\/p>\n<p>Los integrantes de la Comisi\u00f3n del Registro Federal de Electores del\u00a0<a href=\"https:\/\/www.informador.mx\/ine---instituto-nacional-electoral-t9011\" target=\"_blank\" rel=\"noopener\">INE<\/a>\u00a0aprob\u00f3 el proyecto de acuerdo para el nuevo modelo de credencial de elector, m\u00e1s segura, infalsificable, que sirva para identificar a los ciudadanos en M\u00e9xico y el extranjero.<\/p>\n<div id=\"div-gpt-ad-1524682842930-0\" data-google-query-id=\"CJjdkrO-qN8CFYYwaQod-MIJ8w\"><\/div>\n<p>En sesi\u00f3n extraordinaria, se aval\u00f3 este acuerdo que ser\u00e1 presentado al Consejo General del Instituto Nacional Electoral (INE), el pr\u00f3ximo mi\u00e9rcoles 19 de diciembre, y\u00a0propone incluir elementos para fortalecerla contra riesgos de falsificaci\u00f3n, alteraci\u00f3n, duplicaci\u00f3n, diversificaci\u00f3n y simulaci\u00f3n.<\/p>\n<div id=\"div-pos-2\"><\/div>\n<div id=\"div-gpt-ad-1539621500235-0\" data-google-query-id=\"CIWHkrO-qN8CFViNaQod_FAFLg\"><\/div>\n<p>El secretario t\u00e9cnico de la comisi\u00f3n, Rene Miranda, se\u00f1al\u00f3 que la primera novedad es la\u00a0incorporaci\u00f3n de los c\u00f3digos bidimensionales de alta intensidad \u00a0para el almacenamiento y acceso r\u00e1pido, denominados QR, que brindan un control de informaci\u00f3n acotadas para tener la posibilidad de verificar la autenticidad de los datos asentados en las credenciales.<\/p>\n<p>Se aument\u00f3 el n\u00famero de los caracteres para los nombres y apellidos de los titulares de la credencial; reubicaci\u00f3n de la firma digitalizada, pasarla del anverso a debajo de la fotograf\u00eda; se resalta la secci\u00f3n electoral, m\u00e1s clara su ubicaci\u00f3n y se define un t\u00e9rmino de vigencia, que incluye las fechas de expedici\u00f3n y vencimiento de la credencial.<\/p>\n<p>Miranda Jaimes resalt\u00f3 que estos ajustes tienen el prop\u00f3sito de fortalecer la credencial, en un futuro inmediato y mediano plazo, como un instrumento confiable, ya que\u00a0incorpora medidas que puedan ser verificadas por cualquier persona que lo requiera.<\/p>\n<p>En la discusi\u00f3n, la consejera Dania Ravel hizo la observaci\u00f3n de que en este nuevo modelo se hace visible el sexo de la persona a quien se expide, por lo que propuso que debido a la demanda de diversos grupos, como la comunidad trans, este dato tambi\u00e9n se incluya en el c\u00f3digo QR o que se le plantee al titular la opci\u00f3n de\u00a0elegir si aparece o no su sexo.<\/p>\n<p>En su oportunidad, el consejero Enrique Andrade inform\u00f3 que\u00a0los mexicanos residentes en el extranjero, sobre todo los que viven en Estados Unidos, le han solicitado que en la credencial no aparezca la leyenda \u00abpara votar desde el extranjero\u00bb porque les genera discriminaci\u00f3n, por lo que propuso que quede dentro del c\u00f3digo QR, ya que es un documento v\u00e1lido para identificarse tanto en este pa\u00eds como en el vecino del norte.<\/p>\n<p>Dio a conocer que desde febrero de 2016, los migrantes mexicanos han tramitado esta credencial y se han entregado aproximadamente 600 mil.<\/p>\n<p>Por otra parte,\u00a0se entregaron los informes para el reemplazo de credenciales que perder\u00e1n su vigencia el pr\u00f3ximo a\u00f1o, que a finales de octubre sumaban 6.6 millones, de las cuales 4.8 millones son aquellas que tienen el n\u00famero 18, y 1.8 millones que indican la vigencia de los 10 a\u00f1os, pues se denominan credenciales con vigencia 2008.<\/p>\n<p>Finalmente,\u00a0se aprob\u00f3 presentar un acuerdo para extender la vigencia de estas credenciales para que puedan ser utilizadas en los procesos electorales locales que se efectuar\u00e1n en 2019.<\/p>\n","protected":false},"excerpt":{"rendered":"<p>&nbsp; &nbsp; Fuente\u00a0\u00a0https:\/\/www.informador.mx\/ &nbsp; Los integrantes de la Comisi\u00f3n del Registro Federal de Electores del\u00a0INE\u00a0aprob\u00f3 el proyecto de acuerdo para el nuevo modelo de credencial de elector, m\u00e1s segura, infalsificable, que sirva para identificar&#46;&#46;&#46;<\/p>\n","protected":false},"author":28,"featured_media":1749,"comment_status":"open","ping_status":"open","sticky":false,"template":"","format":"standard","meta":{"_acf_changed":false,"om_disable_all_campaigns":false,"rop_custom_images_group":[],"rop_custom_messages_group":[],"rop_publish_now":"initial","rop_publish_now_accounts":{"twitter_242054905_242054905":""},"rop_publish_now_history":[],"rop_publish_now_status":"pending","_uf_show_specific_survey":0,"_uf_disable_surveys":false,"footnotes":""},"categories":[1],"tags":[104],"class_list":["post-1748","post","type-post","status-publish","format-standard","has-post-thumbnail","hentry","category-uncategorized","tag-comision-del-ine-avala-propuesta-para-nueva-credencial-de-elector"],"acf":[],"aioseo_notices":[],"yoast_head":"<!-- This site is optimized with the Yoast SEO Premium plugin v24.9 (Yoast SEO v27.2) - https:\/\/yoast.com\/product\/yoast-seo-premium-wordpress\/ -->\n<title>Comisi\u00f3n del INE avala propuesta para nueva credencial de elector - M\u00e9xico<\/title>\n<meta name=\"robots\" content=\"index, follow, max-snippet:-1, max-image-preview:large, max-video-preview:-1\" \/>\n<link rel=\"canonical\" href=\"https:\/\/noti-america.com\/site\/mexico\/2018\/12\/18\/comision-del-ine-avala-propuesta-para-nueva-credencial-de-elector\/\" \/>\n<meta property=\"og:locale\" content=\"es_ES\" \/>\n<meta property=\"og:type\" content=\"article\" \/>\n<meta property=\"og:title\" content=\"Comisi\u00f3n del INE avala propuesta para nueva credencial de elector\" \/>\n<meta property=\"og:description\" content=\"&nbsp; &nbsp; Fuente\u00a0\u00a0https:\/\/www.informador.mx\/ &nbsp; Los integrantes de la Comisi\u00f3n del Registro Federal de Electores del\u00a0INE\u00a0aprob\u00f3 el proyecto de acuerdo para el nuevo modelo de credencial de elector, m\u00e1s segura, infalsificable, que sirva para identificar&#046;&#046;&#046;\" \/>\n<meta property=\"og:url\" content=\"https:\/\/noti-america.com\/site\/mexico\/2018\/12\/18\/comision-del-ine-avala-propuesta-para-nueva-credencial-de-elector\/\" \/>\n<meta property=\"og:site_name\" content=\"M\u00e9xico\" \/>\n<meta property=\"article:published_time\" content=\"2018-12-18T04:00:28+00:00\" \/>\n<meta property=\"og:image\" content=\"https:\/\/noti-america.com\/site\/mexico\/wp-content\/uploads\/sites\/13\/2018\/12\/2.jpg\" \/>\n\t<meta property=\"og:image:width\" content=\"770\" \/>\n\t<meta property=\"og:image:height\" content=\"485\" \/>\n\t<meta property=\"og:image:type\" content=\"image\/jpeg\" \/>\n<meta name=\"author\" content=\"Redacci\u00f3n NA-NY\" \/>\n<meta name=\"twitter:card\" content=\"summary_large_image\" \/>\n<meta name=\"twitter:label1\" content=\"Escrito por\" \/>\n\t<meta name=\"twitter:data1\" content=\"Redacci\u00f3n NA-NY\" \/>\n\t<meta name=\"twitter:label2\" content=\"Tiempo estimado de lectura\" \/>\n\t<meta name=\"twitter:data2\" content=\"3 minutos\" \/>\n<script type=\"application\/ld+json\" class=\"yoast-schema-graph\">{\"@context\":\"https:\/\/schema.org\",\"@graph\":[{\"@type\":\"Article\",\"@id\":\"https:\/\/noti-america.com\/site\/mexico\/2018\/12\/18\/comision-del-ine-avala-propuesta-para-nueva-credencial-de-elector\/#article\",\"isPartOf\":{\"@id\":\"https:\/\/noti-america.com\/site\/mexico\/2018\/12\/18\/comision-del-ine-avala-propuesta-para-nueva-credencial-de-elector\/\"},\"author\":{\"name\":\"Redacci\u00f3n NA-NY\",\"@id\":\"https:\/\/noti-america.com\/site\/mexico\/#\/schema\/person\/db5a6527aaddfc34b3753d557a1292f0\"},\"headline\":\"Comisi\u00f3n del INE avala propuesta para nueva credencial de elector\",\"datePublished\":\"2018-12-18T04:00:28+00:00\",\"mainEntityOfPage\":{\"@id\":\"https:\/\/noti-america.com\/site\/mexico\/2018\/12\/18\/comision-del-ine-avala-propuesta-para-nueva-credencial-de-elector\/\"},\"wordCount\":527,\"commentCount\":0,\"publisher\":{\"@id\":\"https:\/\/noti-america.com\/site\/mexico\/#organization\"},\"image\":{\"@id\":\"https:\/\/noti-america.com\/site\/mexico\/2018\/12\/18\/comision-del-ine-avala-propuesta-para-nueva-credencial-de-elector\/#primaryimage\"},\"thumbnailUrl\":\"https:\/\/noti-america.com\/site\/mexico\/wp-content\/uploads\/sites\/13\/2018\/12\/2.jpg\",\"keywords\":[\"Comisi\u00f3n del INE avala propuesta para nueva credencial de elector\"],\"articleSection\":[\"Uncategorized\"],\"inLanguage\":\"es\",\"potentialAction\":[{\"@type\":\"CommentAction\",\"name\":\"Comment\",\"target\":[\"https:\/\/noti-america.com\/site\/mexico\/2018\/12\/18\/comision-del-ine-avala-propuesta-para-nueva-credencial-de-elector\/#respond\"]}]},{\"@type\":\"WebPage\",\"@id\":\"https:\/\/noti-america.com\/site\/mexico\/2018\/12\/18\/comision-del-ine-avala-propuesta-para-nueva-credencial-de-elector\/\",\"url\":\"https:\/\/noti-america.com\/site\/mexico\/2018\/12\/18\/comision-del-ine-avala-propuesta-para-nueva-credencial-de-elector\/\",\"name\":\"Comisi\u00f3n del INE avala propuesta para nueva credencial de elector - M\u00e9xico\",\"isPartOf\":{\"@id\":\"https:\/\/noti-america.com\/site\/mexico\/#website\"},\"primaryImageOfPage\":{\"@id\":\"https:\/\/noti-america.com\/site\/mexico\/2018\/12\/18\/comision-del-ine-avala-propuesta-para-nueva-credencial-de-elector\/#primaryimage\"},\"image\":{\"@id\":\"https:\/\/noti-america.com\/site\/mexico\/2018\/12\/18\/comision-del-ine-avala-propuesta-para-nueva-credencial-de-elector\/#primaryimage\"},\"thumbnailUrl\":\"https:\/\/noti-america.com\/site\/mexico\/wp-content\/uploads\/sites\/13\/2018\/12\/2.jpg\",\"datePublished\":\"2018-12-18T04:00:28+00:00\",\"breadcrumb\":{\"@id\":\"https:\/\/noti-america.com\/site\/mexico\/2018\/12\/18\/comision-del-ine-avala-propuesta-para-nueva-credencial-de-elector\/#breadcrumb\"},\"inLanguage\":\"es\",\"potentialAction\":[{\"@type\":\"ReadAction\",\"target\":[\"https:\/\/noti-america.com\/site\/mexico\/2018\/12\/18\/comision-del-ine-avala-propuesta-para-nueva-credencial-de-elector\/\"]}]},{\"@type\":\"ImageObject\",\"inLanguage\":\"es\",\"@id\":\"https:\/\/noti-america.com\/site\/mexico\/2018\/12\/18\/comision-del-ine-avala-propuesta-para-nueva-credencial-de-elector\/#primaryimage\",\"url\":\"https:\/\/noti-america.com\/site\/mexico\/wp-content\/uploads\/sites\/13\/2018\/12\/2.jpg\",\"contentUrl\":\"https:\/\/noti-america.com\/site\/mexico\/wp-content\/uploads\/sites\/13\/2018\/12\/2.jpg\",\"width\":770,\"height\":485},{\"@type\":\"BreadcrumbList\",\"@id\":\"https:\/\/noti-america.com\/site\/mexico\/2018\/12\/18\/comision-del-ine-avala-propuesta-para-nueva-credencial-de-elector\/#breadcrumb\",\"itemListElement\":[{\"@type\":\"ListItem\",\"position\":1,\"name\":\"Portada\",\"item\":\"https:\/\/noti-america.com\/site\/mexico\/\"},{\"@type\":\"ListItem\",\"position\":2,\"name\":\"Comisi\u00f3n del INE avala propuesta para nueva credencial de elector\"}]},{\"@type\":\"WebSite\",\"@id\":\"https:\/\/noti-america.com\/site\/mexico\/#website\",\"url\":\"https:\/\/noti-america.com\/site\/mexico\/\",\"name\":\"M\u00e9xico | Noti-America.com\",\"description\":\"\",\"publisher\":{\"@id\":\"https:\/\/noti-america.com\/site\/mexico\/#organization\"},\"potentialAction\":[{\"@type\":\"SearchAction\",\"target\":{\"@type\":\"EntryPoint\",\"urlTemplate\":\"https:\/\/noti-america.com\/site\/mexico\/?s={search_term_string}\"},\"query-input\":{\"@type\":\"PropertyValueSpecification\",\"valueRequired\":true,\"valueName\":\"search_term_string\"}}],\"inLanguage\":\"es\"},{\"@type\":\"Organization\",\"@id\":\"https:\/\/noti-america.com\/site\/mexico\/#organization\",\"name\":\"Noti-America LLC | M\u00e9xico\",\"url\":\"https:\/\/noti-america.com\/site\/mexico\/\",\"logo\":{\"@type\":\"ImageObject\",\"inLanguage\":\"es\",\"@id\":\"https:\/\/noti-america.com\/site\/mexico\/#\/schema\/logo\/image\/\",\"url\":\"https:\/\/noti-america.com\/site\/mexico\/wp-content\/uploads\/sites\/13\/2020\/07\/LogoNA-4x3-1.jpg\",\"contentUrl\":\"https:\/\/noti-america.com\/site\/mexico\/wp-content\/uploads\/sites\/13\/2020\/07\/LogoNA-4x3-1.jpg\",\"width\":1236,\"height\":1080,\"caption\":\"Noti-America LLC | M\u00e9xico\"},\"image\":{\"@id\":\"https:\/\/noti-america.com\/site\/mexico\/#\/schema\/logo\/image\/\"}},{\"@type\":\"Person\",\"@id\":\"https:\/\/noti-america.com\/site\/mexico\/#\/schema\/person\/db5a6527aaddfc34b3753d557a1292f0\",\"name\":\"Redacci\u00f3n NA-NY\",\"image\":{\"@type\":\"ImageObject\",\"inLanguage\":\"es\",\"@id\":\"https:\/\/secure.gravatar.com\/avatar\/2bd75bb500a8deb1390f777293a9af32d934c46613d2fbac7cceb2aaa2679ae8?s=96&d=mm&r=g\",\"url\":\"https:\/\/secure.gravatar.com\/avatar\/2bd75bb500a8deb1390f777293a9af32d934c46613d2fbac7cceb2aaa2679ae8?s=96&d=mm&r=g\",\"contentUrl\":\"https:\/\/secure.gravatar.com\/avatar\/2bd75bb500a8deb1390f777293a9af32d934c46613d2fbac7cceb2aaa2679ae8?s=96&d=mm&r=g\",\"caption\":\"Redacci\u00f3n NA-NY\"},\"url\":\"https:\/\/noti-america.com\/site\/mexico\/author\/redaccionny\/\"}]}<\/script>\n<!-- \/ Yoast SEO Premium plugin. -->","yoast_head_json":{"title":"Comisi\u00f3n del INE avala propuesta para nueva credencial de elector - M\u00e9xico","robots":{"index":"index","follow":"follow","max-snippet":"max-snippet:-1","max-image-preview":"max-image-preview:large","max-video-preview":"max-video-preview:-1"},"canonical":"https:\/\/noti-america.com\/site\/mexico\/2018\/12\/18\/comision-del-ine-avala-propuesta-para-nueva-credencial-de-elector\/","og_locale":"es_ES","og_type":"article","og_title":"Comisi\u00f3n del INE avala propuesta para nueva credencial de elector","og_description":"&nbsp; &nbsp; Fuente\u00a0\u00a0https:\/\/www.informador.mx\/ &nbsp; Los integrantes de la Comisi\u00f3n del Registro Federal de Electores del\u00a0INE\u00a0aprob\u00f3 el proyecto de acuerdo para el nuevo modelo de credencial de elector, m\u00e1s segura, infalsificable, que sirva para identificar&#46;&#46;&#46;","og_url":"https:\/\/noti-america.com\/site\/mexico\/2018\/12\/18\/comision-del-ine-avala-propuesta-para-nueva-credencial-de-elector\/","og_site_name":"M\u00e9xico","article_published_time":"2018-12-18T04:00:28+00:00","og_image":[{"width":770,"height":485,"url":"https:\/\/noti-america.com\/site\/mexico\/wp-content\/uploads\/sites\/13\/2018\/12\/2.jpg","type":"image\/jpeg"}],"author":"Redacci\u00f3n NA-NY","twitter_card":"summary_large_image","twitter_misc":{"Escrito por":"Redacci\u00f3n NA-NY","Tiempo estimado de lectura":"3 minutos"},"schema":{"@context":"https:\/\/schema.org","@graph":[{"@type":"Article","@id":"https:\/\/noti-america.com\/site\/mexico\/2018\/12\/18\/comision-del-ine-avala-propuesta-para-nueva-credencial-de-elector\/#article","isPartOf":{"@id":"https:\/\/noti-america.com\/site\/mexico\/2018\/12\/18\/comision-del-ine-avala-propuesta-para-nueva-credencial-de-elector\/"},"author":{"name":"Redacci\u00f3n NA-NY","@id":"https:\/\/noti-america.com\/site\/mexico\/#\/schema\/person\/db5a6527aaddfc34b3753d557a1292f0"},"headline":"Comisi\u00f3n del INE avala propuesta para nueva credencial de elector","datePublished":"2018-12-18T04:00:28+00:00","mainEntityOfPage":{"@id":"https:\/\/noti-america.com\/site\/mexico\/2018\/12\/18\/comision-del-ine-avala-propuesta-para-nueva-credencial-de-elector\/"},"wordCount":527,"commentCount":0,"publisher":{"@id":"https:\/\/noti-america.com\/site\/mexico\/#organization"},"image":{"@id":"https:\/\/noti-america.com\/site\/mexico\/2018\/12\/18\/comision-del-ine-avala-propuesta-para-nueva-credencial-de-elector\/#primaryimage"},"thumbnailUrl":"https:\/\/noti-america.com\/site\/mexico\/wp-content\/uploads\/sites\/13\/2018\/12\/2.jpg","keywords":["Comisi\u00f3n del INE avala propuesta para nueva credencial de elector"],"articleSection":["Uncategorized"],"inLanguage":"es","potentialAction":[{"@type":"CommentAction","name":"Comment","target":["https:\/\/noti-america.com\/site\/mexico\/2018\/12\/18\/comision-del-ine-avala-propuesta-para-nueva-credencial-de-elector\/#respond"]}]},{"@type":"WebPage","@id":"https:\/\/noti-america.com\/site\/mexico\/2018\/12\/18\/comision-del-ine-avala-propuesta-para-nueva-credencial-de-elector\/","url":"https:\/\/noti-america.com\/site\/mexico\/2018\/12\/18\/comision-del-ine-avala-propuesta-para-nueva-credencial-de-elector\/","name":"Comisi\u00f3n del INE avala propuesta para nueva credencial de elector - M\u00e9xico","isPartOf":{"@id":"https:\/\/noti-america.com\/site\/mexico\/#website"},"primaryImageOfPage":{"@id":"https:\/\/noti-america.com\/site\/mexico\/2018\/12\/18\/comision-del-ine-avala-propuesta-para-nueva-credencial-de-elector\/#primaryimage"},"image":{"@id":"https:\/\/noti-america.com\/site\/mexico\/2018\/12\/18\/comision-del-ine-avala-propuesta-para-nueva-credencial-de-elector\/#primaryimage"},"thumbnailUrl":"https:\/\/noti-america.com\/site\/mexico\/wp-content\/uploads\/sites\/13\/2018\/12\/2.jpg","datePublished":"2018-12-18T04:00:28+00:00","breadcrumb":{"@id":"https:\/\/noti-america.com\/site\/mexico\/2018\/12\/18\/comision-del-ine-avala-propuesta-para-nueva-credencial-de-elector\/#breadcrumb"},"inLanguage":"es","potentialAction":[{"@type":"ReadAction","target":["https:\/\/noti-america.com\/site\/mexico\/2018\/12\/18\/comision-del-ine-avala-propuesta-para-nueva-credencial-de-elector\/"]}]},{"@type":"ImageObject","inLanguage":"es","@id":"https:\/\/noti-america.com\/site\/mexico\/2018\/12\/18\/comision-del-ine-avala-propuesta-para-nueva-credencial-de-elector\/#primaryimage","url":"https:\/\/noti-america.com\/site\/mexico\/wp-content\/uploads\/sites\/13\/2018\/12\/2.jpg","contentUrl":"https:\/\/noti-america.com\/site\/mexico\/wp-content\/uploads\/sites\/13\/2018\/12\/2.jpg","width":770,"height":485},{"@type":"BreadcrumbList","@id":"https:\/\/noti-america.com\/site\/mexico\/2018\/12\/18\/comision-del-ine-avala-propuesta-para-nueva-credencial-de-elector\/#breadcrumb","itemListElement":[{"@type":"ListItem","position":1,"name":"Portada","item":"https:\/\/noti-america.com\/site\/mexico\/"},{"@type":"ListItem","position":2,"name":"Comisi\u00f3n del INE avala propuesta para nueva credencial de elector"}]},{"@type":"WebSite","@id":"https:\/\/noti-america.com\/site\/mexico\/#website","url":"https:\/\/noti-america.com\/site\/mexico\/","name":"M\u00e9xico | Noti-America.com","description":"","publisher":{"@id":"https:\/\/noti-america.com\/site\/mexico\/#organization"},"potentialAction":[{"@type":"SearchAction","target":{"@type":"EntryPoint","urlTemplate":"https:\/\/noti-america.com\/site\/mexico\/?s={search_term_string}"},"query-input":{"@type":"PropertyValueSpecification","valueRequired":true,"valueName":"search_term_string"}}],"inLanguage":"es"},{"@type":"Organization","@id":"https:\/\/noti-america.com\/site\/mexico\/#organization","name":"Noti-America LLC | M\u00e9xico","url":"https:\/\/noti-america.com\/site\/mexico\/","logo":{"@type":"ImageObject","inLanguage":"es","@id":"https:\/\/noti-america.com\/site\/mexico\/#\/schema\/logo\/image\/","url":"https:\/\/noti-america.com\/site\/mexico\/wp-content\/uploads\/sites\/13\/2020\/07\/LogoNA-4x3-1.jpg","contentUrl":"https:\/\/noti-america.com\/site\/mexico\/wp-content\/uploads\/sites\/13\/2020\/07\/LogoNA-4x3-1.jpg","width":1236,"height":1080,"caption":"Noti-America LLC | M\u00e9xico"},"image":{"@id":"https:\/\/noti-america.com\/site\/mexico\/#\/schema\/logo\/image\/"}},{"@type":"Person","@id":"https:\/\/noti-america.com\/site\/mexico\/#\/schema\/person\/db5a6527aaddfc34b3753d557a1292f0","name":"Redacci\u00f3n NA-NY","image":{"@type":"ImageObject","inLanguage":"es","@id":"https:\/\/secure.gravatar.com\/avatar\/2bd75bb500a8deb1390f777293a9af32d934c46613d2fbac7cceb2aaa2679ae8?s=96&d=mm&r=g","url":"https:\/\/secure.gravatar.com\/avatar\/2bd75bb500a8deb1390f777293a9af32d934c46613d2fbac7cceb2aaa2679ae8?s=96&d=mm&r=g","contentUrl":"https:\/\/secure.gravatar.com\/avatar\/2bd75bb500a8deb1390f777293a9af32d934c46613d2fbac7cceb2aaa2679ae8?s=96&d=mm&r=g","caption":"Redacci\u00f3n NA-NY"},"url":"https:\/\/noti-america.com\/site\/mexico\/author\/redaccionny\/"}]}},"_links":{"self":[{"href":"https:\/\/noti-america.com\/site\/mexico\/wp-json\/wp\/v2\/posts\/1748","targetHints":{"allow":["GET"]}}],"collection":[{"href":"https:\/\/noti-america.com\/site\/mexico\/wp-json\/wp\/v2\/posts"}],"about":[{"href":"https:\/\/noti-america.com\/site\/mexico\/wp-json\/wp\/v2\/types\/post"}],"author":[{"embeddable":true,"href":"https:\/\/noti-america.com\/site\/mexico\/wp-json\/wp\/v2\/users\/28"}],"replies":[{"embeddable":true,"href":"https:\/\/noti-america.com\/site\/mexico\/wp-json\/wp\/v2\/comments?post=1748"}],"version-history":[{"count":1,"href":"https:\/\/noti-america.com\/site\/mexico\/wp-json\/wp\/v2\/posts\/1748\/revisions"}],"predecessor-version":[{"id":1750,"href":"https:\/\/noti-america.com\/site\/mexico\/wp-json\/wp\/v2\/posts\/1748\/revisions\/1750"}],"wp:featuredmedia":[{"embeddable":true,"href":"https:\/\/noti-america.com\/site\/mexico\/wp-json\/wp\/v2\/media\/1749"}],"wp:attachment":[{"href":"https:\/\/noti-america.com\/site\/mexico\/wp-json\/wp\/v2\/media?parent=1748"}],"wp:term":[{"taxonomy":"category","embeddable":true,"href":"https:\/\/noti-america.com\/site\/mexico\/wp-json\/wp\/v2\/categories?post=1748"},{"taxonomy":"post_tag","embeddable":true,"href":"https:\/\/noti-america.com\/site\/mexico\/wp-json\/wp\/v2\/tags?post=1748"}],"curies":[{"name":"wp","href":"https:\/\/api.w.org\/{rel}","templated":true}]}}