{"id":17438,"date":"2025-10-18T18:12:33","date_gmt":"2025-10-18T18:12:33","guid":{"rendered":"https:\/\/noti-america.com\/site\/mexico\/?p=17438"},"modified":"2025-10-18T18:12:33","modified_gmt":"2025-10-18T18:12:33","slug":"proyecto-industrial-promovido-por-natalino-damato-fortalecera-la-produccion-nacional-de-tuberias-erw","status":"publish","type":"post","link":"https:\/\/noti-america.com\/site\/mexico\/2025\/10\/18\/proyecto-industrial-promovido-por-natalino-damato-fortalecera-la-produccion-nacional-de-tuberias-erw\/","title":{"rendered":"Proyecto industrial promovido por Natalino D\u2019Amato fortalecer\u00e1 la producci\u00f3n nacional de tuber\u00edas ERW"},"content":{"rendered":"<div data-olk-copy-source=\"MessageBody\"><strong>NOTI-AMERICA.COM | M\u00c9XICO<\/strong><\/div>\n<div data-olk-copy-source=\"MessageBody\"><\/div>\n<div data-olk-copy-source=\"MessageBody\">En <strong>Anzo\u00e1tegui<\/strong> avanza esta iniciativa impulsada por <strong>Natalino D\u2019Amato<\/strong>, aportando al plan de ampliaci\u00f3n de la capacidad productiva e industrial del pa\u00eds.<\/div>\n<div dir=\"ltr\"><\/div>\n<div dir=\"ltr\"><\/div>\n<div>En el marco de los esfuerzos por fortalecer la capacidad productiva nacional y promover la industrializaci\u00f3n del oriente venezolano, se desarrolla en el estado Anzo\u00e1tegui un proyecto destinado a la instalaci\u00f3n de una moderna planta para la fabricaci\u00f3n de tuber\u00edas <strong>ERW (Electric Resistance Welded).<\/strong><\/div>\n<div dir=\"ltr\"><\/div>\n<div dir=\"ltr\"><\/div>\n<div>Esta iniciativa industrial tiene como prop\u00f3sito atender la demanda de los sectores petrolero, gas\u00edfero y de infraestructura mediante la producci\u00f3n local de tuber\u00edas de acero de alta calidad, elaboradas bajo est\u00e1ndares internacionales. La incorporaci\u00f3n de tecnolog\u00eda de punta permitir\u00e1 optimizar los procesos de soldadura, control de calidad y eficiencia energ\u00e9tica, garantizando productos competitivos en el mercado nacional e internacional.<\/div>\n<div><\/div>\n<div dir=\"ltr\"><\/div>\n<div>El proyecto, promovido por el empresario <strong>Natalino D\u2019Amato<\/strong>, se inscribe dentro de una estrategia orientada a diversificar la base industrial del pa\u00eds y reducir la dependencia de importaciones. Asimismo, se estima que su ejecuci\u00f3n genere importantes impactos positivos en materia de empleo, transferencia tecnol\u00f3gica y encadenamientos productivos con empresas locales.<\/div>\n<div><\/div>\n<div dir=\"ltr\"><\/div>\n<div>Con la puesta en marcha de esta planta, Anzo\u00e1tegui se consolida como un punto estrat\u00e9gico para el desarrollo energ\u00e9tico e industrial de Venezuela, reafirmando el compromiso del sector privado y del Estado con la reactivaci\u00f3n econ\u00f3mica sostenible y la soberan\u00eda productiva del pa\u00eds.<\/div>\n","protected":false},"excerpt":{"rendered":"<p>NOTI-AMERICA.COM | M\u00c9XICO En Anzo\u00e1tegui avanza esta iniciativa impulsada por Natalino D\u2019Amato, aportando al plan de ampliaci\u00f3n de la capacidad productiva e industrial del pa\u00eds. En el marco de los esfuerzos por fortalecer la&#46;&#46;&#46;<\/p>\n","protected":false},"author":127,"featured_media":17439,"comment_status":"open","ping_status":"open","sticky":false,"template":"","format":"image","meta":{"_acf_changed":false,"om_disable_all_campaigns":false,"rop_custom_images_group":[],"rop_custom_messages_group":[],"rop_publish_now":"no","rop_publish_now_accounts":{"twitter_242054905_242054905":""},"rop_publish_now_history":[{"account":"twitter_242054905_242054905","service":"twitter","timestamp":1760811154,"status":"queued"}],"rop_publish_now_status":"queued","_uf_show_specific_survey":0,"_uf_disable_surveys":false,"footnotes":""},"categories":[8],"tags":[],"class_list":["post-17438","post","type-post","status-publish","format-image","has-post-thumbnail","hentry","category-arte-y-espectaculos","post_format-post-format-image"],"acf":[],"aioseo_notices":[],"yoast_head":"<!-- This site is optimized with the Yoast SEO Premium plugin v24.9 (Yoast SEO v27.2) - https:\/\/yoast.com\/product\/yoast-seo-premium-wordpress\/ -->\n<title>Proyecto industrial promovido por Natalino D\u2019Amato fortalecer\u00e1 la producci\u00f3n nacional de tuber\u00edas ERW - M\u00e9xico<\/title>\n<meta name=\"robots\" content=\"index, follow, max-snippet:-1, max-image-preview:large, max-video-preview:-1\" \/>\n<link rel=\"canonical\" href=\"https:\/\/noti-america.com\/site\/mexico\/2025\/10\/18\/proyecto-industrial-promovido-por-natalino-damato-fortalecera-la-produccion-nacional-de-tuberias-erw\/\" \/>\n<meta property=\"og:locale\" content=\"es_ES\" \/>\n<meta property=\"og:type\" content=\"article\" \/>\n<meta property=\"og:title\" content=\"Proyecto industrial promovido por Natalino D\u2019Amato fortalecer\u00e1 la producci\u00f3n nacional de tuber\u00edas ERW\" \/>\n<meta property=\"og:description\" content=\"NOTI-AMERICA.COM | M\u00c9XICO En Anzo\u00e1tegui avanza esta iniciativa impulsada por Natalino D\u2019Amato, aportando al plan de ampliaci\u00f3n de la capacidad productiva e industrial del pa\u00eds. En el marco de los esfuerzos por fortalecer la&#046;&#046;&#046;\" \/>\n<meta property=\"og:url\" content=\"https:\/\/noti-america.com\/site\/mexico\/2025\/10\/18\/proyecto-industrial-promovido-por-natalino-damato-fortalecera-la-produccion-nacional-de-tuberias-erw\/\" \/>\n<meta property=\"og:site_name\" content=\"M\u00e9xico\" \/>\n<meta property=\"article:published_time\" content=\"2025-10-18T18:12:33+00:00\" \/>\n<meta property=\"og:image\" content=\"https:\/\/noti-america.com\/site\/mexico\/wp-content\/uploads\/sites\/13\/2025\/10\/thumbnail_original-15AE3F5A-2B0C-4115-A668-51051AFD8B9C.jpg\" \/>\n\t<meta property=\"og:image:width\" content=\"1080\" \/>\n\t<meta property=\"og:image:height\" content=\"1350\" \/>\n\t<meta property=\"og:image:type\" content=\"image\/jpeg\" \/>\n<meta name=\"author\" content=\"Yoelvzla\" \/>\n<meta name=\"twitter:card\" content=\"summary_large_image\" \/>\n<meta name=\"twitter:label1\" content=\"Escrito por\" \/>\n\t<meta name=\"twitter:data1\" content=\"Yoelvzla\" \/>\n\t<meta name=\"twitter:label2\" content=\"Tiempo estimado de lectura\" \/>\n\t<meta name=\"twitter:data2\" content=\"2 minutos\" \/>\n<script type=\"application\/ld+json\" class=\"yoast-schema-graph\">{\"@context\":\"https:\/\/schema.org\",\"@graph\":[{\"@type\":\"Article\",\"@id\":\"https:\/\/noti-america.com\/site\/mexico\/2025\/10\/18\/proyecto-industrial-promovido-por-natalino-damato-fortalecera-la-produccion-nacional-de-tuberias-erw\/#article\",\"isPartOf\":{\"@id\":\"https:\/\/noti-america.com\/site\/mexico\/2025\/10\/18\/proyecto-industrial-promovido-por-natalino-damato-fortalecera-la-produccion-nacional-de-tuberias-erw\/\"},\"author\":{\"name\":\"Yoelvzla\",\"@id\":\"https:\/\/noti-america.com\/site\/mexico\/#\/schema\/person\/376ccc7b3cc7a8d5a43c3ece07a43857\"},\"headline\":\"Proyecto industrial promovido por Natalino D\u2019Amato fortalecer\u00e1 la producci\u00f3n nacional de tuber\u00edas ERW\",\"datePublished\":\"2025-10-18T18:12:33+00:00\",\"mainEntityOfPage\":{\"@id\":\"https:\/\/noti-america.com\/site\/mexico\/2025\/10\/18\/proyecto-industrial-promovido-por-natalino-damato-fortalecera-la-produccion-nacional-de-tuberias-erw\/\"},\"wordCount\":266,\"commentCount\":0,\"publisher\":{\"@id\":\"https:\/\/noti-america.com\/site\/mexico\/#organization\"},\"image\":{\"@id\":\"https:\/\/noti-america.com\/site\/mexico\/2025\/10\/18\/proyecto-industrial-promovido-por-natalino-damato-fortalecera-la-produccion-nacional-de-tuberias-erw\/#primaryimage\"},\"thumbnailUrl\":\"https:\/\/noti-america.com\/site\/mexico\/wp-content\/uploads\/sites\/13\/2025\/10\/thumbnail_original-15AE3F5A-2B0C-4115-A668-51051AFD8B9C.jpg\",\"articleSection\":[\"Arte y Espect\u00e1culos\"],\"inLanguage\":\"es\",\"potentialAction\":[{\"@type\":\"CommentAction\",\"name\":\"Comment\",\"target\":[\"https:\/\/noti-america.com\/site\/mexico\/2025\/10\/18\/proyecto-industrial-promovido-por-natalino-damato-fortalecera-la-produccion-nacional-de-tuberias-erw\/#respond\"]}]},{\"@type\":\"WebPage\",\"@id\":\"https:\/\/noti-america.com\/site\/mexico\/2025\/10\/18\/proyecto-industrial-promovido-por-natalino-damato-fortalecera-la-produccion-nacional-de-tuberias-erw\/\",\"url\":\"https:\/\/noti-america.com\/site\/mexico\/2025\/10\/18\/proyecto-industrial-promovido-por-natalino-damato-fortalecera-la-produccion-nacional-de-tuberias-erw\/\",\"name\":\"Proyecto industrial promovido por Natalino D\u2019Amato fortalecer\u00e1 la producci\u00f3n nacional de tuber\u00edas ERW - M\u00e9xico\",\"isPartOf\":{\"@id\":\"https:\/\/noti-america.com\/site\/mexico\/#website\"},\"primaryImageOfPage\":{\"@id\":\"https:\/\/noti-america.com\/site\/mexico\/2025\/10\/18\/proyecto-industrial-promovido-por-natalino-damato-fortalecera-la-produccion-nacional-de-tuberias-erw\/#primaryimage\"},\"image\":{\"@id\":\"https:\/\/noti-america.com\/site\/mexico\/2025\/10\/18\/proyecto-industrial-promovido-por-natalino-damato-fortalecera-la-produccion-nacional-de-tuberias-erw\/#primaryimage\"},\"thumbnailUrl\":\"https:\/\/noti-america.com\/site\/mexico\/wp-content\/uploads\/sites\/13\/2025\/10\/thumbnail_original-15AE3F5A-2B0C-4115-A668-51051AFD8B9C.jpg\",\"datePublished\":\"2025-10-18T18:12:33+00:00\",\"breadcrumb\":{\"@id\":\"https:\/\/noti-america.com\/site\/mexico\/2025\/10\/18\/proyecto-industrial-promovido-por-natalino-damato-fortalecera-la-produccion-nacional-de-tuberias-erw\/#breadcrumb\"},\"inLanguage\":\"es\",\"potentialAction\":[{\"@type\":\"ReadAction\",\"target\":[\"https:\/\/noti-america.com\/site\/mexico\/2025\/10\/18\/proyecto-industrial-promovido-por-natalino-damato-fortalecera-la-produccion-nacional-de-tuberias-erw\/\"]}]},{\"@type\":\"ImageObject\",\"inLanguage\":\"es\",\"@id\":\"https:\/\/noti-america.com\/site\/mexico\/2025\/10\/18\/proyecto-industrial-promovido-por-natalino-damato-fortalecera-la-produccion-nacional-de-tuberias-erw\/#primaryimage\",\"url\":\"https:\/\/noti-america.com\/site\/mexico\/wp-content\/uploads\/sites\/13\/2025\/10\/thumbnail_original-15AE3F5A-2B0C-4115-A668-51051AFD8B9C.jpg\",\"contentUrl\":\"https:\/\/noti-america.com\/site\/mexico\/wp-content\/uploads\/sites\/13\/2025\/10\/thumbnail_original-15AE3F5A-2B0C-4115-A668-51051AFD8B9C.jpg\",\"width\":1080,\"height\":1350},{\"@type\":\"BreadcrumbList\",\"@id\":\"https:\/\/noti-america.com\/site\/mexico\/2025\/10\/18\/proyecto-industrial-promovido-por-natalino-damato-fortalecera-la-produccion-nacional-de-tuberias-erw\/#breadcrumb\",\"itemListElement\":[{\"@type\":\"ListItem\",\"position\":1,\"name\":\"Portada\",\"item\":\"https:\/\/noti-america.com\/site\/mexico\/\"},{\"@type\":\"ListItem\",\"position\":2,\"name\":\"Proyecto industrial promovido por Natalino D\u2019Amato fortalecer\u00e1 la producci\u00f3n nacional de tuber\u00edas ERW\"}]},{\"@type\":\"WebSite\",\"@id\":\"https:\/\/noti-america.com\/site\/mexico\/#website\",\"url\":\"https:\/\/noti-america.com\/site\/mexico\/\",\"name\":\"M\u00e9xico | Noti-America.com\",\"description\":\"\",\"publisher\":{\"@id\":\"https:\/\/noti-america.com\/site\/mexico\/#organization\"},\"potentialAction\":[{\"@type\":\"SearchAction\",\"target\":{\"@type\":\"EntryPoint\",\"urlTemplate\":\"https:\/\/noti-america.com\/site\/mexico\/?s={search_term_string}\"},\"query-input\":{\"@type\":\"PropertyValueSpecification\",\"valueRequired\":true,\"valueName\":\"search_term_string\"}}],\"inLanguage\":\"es\"},{\"@type\":\"Organization\",\"@id\":\"https:\/\/noti-america.com\/site\/mexico\/#organization\",\"name\":\"Noti-America LLC | M\u00e9xico\",\"url\":\"https:\/\/noti-america.com\/site\/mexico\/\",\"logo\":{\"@type\":\"ImageObject\",\"inLanguage\":\"es\",\"@id\":\"https:\/\/noti-america.com\/site\/mexico\/#\/schema\/logo\/image\/\",\"url\":\"https:\/\/noti-america.com\/site\/mexico\/wp-content\/uploads\/sites\/13\/2020\/07\/LogoNA-4x3-1.jpg\",\"contentUrl\":\"https:\/\/noti-america.com\/site\/mexico\/wp-content\/uploads\/sites\/13\/2020\/07\/LogoNA-4x3-1.jpg\",\"width\":1236,\"height\":1080,\"caption\":\"Noti-America LLC | M\u00e9xico\"},\"image\":{\"@id\":\"https:\/\/noti-america.com\/site\/mexico\/#\/schema\/logo\/image\/\"}},{\"@type\":\"Person\",\"@id\":\"https:\/\/noti-america.com\/site\/mexico\/#\/schema\/person\/376ccc7b3cc7a8d5a43c3ece07a43857\",\"name\":\"Yoelvzla\",\"image\":{\"@type\":\"ImageObject\",\"inLanguage\":\"es\",\"@id\":\"https:\/\/secure.gravatar.com\/avatar\/13a96a72123e0e9aa76fe82e8847f726c63a1c5ef6a8d0fadd844c1a5a83b212?s=96&d=mm&r=g\",\"url\":\"https:\/\/secure.gravatar.com\/avatar\/13a96a72123e0e9aa76fe82e8847f726c63a1c5ef6a8d0fadd844c1a5a83b212?s=96&d=mm&r=g\",\"contentUrl\":\"https:\/\/secure.gravatar.com\/avatar\/13a96a72123e0e9aa76fe82e8847f726c63a1c5ef6a8d0fadd844c1a5a83b212?s=96&d=mm&r=g\",\"caption\":\"Yoelvzla\"},\"url\":\"https:\/\/noti-america.com\/site\/mexico\/author\/ydiaz\/\"}]}<\/script>\n<!-- \/ Yoast SEO Premium plugin. -->","yoast_head_json":{"title":"Proyecto industrial promovido por Natalino D\u2019Amato fortalecer\u00e1 la producci\u00f3n nacional de tuber\u00edas ERW - M\u00e9xico","robots":{"index":"index","follow":"follow","max-snippet":"max-snippet:-1","max-image-preview":"max-image-preview:large","max-video-preview":"max-video-preview:-1"},"canonical":"https:\/\/noti-america.com\/site\/mexico\/2025\/10\/18\/proyecto-industrial-promovido-por-natalino-damato-fortalecera-la-produccion-nacional-de-tuberias-erw\/","og_locale":"es_ES","og_type":"article","og_title":"Proyecto industrial promovido por Natalino D\u2019Amato fortalecer\u00e1 la producci\u00f3n nacional de tuber\u00edas ERW","og_description":"NOTI-AMERICA.COM | M\u00c9XICO En Anzo\u00e1tegui avanza esta iniciativa impulsada por Natalino D\u2019Amato, aportando al plan de ampliaci\u00f3n de la capacidad productiva e industrial del pa\u00eds. En el marco de los esfuerzos por fortalecer la&#46;&#46;&#46;","og_url":"https:\/\/noti-america.com\/site\/mexico\/2025\/10\/18\/proyecto-industrial-promovido-por-natalino-damato-fortalecera-la-produccion-nacional-de-tuberias-erw\/","og_site_name":"M\u00e9xico","article_published_time":"2025-10-18T18:12:33+00:00","og_image":[{"width":1080,"height":1350,"url":"https:\/\/noti-america.com\/site\/mexico\/wp-content\/uploads\/sites\/13\/2025\/10\/thumbnail_original-15AE3F5A-2B0C-4115-A668-51051AFD8B9C.jpg","type":"image\/jpeg"}],"author":"Yoelvzla","twitter_card":"summary_large_image","twitter_misc":{"Escrito por":"Yoelvzla","Tiempo estimado de lectura":"2 minutos"},"schema":{"@context":"https:\/\/schema.org","@graph":[{"@type":"Article","@id":"https:\/\/noti-america.com\/site\/mexico\/2025\/10\/18\/proyecto-industrial-promovido-por-natalino-damato-fortalecera-la-produccion-nacional-de-tuberias-erw\/#article","isPartOf":{"@id":"https:\/\/noti-america.com\/site\/mexico\/2025\/10\/18\/proyecto-industrial-promovido-por-natalino-damato-fortalecera-la-produccion-nacional-de-tuberias-erw\/"},"author":{"name":"Yoelvzla","@id":"https:\/\/noti-america.com\/site\/mexico\/#\/schema\/person\/376ccc7b3cc7a8d5a43c3ece07a43857"},"headline":"Proyecto industrial promovido por Natalino D\u2019Amato fortalecer\u00e1 la producci\u00f3n nacional de tuber\u00edas ERW","datePublished":"2025-10-18T18:12:33+00:00","mainEntityOfPage":{"@id":"https:\/\/noti-america.com\/site\/mexico\/2025\/10\/18\/proyecto-industrial-promovido-por-natalino-damato-fortalecera-la-produccion-nacional-de-tuberias-erw\/"},"wordCount":266,"commentCount":0,"publisher":{"@id":"https:\/\/noti-america.com\/site\/mexico\/#organization"},"image":{"@id":"https:\/\/noti-america.com\/site\/mexico\/2025\/10\/18\/proyecto-industrial-promovido-por-natalino-damato-fortalecera-la-produccion-nacional-de-tuberias-erw\/#primaryimage"},"thumbnailUrl":"https:\/\/noti-america.com\/site\/mexico\/wp-content\/uploads\/sites\/13\/2025\/10\/thumbnail_original-15AE3F5A-2B0C-4115-A668-51051AFD8B9C.jpg","articleSection":["Arte y Espect\u00e1culos"],"inLanguage":"es","potentialAction":[{"@type":"CommentAction","name":"Comment","target":["https:\/\/noti-america.com\/site\/mexico\/2025\/10\/18\/proyecto-industrial-promovido-por-natalino-damato-fortalecera-la-produccion-nacional-de-tuberias-erw\/#respond"]}]},{"@type":"WebPage","@id":"https:\/\/noti-america.com\/site\/mexico\/2025\/10\/18\/proyecto-industrial-promovido-por-natalino-damato-fortalecera-la-produccion-nacional-de-tuberias-erw\/","url":"https:\/\/noti-america.com\/site\/mexico\/2025\/10\/18\/proyecto-industrial-promovido-por-natalino-damato-fortalecera-la-produccion-nacional-de-tuberias-erw\/","name":"Proyecto industrial promovido por Natalino D\u2019Amato fortalecer\u00e1 la producci\u00f3n nacional de tuber\u00edas ERW - M\u00e9xico","isPartOf":{"@id":"https:\/\/noti-america.com\/site\/mexico\/#website"},"primaryImageOfPage":{"@id":"https:\/\/noti-america.com\/site\/mexico\/2025\/10\/18\/proyecto-industrial-promovido-por-natalino-damato-fortalecera-la-produccion-nacional-de-tuberias-erw\/#primaryimage"},"image":{"@id":"https:\/\/noti-america.com\/site\/mexico\/2025\/10\/18\/proyecto-industrial-promovido-por-natalino-damato-fortalecera-la-produccion-nacional-de-tuberias-erw\/#primaryimage"},"thumbnailUrl":"https:\/\/noti-america.com\/site\/mexico\/wp-content\/uploads\/sites\/13\/2025\/10\/thumbnail_original-15AE3F5A-2B0C-4115-A668-51051AFD8B9C.jpg","datePublished":"2025-10-18T18:12:33+00:00","breadcrumb":{"@id":"https:\/\/noti-america.com\/site\/mexico\/2025\/10\/18\/proyecto-industrial-promovido-por-natalino-damato-fortalecera-la-produccion-nacional-de-tuberias-erw\/#breadcrumb"},"inLanguage":"es","potentialAction":[{"@type":"ReadAction","target":["https:\/\/noti-america.com\/site\/mexico\/2025\/10\/18\/proyecto-industrial-promovido-por-natalino-damato-fortalecera-la-produccion-nacional-de-tuberias-erw\/"]}]},{"@type":"ImageObject","inLanguage":"es","@id":"https:\/\/noti-america.com\/site\/mexico\/2025\/10\/18\/proyecto-industrial-promovido-por-natalino-damato-fortalecera-la-produccion-nacional-de-tuberias-erw\/#primaryimage","url":"https:\/\/noti-america.com\/site\/mexico\/wp-content\/uploads\/sites\/13\/2025\/10\/thumbnail_original-15AE3F5A-2B0C-4115-A668-51051AFD8B9C.jpg","contentUrl":"https:\/\/noti-america.com\/site\/mexico\/wp-content\/uploads\/sites\/13\/2025\/10\/thumbnail_original-15AE3F5A-2B0C-4115-A668-51051AFD8B9C.jpg","width":1080,"height":1350},{"@type":"BreadcrumbList","@id":"https:\/\/noti-america.com\/site\/mexico\/2025\/10\/18\/proyecto-industrial-promovido-por-natalino-damato-fortalecera-la-produccion-nacional-de-tuberias-erw\/#breadcrumb","itemListElement":[{"@type":"ListItem","position":1,"name":"Portada","item":"https:\/\/noti-america.com\/site\/mexico\/"},{"@type":"ListItem","position":2,"name":"Proyecto industrial promovido por Natalino D\u2019Amato fortalecer\u00e1 la producci\u00f3n nacional de tuber\u00edas ERW"}]},{"@type":"WebSite","@id":"https:\/\/noti-america.com\/site\/mexico\/#website","url":"https:\/\/noti-america.com\/site\/mexico\/","name":"M\u00e9xico | Noti-America.com","description":"","publisher":{"@id":"https:\/\/noti-america.com\/site\/mexico\/#organization"},"potentialAction":[{"@type":"SearchAction","target":{"@type":"EntryPoint","urlTemplate":"https:\/\/noti-america.com\/site\/mexico\/?s={search_term_string}"},"query-input":{"@type":"PropertyValueSpecification","valueRequired":true,"valueName":"search_term_string"}}],"inLanguage":"es"},{"@type":"Organization","@id":"https:\/\/noti-america.com\/site\/mexico\/#organization","name":"Noti-America LLC | M\u00e9xico","url":"https:\/\/noti-america.com\/site\/mexico\/","logo":{"@type":"ImageObject","inLanguage":"es","@id":"https:\/\/noti-america.com\/site\/mexico\/#\/schema\/logo\/image\/","url":"https:\/\/noti-america.com\/site\/mexico\/wp-content\/uploads\/sites\/13\/2020\/07\/LogoNA-4x3-1.jpg","contentUrl":"https:\/\/noti-america.com\/site\/mexico\/wp-content\/uploads\/sites\/13\/2020\/07\/LogoNA-4x3-1.jpg","width":1236,"height":1080,"caption":"Noti-America LLC | M\u00e9xico"},"image":{"@id":"https:\/\/noti-america.com\/site\/mexico\/#\/schema\/logo\/image\/"}},{"@type":"Person","@id":"https:\/\/noti-america.com\/site\/mexico\/#\/schema\/person\/376ccc7b3cc7a8d5a43c3ece07a43857","name":"Yoelvzla","image":{"@type":"ImageObject","inLanguage":"es","@id":"https:\/\/secure.gravatar.com\/avatar\/13a96a72123e0e9aa76fe82e8847f726c63a1c5ef6a8d0fadd844c1a5a83b212?s=96&d=mm&r=g","url":"https:\/\/secure.gravatar.com\/avatar\/13a96a72123e0e9aa76fe82e8847f726c63a1c5ef6a8d0fadd844c1a5a83b212?s=96&d=mm&r=g","contentUrl":"https:\/\/secure.gravatar.com\/avatar\/13a96a72123e0e9aa76fe82e8847f726c63a1c5ef6a8d0fadd844c1a5a83b212?s=96&d=mm&r=g","caption":"Yoelvzla"},"url":"https:\/\/noti-america.com\/site\/mexico\/author\/ydiaz\/"}]}},"_links":{"self":[{"href":"https:\/\/noti-america.com\/site\/mexico\/wp-json\/wp\/v2\/posts\/17438","targetHints":{"allow":["GET"]}}],"collection":[{"href":"https:\/\/noti-america.com\/site\/mexico\/wp-json\/wp\/v2\/posts"}],"about":[{"href":"https:\/\/noti-america.com\/site\/mexico\/wp-json\/wp\/v2\/types\/post"}],"author":[{"embeddable":true,"href":"https:\/\/noti-america.com\/site\/mexico\/wp-json\/wp\/v2\/users\/127"}],"replies":[{"embeddable":true,"href":"https:\/\/noti-america.com\/site\/mexico\/wp-json\/wp\/v2\/comments?post=17438"}],"version-history":[{"count":1,"href":"https:\/\/noti-america.com\/site\/mexico\/wp-json\/wp\/v2\/posts\/17438\/revisions"}],"predecessor-version":[{"id":17440,"href":"https:\/\/noti-america.com\/site\/mexico\/wp-json\/wp\/v2\/posts\/17438\/revisions\/17440"}],"wp:featuredmedia":[{"embeddable":true,"href":"https:\/\/noti-america.com\/site\/mexico\/wp-json\/wp\/v2\/media\/17439"}],"wp:attachment":[{"href":"https:\/\/noti-america.com\/site\/mexico\/wp-json\/wp\/v2\/media?parent=17438"}],"wp:term":[{"taxonomy":"category","embeddable":true,"href":"https:\/\/noti-america.com\/site\/mexico\/wp-json\/wp\/v2\/categories?post=17438"},{"taxonomy":"post_tag","embeddable":true,"href":"https:\/\/noti-america.com\/site\/mexico\/wp-json\/wp\/v2\/tags?post=17438"}],"curies":[{"name":"wp","href":"https:\/\/api.w.org\/{rel}","templated":true}]}}