{"id":17299,"date":"2025-10-01T14:30:46","date_gmt":"2025-10-01T14:30:46","guid":{"rendered":"https:\/\/noti-america.com\/site\/mexico\/?p=17299"},"modified":"2025-10-01T14:30:46","modified_gmt":"2025-10-01T14:30:46","slug":"madeleings-contreras-recibe-mencion-especial-por-excelencia-academica-y-profesionalismo-en-latin-mara-internacional","status":"publish","type":"post","link":"https:\/\/noti-america.com\/site\/mexico\/2025\/10\/01\/madeleings-contreras-recibe-mencion-especial-por-excelencia-academica-y-profesionalismo-en-latin-mara-internacional\/","title":{"rendered":"Madeleings Contreras Recibe Menci\u00f3n Especial por Excelencia Acad\u00e9mica y Profesionalismo en Latin Mara Internacional"},"content":{"rendered":"<div data-olk-copy-source=\"MessageBody\"><strong>NOTI-AMERICA.COM | MEXICO<\/strong><\/div>\n<div data-olk-copy-source=\"MessageBody\"><\/div>\n<div data-olk-copy-source=\"MessageBody\">La organizaci\u00f3n Latin Mara Internacional otorgar\u00e1 una Menci\u00f3n Especial a\u00a0<strong>Madeleings Contreras<\/strong>\u00a0por su destacada trayectoria y logros acad\u00e9micos y profesionales, reconoci\u00e9ndola como un icono de la mujer venezolana.<\/div>\n<div data-olk-copy-source=\"MessageBody\"><\/div>\n<div data-olk-copy-source=\"MessageBody\"><img loading=\"lazy\" decoding=\"async\" class=\"size-medium wp-image-48271 aligncenter\" src=\"https:\/\/noti-america.com\/site\/venezuela\/wp-content\/uploads\/sites\/2\/2025\/10\/thumbnail_processed-D6AA661D-9798-4CA2-A29C-E5CFA6265799-271x300.jpg\" alt=\"\" width=\"271\" height=\"300\" \/><\/div>\n<div dir=\"ltr\"><\/div>\n<div>El evento, que se llevar\u00e1 a cabo el 27 de noviembre en Caracas, busca resaltar a figuras femeninas que han sobresalido en diversos campos y servido de inspiraci\u00f3n para otras mujeres en la regi\u00f3n.<\/div>\n<div dir=\"ltr\"><\/div>\n<div><strong>Madeleings Contreras<\/strong>, reconocida empresaria y fil\u00e1ntropa, ha dedicado gran parte de su carrera a impulsar el desarrollo y empoderamiento de la mujer venezolana. A trav\u00e9s de sus iniciativas, ha brindado oportunidades de crecimiento profesional y ha sido un modelo a seguir para muchas j\u00f3venes.<\/div>\n<div dir=\"ltr\"><\/div>\n<div>\u00abEs un honor recibir esta distinci\u00f3n de\u00a0<strong>Latin Mara Internacional<\/strong>. Agradezco la oportunidad de ser reconocida por mi trayectoria y espero que este premio inspire a otras mujeres a perseguir sus sue\u00f1os y alcanzar el \u00e9xito\u00bb, expres\u00f3 Contreras.<\/div>\n<div dir=\"ltr\"><\/div>\n<div>La Menci\u00f3n Especial destaca la excelencia acad\u00e9mica y el profesionalismo de Madeleings Contreras, cualidades que la han convertido en un referente para la mujer venezolana. Su compromiso con la educaci\u00f3n y el desarrollo de habilidades ha sido fundamental para impulsar el liderazgo femenino en el pa\u00eds.<\/div>\n<div dir=\"ltr\"><\/div>\n<div>Este reconocimiento reafirma el compromiso de Latin Mara Internacional con la visibilizaci\u00f3n y el empoderamiento de las mujeres l\u00edderes de la regi\u00f3n, sirviendo como un est\u00edmulo para que m\u00e1s venezolanas sigan sus pasos y alcancen el \u00e9xito en sus respectivos campos.<\/div>\n","protected":false},"excerpt":{"rendered":"<p>NOTI-AMERICA.COM | MEXICO La organizaci\u00f3n Latin Mara Internacional otorgar\u00e1 una Menci\u00f3n Especial a\u00a0Madeleings Contreras\u00a0por su destacada trayectoria y logros acad\u00e9micos y profesionales, reconoci\u00e9ndola como un icono de la mujer venezolana. El evento, que se&#46;&#46;&#46;<\/p>\n","protected":false},"author":127,"featured_media":17300,"comment_status":"open","ping_status":"open","sticky":false,"template":"","format":"gallery","meta":{"_acf_changed":false,"om_disable_all_campaigns":false,"rop_custom_images_group":[],"rop_custom_messages_group":[],"rop_publish_now":"no","rop_publish_now_accounts":{"twitter_242054905_242054905":""},"rop_publish_now_history":[{"account":"twitter_242054905_242054905","service":"twitter","timestamp":1759329048,"status":"queued"}],"rop_publish_now_status":"queued","_uf_show_specific_survey":0,"_uf_disable_surveys":false,"footnotes":""},"categories":[8],"tags":[],"class_list":["post-17299","post","type-post","status-publish","format-gallery","has-post-thumbnail","hentry","category-arte-y-espectaculos","post_format-post-format-gallery"],"acf":[],"aioseo_notices":[],"yoast_head":"<!-- This site is optimized with the Yoast SEO Premium plugin v24.9 (Yoast SEO v27.2) - https:\/\/yoast.com\/product\/yoast-seo-premium-wordpress\/ -->\n<title>Madeleings Contreras Recibe Menci\u00f3n Especial por Excelencia Acad\u00e9mica y Profesionalismo en Latin Mara Internacional - M\u00e9xico<\/title>\n<meta name=\"robots\" content=\"index, follow, max-snippet:-1, max-image-preview:large, max-video-preview:-1\" \/>\n<link rel=\"canonical\" href=\"https:\/\/noti-america.com\/site\/mexico\/2025\/10\/01\/madeleings-contreras-recibe-mencion-especial-por-excelencia-academica-y-profesionalismo-en-latin-mara-internacional\/\" \/>\n<meta property=\"og:locale\" content=\"es_ES\" \/>\n<meta property=\"og:type\" content=\"article\" \/>\n<meta property=\"og:title\" content=\"Madeleings Contreras Recibe Menci\u00f3n Especial por Excelencia Acad\u00e9mica y Profesionalismo en Latin Mara Internacional\" \/>\n<meta property=\"og:description\" content=\"NOTI-AMERICA.COM | MEXICO La organizaci\u00f3n Latin Mara Internacional otorgar\u00e1 una Menci\u00f3n Especial a\u00a0Madeleings Contreras\u00a0por su destacada trayectoria y logros acad\u00e9micos y profesionales, reconoci\u00e9ndola como un icono de la mujer venezolana. El evento, que se&#046;&#046;&#046;\" \/>\n<meta property=\"og:url\" content=\"https:\/\/noti-america.com\/site\/mexico\/2025\/10\/01\/madeleings-contreras-recibe-mencion-especial-por-excelencia-academica-y-profesionalismo-en-latin-mara-internacional\/\" \/>\n<meta property=\"og:site_name\" content=\"M\u00e9xico\" \/>\n<meta property=\"article:published_time\" content=\"2025-10-01T14:30:46+00:00\" \/>\n<meta property=\"og:image\" content=\"https:\/\/noti-america.com\/site\/mexico\/wp-content\/uploads\/sites\/13\/2025\/10\/thumbnail_processed-59A7D645-EA46-467A-A5E3-C9884D4938ED.jpg\" \/>\n\t<meta property=\"og:image:width\" content=\"1179\" \/>\n\t<meta property=\"og:image:height\" content=\"968\" \/>\n\t<meta property=\"og:image:type\" content=\"image\/jpeg\" \/>\n<meta name=\"author\" content=\"Yoelvzla\" \/>\n<meta name=\"twitter:card\" content=\"summary_large_image\" \/>\n<meta name=\"twitter:label1\" content=\"Escrito por\" \/>\n\t<meta name=\"twitter:data1\" content=\"Yoelvzla\" \/>\n\t<meta name=\"twitter:label2\" content=\"Tiempo estimado de lectura\" \/>\n\t<meta name=\"twitter:data2\" content=\"2 minutos\" \/>\n<script type=\"application\/ld+json\" class=\"yoast-schema-graph\">{\"@context\":\"https:\/\/schema.org\",\"@graph\":[{\"@type\":\"Article\",\"@id\":\"https:\/\/noti-america.com\/site\/mexico\/2025\/10\/01\/madeleings-contreras-recibe-mencion-especial-por-excelencia-academica-y-profesionalismo-en-latin-mara-internacional\/#article\",\"isPartOf\":{\"@id\":\"https:\/\/noti-america.com\/site\/mexico\/2025\/10\/01\/madeleings-contreras-recibe-mencion-especial-por-excelencia-academica-y-profesionalismo-en-latin-mara-internacional\/\"},\"author\":{\"name\":\"Yoelvzla\",\"@id\":\"https:\/\/noti-america.com\/site\/mexico\/#\/schema\/person\/376ccc7b3cc7a8d5a43c3ece07a43857\"},\"headline\":\"Madeleings Contreras Recibe Menci\u00f3n Especial por Excelencia Acad\u00e9mica y Profesionalismo en Latin Mara Internacional\",\"datePublished\":\"2025-10-01T14:30:46+00:00\",\"mainEntityOfPage\":{\"@id\":\"https:\/\/noti-america.com\/site\/mexico\/2025\/10\/01\/madeleings-contreras-recibe-mencion-especial-por-excelencia-academica-y-profesionalismo-en-latin-mara-internacional\/\"},\"wordCount\":270,\"commentCount\":0,\"publisher\":{\"@id\":\"https:\/\/noti-america.com\/site\/mexico\/#organization\"},\"image\":{\"@id\":\"https:\/\/noti-america.com\/site\/mexico\/2025\/10\/01\/madeleings-contreras-recibe-mencion-especial-por-excelencia-academica-y-profesionalismo-en-latin-mara-internacional\/#primaryimage\"},\"thumbnailUrl\":\"https:\/\/noti-america.com\/site\/mexico\/wp-content\/uploads\/sites\/13\/2025\/10\/thumbnail_processed-59A7D645-EA46-467A-A5E3-C9884D4938ED.jpg\",\"articleSection\":[\"Arte y Espect\u00e1culos\"],\"inLanguage\":\"es\",\"potentialAction\":[{\"@type\":\"CommentAction\",\"name\":\"Comment\",\"target\":[\"https:\/\/noti-america.com\/site\/mexico\/2025\/10\/01\/madeleings-contreras-recibe-mencion-especial-por-excelencia-academica-y-profesionalismo-en-latin-mara-internacional\/#respond\"]}]},{\"@type\":\"WebPage\",\"@id\":\"https:\/\/noti-america.com\/site\/mexico\/2025\/10\/01\/madeleings-contreras-recibe-mencion-especial-por-excelencia-academica-y-profesionalismo-en-latin-mara-internacional\/\",\"url\":\"https:\/\/noti-america.com\/site\/mexico\/2025\/10\/01\/madeleings-contreras-recibe-mencion-especial-por-excelencia-academica-y-profesionalismo-en-latin-mara-internacional\/\",\"name\":\"Madeleings Contreras Recibe Menci\u00f3n Especial por Excelencia Acad\u00e9mica y Profesionalismo en Latin Mara Internacional - M\u00e9xico\",\"isPartOf\":{\"@id\":\"https:\/\/noti-america.com\/site\/mexico\/#website\"},\"primaryImageOfPage\":{\"@id\":\"https:\/\/noti-america.com\/site\/mexico\/2025\/10\/01\/madeleings-contreras-recibe-mencion-especial-por-excelencia-academica-y-profesionalismo-en-latin-mara-internacional\/#primaryimage\"},\"image\":{\"@id\":\"https:\/\/noti-america.com\/site\/mexico\/2025\/10\/01\/madeleings-contreras-recibe-mencion-especial-por-excelencia-academica-y-profesionalismo-en-latin-mara-internacional\/#primaryimage\"},\"thumbnailUrl\":\"https:\/\/noti-america.com\/site\/mexico\/wp-content\/uploads\/sites\/13\/2025\/10\/thumbnail_processed-59A7D645-EA46-467A-A5E3-C9884D4938ED.jpg\",\"datePublished\":\"2025-10-01T14:30:46+00:00\",\"breadcrumb\":{\"@id\":\"https:\/\/noti-america.com\/site\/mexico\/2025\/10\/01\/madeleings-contreras-recibe-mencion-especial-por-excelencia-academica-y-profesionalismo-en-latin-mara-internacional\/#breadcrumb\"},\"inLanguage\":\"es\",\"potentialAction\":[{\"@type\":\"ReadAction\",\"target\":[\"https:\/\/noti-america.com\/site\/mexico\/2025\/10\/01\/madeleings-contreras-recibe-mencion-especial-por-excelencia-academica-y-profesionalismo-en-latin-mara-internacional\/\"]}]},{\"@type\":\"ImageObject\",\"inLanguage\":\"es\",\"@id\":\"https:\/\/noti-america.com\/site\/mexico\/2025\/10\/01\/madeleings-contreras-recibe-mencion-especial-por-excelencia-academica-y-profesionalismo-en-latin-mara-internacional\/#primaryimage\",\"url\":\"https:\/\/noti-america.com\/site\/mexico\/wp-content\/uploads\/sites\/13\/2025\/10\/thumbnail_processed-59A7D645-EA46-467A-A5E3-C9884D4938ED.jpg\",\"contentUrl\":\"https:\/\/noti-america.com\/site\/mexico\/wp-content\/uploads\/sites\/13\/2025\/10\/thumbnail_processed-59A7D645-EA46-467A-A5E3-C9884D4938ED.jpg\",\"width\":1179,\"height\":968},{\"@type\":\"BreadcrumbList\",\"@id\":\"https:\/\/noti-america.com\/site\/mexico\/2025\/10\/01\/madeleings-contreras-recibe-mencion-especial-por-excelencia-academica-y-profesionalismo-en-latin-mara-internacional\/#breadcrumb\",\"itemListElement\":[{\"@type\":\"ListItem\",\"position\":1,\"name\":\"Portada\",\"item\":\"https:\/\/noti-america.com\/site\/mexico\/\"},{\"@type\":\"ListItem\",\"position\":2,\"name\":\"Madeleings Contreras Recibe Menci\u00f3n Especial por Excelencia Acad\u00e9mica y Profesionalismo en Latin Mara Internacional\"}]},{\"@type\":\"WebSite\",\"@id\":\"https:\/\/noti-america.com\/site\/mexico\/#website\",\"url\":\"https:\/\/noti-america.com\/site\/mexico\/\",\"name\":\"M\u00e9xico | Noti-America.com\",\"description\":\"\",\"publisher\":{\"@id\":\"https:\/\/noti-america.com\/site\/mexico\/#organization\"},\"potentialAction\":[{\"@type\":\"SearchAction\",\"target\":{\"@type\":\"EntryPoint\",\"urlTemplate\":\"https:\/\/noti-america.com\/site\/mexico\/?s={search_term_string}\"},\"query-input\":{\"@type\":\"PropertyValueSpecification\",\"valueRequired\":true,\"valueName\":\"search_term_string\"}}],\"inLanguage\":\"es\"},{\"@type\":\"Organization\",\"@id\":\"https:\/\/noti-america.com\/site\/mexico\/#organization\",\"name\":\"Noti-America LLC | M\u00e9xico\",\"url\":\"https:\/\/noti-america.com\/site\/mexico\/\",\"logo\":{\"@type\":\"ImageObject\",\"inLanguage\":\"es\",\"@id\":\"https:\/\/noti-america.com\/site\/mexico\/#\/schema\/logo\/image\/\",\"url\":\"https:\/\/noti-america.com\/site\/mexico\/wp-content\/uploads\/sites\/13\/2020\/07\/LogoNA-4x3-1.jpg\",\"contentUrl\":\"https:\/\/noti-america.com\/site\/mexico\/wp-content\/uploads\/sites\/13\/2020\/07\/LogoNA-4x3-1.jpg\",\"width\":1236,\"height\":1080,\"caption\":\"Noti-America LLC | M\u00e9xico\"},\"image\":{\"@id\":\"https:\/\/noti-america.com\/site\/mexico\/#\/schema\/logo\/image\/\"}},{\"@type\":\"Person\",\"@id\":\"https:\/\/noti-america.com\/site\/mexico\/#\/schema\/person\/376ccc7b3cc7a8d5a43c3ece07a43857\",\"name\":\"Yoelvzla\",\"image\":{\"@type\":\"ImageObject\",\"inLanguage\":\"es\",\"@id\":\"https:\/\/secure.gravatar.com\/avatar\/13a96a72123e0e9aa76fe82e8847f726c63a1c5ef6a8d0fadd844c1a5a83b212?s=96&d=mm&r=g\",\"url\":\"https:\/\/secure.gravatar.com\/avatar\/13a96a72123e0e9aa76fe82e8847f726c63a1c5ef6a8d0fadd844c1a5a83b212?s=96&d=mm&r=g\",\"contentUrl\":\"https:\/\/secure.gravatar.com\/avatar\/13a96a72123e0e9aa76fe82e8847f726c63a1c5ef6a8d0fadd844c1a5a83b212?s=96&d=mm&r=g\",\"caption\":\"Yoelvzla\"},\"url\":\"https:\/\/noti-america.com\/site\/mexico\/author\/ydiaz\/\"}]}<\/script>\n<!-- \/ Yoast SEO Premium plugin. -->","yoast_head_json":{"title":"Madeleings Contreras Recibe Menci\u00f3n Especial por Excelencia Acad\u00e9mica y Profesionalismo en Latin Mara Internacional - M\u00e9xico","robots":{"index":"index","follow":"follow","max-snippet":"max-snippet:-1","max-image-preview":"max-image-preview:large","max-video-preview":"max-video-preview:-1"},"canonical":"https:\/\/noti-america.com\/site\/mexico\/2025\/10\/01\/madeleings-contreras-recibe-mencion-especial-por-excelencia-academica-y-profesionalismo-en-latin-mara-internacional\/","og_locale":"es_ES","og_type":"article","og_title":"Madeleings Contreras Recibe Menci\u00f3n Especial por Excelencia Acad\u00e9mica y Profesionalismo en Latin Mara Internacional","og_description":"NOTI-AMERICA.COM | MEXICO La organizaci\u00f3n Latin Mara Internacional otorgar\u00e1 una Menci\u00f3n Especial a\u00a0Madeleings Contreras\u00a0por su destacada trayectoria y logros acad\u00e9micos y profesionales, reconoci\u00e9ndola como un icono de la mujer venezolana. El evento, que se&#46;&#46;&#46;","og_url":"https:\/\/noti-america.com\/site\/mexico\/2025\/10\/01\/madeleings-contreras-recibe-mencion-especial-por-excelencia-academica-y-profesionalismo-en-latin-mara-internacional\/","og_site_name":"M\u00e9xico","article_published_time":"2025-10-01T14:30:46+00:00","og_image":[{"width":1179,"height":968,"url":"https:\/\/noti-america.com\/site\/mexico\/wp-content\/uploads\/sites\/13\/2025\/10\/thumbnail_processed-59A7D645-EA46-467A-A5E3-C9884D4938ED.jpg","type":"image\/jpeg"}],"author":"Yoelvzla","twitter_card":"summary_large_image","twitter_misc":{"Escrito por":"Yoelvzla","Tiempo estimado de lectura":"2 minutos"},"schema":{"@context":"https:\/\/schema.org","@graph":[{"@type":"Article","@id":"https:\/\/noti-america.com\/site\/mexico\/2025\/10\/01\/madeleings-contreras-recibe-mencion-especial-por-excelencia-academica-y-profesionalismo-en-latin-mara-internacional\/#article","isPartOf":{"@id":"https:\/\/noti-america.com\/site\/mexico\/2025\/10\/01\/madeleings-contreras-recibe-mencion-especial-por-excelencia-academica-y-profesionalismo-en-latin-mara-internacional\/"},"author":{"name":"Yoelvzla","@id":"https:\/\/noti-america.com\/site\/mexico\/#\/schema\/person\/376ccc7b3cc7a8d5a43c3ece07a43857"},"headline":"Madeleings Contreras Recibe Menci\u00f3n Especial por Excelencia Acad\u00e9mica y Profesionalismo en Latin Mara Internacional","datePublished":"2025-10-01T14:30:46+00:00","mainEntityOfPage":{"@id":"https:\/\/noti-america.com\/site\/mexico\/2025\/10\/01\/madeleings-contreras-recibe-mencion-especial-por-excelencia-academica-y-profesionalismo-en-latin-mara-internacional\/"},"wordCount":270,"commentCount":0,"publisher":{"@id":"https:\/\/noti-america.com\/site\/mexico\/#organization"},"image":{"@id":"https:\/\/noti-america.com\/site\/mexico\/2025\/10\/01\/madeleings-contreras-recibe-mencion-especial-por-excelencia-academica-y-profesionalismo-en-latin-mara-internacional\/#primaryimage"},"thumbnailUrl":"https:\/\/noti-america.com\/site\/mexico\/wp-content\/uploads\/sites\/13\/2025\/10\/thumbnail_processed-59A7D645-EA46-467A-A5E3-C9884D4938ED.jpg","articleSection":["Arte y Espect\u00e1culos"],"inLanguage":"es","potentialAction":[{"@type":"CommentAction","name":"Comment","target":["https:\/\/noti-america.com\/site\/mexico\/2025\/10\/01\/madeleings-contreras-recibe-mencion-especial-por-excelencia-academica-y-profesionalismo-en-latin-mara-internacional\/#respond"]}]},{"@type":"WebPage","@id":"https:\/\/noti-america.com\/site\/mexico\/2025\/10\/01\/madeleings-contreras-recibe-mencion-especial-por-excelencia-academica-y-profesionalismo-en-latin-mara-internacional\/","url":"https:\/\/noti-america.com\/site\/mexico\/2025\/10\/01\/madeleings-contreras-recibe-mencion-especial-por-excelencia-academica-y-profesionalismo-en-latin-mara-internacional\/","name":"Madeleings Contreras Recibe Menci\u00f3n Especial por Excelencia Acad\u00e9mica y Profesionalismo en Latin Mara Internacional - M\u00e9xico","isPartOf":{"@id":"https:\/\/noti-america.com\/site\/mexico\/#website"},"primaryImageOfPage":{"@id":"https:\/\/noti-america.com\/site\/mexico\/2025\/10\/01\/madeleings-contreras-recibe-mencion-especial-por-excelencia-academica-y-profesionalismo-en-latin-mara-internacional\/#primaryimage"},"image":{"@id":"https:\/\/noti-america.com\/site\/mexico\/2025\/10\/01\/madeleings-contreras-recibe-mencion-especial-por-excelencia-academica-y-profesionalismo-en-latin-mara-internacional\/#primaryimage"},"thumbnailUrl":"https:\/\/noti-america.com\/site\/mexico\/wp-content\/uploads\/sites\/13\/2025\/10\/thumbnail_processed-59A7D645-EA46-467A-A5E3-C9884D4938ED.jpg","datePublished":"2025-10-01T14:30:46+00:00","breadcrumb":{"@id":"https:\/\/noti-america.com\/site\/mexico\/2025\/10\/01\/madeleings-contreras-recibe-mencion-especial-por-excelencia-academica-y-profesionalismo-en-latin-mara-internacional\/#breadcrumb"},"inLanguage":"es","potentialAction":[{"@type":"ReadAction","target":["https:\/\/noti-america.com\/site\/mexico\/2025\/10\/01\/madeleings-contreras-recibe-mencion-especial-por-excelencia-academica-y-profesionalismo-en-latin-mara-internacional\/"]}]},{"@type":"ImageObject","inLanguage":"es","@id":"https:\/\/noti-america.com\/site\/mexico\/2025\/10\/01\/madeleings-contreras-recibe-mencion-especial-por-excelencia-academica-y-profesionalismo-en-latin-mara-internacional\/#primaryimage","url":"https:\/\/noti-america.com\/site\/mexico\/wp-content\/uploads\/sites\/13\/2025\/10\/thumbnail_processed-59A7D645-EA46-467A-A5E3-C9884D4938ED.jpg","contentUrl":"https:\/\/noti-america.com\/site\/mexico\/wp-content\/uploads\/sites\/13\/2025\/10\/thumbnail_processed-59A7D645-EA46-467A-A5E3-C9884D4938ED.jpg","width":1179,"height":968},{"@type":"BreadcrumbList","@id":"https:\/\/noti-america.com\/site\/mexico\/2025\/10\/01\/madeleings-contreras-recibe-mencion-especial-por-excelencia-academica-y-profesionalismo-en-latin-mara-internacional\/#breadcrumb","itemListElement":[{"@type":"ListItem","position":1,"name":"Portada","item":"https:\/\/noti-america.com\/site\/mexico\/"},{"@type":"ListItem","position":2,"name":"Madeleings Contreras Recibe Menci\u00f3n Especial por Excelencia Acad\u00e9mica y Profesionalismo en Latin Mara Internacional"}]},{"@type":"WebSite","@id":"https:\/\/noti-america.com\/site\/mexico\/#website","url":"https:\/\/noti-america.com\/site\/mexico\/","name":"M\u00e9xico | Noti-America.com","description":"","publisher":{"@id":"https:\/\/noti-america.com\/site\/mexico\/#organization"},"potentialAction":[{"@type":"SearchAction","target":{"@type":"EntryPoint","urlTemplate":"https:\/\/noti-america.com\/site\/mexico\/?s={search_term_string}"},"query-input":{"@type":"PropertyValueSpecification","valueRequired":true,"valueName":"search_term_string"}}],"inLanguage":"es"},{"@type":"Organization","@id":"https:\/\/noti-america.com\/site\/mexico\/#organization","name":"Noti-America LLC | M\u00e9xico","url":"https:\/\/noti-america.com\/site\/mexico\/","logo":{"@type":"ImageObject","inLanguage":"es","@id":"https:\/\/noti-america.com\/site\/mexico\/#\/schema\/logo\/image\/","url":"https:\/\/noti-america.com\/site\/mexico\/wp-content\/uploads\/sites\/13\/2020\/07\/LogoNA-4x3-1.jpg","contentUrl":"https:\/\/noti-america.com\/site\/mexico\/wp-content\/uploads\/sites\/13\/2020\/07\/LogoNA-4x3-1.jpg","width":1236,"height":1080,"caption":"Noti-America LLC | M\u00e9xico"},"image":{"@id":"https:\/\/noti-america.com\/site\/mexico\/#\/schema\/logo\/image\/"}},{"@type":"Person","@id":"https:\/\/noti-america.com\/site\/mexico\/#\/schema\/person\/376ccc7b3cc7a8d5a43c3ece07a43857","name":"Yoelvzla","image":{"@type":"ImageObject","inLanguage":"es","@id":"https:\/\/secure.gravatar.com\/avatar\/13a96a72123e0e9aa76fe82e8847f726c63a1c5ef6a8d0fadd844c1a5a83b212?s=96&d=mm&r=g","url":"https:\/\/secure.gravatar.com\/avatar\/13a96a72123e0e9aa76fe82e8847f726c63a1c5ef6a8d0fadd844c1a5a83b212?s=96&d=mm&r=g","contentUrl":"https:\/\/secure.gravatar.com\/avatar\/13a96a72123e0e9aa76fe82e8847f726c63a1c5ef6a8d0fadd844c1a5a83b212?s=96&d=mm&r=g","caption":"Yoelvzla"},"url":"https:\/\/noti-america.com\/site\/mexico\/author\/ydiaz\/"}]}},"_links":{"self":[{"href":"https:\/\/noti-america.com\/site\/mexico\/wp-json\/wp\/v2\/posts\/17299","targetHints":{"allow":["GET"]}}],"collection":[{"href":"https:\/\/noti-america.com\/site\/mexico\/wp-json\/wp\/v2\/posts"}],"about":[{"href":"https:\/\/noti-america.com\/site\/mexico\/wp-json\/wp\/v2\/types\/post"}],"author":[{"embeddable":true,"href":"https:\/\/noti-america.com\/site\/mexico\/wp-json\/wp\/v2\/users\/127"}],"replies":[{"embeddable":true,"href":"https:\/\/noti-america.com\/site\/mexico\/wp-json\/wp\/v2\/comments?post=17299"}],"version-history":[{"count":1,"href":"https:\/\/noti-america.com\/site\/mexico\/wp-json\/wp\/v2\/posts\/17299\/revisions"}],"predecessor-version":[{"id":17301,"href":"https:\/\/noti-america.com\/site\/mexico\/wp-json\/wp\/v2\/posts\/17299\/revisions\/17301"}],"wp:featuredmedia":[{"embeddable":true,"href":"https:\/\/noti-america.com\/site\/mexico\/wp-json\/wp\/v2\/media\/17300"}],"wp:attachment":[{"href":"https:\/\/noti-america.com\/site\/mexico\/wp-json\/wp\/v2\/media?parent=17299"}],"wp:term":[{"taxonomy":"category","embeddable":true,"href":"https:\/\/noti-america.com\/site\/mexico\/wp-json\/wp\/v2\/categories?post=17299"},{"taxonomy":"post_tag","embeddable":true,"href":"https:\/\/noti-america.com\/site\/mexico\/wp-json\/wp\/v2\/tags?post=17299"}],"curies":[{"name":"wp","href":"https:\/\/api.w.org\/{rel}","templated":true}]}}