{"id":1721,"date":"2018-12-17T04:26:07","date_gmt":"2018-12-17T04:26:07","guid":{"rendered":"http:\/\/noti-america.com\/site\/mexico\/?p=1721"},"modified":"2018-12-17T04:26:07","modified_gmt":"2018-12-17T04:26:07","slug":"federacion-ignora-4-obras-clave-de-jalisco","status":"publish","type":"post","link":"https:\/\/noti-america.com\/site\/mexico\/2018\/12\/17\/federacion-ignora-4-obras-clave-de-jalisco\/","title":{"rendered":"Federaci\u00f3n ignora 4 obras clave de Jalisco"},"content":{"rendered":"<p><img loading=\"lazy\" decoding=\"async\" class=\"wp-image-1722 aligncenter\" src=\"http:\/\/noti-america.com\/site\/mexico\/wp-content\/uploads\/sites\/13\/2018\/12\/rs3147355_dig-2018-12-08-19-17-46.jpg_1970638775-1-300x189.jpg\" alt=\"\" width=\"538\" height=\"339\" srcset=\"https:\/\/noti-america.com\/site\/mexico\/wp-content\/uploads\/sites\/13\/2018\/12\/rs3147355_dig-2018-12-08-19-17-46.jpg_1970638775-1-300x189.jpg 300w, https:\/\/noti-america.com\/site\/mexico\/wp-content\/uploads\/sites\/13\/2018\/12\/rs3147355_dig-2018-12-08-19-17-46.jpg_1970638775-1-768x484.jpg 768w, https:\/\/noti-america.com\/site\/mexico\/wp-content\/uploads\/sites\/13\/2018\/12\/rs3147355_dig-2018-12-08-19-17-46.jpg_1970638775-1.jpg 770w\" sizes=\"auto, (max-width: 538px) 100vw, 538px\" \/><\/p>\n<p>&nbsp;<\/p>\n<p>&nbsp;<\/p>\n<p>&nbsp;<\/p>\n<h3>Fuente:\u00a0\u00a0https:\/\/www.informador.mx\/<\/h3>\n<p>&nbsp;<\/p>\n<p>Cuatro proyectos de inversi\u00f3n estrat\u00e9gica para Jalisco est\u00e1n en riesgo.\u00a0<strong>El Proyecto de Presupuesto de Egresos de la Federaci\u00f3n 2019 (PEF), enviado ayer por el Poder Ejecutivo al Congreso de la Uni\u00f3n, no contempla recursos para la L\u00ednea 4 del Tren Ligero, el saneamiento del R\u00edo Santiago, la presa\u00a0derivadora\u00a0El Purgatorio y el Libramiento Sur de Puerto\u00a0Vallarta. \u00a0<\/strong><\/p>\n<div id=\"div-gpt-ad-1524682842930-0\" data-google-query-id=\"CJDy46aCpt8CFdFsAQodytoKZg\"><\/div>\n<p>Tonatiuh Bravo Padilla, coordinador de la bancada de Movimiento Ciudadano (MC) en la C\u00e1mara de Diputados, confirm\u00f3 que no hay recursos etiquetados para estas obras estrat\u00e9gicas. \u201cVamos a solicitar que sea escuchada la postura de Movimiento Ciudadano\u201d, adelant\u00f3 sobre la defensa que har\u00e1n del recurso cuando comience la discusi\u00f3n y eventual aprobaci\u00f3n del presupuesto.<\/p>\n<p>Los diputados de MC por Jalisco tambi\u00e9n iniciaron un an\u00e1lisis del proyecto de gasto para tener una radiograf\u00eda de los recursos asignados al Estado; este lunes esperan terminar la revisi\u00f3n.<\/p>\n<p><strong>En cuanto a las participaciones federales, Bravo Padilla se\u00f1al\u00f3 que habr\u00e1 un aumento de alrededor de 7.9% real, descontando la inflaci\u00f3n, que rondar\u00e1 los 102 mil millones de pesos.<\/strong><\/p>\n<p>El ex rector de la Universidad de Guadalajara lament\u00f3 que el \u201cPaquete Econ\u00f3mico 2019 s\u00f3lo tenga 0.3% de incremento presupuestal para las universidades p\u00fablicas estatales\u201d, lo que representa, dijo, \u201cuna disminuci\u00f3n real de 3.4 por ciento\u201d.<\/p>\n<p>Los proyectos de Jalisco que s\u00ed contemplan recursos son la L\u00ednea 3 del Tren Ligero, con un monto de mil millones de pesos. Sin embargo, el costo de la obra se elev\u00f3 a 30 mil 418 millones, por lo que a\u00fan faltar\u00e1n 756 millones para culminarla.<\/p>\n","protected":false},"excerpt":{"rendered":"<p>&nbsp; &nbsp; &nbsp; Fuente:\u00a0\u00a0https:\/\/www.informador.mx\/ &nbsp; Cuatro proyectos de inversi\u00f3n estrat\u00e9gica para Jalisco est\u00e1n en riesgo.\u00a0El Proyecto de Presupuesto de Egresos de la Federaci\u00f3n 2019 (PEF), enviado ayer por el Poder Ejecutivo al Congreso de&#46;&#46;&#46;<\/p>\n","protected":false},"author":28,"featured_media":1722,"comment_status":"open","ping_status":"open","sticky":false,"template":"","format":"standard","meta":{"_acf_changed":false,"om_disable_all_campaigns":false,"rop_custom_images_group":[],"rop_custom_messages_group":[],"rop_publish_now":"initial","rop_publish_now_accounts":{"twitter_242054905_242054905":""},"rop_publish_now_history":[],"rop_publish_now_status":"pending","_uf_show_specific_survey":0,"_uf_disable_surveys":false,"footnotes":""},"categories":[1],"tags":[101],"class_list":["post-1721","post","type-post","status-publish","format-standard","has-post-thumbnail","hentry","category-uncategorized","tag-federacion-ignora-4-obras-clave-de-jalisco"],"acf":[],"aioseo_notices":[],"yoast_head":"<!-- This site is optimized with the Yoast SEO Premium plugin v24.9 (Yoast SEO v27.2) - https:\/\/yoast.com\/product\/yoast-seo-premium-wordpress\/ -->\n<title>Federaci\u00f3n ignora 4 obras clave de Jalisco - M\u00e9xico<\/title>\n<meta name=\"robots\" content=\"index, follow, max-snippet:-1, max-image-preview:large, max-video-preview:-1\" \/>\n<link rel=\"canonical\" href=\"https:\/\/noti-america.com\/site\/mexico\/2018\/12\/17\/federacion-ignora-4-obras-clave-de-jalisco\/\" \/>\n<meta property=\"og:locale\" content=\"es_ES\" \/>\n<meta property=\"og:type\" content=\"article\" \/>\n<meta property=\"og:title\" content=\"Federaci\u00f3n ignora 4 obras clave de Jalisco\" \/>\n<meta property=\"og:description\" content=\"&nbsp; &nbsp; &nbsp; Fuente:\u00a0\u00a0https:\/\/www.informador.mx\/ &nbsp; Cuatro proyectos de inversi\u00f3n estrat\u00e9gica para Jalisco est\u00e1n en riesgo.\u00a0El Proyecto de Presupuesto de Egresos de la Federaci\u00f3n 2019 (PEF), enviado ayer por el Poder Ejecutivo al Congreso de&#046;&#046;&#046;\" \/>\n<meta property=\"og:url\" content=\"https:\/\/noti-america.com\/site\/mexico\/2018\/12\/17\/federacion-ignora-4-obras-clave-de-jalisco\/\" \/>\n<meta property=\"og:site_name\" content=\"M\u00e9xico\" \/>\n<meta property=\"article:published_time\" content=\"2018-12-17T04:26:07+00:00\" \/>\n<meta property=\"og:image\" content=\"https:\/\/noti-america.com\/site\/mexico\/wp-content\/uploads\/sites\/13\/2018\/12\/rs3147355_dig-2018-12-08-19-17-46.jpg_1970638775-1.jpg\" \/>\n\t<meta property=\"og:image:width\" content=\"770\" \/>\n\t<meta property=\"og:image:height\" content=\"485\" \/>\n\t<meta property=\"og:image:type\" content=\"image\/jpeg\" \/>\n<meta name=\"author\" content=\"Redacci\u00f3n NA-NY\" \/>\n<meta name=\"twitter:card\" content=\"summary_large_image\" \/>\n<meta name=\"twitter:label1\" content=\"Escrito por\" \/>\n\t<meta name=\"twitter:data1\" content=\"Redacci\u00f3n NA-NY\" \/>\n\t<meta name=\"twitter:label2\" content=\"Tiempo estimado de lectura\" \/>\n\t<meta name=\"twitter:data2\" content=\"1 minuto\" \/>\n<script type=\"application\/ld+json\" class=\"yoast-schema-graph\">{\"@context\":\"https:\/\/schema.org\",\"@graph\":[{\"@type\":\"Article\",\"@id\":\"https:\/\/noti-america.com\/site\/mexico\/2018\/12\/17\/federacion-ignora-4-obras-clave-de-jalisco\/#article\",\"isPartOf\":{\"@id\":\"https:\/\/noti-america.com\/site\/mexico\/2018\/12\/17\/federacion-ignora-4-obras-clave-de-jalisco\/\"},\"author\":{\"name\":\"Redacci\u00f3n NA-NY\",\"@id\":\"https:\/\/noti-america.com\/site\/mexico\/#\/schema\/person\/db5a6527aaddfc34b3753d557a1292f0\"},\"headline\":\"Federaci\u00f3n ignora 4 obras clave de Jalisco\",\"datePublished\":\"2018-12-17T04:26:07+00:00\",\"mainEntityOfPage\":{\"@id\":\"https:\/\/noti-america.com\/site\/mexico\/2018\/12\/17\/federacion-ignora-4-obras-clave-de-jalisco\/\"},\"wordCount\":284,\"commentCount\":0,\"publisher\":{\"@id\":\"https:\/\/noti-america.com\/site\/mexico\/#organization\"},\"image\":{\"@id\":\"https:\/\/noti-america.com\/site\/mexico\/2018\/12\/17\/federacion-ignora-4-obras-clave-de-jalisco\/#primaryimage\"},\"thumbnailUrl\":\"https:\/\/noti-america.com\/site\/mexico\/wp-content\/uploads\/sites\/13\/2018\/12\/rs3147355_dig-2018-12-08-19-17-46.jpg_1970638775-1.jpg\",\"keywords\":[\"Federaci\u00f3n ignora 4 obras clave de Jalisco\"],\"articleSection\":[\"Uncategorized\"],\"inLanguage\":\"es\",\"potentialAction\":[{\"@type\":\"CommentAction\",\"name\":\"Comment\",\"target\":[\"https:\/\/noti-america.com\/site\/mexico\/2018\/12\/17\/federacion-ignora-4-obras-clave-de-jalisco\/#respond\"]}]},{\"@type\":\"WebPage\",\"@id\":\"https:\/\/noti-america.com\/site\/mexico\/2018\/12\/17\/federacion-ignora-4-obras-clave-de-jalisco\/\",\"url\":\"https:\/\/noti-america.com\/site\/mexico\/2018\/12\/17\/federacion-ignora-4-obras-clave-de-jalisco\/\",\"name\":\"Federaci\u00f3n ignora 4 obras clave de Jalisco - M\u00e9xico\",\"isPartOf\":{\"@id\":\"https:\/\/noti-america.com\/site\/mexico\/#website\"},\"primaryImageOfPage\":{\"@id\":\"https:\/\/noti-america.com\/site\/mexico\/2018\/12\/17\/federacion-ignora-4-obras-clave-de-jalisco\/#primaryimage\"},\"image\":{\"@id\":\"https:\/\/noti-america.com\/site\/mexico\/2018\/12\/17\/federacion-ignora-4-obras-clave-de-jalisco\/#primaryimage\"},\"thumbnailUrl\":\"https:\/\/noti-america.com\/site\/mexico\/wp-content\/uploads\/sites\/13\/2018\/12\/rs3147355_dig-2018-12-08-19-17-46.jpg_1970638775-1.jpg\",\"datePublished\":\"2018-12-17T04:26:07+00:00\",\"breadcrumb\":{\"@id\":\"https:\/\/noti-america.com\/site\/mexico\/2018\/12\/17\/federacion-ignora-4-obras-clave-de-jalisco\/#breadcrumb\"},\"inLanguage\":\"es\",\"potentialAction\":[{\"@type\":\"ReadAction\",\"target\":[\"https:\/\/noti-america.com\/site\/mexico\/2018\/12\/17\/federacion-ignora-4-obras-clave-de-jalisco\/\"]}]},{\"@type\":\"ImageObject\",\"inLanguage\":\"es\",\"@id\":\"https:\/\/noti-america.com\/site\/mexico\/2018\/12\/17\/federacion-ignora-4-obras-clave-de-jalisco\/#primaryimage\",\"url\":\"https:\/\/noti-america.com\/site\/mexico\/wp-content\/uploads\/sites\/13\/2018\/12\/rs3147355_dig-2018-12-08-19-17-46.jpg_1970638775-1.jpg\",\"contentUrl\":\"https:\/\/noti-america.com\/site\/mexico\/wp-content\/uploads\/sites\/13\/2018\/12\/rs3147355_dig-2018-12-08-19-17-46.jpg_1970638775-1.jpg\",\"width\":770,\"height\":485},{\"@type\":\"BreadcrumbList\",\"@id\":\"https:\/\/noti-america.com\/site\/mexico\/2018\/12\/17\/federacion-ignora-4-obras-clave-de-jalisco\/#breadcrumb\",\"itemListElement\":[{\"@type\":\"ListItem\",\"position\":1,\"name\":\"Portada\",\"item\":\"https:\/\/noti-america.com\/site\/mexico\/\"},{\"@type\":\"ListItem\",\"position\":2,\"name\":\"Federaci\u00f3n ignora 4 obras clave de Jalisco\"}]},{\"@type\":\"WebSite\",\"@id\":\"https:\/\/noti-america.com\/site\/mexico\/#website\",\"url\":\"https:\/\/noti-america.com\/site\/mexico\/\",\"name\":\"M\u00e9xico | Noti-America.com\",\"description\":\"\",\"publisher\":{\"@id\":\"https:\/\/noti-america.com\/site\/mexico\/#organization\"},\"potentialAction\":[{\"@type\":\"SearchAction\",\"target\":{\"@type\":\"EntryPoint\",\"urlTemplate\":\"https:\/\/noti-america.com\/site\/mexico\/?s={search_term_string}\"},\"query-input\":{\"@type\":\"PropertyValueSpecification\",\"valueRequired\":true,\"valueName\":\"search_term_string\"}}],\"inLanguage\":\"es\"},{\"@type\":\"Organization\",\"@id\":\"https:\/\/noti-america.com\/site\/mexico\/#organization\",\"name\":\"Noti-America LLC | M\u00e9xico\",\"url\":\"https:\/\/noti-america.com\/site\/mexico\/\",\"logo\":{\"@type\":\"ImageObject\",\"inLanguage\":\"es\",\"@id\":\"https:\/\/noti-america.com\/site\/mexico\/#\/schema\/logo\/image\/\",\"url\":\"https:\/\/noti-america.com\/site\/mexico\/wp-content\/uploads\/sites\/13\/2020\/07\/LogoNA-4x3-1.jpg\",\"contentUrl\":\"https:\/\/noti-america.com\/site\/mexico\/wp-content\/uploads\/sites\/13\/2020\/07\/LogoNA-4x3-1.jpg\",\"width\":1236,\"height\":1080,\"caption\":\"Noti-America LLC | M\u00e9xico\"},\"image\":{\"@id\":\"https:\/\/noti-america.com\/site\/mexico\/#\/schema\/logo\/image\/\"}},{\"@type\":\"Person\",\"@id\":\"https:\/\/noti-america.com\/site\/mexico\/#\/schema\/person\/db5a6527aaddfc34b3753d557a1292f0\",\"name\":\"Redacci\u00f3n NA-NY\",\"image\":{\"@type\":\"ImageObject\",\"inLanguage\":\"es\",\"@id\":\"https:\/\/secure.gravatar.com\/avatar\/2bd75bb500a8deb1390f777293a9af32d934c46613d2fbac7cceb2aaa2679ae8?s=96&d=mm&r=g\",\"url\":\"https:\/\/secure.gravatar.com\/avatar\/2bd75bb500a8deb1390f777293a9af32d934c46613d2fbac7cceb2aaa2679ae8?s=96&d=mm&r=g\",\"contentUrl\":\"https:\/\/secure.gravatar.com\/avatar\/2bd75bb500a8deb1390f777293a9af32d934c46613d2fbac7cceb2aaa2679ae8?s=96&d=mm&r=g\",\"caption\":\"Redacci\u00f3n NA-NY\"},\"url\":\"https:\/\/noti-america.com\/site\/mexico\/author\/redaccionny\/\"}]}<\/script>\n<!-- \/ Yoast SEO Premium plugin. -->","yoast_head_json":{"title":"Federaci\u00f3n ignora 4 obras clave de Jalisco - M\u00e9xico","robots":{"index":"index","follow":"follow","max-snippet":"max-snippet:-1","max-image-preview":"max-image-preview:large","max-video-preview":"max-video-preview:-1"},"canonical":"https:\/\/noti-america.com\/site\/mexico\/2018\/12\/17\/federacion-ignora-4-obras-clave-de-jalisco\/","og_locale":"es_ES","og_type":"article","og_title":"Federaci\u00f3n ignora 4 obras clave de Jalisco","og_description":"&nbsp; &nbsp; &nbsp; Fuente:\u00a0\u00a0https:\/\/www.informador.mx\/ &nbsp; Cuatro proyectos de inversi\u00f3n estrat\u00e9gica para Jalisco est\u00e1n en riesgo.\u00a0El Proyecto de Presupuesto de Egresos de la Federaci\u00f3n 2019 (PEF), enviado ayer por el Poder Ejecutivo al Congreso de&#46;&#46;&#46;","og_url":"https:\/\/noti-america.com\/site\/mexico\/2018\/12\/17\/federacion-ignora-4-obras-clave-de-jalisco\/","og_site_name":"M\u00e9xico","article_published_time":"2018-12-17T04:26:07+00:00","og_image":[{"width":770,"height":485,"url":"https:\/\/noti-america.com\/site\/mexico\/wp-content\/uploads\/sites\/13\/2018\/12\/rs3147355_dig-2018-12-08-19-17-46.jpg_1970638775-1.jpg","type":"image\/jpeg"}],"author":"Redacci\u00f3n NA-NY","twitter_card":"summary_large_image","twitter_misc":{"Escrito por":"Redacci\u00f3n NA-NY","Tiempo estimado de lectura":"1 minuto"},"schema":{"@context":"https:\/\/schema.org","@graph":[{"@type":"Article","@id":"https:\/\/noti-america.com\/site\/mexico\/2018\/12\/17\/federacion-ignora-4-obras-clave-de-jalisco\/#article","isPartOf":{"@id":"https:\/\/noti-america.com\/site\/mexico\/2018\/12\/17\/federacion-ignora-4-obras-clave-de-jalisco\/"},"author":{"name":"Redacci\u00f3n NA-NY","@id":"https:\/\/noti-america.com\/site\/mexico\/#\/schema\/person\/db5a6527aaddfc34b3753d557a1292f0"},"headline":"Federaci\u00f3n ignora 4 obras clave de Jalisco","datePublished":"2018-12-17T04:26:07+00:00","mainEntityOfPage":{"@id":"https:\/\/noti-america.com\/site\/mexico\/2018\/12\/17\/federacion-ignora-4-obras-clave-de-jalisco\/"},"wordCount":284,"commentCount":0,"publisher":{"@id":"https:\/\/noti-america.com\/site\/mexico\/#organization"},"image":{"@id":"https:\/\/noti-america.com\/site\/mexico\/2018\/12\/17\/federacion-ignora-4-obras-clave-de-jalisco\/#primaryimage"},"thumbnailUrl":"https:\/\/noti-america.com\/site\/mexico\/wp-content\/uploads\/sites\/13\/2018\/12\/rs3147355_dig-2018-12-08-19-17-46.jpg_1970638775-1.jpg","keywords":["Federaci\u00f3n ignora 4 obras clave de Jalisco"],"articleSection":["Uncategorized"],"inLanguage":"es","potentialAction":[{"@type":"CommentAction","name":"Comment","target":["https:\/\/noti-america.com\/site\/mexico\/2018\/12\/17\/federacion-ignora-4-obras-clave-de-jalisco\/#respond"]}]},{"@type":"WebPage","@id":"https:\/\/noti-america.com\/site\/mexico\/2018\/12\/17\/federacion-ignora-4-obras-clave-de-jalisco\/","url":"https:\/\/noti-america.com\/site\/mexico\/2018\/12\/17\/federacion-ignora-4-obras-clave-de-jalisco\/","name":"Federaci\u00f3n ignora 4 obras clave de Jalisco - M\u00e9xico","isPartOf":{"@id":"https:\/\/noti-america.com\/site\/mexico\/#website"},"primaryImageOfPage":{"@id":"https:\/\/noti-america.com\/site\/mexico\/2018\/12\/17\/federacion-ignora-4-obras-clave-de-jalisco\/#primaryimage"},"image":{"@id":"https:\/\/noti-america.com\/site\/mexico\/2018\/12\/17\/federacion-ignora-4-obras-clave-de-jalisco\/#primaryimage"},"thumbnailUrl":"https:\/\/noti-america.com\/site\/mexico\/wp-content\/uploads\/sites\/13\/2018\/12\/rs3147355_dig-2018-12-08-19-17-46.jpg_1970638775-1.jpg","datePublished":"2018-12-17T04:26:07+00:00","breadcrumb":{"@id":"https:\/\/noti-america.com\/site\/mexico\/2018\/12\/17\/federacion-ignora-4-obras-clave-de-jalisco\/#breadcrumb"},"inLanguage":"es","potentialAction":[{"@type":"ReadAction","target":["https:\/\/noti-america.com\/site\/mexico\/2018\/12\/17\/federacion-ignora-4-obras-clave-de-jalisco\/"]}]},{"@type":"ImageObject","inLanguage":"es","@id":"https:\/\/noti-america.com\/site\/mexico\/2018\/12\/17\/federacion-ignora-4-obras-clave-de-jalisco\/#primaryimage","url":"https:\/\/noti-america.com\/site\/mexico\/wp-content\/uploads\/sites\/13\/2018\/12\/rs3147355_dig-2018-12-08-19-17-46.jpg_1970638775-1.jpg","contentUrl":"https:\/\/noti-america.com\/site\/mexico\/wp-content\/uploads\/sites\/13\/2018\/12\/rs3147355_dig-2018-12-08-19-17-46.jpg_1970638775-1.jpg","width":770,"height":485},{"@type":"BreadcrumbList","@id":"https:\/\/noti-america.com\/site\/mexico\/2018\/12\/17\/federacion-ignora-4-obras-clave-de-jalisco\/#breadcrumb","itemListElement":[{"@type":"ListItem","position":1,"name":"Portada","item":"https:\/\/noti-america.com\/site\/mexico\/"},{"@type":"ListItem","position":2,"name":"Federaci\u00f3n ignora 4 obras clave de Jalisco"}]},{"@type":"WebSite","@id":"https:\/\/noti-america.com\/site\/mexico\/#website","url":"https:\/\/noti-america.com\/site\/mexico\/","name":"M\u00e9xico | Noti-America.com","description":"","publisher":{"@id":"https:\/\/noti-america.com\/site\/mexico\/#organization"},"potentialAction":[{"@type":"SearchAction","target":{"@type":"EntryPoint","urlTemplate":"https:\/\/noti-america.com\/site\/mexico\/?s={search_term_string}"},"query-input":{"@type":"PropertyValueSpecification","valueRequired":true,"valueName":"search_term_string"}}],"inLanguage":"es"},{"@type":"Organization","@id":"https:\/\/noti-america.com\/site\/mexico\/#organization","name":"Noti-America LLC | M\u00e9xico","url":"https:\/\/noti-america.com\/site\/mexico\/","logo":{"@type":"ImageObject","inLanguage":"es","@id":"https:\/\/noti-america.com\/site\/mexico\/#\/schema\/logo\/image\/","url":"https:\/\/noti-america.com\/site\/mexico\/wp-content\/uploads\/sites\/13\/2020\/07\/LogoNA-4x3-1.jpg","contentUrl":"https:\/\/noti-america.com\/site\/mexico\/wp-content\/uploads\/sites\/13\/2020\/07\/LogoNA-4x3-1.jpg","width":1236,"height":1080,"caption":"Noti-America LLC | M\u00e9xico"},"image":{"@id":"https:\/\/noti-america.com\/site\/mexico\/#\/schema\/logo\/image\/"}},{"@type":"Person","@id":"https:\/\/noti-america.com\/site\/mexico\/#\/schema\/person\/db5a6527aaddfc34b3753d557a1292f0","name":"Redacci\u00f3n NA-NY","image":{"@type":"ImageObject","inLanguage":"es","@id":"https:\/\/secure.gravatar.com\/avatar\/2bd75bb500a8deb1390f777293a9af32d934c46613d2fbac7cceb2aaa2679ae8?s=96&d=mm&r=g","url":"https:\/\/secure.gravatar.com\/avatar\/2bd75bb500a8deb1390f777293a9af32d934c46613d2fbac7cceb2aaa2679ae8?s=96&d=mm&r=g","contentUrl":"https:\/\/secure.gravatar.com\/avatar\/2bd75bb500a8deb1390f777293a9af32d934c46613d2fbac7cceb2aaa2679ae8?s=96&d=mm&r=g","caption":"Redacci\u00f3n NA-NY"},"url":"https:\/\/noti-america.com\/site\/mexico\/author\/redaccionny\/"}]}},"_links":{"self":[{"href":"https:\/\/noti-america.com\/site\/mexico\/wp-json\/wp\/v2\/posts\/1721","targetHints":{"allow":["GET"]}}],"collection":[{"href":"https:\/\/noti-america.com\/site\/mexico\/wp-json\/wp\/v2\/posts"}],"about":[{"href":"https:\/\/noti-america.com\/site\/mexico\/wp-json\/wp\/v2\/types\/post"}],"author":[{"embeddable":true,"href":"https:\/\/noti-america.com\/site\/mexico\/wp-json\/wp\/v2\/users\/28"}],"replies":[{"embeddable":true,"href":"https:\/\/noti-america.com\/site\/mexico\/wp-json\/wp\/v2\/comments?post=1721"}],"version-history":[{"count":1,"href":"https:\/\/noti-america.com\/site\/mexico\/wp-json\/wp\/v2\/posts\/1721\/revisions"}],"predecessor-version":[{"id":1723,"href":"https:\/\/noti-america.com\/site\/mexico\/wp-json\/wp\/v2\/posts\/1721\/revisions\/1723"}],"wp:featuredmedia":[{"embeddable":true,"href":"https:\/\/noti-america.com\/site\/mexico\/wp-json\/wp\/v2\/media\/1722"}],"wp:attachment":[{"href":"https:\/\/noti-america.com\/site\/mexico\/wp-json\/wp\/v2\/media?parent=1721"}],"wp:term":[{"taxonomy":"category","embeddable":true,"href":"https:\/\/noti-america.com\/site\/mexico\/wp-json\/wp\/v2\/categories?post=1721"},{"taxonomy":"post_tag","embeddable":true,"href":"https:\/\/noti-america.com\/site\/mexico\/wp-json\/wp\/v2\/tags?post=1721"}],"curies":[{"name":"wp","href":"https:\/\/api.w.org\/{rel}","templated":true}]}}