{"id":1718,"date":"2018-12-17T04:23:15","date_gmt":"2018-12-17T04:23:15","guid":{"rendered":"http:\/\/noti-america.com\/site\/mexico\/?p=1718"},"modified":"2018-12-17T04:23:15","modified_gmt":"2018-12-17T04:23:15","slug":"emma-coronel-agradece-regalo-de-hijo-de-el-chapo","status":"publish","type":"post","link":"https:\/\/noti-america.com\/site\/mexico\/2018\/12\/17\/emma-coronel-agradece-regalo-de-hijo-de-el-chapo\/","title":{"rendered":"Emma Coronel agradece regalo de hijo de \u00abEl Chapo\u00bb"},"content":{"rendered":"<p><img loading=\"lazy\" decoding=\"async\" class=\"alignnone  wp-image-1719 aligncenter\" src=\"http:\/\/noti-america.com\/site\/mexico\/wp-content\/uploads\/sites\/13\/2018\/12\/emma_coronel_2_crop1545003711384.jpg_1970638775-300x189.jpg\" alt=\"\" width=\"483\" height=\"304\" srcset=\"https:\/\/noti-america.com\/site\/mexico\/wp-content\/uploads\/sites\/13\/2018\/12\/emma_coronel_2_crop1545003711384.jpg_1970638775-300x189.jpg 300w, https:\/\/noti-america.com\/site\/mexico\/wp-content\/uploads\/sites\/13\/2018\/12\/emma_coronel_2_crop1545003711384.jpg_1970638775-768x484.jpg 768w, https:\/\/noti-america.com\/site\/mexico\/wp-content\/uploads\/sites\/13\/2018\/12\/emma_coronel_2_crop1545003711384.jpg_1970638775.jpg 770w\" sizes=\"auto, (max-width: 483px) 100vw, 483px\" \/><\/p>\n<p>&nbsp;<\/p>\n<p>&nbsp;<\/p>\n<h3><\/h3>\n<h3>Fuente:\u00a0\u00a0https:\/\/www.informador.<\/h3>\n<p>&nbsp;<\/p>\n<p>Una fotograf\u00eda en la que se aprecia un obsequio envuelto y con un gran mo\u00f1o navide\u00f1o, acompa\u00f1ado de una peque\u00f1a tarjeta que dice \u00abFeliz Navidad! con Cari\u00f1o Alfredo\u00bb, fue compartida por\u00a0<strong>Emma Coronel\u00a0<\/strong>a trav\u00e9s de sus historias de Instagram.<\/p>\n<div id=\"div-gpt-ad-1524682842930-0\" data-google-query-id=\"CI2T98eBpt8CFRUdaQodG6wNdQ\"><\/div>\n<p>La esposa de\u00a0<strong>Joaqu\u00edn \u00abEl Chapo\u00bb Guzm\u00e1n<\/strong>\u00a0etiquet\u00f3, en la misma foto en la que al parecer tambi\u00e9n se dejan ver sus hijas rodeando el obsequio, la supuesta cuenta de Jes\u00fas Alfredo Guzm\u00e1n Salazar \u00abAlfredillo\u00bb, uno de los hijos mayores del capo.<\/p>\n<div id=\"div-pos-2\"><\/div>\n<div id=\"div-gpt-ad-1539621500235-0\" data-google-query-id=\"CMGk48eBpt8CFVWoaQodc2cDoQ\"><\/div>\n<p><strong>En el mensaje,\u00a0Emma\u00a0Coronel s\u00f3lo escribi\u00f3 \u00abgracias\u00bb.<\/strong><\/p>\n<p>&nbsp;<\/p>\n<p><strong>Con tan s\u00f3lo 35 a\u00f1os de edad \u00abAlfredillo\u00bb ya se encuentra en la lista de los 10 delincuentes m\u00e1s buscados por la Administraci\u00f3n para el Control de Drogas (DEA, por sus siglas en ingl\u00e9s),<\/strong>\u00a0por posesi\u00f3n e intento de distribuir sustancias controladas, as\u00ed como conspirar para importar y exportar sustancias controladas para su distribuci\u00f3n.<\/p>\n","protected":false},"excerpt":{"rendered":"<p>&nbsp; &nbsp; Fuente:\u00a0\u00a0https:\/\/www.informador. &nbsp; Una fotograf\u00eda en la que se aprecia un obsequio envuelto y con un gran mo\u00f1o navide\u00f1o, acompa\u00f1ado de una peque\u00f1a tarjeta que dice \u00abFeliz Navidad! con Cari\u00f1o Alfredo\u00bb, fue compartida&#46;&#46;&#46;<\/p>\n","protected":false},"author":28,"featured_media":1719,"comment_status":"open","ping_status":"open","sticky":false,"template":"","format":"standard","meta":{"_acf_changed":false,"om_disable_all_campaigns":false,"rop_custom_images_group":[],"rop_custom_messages_group":[],"rop_publish_now":"initial","rop_publish_now_accounts":{"twitter_242054905_242054905":""},"rop_publish_now_history":[],"rop_publish_now_status":"pending","_uf_show_specific_survey":0,"_uf_disable_surveys":false,"footnotes":""},"categories":[1],"tags":[100],"class_list":["post-1718","post","type-post","status-publish","format-standard","has-post-thumbnail","hentry","category-uncategorized","tag-emma-coronel-agradece-regalo-de-hijo-de-el-chapo"],"acf":[],"aioseo_notices":[],"yoast_head":"<!-- This site is optimized with the Yoast SEO Premium plugin v24.9 (Yoast SEO v27.2) - https:\/\/yoast.com\/product\/yoast-seo-premium-wordpress\/ -->\n<title>Emma Coronel agradece regalo de hijo de &quot;El Chapo&quot; - M\u00e9xico<\/title>\n<meta name=\"robots\" content=\"index, follow, max-snippet:-1, max-image-preview:large, max-video-preview:-1\" \/>\n<link rel=\"canonical\" href=\"https:\/\/noti-america.com\/site\/mexico\/2018\/12\/17\/emma-coronel-agradece-regalo-de-hijo-de-el-chapo\/\" \/>\n<meta property=\"og:locale\" content=\"es_ES\" \/>\n<meta property=\"og:type\" content=\"article\" \/>\n<meta property=\"og:title\" content=\"Emma Coronel agradece regalo de hijo de &quot;El Chapo&quot;\" \/>\n<meta property=\"og:description\" content=\"&nbsp; &nbsp; Fuente:\u00a0\u00a0https:\/\/www.informador. &nbsp; Una fotograf\u00eda en la que se aprecia un obsequio envuelto y con un gran mo\u00f1o navide\u00f1o, acompa\u00f1ado de una peque\u00f1a tarjeta que dice \u00abFeliz Navidad! con Cari\u00f1o Alfredo\u00bb, fue compartida&#046;&#046;&#046;\" \/>\n<meta property=\"og:url\" content=\"https:\/\/noti-america.com\/site\/mexico\/2018\/12\/17\/emma-coronel-agradece-regalo-de-hijo-de-el-chapo\/\" \/>\n<meta property=\"og:site_name\" content=\"M\u00e9xico\" \/>\n<meta property=\"article:published_time\" content=\"2018-12-17T04:23:15+00:00\" \/>\n<meta property=\"og:image\" content=\"https:\/\/noti-america.com\/site\/mexico\/wp-content\/uploads\/sites\/13\/2018\/12\/emma_coronel_2_crop1545003711384.jpg_1970638775.jpg\" \/>\n\t<meta property=\"og:image:width\" content=\"770\" \/>\n\t<meta property=\"og:image:height\" content=\"485\" \/>\n\t<meta property=\"og:image:type\" content=\"image\/jpeg\" \/>\n<meta name=\"author\" content=\"Redacci\u00f3n NA-NY\" \/>\n<meta name=\"twitter:card\" content=\"summary_large_image\" \/>\n<meta name=\"twitter:label1\" content=\"Escrito por\" \/>\n\t<meta name=\"twitter:data1\" content=\"Redacci\u00f3n NA-NY\" \/>\n\t<meta name=\"twitter:label2\" content=\"Tiempo estimado de lectura\" \/>\n\t<meta name=\"twitter:data2\" content=\"1 minuto\" \/>\n<script type=\"application\/ld+json\" class=\"yoast-schema-graph\">{\"@context\":\"https:\/\/schema.org\",\"@graph\":[{\"@type\":\"Article\",\"@id\":\"https:\/\/noti-america.com\/site\/mexico\/2018\/12\/17\/emma-coronel-agradece-regalo-de-hijo-de-el-chapo\/#article\",\"isPartOf\":{\"@id\":\"https:\/\/noti-america.com\/site\/mexico\/2018\/12\/17\/emma-coronel-agradece-regalo-de-hijo-de-el-chapo\/\"},\"author\":{\"name\":\"Redacci\u00f3n NA-NY\",\"@id\":\"https:\/\/noti-america.com\/site\/mexico\/#\/schema\/person\/db5a6527aaddfc34b3753d557a1292f0\"},\"headline\":\"Emma Coronel agradece regalo de hijo de \u00abEl Chapo\u00bb\",\"datePublished\":\"2018-12-17T04:23:15+00:00\",\"mainEntityOfPage\":{\"@id\":\"https:\/\/noti-america.com\/site\/mexico\/2018\/12\/17\/emma-coronel-agradece-regalo-de-hijo-de-el-chapo\/\"},\"wordCount\":179,\"commentCount\":0,\"publisher\":{\"@id\":\"https:\/\/noti-america.com\/site\/mexico\/#organization\"},\"image\":{\"@id\":\"https:\/\/noti-america.com\/site\/mexico\/2018\/12\/17\/emma-coronel-agradece-regalo-de-hijo-de-el-chapo\/#primaryimage\"},\"thumbnailUrl\":\"https:\/\/noti-america.com\/site\/mexico\/wp-content\/uploads\/sites\/13\/2018\/12\/emma_coronel_2_crop1545003711384.jpg_1970638775.jpg\",\"keywords\":[\"Emma Coronel agradece regalo de hijo de \\\"El Chapo\\\"\"],\"articleSection\":[\"Uncategorized\"],\"inLanguage\":\"es\",\"potentialAction\":[{\"@type\":\"CommentAction\",\"name\":\"Comment\",\"target\":[\"https:\/\/noti-america.com\/site\/mexico\/2018\/12\/17\/emma-coronel-agradece-regalo-de-hijo-de-el-chapo\/#respond\"]}]},{\"@type\":\"WebPage\",\"@id\":\"https:\/\/noti-america.com\/site\/mexico\/2018\/12\/17\/emma-coronel-agradece-regalo-de-hijo-de-el-chapo\/\",\"url\":\"https:\/\/noti-america.com\/site\/mexico\/2018\/12\/17\/emma-coronel-agradece-regalo-de-hijo-de-el-chapo\/\",\"name\":\"Emma Coronel agradece regalo de hijo de \\\"El Chapo\\\" - M\u00e9xico\",\"isPartOf\":{\"@id\":\"https:\/\/noti-america.com\/site\/mexico\/#website\"},\"primaryImageOfPage\":{\"@id\":\"https:\/\/noti-america.com\/site\/mexico\/2018\/12\/17\/emma-coronel-agradece-regalo-de-hijo-de-el-chapo\/#primaryimage\"},\"image\":{\"@id\":\"https:\/\/noti-america.com\/site\/mexico\/2018\/12\/17\/emma-coronel-agradece-regalo-de-hijo-de-el-chapo\/#primaryimage\"},\"thumbnailUrl\":\"https:\/\/noti-america.com\/site\/mexico\/wp-content\/uploads\/sites\/13\/2018\/12\/emma_coronel_2_crop1545003711384.jpg_1970638775.jpg\",\"datePublished\":\"2018-12-17T04:23:15+00:00\",\"breadcrumb\":{\"@id\":\"https:\/\/noti-america.com\/site\/mexico\/2018\/12\/17\/emma-coronel-agradece-regalo-de-hijo-de-el-chapo\/#breadcrumb\"},\"inLanguage\":\"es\",\"potentialAction\":[{\"@type\":\"ReadAction\",\"target\":[\"https:\/\/noti-america.com\/site\/mexico\/2018\/12\/17\/emma-coronel-agradece-regalo-de-hijo-de-el-chapo\/\"]}]},{\"@type\":\"ImageObject\",\"inLanguage\":\"es\",\"@id\":\"https:\/\/noti-america.com\/site\/mexico\/2018\/12\/17\/emma-coronel-agradece-regalo-de-hijo-de-el-chapo\/#primaryimage\",\"url\":\"https:\/\/noti-america.com\/site\/mexico\/wp-content\/uploads\/sites\/13\/2018\/12\/emma_coronel_2_crop1545003711384.jpg_1970638775.jpg\",\"contentUrl\":\"https:\/\/noti-america.com\/site\/mexico\/wp-content\/uploads\/sites\/13\/2018\/12\/emma_coronel_2_crop1545003711384.jpg_1970638775.jpg\",\"width\":770,\"height\":485},{\"@type\":\"BreadcrumbList\",\"@id\":\"https:\/\/noti-america.com\/site\/mexico\/2018\/12\/17\/emma-coronel-agradece-regalo-de-hijo-de-el-chapo\/#breadcrumb\",\"itemListElement\":[{\"@type\":\"ListItem\",\"position\":1,\"name\":\"Portada\",\"item\":\"https:\/\/noti-america.com\/site\/mexico\/\"},{\"@type\":\"ListItem\",\"position\":2,\"name\":\"Emma Coronel agradece regalo de hijo de \u00abEl Chapo\u00bb\"}]},{\"@type\":\"WebSite\",\"@id\":\"https:\/\/noti-america.com\/site\/mexico\/#website\",\"url\":\"https:\/\/noti-america.com\/site\/mexico\/\",\"name\":\"M\u00e9xico | Noti-America.com\",\"description\":\"\",\"publisher\":{\"@id\":\"https:\/\/noti-america.com\/site\/mexico\/#organization\"},\"potentialAction\":[{\"@type\":\"SearchAction\",\"target\":{\"@type\":\"EntryPoint\",\"urlTemplate\":\"https:\/\/noti-america.com\/site\/mexico\/?s={search_term_string}\"},\"query-input\":{\"@type\":\"PropertyValueSpecification\",\"valueRequired\":true,\"valueName\":\"search_term_string\"}}],\"inLanguage\":\"es\"},{\"@type\":\"Organization\",\"@id\":\"https:\/\/noti-america.com\/site\/mexico\/#organization\",\"name\":\"Noti-America LLC | M\u00e9xico\",\"url\":\"https:\/\/noti-america.com\/site\/mexico\/\",\"logo\":{\"@type\":\"ImageObject\",\"inLanguage\":\"es\",\"@id\":\"https:\/\/noti-america.com\/site\/mexico\/#\/schema\/logo\/image\/\",\"url\":\"https:\/\/noti-america.com\/site\/mexico\/wp-content\/uploads\/sites\/13\/2020\/07\/LogoNA-4x3-1.jpg\",\"contentUrl\":\"https:\/\/noti-america.com\/site\/mexico\/wp-content\/uploads\/sites\/13\/2020\/07\/LogoNA-4x3-1.jpg\",\"width\":1236,\"height\":1080,\"caption\":\"Noti-America LLC | M\u00e9xico\"},\"image\":{\"@id\":\"https:\/\/noti-america.com\/site\/mexico\/#\/schema\/logo\/image\/\"}},{\"@type\":\"Person\",\"@id\":\"https:\/\/noti-america.com\/site\/mexico\/#\/schema\/person\/db5a6527aaddfc34b3753d557a1292f0\",\"name\":\"Redacci\u00f3n NA-NY\",\"image\":{\"@type\":\"ImageObject\",\"inLanguage\":\"es\",\"@id\":\"https:\/\/secure.gravatar.com\/avatar\/2bd75bb500a8deb1390f777293a9af32d934c46613d2fbac7cceb2aaa2679ae8?s=96&d=mm&r=g\",\"url\":\"https:\/\/secure.gravatar.com\/avatar\/2bd75bb500a8deb1390f777293a9af32d934c46613d2fbac7cceb2aaa2679ae8?s=96&d=mm&r=g\",\"contentUrl\":\"https:\/\/secure.gravatar.com\/avatar\/2bd75bb500a8deb1390f777293a9af32d934c46613d2fbac7cceb2aaa2679ae8?s=96&d=mm&r=g\",\"caption\":\"Redacci\u00f3n NA-NY\"},\"url\":\"https:\/\/noti-america.com\/site\/mexico\/author\/redaccionny\/\"}]}<\/script>\n<!-- \/ Yoast SEO Premium plugin. -->","yoast_head_json":{"title":"Emma Coronel agradece regalo de hijo de \"El Chapo\" - M\u00e9xico","robots":{"index":"index","follow":"follow","max-snippet":"max-snippet:-1","max-image-preview":"max-image-preview:large","max-video-preview":"max-video-preview:-1"},"canonical":"https:\/\/noti-america.com\/site\/mexico\/2018\/12\/17\/emma-coronel-agradece-regalo-de-hijo-de-el-chapo\/","og_locale":"es_ES","og_type":"article","og_title":"Emma Coronel agradece regalo de hijo de \"El Chapo\"","og_description":"&nbsp; &nbsp; Fuente:\u00a0\u00a0https:\/\/www.informador. &nbsp; Una fotograf\u00eda en la que se aprecia un obsequio envuelto y con un gran mo\u00f1o navide\u00f1o, acompa\u00f1ado de una peque\u00f1a tarjeta que dice \u00abFeliz Navidad! con Cari\u00f1o Alfredo\u00bb, fue compartida&#46;&#46;&#46;","og_url":"https:\/\/noti-america.com\/site\/mexico\/2018\/12\/17\/emma-coronel-agradece-regalo-de-hijo-de-el-chapo\/","og_site_name":"M\u00e9xico","article_published_time":"2018-12-17T04:23:15+00:00","og_image":[{"width":770,"height":485,"url":"https:\/\/noti-america.com\/site\/mexico\/wp-content\/uploads\/sites\/13\/2018\/12\/emma_coronel_2_crop1545003711384.jpg_1970638775.jpg","type":"image\/jpeg"}],"author":"Redacci\u00f3n NA-NY","twitter_card":"summary_large_image","twitter_misc":{"Escrito por":"Redacci\u00f3n NA-NY","Tiempo estimado de lectura":"1 minuto"},"schema":{"@context":"https:\/\/schema.org","@graph":[{"@type":"Article","@id":"https:\/\/noti-america.com\/site\/mexico\/2018\/12\/17\/emma-coronel-agradece-regalo-de-hijo-de-el-chapo\/#article","isPartOf":{"@id":"https:\/\/noti-america.com\/site\/mexico\/2018\/12\/17\/emma-coronel-agradece-regalo-de-hijo-de-el-chapo\/"},"author":{"name":"Redacci\u00f3n NA-NY","@id":"https:\/\/noti-america.com\/site\/mexico\/#\/schema\/person\/db5a6527aaddfc34b3753d557a1292f0"},"headline":"Emma Coronel agradece regalo de hijo de \u00abEl Chapo\u00bb","datePublished":"2018-12-17T04:23:15+00:00","mainEntityOfPage":{"@id":"https:\/\/noti-america.com\/site\/mexico\/2018\/12\/17\/emma-coronel-agradece-regalo-de-hijo-de-el-chapo\/"},"wordCount":179,"commentCount":0,"publisher":{"@id":"https:\/\/noti-america.com\/site\/mexico\/#organization"},"image":{"@id":"https:\/\/noti-america.com\/site\/mexico\/2018\/12\/17\/emma-coronel-agradece-regalo-de-hijo-de-el-chapo\/#primaryimage"},"thumbnailUrl":"https:\/\/noti-america.com\/site\/mexico\/wp-content\/uploads\/sites\/13\/2018\/12\/emma_coronel_2_crop1545003711384.jpg_1970638775.jpg","keywords":["Emma Coronel agradece regalo de hijo de \"El Chapo\""],"articleSection":["Uncategorized"],"inLanguage":"es","potentialAction":[{"@type":"CommentAction","name":"Comment","target":["https:\/\/noti-america.com\/site\/mexico\/2018\/12\/17\/emma-coronel-agradece-regalo-de-hijo-de-el-chapo\/#respond"]}]},{"@type":"WebPage","@id":"https:\/\/noti-america.com\/site\/mexico\/2018\/12\/17\/emma-coronel-agradece-regalo-de-hijo-de-el-chapo\/","url":"https:\/\/noti-america.com\/site\/mexico\/2018\/12\/17\/emma-coronel-agradece-regalo-de-hijo-de-el-chapo\/","name":"Emma Coronel agradece regalo de hijo de \"El Chapo\" - M\u00e9xico","isPartOf":{"@id":"https:\/\/noti-america.com\/site\/mexico\/#website"},"primaryImageOfPage":{"@id":"https:\/\/noti-america.com\/site\/mexico\/2018\/12\/17\/emma-coronel-agradece-regalo-de-hijo-de-el-chapo\/#primaryimage"},"image":{"@id":"https:\/\/noti-america.com\/site\/mexico\/2018\/12\/17\/emma-coronel-agradece-regalo-de-hijo-de-el-chapo\/#primaryimage"},"thumbnailUrl":"https:\/\/noti-america.com\/site\/mexico\/wp-content\/uploads\/sites\/13\/2018\/12\/emma_coronel_2_crop1545003711384.jpg_1970638775.jpg","datePublished":"2018-12-17T04:23:15+00:00","breadcrumb":{"@id":"https:\/\/noti-america.com\/site\/mexico\/2018\/12\/17\/emma-coronel-agradece-regalo-de-hijo-de-el-chapo\/#breadcrumb"},"inLanguage":"es","potentialAction":[{"@type":"ReadAction","target":["https:\/\/noti-america.com\/site\/mexico\/2018\/12\/17\/emma-coronel-agradece-regalo-de-hijo-de-el-chapo\/"]}]},{"@type":"ImageObject","inLanguage":"es","@id":"https:\/\/noti-america.com\/site\/mexico\/2018\/12\/17\/emma-coronel-agradece-regalo-de-hijo-de-el-chapo\/#primaryimage","url":"https:\/\/noti-america.com\/site\/mexico\/wp-content\/uploads\/sites\/13\/2018\/12\/emma_coronel_2_crop1545003711384.jpg_1970638775.jpg","contentUrl":"https:\/\/noti-america.com\/site\/mexico\/wp-content\/uploads\/sites\/13\/2018\/12\/emma_coronel_2_crop1545003711384.jpg_1970638775.jpg","width":770,"height":485},{"@type":"BreadcrumbList","@id":"https:\/\/noti-america.com\/site\/mexico\/2018\/12\/17\/emma-coronel-agradece-regalo-de-hijo-de-el-chapo\/#breadcrumb","itemListElement":[{"@type":"ListItem","position":1,"name":"Portada","item":"https:\/\/noti-america.com\/site\/mexico\/"},{"@type":"ListItem","position":2,"name":"Emma Coronel agradece regalo de hijo de \u00abEl Chapo\u00bb"}]},{"@type":"WebSite","@id":"https:\/\/noti-america.com\/site\/mexico\/#website","url":"https:\/\/noti-america.com\/site\/mexico\/","name":"M\u00e9xico | Noti-America.com","description":"","publisher":{"@id":"https:\/\/noti-america.com\/site\/mexico\/#organization"},"potentialAction":[{"@type":"SearchAction","target":{"@type":"EntryPoint","urlTemplate":"https:\/\/noti-america.com\/site\/mexico\/?s={search_term_string}"},"query-input":{"@type":"PropertyValueSpecification","valueRequired":true,"valueName":"search_term_string"}}],"inLanguage":"es"},{"@type":"Organization","@id":"https:\/\/noti-america.com\/site\/mexico\/#organization","name":"Noti-America LLC | M\u00e9xico","url":"https:\/\/noti-america.com\/site\/mexico\/","logo":{"@type":"ImageObject","inLanguage":"es","@id":"https:\/\/noti-america.com\/site\/mexico\/#\/schema\/logo\/image\/","url":"https:\/\/noti-america.com\/site\/mexico\/wp-content\/uploads\/sites\/13\/2020\/07\/LogoNA-4x3-1.jpg","contentUrl":"https:\/\/noti-america.com\/site\/mexico\/wp-content\/uploads\/sites\/13\/2020\/07\/LogoNA-4x3-1.jpg","width":1236,"height":1080,"caption":"Noti-America LLC | M\u00e9xico"},"image":{"@id":"https:\/\/noti-america.com\/site\/mexico\/#\/schema\/logo\/image\/"}},{"@type":"Person","@id":"https:\/\/noti-america.com\/site\/mexico\/#\/schema\/person\/db5a6527aaddfc34b3753d557a1292f0","name":"Redacci\u00f3n NA-NY","image":{"@type":"ImageObject","inLanguage":"es","@id":"https:\/\/secure.gravatar.com\/avatar\/2bd75bb500a8deb1390f777293a9af32d934c46613d2fbac7cceb2aaa2679ae8?s=96&d=mm&r=g","url":"https:\/\/secure.gravatar.com\/avatar\/2bd75bb500a8deb1390f777293a9af32d934c46613d2fbac7cceb2aaa2679ae8?s=96&d=mm&r=g","contentUrl":"https:\/\/secure.gravatar.com\/avatar\/2bd75bb500a8deb1390f777293a9af32d934c46613d2fbac7cceb2aaa2679ae8?s=96&d=mm&r=g","caption":"Redacci\u00f3n NA-NY"},"url":"https:\/\/noti-america.com\/site\/mexico\/author\/redaccionny\/"}]}},"_links":{"self":[{"href":"https:\/\/noti-america.com\/site\/mexico\/wp-json\/wp\/v2\/posts\/1718","targetHints":{"allow":["GET"]}}],"collection":[{"href":"https:\/\/noti-america.com\/site\/mexico\/wp-json\/wp\/v2\/posts"}],"about":[{"href":"https:\/\/noti-america.com\/site\/mexico\/wp-json\/wp\/v2\/types\/post"}],"author":[{"embeddable":true,"href":"https:\/\/noti-america.com\/site\/mexico\/wp-json\/wp\/v2\/users\/28"}],"replies":[{"embeddable":true,"href":"https:\/\/noti-america.com\/site\/mexico\/wp-json\/wp\/v2\/comments?post=1718"}],"version-history":[{"count":1,"href":"https:\/\/noti-america.com\/site\/mexico\/wp-json\/wp\/v2\/posts\/1718\/revisions"}],"predecessor-version":[{"id":1720,"href":"https:\/\/noti-america.com\/site\/mexico\/wp-json\/wp\/v2\/posts\/1718\/revisions\/1720"}],"wp:featuredmedia":[{"embeddable":true,"href":"https:\/\/noti-america.com\/site\/mexico\/wp-json\/wp\/v2\/media\/1719"}],"wp:attachment":[{"href":"https:\/\/noti-america.com\/site\/mexico\/wp-json\/wp\/v2\/media?parent=1718"}],"wp:term":[{"taxonomy":"category","embeddable":true,"href":"https:\/\/noti-america.com\/site\/mexico\/wp-json\/wp\/v2\/categories?post=1718"},{"taxonomy":"post_tag","embeddable":true,"href":"https:\/\/noti-america.com\/site\/mexico\/wp-json\/wp\/v2\/tags?post=1718"}],"curies":[{"name":"wp","href":"https:\/\/api.w.org\/{rel}","templated":true}]}}