{"id":16755,"date":"2025-09-04T16:47:30","date_gmt":"2025-09-04T16:47:30","guid":{"rendered":"https:\/\/noti-america.com\/site\/mexico\/?p=16755"},"modified":"2025-09-04T16:47:30","modified_gmt":"2025-09-04T16:47:30","slug":"le-gustan-mayores-sydney-sweeney-estrena-romance","status":"publish","type":"post","link":"https:\/\/noti-america.com\/site\/mexico\/2025\/09\/04\/le-gustan-mayores-sydney-sweeney-estrena-romance\/","title":{"rendered":"\u00bfLe gustan mayores?: Sydney Sweeney estrena romance"},"content":{"rendered":"<p>NOTI-AMERICA.COM | M\u00c9XICO<\/p>\n<p style=\"text-align: justify\">Con apenas\u00a027 a\u00f1os,\u00a0Sydney Sweeney\u00a0se encuentra en una muy buena etapa de su carrera, para considerarse una de las actrices m\u00e1s prometedoras de Hollywood. Y tambi\u00e9n, \u00faltimamente ha dado tanto de qu\u00e9 hablar. Por eso, verla con un nuevo romance en el contexto en el que se le ha visto, enciende las conversaciones.<\/p>\n<p style=\"text-align: justify\">Ese nuevo romance no escapa del\u00a0ojo p\u00fablico, menos a\u00fan si se trata de otro hombre\u00a017 a\u00f1os mayor\u00a0que ella. Otro, porque no es la primera vez que se relaciona con alguien de m\u00e1s edad. Con esto se confirma, \u00a1a Sweeney le gustan mayores!<\/p>\n<h2 id=\"h-el-romance-tras-los-reflectores\" class=\"wp-block-heading\" style=\"text-align: justify\">El romance tras los reflectores<\/h2>\n<figure class=\"wp-block-image size-full\"><img loading=\"lazy\" decoding=\"async\" class=\"wp-image-269451 lazy-loaded\" src=\"https:\/\/palomaynacho.com\/wp-content\/uploads\/2025\/08\/Sydney-Sweeney-romance-mayor-edad.jpg\" alt=\"Con apenas 27 a\u00f1os, Sydney Sweeney se ha consolidado como una de las actrices m\u00e1s prometedoras de Hollywood.\" width=\"1920\" height=\"1080\" data-lazy-type=\"image\" data-src=\"https:\/\/palomaynacho.com\/wp-content\/uploads\/2025\/08\/Sydney-Sweeney-romance-mayor-edad.jpg\" data-srcset=\"\" \/><\/figure>\n<p style=\"text-align: justify\">Su talento en pel\u00edculas recientes como\u00a0Con todos menos contigo\u00a0(2023)\u00a0\u2014que\u00a0rompi\u00f3 r\u00e9cord\u2014 e\u00a0Inmaculada\u00a0(2024)\u00a0la ponen en la primera fila de la industria. Su imagen se multiplica en campa\u00f1as y estrenos.<\/p>\n<p style=\"text-align: justify\">Y tambi\u00e9n su vida fuera de c\u00e1mara ha comenzado a atraer casi tanta atenci\u00f3n como sus proyectos. \u2014Hablamos de la ola de cancelaci\u00f3n que vino con la pol\u00e9mica de sus \u201cgenes\u201d, y su relaci\u00f3n con el partido Republicano.\u00a0Aqu\u00ed toda la pol\u00e9mica.<\/p>\n<p style=\"text-align: justify\">Bueno. Tras la controversia, la actriz vuelve a ocupar titulares, esta vez por motivos mucho m\u00e1s personales: un romance que nadie esperaba.<\/p>\n<h2 id=\"h-quien-es-el-nuevo-romance-de-sydney-sweeney\" class=\"wp-block-heading\" style=\"text-align: justify\">\u00bfQui\u00e9n es el nuevo romance de Sydney Sweeney?<\/h2>\n<figure class=\"wp-block-image size-full\"><img loading=\"lazy\" decoding=\"async\" class=\"wp-image-269456 lazy-loaded\" src=\"https:\/\/palomaynacho.com\/wp-content\/uploads\/2025\/08\/Sydney-Sweeney-romance-Scooter-Braun.jpg\" alt=\"El nuevo romance de Sydney Sweeney es Scooter Braun, uno de los ejecutivos musicales m\u00e1s reconocidos de las \u00faltimas d\u00e9cadas.\" width=\"1920\" height=\"1080\" data-lazy-type=\"image\" data-src=\"https:\/\/palomaynacho.com\/wp-content\/uploads\/2025\/08\/Sydney-Sweeney-romance-Scooter-Braun.jpg\" data-srcset=\"\" \/><\/figure>\n<p style=\"text-align: justify\">El\u00a0nuevo romance\u00a0de Sweeney es\u00a0Scooter Braun, uno de los ejecutivos musicales m\u00e1s reconocidos de las \u00faltimas d\u00e9cadas. Seg\u00fan medios estadounidenses, ambos fueron vistos paseando\u00a0juntos por Venecia\u00a0en junio.<\/p>\n<p style=\"text-align: justify\">Poco despu\u00e9s, un video difundido en redes los mostr\u00f3 compartiendo momentos\u00a0tras la lujosa boda de Jeff Bezos, lo que dispar\u00f3 especulaciones sobre una relaci\u00f3n.<\/p>\n<p style=\"text-align: justify\">Braun, de 44 a\u00f1os, es una figura\u00a0clave en la m\u00fasica pop. Fue quien\u00a0descubri\u00f3 a Justin Bieber, trabaj\u00f3 con\u00a0Ariana Grande\u00a0y protagoniz\u00f3 una disputa medi\u00e1tica con\u00a0Taylor Swift\u00a0por los derechos de sus primeros discos. Como vemos, su nombre suele aparecer ligado al poder y a la controversia dentro de la industria.<\/p>\n<p style=\"text-align: justify\">Hace varios a\u00f1os, Sweeney estuvo comprometida con\u00a0Jonathan Davino, de 42 a\u00f1os, con quien comenz\u00f3 a salir en 2018. Los ex inicialmente cancelaron su boda en febrero antes de separarse definitivamente en abril \u2014tambi\u00e9n se le volvi\u00f3 a ver\u00a0juntos hace poco\u2014. Asimismo, se dec\u00eda que andaba con su\u00a0coprotagonista de\u00a0Con todos menos contigo,\u00a0Glen Powell .\u00a0Sin embargo, ella desminti\u00f3 eso en marzo del a\u00f1o pasado.<\/p>\n<p style=\"text-align: justify\">Ahora, ni la actriz ni Braun han confirmado el v\u00ednculo, pero las im\u00e1genes bastaron para encender la conversaci\u00f3n en redes.<\/p>\n<p style=\"text-align: justify\">\n","protected":false},"excerpt":{"rendered":"<p>NOTI-AMERICA.COM | M\u00c9XICO Con apenas\u00a027 a\u00f1os,\u00a0Sydney Sweeney\u00a0se encuentra en una muy buena etapa de su carrera, para considerarse una de las actrices m\u00e1s prometedoras de Hollywood. Y tambi\u00e9n, \u00faltimamente ha dado tanto de qu\u00e9&#46;&#46;&#46;<\/p>\n","protected":false},"author":133,"featured_media":16756,"comment_status":"open","ping_status":"open","sticky":false,"template":"","format":"image","meta":{"_acf_changed":false,"om_disable_all_campaigns":false,"rop_custom_images_group":[],"rop_custom_messages_group":[],"rop_publish_now":"no","rop_publish_now_accounts":{"twitter_242054905_242054905":""},"rop_publish_now_history":[{"account":"twitter_242054905_242054905","service":"twitter","timestamp":1757004454,"status":"queued"}],"rop_publish_now_status":"queued","_uf_show_specific_survey":0,"_uf_disable_surveys":false,"footnotes":""},"categories":[722],"tags":[],"class_list":["post-16755","post","type-post","status-publish","format-image","has-post-thumbnail","hentry","category-actualidad","post_format-post-format-image"],"acf":[],"aioseo_notices":[],"yoast_head":"<!-- This site is optimized with the Yoast SEO Premium plugin v24.9 (Yoast SEO v27.2) - https:\/\/yoast.com\/product\/yoast-seo-premium-wordpress\/ -->\n<title>\u00bfLe gustan mayores?: Sydney Sweeney estrena romance - M\u00e9xico<\/title>\n<meta name=\"robots\" content=\"index, follow, max-snippet:-1, max-image-preview:large, max-video-preview:-1\" \/>\n<link rel=\"canonical\" href=\"https:\/\/noti-america.com\/site\/mexico\/2025\/09\/04\/le-gustan-mayores-sydney-sweeney-estrena-romance\/\" \/>\n<meta property=\"og:locale\" content=\"es_ES\" \/>\n<meta property=\"og:type\" content=\"article\" \/>\n<meta property=\"og:title\" content=\"\u00bfLe gustan mayores?: Sydney Sweeney estrena romance\" \/>\n<meta property=\"og:description\" content=\"NOTI-AMERICA.COM | M\u00c9XICO Con apenas\u00a027 a\u00f1os,\u00a0Sydney Sweeney\u00a0se encuentra en una muy buena etapa de su carrera, para considerarse una de las actrices m\u00e1s prometedoras de Hollywood. Y tambi\u00e9n, \u00faltimamente ha dado tanto de qu\u00e9&#046;&#046;&#046;\" \/>\n<meta property=\"og:url\" content=\"https:\/\/noti-america.com\/site\/mexico\/2025\/09\/04\/le-gustan-mayores-sydney-sweeney-estrena-romance\/\" \/>\n<meta property=\"og:site_name\" content=\"M\u00e9xico\" \/>\n<meta property=\"article:author\" content=\"Mar\u00eda Valentina Noguera\" \/>\n<meta property=\"article:published_time\" content=\"2025-09-04T16:47:30+00:00\" \/>\n<meta property=\"og:image\" content=\"https:\/\/noti-america.com\/site\/mexico\/wp-content\/uploads\/sites\/13\/2025\/09\/Sydney-Sweeney-romance-Venecia-1536x864-1.jpg\" \/>\n\t<meta property=\"og:image:width\" content=\"1536\" \/>\n\t<meta property=\"og:image:height\" content=\"864\" \/>\n\t<meta property=\"og:image:type\" content=\"image\/jpeg\" \/>\n<meta name=\"author\" content=\"Maria Valentina Noguera Medina\" \/>\n<meta name=\"twitter:card\" content=\"summary_large_image\" \/>\n<meta name=\"twitter:label1\" content=\"Escrito por\" \/>\n\t<meta name=\"twitter:data1\" content=\"Maria Valentina Noguera Medina\" \/>\n\t<meta name=\"twitter:label2\" content=\"Tiempo estimado de lectura\" \/>\n\t<meta name=\"twitter:data2\" content=\"3 minutos\" \/>\n<script type=\"application\/ld+json\" class=\"yoast-schema-graph\">{\"@context\":\"https:\/\/schema.org\",\"@graph\":[{\"@type\":\"Article\",\"@id\":\"https:\/\/noti-america.com\/site\/mexico\/2025\/09\/04\/le-gustan-mayores-sydney-sweeney-estrena-romance\/#article\",\"isPartOf\":{\"@id\":\"https:\/\/noti-america.com\/site\/mexico\/2025\/09\/04\/le-gustan-mayores-sydney-sweeney-estrena-romance\/\"},\"author\":{\"name\":\"Maria Valentina Noguera Medina\",\"@id\":\"https:\/\/noti-america.com\/site\/mexico\/#\/schema\/person\/22806efcc2cfc4b45efb0e17be210ea8\"},\"headline\":\"\u00bfLe gustan mayores?: Sydney Sweeney estrena romance\",\"datePublished\":\"2025-09-04T16:47:30+00:00\",\"mainEntityOfPage\":{\"@id\":\"https:\/\/noti-america.com\/site\/mexico\/2025\/09\/04\/le-gustan-mayores-sydney-sweeney-estrena-romance\/\"},\"wordCount\":447,\"commentCount\":0,\"publisher\":{\"@id\":\"https:\/\/noti-america.com\/site\/mexico\/#organization\"},\"image\":{\"@id\":\"https:\/\/noti-america.com\/site\/mexico\/2025\/09\/04\/le-gustan-mayores-sydney-sweeney-estrena-romance\/#primaryimage\"},\"thumbnailUrl\":\"https:\/\/noti-america.com\/site\/mexico\/wp-content\/uploads\/sites\/13\/2025\/09\/Sydney-Sweeney-romance-Venecia-1536x864-1.jpg\",\"articleSection\":[\"Actualidad\"],\"inLanguage\":\"es\",\"potentialAction\":[{\"@type\":\"CommentAction\",\"name\":\"Comment\",\"target\":[\"https:\/\/noti-america.com\/site\/mexico\/2025\/09\/04\/le-gustan-mayores-sydney-sweeney-estrena-romance\/#respond\"]}]},{\"@type\":\"WebPage\",\"@id\":\"https:\/\/noti-america.com\/site\/mexico\/2025\/09\/04\/le-gustan-mayores-sydney-sweeney-estrena-romance\/\",\"url\":\"https:\/\/noti-america.com\/site\/mexico\/2025\/09\/04\/le-gustan-mayores-sydney-sweeney-estrena-romance\/\",\"name\":\"\u00bfLe gustan mayores?: Sydney Sweeney estrena romance - M\u00e9xico\",\"isPartOf\":{\"@id\":\"https:\/\/noti-america.com\/site\/mexico\/#website\"},\"primaryImageOfPage\":{\"@id\":\"https:\/\/noti-america.com\/site\/mexico\/2025\/09\/04\/le-gustan-mayores-sydney-sweeney-estrena-romance\/#primaryimage\"},\"image\":{\"@id\":\"https:\/\/noti-america.com\/site\/mexico\/2025\/09\/04\/le-gustan-mayores-sydney-sweeney-estrena-romance\/#primaryimage\"},\"thumbnailUrl\":\"https:\/\/noti-america.com\/site\/mexico\/wp-content\/uploads\/sites\/13\/2025\/09\/Sydney-Sweeney-romance-Venecia-1536x864-1.jpg\",\"datePublished\":\"2025-09-04T16:47:30+00:00\",\"breadcrumb\":{\"@id\":\"https:\/\/noti-america.com\/site\/mexico\/2025\/09\/04\/le-gustan-mayores-sydney-sweeney-estrena-romance\/#breadcrumb\"},\"inLanguage\":\"es\",\"potentialAction\":[{\"@type\":\"ReadAction\",\"target\":[\"https:\/\/noti-america.com\/site\/mexico\/2025\/09\/04\/le-gustan-mayores-sydney-sweeney-estrena-romance\/\"]}]},{\"@type\":\"ImageObject\",\"inLanguage\":\"es\",\"@id\":\"https:\/\/noti-america.com\/site\/mexico\/2025\/09\/04\/le-gustan-mayores-sydney-sweeney-estrena-romance\/#primaryimage\",\"url\":\"https:\/\/noti-america.com\/site\/mexico\/wp-content\/uploads\/sites\/13\/2025\/09\/Sydney-Sweeney-romance-Venecia-1536x864-1.jpg\",\"contentUrl\":\"https:\/\/noti-america.com\/site\/mexico\/wp-content\/uploads\/sites\/13\/2025\/09\/Sydney-Sweeney-romance-Venecia-1536x864-1.jpg\",\"width\":1536,\"height\":864},{\"@type\":\"BreadcrumbList\",\"@id\":\"https:\/\/noti-america.com\/site\/mexico\/2025\/09\/04\/le-gustan-mayores-sydney-sweeney-estrena-romance\/#breadcrumb\",\"itemListElement\":[{\"@type\":\"ListItem\",\"position\":1,\"name\":\"Portada\",\"item\":\"https:\/\/noti-america.com\/site\/mexico\/\"},{\"@type\":\"ListItem\",\"position\":2,\"name\":\"\u00bfLe gustan mayores?: Sydney Sweeney estrena romance\"}]},{\"@type\":\"WebSite\",\"@id\":\"https:\/\/noti-america.com\/site\/mexico\/#website\",\"url\":\"https:\/\/noti-america.com\/site\/mexico\/\",\"name\":\"M\u00e9xico | Noti-America.com\",\"description\":\"\",\"publisher\":{\"@id\":\"https:\/\/noti-america.com\/site\/mexico\/#organization\"},\"potentialAction\":[{\"@type\":\"SearchAction\",\"target\":{\"@type\":\"EntryPoint\",\"urlTemplate\":\"https:\/\/noti-america.com\/site\/mexico\/?s={search_term_string}\"},\"query-input\":{\"@type\":\"PropertyValueSpecification\",\"valueRequired\":true,\"valueName\":\"search_term_string\"}}],\"inLanguage\":\"es\"},{\"@type\":\"Organization\",\"@id\":\"https:\/\/noti-america.com\/site\/mexico\/#organization\",\"name\":\"Noti-America LLC | M\u00e9xico\",\"url\":\"https:\/\/noti-america.com\/site\/mexico\/\",\"logo\":{\"@type\":\"ImageObject\",\"inLanguage\":\"es\",\"@id\":\"https:\/\/noti-america.com\/site\/mexico\/#\/schema\/logo\/image\/\",\"url\":\"https:\/\/noti-america.com\/site\/mexico\/wp-content\/uploads\/sites\/13\/2020\/07\/LogoNA-4x3-1.jpg\",\"contentUrl\":\"https:\/\/noti-america.com\/site\/mexico\/wp-content\/uploads\/sites\/13\/2020\/07\/LogoNA-4x3-1.jpg\",\"width\":1236,\"height\":1080,\"caption\":\"Noti-America LLC | M\u00e9xico\"},\"image\":{\"@id\":\"https:\/\/noti-america.com\/site\/mexico\/#\/schema\/logo\/image\/\"}},{\"@type\":\"Person\",\"@id\":\"https:\/\/noti-america.com\/site\/mexico\/#\/schema\/person\/22806efcc2cfc4b45efb0e17be210ea8\",\"name\":\"Maria Valentina Noguera Medina\",\"image\":{\"@type\":\"ImageObject\",\"inLanguage\":\"es\",\"@id\":\"https:\/\/secure.gravatar.com\/avatar\/4ec5eb9d099f2608a49c9df6f7341f66f04f819cdffa09d56a7a0e91d2819d56?s=96&d=mm&r=g\",\"url\":\"https:\/\/secure.gravatar.com\/avatar\/4ec5eb9d099f2608a49c9df6f7341f66f04f819cdffa09d56a7a0e91d2819d56?s=96&d=mm&r=g\",\"contentUrl\":\"https:\/\/secure.gravatar.com\/avatar\/4ec5eb9d099f2608a49c9df6f7341f66f04f819cdffa09d56a7a0e91d2819d56?s=96&d=mm&r=g\",\"caption\":\"Maria Valentina Noguera Medina\"},\"description\":\"Periodista - noti-america - Promar Community Manager - Talento Plus Dise\u00f1adora\/ creadora de contenido...\",\"sameAs\":[\"Mar\u00eda Valentina Noguera\",\"https:\/\/www.facebook.com\/mariavalentina.noguera\",\"https:\/\/www.linkedin.com\/in\/mara-valentina-noguera-medina-373075165\/\",\"https:\/\/www.pinterest.es\/valentinanoguera95\/\",\"https:\/\/www.youtube.com\/channel\/UCdek6mbUZ-Tqqw0I63i4nmQ\"],\"url\":\"https:\/\/noti-america.com\/site\/mexico\/author\/mnoguera\/\"}]}<\/script>\n<!-- \/ Yoast SEO Premium plugin. -->","yoast_head_json":{"title":"\u00bfLe gustan mayores?: Sydney Sweeney estrena romance - M\u00e9xico","robots":{"index":"index","follow":"follow","max-snippet":"max-snippet:-1","max-image-preview":"max-image-preview:large","max-video-preview":"max-video-preview:-1"},"canonical":"https:\/\/noti-america.com\/site\/mexico\/2025\/09\/04\/le-gustan-mayores-sydney-sweeney-estrena-romance\/","og_locale":"es_ES","og_type":"article","og_title":"\u00bfLe gustan mayores?: Sydney Sweeney estrena romance","og_description":"NOTI-AMERICA.COM | M\u00c9XICO Con apenas\u00a027 a\u00f1os,\u00a0Sydney Sweeney\u00a0se encuentra en una muy buena etapa de su carrera, para considerarse una de las actrices m\u00e1s prometedoras de Hollywood. Y tambi\u00e9n, \u00faltimamente ha dado tanto de qu\u00e9&#46;&#46;&#46;","og_url":"https:\/\/noti-america.com\/site\/mexico\/2025\/09\/04\/le-gustan-mayores-sydney-sweeney-estrena-romance\/","og_site_name":"M\u00e9xico","article_author":"Mar\u00eda Valentina Noguera","article_published_time":"2025-09-04T16:47:30+00:00","og_image":[{"width":1536,"height":864,"url":"https:\/\/noti-america.com\/site\/mexico\/wp-content\/uploads\/sites\/13\/2025\/09\/Sydney-Sweeney-romance-Venecia-1536x864-1.jpg","type":"image\/jpeg"}],"author":"Maria Valentina Noguera Medina","twitter_card":"summary_large_image","twitter_misc":{"Escrito por":"Maria Valentina Noguera Medina","Tiempo estimado de lectura":"3 minutos"},"schema":{"@context":"https:\/\/schema.org","@graph":[{"@type":"Article","@id":"https:\/\/noti-america.com\/site\/mexico\/2025\/09\/04\/le-gustan-mayores-sydney-sweeney-estrena-romance\/#article","isPartOf":{"@id":"https:\/\/noti-america.com\/site\/mexico\/2025\/09\/04\/le-gustan-mayores-sydney-sweeney-estrena-romance\/"},"author":{"name":"Maria Valentina Noguera Medina","@id":"https:\/\/noti-america.com\/site\/mexico\/#\/schema\/person\/22806efcc2cfc4b45efb0e17be210ea8"},"headline":"\u00bfLe gustan mayores?: Sydney Sweeney estrena romance","datePublished":"2025-09-04T16:47:30+00:00","mainEntityOfPage":{"@id":"https:\/\/noti-america.com\/site\/mexico\/2025\/09\/04\/le-gustan-mayores-sydney-sweeney-estrena-romance\/"},"wordCount":447,"commentCount":0,"publisher":{"@id":"https:\/\/noti-america.com\/site\/mexico\/#organization"},"image":{"@id":"https:\/\/noti-america.com\/site\/mexico\/2025\/09\/04\/le-gustan-mayores-sydney-sweeney-estrena-romance\/#primaryimage"},"thumbnailUrl":"https:\/\/noti-america.com\/site\/mexico\/wp-content\/uploads\/sites\/13\/2025\/09\/Sydney-Sweeney-romance-Venecia-1536x864-1.jpg","articleSection":["Actualidad"],"inLanguage":"es","potentialAction":[{"@type":"CommentAction","name":"Comment","target":["https:\/\/noti-america.com\/site\/mexico\/2025\/09\/04\/le-gustan-mayores-sydney-sweeney-estrena-romance\/#respond"]}]},{"@type":"WebPage","@id":"https:\/\/noti-america.com\/site\/mexico\/2025\/09\/04\/le-gustan-mayores-sydney-sweeney-estrena-romance\/","url":"https:\/\/noti-america.com\/site\/mexico\/2025\/09\/04\/le-gustan-mayores-sydney-sweeney-estrena-romance\/","name":"\u00bfLe gustan mayores?: Sydney Sweeney estrena romance - M\u00e9xico","isPartOf":{"@id":"https:\/\/noti-america.com\/site\/mexico\/#website"},"primaryImageOfPage":{"@id":"https:\/\/noti-america.com\/site\/mexico\/2025\/09\/04\/le-gustan-mayores-sydney-sweeney-estrena-romance\/#primaryimage"},"image":{"@id":"https:\/\/noti-america.com\/site\/mexico\/2025\/09\/04\/le-gustan-mayores-sydney-sweeney-estrena-romance\/#primaryimage"},"thumbnailUrl":"https:\/\/noti-america.com\/site\/mexico\/wp-content\/uploads\/sites\/13\/2025\/09\/Sydney-Sweeney-romance-Venecia-1536x864-1.jpg","datePublished":"2025-09-04T16:47:30+00:00","breadcrumb":{"@id":"https:\/\/noti-america.com\/site\/mexico\/2025\/09\/04\/le-gustan-mayores-sydney-sweeney-estrena-romance\/#breadcrumb"},"inLanguage":"es","potentialAction":[{"@type":"ReadAction","target":["https:\/\/noti-america.com\/site\/mexico\/2025\/09\/04\/le-gustan-mayores-sydney-sweeney-estrena-romance\/"]}]},{"@type":"ImageObject","inLanguage":"es","@id":"https:\/\/noti-america.com\/site\/mexico\/2025\/09\/04\/le-gustan-mayores-sydney-sweeney-estrena-romance\/#primaryimage","url":"https:\/\/noti-america.com\/site\/mexico\/wp-content\/uploads\/sites\/13\/2025\/09\/Sydney-Sweeney-romance-Venecia-1536x864-1.jpg","contentUrl":"https:\/\/noti-america.com\/site\/mexico\/wp-content\/uploads\/sites\/13\/2025\/09\/Sydney-Sweeney-romance-Venecia-1536x864-1.jpg","width":1536,"height":864},{"@type":"BreadcrumbList","@id":"https:\/\/noti-america.com\/site\/mexico\/2025\/09\/04\/le-gustan-mayores-sydney-sweeney-estrena-romance\/#breadcrumb","itemListElement":[{"@type":"ListItem","position":1,"name":"Portada","item":"https:\/\/noti-america.com\/site\/mexico\/"},{"@type":"ListItem","position":2,"name":"\u00bfLe gustan mayores?: Sydney Sweeney estrena romance"}]},{"@type":"WebSite","@id":"https:\/\/noti-america.com\/site\/mexico\/#website","url":"https:\/\/noti-america.com\/site\/mexico\/","name":"M\u00e9xico | Noti-America.com","description":"","publisher":{"@id":"https:\/\/noti-america.com\/site\/mexico\/#organization"},"potentialAction":[{"@type":"SearchAction","target":{"@type":"EntryPoint","urlTemplate":"https:\/\/noti-america.com\/site\/mexico\/?s={search_term_string}"},"query-input":{"@type":"PropertyValueSpecification","valueRequired":true,"valueName":"search_term_string"}}],"inLanguage":"es"},{"@type":"Organization","@id":"https:\/\/noti-america.com\/site\/mexico\/#organization","name":"Noti-America LLC | M\u00e9xico","url":"https:\/\/noti-america.com\/site\/mexico\/","logo":{"@type":"ImageObject","inLanguage":"es","@id":"https:\/\/noti-america.com\/site\/mexico\/#\/schema\/logo\/image\/","url":"https:\/\/noti-america.com\/site\/mexico\/wp-content\/uploads\/sites\/13\/2020\/07\/LogoNA-4x3-1.jpg","contentUrl":"https:\/\/noti-america.com\/site\/mexico\/wp-content\/uploads\/sites\/13\/2020\/07\/LogoNA-4x3-1.jpg","width":1236,"height":1080,"caption":"Noti-America LLC | M\u00e9xico"},"image":{"@id":"https:\/\/noti-america.com\/site\/mexico\/#\/schema\/logo\/image\/"}},{"@type":"Person","@id":"https:\/\/noti-america.com\/site\/mexico\/#\/schema\/person\/22806efcc2cfc4b45efb0e17be210ea8","name":"Maria Valentina Noguera Medina","image":{"@type":"ImageObject","inLanguage":"es","@id":"https:\/\/secure.gravatar.com\/avatar\/4ec5eb9d099f2608a49c9df6f7341f66f04f819cdffa09d56a7a0e91d2819d56?s=96&d=mm&r=g","url":"https:\/\/secure.gravatar.com\/avatar\/4ec5eb9d099f2608a49c9df6f7341f66f04f819cdffa09d56a7a0e91d2819d56?s=96&d=mm&r=g","contentUrl":"https:\/\/secure.gravatar.com\/avatar\/4ec5eb9d099f2608a49c9df6f7341f66f04f819cdffa09d56a7a0e91d2819d56?s=96&d=mm&r=g","caption":"Maria Valentina Noguera Medina"},"description":"Periodista - noti-america - Promar Community Manager - Talento Plus Dise\u00f1adora\/ creadora de contenido...","sameAs":["Mar\u00eda Valentina Noguera","https:\/\/www.facebook.com\/mariavalentina.noguera","https:\/\/www.linkedin.com\/in\/mara-valentina-noguera-medina-373075165\/","https:\/\/www.pinterest.es\/valentinanoguera95\/","https:\/\/www.youtube.com\/channel\/UCdek6mbUZ-Tqqw0I63i4nmQ"],"url":"https:\/\/noti-america.com\/site\/mexico\/author\/mnoguera\/"}]}},"_links":{"self":[{"href":"https:\/\/noti-america.com\/site\/mexico\/wp-json\/wp\/v2\/posts\/16755","targetHints":{"allow":["GET"]}}],"collection":[{"href":"https:\/\/noti-america.com\/site\/mexico\/wp-json\/wp\/v2\/posts"}],"about":[{"href":"https:\/\/noti-america.com\/site\/mexico\/wp-json\/wp\/v2\/types\/post"}],"author":[{"embeddable":true,"href":"https:\/\/noti-america.com\/site\/mexico\/wp-json\/wp\/v2\/users\/133"}],"replies":[{"embeddable":true,"href":"https:\/\/noti-america.com\/site\/mexico\/wp-json\/wp\/v2\/comments?post=16755"}],"version-history":[{"count":1,"href":"https:\/\/noti-america.com\/site\/mexico\/wp-json\/wp\/v2\/posts\/16755\/revisions"}],"predecessor-version":[{"id":16757,"href":"https:\/\/noti-america.com\/site\/mexico\/wp-json\/wp\/v2\/posts\/16755\/revisions\/16757"}],"wp:featuredmedia":[{"embeddable":true,"href":"https:\/\/noti-america.com\/site\/mexico\/wp-json\/wp\/v2\/media\/16756"}],"wp:attachment":[{"href":"https:\/\/noti-america.com\/site\/mexico\/wp-json\/wp\/v2\/media?parent=16755"}],"wp:term":[{"taxonomy":"category","embeddable":true,"href":"https:\/\/noti-america.com\/site\/mexico\/wp-json\/wp\/v2\/categories?post=16755"},{"taxonomy":"post_tag","embeddable":true,"href":"https:\/\/noti-america.com\/site\/mexico\/wp-json\/wp\/v2\/tags?post=16755"}],"curies":[{"name":"wp","href":"https:\/\/api.w.org\/{rel}","templated":true}]}}