{"id":16709,"date":"2025-09-01T17:11:12","date_gmt":"2025-09-01T17:11:12","guid":{"rendered":"https:\/\/noti-america.com\/site\/mexico\/?p=16709"},"modified":"2025-09-01T17:11:12","modified_gmt":"2025-09-01T17:11:12","slug":"tribunal-de-apelacion-declara-ilegales-los-aranceles-de-donald-trump-pero-mantiene-vigencia","status":"publish","type":"post","link":"https:\/\/noti-america.com\/site\/mexico\/2025\/09\/01\/tribunal-de-apelacion-declara-ilegales-los-aranceles-de-donald-trump-pero-mantiene-vigencia\/","title":{"rendered":"Tribunal de apelaci\u00f3n declara ilegales los aranceles de Donald Trump pero mantiene vigencia"},"content":{"rendered":"<p>NOTI-AMERICA.COM | M\u00c9XICO<\/p>\n<p style=\"text-align: justify\">Un tribunal federal de apelaciones de Estados Unidos\u00a0dictamin\u00f3 que el presidente, Donald Trump, no ten\u00eda derecho legal para imponer aranceles a decenas de pa\u00edses y que la mayor\u00eda de estos est\u00e1n fuera del marco legal, pero dej\u00f3 en vigor la medida.<\/p>\n<p>La pol\u00edtica arancelaria de Trump seguir\u00e1 vigente hasta mitad de octubre porque el dictamen pretende dar tiempo a una posible apelaci\u00f3n del Gobierno de Trump ante la Corte Suprema de Justicia, seg\u00fan el fallo emitido por el tribunal de Apelaciones del Circuito Federal.<\/p>\n<p>El presidente ya anticip\u00f3 que recurrir\u00e1 ese fallo en un mensaje en\u00a0Truth\u00a0Social: \u00abTODOS LOS ARANCELES EST\u00c1N A\u00daN EN VIGOR! Hoy, una corte de apelaci\u00f3n altamente partidista dijo incorrectamente que nuestros aranceles deber\u00edan ser eliminados, pero saben que los Estados Unidos de Am\u00e9rica ganar\u00e1n al final\u00bb.<\/p>\n<p>No obstante, el fallo de hoy es el segundo rev\u00e9s judicial para la pol\u00edtica arancelaria de Trump y reafirma un fallo previo emitido en mayo por un tribunal especializado en comercio en Nueva York que ya advert\u00eda sobre la ilegalidad de los\u00a0aranceles.<strong><br \/>\n<\/strong><\/p>\n","protected":false},"excerpt":{"rendered":"<p>NOTI-AMERICA.COM | M\u00c9XICO Un tribunal federal de apelaciones de Estados Unidos\u00a0dictamin\u00f3 que el presidente, Donald Trump, no ten\u00eda derecho legal para imponer aranceles a decenas de pa\u00edses y que la mayor\u00eda de estos est\u00e1n&#46;&#46;&#46;<\/p>\n","protected":false},"author":133,"featured_media":16372,"comment_status":"open","ping_status":"open","sticky":false,"template":"","format":"image","meta":{"_acf_changed":false,"om_disable_all_campaigns":false,"rop_custom_images_group":[],"rop_custom_messages_group":[],"rop_publish_now":"no","rop_publish_now_accounts":{"twitter_242054905_242054905":""},"rop_publish_now_history":[{"account":"twitter_242054905_242054905","service":"twitter","timestamp":1756746674,"status":"queued"}],"rop_publish_now_status":"queued","_uf_show_specific_survey":0,"_uf_disable_surveys":false,"footnotes":""},"categories":[4],"tags":[],"class_list":["post-16709","post","type-post","status-publish","format-image","has-post-thumbnail","hentry","category-internacionales","post_format-post-format-image"],"acf":[],"aioseo_notices":[],"yoast_head":"<!-- This site is optimized with the Yoast SEO Premium plugin v24.9 (Yoast SEO v27.2) - https:\/\/yoast.com\/product\/yoast-seo-premium-wordpress\/ -->\n<title>Tribunal de apelaci\u00f3n declara ilegales los aranceles de Donald Trump pero mantiene vigencia - M\u00e9xico<\/title>\n<meta name=\"robots\" content=\"index, follow, max-snippet:-1, max-image-preview:large, max-video-preview:-1\" \/>\n<link rel=\"canonical\" href=\"https:\/\/noti-america.com\/site\/mexico\/2025\/09\/01\/tribunal-de-apelacion-declara-ilegales-los-aranceles-de-donald-trump-pero-mantiene-vigencia\/\" \/>\n<meta property=\"og:locale\" content=\"es_ES\" \/>\n<meta property=\"og:type\" content=\"article\" \/>\n<meta property=\"og:title\" content=\"Tribunal de apelaci\u00f3n declara ilegales los aranceles de Donald Trump pero mantiene vigencia\" \/>\n<meta property=\"og:description\" content=\"NOTI-AMERICA.COM | M\u00c9XICO Un tribunal federal de apelaciones de Estados Unidos\u00a0dictamin\u00f3 que el presidente, Donald Trump, no ten\u00eda derecho legal para imponer aranceles a decenas de pa\u00edses y que la mayor\u00eda de estos est\u00e1n&#046;&#046;&#046;\" \/>\n<meta property=\"og:url\" content=\"https:\/\/noti-america.com\/site\/mexico\/2025\/09\/01\/tribunal-de-apelacion-declara-ilegales-los-aranceles-de-donald-trump-pero-mantiene-vigencia\/\" \/>\n<meta property=\"og:site_name\" content=\"M\u00e9xico\" \/>\n<meta property=\"article:author\" content=\"Mar\u00eda Valentina Noguera\" \/>\n<meta property=\"article:published_time\" content=\"2025-09-01T17:11:12+00:00\" \/>\n<meta property=\"og:image\" content=\"https:\/\/noti-america.com\/site\/mexico\/wp-content\/uploads\/sites\/13\/2025\/08\/Screenshot_1-4-2025_91157_w2a-noticierovenevision-net.s3.amazonaws.com_.jpeg\" \/>\n\t<meta property=\"og:image:width\" content=\"786\" \/>\n\t<meta property=\"og:image:height\" content=\"495\" \/>\n\t<meta property=\"og:image:type\" content=\"image\/jpeg\" \/>\n<meta name=\"author\" content=\"Maria Valentina Noguera Medina\" \/>\n<meta name=\"twitter:card\" content=\"summary_large_image\" \/>\n<meta name=\"twitter:label1\" content=\"Escrito por\" \/>\n\t<meta name=\"twitter:data1\" content=\"Maria Valentina Noguera Medina\" \/>\n\t<meta name=\"twitter:label2\" content=\"Tiempo estimado de lectura\" \/>\n\t<meta name=\"twitter:data2\" content=\"2 minutos\" \/>\n<script type=\"application\/ld+json\" class=\"yoast-schema-graph\">{\"@context\":\"https:\/\/schema.org\",\"@graph\":[{\"@type\":\"Article\",\"@id\":\"https:\/\/noti-america.com\/site\/mexico\/2025\/09\/01\/tribunal-de-apelacion-declara-ilegales-los-aranceles-de-donald-trump-pero-mantiene-vigencia\/#article\",\"isPartOf\":{\"@id\":\"https:\/\/noti-america.com\/site\/mexico\/2025\/09\/01\/tribunal-de-apelacion-declara-ilegales-los-aranceles-de-donald-trump-pero-mantiene-vigencia\/\"},\"author\":{\"name\":\"Maria Valentina Noguera Medina\",\"@id\":\"https:\/\/noti-america.com\/site\/mexico\/#\/schema\/person\/22806efcc2cfc4b45efb0e17be210ea8\"},\"headline\":\"Tribunal de apelaci\u00f3n declara ilegales los aranceles de Donald Trump pero mantiene vigencia\",\"datePublished\":\"2025-09-01T17:11:12+00:00\",\"mainEntityOfPage\":{\"@id\":\"https:\/\/noti-america.com\/site\/mexico\/2025\/09\/01\/tribunal-de-apelacion-declara-ilegales-los-aranceles-de-donald-trump-pero-mantiene-vigencia\/\"},\"wordCount\":209,\"commentCount\":0,\"publisher\":{\"@id\":\"https:\/\/noti-america.com\/site\/mexico\/#organization\"},\"image\":{\"@id\":\"https:\/\/noti-america.com\/site\/mexico\/2025\/09\/01\/tribunal-de-apelacion-declara-ilegales-los-aranceles-de-donald-trump-pero-mantiene-vigencia\/#primaryimage\"},\"thumbnailUrl\":\"https:\/\/noti-america.com\/site\/mexico\/wp-content\/uploads\/sites\/13\/2025\/08\/Screenshot_1-4-2025_91157_w2a-noticierovenevision-net.s3.amazonaws.com_.jpeg\",\"articleSection\":[\"Internacionales\"],\"inLanguage\":\"es\",\"potentialAction\":[{\"@type\":\"CommentAction\",\"name\":\"Comment\",\"target\":[\"https:\/\/noti-america.com\/site\/mexico\/2025\/09\/01\/tribunal-de-apelacion-declara-ilegales-los-aranceles-de-donald-trump-pero-mantiene-vigencia\/#respond\"]}]},{\"@type\":\"WebPage\",\"@id\":\"https:\/\/noti-america.com\/site\/mexico\/2025\/09\/01\/tribunal-de-apelacion-declara-ilegales-los-aranceles-de-donald-trump-pero-mantiene-vigencia\/\",\"url\":\"https:\/\/noti-america.com\/site\/mexico\/2025\/09\/01\/tribunal-de-apelacion-declara-ilegales-los-aranceles-de-donald-trump-pero-mantiene-vigencia\/\",\"name\":\"Tribunal de apelaci\u00f3n declara ilegales los aranceles de Donald Trump pero mantiene vigencia - M\u00e9xico\",\"isPartOf\":{\"@id\":\"https:\/\/noti-america.com\/site\/mexico\/#website\"},\"primaryImageOfPage\":{\"@id\":\"https:\/\/noti-america.com\/site\/mexico\/2025\/09\/01\/tribunal-de-apelacion-declara-ilegales-los-aranceles-de-donald-trump-pero-mantiene-vigencia\/#primaryimage\"},\"image\":{\"@id\":\"https:\/\/noti-america.com\/site\/mexico\/2025\/09\/01\/tribunal-de-apelacion-declara-ilegales-los-aranceles-de-donald-trump-pero-mantiene-vigencia\/#primaryimage\"},\"thumbnailUrl\":\"https:\/\/noti-america.com\/site\/mexico\/wp-content\/uploads\/sites\/13\/2025\/08\/Screenshot_1-4-2025_91157_w2a-noticierovenevision-net.s3.amazonaws.com_.jpeg\",\"datePublished\":\"2025-09-01T17:11:12+00:00\",\"breadcrumb\":{\"@id\":\"https:\/\/noti-america.com\/site\/mexico\/2025\/09\/01\/tribunal-de-apelacion-declara-ilegales-los-aranceles-de-donald-trump-pero-mantiene-vigencia\/#breadcrumb\"},\"inLanguage\":\"es\",\"potentialAction\":[{\"@type\":\"ReadAction\",\"target\":[\"https:\/\/noti-america.com\/site\/mexico\/2025\/09\/01\/tribunal-de-apelacion-declara-ilegales-los-aranceles-de-donald-trump-pero-mantiene-vigencia\/\"]}]},{\"@type\":\"ImageObject\",\"inLanguage\":\"es\",\"@id\":\"https:\/\/noti-america.com\/site\/mexico\/2025\/09\/01\/tribunal-de-apelacion-declara-ilegales-los-aranceles-de-donald-trump-pero-mantiene-vigencia\/#primaryimage\",\"url\":\"https:\/\/noti-america.com\/site\/mexico\/wp-content\/uploads\/sites\/13\/2025\/08\/Screenshot_1-4-2025_91157_w2a-noticierovenevision-net.s3.amazonaws.com_.jpeg\",\"contentUrl\":\"https:\/\/noti-america.com\/site\/mexico\/wp-content\/uploads\/sites\/13\/2025\/08\/Screenshot_1-4-2025_91157_w2a-noticierovenevision-net.s3.amazonaws.com_.jpeg\",\"width\":786,\"height\":495},{\"@type\":\"BreadcrumbList\",\"@id\":\"https:\/\/noti-america.com\/site\/mexico\/2025\/09\/01\/tribunal-de-apelacion-declara-ilegales-los-aranceles-de-donald-trump-pero-mantiene-vigencia\/#breadcrumb\",\"itemListElement\":[{\"@type\":\"ListItem\",\"position\":1,\"name\":\"Portada\",\"item\":\"https:\/\/noti-america.com\/site\/mexico\/\"},{\"@type\":\"ListItem\",\"position\":2,\"name\":\"Tribunal de apelaci\u00f3n declara ilegales los aranceles de Donald Trump pero mantiene vigencia\"}]},{\"@type\":\"WebSite\",\"@id\":\"https:\/\/noti-america.com\/site\/mexico\/#website\",\"url\":\"https:\/\/noti-america.com\/site\/mexico\/\",\"name\":\"M\u00e9xico | Noti-America.com\",\"description\":\"\",\"publisher\":{\"@id\":\"https:\/\/noti-america.com\/site\/mexico\/#organization\"},\"potentialAction\":[{\"@type\":\"SearchAction\",\"target\":{\"@type\":\"EntryPoint\",\"urlTemplate\":\"https:\/\/noti-america.com\/site\/mexico\/?s={search_term_string}\"},\"query-input\":{\"@type\":\"PropertyValueSpecification\",\"valueRequired\":true,\"valueName\":\"search_term_string\"}}],\"inLanguage\":\"es\"},{\"@type\":\"Organization\",\"@id\":\"https:\/\/noti-america.com\/site\/mexico\/#organization\",\"name\":\"Noti-America LLC | M\u00e9xico\",\"url\":\"https:\/\/noti-america.com\/site\/mexico\/\",\"logo\":{\"@type\":\"ImageObject\",\"inLanguage\":\"es\",\"@id\":\"https:\/\/noti-america.com\/site\/mexico\/#\/schema\/logo\/image\/\",\"url\":\"https:\/\/noti-america.com\/site\/mexico\/wp-content\/uploads\/sites\/13\/2020\/07\/LogoNA-4x3-1.jpg\",\"contentUrl\":\"https:\/\/noti-america.com\/site\/mexico\/wp-content\/uploads\/sites\/13\/2020\/07\/LogoNA-4x3-1.jpg\",\"width\":1236,\"height\":1080,\"caption\":\"Noti-America LLC | M\u00e9xico\"},\"image\":{\"@id\":\"https:\/\/noti-america.com\/site\/mexico\/#\/schema\/logo\/image\/\"}},{\"@type\":\"Person\",\"@id\":\"https:\/\/noti-america.com\/site\/mexico\/#\/schema\/person\/22806efcc2cfc4b45efb0e17be210ea8\",\"name\":\"Maria Valentina Noguera Medina\",\"image\":{\"@type\":\"ImageObject\",\"inLanguage\":\"es\",\"@id\":\"https:\/\/secure.gravatar.com\/avatar\/4ec5eb9d099f2608a49c9df6f7341f66f04f819cdffa09d56a7a0e91d2819d56?s=96&d=mm&r=g\",\"url\":\"https:\/\/secure.gravatar.com\/avatar\/4ec5eb9d099f2608a49c9df6f7341f66f04f819cdffa09d56a7a0e91d2819d56?s=96&d=mm&r=g\",\"contentUrl\":\"https:\/\/secure.gravatar.com\/avatar\/4ec5eb9d099f2608a49c9df6f7341f66f04f819cdffa09d56a7a0e91d2819d56?s=96&d=mm&r=g\",\"caption\":\"Maria Valentina Noguera Medina\"},\"description\":\"Periodista - noti-america - Promar Community Manager - Talento Plus Dise\u00f1adora\/ creadora de contenido...\",\"sameAs\":[\"Mar\u00eda Valentina Noguera\",\"https:\/\/www.facebook.com\/mariavalentina.noguera\",\"https:\/\/www.linkedin.com\/in\/mara-valentina-noguera-medina-373075165\/\",\"https:\/\/www.pinterest.es\/valentinanoguera95\/\",\"https:\/\/www.youtube.com\/channel\/UCdek6mbUZ-Tqqw0I63i4nmQ\"],\"url\":\"https:\/\/noti-america.com\/site\/mexico\/author\/mnoguera\/\"}]}<\/script>\n<!-- \/ Yoast SEO Premium plugin. -->","yoast_head_json":{"title":"Tribunal de apelaci\u00f3n declara ilegales los aranceles de Donald Trump pero mantiene vigencia - M\u00e9xico","robots":{"index":"index","follow":"follow","max-snippet":"max-snippet:-1","max-image-preview":"max-image-preview:large","max-video-preview":"max-video-preview:-1"},"canonical":"https:\/\/noti-america.com\/site\/mexico\/2025\/09\/01\/tribunal-de-apelacion-declara-ilegales-los-aranceles-de-donald-trump-pero-mantiene-vigencia\/","og_locale":"es_ES","og_type":"article","og_title":"Tribunal de apelaci\u00f3n declara ilegales los aranceles de Donald Trump pero mantiene vigencia","og_description":"NOTI-AMERICA.COM | M\u00c9XICO Un tribunal federal de apelaciones de Estados Unidos\u00a0dictamin\u00f3 que el presidente, Donald Trump, no ten\u00eda derecho legal para imponer aranceles a decenas de pa\u00edses y que la mayor\u00eda de estos est\u00e1n&#46;&#46;&#46;","og_url":"https:\/\/noti-america.com\/site\/mexico\/2025\/09\/01\/tribunal-de-apelacion-declara-ilegales-los-aranceles-de-donald-trump-pero-mantiene-vigencia\/","og_site_name":"M\u00e9xico","article_author":"Mar\u00eda Valentina Noguera","article_published_time":"2025-09-01T17:11:12+00:00","og_image":[{"width":786,"height":495,"url":"https:\/\/noti-america.com\/site\/mexico\/wp-content\/uploads\/sites\/13\/2025\/08\/Screenshot_1-4-2025_91157_w2a-noticierovenevision-net.s3.amazonaws.com_.jpeg","type":"image\/jpeg"}],"author":"Maria Valentina Noguera Medina","twitter_card":"summary_large_image","twitter_misc":{"Escrito por":"Maria Valentina Noguera Medina","Tiempo estimado de lectura":"2 minutos"},"schema":{"@context":"https:\/\/schema.org","@graph":[{"@type":"Article","@id":"https:\/\/noti-america.com\/site\/mexico\/2025\/09\/01\/tribunal-de-apelacion-declara-ilegales-los-aranceles-de-donald-trump-pero-mantiene-vigencia\/#article","isPartOf":{"@id":"https:\/\/noti-america.com\/site\/mexico\/2025\/09\/01\/tribunal-de-apelacion-declara-ilegales-los-aranceles-de-donald-trump-pero-mantiene-vigencia\/"},"author":{"name":"Maria Valentina Noguera Medina","@id":"https:\/\/noti-america.com\/site\/mexico\/#\/schema\/person\/22806efcc2cfc4b45efb0e17be210ea8"},"headline":"Tribunal de apelaci\u00f3n declara ilegales los aranceles de Donald Trump pero mantiene vigencia","datePublished":"2025-09-01T17:11:12+00:00","mainEntityOfPage":{"@id":"https:\/\/noti-america.com\/site\/mexico\/2025\/09\/01\/tribunal-de-apelacion-declara-ilegales-los-aranceles-de-donald-trump-pero-mantiene-vigencia\/"},"wordCount":209,"commentCount":0,"publisher":{"@id":"https:\/\/noti-america.com\/site\/mexico\/#organization"},"image":{"@id":"https:\/\/noti-america.com\/site\/mexico\/2025\/09\/01\/tribunal-de-apelacion-declara-ilegales-los-aranceles-de-donald-trump-pero-mantiene-vigencia\/#primaryimage"},"thumbnailUrl":"https:\/\/noti-america.com\/site\/mexico\/wp-content\/uploads\/sites\/13\/2025\/08\/Screenshot_1-4-2025_91157_w2a-noticierovenevision-net.s3.amazonaws.com_.jpeg","articleSection":["Internacionales"],"inLanguage":"es","potentialAction":[{"@type":"CommentAction","name":"Comment","target":["https:\/\/noti-america.com\/site\/mexico\/2025\/09\/01\/tribunal-de-apelacion-declara-ilegales-los-aranceles-de-donald-trump-pero-mantiene-vigencia\/#respond"]}]},{"@type":"WebPage","@id":"https:\/\/noti-america.com\/site\/mexico\/2025\/09\/01\/tribunal-de-apelacion-declara-ilegales-los-aranceles-de-donald-trump-pero-mantiene-vigencia\/","url":"https:\/\/noti-america.com\/site\/mexico\/2025\/09\/01\/tribunal-de-apelacion-declara-ilegales-los-aranceles-de-donald-trump-pero-mantiene-vigencia\/","name":"Tribunal de apelaci\u00f3n declara ilegales los aranceles de Donald Trump pero mantiene vigencia - M\u00e9xico","isPartOf":{"@id":"https:\/\/noti-america.com\/site\/mexico\/#website"},"primaryImageOfPage":{"@id":"https:\/\/noti-america.com\/site\/mexico\/2025\/09\/01\/tribunal-de-apelacion-declara-ilegales-los-aranceles-de-donald-trump-pero-mantiene-vigencia\/#primaryimage"},"image":{"@id":"https:\/\/noti-america.com\/site\/mexico\/2025\/09\/01\/tribunal-de-apelacion-declara-ilegales-los-aranceles-de-donald-trump-pero-mantiene-vigencia\/#primaryimage"},"thumbnailUrl":"https:\/\/noti-america.com\/site\/mexico\/wp-content\/uploads\/sites\/13\/2025\/08\/Screenshot_1-4-2025_91157_w2a-noticierovenevision-net.s3.amazonaws.com_.jpeg","datePublished":"2025-09-01T17:11:12+00:00","breadcrumb":{"@id":"https:\/\/noti-america.com\/site\/mexico\/2025\/09\/01\/tribunal-de-apelacion-declara-ilegales-los-aranceles-de-donald-trump-pero-mantiene-vigencia\/#breadcrumb"},"inLanguage":"es","potentialAction":[{"@type":"ReadAction","target":["https:\/\/noti-america.com\/site\/mexico\/2025\/09\/01\/tribunal-de-apelacion-declara-ilegales-los-aranceles-de-donald-trump-pero-mantiene-vigencia\/"]}]},{"@type":"ImageObject","inLanguage":"es","@id":"https:\/\/noti-america.com\/site\/mexico\/2025\/09\/01\/tribunal-de-apelacion-declara-ilegales-los-aranceles-de-donald-trump-pero-mantiene-vigencia\/#primaryimage","url":"https:\/\/noti-america.com\/site\/mexico\/wp-content\/uploads\/sites\/13\/2025\/08\/Screenshot_1-4-2025_91157_w2a-noticierovenevision-net.s3.amazonaws.com_.jpeg","contentUrl":"https:\/\/noti-america.com\/site\/mexico\/wp-content\/uploads\/sites\/13\/2025\/08\/Screenshot_1-4-2025_91157_w2a-noticierovenevision-net.s3.amazonaws.com_.jpeg","width":786,"height":495},{"@type":"BreadcrumbList","@id":"https:\/\/noti-america.com\/site\/mexico\/2025\/09\/01\/tribunal-de-apelacion-declara-ilegales-los-aranceles-de-donald-trump-pero-mantiene-vigencia\/#breadcrumb","itemListElement":[{"@type":"ListItem","position":1,"name":"Portada","item":"https:\/\/noti-america.com\/site\/mexico\/"},{"@type":"ListItem","position":2,"name":"Tribunal de apelaci\u00f3n declara ilegales los aranceles de Donald Trump pero mantiene vigencia"}]},{"@type":"WebSite","@id":"https:\/\/noti-america.com\/site\/mexico\/#website","url":"https:\/\/noti-america.com\/site\/mexico\/","name":"M\u00e9xico | Noti-America.com","description":"","publisher":{"@id":"https:\/\/noti-america.com\/site\/mexico\/#organization"},"potentialAction":[{"@type":"SearchAction","target":{"@type":"EntryPoint","urlTemplate":"https:\/\/noti-america.com\/site\/mexico\/?s={search_term_string}"},"query-input":{"@type":"PropertyValueSpecification","valueRequired":true,"valueName":"search_term_string"}}],"inLanguage":"es"},{"@type":"Organization","@id":"https:\/\/noti-america.com\/site\/mexico\/#organization","name":"Noti-America LLC | M\u00e9xico","url":"https:\/\/noti-america.com\/site\/mexico\/","logo":{"@type":"ImageObject","inLanguage":"es","@id":"https:\/\/noti-america.com\/site\/mexico\/#\/schema\/logo\/image\/","url":"https:\/\/noti-america.com\/site\/mexico\/wp-content\/uploads\/sites\/13\/2020\/07\/LogoNA-4x3-1.jpg","contentUrl":"https:\/\/noti-america.com\/site\/mexico\/wp-content\/uploads\/sites\/13\/2020\/07\/LogoNA-4x3-1.jpg","width":1236,"height":1080,"caption":"Noti-America LLC | M\u00e9xico"},"image":{"@id":"https:\/\/noti-america.com\/site\/mexico\/#\/schema\/logo\/image\/"}},{"@type":"Person","@id":"https:\/\/noti-america.com\/site\/mexico\/#\/schema\/person\/22806efcc2cfc4b45efb0e17be210ea8","name":"Maria Valentina Noguera Medina","image":{"@type":"ImageObject","inLanguage":"es","@id":"https:\/\/secure.gravatar.com\/avatar\/4ec5eb9d099f2608a49c9df6f7341f66f04f819cdffa09d56a7a0e91d2819d56?s=96&d=mm&r=g","url":"https:\/\/secure.gravatar.com\/avatar\/4ec5eb9d099f2608a49c9df6f7341f66f04f819cdffa09d56a7a0e91d2819d56?s=96&d=mm&r=g","contentUrl":"https:\/\/secure.gravatar.com\/avatar\/4ec5eb9d099f2608a49c9df6f7341f66f04f819cdffa09d56a7a0e91d2819d56?s=96&d=mm&r=g","caption":"Maria Valentina Noguera Medina"},"description":"Periodista - noti-america - Promar Community Manager - Talento Plus Dise\u00f1adora\/ creadora de contenido...","sameAs":["Mar\u00eda Valentina Noguera","https:\/\/www.facebook.com\/mariavalentina.noguera","https:\/\/www.linkedin.com\/in\/mara-valentina-noguera-medina-373075165\/","https:\/\/www.pinterest.es\/valentinanoguera95\/","https:\/\/www.youtube.com\/channel\/UCdek6mbUZ-Tqqw0I63i4nmQ"],"url":"https:\/\/noti-america.com\/site\/mexico\/author\/mnoguera\/"}]}},"_links":{"self":[{"href":"https:\/\/noti-america.com\/site\/mexico\/wp-json\/wp\/v2\/posts\/16709","targetHints":{"allow":["GET"]}}],"collection":[{"href":"https:\/\/noti-america.com\/site\/mexico\/wp-json\/wp\/v2\/posts"}],"about":[{"href":"https:\/\/noti-america.com\/site\/mexico\/wp-json\/wp\/v2\/types\/post"}],"author":[{"embeddable":true,"href":"https:\/\/noti-america.com\/site\/mexico\/wp-json\/wp\/v2\/users\/133"}],"replies":[{"embeddable":true,"href":"https:\/\/noti-america.com\/site\/mexico\/wp-json\/wp\/v2\/comments?post=16709"}],"version-history":[{"count":1,"href":"https:\/\/noti-america.com\/site\/mexico\/wp-json\/wp\/v2\/posts\/16709\/revisions"}],"predecessor-version":[{"id":16710,"href":"https:\/\/noti-america.com\/site\/mexico\/wp-json\/wp\/v2\/posts\/16709\/revisions\/16710"}],"wp:featuredmedia":[{"embeddable":true,"href":"https:\/\/noti-america.com\/site\/mexico\/wp-json\/wp\/v2\/media\/16372"}],"wp:attachment":[{"href":"https:\/\/noti-america.com\/site\/mexico\/wp-json\/wp\/v2\/media?parent=16709"}],"wp:term":[{"taxonomy":"category","embeddable":true,"href":"https:\/\/noti-america.com\/site\/mexico\/wp-json\/wp\/v2\/categories?post=16709"},{"taxonomy":"post_tag","embeddable":true,"href":"https:\/\/noti-america.com\/site\/mexico\/wp-json\/wp\/v2\/tags?post=16709"}],"curies":[{"name":"wp","href":"https:\/\/api.w.org\/{rel}","templated":true}]}}