{"id":16295,"date":"2025-08-10T16:02:02","date_gmt":"2025-08-10T16:02:02","guid":{"rendered":"https:\/\/noti-america.com\/site\/mexico\/?p=16295"},"modified":"2025-08-10T16:02:02","modified_gmt":"2025-08-10T16:02:02","slug":"dentro-del-genero-un-portal-dedicado-al-apoyo-del-genero-urbano-y-los-conciertos-en-venezuela","status":"publish","type":"post","link":"https:\/\/noti-america.com\/site\/mexico\/2025\/08\/10\/dentro-del-genero-un-portal-dedicado-al-apoyo-del-genero-urbano-y-los-conciertos-en-venezuela\/","title":{"rendered":"\u201cDentro del G\u00e9nero\u201d: Un Portal Dedicado al Apoyo del G\u00e9nero Urbano y los Conciertos en Venezuela"},"content":{"rendered":"<div data-olk-copy-source=\"MessageBody\">El portal de Instagram <strong>\u201cDentro del G\u00e9nero\u201d (@dentrodelgenero)<\/strong> se ha consolidado como un referente en la promoci\u00f3n y apoyo del g\u00e9nero urbano, enfoc\u00e1ndose en resaltar la m\u00fasica y los conciertos en Venezuela. Desde su creaci\u00f3n, este espacio ha trabajado para dar visibilidad a los artistas locales y fomentar el crecimiento de la escena musical urbana en el pa\u00eds.<\/div>\n<div dir=\"ltr\"><\/div>\n<div><\/div>\n<div dir=\"ltr\"><\/div>\n<div><strong>\u201cDentro del G\u00e9nero\u201d tiene como misi\u00f3n:<\/strong><\/div>\n<div dir=\"ltr\"><\/div>\n<div>&#8211; Promover Artistas Locales: Apoyar a m\u00fasicos del g\u00e9nero urbano en Venezuela, brind\u00e1ndoles una plataforma para que su talento sea reconocido tanto a nivel nacional como internacional.<\/div>\n<div>&#8211; Fomentar la Cultura Musical: Crear un espacio donde se discutan las tendencias y eventos relevantes en la m\u00fasica urbana, involucrando a la comunidad y a los seguidores.<\/div>\n<div>&#8211; Apoyar Conciertos y Eventos: Resaltar y cubrir conciertos y festivales en Venezuela, promoviendo la asistencia y el apoyo a los artistas locales.<\/div>\n<div dir=\"ltr\"><\/div>\n<div><\/div>\n<div dir=\"ltr\"><\/div>\n<div><strong>El perfil ofrece:<\/strong><\/div>\n<div dir=\"ltr\"><\/div>\n<div>&#8211; Entrevistas y Rese\u00f1as: Conversaciones con artistas sobre sus experiencias y proyectos, as\u00ed como rese\u00f1as de sus trabajos.<\/div>\n<div>&#8211; Actualizaciones de Conciertos: Informaci\u00f3n sobre pr\u00f3ximos eventos y conciertos en Venezuela, animando a la comunidad a participar y disfrutar de la m\u00fasica en vivo.<\/div>\n<div>&#8211; Cobertura de Eventos: Reportajes y fotos de conciertos, festivales y actividades que celebran la cultura urbana en el pa\u00eds.<\/div>\n<div dir=\"ltr\"><\/div>\n<div><strong>Invitaci\u00f3n a la Comunidad<\/strong><\/div>\n<div dir=\"ltr\"><\/div>\n<div>Invitamos a todos los amantes de la m\u00fasica urbana y los conciertos en Venezuela a seguir el perfil @dentrodelgenero y unirse a esta celebraci\u00f3n de la diversidad y la creatividad. La participaci\u00f3n de la comunidad es fundamental para continuar apoyando y elevando las voces del g\u00e9nero urbano.<\/div>\n","protected":false},"excerpt":{"rendered":"<p>El portal de Instagram \u201cDentro del G\u00e9nero\u201d (@dentrodelgenero) se ha consolidado como un referente en la promoci\u00f3n y apoyo del g\u00e9nero urbano, enfoc\u00e1ndose en resaltar la m\u00fasica y los conciertos en Venezuela. Desde su&#46;&#46;&#46;<\/p>\n","protected":false},"author":127,"featured_media":16296,"comment_status":"open","ping_status":"open","sticky":false,"template":"","format":"image","meta":{"_acf_changed":false,"om_disable_all_campaigns":false,"rop_custom_images_group":[],"rop_custom_messages_group":[],"rop_publish_now":"initial","rop_publish_now_accounts":{"twitter_242054905_242054905":""},"rop_publish_now_history":[],"rop_publish_now_status":"pending","_uf_show_specific_survey":0,"_uf_disable_surveys":false,"footnotes":""},"categories":[8],"tags":[],"class_list":["post-16295","post","type-post","status-publish","format-image","has-post-thumbnail","hentry","category-arte-y-espectaculos","post_format-post-format-image"],"acf":[],"aioseo_notices":[],"yoast_head":"<!-- This site is optimized with the Yoast SEO Premium plugin v24.9 (Yoast SEO v27.2) - https:\/\/yoast.com\/product\/yoast-seo-premium-wordpress\/ -->\n<title>\u201cDentro del G\u00e9nero\u201d: Un Portal Dedicado al Apoyo del G\u00e9nero Urbano y los Conciertos en Venezuela - M\u00e9xico<\/title>\n<meta name=\"robots\" content=\"index, follow, max-snippet:-1, max-image-preview:large, max-video-preview:-1\" \/>\n<link rel=\"canonical\" href=\"https:\/\/noti-america.com\/site\/mexico\/2025\/08\/10\/dentro-del-genero-un-portal-dedicado-al-apoyo-del-genero-urbano-y-los-conciertos-en-venezuela\/\" \/>\n<meta property=\"og:locale\" content=\"es_ES\" \/>\n<meta property=\"og:type\" content=\"article\" \/>\n<meta property=\"og:title\" content=\"\u201cDentro del G\u00e9nero\u201d: Un Portal Dedicado al Apoyo del G\u00e9nero Urbano y los Conciertos en Venezuela\" \/>\n<meta property=\"og:description\" content=\"El portal de Instagram \u201cDentro del G\u00e9nero\u201d (@dentrodelgenero) se ha consolidado como un referente en la promoci\u00f3n y apoyo del g\u00e9nero urbano, enfoc\u00e1ndose en resaltar la m\u00fasica y los conciertos en Venezuela. Desde su&#046;&#046;&#046;\" \/>\n<meta property=\"og:url\" content=\"https:\/\/noti-america.com\/site\/mexico\/2025\/08\/10\/dentro-del-genero-un-portal-dedicado-al-apoyo-del-genero-urbano-y-los-conciertos-en-venezuela\/\" \/>\n<meta property=\"og:site_name\" content=\"M\u00e9xico\" \/>\n<meta property=\"article:published_time\" content=\"2025-08-10T16:02:02+00:00\" \/>\n<meta property=\"og:image\" content=\"https:\/\/noti-america.com\/site\/mexico\/wp-content\/uploads\/sites\/13\/2025\/08\/thumbnail_processed-C0CD7112-D5B5-433F-997F-BDBA0CEC6C81-1.jpg\" \/>\n\t<meta property=\"og:image:width\" content=\"1870\" \/>\n\t<meta property=\"og:image:height\" content=\"1870\" \/>\n\t<meta property=\"og:image:type\" content=\"image\/jpeg\" \/>\n<meta name=\"author\" content=\"Yoelvzla\" \/>\n<meta name=\"twitter:card\" content=\"summary_large_image\" \/>\n<meta name=\"twitter:label1\" content=\"Escrito por\" \/>\n\t<meta name=\"twitter:data1\" content=\"Yoelvzla\" \/>\n\t<meta name=\"twitter:label2\" content=\"Tiempo estimado de lectura\" \/>\n\t<meta name=\"twitter:data2\" content=\"2 minutos\" \/>\n<script type=\"application\/ld+json\" class=\"yoast-schema-graph\">{\"@context\":\"https:\/\/schema.org\",\"@graph\":[{\"@type\":\"Article\",\"@id\":\"https:\/\/noti-america.com\/site\/mexico\/2025\/08\/10\/dentro-del-genero-un-portal-dedicado-al-apoyo-del-genero-urbano-y-los-conciertos-en-venezuela\/#article\",\"isPartOf\":{\"@id\":\"https:\/\/noti-america.com\/site\/mexico\/2025\/08\/10\/dentro-del-genero-un-portal-dedicado-al-apoyo-del-genero-urbano-y-los-conciertos-en-venezuela\/\"},\"author\":{\"name\":\"Yoelvzla\",\"@id\":\"https:\/\/noti-america.com\/site\/mexico\/#\/schema\/person\/376ccc7b3cc7a8d5a43c3ece07a43857\"},\"headline\":\"\u201cDentro del G\u00e9nero\u201d: Un Portal Dedicado al Apoyo del G\u00e9nero Urbano y los Conciertos en Venezuela\",\"datePublished\":\"2025-08-10T16:02:02+00:00\",\"mainEntityOfPage\":{\"@id\":\"https:\/\/noti-america.com\/site\/mexico\/2025\/08\/10\/dentro-del-genero-un-portal-dedicado-al-apoyo-del-genero-urbano-y-los-conciertos-en-venezuela\/\"},\"wordCount\":301,\"commentCount\":0,\"publisher\":{\"@id\":\"https:\/\/noti-america.com\/site\/mexico\/#organization\"},\"image\":{\"@id\":\"https:\/\/noti-america.com\/site\/mexico\/2025\/08\/10\/dentro-del-genero-un-portal-dedicado-al-apoyo-del-genero-urbano-y-los-conciertos-en-venezuela\/#primaryimage\"},\"thumbnailUrl\":\"https:\/\/noti-america.com\/site\/mexico\/wp-content\/uploads\/sites\/13\/2025\/08\/thumbnail_processed-C0CD7112-D5B5-433F-997F-BDBA0CEC6C81-1.jpg\",\"articleSection\":[\"Arte y Espect\u00e1culos\"],\"inLanguage\":\"es\",\"potentialAction\":[{\"@type\":\"CommentAction\",\"name\":\"Comment\",\"target\":[\"https:\/\/noti-america.com\/site\/mexico\/2025\/08\/10\/dentro-del-genero-un-portal-dedicado-al-apoyo-del-genero-urbano-y-los-conciertos-en-venezuela\/#respond\"]}]},{\"@type\":\"WebPage\",\"@id\":\"https:\/\/noti-america.com\/site\/mexico\/2025\/08\/10\/dentro-del-genero-un-portal-dedicado-al-apoyo-del-genero-urbano-y-los-conciertos-en-venezuela\/\",\"url\":\"https:\/\/noti-america.com\/site\/mexico\/2025\/08\/10\/dentro-del-genero-un-portal-dedicado-al-apoyo-del-genero-urbano-y-los-conciertos-en-venezuela\/\",\"name\":\"\u201cDentro del G\u00e9nero\u201d: Un Portal Dedicado al Apoyo del G\u00e9nero Urbano y los Conciertos en Venezuela - M\u00e9xico\",\"isPartOf\":{\"@id\":\"https:\/\/noti-america.com\/site\/mexico\/#website\"},\"primaryImageOfPage\":{\"@id\":\"https:\/\/noti-america.com\/site\/mexico\/2025\/08\/10\/dentro-del-genero-un-portal-dedicado-al-apoyo-del-genero-urbano-y-los-conciertos-en-venezuela\/#primaryimage\"},\"image\":{\"@id\":\"https:\/\/noti-america.com\/site\/mexico\/2025\/08\/10\/dentro-del-genero-un-portal-dedicado-al-apoyo-del-genero-urbano-y-los-conciertos-en-venezuela\/#primaryimage\"},\"thumbnailUrl\":\"https:\/\/noti-america.com\/site\/mexico\/wp-content\/uploads\/sites\/13\/2025\/08\/thumbnail_processed-C0CD7112-D5B5-433F-997F-BDBA0CEC6C81-1.jpg\",\"datePublished\":\"2025-08-10T16:02:02+00:00\",\"breadcrumb\":{\"@id\":\"https:\/\/noti-america.com\/site\/mexico\/2025\/08\/10\/dentro-del-genero-un-portal-dedicado-al-apoyo-del-genero-urbano-y-los-conciertos-en-venezuela\/#breadcrumb\"},\"inLanguage\":\"es\",\"potentialAction\":[{\"@type\":\"ReadAction\",\"target\":[\"https:\/\/noti-america.com\/site\/mexico\/2025\/08\/10\/dentro-del-genero-un-portal-dedicado-al-apoyo-del-genero-urbano-y-los-conciertos-en-venezuela\/\"]}]},{\"@type\":\"ImageObject\",\"inLanguage\":\"es\",\"@id\":\"https:\/\/noti-america.com\/site\/mexico\/2025\/08\/10\/dentro-del-genero-un-portal-dedicado-al-apoyo-del-genero-urbano-y-los-conciertos-en-venezuela\/#primaryimage\",\"url\":\"https:\/\/noti-america.com\/site\/mexico\/wp-content\/uploads\/sites\/13\/2025\/08\/thumbnail_processed-C0CD7112-D5B5-433F-997F-BDBA0CEC6C81-1.jpg\",\"contentUrl\":\"https:\/\/noti-america.com\/site\/mexico\/wp-content\/uploads\/sites\/13\/2025\/08\/thumbnail_processed-C0CD7112-D5B5-433F-997F-BDBA0CEC6C81-1.jpg\",\"width\":1870,\"height\":1870},{\"@type\":\"BreadcrumbList\",\"@id\":\"https:\/\/noti-america.com\/site\/mexico\/2025\/08\/10\/dentro-del-genero-un-portal-dedicado-al-apoyo-del-genero-urbano-y-los-conciertos-en-venezuela\/#breadcrumb\",\"itemListElement\":[{\"@type\":\"ListItem\",\"position\":1,\"name\":\"Portada\",\"item\":\"https:\/\/noti-america.com\/site\/mexico\/\"},{\"@type\":\"ListItem\",\"position\":2,\"name\":\"\u201cDentro del G\u00e9nero\u201d: Un Portal Dedicado al Apoyo del G\u00e9nero Urbano y los Conciertos en Venezuela\"}]},{\"@type\":\"WebSite\",\"@id\":\"https:\/\/noti-america.com\/site\/mexico\/#website\",\"url\":\"https:\/\/noti-america.com\/site\/mexico\/\",\"name\":\"M\u00e9xico | Noti-America.com\",\"description\":\"\",\"publisher\":{\"@id\":\"https:\/\/noti-america.com\/site\/mexico\/#organization\"},\"potentialAction\":[{\"@type\":\"SearchAction\",\"target\":{\"@type\":\"EntryPoint\",\"urlTemplate\":\"https:\/\/noti-america.com\/site\/mexico\/?s={search_term_string}\"},\"query-input\":{\"@type\":\"PropertyValueSpecification\",\"valueRequired\":true,\"valueName\":\"search_term_string\"}}],\"inLanguage\":\"es\"},{\"@type\":\"Organization\",\"@id\":\"https:\/\/noti-america.com\/site\/mexico\/#organization\",\"name\":\"Noti-America LLC | M\u00e9xico\",\"url\":\"https:\/\/noti-america.com\/site\/mexico\/\",\"logo\":{\"@type\":\"ImageObject\",\"inLanguage\":\"es\",\"@id\":\"https:\/\/noti-america.com\/site\/mexico\/#\/schema\/logo\/image\/\",\"url\":\"https:\/\/noti-america.com\/site\/mexico\/wp-content\/uploads\/sites\/13\/2020\/07\/LogoNA-4x3-1.jpg\",\"contentUrl\":\"https:\/\/noti-america.com\/site\/mexico\/wp-content\/uploads\/sites\/13\/2020\/07\/LogoNA-4x3-1.jpg\",\"width\":1236,\"height\":1080,\"caption\":\"Noti-America LLC | M\u00e9xico\"},\"image\":{\"@id\":\"https:\/\/noti-america.com\/site\/mexico\/#\/schema\/logo\/image\/\"}},{\"@type\":\"Person\",\"@id\":\"https:\/\/noti-america.com\/site\/mexico\/#\/schema\/person\/376ccc7b3cc7a8d5a43c3ece07a43857\",\"name\":\"Yoelvzla\",\"image\":{\"@type\":\"ImageObject\",\"inLanguage\":\"es\",\"@id\":\"https:\/\/secure.gravatar.com\/avatar\/13a96a72123e0e9aa76fe82e8847f726c63a1c5ef6a8d0fadd844c1a5a83b212?s=96&d=mm&r=g\",\"url\":\"https:\/\/secure.gravatar.com\/avatar\/13a96a72123e0e9aa76fe82e8847f726c63a1c5ef6a8d0fadd844c1a5a83b212?s=96&d=mm&r=g\",\"contentUrl\":\"https:\/\/secure.gravatar.com\/avatar\/13a96a72123e0e9aa76fe82e8847f726c63a1c5ef6a8d0fadd844c1a5a83b212?s=96&d=mm&r=g\",\"caption\":\"Yoelvzla\"},\"url\":\"https:\/\/noti-america.com\/site\/mexico\/author\/ydiaz\/\"}]}<\/script>\n<!-- \/ Yoast SEO Premium plugin. -->","yoast_head_json":{"title":"\u201cDentro del G\u00e9nero\u201d: Un Portal Dedicado al Apoyo del G\u00e9nero Urbano y los Conciertos en Venezuela - M\u00e9xico","robots":{"index":"index","follow":"follow","max-snippet":"max-snippet:-1","max-image-preview":"max-image-preview:large","max-video-preview":"max-video-preview:-1"},"canonical":"https:\/\/noti-america.com\/site\/mexico\/2025\/08\/10\/dentro-del-genero-un-portal-dedicado-al-apoyo-del-genero-urbano-y-los-conciertos-en-venezuela\/","og_locale":"es_ES","og_type":"article","og_title":"\u201cDentro del G\u00e9nero\u201d: Un Portal Dedicado al Apoyo del G\u00e9nero Urbano y los Conciertos en Venezuela","og_description":"El portal de Instagram \u201cDentro del G\u00e9nero\u201d (@dentrodelgenero) se ha consolidado como un referente en la promoci\u00f3n y apoyo del g\u00e9nero urbano, enfoc\u00e1ndose en resaltar la m\u00fasica y los conciertos en Venezuela. Desde su&#46;&#46;&#46;","og_url":"https:\/\/noti-america.com\/site\/mexico\/2025\/08\/10\/dentro-del-genero-un-portal-dedicado-al-apoyo-del-genero-urbano-y-los-conciertos-en-venezuela\/","og_site_name":"M\u00e9xico","article_published_time":"2025-08-10T16:02:02+00:00","og_image":[{"width":1870,"height":1870,"url":"https:\/\/noti-america.com\/site\/mexico\/wp-content\/uploads\/sites\/13\/2025\/08\/thumbnail_processed-C0CD7112-D5B5-433F-997F-BDBA0CEC6C81-1.jpg","type":"image\/jpeg"}],"author":"Yoelvzla","twitter_card":"summary_large_image","twitter_misc":{"Escrito por":"Yoelvzla","Tiempo estimado de lectura":"2 minutos"},"schema":{"@context":"https:\/\/schema.org","@graph":[{"@type":"Article","@id":"https:\/\/noti-america.com\/site\/mexico\/2025\/08\/10\/dentro-del-genero-un-portal-dedicado-al-apoyo-del-genero-urbano-y-los-conciertos-en-venezuela\/#article","isPartOf":{"@id":"https:\/\/noti-america.com\/site\/mexico\/2025\/08\/10\/dentro-del-genero-un-portal-dedicado-al-apoyo-del-genero-urbano-y-los-conciertos-en-venezuela\/"},"author":{"name":"Yoelvzla","@id":"https:\/\/noti-america.com\/site\/mexico\/#\/schema\/person\/376ccc7b3cc7a8d5a43c3ece07a43857"},"headline":"\u201cDentro del G\u00e9nero\u201d: Un Portal Dedicado al Apoyo del G\u00e9nero Urbano y los Conciertos en Venezuela","datePublished":"2025-08-10T16:02:02+00:00","mainEntityOfPage":{"@id":"https:\/\/noti-america.com\/site\/mexico\/2025\/08\/10\/dentro-del-genero-un-portal-dedicado-al-apoyo-del-genero-urbano-y-los-conciertos-en-venezuela\/"},"wordCount":301,"commentCount":0,"publisher":{"@id":"https:\/\/noti-america.com\/site\/mexico\/#organization"},"image":{"@id":"https:\/\/noti-america.com\/site\/mexico\/2025\/08\/10\/dentro-del-genero-un-portal-dedicado-al-apoyo-del-genero-urbano-y-los-conciertos-en-venezuela\/#primaryimage"},"thumbnailUrl":"https:\/\/noti-america.com\/site\/mexico\/wp-content\/uploads\/sites\/13\/2025\/08\/thumbnail_processed-C0CD7112-D5B5-433F-997F-BDBA0CEC6C81-1.jpg","articleSection":["Arte y Espect\u00e1culos"],"inLanguage":"es","potentialAction":[{"@type":"CommentAction","name":"Comment","target":["https:\/\/noti-america.com\/site\/mexico\/2025\/08\/10\/dentro-del-genero-un-portal-dedicado-al-apoyo-del-genero-urbano-y-los-conciertos-en-venezuela\/#respond"]}]},{"@type":"WebPage","@id":"https:\/\/noti-america.com\/site\/mexico\/2025\/08\/10\/dentro-del-genero-un-portal-dedicado-al-apoyo-del-genero-urbano-y-los-conciertos-en-venezuela\/","url":"https:\/\/noti-america.com\/site\/mexico\/2025\/08\/10\/dentro-del-genero-un-portal-dedicado-al-apoyo-del-genero-urbano-y-los-conciertos-en-venezuela\/","name":"\u201cDentro del G\u00e9nero\u201d: Un Portal Dedicado al Apoyo del G\u00e9nero Urbano y los Conciertos en Venezuela - M\u00e9xico","isPartOf":{"@id":"https:\/\/noti-america.com\/site\/mexico\/#website"},"primaryImageOfPage":{"@id":"https:\/\/noti-america.com\/site\/mexico\/2025\/08\/10\/dentro-del-genero-un-portal-dedicado-al-apoyo-del-genero-urbano-y-los-conciertos-en-venezuela\/#primaryimage"},"image":{"@id":"https:\/\/noti-america.com\/site\/mexico\/2025\/08\/10\/dentro-del-genero-un-portal-dedicado-al-apoyo-del-genero-urbano-y-los-conciertos-en-venezuela\/#primaryimage"},"thumbnailUrl":"https:\/\/noti-america.com\/site\/mexico\/wp-content\/uploads\/sites\/13\/2025\/08\/thumbnail_processed-C0CD7112-D5B5-433F-997F-BDBA0CEC6C81-1.jpg","datePublished":"2025-08-10T16:02:02+00:00","breadcrumb":{"@id":"https:\/\/noti-america.com\/site\/mexico\/2025\/08\/10\/dentro-del-genero-un-portal-dedicado-al-apoyo-del-genero-urbano-y-los-conciertos-en-venezuela\/#breadcrumb"},"inLanguage":"es","potentialAction":[{"@type":"ReadAction","target":["https:\/\/noti-america.com\/site\/mexico\/2025\/08\/10\/dentro-del-genero-un-portal-dedicado-al-apoyo-del-genero-urbano-y-los-conciertos-en-venezuela\/"]}]},{"@type":"ImageObject","inLanguage":"es","@id":"https:\/\/noti-america.com\/site\/mexico\/2025\/08\/10\/dentro-del-genero-un-portal-dedicado-al-apoyo-del-genero-urbano-y-los-conciertos-en-venezuela\/#primaryimage","url":"https:\/\/noti-america.com\/site\/mexico\/wp-content\/uploads\/sites\/13\/2025\/08\/thumbnail_processed-C0CD7112-D5B5-433F-997F-BDBA0CEC6C81-1.jpg","contentUrl":"https:\/\/noti-america.com\/site\/mexico\/wp-content\/uploads\/sites\/13\/2025\/08\/thumbnail_processed-C0CD7112-D5B5-433F-997F-BDBA0CEC6C81-1.jpg","width":1870,"height":1870},{"@type":"BreadcrumbList","@id":"https:\/\/noti-america.com\/site\/mexico\/2025\/08\/10\/dentro-del-genero-un-portal-dedicado-al-apoyo-del-genero-urbano-y-los-conciertos-en-venezuela\/#breadcrumb","itemListElement":[{"@type":"ListItem","position":1,"name":"Portada","item":"https:\/\/noti-america.com\/site\/mexico\/"},{"@type":"ListItem","position":2,"name":"\u201cDentro del G\u00e9nero\u201d: Un Portal Dedicado al Apoyo del G\u00e9nero Urbano y los Conciertos en Venezuela"}]},{"@type":"WebSite","@id":"https:\/\/noti-america.com\/site\/mexico\/#website","url":"https:\/\/noti-america.com\/site\/mexico\/","name":"M\u00e9xico | Noti-America.com","description":"","publisher":{"@id":"https:\/\/noti-america.com\/site\/mexico\/#organization"},"potentialAction":[{"@type":"SearchAction","target":{"@type":"EntryPoint","urlTemplate":"https:\/\/noti-america.com\/site\/mexico\/?s={search_term_string}"},"query-input":{"@type":"PropertyValueSpecification","valueRequired":true,"valueName":"search_term_string"}}],"inLanguage":"es"},{"@type":"Organization","@id":"https:\/\/noti-america.com\/site\/mexico\/#organization","name":"Noti-America LLC | M\u00e9xico","url":"https:\/\/noti-america.com\/site\/mexico\/","logo":{"@type":"ImageObject","inLanguage":"es","@id":"https:\/\/noti-america.com\/site\/mexico\/#\/schema\/logo\/image\/","url":"https:\/\/noti-america.com\/site\/mexico\/wp-content\/uploads\/sites\/13\/2020\/07\/LogoNA-4x3-1.jpg","contentUrl":"https:\/\/noti-america.com\/site\/mexico\/wp-content\/uploads\/sites\/13\/2020\/07\/LogoNA-4x3-1.jpg","width":1236,"height":1080,"caption":"Noti-America LLC | M\u00e9xico"},"image":{"@id":"https:\/\/noti-america.com\/site\/mexico\/#\/schema\/logo\/image\/"}},{"@type":"Person","@id":"https:\/\/noti-america.com\/site\/mexico\/#\/schema\/person\/376ccc7b3cc7a8d5a43c3ece07a43857","name":"Yoelvzla","image":{"@type":"ImageObject","inLanguage":"es","@id":"https:\/\/secure.gravatar.com\/avatar\/13a96a72123e0e9aa76fe82e8847f726c63a1c5ef6a8d0fadd844c1a5a83b212?s=96&d=mm&r=g","url":"https:\/\/secure.gravatar.com\/avatar\/13a96a72123e0e9aa76fe82e8847f726c63a1c5ef6a8d0fadd844c1a5a83b212?s=96&d=mm&r=g","contentUrl":"https:\/\/secure.gravatar.com\/avatar\/13a96a72123e0e9aa76fe82e8847f726c63a1c5ef6a8d0fadd844c1a5a83b212?s=96&d=mm&r=g","caption":"Yoelvzla"},"url":"https:\/\/noti-america.com\/site\/mexico\/author\/ydiaz\/"}]}},"_links":{"self":[{"href":"https:\/\/noti-america.com\/site\/mexico\/wp-json\/wp\/v2\/posts\/16295","targetHints":{"allow":["GET"]}}],"collection":[{"href":"https:\/\/noti-america.com\/site\/mexico\/wp-json\/wp\/v2\/posts"}],"about":[{"href":"https:\/\/noti-america.com\/site\/mexico\/wp-json\/wp\/v2\/types\/post"}],"author":[{"embeddable":true,"href":"https:\/\/noti-america.com\/site\/mexico\/wp-json\/wp\/v2\/users\/127"}],"replies":[{"embeddable":true,"href":"https:\/\/noti-america.com\/site\/mexico\/wp-json\/wp\/v2\/comments?post=16295"}],"version-history":[{"count":1,"href":"https:\/\/noti-america.com\/site\/mexico\/wp-json\/wp\/v2\/posts\/16295\/revisions"}],"predecessor-version":[{"id":16297,"href":"https:\/\/noti-america.com\/site\/mexico\/wp-json\/wp\/v2\/posts\/16295\/revisions\/16297"}],"wp:featuredmedia":[{"embeddable":true,"href":"https:\/\/noti-america.com\/site\/mexico\/wp-json\/wp\/v2\/media\/16296"}],"wp:attachment":[{"href":"https:\/\/noti-america.com\/site\/mexico\/wp-json\/wp\/v2\/media?parent=16295"}],"wp:term":[{"taxonomy":"category","embeddable":true,"href":"https:\/\/noti-america.com\/site\/mexico\/wp-json\/wp\/v2\/categories?post=16295"},{"taxonomy":"post_tag","embeddable":true,"href":"https:\/\/noti-america.com\/site\/mexico\/wp-json\/wp\/v2\/tags?post=16295"}],"curies":[{"name":"wp","href":"https:\/\/api.w.org\/{rel}","templated":true}]}}