{"id":1618,"date":"2018-12-14T04:53:07","date_gmt":"2018-12-14T04:53:07","guid":{"rendered":"http:\/\/noti-america.com\/site\/mexico\/?p=1618"},"modified":"2018-12-14T04:53:07","modified_gmt":"2018-12-14T04:53:07","slug":"preven-bajas-temperaturas-y-lluvias-con-llegada-del-frente-frio-17","status":"publish","type":"post","link":"https:\/\/noti-america.com\/site\/mexico\/2018\/12\/14\/preven-bajas-temperaturas-y-lluvias-con-llegada-del-frente-frio-17\/","title":{"rendered":"Prev\u00e9n bajas temperaturas y lluvias con llegada del frente fr\u00edo 17"},"content":{"rendered":"<h1>\u00a0<img loading=\"lazy\" decoding=\"async\" class=\"wp-image-1619 aligncenter\" src=\"http:\/\/noti-america.com\/site\/mexico\/wp-content\/uploads\/sites\/13\/2018\/12\/160647-Principal-300x180.jpg\" alt=\"\" width=\"523\" height=\"314\" srcset=\"https:\/\/noti-america.com\/site\/mexico\/wp-content\/uploads\/sites\/13\/2018\/12\/160647-Principal-300x180.jpg 300w, https:\/\/noti-america.com\/site\/mexico\/wp-content\/uploads\/sites\/13\/2018\/12\/160647-Principal.jpg 750w\" sizes=\"auto, (max-width: 523px) 100vw, 523px\" \/><\/h1>\n<h3><strong>\u00a0<\/strong><\/h3>\n<h3>Fuente:\u00a0\u00a0https:\/\/elpais.com\/tag\/mexico\/<\/h3>\n<p>&nbsp;<\/p>\n<p>El Servicio Meteorol\u00f3gico Nacional (SMN) inform\u00f3 que el frente fr\u00edo 17 se aproximar\u00e1 durante la noche a la frontera norte de M\u00e9xico y que se prev\u00e9n lluvias fuertes en Sonora, Chihuahua y Durango.\u00a0 En un comunicado, se\u00f1al\u00f3 que tambi\u00e9n hay probabilidades de\u00a0nevadas\u00a0en las monta\u00f1as de\u00a0Chihuahua y Durango. Se prev\u00e9n\u00a0temperaturas\u00a0menores a\u00a0-5\u00b0C.\u00a0\u00a0\u00a0 Tambi\u00e9n se prev\u00e9n vientos fuertes con rachas que pueden superar 60 kil\u00f3metros por hora en\u00a0Chihuahua, Durango y Zacatecas, adem\u00e1s de vientos del sur (evento de\u00a0surada) con rachas superiores a 50 kil\u00f3metros por hora a lo largo de las costas de\u00a0Tamaulipas y Veracruz.<\/p>\n<p>En la\u00a0Pen\u00ednsula de Yucat\u00e1n\u00a0se pronostican noches y ma\u00f1anas en el rango de frescas a muy frescas se mantendr\u00e1n durante los pr\u00f3ximos d\u00edas en la zona por la llegada de un nuevo sistema frontal a la regi\u00f3n, esto a partir del pr\u00f3ximo viernes.<\/p>\n<p>Debido a las bajas temperaturas, recomend\u00f3 a la poblaci\u00f3n\u00a0tomar precauciones, vestir ropa abrigadora, mantenerse hidratados y brindar especial\u00a0atenci\u00f3n a ni\u00f1os, personas enfermas y de la tercera edad.<\/p>\n<p>&nbsp;<\/p>\n<p>&nbsp;<\/p>\n<p>&nbsp;<\/p>\n","protected":false},"excerpt":{"rendered":"<p>\u00a0 \u00a0 Fuente:\u00a0\u00a0https:\/\/elpais.com\/tag\/mexico\/ &nbsp; El Servicio Meteorol\u00f3gico Nacional (SMN) inform\u00f3 que el frente fr\u00edo 17 se aproximar\u00e1 durante la noche a la frontera norte de M\u00e9xico y que se prev\u00e9n lluvias fuertes en Sonora,&#46;&#46;&#46;<\/p>\n","protected":false},"author":28,"featured_media":1619,"comment_status":"open","ping_status":"open","sticky":false,"template":"","format":"standard","meta":{"_acf_changed":false,"om_disable_all_campaigns":false,"rop_custom_images_group":[],"rop_custom_messages_group":[],"rop_publish_now":"initial","rop_publish_now_accounts":{"twitter_242054905_242054905":""},"rop_publish_now_history":[],"rop_publish_now_status":"pending","_uf_show_specific_survey":0,"_uf_disable_surveys":false,"footnotes":""},"categories":[1],"tags":[81],"class_list":["post-1618","post","type-post","status-publish","format-standard","has-post-thumbnail","hentry","category-uncategorized","tag-preven-bajas-temperaturas-y-lluvias-con-llegada-del-frente-frio-17"],"acf":[],"aioseo_notices":[],"yoast_head":"<!-- This site is optimized with the Yoast SEO Premium plugin v24.9 (Yoast SEO v27.2) - https:\/\/yoast.com\/product\/yoast-seo-premium-wordpress\/ -->\n<title>Prev\u00e9n bajas temperaturas y lluvias con llegada del frente fr\u00edo 17 - M\u00e9xico<\/title>\n<meta name=\"robots\" content=\"index, follow, max-snippet:-1, max-image-preview:large, max-video-preview:-1\" \/>\n<link rel=\"canonical\" href=\"https:\/\/noti-america.com\/site\/mexico\/2018\/12\/14\/preven-bajas-temperaturas-y-lluvias-con-llegada-del-frente-frio-17\/\" \/>\n<meta property=\"og:locale\" content=\"es_ES\" \/>\n<meta property=\"og:type\" content=\"article\" \/>\n<meta property=\"og:title\" content=\"Prev\u00e9n bajas temperaturas y lluvias con llegada del frente fr\u00edo 17\" \/>\n<meta property=\"og:description\" content=\"\u00a0 \u00a0 Fuente:\u00a0\u00a0https:\/\/elpais.com\/tag\/mexico\/ &nbsp; El Servicio Meteorol\u00f3gico Nacional (SMN) inform\u00f3 que el frente fr\u00edo 17 se aproximar\u00e1 durante la noche a la frontera norte de M\u00e9xico y que se prev\u00e9n lluvias fuertes en Sonora,&#046;&#046;&#046;\" \/>\n<meta property=\"og:url\" content=\"https:\/\/noti-america.com\/site\/mexico\/2018\/12\/14\/preven-bajas-temperaturas-y-lluvias-con-llegada-del-frente-frio-17\/\" \/>\n<meta property=\"og:site_name\" content=\"M\u00e9xico\" \/>\n<meta property=\"article:published_time\" content=\"2018-12-14T04:53:07+00:00\" \/>\n<meta property=\"og:image\" content=\"https:\/\/noti-america.com\/site\/mexico\/wp-content\/uploads\/sites\/13\/2018\/12\/160647-Principal.jpg\" \/>\n\t<meta property=\"og:image:width\" content=\"750\" \/>\n\t<meta property=\"og:image:height\" content=\"450\" \/>\n\t<meta property=\"og:image:type\" content=\"image\/jpeg\" \/>\n<meta name=\"author\" content=\"Redacci\u00f3n NA-NY\" \/>\n<meta name=\"twitter:card\" content=\"summary_large_image\" \/>\n<meta name=\"twitter:label1\" content=\"Escrito por\" \/>\n\t<meta name=\"twitter:data1\" content=\"Redacci\u00f3n NA-NY\" \/>\n\t<meta name=\"twitter:label2\" content=\"Tiempo estimado de lectura\" \/>\n\t<meta name=\"twitter:data2\" content=\"1 minuto\" \/>\n<script type=\"application\/ld+json\" class=\"yoast-schema-graph\">{\"@context\":\"https:\/\/schema.org\",\"@graph\":[{\"@type\":\"Article\",\"@id\":\"https:\/\/noti-america.com\/site\/mexico\/2018\/12\/14\/preven-bajas-temperaturas-y-lluvias-con-llegada-del-frente-frio-17\/#article\",\"isPartOf\":{\"@id\":\"https:\/\/noti-america.com\/site\/mexico\/2018\/12\/14\/preven-bajas-temperaturas-y-lluvias-con-llegada-del-frente-frio-17\/\"},\"author\":{\"name\":\"Redacci\u00f3n NA-NY\",\"@id\":\"https:\/\/noti-america.com\/site\/mexico\/#\/schema\/person\/db5a6527aaddfc34b3753d557a1292f0\"},\"headline\":\"Prev\u00e9n bajas temperaturas y lluvias con llegada del frente fr\u00edo 17\",\"datePublished\":\"2018-12-14T04:53:07+00:00\",\"mainEntityOfPage\":{\"@id\":\"https:\/\/noti-america.com\/site\/mexico\/2018\/12\/14\/preven-bajas-temperaturas-y-lluvias-con-llegada-del-frente-frio-17\/\"},\"wordCount\":218,\"commentCount\":0,\"publisher\":{\"@id\":\"https:\/\/noti-america.com\/site\/mexico\/#organization\"},\"image\":{\"@id\":\"https:\/\/noti-america.com\/site\/mexico\/2018\/12\/14\/preven-bajas-temperaturas-y-lluvias-con-llegada-del-frente-frio-17\/#primaryimage\"},\"thumbnailUrl\":\"https:\/\/noti-america.com\/site\/mexico\/wp-content\/uploads\/sites\/13\/2018\/12\/160647-Principal.jpg\",\"keywords\":[\"Prev\u00e9n bajas temperaturas y lluvias con llegada del frente fr\u00edo 17\"],\"articleSection\":[\"Uncategorized\"],\"inLanguage\":\"es\",\"potentialAction\":[{\"@type\":\"CommentAction\",\"name\":\"Comment\",\"target\":[\"https:\/\/noti-america.com\/site\/mexico\/2018\/12\/14\/preven-bajas-temperaturas-y-lluvias-con-llegada-del-frente-frio-17\/#respond\"]}]},{\"@type\":\"WebPage\",\"@id\":\"https:\/\/noti-america.com\/site\/mexico\/2018\/12\/14\/preven-bajas-temperaturas-y-lluvias-con-llegada-del-frente-frio-17\/\",\"url\":\"https:\/\/noti-america.com\/site\/mexico\/2018\/12\/14\/preven-bajas-temperaturas-y-lluvias-con-llegada-del-frente-frio-17\/\",\"name\":\"Prev\u00e9n bajas temperaturas y lluvias con llegada del frente fr\u00edo 17 - M\u00e9xico\",\"isPartOf\":{\"@id\":\"https:\/\/noti-america.com\/site\/mexico\/#website\"},\"primaryImageOfPage\":{\"@id\":\"https:\/\/noti-america.com\/site\/mexico\/2018\/12\/14\/preven-bajas-temperaturas-y-lluvias-con-llegada-del-frente-frio-17\/#primaryimage\"},\"image\":{\"@id\":\"https:\/\/noti-america.com\/site\/mexico\/2018\/12\/14\/preven-bajas-temperaturas-y-lluvias-con-llegada-del-frente-frio-17\/#primaryimage\"},\"thumbnailUrl\":\"https:\/\/noti-america.com\/site\/mexico\/wp-content\/uploads\/sites\/13\/2018\/12\/160647-Principal.jpg\",\"datePublished\":\"2018-12-14T04:53:07+00:00\",\"breadcrumb\":{\"@id\":\"https:\/\/noti-america.com\/site\/mexico\/2018\/12\/14\/preven-bajas-temperaturas-y-lluvias-con-llegada-del-frente-frio-17\/#breadcrumb\"},\"inLanguage\":\"es\",\"potentialAction\":[{\"@type\":\"ReadAction\",\"target\":[\"https:\/\/noti-america.com\/site\/mexico\/2018\/12\/14\/preven-bajas-temperaturas-y-lluvias-con-llegada-del-frente-frio-17\/\"]}]},{\"@type\":\"ImageObject\",\"inLanguage\":\"es\",\"@id\":\"https:\/\/noti-america.com\/site\/mexico\/2018\/12\/14\/preven-bajas-temperaturas-y-lluvias-con-llegada-del-frente-frio-17\/#primaryimage\",\"url\":\"https:\/\/noti-america.com\/site\/mexico\/wp-content\/uploads\/sites\/13\/2018\/12\/160647-Principal.jpg\",\"contentUrl\":\"https:\/\/noti-america.com\/site\/mexico\/wp-content\/uploads\/sites\/13\/2018\/12\/160647-Principal.jpg\",\"width\":750,\"height\":450},{\"@type\":\"BreadcrumbList\",\"@id\":\"https:\/\/noti-america.com\/site\/mexico\/2018\/12\/14\/preven-bajas-temperaturas-y-lluvias-con-llegada-del-frente-frio-17\/#breadcrumb\",\"itemListElement\":[{\"@type\":\"ListItem\",\"position\":1,\"name\":\"Portada\",\"item\":\"https:\/\/noti-america.com\/site\/mexico\/\"},{\"@type\":\"ListItem\",\"position\":2,\"name\":\"Prev\u00e9n bajas temperaturas y lluvias con llegada del frente fr\u00edo 17\"}]},{\"@type\":\"WebSite\",\"@id\":\"https:\/\/noti-america.com\/site\/mexico\/#website\",\"url\":\"https:\/\/noti-america.com\/site\/mexico\/\",\"name\":\"M\u00e9xico | Noti-America.com\",\"description\":\"\",\"publisher\":{\"@id\":\"https:\/\/noti-america.com\/site\/mexico\/#organization\"},\"potentialAction\":[{\"@type\":\"SearchAction\",\"target\":{\"@type\":\"EntryPoint\",\"urlTemplate\":\"https:\/\/noti-america.com\/site\/mexico\/?s={search_term_string}\"},\"query-input\":{\"@type\":\"PropertyValueSpecification\",\"valueRequired\":true,\"valueName\":\"search_term_string\"}}],\"inLanguage\":\"es\"},{\"@type\":\"Organization\",\"@id\":\"https:\/\/noti-america.com\/site\/mexico\/#organization\",\"name\":\"Noti-America LLC | M\u00e9xico\",\"url\":\"https:\/\/noti-america.com\/site\/mexico\/\",\"logo\":{\"@type\":\"ImageObject\",\"inLanguage\":\"es\",\"@id\":\"https:\/\/noti-america.com\/site\/mexico\/#\/schema\/logo\/image\/\",\"url\":\"https:\/\/noti-america.com\/site\/mexico\/wp-content\/uploads\/sites\/13\/2020\/07\/LogoNA-4x3-1.jpg\",\"contentUrl\":\"https:\/\/noti-america.com\/site\/mexico\/wp-content\/uploads\/sites\/13\/2020\/07\/LogoNA-4x3-1.jpg\",\"width\":1236,\"height\":1080,\"caption\":\"Noti-America LLC | M\u00e9xico\"},\"image\":{\"@id\":\"https:\/\/noti-america.com\/site\/mexico\/#\/schema\/logo\/image\/\"}},{\"@type\":\"Person\",\"@id\":\"https:\/\/noti-america.com\/site\/mexico\/#\/schema\/person\/db5a6527aaddfc34b3753d557a1292f0\",\"name\":\"Redacci\u00f3n NA-NY\",\"image\":{\"@type\":\"ImageObject\",\"inLanguage\":\"es\",\"@id\":\"https:\/\/secure.gravatar.com\/avatar\/2bd75bb500a8deb1390f777293a9af32d934c46613d2fbac7cceb2aaa2679ae8?s=96&d=mm&r=g\",\"url\":\"https:\/\/secure.gravatar.com\/avatar\/2bd75bb500a8deb1390f777293a9af32d934c46613d2fbac7cceb2aaa2679ae8?s=96&d=mm&r=g\",\"contentUrl\":\"https:\/\/secure.gravatar.com\/avatar\/2bd75bb500a8deb1390f777293a9af32d934c46613d2fbac7cceb2aaa2679ae8?s=96&d=mm&r=g\",\"caption\":\"Redacci\u00f3n NA-NY\"},\"url\":\"https:\/\/noti-america.com\/site\/mexico\/author\/redaccionny\/\"}]}<\/script>\n<!-- \/ Yoast SEO Premium plugin. -->","yoast_head_json":{"title":"Prev\u00e9n bajas temperaturas y lluvias con llegada del frente fr\u00edo 17 - M\u00e9xico","robots":{"index":"index","follow":"follow","max-snippet":"max-snippet:-1","max-image-preview":"max-image-preview:large","max-video-preview":"max-video-preview:-1"},"canonical":"https:\/\/noti-america.com\/site\/mexico\/2018\/12\/14\/preven-bajas-temperaturas-y-lluvias-con-llegada-del-frente-frio-17\/","og_locale":"es_ES","og_type":"article","og_title":"Prev\u00e9n bajas temperaturas y lluvias con llegada del frente fr\u00edo 17","og_description":"\u00a0 \u00a0 Fuente:\u00a0\u00a0https:\/\/elpais.com\/tag\/mexico\/ &nbsp; El Servicio Meteorol\u00f3gico Nacional (SMN) inform\u00f3 que el frente fr\u00edo 17 se aproximar\u00e1 durante la noche a la frontera norte de M\u00e9xico y que se prev\u00e9n lluvias fuertes en Sonora,&#46;&#46;&#46;","og_url":"https:\/\/noti-america.com\/site\/mexico\/2018\/12\/14\/preven-bajas-temperaturas-y-lluvias-con-llegada-del-frente-frio-17\/","og_site_name":"M\u00e9xico","article_published_time":"2018-12-14T04:53:07+00:00","og_image":[{"width":750,"height":450,"url":"https:\/\/noti-america.com\/site\/mexico\/wp-content\/uploads\/sites\/13\/2018\/12\/160647-Principal.jpg","type":"image\/jpeg"}],"author":"Redacci\u00f3n NA-NY","twitter_card":"summary_large_image","twitter_misc":{"Escrito por":"Redacci\u00f3n NA-NY","Tiempo estimado de lectura":"1 minuto"},"schema":{"@context":"https:\/\/schema.org","@graph":[{"@type":"Article","@id":"https:\/\/noti-america.com\/site\/mexico\/2018\/12\/14\/preven-bajas-temperaturas-y-lluvias-con-llegada-del-frente-frio-17\/#article","isPartOf":{"@id":"https:\/\/noti-america.com\/site\/mexico\/2018\/12\/14\/preven-bajas-temperaturas-y-lluvias-con-llegada-del-frente-frio-17\/"},"author":{"name":"Redacci\u00f3n NA-NY","@id":"https:\/\/noti-america.com\/site\/mexico\/#\/schema\/person\/db5a6527aaddfc34b3753d557a1292f0"},"headline":"Prev\u00e9n bajas temperaturas y lluvias con llegada del frente fr\u00edo 17","datePublished":"2018-12-14T04:53:07+00:00","mainEntityOfPage":{"@id":"https:\/\/noti-america.com\/site\/mexico\/2018\/12\/14\/preven-bajas-temperaturas-y-lluvias-con-llegada-del-frente-frio-17\/"},"wordCount":218,"commentCount":0,"publisher":{"@id":"https:\/\/noti-america.com\/site\/mexico\/#organization"},"image":{"@id":"https:\/\/noti-america.com\/site\/mexico\/2018\/12\/14\/preven-bajas-temperaturas-y-lluvias-con-llegada-del-frente-frio-17\/#primaryimage"},"thumbnailUrl":"https:\/\/noti-america.com\/site\/mexico\/wp-content\/uploads\/sites\/13\/2018\/12\/160647-Principal.jpg","keywords":["Prev\u00e9n bajas temperaturas y lluvias con llegada del frente fr\u00edo 17"],"articleSection":["Uncategorized"],"inLanguage":"es","potentialAction":[{"@type":"CommentAction","name":"Comment","target":["https:\/\/noti-america.com\/site\/mexico\/2018\/12\/14\/preven-bajas-temperaturas-y-lluvias-con-llegada-del-frente-frio-17\/#respond"]}]},{"@type":"WebPage","@id":"https:\/\/noti-america.com\/site\/mexico\/2018\/12\/14\/preven-bajas-temperaturas-y-lluvias-con-llegada-del-frente-frio-17\/","url":"https:\/\/noti-america.com\/site\/mexico\/2018\/12\/14\/preven-bajas-temperaturas-y-lluvias-con-llegada-del-frente-frio-17\/","name":"Prev\u00e9n bajas temperaturas y lluvias con llegada del frente fr\u00edo 17 - M\u00e9xico","isPartOf":{"@id":"https:\/\/noti-america.com\/site\/mexico\/#website"},"primaryImageOfPage":{"@id":"https:\/\/noti-america.com\/site\/mexico\/2018\/12\/14\/preven-bajas-temperaturas-y-lluvias-con-llegada-del-frente-frio-17\/#primaryimage"},"image":{"@id":"https:\/\/noti-america.com\/site\/mexico\/2018\/12\/14\/preven-bajas-temperaturas-y-lluvias-con-llegada-del-frente-frio-17\/#primaryimage"},"thumbnailUrl":"https:\/\/noti-america.com\/site\/mexico\/wp-content\/uploads\/sites\/13\/2018\/12\/160647-Principal.jpg","datePublished":"2018-12-14T04:53:07+00:00","breadcrumb":{"@id":"https:\/\/noti-america.com\/site\/mexico\/2018\/12\/14\/preven-bajas-temperaturas-y-lluvias-con-llegada-del-frente-frio-17\/#breadcrumb"},"inLanguage":"es","potentialAction":[{"@type":"ReadAction","target":["https:\/\/noti-america.com\/site\/mexico\/2018\/12\/14\/preven-bajas-temperaturas-y-lluvias-con-llegada-del-frente-frio-17\/"]}]},{"@type":"ImageObject","inLanguage":"es","@id":"https:\/\/noti-america.com\/site\/mexico\/2018\/12\/14\/preven-bajas-temperaturas-y-lluvias-con-llegada-del-frente-frio-17\/#primaryimage","url":"https:\/\/noti-america.com\/site\/mexico\/wp-content\/uploads\/sites\/13\/2018\/12\/160647-Principal.jpg","contentUrl":"https:\/\/noti-america.com\/site\/mexico\/wp-content\/uploads\/sites\/13\/2018\/12\/160647-Principal.jpg","width":750,"height":450},{"@type":"BreadcrumbList","@id":"https:\/\/noti-america.com\/site\/mexico\/2018\/12\/14\/preven-bajas-temperaturas-y-lluvias-con-llegada-del-frente-frio-17\/#breadcrumb","itemListElement":[{"@type":"ListItem","position":1,"name":"Portada","item":"https:\/\/noti-america.com\/site\/mexico\/"},{"@type":"ListItem","position":2,"name":"Prev\u00e9n bajas temperaturas y lluvias con llegada del frente fr\u00edo 17"}]},{"@type":"WebSite","@id":"https:\/\/noti-america.com\/site\/mexico\/#website","url":"https:\/\/noti-america.com\/site\/mexico\/","name":"M\u00e9xico | Noti-America.com","description":"","publisher":{"@id":"https:\/\/noti-america.com\/site\/mexico\/#organization"},"potentialAction":[{"@type":"SearchAction","target":{"@type":"EntryPoint","urlTemplate":"https:\/\/noti-america.com\/site\/mexico\/?s={search_term_string}"},"query-input":{"@type":"PropertyValueSpecification","valueRequired":true,"valueName":"search_term_string"}}],"inLanguage":"es"},{"@type":"Organization","@id":"https:\/\/noti-america.com\/site\/mexico\/#organization","name":"Noti-America LLC | M\u00e9xico","url":"https:\/\/noti-america.com\/site\/mexico\/","logo":{"@type":"ImageObject","inLanguage":"es","@id":"https:\/\/noti-america.com\/site\/mexico\/#\/schema\/logo\/image\/","url":"https:\/\/noti-america.com\/site\/mexico\/wp-content\/uploads\/sites\/13\/2020\/07\/LogoNA-4x3-1.jpg","contentUrl":"https:\/\/noti-america.com\/site\/mexico\/wp-content\/uploads\/sites\/13\/2020\/07\/LogoNA-4x3-1.jpg","width":1236,"height":1080,"caption":"Noti-America LLC | M\u00e9xico"},"image":{"@id":"https:\/\/noti-america.com\/site\/mexico\/#\/schema\/logo\/image\/"}},{"@type":"Person","@id":"https:\/\/noti-america.com\/site\/mexico\/#\/schema\/person\/db5a6527aaddfc34b3753d557a1292f0","name":"Redacci\u00f3n NA-NY","image":{"@type":"ImageObject","inLanguage":"es","@id":"https:\/\/secure.gravatar.com\/avatar\/2bd75bb500a8deb1390f777293a9af32d934c46613d2fbac7cceb2aaa2679ae8?s=96&d=mm&r=g","url":"https:\/\/secure.gravatar.com\/avatar\/2bd75bb500a8deb1390f777293a9af32d934c46613d2fbac7cceb2aaa2679ae8?s=96&d=mm&r=g","contentUrl":"https:\/\/secure.gravatar.com\/avatar\/2bd75bb500a8deb1390f777293a9af32d934c46613d2fbac7cceb2aaa2679ae8?s=96&d=mm&r=g","caption":"Redacci\u00f3n NA-NY"},"url":"https:\/\/noti-america.com\/site\/mexico\/author\/redaccionny\/"}]}},"_links":{"self":[{"href":"https:\/\/noti-america.com\/site\/mexico\/wp-json\/wp\/v2\/posts\/1618","targetHints":{"allow":["GET"]}}],"collection":[{"href":"https:\/\/noti-america.com\/site\/mexico\/wp-json\/wp\/v2\/posts"}],"about":[{"href":"https:\/\/noti-america.com\/site\/mexico\/wp-json\/wp\/v2\/types\/post"}],"author":[{"embeddable":true,"href":"https:\/\/noti-america.com\/site\/mexico\/wp-json\/wp\/v2\/users\/28"}],"replies":[{"embeddable":true,"href":"https:\/\/noti-america.com\/site\/mexico\/wp-json\/wp\/v2\/comments?post=1618"}],"version-history":[{"count":1,"href":"https:\/\/noti-america.com\/site\/mexico\/wp-json\/wp\/v2\/posts\/1618\/revisions"}],"predecessor-version":[{"id":1620,"href":"https:\/\/noti-america.com\/site\/mexico\/wp-json\/wp\/v2\/posts\/1618\/revisions\/1620"}],"wp:featuredmedia":[{"embeddable":true,"href":"https:\/\/noti-america.com\/site\/mexico\/wp-json\/wp\/v2\/media\/1619"}],"wp:attachment":[{"href":"https:\/\/noti-america.com\/site\/mexico\/wp-json\/wp\/v2\/media?parent=1618"}],"wp:term":[{"taxonomy":"category","embeddable":true,"href":"https:\/\/noti-america.com\/site\/mexico\/wp-json\/wp\/v2\/categories?post=1618"},{"taxonomy":"post_tag","embeddable":true,"href":"https:\/\/noti-america.com\/site\/mexico\/wp-json\/wp\/v2\/tags?post=1618"}],"curies":[{"name":"wp","href":"https:\/\/api.w.org\/{rel}","templated":true}]}}