{"id":1594,"date":"2018-12-14T02:31:27","date_gmt":"2018-12-14T02:31:27","guid":{"rendered":"http:\/\/noti-america.com\/site\/mexico\/?p=1594"},"modified":"2018-12-14T02:31:27","modified_gmt":"2018-12-14T02:31:27","slug":"marina-rescata-a-tres-pescadores-de-altamar","status":"publish","type":"post","link":"https:\/\/noti-america.com\/site\/mexico\/2018\/12\/14\/marina-rescata-a-tres-pescadores-de-altamar\/","title":{"rendered":"Marina rescata a tres pescadores de altamar"},"content":{"rendered":"<p><img loading=\"lazy\" decoding=\"async\" class=\"wp-image-1595 aligncenter\" src=\"http:\/\/noti-america.com\/site\/mexico\/wp-content\/uploads\/sites\/13\/2018\/12\/unnamed-file-300x233.jpg\" alt=\"\" width=\"546\" height=\"424\" srcset=\"https:\/\/noti-america.com\/site\/mexico\/wp-content\/uploads\/sites\/13\/2018\/12\/unnamed-file-300x233.jpg 300w, https:\/\/noti-america.com\/site\/mexico\/wp-content\/uploads\/sites\/13\/2018\/12\/unnamed-file-768x596.jpg 768w, https:\/\/noti-america.com\/site\/mexico\/wp-content\/uploads\/sites\/13\/2018\/12\/unnamed-file.jpg 799w\" sizes=\"auto, (max-width: 546px) 100vw, 546px\" \/><\/p>\n<h1><\/h1>\n<h3><strong>Fuente https:\/\/www.msn.com\/es-mx<\/strong><\/h3>\n<p>&nbsp;<\/p>\n<p>Tres pescadores originarios de la barra en Ciudad Madero fueron rescatados la tarde de este jueves por la Secretar\u00eda de Marina, luego de haberse quedado varados durante la noche del mi\u00e9rcoles.<\/p>\n<p>De acuerdo a la informaci\u00f3n otorgada por autoridades, los pescadores trataron de activar su embarcaci\u00f3n, sin embargo, la pila explot\u00f3 y ya no pudieron avanzar.<\/p>\n<p>Los tripulantes de la embarcaci\u00f3n son Roberto L\u00f3pez de 30 a\u00f1os Hip\u00f3lito Olivares de 60 y Jos\u00e9 Luis de 68.<\/p>\n<p>Para poder comunicarse y solicitar ayuda estuvieron remando alrededor de 12 horas.<\/p>\n<p>Aproximadamente a las 16:00 horas personal de la Secretar\u00eda de Marina lleg\u00f3 hasta el punto en donde se encontraban y fueron rescatados.<\/p>\n","protected":false},"excerpt":{"rendered":"<p>Fuente https:\/\/www.msn.com\/es-mx &nbsp; Tres pescadores originarios de la barra en Ciudad Madero fueron rescatados la tarde de este jueves por la Secretar\u00eda de Marina, luego de haberse quedado varados durante la noche del mi\u00e9rcoles.&#46;&#46;&#46;<\/p>\n","protected":false},"author":28,"featured_media":1595,"comment_status":"open","ping_status":"open","sticky":false,"template":"","format":"standard","meta":{"_acf_changed":false,"om_disable_all_campaigns":false,"rop_custom_images_group":[],"rop_custom_messages_group":[],"rop_publish_now":"initial","rop_publish_now_accounts":{"twitter_242054905_242054905":""},"rop_publish_now_history":[],"rop_publish_now_status":"pending","_uf_show_specific_survey":0,"_uf_disable_surveys":false,"footnotes":""},"categories":[1],"tags":[76],"class_list":["post-1594","post","type-post","status-publish","format-standard","has-post-thumbnail","hentry","category-uncategorized","tag-marina-rescata-a-tres-pescadores-de-altamar"],"acf":[],"aioseo_notices":[],"yoast_head":"<!-- This site is optimized with the Yoast SEO Premium plugin v24.9 (Yoast SEO v27.2) - https:\/\/yoast.com\/product\/yoast-seo-premium-wordpress\/ -->\n<title>Marina rescata a tres pescadores de altamar - M\u00e9xico<\/title>\n<meta name=\"robots\" content=\"index, follow, max-snippet:-1, max-image-preview:large, max-video-preview:-1\" \/>\n<link rel=\"canonical\" href=\"https:\/\/noti-america.com\/site\/mexico\/2018\/12\/14\/marina-rescata-a-tres-pescadores-de-altamar\/\" \/>\n<meta property=\"og:locale\" content=\"es_ES\" \/>\n<meta property=\"og:type\" content=\"article\" \/>\n<meta property=\"og:title\" content=\"Marina rescata a tres pescadores de altamar\" \/>\n<meta property=\"og:description\" content=\"Fuente https:\/\/www.msn.com\/es-mx &nbsp; Tres pescadores originarios de la barra en Ciudad Madero fueron rescatados la tarde de este jueves por la Secretar\u00eda de Marina, luego de haberse quedado varados durante la noche del mi\u00e9rcoles.&#046;&#046;&#046;\" \/>\n<meta property=\"og:url\" content=\"https:\/\/noti-america.com\/site\/mexico\/2018\/12\/14\/marina-rescata-a-tres-pescadores-de-altamar\/\" \/>\n<meta property=\"og:site_name\" content=\"M\u00e9xico\" \/>\n<meta property=\"article:published_time\" content=\"2018-12-14T02:31:27+00:00\" \/>\n<meta property=\"og:image\" content=\"https:\/\/noti-america.com\/site\/mexico\/wp-content\/uploads\/sites\/13\/2018\/12\/unnamed-file.jpg\" \/>\n\t<meta property=\"og:image:width\" content=\"799\" \/>\n\t<meta property=\"og:image:height\" content=\"620\" \/>\n\t<meta property=\"og:image:type\" content=\"image\/jpeg\" \/>\n<meta name=\"author\" content=\"Redacci\u00f3n NA-NY\" \/>\n<meta name=\"twitter:card\" content=\"summary_large_image\" \/>\n<meta name=\"twitter:label1\" content=\"Escrito por\" \/>\n\t<meta name=\"twitter:data1\" content=\"Redacci\u00f3n NA-NY\" \/>\n\t<meta name=\"twitter:label2\" content=\"Tiempo estimado de lectura\" \/>\n\t<meta name=\"twitter:data2\" content=\"1 minuto\" \/>\n<script type=\"application\/ld+json\" class=\"yoast-schema-graph\">{\"@context\":\"https:\/\/schema.org\",\"@graph\":[{\"@type\":\"Article\",\"@id\":\"https:\/\/noti-america.com\/site\/mexico\/2018\/12\/14\/marina-rescata-a-tres-pescadores-de-altamar\/#article\",\"isPartOf\":{\"@id\":\"https:\/\/noti-america.com\/site\/mexico\/2018\/12\/14\/marina-rescata-a-tres-pescadores-de-altamar\/\"},\"author\":{\"name\":\"Redacci\u00f3n NA-NY\",\"@id\":\"https:\/\/noti-america.com\/site\/mexico\/#\/schema\/person\/db5a6527aaddfc34b3753d557a1292f0\"},\"headline\":\"Marina rescata a tres pescadores de altamar\",\"datePublished\":\"2018-12-14T02:31:27+00:00\",\"mainEntityOfPage\":{\"@id\":\"https:\/\/noti-america.com\/site\/mexico\/2018\/12\/14\/marina-rescata-a-tres-pescadores-de-altamar\/\"},\"wordCount\":128,\"commentCount\":0,\"publisher\":{\"@id\":\"https:\/\/noti-america.com\/site\/mexico\/#organization\"},\"image\":{\"@id\":\"https:\/\/noti-america.com\/site\/mexico\/2018\/12\/14\/marina-rescata-a-tres-pescadores-de-altamar\/#primaryimage\"},\"thumbnailUrl\":\"https:\/\/noti-america.com\/site\/mexico\/wp-content\/uploads\/sites\/13\/2018\/12\/unnamed-file.jpg\",\"keywords\":[\"Marina rescata a tres pescadores de altamar\"],\"articleSection\":[\"Uncategorized\"],\"inLanguage\":\"es\",\"potentialAction\":[{\"@type\":\"CommentAction\",\"name\":\"Comment\",\"target\":[\"https:\/\/noti-america.com\/site\/mexico\/2018\/12\/14\/marina-rescata-a-tres-pescadores-de-altamar\/#respond\"]}]},{\"@type\":\"WebPage\",\"@id\":\"https:\/\/noti-america.com\/site\/mexico\/2018\/12\/14\/marina-rescata-a-tres-pescadores-de-altamar\/\",\"url\":\"https:\/\/noti-america.com\/site\/mexico\/2018\/12\/14\/marina-rescata-a-tres-pescadores-de-altamar\/\",\"name\":\"Marina rescata a tres pescadores de altamar - M\u00e9xico\",\"isPartOf\":{\"@id\":\"https:\/\/noti-america.com\/site\/mexico\/#website\"},\"primaryImageOfPage\":{\"@id\":\"https:\/\/noti-america.com\/site\/mexico\/2018\/12\/14\/marina-rescata-a-tres-pescadores-de-altamar\/#primaryimage\"},\"image\":{\"@id\":\"https:\/\/noti-america.com\/site\/mexico\/2018\/12\/14\/marina-rescata-a-tres-pescadores-de-altamar\/#primaryimage\"},\"thumbnailUrl\":\"https:\/\/noti-america.com\/site\/mexico\/wp-content\/uploads\/sites\/13\/2018\/12\/unnamed-file.jpg\",\"datePublished\":\"2018-12-14T02:31:27+00:00\",\"breadcrumb\":{\"@id\":\"https:\/\/noti-america.com\/site\/mexico\/2018\/12\/14\/marina-rescata-a-tres-pescadores-de-altamar\/#breadcrumb\"},\"inLanguage\":\"es\",\"potentialAction\":[{\"@type\":\"ReadAction\",\"target\":[\"https:\/\/noti-america.com\/site\/mexico\/2018\/12\/14\/marina-rescata-a-tres-pescadores-de-altamar\/\"]}]},{\"@type\":\"ImageObject\",\"inLanguage\":\"es\",\"@id\":\"https:\/\/noti-america.com\/site\/mexico\/2018\/12\/14\/marina-rescata-a-tres-pescadores-de-altamar\/#primaryimage\",\"url\":\"https:\/\/noti-america.com\/site\/mexico\/wp-content\/uploads\/sites\/13\/2018\/12\/unnamed-file.jpg\",\"contentUrl\":\"https:\/\/noti-america.com\/site\/mexico\/wp-content\/uploads\/sites\/13\/2018\/12\/unnamed-file.jpg\",\"width\":799,\"height\":620},{\"@type\":\"BreadcrumbList\",\"@id\":\"https:\/\/noti-america.com\/site\/mexico\/2018\/12\/14\/marina-rescata-a-tres-pescadores-de-altamar\/#breadcrumb\",\"itemListElement\":[{\"@type\":\"ListItem\",\"position\":1,\"name\":\"Portada\",\"item\":\"https:\/\/noti-america.com\/site\/mexico\/\"},{\"@type\":\"ListItem\",\"position\":2,\"name\":\"Marina rescata a tres pescadores de altamar\"}]},{\"@type\":\"WebSite\",\"@id\":\"https:\/\/noti-america.com\/site\/mexico\/#website\",\"url\":\"https:\/\/noti-america.com\/site\/mexico\/\",\"name\":\"M\u00e9xico | Noti-America.com\",\"description\":\"\",\"publisher\":{\"@id\":\"https:\/\/noti-america.com\/site\/mexico\/#organization\"},\"potentialAction\":[{\"@type\":\"SearchAction\",\"target\":{\"@type\":\"EntryPoint\",\"urlTemplate\":\"https:\/\/noti-america.com\/site\/mexico\/?s={search_term_string}\"},\"query-input\":{\"@type\":\"PropertyValueSpecification\",\"valueRequired\":true,\"valueName\":\"search_term_string\"}}],\"inLanguage\":\"es\"},{\"@type\":\"Organization\",\"@id\":\"https:\/\/noti-america.com\/site\/mexico\/#organization\",\"name\":\"Noti-America LLC | M\u00e9xico\",\"url\":\"https:\/\/noti-america.com\/site\/mexico\/\",\"logo\":{\"@type\":\"ImageObject\",\"inLanguage\":\"es\",\"@id\":\"https:\/\/noti-america.com\/site\/mexico\/#\/schema\/logo\/image\/\",\"url\":\"https:\/\/noti-america.com\/site\/mexico\/wp-content\/uploads\/sites\/13\/2020\/07\/LogoNA-4x3-1.jpg\",\"contentUrl\":\"https:\/\/noti-america.com\/site\/mexico\/wp-content\/uploads\/sites\/13\/2020\/07\/LogoNA-4x3-1.jpg\",\"width\":1236,\"height\":1080,\"caption\":\"Noti-America LLC | M\u00e9xico\"},\"image\":{\"@id\":\"https:\/\/noti-america.com\/site\/mexico\/#\/schema\/logo\/image\/\"}},{\"@type\":\"Person\",\"@id\":\"https:\/\/noti-america.com\/site\/mexico\/#\/schema\/person\/db5a6527aaddfc34b3753d557a1292f0\",\"name\":\"Redacci\u00f3n NA-NY\",\"image\":{\"@type\":\"ImageObject\",\"inLanguage\":\"es\",\"@id\":\"https:\/\/secure.gravatar.com\/avatar\/2bd75bb500a8deb1390f777293a9af32d934c46613d2fbac7cceb2aaa2679ae8?s=96&d=mm&r=g\",\"url\":\"https:\/\/secure.gravatar.com\/avatar\/2bd75bb500a8deb1390f777293a9af32d934c46613d2fbac7cceb2aaa2679ae8?s=96&d=mm&r=g\",\"contentUrl\":\"https:\/\/secure.gravatar.com\/avatar\/2bd75bb500a8deb1390f777293a9af32d934c46613d2fbac7cceb2aaa2679ae8?s=96&d=mm&r=g\",\"caption\":\"Redacci\u00f3n NA-NY\"},\"url\":\"https:\/\/noti-america.com\/site\/mexico\/author\/redaccionny\/\"}]}<\/script>\n<!-- \/ Yoast SEO Premium plugin. -->","yoast_head_json":{"title":"Marina rescata a tres pescadores de altamar - M\u00e9xico","robots":{"index":"index","follow":"follow","max-snippet":"max-snippet:-1","max-image-preview":"max-image-preview:large","max-video-preview":"max-video-preview:-1"},"canonical":"https:\/\/noti-america.com\/site\/mexico\/2018\/12\/14\/marina-rescata-a-tres-pescadores-de-altamar\/","og_locale":"es_ES","og_type":"article","og_title":"Marina rescata a tres pescadores de altamar","og_description":"Fuente https:\/\/www.msn.com\/es-mx &nbsp; Tres pescadores originarios de la barra en Ciudad Madero fueron rescatados la tarde de este jueves por la Secretar\u00eda de Marina, luego de haberse quedado varados durante la noche del mi\u00e9rcoles.&#46;&#46;&#46;","og_url":"https:\/\/noti-america.com\/site\/mexico\/2018\/12\/14\/marina-rescata-a-tres-pescadores-de-altamar\/","og_site_name":"M\u00e9xico","article_published_time":"2018-12-14T02:31:27+00:00","og_image":[{"width":799,"height":620,"url":"https:\/\/noti-america.com\/site\/mexico\/wp-content\/uploads\/sites\/13\/2018\/12\/unnamed-file.jpg","type":"image\/jpeg"}],"author":"Redacci\u00f3n NA-NY","twitter_card":"summary_large_image","twitter_misc":{"Escrito por":"Redacci\u00f3n NA-NY","Tiempo estimado de lectura":"1 minuto"},"schema":{"@context":"https:\/\/schema.org","@graph":[{"@type":"Article","@id":"https:\/\/noti-america.com\/site\/mexico\/2018\/12\/14\/marina-rescata-a-tres-pescadores-de-altamar\/#article","isPartOf":{"@id":"https:\/\/noti-america.com\/site\/mexico\/2018\/12\/14\/marina-rescata-a-tres-pescadores-de-altamar\/"},"author":{"name":"Redacci\u00f3n NA-NY","@id":"https:\/\/noti-america.com\/site\/mexico\/#\/schema\/person\/db5a6527aaddfc34b3753d557a1292f0"},"headline":"Marina rescata a tres pescadores de altamar","datePublished":"2018-12-14T02:31:27+00:00","mainEntityOfPage":{"@id":"https:\/\/noti-america.com\/site\/mexico\/2018\/12\/14\/marina-rescata-a-tres-pescadores-de-altamar\/"},"wordCount":128,"commentCount":0,"publisher":{"@id":"https:\/\/noti-america.com\/site\/mexico\/#organization"},"image":{"@id":"https:\/\/noti-america.com\/site\/mexico\/2018\/12\/14\/marina-rescata-a-tres-pescadores-de-altamar\/#primaryimage"},"thumbnailUrl":"https:\/\/noti-america.com\/site\/mexico\/wp-content\/uploads\/sites\/13\/2018\/12\/unnamed-file.jpg","keywords":["Marina rescata a tres pescadores de altamar"],"articleSection":["Uncategorized"],"inLanguage":"es","potentialAction":[{"@type":"CommentAction","name":"Comment","target":["https:\/\/noti-america.com\/site\/mexico\/2018\/12\/14\/marina-rescata-a-tres-pescadores-de-altamar\/#respond"]}]},{"@type":"WebPage","@id":"https:\/\/noti-america.com\/site\/mexico\/2018\/12\/14\/marina-rescata-a-tres-pescadores-de-altamar\/","url":"https:\/\/noti-america.com\/site\/mexico\/2018\/12\/14\/marina-rescata-a-tres-pescadores-de-altamar\/","name":"Marina rescata a tres pescadores de altamar - M\u00e9xico","isPartOf":{"@id":"https:\/\/noti-america.com\/site\/mexico\/#website"},"primaryImageOfPage":{"@id":"https:\/\/noti-america.com\/site\/mexico\/2018\/12\/14\/marina-rescata-a-tres-pescadores-de-altamar\/#primaryimage"},"image":{"@id":"https:\/\/noti-america.com\/site\/mexico\/2018\/12\/14\/marina-rescata-a-tres-pescadores-de-altamar\/#primaryimage"},"thumbnailUrl":"https:\/\/noti-america.com\/site\/mexico\/wp-content\/uploads\/sites\/13\/2018\/12\/unnamed-file.jpg","datePublished":"2018-12-14T02:31:27+00:00","breadcrumb":{"@id":"https:\/\/noti-america.com\/site\/mexico\/2018\/12\/14\/marina-rescata-a-tres-pescadores-de-altamar\/#breadcrumb"},"inLanguage":"es","potentialAction":[{"@type":"ReadAction","target":["https:\/\/noti-america.com\/site\/mexico\/2018\/12\/14\/marina-rescata-a-tres-pescadores-de-altamar\/"]}]},{"@type":"ImageObject","inLanguage":"es","@id":"https:\/\/noti-america.com\/site\/mexico\/2018\/12\/14\/marina-rescata-a-tres-pescadores-de-altamar\/#primaryimage","url":"https:\/\/noti-america.com\/site\/mexico\/wp-content\/uploads\/sites\/13\/2018\/12\/unnamed-file.jpg","contentUrl":"https:\/\/noti-america.com\/site\/mexico\/wp-content\/uploads\/sites\/13\/2018\/12\/unnamed-file.jpg","width":799,"height":620},{"@type":"BreadcrumbList","@id":"https:\/\/noti-america.com\/site\/mexico\/2018\/12\/14\/marina-rescata-a-tres-pescadores-de-altamar\/#breadcrumb","itemListElement":[{"@type":"ListItem","position":1,"name":"Portada","item":"https:\/\/noti-america.com\/site\/mexico\/"},{"@type":"ListItem","position":2,"name":"Marina rescata a tres pescadores de altamar"}]},{"@type":"WebSite","@id":"https:\/\/noti-america.com\/site\/mexico\/#website","url":"https:\/\/noti-america.com\/site\/mexico\/","name":"M\u00e9xico | Noti-America.com","description":"","publisher":{"@id":"https:\/\/noti-america.com\/site\/mexico\/#organization"},"potentialAction":[{"@type":"SearchAction","target":{"@type":"EntryPoint","urlTemplate":"https:\/\/noti-america.com\/site\/mexico\/?s={search_term_string}"},"query-input":{"@type":"PropertyValueSpecification","valueRequired":true,"valueName":"search_term_string"}}],"inLanguage":"es"},{"@type":"Organization","@id":"https:\/\/noti-america.com\/site\/mexico\/#organization","name":"Noti-America LLC | M\u00e9xico","url":"https:\/\/noti-america.com\/site\/mexico\/","logo":{"@type":"ImageObject","inLanguage":"es","@id":"https:\/\/noti-america.com\/site\/mexico\/#\/schema\/logo\/image\/","url":"https:\/\/noti-america.com\/site\/mexico\/wp-content\/uploads\/sites\/13\/2020\/07\/LogoNA-4x3-1.jpg","contentUrl":"https:\/\/noti-america.com\/site\/mexico\/wp-content\/uploads\/sites\/13\/2020\/07\/LogoNA-4x3-1.jpg","width":1236,"height":1080,"caption":"Noti-America LLC | M\u00e9xico"},"image":{"@id":"https:\/\/noti-america.com\/site\/mexico\/#\/schema\/logo\/image\/"}},{"@type":"Person","@id":"https:\/\/noti-america.com\/site\/mexico\/#\/schema\/person\/db5a6527aaddfc34b3753d557a1292f0","name":"Redacci\u00f3n NA-NY","image":{"@type":"ImageObject","inLanguage":"es","@id":"https:\/\/secure.gravatar.com\/avatar\/2bd75bb500a8deb1390f777293a9af32d934c46613d2fbac7cceb2aaa2679ae8?s=96&d=mm&r=g","url":"https:\/\/secure.gravatar.com\/avatar\/2bd75bb500a8deb1390f777293a9af32d934c46613d2fbac7cceb2aaa2679ae8?s=96&d=mm&r=g","contentUrl":"https:\/\/secure.gravatar.com\/avatar\/2bd75bb500a8deb1390f777293a9af32d934c46613d2fbac7cceb2aaa2679ae8?s=96&d=mm&r=g","caption":"Redacci\u00f3n NA-NY"},"url":"https:\/\/noti-america.com\/site\/mexico\/author\/redaccionny\/"}]}},"_links":{"self":[{"href":"https:\/\/noti-america.com\/site\/mexico\/wp-json\/wp\/v2\/posts\/1594","targetHints":{"allow":["GET"]}}],"collection":[{"href":"https:\/\/noti-america.com\/site\/mexico\/wp-json\/wp\/v2\/posts"}],"about":[{"href":"https:\/\/noti-america.com\/site\/mexico\/wp-json\/wp\/v2\/types\/post"}],"author":[{"embeddable":true,"href":"https:\/\/noti-america.com\/site\/mexico\/wp-json\/wp\/v2\/users\/28"}],"replies":[{"embeddable":true,"href":"https:\/\/noti-america.com\/site\/mexico\/wp-json\/wp\/v2\/comments?post=1594"}],"version-history":[{"count":1,"href":"https:\/\/noti-america.com\/site\/mexico\/wp-json\/wp\/v2\/posts\/1594\/revisions"}],"predecessor-version":[{"id":1596,"href":"https:\/\/noti-america.com\/site\/mexico\/wp-json\/wp\/v2\/posts\/1594\/revisions\/1596"}],"wp:featuredmedia":[{"embeddable":true,"href":"https:\/\/noti-america.com\/site\/mexico\/wp-json\/wp\/v2\/media\/1595"}],"wp:attachment":[{"href":"https:\/\/noti-america.com\/site\/mexico\/wp-json\/wp\/v2\/media?parent=1594"}],"wp:term":[{"taxonomy":"category","embeddable":true,"href":"https:\/\/noti-america.com\/site\/mexico\/wp-json\/wp\/v2\/categories?post=1594"},{"taxonomy":"post_tag","embeddable":true,"href":"https:\/\/noti-america.com\/site\/mexico\/wp-json\/wp\/v2\/tags?post=1594"}],"curies":[{"name":"wp","href":"https:\/\/api.w.org\/{rel}","templated":true}]}}