{"id":1591,"date":"2018-12-14T02:28:48","date_gmt":"2018-12-14T02:28:48","guid":{"rendered":"http:\/\/noti-america.com\/site\/mexico\/?p=1591"},"modified":"2018-12-14T02:28:48","modified_gmt":"2018-12-14T02:28:48","slug":"morena-expulsa-a-juan-zepeda-de-la-comision-de-justicia-del-senado","status":"publish","type":"post","link":"https:\/\/noti-america.com\/site\/mexico\/2018\/12\/14\/morena-expulsa-a-juan-zepeda-de-la-comision-de-justicia-del-senado\/","title":{"rendered":"Morena expulsa a Juan Zepeda de la Comisi\u00f3n de Justicia del Senado"},"content":{"rendered":"<p><img loading=\"lazy\" decoding=\"async\" class=\"alignnone  wp-image-1592 aligncenter\" src=\"http:\/\/noti-america.com\/site\/mexico\/wp-content\/uploads\/sites\/13\/2018\/12\/Morena-300x185.jpg\" alt=\"\" width=\"579\" height=\"357\" srcset=\"https:\/\/noti-america.com\/site\/mexico\/wp-content\/uploads\/sites\/13\/2018\/12\/Morena-300x185.jpg 300w, https:\/\/noti-america.com\/site\/mexico\/wp-content\/uploads\/sites\/13\/2018\/12\/Morena-768x473.jpg 768w, https:\/\/noti-america.com\/site\/mexico\/wp-content\/uploads\/sites\/13\/2018\/12\/Morena.jpg 799w\" sizes=\"auto, (max-width: 579px) 100vw, 579px\" \/><\/p>\n<h3><strong>Fuente:\u00a0 https:\/\/www.msn.com\/es-mx\/noticias\/mexico<\/strong><\/h3>\n<p>&nbsp;<\/p>\n<p>Tras un supuesto acuerdo, el grupo parlamentario de Morena en el Senado, dej\u00f3 fuera de la Comisi\u00f3n de Justicia, al senador Juan Zepeda (PRD), lo que ocasiono un diferendo entre el grupo mayoritario y la oposici\u00f3n conformada por el PAN, PRI, MC y el sol azteca.<\/p>\n<p>Al iniciar la sesi\u00f3n, la Mesa Directiva inform\u00f3 que el senador Juan Zepeda dejar\u00eda la Comisi\u00f3n de Justicia, y que en su lugar quedar\u00eda la senadora Luc\u00eda Meza de Morena.<\/p>\n<p>Zepeda dijo que este tipo de atropellos son constantes por parte de la bancada mayoritaria, y se\u00f1al\u00f3 que su salida de dicha comisi\u00f3n puede ser por la pr\u00f3xima discusi\u00f3n de la terna para ocupar la vacante de la Suprema Corte de Justicia de la Naci\u00f3n (SCJN).<\/p>\n<p>\u00abSe subi\u00f3 un acuerdo de la Junta de Coordinaci\u00f3n Pol\u00edtica donde faltan firmas (\u2026) Enmarcado esto en otra de sus mentiras, en otra de sus arbitrariedades. Nada les costaba solamente especificar a m\u00ed que yo me salgo o me sacan de la comisi\u00f3n de justicia y que meten a una senadora de ustedes pero siempre simulando los marcan que uno se sale de la comisi\u00f3n de estudios legislativos de su grupo. Para que la ciudadan\u00eda entienda. Es el inter\u00e9s de sacar a su ministro carnal\u00bb, a\u00f1adi\u00f3.<\/p>\n<p>El coordinador de Morena, Ricardo Monreal, ofreci\u00f3 una disculpa y propuso una reuni\u00f3n de la Junta de Coordinaci\u00f3n Pol\u00edtica, para encontrarle una salida al tema.<\/p>\n<p>Gustavo Madero senador del PAN, afirm\u00f3 que si bien reconocen los votos que obtuvo Morena el 1 de julio, sugiri\u00f3 que lo mejor ser\u00eda que el tema no solo lo discutiera entre los coordinadores, sino todos los integrantes de la Junta de Coordinaci\u00f3n Pol\u00edtica, \u00abhay una sobre representaci\u00f3n del grupo mayoritario y debe discutirse, sin hacer sesiones de papel, sino que se convoque a una reuni\u00f3n de la Junta\u00bb, asent\u00f3.<\/p>\n<p>Jorge Carlos Ram\u00edrez Mar\u00edn del PRI, se\u00f1al\u00f3 que no se pueden tomar como un asunto cualquiera el que se saque a alguien de una comisi\u00f3n sin consultar y consensuar, \u00abno es Juan Zepeda, es el Senado de la Rep\u00fablica, y si estiman que es de la Rep\u00fablica, tendr\u00e1n que revocar este acuerdo. Apresurarnos, imponer, avasallar, pasar por encima del otro, solo nos va a llevar a la confrontaci\u00f3n, y eso no es bueno\u00bb.<\/p>\n<p>&nbsp;<\/p>\n","protected":false},"excerpt":{"rendered":"<p>Fuente:\u00a0 https:\/\/www.msn.com\/es-mx\/noticias\/mexico &nbsp; Tras un supuesto acuerdo, el grupo parlamentario de Morena en el Senado, dej\u00f3 fuera de la Comisi\u00f3n de Justicia, al senador Juan Zepeda (PRD), lo que ocasiono un diferendo entre el&#46;&#46;&#46;<\/p>\n","protected":false},"author":28,"featured_media":1592,"comment_status":"open","ping_status":"open","sticky":false,"template":"","format":"standard","meta":{"_acf_changed":false,"om_disable_all_campaigns":false,"rop_custom_images_group":[],"rop_custom_messages_group":[],"rop_publish_now":"initial","rop_publish_now_accounts":{"twitter_242054905_242054905":""},"rop_publish_now_history":[],"rop_publish_now_status":"pending","_uf_show_specific_survey":0,"_uf_disable_surveys":false,"footnotes":""},"categories":[1],"tags":[75],"class_list":["post-1591","post","type-post","status-publish","format-standard","has-post-thumbnail","hentry","category-uncategorized","tag-morena-expulsa-a-juan-zepeda-de-la-comision-de-justicia-del-senado"],"acf":[],"aioseo_notices":[],"yoast_head":"<!-- This site is optimized with the Yoast SEO Premium plugin v24.9 (Yoast SEO v27.2) - https:\/\/yoast.com\/product\/yoast-seo-premium-wordpress\/ -->\n<title>Morena expulsa a Juan Zepeda de la Comisi\u00f3n de Justicia del Senado - M\u00e9xico<\/title>\n<meta name=\"robots\" content=\"index, follow, max-snippet:-1, max-image-preview:large, max-video-preview:-1\" \/>\n<link rel=\"canonical\" href=\"https:\/\/noti-america.com\/site\/mexico\/2018\/12\/14\/morena-expulsa-a-juan-zepeda-de-la-comision-de-justicia-del-senado\/\" \/>\n<meta property=\"og:locale\" content=\"es_ES\" \/>\n<meta property=\"og:type\" content=\"article\" \/>\n<meta property=\"og:title\" content=\"Morena expulsa a Juan Zepeda de la Comisi\u00f3n de Justicia del Senado\" \/>\n<meta property=\"og:description\" content=\"Fuente:\u00a0 https:\/\/www.msn.com\/es-mx\/noticias\/mexico &nbsp; Tras un supuesto acuerdo, el grupo parlamentario de Morena en el Senado, dej\u00f3 fuera de la Comisi\u00f3n de Justicia, al senador Juan Zepeda (PRD), lo que ocasiono un diferendo entre el&#046;&#046;&#046;\" \/>\n<meta property=\"og:url\" content=\"https:\/\/noti-america.com\/site\/mexico\/2018\/12\/14\/morena-expulsa-a-juan-zepeda-de-la-comision-de-justicia-del-senado\/\" \/>\n<meta property=\"og:site_name\" content=\"M\u00e9xico\" \/>\n<meta property=\"article:published_time\" content=\"2018-12-14T02:28:48+00:00\" \/>\n<meta property=\"og:image\" content=\"https:\/\/noti-america.com\/site\/mexico\/wp-content\/uploads\/sites\/13\/2018\/12\/Morena.jpg\" \/>\n\t<meta property=\"og:image:width\" content=\"799\" \/>\n\t<meta property=\"og:image:height\" content=\"492\" \/>\n\t<meta property=\"og:image:type\" content=\"image\/jpeg\" \/>\n<meta name=\"author\" content=\"Redacci\u00f3n NA-NY\" \/>\n<meta name=\"twitter:card\" content=\"summary_large_image\" \/>\n<meta name=\"twitter:label1\" content=\"Escrito por\" \/>\n\t<meta name=\"twitter:data1\" content=\"Redacci\u00f3n NA-NY\" \/>\n\t<meta name=\"twitter:label2\" content=\"Tiempo estimado de lectura\" \/>\n\t<meta name=\"twitter:data2\" content=\"2 minutos\" \/>\n<script type=\"application\/ld+json\" class=\"yoast-schema-graph\">{\"@context\":\"https:\/\/schema.org\",\"@graph\":[{\"@type\":\"Article\",\"@id\":\"https:\/\/noti-america.com\/site\/mexico\/2018\/12\/14\/morena-expulsa-a-juan-zepeda-de-la-comision-de-justicia-del-senado\/#article\",\"isPartOf\":{\"@id\":\"https:\/\/noti-america.com\/site\/mexico\/2018\/12\/14\/morena-expulsa-a-juan-zepeda-de-la-comision-de-justicia-del-senado\/\"},\"author\":{\"name\":\"Redacci\u00f3n NA-NY\",\"@id\":\"https:\/\/noti-america.com\/site\/mexico\/#\/schema\/person\/db5a6527aaddfc34b3753d557a1292f0\"},\"headline\":\"Morena expulsa a Juan Zepeda de la Comisi\u00f3n de Justicia del Senado\",\"datePublished\":\"2018-12-14T02:28:48+00:00\",\"mainEntityOfPage\":{\"@id\":\"https:\/\/noti-america.com\/site\/mexico\/2018\/12\/14\/morena-expulsa-a-juan-zepeda-de-la-comision-de-justicia-del-senado\/\"},\"wordCount\":432,\"commentCount\":0,\"publisher\":{\"@id\":\"https:\/\/noti-america.com\/site\/mexico\/#organization\"},\"image\":{\"@id\":\"https:\/\/noti-america.com\/site\/mexico\/2018\/12\/14\/morena-expulsa-a-juan-zepeda-de-la-comision-de-justicia-del-senado\/#primaryimage\"},\"thumbnailUrl\":\"https:\/\/noti-america.com\/site\/mexico\/wp-content\/uploads\/sites\/13\/2018\/12\/Morena.jpg\",\"keywords\":[\"Morena expulsa a Juan Zepeda de la Comisi\u00f3n de Justicia del Senado\"],\"articleSection\":[\"Uncategorized\"],\"inLanguage\":\"es\",\"potentialAction\":[{\"@type\":\"CommentAction\",\"name\":\"Comment\",\"target\":[\"https:\/\/noti-america.com\/site\/mexico\/2018\/12\/14\/morena-expulsa-a-juan-zepeda-de-la-comision-de-justicia-del-senado\/#respond\"]}]},{\"@type\":\"WebPage\",\"@id\":\"https:\/\/noti-america.com\/site\/mexico\/2018\/12\/14\/morena-expulsa-a-juan-zepeda-de-la-comision-de-justicia-del-senado\/\",\"url\":\"https:\/\/noti-america.com\/site\/mexico\/2018\/12\/14\/morena-expulsa-a-juan-zepeda-de-la-comision-de-justicia-del-senado\/\",\"name\":\"Morena expulsa a Juan Zepeda de la Comisi\u00f3n de Justicia del Senado - M\u00e9xico\",\"isPartOf\":{\"@id\":\"https:\/\/noti-america.com\/site\/mexico\/#website\"},\"primaryImageOfPage\":{\"@id\":\"https:\/\/noti-america.com\/site\/mexico\/2018\/12\/14\/morena-expulsa-a-juan-zepeda-de-la-comision-de-justicia-del-senado\/#primaryimage\"},\"image\":{\"@id\":\"https:\/\/noti-america.com\/site\/mexico\/2018\/12\/14\/morena-expulsa-a-juan-zepeda-de-la-comision-de-justicia-del-senado\/#primaryimage\"},\"thumbnailUrl\":\"https:\/\/noti-america.com\/site\/mexico\/wp-content\/uploads\/sites\/13\/2018\/12\/Morena.jpg\",\"datePublished\":\"2018-12-14T02:28:48+00:00\",\"breadcrumb\":{\"@id\":\"https:\/\/noti-america.com\/site\/mexico\/2018\/12\/14\/morena-expulsa-a-juan-zepeda-de-la-comision-de-justicia-del-senado\/#breadcrumb\"},\"inLanguage\":\"es\",\"potentialAction\":[{\"@type\":\"ReadAction\",\"target\":[\"https:\/\/noti-america.com\/site\/mexico\/2018\/12\/14\/morena-expulsa-a-juan-zepeda-de-la-comision-de-justicia-del-senado\/\"]}]},{\"@type\":\"ImageObject\",\"inLanguage\":\"es\",\"@id\":\"https:\/\/noti-america.com\/site\/mexico\/2018\/12\/14\/morena-expulsa-a-juan-zepeda-de-la-comision-de-justicia-del-senado\/#primaryimage\",\"url\":\"https:\/\/noti-america.com\/site\/mexico\/wp-content\/uploads\/sites\/13\/2018\/12\/Morena.jpg\",\"contentUrl\":\"https:\/\/noti-america.com\/site\/mexico\/wp-content\/uploads\/sites\/13\/2018\/12\/Morena.jpg\",\"width\":799,\"height\":492},{\"@type\":\"BreadcrumbList\",\"@id\":\"https:\/\/noti-america.com\/site\/mexico\/2018\/12\/14\/morena-expulsa-a-juan-zepeda-de-la-comision-de-justicia-del-senado\/#breadcrumb\",\"itemListElement\":[{\"@type\":\"ListItem\",\"position\":1,\"name\":\"Portada\",\"item\":\"https:\/\/noti-america.com\/site\/mexico\/\"},{\"@type\":\"ListItem\",\"position\":2,\"name\":\"Morena expulsa a Juan Zepeda de la Comisi\u00f3n de Justicia del Senado\"}]},{\"@type\":\"WebSite\",\"@id\":\"https:\/\/noti-america.com\/site\/mexico\/#website\",\"url\":\"https:\/\/noti-america.com\/site\/mexico\/\",\"name\":\"M\u00e9xico | Noti-America.com\",\"description\":\"\",\"publisher\":{\"@id\":\"https:\/\/noti-america.com\/site\/mexico\/#organization\"},\"potentialAction\":[{\"@type\":\"SearchAction\",\"target\":{\"@type\":\"EntryPoint\",\"urlTemplate\":\"https:\/\/noti-america.com\/site\/mexico\/?s={search_term_string}\"},\"query-input\":{\"@type\":\"PropertyValueSpecification\",\"valueRequired\":true,\"valueName\":\"search_term_string\"}}],\"inLanguage\":\"es\"},{\"@type\":\"Organization\",\"@id\":\"https:\/\/noti-america.com\/site\/mexico\/#organization\",\"name\":\"Noti-America LLC | M\u00e9xico\",\"url\":\"https:\/\/noti-america.com\/site\/mexico\/\",\"logo\":{\"@type\":\"ImageObject\",\"inLanguage\":\"es\",\"@id\":\"https:\/\/noti-america.com\/site\/mexico\/#\/schema\/logo\/image\/\",\"url\":\"https:\/\/noti-america.com\/site\/mexico\/wp-content\/uploads\/sites\/13\/2020\/07\/LogoNA-4x3-1.jpg\",\"contentUrl\":\"https:\/\/noti-america.com\/site\/mexico\/wp-content\/uploads\/sites\/13\/2020\/07\/LogoNA-4x3-1.jpg\",\"width\":1236,\"height\":1080,\"caption\":\"Noti-America LLC | M\u00e9xico\"},\"image\":{\"@id\":\"https:\/\/noti-america.com\/site\/mexico\/#\/schema\/logo\/image\/\"}},{\"@type\":\"Person\",\"@id\":\"https:\/\/noti-america.com\/site\/mexico\/#\/schema\/person\/db5a6527aaddfc34b3753d557a1292f0\",\"name\":\"Redacci\u00f3n NA-NY\",\"image\":{\"@type\":\"ImageObject\",\"inLanguage\":\"es\",\"@id\":\"https:\/\/secure.gravatar.com\/avatar\/2bd75bb500a8deb1390f777293a9af32d934c46613d2fbac7cceb2aaa2679ae8?s=96&d=mm&r=g\",\"url\":\"https:\/\/secure.gravatar.com\/avatar\/2bd75bb500a8deb1390f777293a9af32d934c46613d2fbac7cceb2aaa2679ae8?s=96&d=mm&r=g\",\"contentUrl\":\"https:\/\/secure.gravatar.com\/avatar\/2bd75bb500a8deb1390f777293a9af32d934c46613d2fbac7cceb2aaa2679ae8?s=96&d=mm&r=g\",\"caption\":\"Redacci\u00f3n NA-NY\"},\"url\":\"https:\/\/noti-america.com\/site\/mexico\/author\/redaccionny\/\"}]}<\/script>\n<!-- \/ Yoast SEO Premium plugin. -->","yoast_head_json":{"title":"Morena expulsa a Juan Zepeda de la Comisi\u00f3n de Justicia del Senado - M\u00e9xico","robots":{"index":"index","follow":"follow","max-snippet":"max-snippet:-1","max-image-preview":"max-image-preview:large","max-video-preview":"max-video-preview:-1"},"canonical":"https:\/\/noti-america.com\/site\/mexico\/2018\/12\/14\/morena-expulsa-a-juan-zepeda-de-la-comision-de-justicia-del-senado\/","og_locale":"es_ES","og_type":"article","og_title":"Morena expulsa a Juan Zepeda de la Comisi\u00f3n de Justicia del Senado","og_description":"Fuente:\u00a0 https:\/\/www.msn.com\/es-mx\/noticias\/mexico &nbsp; Tras un supuesto acuerdo, el grupo parlamentario de Morena en el Senado, dej\u00f3 fuera de la Comisi\u00f3n de Justicia, al senador Juan Zepeda (PRD), lo que ocasiono un diferendo entre el&#46;&#46;&#46;","og_url":"https:\/\/noti-america.com\/site\/mexico\/2018\/12\/14\/morena-expulsa-a-juan-zepeda-de-la-comision-de-justicia-del-senado\/","og_site_name":"M\u00e9xico","article_published_time":"2018-12-14T02:28:48+00:00","og_image":[{"width":799,"height":492,"url":"https:\/\/noti-america.com\/site\/mexico\/wp-content\/uploads\/sites\/13\/2018\/12\/Morena.jpg","type":"image\/jpeg"}],"author":"Redacci\u00f3n NA-NY","twitter_card":"summary_large_image","twitter_misc":{"Escrito por":"Redacci\u00f3n NA-NY","Tiempo estimado de lectura":"2 minutos"},"schema":{"@context":"https:\/\/schema.org","@graph":[{"@type":"Article","@id":"https:\/\/noti-america.com\/site\/mexico\/2018\/12\/14\/morena-expulsa-a-juan-zepeda-de-la-comision-de-justicia-del-senado\/#article","isPartOf":{"@id":"https:\/\/noti-america.com\/site\/mexico\/2018\/12\/14\/morena-expulsa-a-juan-zepeda-de-la-comision-de-justicia-del-senado\/"},"author":{"name":"Redacci\u00f3n NA-NY","@id":"https:\/\/noti-america.com\/site\/mexico\/#\/schema\/person\/db5a6527aaddfc34b3753d557a1292f0"},"headline":"Morena expulsa a Juan Zepeda de la Comisi\u00f3n de Justicia del Senado","datePublished":"2018-12-14T02:28:48+00:00","mainEntityOfPage":{"@id":"https:\/\/noti-america.com\/site\/mexico\/2018\/12\/14\/morena-expulsa-a-juan-zepeda-de-la-comision-de-justicia-del-senado\/"},"wordCount":432,"commentCount":0,"publisher":{"@id":"https:\/\/noti-america.com\/site\/mexico\/#organization"},"image":{"@id":"https:\/\/noti-america.com\/site\/mexico\/2018\/12\/14\/morena-expulsa-a-juan-zepeda-de-la-comision-de-justicia-del-senado\/#primaryimage"},"thumbnailUrl":"https:\/\/noti-america.com\/site\/mexico\/wp-content\/uploads\/sites\/13\/2018\/12\/Morena.jpg","keywords":["Morena expulsa a Juan Zepeda de la Comisi\u00f3n de Justicia del Senado"],"articleSection":["Uncategorized"],"inLanguage":"es","potentialAction":[{"@type":"CommentAction","name":"Comment","target":["https:\/\/noti-america.com\/site\/mexico\/2018\/12\/14\/morena-expulsa-a-juan-zepeda-de-la-comision-de-justicia-del-senado\/#respond"]}]},{"@type":"WebPage","@id":"https:\/\/noti-america.com\/site\/mexico\/2018\/12\/14\/morena-expulsa-a-juan-zepeda-de-la-comision-de-justicia-del-senado\/","url":"https:\/\/noti-america.com\/site\/mexico\/2018\/12\/14\/morena-expulsa-a-juan-zepeda-de-la-comision-de-justicia-del-senado\/","name":"Morena expulsa a Juan Zepeda de la Comisi\u00f3n de Justicia del Senado - M\u00e9xico","isPartOf":{"@id":"https:\/\/noti-america.com\/site\/mexico\/#website"},"primaryImageOfPage":{"@id":"https:\/\/noti-america.com\/site\/mexico\/2018\/12\/14\/morena-expulsa-a-juan-zepeda-de-la-comision-de-justicia-del-senado\/#primaryimage"},"image":{"@id":"https:\/\/noti-america.com\/site\/mexico\/2018\/12\/14\/morena-expulsa-a-juan-zepeda-de-la-comision-de-justicia-del-senado\/#primaryimage"},"thumbnailUrl":"https:\/\/noti-america.com\/site\/mexico\/wp-content\/uploads\/sites\/13\/2018\/12\/Morena.jpg","datePublished":"2018-12-14T02:28:48+00:00","breadcrumb":{"@id":"https:\/\/noti-america.com\/site\/mexico\/2018\/12\/14\/morena-expulsa-a-juan-zepeda-de-la-comision-de-justicia-del-senado\/#breadcrumb"},"inLanguage":"es","potentialAction":[{"@type":"ReadAction","target":["https:\/\/noti-america.com\/site\/mexico\/2018\/12\/14\/morena-expulsa-a-juan-zepeda-de-la-comision-de-justicia-del-senado\/"]}]},{"@type":"ImageObject","inLanguage":"es","@id":"https:\/\/noti-america.com\/site\/mexico\/2018\/12\/14\/morena-expulsa-a-juan-zepeda-de-la-comision-de-justicia-del-senado\/#primaryimage","url":"https:\/\/noti-america.com\/site\/mexico\/wp-content\/uploads\/sites\/13\/2018\/12\/Morena.jpg","contentUrl":"https:\/\/noti-america.com\/site\/mexico\/wp-content\/uploads\/sites\/13\/2018\/12\/Morena.jpg","width":799,"height":492},{"@type":"BreadcrumbList","@id":"https:\/\/noti-america.com\/site\/mexico\/2018\/12\/14\/morena-expulsa-a-juan-zepeda-de-la-comision-de-justicia-del-senado\/#breadcrumb","itemListElement":[{"@type":"ListItem","position":1,"name":"Portada","item":"https:\/\/noti-america.com\/site\/mexico\/"},{"@type":"ListItem","position":2,"name":"Morena expulsa a Juan Zepeda de la Comisi\u00f3n de Justicia del Senado"}]},{"@type":"WebSite","@id":"https:\/\/noti-america.com\/site\/mexico\/#website","url":"https:\/\/noti-america.com\/site\/mexico\/","name":"M\u00e9xico | Noti-America.com","description":"","publisher":{"@id":"https:\/\/noti-america.com\/site\/mexico\/#organization"},"potentialAction":[{"@type":"SearchAction","target":{"@type":"EntryPoint","urlTemplate":"https:\/\/noti-america.com\/site\/mexico\/?s={search_term_string}"},"query-input":{"@type":"PropertyValueSpecification","valueRequired":true,"valueName":"search_term_string"}}],"inLanguage":"es"},{"@type":"Organization","@id":"https:\/\/noti-america.com\/site\/mexico\/#organization","name":"Noti-America LLC | M\u00e9xico","url":"https:\/\/noti-america.com\/site\/mexico\/","logo":{"@type":"ImageObject","inLanguage":"es","@id":"https:\/\/noti-america.com\/site\/mexico\/#\/schema\/logo\/image\/","url":"https:\/\/noti-america.com\/site\/mexico\/wp-content\/uploads\/sites\/13\/2020\/07\/LogoNA-4x3-1.jpg","contentUrl":"https:\/\/noti-america.com\/site\/mexico\/wp-content\/uploads\/sites\/13\/2020\/07\/LogoNA-4x3-1.jpg","width":1236,"height":1080,"caption":"Noti-America LLC | M\u00e9xico"},"image":{"@id":"https:\/\/noti-america.com\/site\/mexico\/#\/schema\/logo\/image\/"}},{"@type":"Person","@id":"https:\/\/noti-america.com\/site\/mexico\/#\/schema\/person\/db5a6527aaddfc34b3753d557a1292f0","name":"Redacci\u00f3n NA-NY","image":{"@type":"ImageObject","inLanguage":"es","@id":"https:\/\/secure.gravatar.com\/avatar\/2bd75bb500a8deb1390f777293a9af32d934c46613d2fbac7cceb2aaa2679ae8?s=96&d=mm&r=g","url":"https:\/\/secure.gravatar.com\/avatar\/2bd75bb500a8deb1390f777293a9af32d934c46613d2fbac7cceb2aaa2679ae8?s=96&d=mm&r=g","contentUrl":"https:\/\/secure.gravatar.com\/avatar\/2bd75bb500a8deb1390f777293a9af32d934c46613d2fbac7cceb2aaa2679ae8?s=96&d=mm&r=g","caption":"Redacci\u00f3n NA-NY"},"url":"https:\/\/noti-america.com\/site\/mexico\/author\/redaccionny\/"}]}},"_links":{"self":[{"href":"https:\/\/noti-america.com\/site\/mexico\/wp-json\/wp\/v2\/posts\/1591","targetHints":{"allow":["GET"]}}],"collection":[{"href":"https:\/\/noti-america.com\/site\/mexico\/wp-json\/wp\/v2\/posts"}],"about":[{"href":"https:\/\/noti-america.com\/site\/mexico\/wp-json\/wp\/v2\/types\/post"}],"author":[{"embeddable":true,"href":"https:\/\/noti-america.com\/site\/mexico\/wp-json\/wp\/v2\/users\/28"}],"replies":[{"embeddable":true,"href":"https:\/\/noti-america.com\/site\/mexico\/wp-json\/wp\/v2\/comments?post=1591"}],"version-history":[{"count":1,"href":"https:\/\/noti-america.com\/site\/mexico\/wp-json\/wp\/v2\/posts\/1591\/revisions"}],"predecessor-version":[{"id":1593,"href":"https:\/\/noti-america.com\/site\/mexico\/wp-json\/wp\/v2\/posts\/1591\/revisions\/1593"}],"wp:featuredmedia":[{"embeddable":true,"href":"https:\/\/noti-america.com\/site\/mexico\/wp-json\/wp\/v2\/media\/1592"}],"wp:attachment":[{"href":"https:\/\/noti-america.com\/site\/mexico\/wp-json\/wp\/v2\/media?parent=1591"}],"wp:term":[{"taxonomy":"category","embeddable":true,"href":"https:\/\/noti-america.com\/site\/mexico\/wp-json\/wp\/v2\/categories?post=1591"},{"taxonomy":"post_tag","embeddable":true,"href":"https:\/\/noti-america.com\/site\/mexico\/wp-json\/wp\/v2\/tags?post=1591"}],"curies":[{"name":"wp","href":"https:\/\/api.w.org\/{rel}","templated":true}]}}