{"id":15557,"date":"2025-06-24T16:52:58","date_gmt":"2025-06-24T16:52:58","guid":{"rendered":"https:\/\/noti-america.com\/site\/mexico\/?p=15557"},"modified":"2025-06-24T16:52:58","modified_gmt":"2025-06-24T16:52:58","slug":"bill-murray-recito-poesia-en-el-escenario-del-liceu-de-barcelona","status":"publish","type":"post","link":"https:\/\/noti-america.com\/site\/mexico\/2025\/06\/24\/bill-murray-recito-poesia-en-el-escenario-del-liceu-de-barcelona\/","title":{"rendered":"Bill Murray recit\u00f3 poes\u00eda en el escenario del Liceu de Barcelona"},"content":{"rendered":"<p>NOTI-AMERICA.COM | M\u00c9XICO<\/p>\n<p style=\"text-align: justify\">El veterano actor norteamericano Bill Murray, protagonista de pel\u00edculas como \u00abLost in traslation\u00bb o \u00abCazafantasmas\u00bb, se subi\u00f3 este s\u00e1bado al escenario del Gran Teatro del Liceu de Barcelona para presentar el espect\u00e1culo &#8216;New Worlds&#8217; en el que ha recitado poes\u00eda acompa\u00f1ado por el chelo del int\u00e9rprete de cl\u00e1sica alem\u00e1n Jan Vogler, la violinista Mira Wang y la pianista Vanessa P\u00e9rez.<\/p>\n<p style=\"text-align: justify\">Se trat\u00f3 de una experiencia \u00fanica, que fusiona m\u00fasica cl\u00e1sica europea y literatura americana de forma creativa, Las entradas pueden adquirirse en la taquilla y la p\u00e1gina web del recinto: Bill Murray, Jan Vogler and friends | Gran Teatre del Liceu. Esta ser\u00e1 la \u00faltima oportunidad para ver la propuesta en Espa\u00f1a, tras haber ya conquistado al p\u00fablico de Madrid, Gran Canaria, Tenerife y Bilbao.<br \/>\nTodas estas actuaciones formaron parte de la programaci\u00f3n del festival canario de artes esc\u00e9nicas Veranos del Taoro, una iniciativa que se desarrolla anualmente en Tenerife y que sigue la l\u00ednea de propuestas como las del Regent\u2019s Park Open Air Theatre de Londres o el Shakespeare in the Park de Nueva York. Tras el \u00e9xito cosechado en a\u00f1os anteriores con la presencia de Isabella Rossellini y John Malkovich, en esta cuarta edici\u00f3n el Festival ha escogido New Worlds con Bill Murray y Jan Vogler, para extender su filosof\u00eda a Madrid, Barcelona, Gran Canaria y Bilbao.<\/p>\n<p style=\"text-align: justify\">Creado y producido por Encaro Factory la cuarta edici\u00f3n del Festival Veranos del Taoro tiene el patrocinio del Gobierno de Canarias, el Cabildo de Tenerife, el Ayuntamiento de Puerto de la Cruz, Lopesan Hotel Group, Coca-Cola y Binter. Colaboran el Centro de Iniciativas y Turismo de Puerto de la Cruz, Asociaci\u00f3n de Desarrollo Empresarial, Pantalla Canaria, Prensa Ib\u00e9rica (El D\u00eda y La Provincia), Ecopress Comunicaciones, Bot\u00e1nica Food&amp;Event, Grupo Compostelana y Linaje del Pago.<\/p>\n<p>&nbsp;<\/p>\n","protected":false},"excerpt":{"rendered":"<p>NOTI-AMERICA.COM | M\u00c9XICO El veterano actor norteamericano Bill Murray, protagonista de pel\u00edculas como \u00abLost in traslation\u00bb o \u00abCazafantasmas\u00bb, se subi\u00f3 este s\u00e1bado al escenario del Gran Teatro del Liceu de Barcelona para presentar el&#46;&#46;&#46;<\/p>\n","protected":false},"author":133,"featured_media":15558,"comment_status":"open","ping_status":"open","sticky":false,"template":"","format":"image","meta":{"_acf_changed":false,"om_disable_all_campaigns":false,"rop_custom_images_group":[],"rop_custom_messages_group":[],"rop_publish_now":"initial","rop_publish_now_accounts":{"twitter_242054905_242054905":""},"rop_publish_now_history":[],"rop_publish_now_status":"pending","_uf_show_specific_survey":0,"_uf_disable_surveys":false,"footnotes":""},"categories":[705],"tags":[],"class_list":["post-15557","post","type-post","status-publish","format-image","has-post-thumbnail","hentry","category-entretenimiento","post_format-post-format-image"],"acf":[],"aioseo_notices":[],"yoast_head":"<!-- This site is optimized with the Yoast SEO Premium plugin v24.9 (Yoast SEO v27.2) - https:\/\/yoast.com\/product\/yoast-seo-premium-wordpress\/ -->\n<title>Bill Murray recit\u00f3 poes\u00eda en el escenario del Liceu de Barcelona - M\u00e9xico<\/title>\n<meta name=\"robots\" content=\"index, follow, max-snippet:-1, max-image-preview:large, max-video-preview:-1\" \/>\n<link rel=\"canonical\" href=\"https:\/\/noti-america.com\/site\/mexico\/2025\/06\/24\/bill-murray-recito-poesia-en-el-escenario-del-liceu-de-barcelona\/\" \/>\n<meta property=\"og:locale\" content=\"es_ES\" \/>\n<meta property=\"og:type\" content=\"article\" \/>\n<meta property=\"og:title\" content=\"Bill Murray recit\u00f3 poes\u00eda en el escenario del Liceu de Barcelona\" \/>\n<meta property=\"og:description\" content=\"NOTI-AMERICA.COM | M\u00c9XICO El veterano actor norteamericano Bill Murray, protagonista de pel\u00edculas como \u00abLost in traslation\u00bb o \u00abCazafantasmas\u00bb, se subi\u00f3 este s\u00e1bado al escenario del Gran Teatro del Liceu de Barcelona para presentar el&#046;&#046;&#046;\" \/>\n<meta property=\"og:url\" content=\"https:\/\/noti-america.com\/site\/mexico\/2025\/06\/24\/bill-murray-recito-poesia-en-el-escenario-del-liceu-de-barcelona\/\" \/>\n<meta property=\"og:site_name\" content=\"M\u00e9xico\" \/>\n<meta property=\"article:author\" content=\"Mar\u00eda Valentina Noguera\" \/>\n<meta property=\"article:published_time\" content=\"2025-06-24T16:52:58+00:00\" \/>\n<meta property=\"og:image\" content=\"https:\/\/noti-america.com\/site\/mexico\/wp-content\/uploads\/sites\/13\/2025\/06\/billmurray-c6d74e.jpeg\" \/>\n\t<meta property=\"og:image:width\" content=\"800\" \/>\n\t<meta property=\"og:image:height\" content=\"500\" \/>\n\t<meta property=\"og:image:type\" content=\"image\/jpeg\" \/>\n<meta name=\"author\" content=\"Maria Valentina Noguera Medina\" \/>\n<meta name=\"twitter:card\" content=\"summary_large_image\" \/>\n<meta name=\"twitter:label1\" content=\"Escrito por\" \/>\n\t<meta name=\"twitter:data1\" content=\"Maria Valentina Noguera Medina\" \/>\n\t<meta name=\"twitter:label2\" content=\"Tiempo estimado de lectura\" \/>\n\t<meta name=\"twitter:data2\" content=\"2 minutos\" \/>\n<script type=\"application\/ld+json\" class=\"yoast-schema-graph\">{\"@context\":\"https:\/\/schema.org\",\"@graph\":[{\"@type\":\"Article\",\"@id\":\"https:\/\/noti-america.com\/site\/mexico\/2025\/06\/24\/bill-murray-recito-poesia-en-el-escenario-del-liceu-de-barcelona\/#article\",\"isPartOf\":{\"@id\":\"https:\/\/noti-america.com\/site\/mexico\/2025\/06\/24\/bill-murray-recito-poesia-en-el-escenario-del-liceu-de-barcelona\/\"},\"author\":{\"name\":\"Maria Valentina Noguera Medina\",\"@id\":\"https:\/\/noti-america.com\/site\/mexico\/#\/schema\/person\/22806efcc2cfc4b45efb0e17be210ea8\"},\"headline\":\"Bill Murray recit\u00f3 poes\u00eda en el escenario del Liceu de Barcelona\",\"datePublished\":\"2025-06-24T16:52:58+00:00\",\"mainEntityOfPage\":{\"@id\":\"https:\/\/noti-america.com\/site\/mexico\/2025\/06\/24\/bill-murray-recito-poesia-en-el-escenario-del-liceu-de-barcelona\/\"},\"wordCount\":336,\"commentCount\":0,\"publisher\":{\"@id\":\"https:\/\/noti-america.com\/site\/mexico\/#organization\"},\"image\":{\"@id\":\"https:\/\/noti-america.com\/site\/mexico\/2025\/06\/24\/bill-murray-recito-poesia-en-el-escenario-del-liceu-de-barcelona\/#primaryimage\"},\"thumbnailUrl\":\"https:\/\/noti-america.com\/site\/mexico\/wp-content\/uploads\/sites\/13\/2025\/06\/billmurray-c6d74e.jpeg\",\"articleSection\":[\"Entretenimiento\"],\"inLanguage\":\"es\",\"potentialAction\":[{\"@type\":\"CommentAction\",\"name\":\"Comment\",\"target\":[\"https:\/\/noti-america.com\/site\/mexico\/2025\/06\/24\/bill-murray-recito-poesia-en-el-escenario-del-liceu-de-barcelona\/#respond\"]}]},{\"@type\":\"WebPage\",\"@id\":\"https:\/\/noti-america.com\/site\/mexico\/2025\/06\/24\/bill-murray-recito-poesia-en-el-escenario-del-liceu-de-barcelona\/\",\"url\":\"https:\/\/noti-america.com\/site\/mexico\/2025\/06\/24\/bill-murray-recito-poesia-en-el-escenario-del-liceu-de-barcelona\/\",\"name\":\"Bill Murray recit\u00f3 poes\u00eda en el escenario del Liceu de Barcelona - M\u00e9xico\",\"isPartOf\":{\"@id\":\"https:\/\/noti-america.com\/site\/mexico\/#website\"},\"primaryImageOfPage\":{\"@id\":\"https:\/\/noti-america.com\/site\/mexico\/2025\/06\/24\/bill-murray-recito-poesia-en-el-escenario-del-liceu-de-barcelona\/#primaryimage\"},\"image\":{\"@id\":\"https:\/\/noti-america.com\/site\/mexico\/2025\/06\/24\/bill-murray-recito-poesia-en-el-escenario-del-liceu-de-barcelona\/#primaryimage\"},\"thumbnailUrl\":\"https:\/\/noti-america.com\/site\/mexico\/wp-content\/uploads\/sites\/13\/2025\/06\/billmurray-c6d74e.jpeg\",\"datePublished\":\"2025-06-24T16:52:58+00:00\",\"breadcrumb\":{\"@id\":\"https:\/\/noti-america.com\/site\/mexico\/2025\/06\/24\/bill-murray-recito-poesia-en-el-escenario-del-liceu-de-barcelona\/#breadcrumb\"},\"inLanguage\":\"es\",\"potentialAction\":[{\"@type\":\"ReadAction\",\"target\":[\"https:\/\/noti-america.com\/site\/mexico\/2025\/06\/24\/bill-murray-recito-poesia-en-el-escenario-del-liceu-de-barcelona\/\"]}]},{\"@type\":\"ImageObject\",\"inLanguage\":\"es\",\"@id\":\"https:\/\/noti-america.com\/site\/mexico\/2025\/06\/24\/bill-murray-recito-poesia-en-el-escenario-del-liceu-de-barcelona\/#primaryimage\",\"url\":\"https:\/\/noti-america.com\/site\/mexico\/wp-content\/uploads\/sites\/13\/2025\/06\/billmurray-c6d74e.jpeg\",\"contentUrl\":\"https:\/\/noti-america.com\/site\/mexico\/wp-content\/uploads\/sites\/13\/2025\/06\/billmurray-c6d74e.jpeg\",\"width\":800,\"height\":500},{\"@type\":\"BreadcrumbList\",\"@id\":\"https:\/\/noti-america.com\/site\/mexico\/2025\/06\/24\/bill-murray-recito-poesia-en-el-escenario-del-liceu-de-barcelona\/#breadcrumb\",\"itemListElement\":[{\"@type\":\"ListItem\",\"position\":1,\"name\":\"Portada\",\"item\":\"https:\/\/noti-america.com\/site\/mexico\/\"},{\"@type\":\"ListItem\",\"position\":2,\"name\":\"Bill Murray recit\u00f3 poes\u00eda en el escenario del Liceu de Barcelona\"}]},{\"@type\":\"WebSite\",\"@id\":\"https:\/\/noti-america.com\/site\/mexico\/#website\",\"url\":\"https:\/\/noti-america.com\/site\/mexico\/\",\"name\":\"M\u00e9xico | Noti-America.com\",\"description\":\"\",\"publisher\":{\"@id\":\"https:\/\/noti-america.com\/site\/mexico\/#organization\"},\"potentialAction\":[{\"@type\":\"SearchAction\",\"target\":{\"@type\":\"EntryPoint\",\"urlTemplate\":\"https:\/\/noti-america.com\/site\/mexico\/?s={search_term_string}\"},\"query-input\":{\"@type\":\"PropertyValueSpecification\",\"valueRequired\":true,\"valueName\":\"search_term_string\"}}],\"inLanguage\":\"es\"},{\"@type\":\"Organization\",\"@id\":\"https:\/\/noti-america.com\/site\/mexico\/#organization\",\"name\":\"Noti-America LLC | M\u00e9xico\",\"url\":\"https:\/\/noti-america.com\/site\/mexico\/\",\"logo\":{\"@type\":\"ImageObject\",\"inLanguage\":\"es\",\"@id\":\"https:\/\/noti-america.com\/site\/mexico\/#\/schema\/logo\/image\/\",\"url\":\"https:\/\/noti-america.com\/site\/mexico\/wp-content\/uploads\/sites\/13\/2020\/07\/LogoNA-4x3-1.jpg\",\"contentUrl\":\"https:\/\/noti-america.com\/site\/mexico\/wp-content\/uploads\/sites\/13\/2020\/07\/LogoNA-4x3-1.jpg\",\"width\":1236,\"height\":1080,\"caption\":\"Noti-America LLC | M\u00e9xico\"},\"image\":{\"@id\":\"https:\/\/noti-america.com\/site\/mexico\/#\/schema\/logo\/image\/\"}},{\"@type\":\"Person\",\"@id\":\"https:\/\/noti-america.com\/site\/mexico\/#\/schema\/person\/22806efcc2cfc4b45efb0e17be210ea8\",\"name\":\"Maria Valentina Noguera Medina\",\"image\":{\"@type\":\"ImageObject\",\"inLanguage\":\"es\",\"@id\":\"https:\/\/secure.gravatar.com\/avatar\/4ec5eb9d099f2608a49c9df6f7341f66f04f819cdffa09d56a7a0e91d2819d56?s=96&d=mm&r=g\",\"url\":\"https:\/\/secure.gravatar.com\/avatar\/4ec5eb9d099f2608a49c9df6f7341f66f04f819cdffa09d56a7a0e91d2819d56?s=96&d=mm&r=g\",\"contentUrl\":\"https:\/\/secure.gravatar.com\/avatar\/4ec5eb9d099f2608a49c9df6f7341f66f04f819cdffa09d56a7a0e91d2819d56?s=96&d=mm&r=g\",\"caption\":\"Maria Valentina Noguera Medina\"},\"description\":\"Periodista - noti-america - Promar Community Manager - Talento Plus Dise\u00f1adora\/ creadora de contenido...\",\"sameAs\":[\"Mar\u00eda Valentina Noguera\",\"https:\/\/www.facebook.com\/mariavalentina.noguera\",\"https:\/\/www.linkedin.com\/in\/mara-valentina-noguera-medina-373075165\/\",\"https:\/\/www.pinterest.es\/valentinanoguera95\/\",\"https:\/\/www.youtube.com\/channel\/UCdek6mbUZ-Tqqw0I63i4nmQ\"],\"url\":\"https:\/\/noti-america.com\/site\/mexico\/author\/mnoguera\/\"}]}<\/script>\n<!-- \/ Yoast SEO Premium plugin. -->","yoast_head_json":{"title":"Bill Murray recit\u00f3 poes\u00eda en el escenario del Liceu de Barcelona - M\u00e9xico","robots":{"index":"index","follow":"follow","max-snippet":"max-snippet:-1","max-image-preview":"max-image-preview:large","max-video-preview":"max-video-preview:-1"},"canonical":"https:\/\/noti-america.com\/site\/mexico\/2025\/06\/24\/bill-murray-recito-poesia-en-el-escenario-del-liceu-de-barcelona\/","og_locale":"es_ES","og_type":"article","og_title":"Bill Murray recit\u00f3 poes\u00eda en el escenario del Liceu de Barcelona","og_description":"NOTI-AMERICA.COM | M\u00c9XICO El veterano actor norteamericano Bill Murray, protagonista de pel\u00edculas como \u00abLost in traslation\u00bb o \u00abCazafantasmas\u00bb, se subi\u00f3 este s\u00e1bado al escenario del Gran Teatro del Liceu de Barcelona para presentar el&#46;&#46;&#46;","og_url":"https:\/\/noti-america.com\/site\/mexico\/2025\/06\/24\/bill-murray-recito-poesia-en-el-escenario-del-liceu-de-barcelona\/","og_site_name":"M\u00e9xico","article_author":"Mar\u00eda Valentina Noguera","article_published_time":"2025-06-24T16:52:58+00:00","og_image":[{"width":800,"height":500,"url":"https:\/\/noti-america.com\/site\/mexico\/wp-content\/uploads\/sites\/13\/2025\/06\/billmurray-c6d74e.jpeg","type":"image\/jpeg"}],"author":"Maria Valentina Noguera Medina","twitter_card":"summary_large_image","twitter_misc":{"Escrito por":"Maria Valentina Noguera Medina","Tiempo estimado de lectura":"2 minutos"},"schema":{"@context":"https:\/\/schema.org","@graph":[{"@type":"Article","@id":"https:\/\/noti-america.com\/site\/mexico\/2025\/06\/24\/bill-murray-recito-poesia-en-el-escenario-del-liceu-de-barcelona\/#article","isPartOf":{"@id":"https:\/\/noti-america.com\/site\/mexico\/2025\/06\/24\/bill-murray-recito-poesia-en-el-escenario-del-liceu-de-barcelona\/"},"author":{"name":"Maria Valentina Noguera Medina","@id":"https:\/\/noti-america.com\/site\/mexico\/#\/schema\/person\/22806efcc2cfc4b45efb0e17be210ea8"},"headline":"Bill Murray recit\u00f3 poes\u00eda en el escenario del Liceu de Barcelona","datePublished":"2025-06-24T16:52:58+00:00","mainEntityOfPage":{"@id":"https:\/\/noti-america.com\/site\/mexico\/2025\/06\/24\/bill-murray-recito-poesia-en-el-escenario-del-liceu-de-barcelona\/"},"wordCount":336,"commentCount":0,"publisher":{"@id":"https:\/\/noti-america.com\/site\/mexico\/#organization"},"image":{"@id":"https:\/\/noti-america.com\/site\/mexico\/2025\/06\/24\/bill-murray-recito-poesia-en-el-escenario-del-liceu-de-barcelona\/#primaryimage"},"thumbnailUrl":"https:\/\/noti-america.com\/site\/mexico\/wp-content\/uploads\/sites\/13\/2025\/06\/billmurray-c6d74e.jpeg","articleSection":["Entretenimiento"],"inLanguage":"es","potentialAction":[{"@type":"CommentAction","name":"Comment","target":["https:\/\/noti-america.com\/site\/mexico\/2025\/06\/24\/bill-murray-recito-poesia-en-el-escenario-del-liceu-de-barcelona\/#respond"]}]},{"@type":"WebPage","@id":"https:\/\/noti-america.com\/site\/mexico\/2025\/06\/24\/bill-murray-recito-poesia-en-el-escenario-del-liceu-de-barcelona\/","url":"https:\/\/noti-america.com\/site\/mexico\/2025\/06\/24\/bill-murray-recito-poesia-en-el-escenario-del-liceu-de-barcelona\/","name":"Bill Murray recit\u00f3 poes\u00eda en el escenario del Liceu de Barcelona - M\u00e9xico","isPartOf":{"@id":"https:\/\/noti-america.com\/site\/mexico\/#website"},"primaryImageOfPage":{"@id":"https:\/\/noti-america.com\/site\/mexico\/2025\/06\/24\/bill-murray-recito-poesia-en-el-escenario-del-liceu-de-barcelona\/#primaryimage"},"image":{"@id":"https:\/\/noti-america.com\/site\/mexico\/2025\/06\/24\/bill-murray-recito-poesia-en-el-escenario-del-liceu-de-barcelona\/#primaryimage"},"thumbnailUrl":"https:\/\/noti-america.com\/site\/mexico\/wp-content\/uploads\/sites\/13\/2025\/06\/billmurray-c6d74e.jpeg","datePublished":"2025-06-24T16:52:58+00:00","breadcrumb":{"@id":"https:\/\/noti-america.com\/site\/mexico\/2025\/06\/24\/bill-murray-recito-poesia-en-el-escenario-del-liceu-de-barcelona\/#breadcrumb"},"inLanguage":"es","potentialAction":[{"@type":"ReadAction","target":["https:\/\/noti-america.com\/site\/mexico\/2025\/06\/24\/bill-murray-recito-poesia-en-el-escenario-del-liceu-de-barcelona\/"]}]},{"@type":"ImageObject","inLanguage":"es","@id":"https:\/\/noti-america.com\/site\/mexico\/2025\/06\/24\/bill-murray-recito-poesia-en-el-escenario-del-liceu-de-barcelona\/#primaryimage","url":"https:\/\/noti-america.com\/site\/mexico\/wp-content\/uploads\/sites\/13\/2025\/06\/billmurray-c6d74e.jpeg","contentUrl":"https:\/\/noti-america.com\/site\/mexico\/wp-content\/uploads\/sites\/13\/2025\/06\/billmurray-c6d74e.jpeg","width":800,"height":500},{"@type":"BreadcrumbList","@id":"https:\/\/noti-america.com\/site\/mexico\/2025\/06\/24\/bill-murray-recito-poesia-en-el-escenario-del-liceu-de-barcelona\/#breadcrumb","itemListElement":[{"@type":"ListItem","position":1,"name":"Portada","item":"https:\/\/noti-america.com\/site\/mexico\/"},{"@type":"ListItem","position":2,"name":"Bill Murray recit\u00f3 poes\u00eda en el escenario del Liceu de Barcelona"}]},{"@type":"WebSite","@id":"https:\/\/noti-america.com\/site\/mexico\/#website","url":"https:\/\/noti-america.com\/site\/mexico\/","name":"M\u00e9xico | Noti-America.com","description":"","publisher":{"@id":"https:\/\/noti-america.com\/site\/mexico\/#organization"},"potentialAction":[{"@type":"SearchAction","target":{"@type":"EntryPoint","urlTemplate":"https:\/\/noti-america.com\/site\/mexico\/?s={search_term_string}"},"query-input":{"@type":"PropertyValueSpecification","valueRequired":true,"valueName":"search_term_string"}}],"inLanguage":"es"},{"@type":"Organization","@id":"https:\/\/noti-america.com\/site\/mexico\/#organization","name":"Noti-America LLC | M\u00e9xico","url":"https:\/\/noti-america.com\/site\/mexico\/","logo":{"@type":"ImageObject","inLanguage":"es","@id":"https:\/\/noti-america.com\/site\/mexico\/#\/schema\/logo\/image\/","url":"https:\/\/noti-america.com\/site\/mexico\/wp-content\/uploads\/sites\/13\/2020\/07\/LogoNA-4x3-1.jpg","contentUrl":"https:\/\/noti-america.com\/site\/mexico\/wp-content\/uploads\/sites\/13\/2020\/07\/LogoNA-4x3-1.jpg","width":1236,"height":1080,"caption":"Noti-America LLC | M\u00e9xico"},"image":{"@id":"https:\/\/noti-america.com\/site\/mexico\/#\/schema\/logo\/image\/"}},{"@type":"Person","@id":"https:\/\/noti-america.com\/site\/mexico\/#\/schema\/person\/22806efcc2cfc4b45efb0e17be210ea8","name":"Maria Valentina Noguera Medina","image":{"@type":"ImageObject","inLanguage":"es","@id":"https:\/\/secure.gravatar.com\/avatar\/4ec5eb9d099f2608a49c9df6f7341f66f04f819cdffa09d56a7a0e91d2819d56?s=96&d=mm&r=g","url":"https:\/\/secure.gravatar.com\/avatar\/4ec5eb9d099f2608a49c9df6f7341f66f04f819cdffa09d56a7a0e91d2819d56?s=96&d=mm&r=g","contentUrl":"https:\/\/secure.gravatar.com\/avatar\/4ec5eb9d099f2608a49c9df6f7341f66f04f819cdffa09d56a7a0e91d2819d56?s=96&d=mm&r=g","caption":"Maria Valentina Noguera Medina"},"description":"Periodista - noti-america - Promar Community Manager - Talento Plus Dise\u00f1adora\/ creadora de contenido...","sameAs":["Mar\u00eda Valentina Noguera","https:\/\/www.facebook.com\/mariavalentina.noguera","https:\/\/www.linkedin.com\/in\/mara-valentina-noguera-medina-373075165\/","https:\/\/www.pinterest.es\/valentinanoguera95\/","https:\/\/www.youtube.com\/channel\/UCdek6mbUZ-Tqqw0I63i4nmQ"],"url":"https:\/\/noti-america.com\/site\/mexico\/author\/mnoguera\/"}]}},"_links":{"self":[{"href":"https:\/\/noti-america.com\/site\/mexico\/wp-json\/wp\/v2\/posts\/15557","targetHints":{"allow":["GET"]}}],"collection":[{"href":"https:\/\/noti-america.com\/site\/mexico\/wp-json\/wp\/v2\/posts"}],"about":[{"href":"https:\/\/noti-america.com\/site\/mexico\/wp-json\/wp\/v2\/types\/post"}],"author":[{"embeddable":true,"href":"https:\/\/noti-america.com\/site\/mexico\/wp-json\/wp\/v2\/users\/133"}],"replies":[{"embeddable":true,"href":"https:\/\/noti-america.com\/site\/mexico\/wp-json\/wp\/v2\/comments?post=15557"}],"version-history":[{"count":1,"href":"https:\/\/noti-america.com\/site\/mexico\/wp-json\/wp\/v2\/posts\/15557\/revisions"}],"predecessor-version":[{"id":15559,"href":"https:\/\/noti-america.com\/site\/mexico\/wp-json\/wp\/v2\/posts\/15557\/revisions\/15559"}],"wp:featuredmedia":[{"embeddable":true,"href":"https:\/\/noti-america.com\/site\/mexico\/wp-json\/wp\/v2\/media\/15558"}],"wp:attachment":[{"href":"https:\/\/noti-america.com\/site\/mexico\/wp-json\/wp\/v2\/media?parent=15557"}],"wp:term":[{"taxonomy":"category","embeddable":true,"href":"https:\/\/noti-america.com\/site\/mexico\/wp-json\/wp\/v2\/categories?post=15557"},{"taxonomy":"post_tag","embeddable":true,"href":"https:\/\/noti-america.com\/site\/mexico\/wp-json\/wp\/v2\/tags?post=15557"}],"curies":[{"name":"wp","href":"https:\/\/api.w.org\/{rel}","templated":true}]}}