{"id":15332,"date":"2025-05-27T14:45:37","date_gmt":"2025-05-27T14:45:37","guid":{"rendered":"https:\/\/noti-america.com\/site\/mexico\/?p=15332"},"modified":"2025-05-27T14:45:37","modified_gmt":"2025-05-27T14:45:37","slug":"arianna-de-jorge-es-la-gran-favorita-para-ganar-el-miss-mundo-latina-little-usa-2025","status":"publish","type":"post","link":"https:\/\/noti-america.com\/site\/mexico\/2025\/05\/27\/arianna-de-jorge-es-la-gran-favorita-para-ganar-el-miss-mundo-latina-little-usa-2025\/","title":{"rendered":"Arianna de Jorge es la gran favorita para ganar el Miss Mundo Latina Little USA 2025"},"content":{"rendered":"<p>NOTI-AMERICA.COM | MEXICO<\/p>\n<p>A sus 16 a\u00f1os, Arianna De Jorge ha demostrado que la pasi\u00f3n, la disciplina y los valores familiares pueden guiar el camino hacia grandes metas. Nacida en Barcelona, Espa\u00f1a, y criada entre Caracas, Venezuela, y Tampa, Florida, Arianna refleja en su historia una mezcla cultural que ha enriquecido su car\u00e1cter y su visi\u00f3n de vida.<\/p>\n<p><strong>De Caracas a Tampa: ra\u00edces que fortalecen su prop\u00f3sito<\/strong><\/p>\n<p>Caracas fue su primer hogar, una ciudad que la vio crecer bajo la protecci\u00f3n del imponente cerro \u00c1vila y donde aprendi\u00f3 a valorar la sencillez y la calidez familiar. A los ocho a\u00f1os, su familia se traslad\u00f3 a Tampa, Florida, un cambio que le abri\u00f3 nuevas oportunidades y le permiti\u00f3 consolidar su identidad.<\/p>\n<p><strong>Un coraz\u00f3n volcado hacia el cuidado y la solidaridad<\/strong><\/p>\n<p>Arianna es la hermana del medio de tres \u201cperolas\u201d, como cari\u00f1osamente las llama su mam\u00e1. Desde peque\u00f1a, su sensibilidad y alegr\u00eda se han manifestado en su deseo de ayudar a otros, especialmente a los ni\u00f1os. Su vocaci\u00f3n la llev\u00f3 a decidir estudiar enfermer\u00eda con especializaci\u00f3n en cuidados neonatales, buscando ser un apoyo fundamental para beb\u00e9s y padres en momentos delicados.<\/p>\n<p>Su compromiso va m\u00e1s all\u00e1 de las palabras: visita orfanatos y centros infantiles para compartir su tiempo y cari\u00f1o, dejando huellas de esperanza y ternura en cada encuentro.<\/p>\n<p><strong>Arte y modelaje, expresiones de autenticidad y crecimiento<\/strong><\/p>\n<p>Apasionada por las artes, Arianna practic\u00f3 flamenco y tap durante a\u00f1os, disciplinas que le ense\u00f1aron constancia y conexi\u00f3n emocional. Adem\u00e1s, desde hace m\u00e1s de cuatro a\u00f1os se ha desarrollado como modelo profesional, entendiendo que esta carrera implica transmitir seguridad, autenticidad y valores a otras j\u00f3venes.<\/p>\n<p>Actualmente, Arianna representa a Florida Central en el certamen Miss Mundo Latina Little, categor\u00eda Teen. M\u00e1s que una competencia, esta plataforma es para ella una oportunidad para inspirar a otras ni\u00f1as a so\u00f1ar en grande y luchar con humildad y disciplina.<\/p>\n<p><strong>Un ejemplo de liderazgo joven y empoderamiento femenino<\/strong><\/p>\n<p>Prepar\u00e1ndose en oratoria, pasarela y liderazgo, Arianna se esfuerza por dejar un legado que vaya m\u00e1s all\u00e1 de una corona. Su inspiraci\u00f3n principal es su madre, quien le ha ense\u00f1ado a mantener la fe y la humildad en cada paso.<\/p>\n<p>Arianna De Jorge es la muestra viva de que con pasi\u00f3n, autenticidad y compromiso, los sue\u00f1os pueden convertirse en realidad. Su mensaje es claro: nunca es tarde para so\u00f1ar ni para luchar por lo que amamos.<\/p>\n","protected":false},"excerpt":{"rendered":"<p>NOTI-AMERICA.COM | MEXICO A sus 16 a\u00f1os, Arianna De Jorge ha demostrado que la pasi\u00f3n, la disciplina y los valores familiares pueden guiar el camino hacia grandes metas. Nacida en Barcelona, Espa\u00f1a, y criada&#46;&#46;&#46;<\/p>\n","protected":false},"author":127,"featured_media":15333,"comment_status":"open","ping_status":"open","sticky":false,"template":"","format":"image","meta":{"_acf_changed":false,"om_disable_all_campaigns":false,"rop_custom_images_group":[],"rop_custom_messages_group":[],"rop_publish_now":"initial","rop_publish_now_accounts":{"twitter_242054905_242054905":""},"rop_publish_now_history":[],"rop_publish_now_status":"pending","_uf_show_specific_survey":0,"_uf_disable_surveys":false,"footnotes":""},"categories":[705],"tags":[],"class_list":["post-15332","post","type-post","status-publish","format-image","has-post-thumbnail","hentry","category-entretenimiento","post_format-post-format-image"],"acf":[],"aioseo_notices":[],"yoast_head":"<!-- This site is optimized with the Yoast SEO Premium plugin v24.9 (Yoast SEO v27.2) - https:\/\/yoast.com\/product\/yoast-seo-premium-wordpress\/ -->\n<title>Arianna de Jorge es la gran favorita para ganar el Miss Mundo Latina Little USA 2025 - M\u00e9xico<\/title>\n<meta name=\"robots\" content=\"index, follow, max-snippet:-1, max-image-preview:large, max-video-preview:-1\" \/>\n<link rel=\"canonical\" href=\"https:\/\/noti-america.com\/site\/mexico\/2025\/05\/27\/arianna-de-jorge-es-la-gran-favorita-para-ganar-el-miss-mundo-latina-little-usa-2025\/\" \/>\n<meta property=\"og:locale\" content=\"es_ES\" \/>\n<meta property=\"og:type\" content=\"article\" \/>\n<meta property=\"og:title\" content=\"Arianna de Jorge es la gran favorita para ganar el Miss Mundo Latina Little USA 2025\" \/>\n<meta property=\"og:description\" content=\"NOTI-AMERICA.COM | MEXICO A sus 16 a\u00f1os, Arianna De Jorge ha demostrado que la pasi\u00f3n, la disciplina y los valores familiares pueden guiar el camino hacia grandes metas. Nacida en Barcelona, Espa\u00f1a, y criada&#046;&#046;&#046;\" \/>\n<meta property=\"og:url\" content=\"https:\/\/noti-america.com\/site\/mexico\/2025\/05\/27\/arianna-de-jorge-es-la-gran-favorita-para-ganar-el-miss-mundo-latina-little-usa-2025\/\" \/>\n<meta property=\"og:site_name\" content=\"M\u00e9xico\" \/>\n<meta property=\"article:published_time\" content=\"2025-05-27T14:45:37+00:00\" \/>\n<meta property=\"og:image\" content=\"https:\/\/noti-america.com\/site\/mexico\/wp-content\/uploads\/sites\/13\/2025\/05\/processed-BC5B7A48-902B-42D2-8838-A12320817B5B.jpeg\" \/>\n\t<meta property=\"og:image:width\" content=\"1179\" \/>\n\t<meta property=\"og:image:height\" content=\"922\" \/>\n\t<meta property=\"og:image:type\" content=\"image\/jpeg\" \/>\n<meta name=\"author\" content=\"Yoelvzla\" \/>\n<meta name=\"twitter:card\" content=\"summary_large_image\" \/>\n<meta name=\"twitter:label1\" content=\"Escrito por\" \/>\n\t<meta name=\"twitter:data1\" content=\"Yoelvzla\" \/>\n\t<meta name=\"twitter:label2\" content=\"Tiempo estimado de lectura\" \/>\n\t<meta name=\"twitter:data2\" content=\"3 minutos\" \/>\n<script type=\"application\/ld+json\" class=\"yoast-schema-graph\">{\"@context\":\"https:\/\/schema.org\",\"@graph\":[{\"@type\":\"Article\",\"@id\":\"https:\/\/noti-america.com\/site\/mexico\/2025\/05\/27\/arianna-de-jorge-es-la-gran-favorita-para-ganar-el-miss-mundo-latina-little-usa-2025\/#article\",\"isPartOf\":{\"@id\":\"https:\/\/noti-america.com\/site\/mexico\/2025\/05\/27\/arianna-de-jorge-es-la-gran-favorita-para-ganar-el-miss-mundo-latina-little-usa-2025\/\"},\"author\":{\"name\":\"Yoelvzla\",\"@id\":\"https:\/\/noti-america.com\/site\/mexico\/#\/schema\/person\/376ccc7b3cc7a8d5a43c3ece07a43857\"},\"headline\":\"Arianna de Jorge es la gran favorita para ganar el Miss Mundo Latina Little USA 2025\",\"datePublished\":\"2025-05-27T14:45:37+00:00\",\"mainEntityOfPage\":{\"@id\":\"https:\/\/noti-america.com\/site\/mexico\/2025\/05\/27\/arianna-de-jorge-es-la-gran-favorita-para-ganar-el-miss-mundo-latina-little-usa-2025\/\"},\"wordCount\":447,\"commentCount\":0,\"publisher\":{\"@id\":\"https:\/\/noti-america.com\/site\/mexico\/#organization\"},\"image\":{\"@id\":\"https:\/\/noti-america.com\/site\/mexico\/2025\/05\/27\/arianna-de-jorge-es-la-gran-favorita-para-ganar-el-miss-mundo-latina-little-usa-2025\/#primaryimage\"},\"thumbnailUrl\":\"https:\/\/noti-america.com\/site\/mexico\/wp-content\/uploads\/sites\/13\/2025\/05\/processed-BC5B7A48-902B-42D2-8838-A12320817B5B.jpeg\",\"articleSection\":[\"Entretenimiento\"],\"inLanguage\":\"es\",\"potentialAction\":[{\"@type\":\"CommentAction\",\"name\":\"Comment\",\"target\":[\"https:\/\/noti-america.com\/site\/mexico\/2025\/05\/27\/arianna-de-jorge-es-la-gran-favorita-para-ganar-el-miss-mundo-latina-little-usa-2025\/#respond\"]}]},{\"@type\":\"WebPage\",\"@id\":\"https:\/\/noti-america.com\/site\/mexico\/2025\/05\/27\/arianna-de-jorge-es-la-gran-favorita-para-ganar-el-miss-mundo-latina-little-usa-2025\/\",\"url\":\"https:\/\/noti-america.com\/site\/mexico\/2025\/05\/27\/arianna-de-jorge-es-la-gran-favorita-para-ganar-el-miss-mundo-latina-little-usa-2025\/\",\"name\":\"Arianna de Jorge es la gran favorita para ganar el Miss Mundo Latina Little USA 2025 - M\u00e9xico\",\"isPartOf\":{\"@id\":\"https:\/\/noti-america.com\/site\/mexico\/#website\"},\"primaryImageOfPage\":{\"@id\":\"https:\/\/noti-america.com\/site\/mexico\/2025\/05\/27\/arianna-de-jorge-es-la-gran-favorita-para-ganar-el-miss-mundo-latina-little-usa-2025\/#primaryimage\"},\"image\":{\"@id\":\"https:\/\/noti-america.com\/site\/mexico\/2025\/05\/27\/arianna-de-jorge-es-la-gran-favorita-para-ganar-el-miss-mundo-latina-little-usa-2025\/#primaryimage\"},\"thumbnailUrl\":\"https:\/\/noti-america.com\/site\/mexico\/wp-content\/uploads\/sites\/13\/2025\/05\/processed-BC5B7A48-902B-42D2-8838-A12320817B5B.jpeg\",\"datePublished\":\"2025-05-27T14:45:37+00:00\",\"breadcrumb\":{\"@id\":\"https:\/\/noti-america.com\/site\/mexico\/2025\/05\/27\/arianna-de-jorge-es-la-gran-favorita-para-ganar-el-miss-mundo-latina-little-usa-2025\/#breadcrumb\"},\"inLanguage\":\"es\",\"potentialAction\":[{\"@type\":\"ReadAction\",\"target\":[\"https:\/\/noti-america.com\/site\/mexico\/2025\/05\/27\/arianna-de-jorge-es-la-gran-favorita-para-ganar-el-miss-mundo-latina-little-usa-2025\/\"]}]},{\"@type\":\"ImageObject\",\"inLanguage\":\"es\",\"@id\":\"https:\/\/noti-america.com\/site\/mexico\/2025\/05\/27\/arianna-de-jorge-es-la-gran-favorita-para-ganar-el-miss-mundo-latina-little-usa-2025\/#primaryimage\",\"url\":\"https:\/\/noti-america.com\/site\/mexico\/wp-content\/uploads\/sites\/13\/2025\/05\/processed-BC5B7A48-902B-42D2-8838-A12320817B5B.jpeg\",\"contentUrl\":\"https:\/\/noti-america.com\/site\/mexico\/wp-content\/uploads\/sites\/13\/2025\/05\/processed-BC5B7A48-902B-42D2-8838-A12320817B5B.jpeg\",\"width\":1179,\"height\":922},{\"@type\":\"BreadcrumbList\",\"@id\":\"https:\/\/noti-america.com\/site\/mexico\/2025\/05\/27\/arianna-de-jorge-es-la-gran-favorita-para-ganar-el-miss-mundo-latina-little-usa-2025\/#breadcrumb\",\"itemListElement\":[{\"@type\":\"ListItem\",\"position\":1,\"name\":\"Portada\",\"item\":\"https:\/\/noti-america.com\/site\/mexico\/\"},{\"@type\":\"ListItem\",\"position\":2,\"name\":\"Arianna de Jorge es la gran favorita para ganar el Miss Mundo Latina Little USA 2025\"}]},{\"@type\":\"WebSite\",\"@id\":\"https:\/\/noti-america.com\/site\/mexico\/#website\",\"url\":\"https:\/\/noti-america.com\/site\/mexico\/\",\"name\":\"M\u00e9xico | Noti-America.com\",\"description\":\"\",\"publisher\":{\"@id\":\"https:\/\/noti-america.com\/site\/mexico\/#organization\"},\"potentialAction\":[{\"@type\":\"SearchAction\",\"target\":{\"@type\":\"EntryPoint\",\"urlTemplate\":\"https:\/\/noti-america.com\/site\/mexico\/?s={search_term_string}\"},\"query-input\":{\"@type\":\"PropertyValueSpecification\",\"valueRequired\":true,\"valueName\":\"search_term_string\"}}],\"inLanguage\":\"es\"},{\"@type\":\"Organization\",\"@id\":\"https:\/\/noti-america.com\/site\/mexico\/#organization\",\"name\":\"Noti-America LLC | M\u00e9xico\",\"url\":\"https:\/\/noti-america.com\/site\/mexico\/\",\"logo\":{\"@type\":\"ImageObject\",\"inLanguage\":\"es\",\"@id\":\"https:\/\/noti-america.com\/site\/mexico\/#\/schema\/logo\/image\/\",\"url\":\"https:\/\/noti-america.com\/site\/mexico\/wp-content\/uploads\/sites\/13\/2020\/07\/LogoNA-4x3-1.jpg\",\"contentUrl\":\"https:\/\/noti-america.com\/site\/mexico\/wp-content\/uploads\/sites\/13\/2020\/07\/LogoNA-4x3-1.jpg\",\"width\":1236,\"height\":1080,\"caption\":\"Noti-America LLC | M\u00e9xico\"},\"image\":{\"@id\":\"https:\/\/noti-america.com\/site\/mexico\/#\/schema\/logo\/image\/\"}},{\"@type\":\"Person\",\"@id\":\"https:\/\/noti-america.com\/site\/mexico\/#\/schema\/person\/376ccc7b3cc7a8d5a43c3ece07a43857\",\"name\":\"Yoelvzla\",\"image\":{\"@type\":\"ImageObject\",\"inLanguage\":\"es\",\"@id\":\"https:\/\/secure.gravatar.com\/avatar\/13a96a72123e0e9aa76fe82e8847f726c63a1c5ef6a8d0fadd844c1a5a83b212?s=96&d=mm&r=g\",\"url\":\"https:\/\/secure.gravatar.com\/avatar\/13a96a72123e0e9aa76fe82e8847f726c63a1c5ef6a8d0fadd844c1a5a83b212?s=96&d=mm&r=g\",\"contentUrl\":\"https:\/\/secure.gravatar.com\/avatar\/13a96a72123e0e9aa76fe82e8847f726c63a1c5ef6a8d0fadd844c1a5a83b212?s=96&d=mm&r=g\",\"caption\":\"Yoelvzla\"},\"url\":\"https:\/\/noti-america.com\/site\/mexico\/author\/ydiaz\/\"}]}<\/script>\n<!-- \/ Yoast SEO Premium plugin. -->","yoast_head_json":{"title":"Arianna de Jorge es la gran favorita para ganar el Miss Mundo Latina Little USA 2025 - M\u00e9xico","robots":{"index":"index","follow":"follow","max-snippet":"max-snippet:-1","max-image-preview":"max-image-preview:large","max-video-preview":"max-video-preview:-1"},"canonical":"https:\/\/noti-america.com\/site\/mexico\/2025\/05\/27\/arianna-de-jorge-es-la-gran-favorita-para-ganar-el-miss-mundo-latina-little-usa-2025\/","og_locale":"es_ES","og_type":"article","og_title":"Arianna de Jorge es la gran favorita para ganar el Miss Mundo Latina Little USA 2025","og_description":"NOTI-AMERICA.COM | MEXICO A sus 16 a\u00f1os, Arianna De Jorge ha demostrado que la pasi\u00f3n, la disciplina y los valores familiares pueden guiar el camino hacia grandes metas. Nacida en Barcelona, Espa\u00f1a, y criada&#46;&#46;&#46;","og_url":"https:\/\/noti-america.com\/site\/mexico\/2025\/05\/27\/arianna-de-jorge-es-la-gran-favorita-para-ganar-el-miss-mundo-latina-little-usa-2025\/","og_site_name":"M\u00e9xico","article_published_time":"2025-05-27T14:45:37+00:00","og_image":[{"width":1179,"height":922,"url":"https:\/\/noti-america.com\/site\/mexico\/wp-content\/uploads\/sites\/13\/2025\/05\/processed-BC5B7A48-902B-42D2-8838-A12320817B5B.jpeg","type":"image\/jpeg"}],"author":"Yoelvzla","twitter_card":"summary_large_image","twitter_misc":{"Escrito por":"Yoelvzla","Tiempo estimado de lectura":"3 minutos"},"schema":{"@context":"https:\/\/schema.org","@graph":[{"@type":"Article","@id":"https:\/\/noti-america.com\/site\/mexico\/2025\/05\/27\/arianna-de-jorge-es-la-gran-favorita-para-ganar-el-miss-mundo-latina-little-usa-2025\/#article","isPartOf":{"@id":"https:\/\/noti-america.com\/site\/mexico\/2025\/05\/27\/arianna-de-jorge-es-la-gran-favorita-para-ganar-el-miss-mundo-latina-little-usa-2025\/"},"author":{"name":"Yoelvzla","@id":"https:\/\/noti-america.com\/site\/mexico\/#\/schema\/person\/376ccc7b3cc7a8d5a43c3ece07a43857"},"headline":"Arianna de Jorge es la gran favorita para ganar el Miss Mundo Latina Little USA 2025","datePublished":"2025-05-27T14:45:37+00:00","mainEntityOfPage":{"@id":"https:\/\/noti-america.com\/site\/mexico\/2025\/05\/27\/arianna-de-jorge-es-la-gran-favorita-para-ganar-el-miss-mundo-latina-little-usa-2025\/"},"wordCount":447,"commentCount":0,"publisher":{"@id":"https:\/\/noti-america.com\/site\/mexico\/#organization"},"image":{"@id":"https:\/\/noti-america.com\/site\/mexico\/2025\/05\/27\/arianna-de-jorge-es-la-gran-favorita-para-ganar-el-miss-mundo-latina-little-usa-2025\/#primaryimage"},"thumbnailUrl":"https:\/\/noti-america.com\/site\/mexico\/wp-content\/uploads\/sites\/13\/2025\/05\/processed-BC5B7A48-902B-42D2-8838-A12320817B5B.jpeg","articleSection":["Entretenimiento"],"inLanguage":"es","potentialAction":[{"@type":"CommentAction","name":"Comment","target":["https:\/\/noti-america.com\/site\/mexico\/2025\/05\/27\/arianna-de-jorge-es-la-gran-favorita-para-ganar-el-miss-mundo-latina-little-usa-2025\/#respond"]}]},{"@type":"WebPage","@id":"https:\/\/noti-america.com\/site\/mexico\/2025\/05\/27\/arianna-de-jorge-es-la-gran-favorita-para-ganar-el-miss-mundo-latina-little-usa-2025\/","url":"https:\/\/noti-america.com\/site\/mexico\/2025\/05\/27\/arianna-de-jorge-es-la-gran-favorita-para-ganar-el-miss-mundo-latina-little-usa-2025\/","name":"Arianna de Jorge es la gran favorita para ganar el Miss Mundo Latina Little USA 2025 - M\u00e9xico","isPartOf":{"@id":"https:\/\/noti-america.com\/site\/mexico\/#website"},"primaryImageOfPage":{"@id":"https:\/\/noti-america.com\/site\/mexico\/2025\/05\/27\/arianna-de-jorge-es-la-gran-favorita-para-ganar-el-miss-mundo-latina-little-usa-2025\/#primaryimage"},"image":{"@id":"https:\/\/noti-america.com\/site\/mexico\/2025\/05\/27\/arianna-de-jorge-es-la-gran-favorita-para-ganar-el-miss-mundo-latina-little-usa-2025\/#primaryimage"},"thumbnailUrl":"https:\/\/noti-america.com\/site\/mexico\/wp-content\/uploads\/sites\/13\/2025\/05\/processed-BC5B7A48-902B-42D2-8838-A12320817B5B.jpeg","datePublished":"2025-05-27T14:45:37+00:00","breadcrumb":{"@id":"https:\/\/noti-america.com\/site\/mexico\/2025\/05\/27\/arianna-de-jorge-es-la-gran-favorita-para-ganar-el-miss-mundo-latina-little-usa-2025\/#breadcrumb"},"inLanguage":"es","potentialAction":[{"@type":"ReadAction","target":["https:\/\/noti-america.com\/site\/mexico\/2025\/05\/27\/arianna-de-jorge-es-la-gran-favorita-para-ganar-el-miss-mundo-latina-little-usa-2025\/"]}]},{"@type":"ImageObject","inLanguage":"es","@id":"https:\/\/noti-america.com\/site\/mexico\/2025\/05\/27\/arianna-de-jorge-es-la-gran-favorita-para-ganar-el-miss-mundo-latina-little-usa-2025\/#primaryimage","url":"https:\/\/noti-america.com\/site\/mexico\/wp-content\/uploads\/sites\/13\/2025\/05\/processed-BC5B7A48-902B-42D2-8838-A12320817B5B.jpeg","contentUrl":"https:\/\/noti-america.com\/site\/mexico\/wp-content\/uploads\/sites\/13\/2025\/05\/processed-BC5B7A48-902B-42D2-8838-A12320817B5B.jpeg","width":1179,"height":922},{"@type":"BreadcrumbList","@id":"https:\/\/noti-america.com\/site\/mexico\/2025\/05\/27\/arianna-de-jorge-es-la-gran-favorita-para-ganar-el-miss-mundo-latina-little-usa-2025\/#breadcrumb","itemListElement":[{"@type":"ListItem","position":1,"name":"Portada","item":"https:\/\/noti-america.com\/site\/mexico\/"},{"@type":"ListItem","position":2,"name":"Arianna de Jorge es la gran favorita para ganar el Miss Mundo Latina Little USA 2025"}]},{"@type":"WebSite","@id":"https:\/\/noti-america.com\/site\/mexico\/#website","url":"https:\/\/noti-america.com\/site\/mexico\/","name":"M\u00e9xico | Noti-America.com","description":"","publisher":{"@id":"https:\/\/noti-america.com\/site\/mexico\/#organization"},"potentialAction":[{"@type":"SearchAction","target":{"@type":"EntryPoint","urlTemplate":"https:\/\/noti-america.com\/site\/mexico\/?s={search_term_string}"},"query-input":{"@type":"PropertyValueSpecification","valueRequired":true,"valueName":"search_term_string"}}],"inLanguage":"es"},{"@type":"Organization","@id":"https:\/\/noti-america.com\/site\/mexico\/#organization","name":"Noti-America LLC | M\u00e9xico","url":"https:\/\/noti-america.com\/site\/mexico\/","logo":{"@type":"ImageObject","inLanguage":"es","@id":"https:\/\/noti-america.com\/site\/mexico\/#\/schema\/logo\/image\/","url":"https:\/\/noti-america.com\/site\/mexico\/wp-content\/uploads\/sites\/13\/2020\/07\/LogoNA-4x3-1.jpg","contentUrl":"https:\/\/noti-america.com\/site\/mexico\/wp-content\/uploads\/sites\/13\/2020\/07\/LogoNA-4x3-1.jpg","width":1236,"height":1080,"caption":"Noti-America LLC | M\u00e9xico"},"image":{"@id":"https:\/\/noti-america.com\/site\/mexico\/#\/schema\/logo\/image\/"}},{"@type":"Person","@id":"https:\/\/noti-america.com\/site\/mexico\/#\/schema\/person\/376ccc7b3cc7a8d5a43c3ece07a43857","name":"Yoelvzla","image":{"@type":"ImageObject","inLanguage":"es","@id":"https:\/\/secure.gravatar.com\/avatar\/13a96a72123e0e9aa76fe82e8847f726c63a1c5ef6a8d0fadd844c1a5a83b212?s=96&d=mm&r=g","url":"https:\/\/secure.gravatar.com\/avatar\/13a96a72123e0e9aa76fe82e8847f726c63a1c5ef6a8d0fadd844c1a5a83b212?s=96&d=mm&r=g","contentUrl":"https:\/\/secure.gravatar.com\/avatar\/13a96a72123e0e9aa76fe82e8847f726c63a1c5ef6a8d0fadd844c1a5a83b212?s=96&d=mm&r=g","caption":"Yoelvzla"},"url":"https:\/\/noti-america.com\/site\/mexico\/author\/ydiaz\/"}]}},"_links":{"self":[{"href":"https:\/\/noti-america.com\/site\/mexico\/wp-json\/wp\/v2\/posts\/15332","targetHints":{"allow":["GET"]}}],"collection":[{"href":"https:\/\/noti-america.com\/site\/mexico\/wp-json\/wp\/v2\/posts"}],"about":[{"href":"https:\/\/noti-america.com\/site\/mexico\/wp-json\/wp\/v2\/types\/post"}],"author":[{"embeddable":true,"href":"https:\/\/noti-america.com\/site\/mexico\/wp-json\/wp\/v2\/users\/127"}],"replies":[{"embeddable":true,"href":"https:\/\/noti-america.com\/site\/mexico\/wp-json\/wp\/v2\/comments?post=15332"}],"version-history":[{"count":2,"href":"https:\/\/noti-america.com\/site\/mexico\/wp-json\/wp\/v2\/posts\/15332\/revisions"}],"predecessor-version":[{"id":15335,"href":"https:\/\/noti-america.com\/site\/mexico\/wp-json\/wp\/v2\/posts\/15332\/revisions\/15335"}],"wp:featuredmedia":[{"embeddable":true,"href":"https:\/\/noti-america.com\/site\/mexico\/wp-json\/wp\/v2\/media\/15333"}],"wp:attachment":[{"href":"https:\/\/noti-america.com\/site\/mexico\/wp-json\/wp\/v2\/media?parent=15332"}],"wp:term":[{"taxonomy":"category","embeddable":true,"href":"https:\/\/noti-america.com\/site\/mexico\/wp-json\/wp\/v2\/categories?post=15332"},{"taxonomy":"post_tag","embeddable":true,"href":"https:\/\/noti-america.com\/site\/mexico\/wp-json\/wp\/v2\/tags?post=15332"}],"curies":[{"name":"wp","href":"https:\/\/api.w.org\/{rel}","templated":true}]}}