{"id":15216,"date":"2025-04-16T16:23:30","date_gmt":"2025-04-16T16:23:30","guid":{"rendered":"https:\/\/noti-america.com\/site\/mexico\/?p=15216"},"modified":"2025-04-16T16:23:30","modified_gmt":"2025-04-16T16:23:30","slug":"natalia-lafourcade-presento-su-nuevo-album-titulado-cancionera","status":"publish","type":"post","link":"https:\/\/noti-america.com\/site\/mexico\/2025\/04\/16\/natalia-lafourcade-presento-su-nuevo-album-titulado-cancionera\/","title":{"rendered":"Natalia Lafourcade present\u00f3 su nuevo \u00e1lbum titulado &#8216;Cancionera&#8217;"},"content":{"rendered":"<p>NOTI-AMERICA.COM | M\u00c9XICO<\/p>\n<p style=\"text-align: justify\">La cantante mexicana Natalia Lafourcade present\u00f3 este martes \u2018Cancionera\u2019, disco que se estrena el 24 de abril con una nueva faceta m\u00e1s \u00ab\u00edntima\u00bb de la artista, que adem\u00e1s marca su llegada a la d\u00e9cada de los 40 con el \u00e1lbum y reivindica la m\u00fasica de M\u00e9xico.<\/p>\n<p style=\"text-align: justify\">\u00abEs como un espejo muy claro de mi momento. En el caso de \u2018Cancionera\u2019, por primera vez, creo de mi camino, he tenido la oportunidad de llevarlo un poquito m\u00e1s all\u00e1 o m\u00e1s bien ella me llev\u00f3, la energ\u00eda de \u2018Cancionera\u2019 me llev\u00f3 a entrar en espacios m\u00e1s en el campo de la fantas\u00eda\u00bb, dijo la cantautora a EFE.<\/p>\n<p style=\"text-align: justify\">\u2018Cancionera\u2019, un alter ego de la artista, se grab\u00f3 en una sola toma con una cinta en un proceso \u00abcompletamente an\u00e1logo\u00bb, en la que Lafourcade tambi\u00e9n honr\u00f3 su llegada a los 40, pues naci\u00f3 el 26 de febrero de 1984.<\/p>\n<p style=\"text-align: justify\">La int\u00e9rprete, la artista femenina de Latinoam\u00e9rica con m\u00e1s premios Grammy, 18 latinos y cuatro originales, describi\u00f3 que \u2018Cancionera\u2019 la \u00abarrincon\u00f3 a la creatividad m\u00e1xima desde la danza, desde la exploraci\u00f3n del movimiento, y la pintura\u00bb.<\/p>\n<p style=\"text-align: justify\">\u00abEso demuestra que es una nueva faceta porque quiz\u00e1s la nueva faceta que a m\u00ed me ense\u00f1\u00f3 (el disco) es la capacidad que tengo de la transformaci\u00f3n, y no s\u00f3lo yo, todos, la capacidad enorme que tenemos de podernos poner una m\u00e1scara, quit\u00e1rnosla, ponemos un traje, quitarlo, poder transformar la vida\u00bb, expuso.<\/p>\n","protected":false},"excerpt":{"rendered":"<p>NOTI-AMERICA.COM | M\u00c9XICO La cantante mexicana Natalia Lafourcade present\u00f3 este martes \u2018Cancionera\u2019, disco que se estrena el 24 de abril con una nueva faceta m\u00e1s \u00ab\u00edntima\u00bb de la artista, que adem\u00e1s marca su llegada&#46;&#46;&#46;<\/p>\n","protected":false},"author":133,"featured_media":15217,"comment_status":"open","ping_status":"open","sticky":false,"template":"","format":"image","meta":{"_acf_changed":false,"om_disable_all_campaigns":false,"rop_custom_images_group":[],"rop_custom_messages_group":[],"rop_publish_now":"initial","rop_publish_now_accounts":{"twitter_242054905_242054905":""},"rop_publish_now_history":[],"rop_publish_now_status":"pending","_uf_show_specific_survey":0,"_uf_disable_surveys":false,"footnotes":""},"categories":[705],"tags":[],"class_list":["post-15216","post","type-post","status-publish","format-image","has-post-thumbnail","hentry","category-entretenimiento","post_format-post-format-image"],"acf":[],"aioseo_notices":[],"yoast_head":"<!-- This site is optimized with the Yoast SEO Premium plugin v24.9 (Yoast SEO v27.2) - https:\/\/yoast.com\/product\/yoast-seo-premium-wordpress\/ -->\n<title>Natalia Lafourcade present\u00f3 su nuevo \u00e1lbum titulado &#039;Cancionera&#039; - M\u00e9xico<\/title>\n<meta name=\"robots\" content=\"index, follow, max-snippet:-1, max-image-preview:large, max-video-preview:-1\" \/>\n<link rel=\"canonical\" href=\"https:\/\/noti-america.com\/site\/mexico\/2025\/04\/16\/natalia-lafourcade-presento-su-nuevo-album-titulado-cancionera\/\" \/>\n<meta property=\"og:locale\" content=\"es_ES\" \/>\n<meta property=\"og:type\" content=\"article\" \/>\n<meta property=\"og:title\" content=\"Natalia Lafourcade present\u00f3 su nuevo \u00e1lbum titulado &#039;Cancionera&#039;\" \/>\n<meta property=\"og:description\" content=\"NOTI-AMERICA.COM | M\u00c9XICO La cantante mexicana Natalia Lafourcade present\u00f3 este martes \u2018Cancionera\u2019, disco que se estrena el 24 de abril con una nueva faceta m\u00e1s \u00ab\u00edntima\u00bb de la artista, que adem\u00e1s marca su llegada&#046;&#046;&#046;\" \/>\n<meta property=\"og:url\" content=\"https:\/\/noti-america.com\/site\/mexico\/2025\/04\/16\/natalia-lafourcade-presento-su-nuevo-album-titulado-cancionera\/\" \/>\n<meta property=\"og:site_name\" content=\"M\u00e9xico\" \/>\n<meta property=\"article:author\" content=\"Mar\u00eda Valentina Noguera\" \/>\n<meta property=\"article:published_time\" content=\"2025-04-16T16:23:30+00:00\" \/>\n<meta property=\"og:image\" content=\"https:\/\/noti-america.com\/site\/mexico\/wp-content\/uploads\/sites\/13\/2025\/04\/Captura-de-pantalla_16-4-2025_122134_w2a-noticierovenevision-net.s3.amazonaws.com_.jpeg\" \/>\n\t<meta property=\"og:image:width\" content=\"975\" \/>\n\t<meta property=\"og:image:height\" content=\"583\" \/>\n\t<meta property=\"og:image:type\" content=\"image\/jpeg\" \/>\n<meta name=\"author\" content=\"Maria Valentina Noguera Medina\" \/>\n<meta name=\"twitter:card\" content=\"summary_large_image\" \/>\n<meta name=\"twitter:label1\" content=\"Escrito por\" \/>\n\t<meta name=\"twitter:data1\" content=\"Maria Valentina Noguera Medina\" \/>\n\t<meta name=\"twitter:label2\" content=\"Tiempo estimado de lectura\" \/>\n\t<meta name=\"twitter:data2\" content=\"2 minutos\" \/>\n<script type=\"application\/ld+json\" class=\"yoast-schema-graph\">{\"@context\":\"https:\/\/schema.org\",\"@graph\":[{\"@type\":\"Article\",\"@id\":\"https:\/\/noti-america.com\/site\/mexico\/2025\/04\/16\/natalia-lafourcade-presento-su-nuevo-album-titulado-cancionera\/#article\",\"isPartOf\":{\"@id\":\"https:\/\/noti-america.com\/site\/mexico\/2025\/04\/16\/natalia-lafourcade-presento-su-nuevo-album-titulado-cancionera\/\"},\"author\":{\"name\":\"Maria Valentina Noguera Medina\",\"@id\":\"https:\/\/noti-america.com\/site\/mexico\/#\/schema\/person\/22806efcc2cfc4b45efb0e17be210ea8\"},\"headline\":\"Natalia Lafourcade present\u00f3 su nuevo \u00e1lbum titulado &#8216;Cancionera&#8217;\",\"datePublished\":\"2025-04-16T16:23:30+00:00\",\"mainEntityOfPage\":{\"@id\":\"https:\/\/noti-america.com\/site\/mexico\/2025\/04\/16\/natalia-lafourcade-presento-su-nuevo-album-titulado-cancionera\/\"},\"wordCount\":261,\"commentCount\":0,\"publisher\":{\"@id\":\"https:\/\/noti-america.com\/site\/mexico\/#organization\"},\"image\":{\"@id\":\"https:\/\/noti-america.com\/site\/mexico\/2025\/04\/16\/natalia-lafourcade-presento-su-nuevo-album-titulado-cancionera\/#primaryimage\"},\"thumbnailUrl\":\"https:\/\/noti-america.com\/site\/mexico\/wp-content\/uploads\/sites\/13\/2025\/04\/Captura-de-pantalla_16-4-2025_122134_w2a-noticierovenevision-net.s3.amazonaws.com_.jpeg\",\"articleSection\":[\"Entretenimiento\"],\"inLanguage\":\"es\",\"potentialAction\":[{\"@type\":\"CommentAction\",\"name\":\"Comment\",\"target\":[\"https:\/\/noti-america.com\/site\/mexico\/2025\/04\/16\/natalia-lafourcade-presento-su-nuevo-album-titulado-cancionera\/#respond\"]}]},{\"@type\":\"WebPage\",\"@id\":\"https:\/\/noti-america.com\/site\/mexico\/2025\/04\/16\/natalia-lafourcade-presento-su-nuevo-album-titulado-cancionera\/\",\"url\":\"https:\/\/noti-america.com\/site\/mexico\/2025\/04\/16\/natalia-lafourcade-presento-su-nuevo-album-titulado-cancionera\/\",\"name\":\"Natalia Lafourcade present\u00f3 su nuevo \u00e1lbum titulado 'Cancionera' - M\u00e9xico\",\"isPartOf\":{\"@id\":\"https:\/\/noti-america.com\/site\/mexico\/#website\"},\"primaryImageOfPage\":{\"@id\":\"https:\/\/noti-america.com\/site\/mexico\/2025\/04\/16\/natalia-lafourcade-presento-su-nuevo-album-titulado-cancionera\/#primaryimage\"},\"image\":{\"@id\":\"https:\/\/noti-america.com\/site\/mexico\/2025\/04\/16\/natalia-lafourcade-presento-su-nuevo-album-titulado-cancionera\/#primaryimage\"},\"thumbnailUrl\":\"https:\/\/noti-america.com\/site\/mexico\/wp-content\/uploads\/sites\/13\/2025\/04\/Captura-de-pantalla_16-4-2025_122134_w2a-noticierovenevision-net.s3.amazonaws.com_.jpeg\",\"datePublished\":\"2025-04-16T16:23:30+00:00\",\"breadcrumb\":{\"@id\":\"https:\/\/noti-america.com\/site\/mexico\/2025\/04\/16\/natalia-lafourcade-presento-su-nuevo-album-titulado-cancionera\/#breadcrumb\"},\"inLanguage\":\"es\",\"potentialAction\":[{\"@type\":\"ReadAction\",\"target\":[\"https:\/\/noti-america.com\/site\/mexico\/2025\/04\/16\/natalia-lafourcade-presento-su-nuevo-album-titulado-cancionera\/\"]}]},{\"@type\":\"ImageObject\",\"inLanguage\":\"es\",\"@id\":\"https:\/\/noti-america.com\/site\/mexico\/2025\/04\/16\/natalia-lafourcade-presento-su-nuevo-album-titulado-cancionera\/#primaryimage\",\"url\":\"https:\/\/noti-america.com\/site\/mexico\/wp-content\/uploads\/sites\/13\/2025\/04\/Captura-de-pantalla_16-4-2025_122134_w2a-noticierovenevision-net.s3.amazonaws.com_.jpeg\",\"contentUrl\":\"https:\/\/noti-america.com\/site\/mexico\/wp-content\/uploads\/sites\/13\/2025\/04\/Captura-de-pantalla_16-4-2025_122134_w2a-noticierovenevision-net.s3.amazonaws.com_.jpeg\",\"width\":975,\"height\":583},{\"@type\":\"BreadcrumbList\",\"@id\":\"https:\/\/noti-america.com\/site\/mexico\/2025\/04\/16\/natalia-lafourcade-presento-su-nuevo-album-titulado-cancionera\/#breadcrumb\",\"itemListElement\":[{\"@type\":\"ListItem\",\"position\":1,\"name\":\"Portada\",\"item\":\"https:\/\/noti-america.com\/site\/mexico\/\"},{\"@type\":\"ListItem\",\"position\":2,\"name\":\"Natalia Lafourcade present\u00f3 su nuevo \u00e1lbum titulado &#8216;Cancionera&#8217;\"}]},{\"@type\":\"WebSite\",\"@id\":\"https:\/\/noti-america.com\/site\/mexico\/#website\",\"url\":\"https:\/\/noti-america.com\/site\/mexico\/\",\"name\":\"M\u00e9xico | Noti-America.com\",\"description\":\"\",\"publisher\":{\"@id\":\"https:\/\/noti-america.com\/site\/mexico\/#organization\"},\"potentialAction\":[{\"@type\":\"SearchAction\",\"target\":{\"@type\":\"EntryPoint\",\"urlTemplate\":\"https:\/\/noti-america.com\/site\/mexico\/?s={search_term_string}\"},\"query-input\":{\"@type\":\"PropertyValueSpecification\",\"valueRequired\":true,\"valueName\":\"search_term_string\"}}],\"inLanguage\":\"es\"},{\"@type\":\"Organization\",\"@id\":\"https:\/\/noti-america.com\/site\/mexico\/#organization\",\"name\":\"Noti-America LLC | M\u00e9xico\",\"url\":\"https:\/\/noti-america.com\/site\/mexico\/\",\"logo\":{\"@type\":\"ImageObject\",\"inLanguage\":\"es\",\"@id\":\"https:\/\/noti-america.com\/site\/mexico\/#\/schema\/logo\/image\/\",\"url\":\"https:\/\/noti-america.com\/site\/mexico\/wp-content\/uploads\/sites\/13\/2020\/07\/LogoNA-4x3-1.jpg\",\"contentUrl\":\"https:\/\/noti-america.com\/site\/mexico\/wp-content\/uploads\/sites\/13\/2020\/07\/LogoNA-4x3-1.jpg\",\"width\":1236,\"height\":1080,\"caption\":\"Noti-America LLC | M\u00e9xico\"},\"image\":{\"@id\":\"https:\/\/noti-america.com\/site\/mexico\/#\/schema\/logo\/image\/\"}},{\"@type\":\"Person\",\"@id\":\"https:\/\/noti-america.com\/site\/mexico\/#\/schema\/person\/22806efcc2cfc4b45efb0e17be210ea8\",\"name\":\"Maria Valentina Noguera Medina\",\"image\":{\"@type\":\"ImageObject\",\"inLanguage\":\"es\",\"@id\":\"https:\/\/secure.gravatar.com\/avatar\/4ec5eb9d099f2608a49c9df6f7341f66f04f819cdffa09d56a7a0e91d2819d56?s=96&d=mm&r=g\",\"url\":\"https:\/\/secure.gravatar.com\/avatar\/4ec5eb9d099f2608a49c9df6f7341f66f04f819cdffa09d56a7a0e91d2819d56?s=96&d=mm&r=g\",\"contentUrl\":\"https:\/\/secure.gravatar.com\/avatar\/4ec5eb9d099f2608a49c9df6f7341f66f04f819cdffa09d56a7a0e91d2819d56?s=96&d=mm&r=g\",\"caption\":\"Maria Valentina Noguera Medina\"},\"description\":\"Periodista - noti-america - Promar Community Manager - Talento Plus Dise\u00f1adora\/ creadora de contenido...\",\"sameAs\":[\"Mar\u00eda Valentina Noguera\",\"https:\/\/www.facebook.com\/mariavalentina.noguera\",\"https:\/\/www.linkedin.com\/in\/mara-valentina-noguera-medina-373075165\/\",\"https:\/\/www.pinterest.es\/valentinanoguera95\/\",\"https:\/\/www.youtube.com\/channel\/UCdek6mbUZ-Tqqw0I63i4nmQ\"],\"url\":\"https:\/\/noti-america.com\/site\/mexico\/author\/mnoguera\/\"}]}<\/script>\n<!-- \/ Yoast SEO Premium plugin. -->","yoast_head_json":{"title":"Natalia Lafourcade present\u00f3 su nuevo \u00e1lbum titulado 'Cancionera' - M\u00e9xico","robots":{"index":"index","follow":"follow","max-snippet":"max-snippet:-1","max-image-preview":"max-image-preview:large","max-video-preview":"max-video-preview:-1"},"canonical":"https:\/\/noti-america.com\/site\/mexico\/2025\/04\/16\/natalia-lafourcade-presento-su-nuevo-album-titulado-cancionera\/","og_locale":"es_ES","og_type":"article","og_title":"Natalia Lafourcade present\u00f3 su nuevo \u00e1lbum titulado 'Cancionera'","og_description":"NOTI-AMERICA.COM | M\u00c9XICO La cantante mexicana Natalia Lafourcade present\u00f3 este martes \u2018Cancionera\u2019, disco que se estrena el 24 de abril con una nueva faceta m\u00e1s \u00ab\u00edntima\u00bb de la artista, que adem\u00e1s marca su llegada&#46;&#46;&#46;","og_url":"https:\/\/noti-america.com\/site\/mexico\/2025\/04\/16\/natalia-lafourcade-presento-su-nuevo-album-titulado-cancionera\/","og_site_name":"M\u00e9xico","article_author":"Mar\u00eda Valentina Noguera","article_published_time":"2025-04-16T16:23:30+00:00","og_image":[{"width":975,"height":583,"url":"https:\/\/noti-america.com\/site\/mexico\/wp-content\/uploads\/sites\/13\/2025\/04\/Captura-de-pantalla_16-4-2025_122134_w2a-noticierovenevision-net.s3.amazonaws.com_.jpeg","type":"image\/jpeg"}],"author":"Maria Valentina Noguera Medina","twitter_card":"summary_large_image","twitter_misc":{"Escrito por":"Maria Valentina Noguera Medina","Tiempo estimado de lectura":"2 minutos"},"schema":{"@context":"https:\/\/schema.org","@graph":[{"@type":"Article","@id":"https:\/\/noti-america.com\/site\/mexico\/2025\/04\/16\/natalia-lafourcade-presento-su-nuevo-album-titulado-cancionera\/#article","isPartOf":{"@id":"https:\/\/noti-america.com\/site\/mexico\/2025\/04\/16\/natalia-lafourcade-presento-su-nuevo-album-titulado-cancionera\/"},"author":{"name":"Maria Valentina Noguera Medina","@id":"https:\/\/noti-america.com\/site\/mexico\/#\/schema\/person\/22806efcc2cfc4b45efb0e17be210ea8"},"headline":"Natalia Lafourcade present\u00f3 su nuevo \u00e1lbum titulado &#8216;Cancionera&#8217;","datePublished":"2025-04-16T16:23:30+00:00","mainEntityOfPage":{"@id":"https:\/\/noti-america.com\/site\/mexico\/2025\/04\/16\/natalia-lafourcade-presento-su-nuevo-album-titulado-cancionera\/"},"wordCount":261,"commentCount":0,"publisher":{"@id":"https:\/\/noti-america.com\/site\/mexico\/#organization"},"image":{"@id":"https:\/\/noti-america.com\/site\/mexico\/2025\/04\/16\/natalia-lafourcade-presento-su-nuevo-album-titulado-cancionera\/#primaryimage"},"thumbnailUrl":"https:\/\/noti-america.com\/site\/mexico\/wp-content\/uploads\/sites\/13\/2025\/04\/Captura-de-pantalla_16-4-2025_122134_w2a-noticierovenevision-net.s3.amazonaws.com_.jpeg","articleSection":["Entretenimiento"],"inLanguage":"es","potentialAction":[{"@type":"CommentAction","name":"Comment","target":["https:\/\/noti-america.com\/site\/mexico\/2025\/04\/16\/natalia-lafourcade-presento-su-nuevo-album-titulado-cancionera\/#respond"]}]},{"@type":"WebPage","@id":"https:\/\/noti-america.com\/site\/mexico\/2025\/04\/16\/natalia-lafourcade-presento-su-nuevo-album-titulado-cancionera\/","url":"https:\/\/noti-america.com\/site\/mexico\/2025\/04\/16\/natalia-lafourcade-presento-su-nuevo-album-titulado-cancionera\/","name":"Natalia Lafourcade present\u00f3 su nuevo \u00e1lbum titulado 'Cancionera' - M\u00e9xico","isPartOf":{"@id":"https:\/\/noti-america.com\/site\/mexico\/#website"},"primaryImageOfPage":{"@id":"https:\/\/noti-america.com\/site\/mexico\/2025\/04\/16\/natalia-lafourcade-presento-su-nuevo-album-titulado-cancionera\/#primaryimage"},"image":{"@id":"https:\/\/noti-america.com\/site\/mexico\/2025\/04\/16\/natalia-lafourcade-presento-su-nuevo-album-titulado-cancionera\/#primaryimage"},"thumbnailUrl":"https:\/\/noti-america.com\/site\/mexico\/wp-content\/uploads\/sites\/13\/2025\/04\/Captura-de-pantalla_16-4-2025_122134_w2a-noticierovenevision-net.s3.amazonaws.com_.jpeg","datePublished":"2025-04-16T16:23:30+00:00","breadcrumb":{"@id":"https:\/\/noti-america.com\/site\/mexico\/2025\/04\/16\/natalia-lafourcade-presento-su-nuevo-album-titulado-cancionera\/#breadcrumb"},"inLanguage":"es","potentialAction":[{"@type":"ReadAction","target":["https:\/\/noti-america.com\/site\/mexico\/2025\/04\/16\/natalia-lafourcade-presento-su-nuevo-album-titulado-cancionera\/"]}]},{"@type":"ImageObject","inLanguage":"es","@id":"https:\/\/noti-america.com\/site\/mexico\/2025\/04\/16\/natalia-lafourcade-presento-su-nuevo-album-titulado-cancionera\/#primaryimage","url":"https:\/\/noti-america.com\/site\/mexico\/wp-content\/uploads\/sites\/13\/2025\/04\/Captura-de-pantalla_16-4-2025_122134_w2a-noticierovenevision-net.s3.amazonaws.com_.jpeg","contentUrl":"https:\/\/noti-america.com\/site\/mexico\/wp-content\/uploads\/sites\/13\/2025\/04\/Captura-de-pantalla_16-4-2025_122134_w2a-noticierovenevision-net.s3.amazonaws.com_.jpeg","width":975,"height":583},{"@type":"BreadcrumbList","@id":"https:\/\/noti-america.com\/site\/mexico\/2025\/04\/16\/natalia-lafourcade-presento-su-nuevo-album-titulado-cancionera\/#breadcrumb","itemListElement":[{"@type":"ListItem","position":1,"name":"Portada","item":"https:\/\/noti-america.com\/site\/mexico\/"},{"@type":"ListItem","position":2,"name":"Natalia Lafourcade present\u00f3 su nuevo \u00e1lbum titulado &#8216;Cancionera&#8217;"}]},{"@type":"WebSite","@id":"https:\/\/noti-america.com\/site\/mexico\/#website","url":"https:\/\/noti-america.com\/site\/mexico\/","name":"M\u00e9xico | Noti-America.com","description":"","publisher":{"@id":"https:\/\/noti-america.com\/site\/mexico\/#organization"},"potentialAction":[{"@type":"SearchAction","target":{"@type":"EntryPoint","urlTemplate":"https:\/\/noti-america.com\/site\/mexico\/?s={search_term_string}"},"query-input":{"@type":"PropertyValueSpecification","valueRequired":true,"valueName":"search_term_string"}}],"inLanguage":"es"},{"@type":"Organization","@id":"https:\/\/noti-america.com\/site\/mexico\/#organization","name":"Noti-America LLC | M\u00e9xico","url":"https:\/\/noti-america.com\/site\/mexico\/","logo":{"@type":"ImageObject","inLanguage":"es","@id":"https:\/\/noti-america.com\/site\/mexico\/#\/schema\/logo\/image\/","url":"https:\/\/noti-america.com\/site\/mexico\/wp-content\/uploads\/sites\/13\/2020\/07\/LogoNA-4x3-1.jpg","contentUrl":"https:\/\/noti-america.com\/site\/mexico\/wp-content\/uploads\/sites\/13\/2020\/07\/LogoNA-4x3-1.jpg","width":1236,"height":1080,"caption":"Noti-America LLC | M\u00e9xico"},"image":{"@id":"https:\/\/noti-america.com\/site\/mexico\/#\/schema\/logo\/image\/"}},{"@type":"Person","@id":"https:\/\/noti-america.com\/site\/mexico\/#\/schema\/person\/22806efcc2cfc4b45efb0e17be210ea8","name":"Maria Valentina Noguera Medina","image":{"@type":"ImageObject","inLanguage":"es","@id":"https:\/\/secure.gravatar.com\/avatar\/4ec5eb9d099f2608a49c9df6f7341f66f04f819cdffa09d56a7a0e91d2819d56?s=96&d=mm&r=g","url":"https:\/\/secure.gravatar.com\/avatar\/4ec5eb9d099f2608a49c9df6f7341f66f04f819cdffa09d56a7a0e91d2819d56?s=96&d=mm&r=g","contentUrl":"https:\/\/secure.gravatar.com\/avatar\/4ec5eb9d099f2608a49c9df6f7341f66f04f819cdffa09d56a7a0e91d2819d56?s=96&d=mm&r=g","caption":"Maria Valentina Noguera Medina"},"description":"Periodista - noti-america - Promar Community Manager - Talento Plus Dise\u00f1adora\/ creadora de contenido...","sameAs":["Mar\u00eda Valentina Noguera","https:\/\/www.facebook.com\/mariavalentina.noguera","https:\/\/www.linkedin.com\/in\/mara-valentina-noguera-medina-373075165\/","https:\/\/www.pinterest.es\/valentinanoguera95\/","https:\/\/www.youtube.com\/channel\/UCdek6mbUZ-Tqqw0I63i4nmQ"],"url":"https:\/\/noti-america.com\/site\/mexico\/author\/mnoguera\/"}]}},"_links":{"self":[{"href":"https:\/\/noti-america.com\/site\/mexico\/wp-json\/wp\/v2\/posts\/15216","targetHints":{"allow":["GET"]}}],"collection":[{"href":"https:\/\/noti-america.com\/site\/mexico\/wp-json\/wp\/v2\/posts"}],"about":[{"href":"https:\/\/noti-america.com\/site\/mexico\/wp-json\/wp\/v2\/types\/post"}],"author":[{"embeddable":true,"href":"https:\/\/noti-america.com\/site\/mexico\/wp-json\/wp\/v2\/users\/133"}],"replies":[{"embeddable":true,"href":"https:\/\/noti-america.com\/site\/mexico\/wp-json\/wp\/v2\/comments?post=15216"}],"version-history":[{"count":1,"href":"https:\/\/noti-america.com\/site\/mexico\/wp-json\/wp\/v2\/posts\/15216\/revisions"}],"predecessor-version":[{"id":15218,"href":"https:\/\/noti-america.com\/site\/mexico\/wp-json\/wp\/v2\/posts\/15216\/revisions\/15218"}],"wp:featuredmedia":[{"embeddable":true,"href":"https:\/\/noti-america.com\/site\/mexico\/wp-json\/wp\/v2\/media\/15217"}],"wp:attachment":[{"href":"https:\/\/noti-america.com\/site\/mexico\/wp-json\/wp\/v2\/media?parent=15216"}],"wp:term":[{"taxonomy":"category","embeddable":true,"href":"https:\/\/noti-america.com\/site\/mexico\/wp-json\/wp\/v2\/categories?post=15216"},{"taxonomy":"post_tag","embeddable":true,"href":"https:\/\/noti-america.com\/site\/mexico\/wp-json\/wp\/v2\/tags?post=15216"}],"curies":[{"name":"wp","href":"https:\/\/api.w.org\/{rel}","templated":true}]}}