{"id":15022,"date":"2025-03-21T15:33:34","date_gmt":"2025-03-21T15:33:34","guid":{"rendered":"https:\/\/noti-america.com\/site\/mexico\/?p=15022"},"modified":"2025-03-21T15:33:34","modified_gmt":"2025-03-21T15:33:34","slug":"onu-alerta-sobre-la-acelerada-desaparicion-de-glaciares-y-la-amenaza-de-la-estabilidad-global","status":"publish","type":"post","link":"https:\/\/noti-america.com\/site\/mexico\/2025\/03\/21\/onu-alerta-sobre-la-acelerada-desaparicion-de-glaciares-y-la-amenaza-de-la-estabilidad-global\/","title":{"rendered":"ONU alerta sobre la acelerada desaparici\u00f3n de glaciares y la amenaza de la estabilidad global"},"content":{"rendered":"<p>NOTI-AMERICA.COM | M\u00c9XICO<\/p>\n<p style=\"text-align: justify\">La desaparici\u00f3n de los glaciares a consecuencia del calentamiento global se est\u00e1 acelerando y \u00abamenaza con una avalancha de consecuencias en econom\u00edas, ecosistemas y poblaciones\u00bb, alerta la ONU en el D\u00eda Mundial sobre los Glaciares, nacido este a\u00f1o para concienciar sobre el deshielo de unas masas que almacenan, junto a los polos, un 70 % del agua dulce del planeta.<\/p>\n<p style=\"text-align: justify\">Desde 1975 los glaciares han perdido una masa de hielo de 9 billones de toneladas, equivalente a un bloque del tama\u00f1o de toda Alemania con un grosor de 25 metros, y m\u00e1s de dos tercios de esa p\u00e9rdida se ha registrado en este siglo, seg\u00fan estudios recientes.<\/p>\n<p style=\"text-align: justify\">S\u00f3lo en 2024, el a\u00f1o m\u00e1s c\u00e1lido del que se tiene registro, se derritieron 450.000 toneladas, la cuarta mayor marca hist\u00f3rica.<\/p>\n<p style=\"text-align: justify\">En cifras relativas, en lo que va de siglo se ha perdido un 5 % de la masa total de los glaciares, un porcentaje que en regiones especialmente afectadas por el deshielo como Europa Central se eleva al 40 %.<\/p>\n<p style=\"text-align: justify\">Los Alpes, especialmente afectados<\/p>\n<p style=\"text-align: justify\">\u00abEn los Alpes, s\u00f3lo en dos a\u00f1os, 2022 y 2023, se derriti\u00f3 un 10 % del hielo que quedaba (&#8230;) y el porcentaje del que se pierde anualmente a nivel global ya supera el 1 %\u00bb, indic\u00f3 en rueda de prensa el director del Servicio Mundial de Monitoreo de los Glaciares, Michael Zemp.<\/p>\n<p style=\"text-align: justify\">\u00abEllo significa que en las actuales condiciones la mayor\u00eda de los glaciares no podr\u00e1n llegar al final de siglo en zonas como Europa, Norteam\u00e9rica, el C\u00e1ucaso o Nueva Zelanda\u00bb, agreg\u00f3.<\/p>\n<p style=\"text-align: justify\">Muchos pa\u00edses est\u00e1n perdiendo los escasos glaciares que conservaban: el a\u00f1o pasado, por ejemplo, desaparecieron los \u00faltimos que quedaban en Venezuela y Eslovenia, situados en ambos casos en sus monta\u00f1as m\u00e1s elevadas (el Pico Bol\u00edvar y el Monte Triglav, respectivamente).<\/p>\n<p style=\"text-align: justify\">La Asamblea General de Naciones Unidas declar\u00f3 2025 como el A\u00f1o para la Conservaci\u00f3n de los Glaciares, y tambi\u00e9n decidi\u00f3 que a partir de este ejercicio se consagrar\u00eda a esas masas heladas en peligro la jornada del 21 de marzo, coincidiendo con fechas equinocciales en los dos hemisferios que simbolizan la necesidad de equilibrio natural.<\/p>\n","protected":false},"excerpt":{"rendered":"<p>NOTI-AMERICA.COM | M\u00c9XICO La desaparici\u00f3n de los glaciares a consecuencia del calentamiento global se est\u00e1 acelerando y \u00abamenaza con una avalancha de consecuencias en econom\u00edas, ecosistemas y poblaciones\u00bb, alerta la ONU en el D\u00eda&#46;&#46;&#46;<\/p>\n","protected":false},"author":133,"featured_media":15023,"comment_status":"open","ping_status":"open","sticky":false,"template":"","format":"image","meta":{"_acf_changed":false,"om_disable_all_campaigns":false,"rop_custom_images_group":[],"rop_custom_messages_group":[],"rop_publish_now":"initial","rop_publish_now_accounts":{"twitter_242054905_242054905":""},"rop_publish_now_history":[],"rop_publish_now_status":"pending","_uf_show_specific_survey":0,"_uf_disable_surveys":false,"footnotes":""},"categories":[4],"tags":[],"class_list":["post-15022","post","type-post","status-publish","format-image","has-post-thumbnail","hentry","category-internacionales","post_format-post-format-image"],"acf":[],"aioseo_notices":[],"yoast_head":"<!-- This site is optimized with the Yoast SEO Premium plugin v24.9 (Yoast SEO v27.2) - https:\/\/yoast.com\/product\/yoast-seo-premium-wordpress\/ -->\n<title>ONU alerta sobre la acelerada desaparici\u00f3n de glaciares y la amenaza de la estabilidad global - M\u00e9xico<\/title>\n<meta name=\"robots\" content=\"index, follow, max-snippet:-1, max-image-preview:large, max-video-preview:-1\" \/>\n<link rel=\"canonical\" href=\"https:\/\/noti-america.com\/site\/mexico\/2025\/03\/21\/onu-alerta-sobre-la-acelerada-desaparicion-de-glaciares-y-la-amenaza-de-la-estabilidad-global\/\" \/>\n<meta property=\"og:locale\" content=\"es_ES\" \/>\n<meta property=\"og:type\" content=\"article\" \/>\n<meta property=\"og:title\" content=\"ONU alerta sobre la acelerada desaparici\u00f3n de glaciares y la amenaza de la estabilidad global\" \/>\n<meta property=\"og:description\" content=\"NOTI-AMERICA.COM | M\u00c9XICO La desaparici\u00f3n de los glaciares a consecuencia del calentamiento global se est\u00e1 acelerando y \u00abamenaza con una avalancha de consecuencias en econom\u00edas, ecosistemas y poblaciones\u00bb, alerta la ONU en el D\u00eda&#046;&#046;&#046;\" \/>\n<meta property=\"og:url\" content=\"https:\/\/noti-america.com\/site\/mexico\/2025\/03\/21\/onu-alerta-sobre-la-acelerada-desaparicion-de-glaciares-y-la-amenaza-de-la-estabilidad-global\/\" \/>\n<meta property=\"og:site_name\" content=\"M\u00e9xico\" \/>\n<meta property=\"article:author\" content=\"Mar\u00eda Valentina Noguera\" \/>\n<meta property=\"article:published_time\" content=\"2025-03-21T15:33:34+00:00\" \/>\n<meta property=\"og:image\" content=\"https:\/\/noti-america.com\/site\/mexico\/wp-content\/uploads\/sites\/13\/2025\/03\/implacable-4-comp-ce6906.jpg\" \/>\n\t<meta property=\"og:image:width\" content=\"800\" \/>\n\t<meta property=\"og:image:height\" content=\"500\" \/>\n\t<meta property=\"og:image:type\" content=\"image\/jpeg\" \/>\n<meta name=\"author\" content=\"Maria Valentina Noguera Medina\" \/>\n<meta name=\"twitter:card\" content=\"summary_large_image\" \/>\n<meta name=\"twitter:label1\" content=\"Escrito por\" \/>\n\t<meta name=\"twitter:data1\" content=\"Maria Valentina Noguera Medina\" \/>\n\t<meta name=\"twitter:label2\" content=\"Tiempo estimado de lectura\" \/>\n\t<meta name=\"twitter:data2\" content=\"2 minutos\" \/>\n<script type=\"application\/ld+json\" class=\"yoast-schema-graph\">{\"@context\":\"https:\/\/schema.org\",\"@graph\":[{\"@type\":\"Article\",\"@id\":\"https:\/\/noti-america.com\/site\/mexico\/2025\/03\/21\/onu-alerta-sobre-la-acelerada-desaparicion-de-glaciares-y-la-amenaza-de-la-estabilidad-global\/#article\",\"isPartOf\":{\"@id\":\"https:\/\/noti-america.com\/site\/mexico\/2025\/03\/21\/onu-alerta-sobre-la-acelerada-desaparicion-de-glaciares-y-la-amenaza-de-la-estabilidad-global\/\"},\"author\":{\"name\":\"Maria Valentina Noguera Medina\",\"@id\":\"https:\/\/noti-america.com\/site\/mexico\/#\/schema\/person\/22806efcc2cfc4b45efb0e17be210ea8\"},\"headline\":\"ONU alerta sobre la acelerada desaparici\u00f3n de glaciares y la amenaza de la estabilidad global\",\"datePublished\":\"2025-03-21T15:33:34+00:00\",\"mainEntityOfPage\":{\"@id\":\"https:\/\/noti-america.com\/site\/mexico\/2025\/03\/21\/onu-alerta-sobre-la-acelerada-desaparicion-de-glaciares-y-la-amenaza-de-la-estabilidad-global\/\"},\"wordCount\":379,\"commentCount\":0,\"publisher\":{\"@id\":\"https:\/\/noti-america.com\/site\/mexico\/#organization\"},\"image\":{\"@id\":\"https:\/\/noti-america.com\/site\/mexico\/2025\/03\/21\/onu-alerta-sobre-la-acelerada-desaparicion-de-glaciares-y-la-amenaza-de-la-estabilidad-global\/#primaryimage\"},\"thumbnailUrl\":\"https:\/\/noti-america.com\/site\/mexico\/wp-content\/uploads\/sites\/13\/2025\/03\/implacable-4-comp-ce6906.jpg\",\"articleSection\":[\"Internacionales\"],\"inLanguage\":\"es\",\"potentialAction\":[{\"@type\":\"CommentAction\",\"name\":\"Comment\",\"target\":[\"https:\/\/noti-america.com\/site\/mexico\/2025\/03\/21\/onu-alerta-sobre-la-acelerada-desaparicion-de-glaciares-y-la-amenaza-de-la-estabilidad-global\/#respond\"]}]},{\"@type\":\"WebPage\",\"@id\":\"https:\/\/noti-america.com\/site\/mexico\/2025\/03\/21\/onu-alerta-sobre-la-acelerada-desaparicion-de-glaciares-y-la-amenaza-de-la-estabilidad-global\/\",\"url\":\"https:\/\/noti-america.com\/site\/mexico\/2025\/03\/21\/onu-alerta-sobre-la-acelerada-desaparicion-de-glaciares-y-la-amenaza-de-la-estabilidad-global\/\",\"name\":\"ONU alerta sobre la acelerada desaparici\u00f3n de glaciares y la amenaza de la estabilidad global - M\u00e9xico\",\"isPartOf\":{\"@id\":\"https:\/\/noti-america.com\/site\/mexico\/#website\"},\"primaryImageOfPage\":{\"@id\":\"https:\/\/noti-america.com\/site\/mexico\/2025\/03\/21\/onu-alerta-sobre-la-acelerada-desaparicion-de-glaciares-y-la-amenaza-de-la-estabilidad-global\/#primaryimage\"},\"image\":{\"@id\":\"https:\/\/noti-america.com\/site\/mexico\/2025\/03\/21\/onu-alerta-sobre-la-acelerada-desaparicion-de-glaciares-y-la-amenaza-de-la-estabilidad-global\/#primaryimage\"},\"thumbnailUrl\":\"https:\/\/noti-america.com\/site\/mexico\/wp-content\/uploads\/sites\/13\/2025\/03\/implacable-4-comp-ce6906.jpg\",\"datePublished\":\"2025-03-21T15:33:34+00:00\",\"breadcrumb\":{\"@id\":\"https:\/\/noti-america.com\/site\/mexico\/2025\/03\/21\/onu-alerta-sobre-la-acelerada-desaparicion-de-glaciares-y-la-amenaza-de-la-estabilidad-global\/#breadcrumb\"},\"inLanguage\":\"es\",\"potentialAction\":[{\"@type\":\"ReadAction\",\"target\":[\"https:\/\/noti-america.com\/site\/mexico\/2025\/03\/21\/onu-alerta-sobre-la-acelerada-desaparicion-de-glaciares-y-la-amenaza-de-la-estabilidad-global\/\"]}]},{\"@type\":\"ImageObject\",\"inLanguage\":\"es\",\"@id\":\"https:\/\/noti-america.com\/site\/mexico\/2025\/03\/21\/onu-alerta-sobre-la-acelerada-desaparicion-de-glaciares-y-la-amenaza-de-la-estabilidad-global\/#primaryimage\",\"url\":\"https:\/\/noti-america.com\/site\/mexico\/wp-content\/uploads\/sites\/13\/2025\/03\/implacable-4-comp-ce6906.jpg\",\"contentUrl\":\"https:\/\/noti-america.com\/site\/mexico\/wp-content\/uploads\/sites\/13\/2025\/03\/implacable-4-comp-ce6906.jpg\",\"width\":800,\"height\":500},{\"@type\":\"BreadcrumbList\",\"@id\":\"https:\/\/noti-america.com\/site\/mexico\/2025\/03\/21\/onu-alerta-sobre-la-acelerada-desaparicion-de-glaciares-y-la-amenaza-de-la-estabilidad-global\/#breadcrumb\",\"itemListElement\":[{\"@type\":\"ListItem\",\"position\":1,\"name\":\"Portada\",\"item\":\"https:\/\/noti-america.com\/site\/mexico\/\"},{\"@type\":\"ListItem\",\"position\":2,\"name\":\"ONU alerta sobre la acelerada desaparici\u00f3n de glaciares y la amenaza de la estabilidad global\"}]},{\"@type\":\"WebSite\",\"@id\":\"https:\/\/noti-america.com\/site\/mexico\/#website\",\"url\":\"https:\/\/noti-america.com\/site\/mexico\/\",\"name\":\"M\u00e9xico | Noti-America.com\",\"description\":\"\",\"publisher\":{\"@id\":\"https:\/\/noti-america.com\/site\/mexico\/#organization\"},\"potentialAction\":[{\"@type\":\"SearchAction\",\"target\":{\"@type\":\"EntryPoint\",\"urlTemplate\":\"https:\/\/noti-america.com\/site\/mexico\/?s={search_term_string}\"},\"query-input\":{\"@type\":\"PropertyValueSpecification\",\"valueRequired\":true,\"valueName\":\"search_term_string\"}}],\"inLanguage\":\"es\"},{\"@type\":\"Organization\",\"@id\":\"https:\/\/noti-america.com\/site\/mexico\/#organization\",\"name\":\"Noti-America LLC | M\u00e9xico\",\"url\":\"https:\/\/noti-america.com\/site\/mexico\/\",\"logo\":{\"@type\":\"ImageObject\",\"inLanguage\":\"es\",\"@id\":\"https:\/\/noti-america.com\/site\/mexico\/#\/schema\/logo\/image\/\",\"url\":\"https:\/\/noti-america.com\/site\/mexico\/wp-content\/uploads\/sites\/13\/2020\/07\/LogoNA-4x3-1.jpg\",\"contentUrl\":\"https:\/\/noti-america.com\/site\/mexico\/wp-content\/uploads\/sites\/13\/2020\/07\/LogoNA-4x3-1.jpg\",\"width\":1236,\"height\":1080,\"caption\":\"Noti-America LLC | M\u00e9xico\"},\"image\":{\"@id\":\"https:\/\/noti-america.com\/site\/mexico\/#\/schema\/logo\/image\/\"}},{\"@type\":\"Person\",\"@id\":\"https:\/\/noti-america.com\/site\/mexico\/#\/schema\/person\/22806efcc2cfc4b45efb0e17be210ea8\",\"name\":\"Maria Valentina Noguera Medina\",\"image\":{\"@type\":\"ImageObject\",\"inLanguage\":\"es\",\"@id\":\"https:\/\/secure.gravatar.com\/avatar\/4ec5eb9d099f2608a49c9df6f7341f66f04f819cdffa09d56a7a0e91d2819d56?s=96&d=mm&r=g\",\"url\":\"https:\/\/secure.gravatar.com\/avatar\/4ec5eb9d099f2608a49c9df6f7341f66f04f819cdffa09d56a7a0e91d2819d56?s=96&d=mm&r=g\",\"contentUrl\":\"https:\/\/secure.gravatar.com\/avatar\/4ec5eb9d099f2608a49c9df6f7341f66f04f819cdffa09d56a7a0e91d2819d56?s=96&d=mm&r=g\",\"caption\":\"Maria Valentina Noguera Medina\"},\"description\":\"Periodista - noti-america - Promar Community Manager - Talento Plus Dise\u00f1adora\/ creadora de contenido...\",\"sameAs\":[\"Mar\u00eda Valentina Noguera\",\"https:\/\/www.facebook.com\/mariavalentina.noguera\",\"https:\/\/www.linkedin.com\/in\/mara-valentina-noguera-medina-373075165\/\",\"https:\/\/www.pinterest.es\/valentinanoguera95\/\",\"https:\/\/www.youtube.com\/channel\/UCdek6mbUZ-Tqqw0I63i4nmQ\"],\"url\":\"https:\/\/noti-america.com\/site\/mexico\/author\/mnoguera\/\"}]}<\/script>\n<!-- \/ Yoast SEO Premium plugin. -->","yoast_head_json":{"title":"ONU alerta sobre la acelerada desaparici\u00f3n de glaciares y la amenaza de la estabilidad global - M\u00e9xico","robots":{"index":"index","follow":"follow","max-snippet":"max-snippet:-1","max-image-preview":"max-image-preview:large","max-video-preview":"max-video-preview:-1"},"canonical":"https:\/\/noti-america.com\/site\/mexico\/2025\/03\/21\/onu-alerta-sobre-la-acelerada-desaparicion-de-glaciares-y-la-amenaza-de-la-estabilidad-global\/","og_locale":"es_ES","og_type":"article","og_title":"ONU alerta sobre la acelerada desaparici\u00f3n de glaciares y la amenaza de la estabilidad global","og_description":"NOTI-AMERICA.COM | M\u00c9XICO La desaparici\u00f3n de los glaciares a consecuencia del calentamiento global se est\u00e1 acelerando y \u00abamenaza con una avalancha de consecuencias en econom\u00edas, ecosistemas y poblaciones\u00bb, alerta la ONU en el D\u00eda&#46;&#46;&#46;","og_url":"https:\/\/noti-america.com\/site\/mexico\/2025\/03\/21\/onu-alerta-sobre-la-acelerada-desaparicion-de-glaciares-y-la-amenaza-de-la-estabilidad-global\/","og_site_name":"M\u00e9xico","article_author":"Mar\u00eda Valentina Noguera","article_published_time":"2025-03-21T15:33:34+00:00","og_image":[{"width":800,"height":500,"url":"https:\/\/noti-america.com\/site\/mexico\/wp-content\/uploads\/sites\/13\/2025\/03\/implacable-4-comp-ce6906.jpg","type":"image\/jpeg"}],"author":"Maria Valentina Noguera Medina","twitter_card":"summary_large_image","twitter_misc":{"Escrito por":"Maria Valentina Noguera Medina","Tiempo estimado de lectura":"2 minutos"},"schema":{"@context":"https:\/\/schema.org","@graph":[{"@type":"Article","@id":"https:\/\/noti-america.com\/site\/mexico\/2025\/03\/21\/onu-alerta-sobre-la-acelerada-desaparicion-de-glaciares-y-la-amenaza-de-la-estabilidad-global\/#article","isPartOf":{"@id":"https:\/\/noti-america.com\/site\/mexico\/2025\/03\/21\/onu-alerta-sobre-la-acelerada-desaparicion-de-glaciares-y-la-amenaza-de-la-estabilidad-global\/"},"author":{"name":"Maria Valentina Noguera Medina","@id":"https:\/\/noti-america.com\/site\/mexico\/#\/schema\/person\/22806efcc2cfc4b45efb0e17be210ea8"},"headline":"ONU alerta sobre la acelerada desaparici\u00f3n de glaciares y la amenaza de la estabilidad global","datePublished":"2025-03-21T15:33:34+00:00","mainEntityOfPage":{"@id":"https:\/\/noti-america.com\/site\/mexico\/2025\/03\/21\/onu-alerta-sobre-la-acelerada-desaparicion-de-glaciares-y-la-amenaza-de-la-estabilidad-global\/"},"wordCount":379,"commentCount":0,"publisher":{"@id":"https:\/\/noti-america.com\/site\/mexico\/#organization"},"image":{"@id":"https:\/\/noti-america.com\/site\/mexico\/2025\/03\/21\/onu-alerta-sobre-la-acelerada-desaparicion-de-glaciares-y-la-amenaza-de-la-estabilidad-global\/#primaryimage"},"thumbnailUrl":"https:\/\/noti-america.com\/site\/mexico\/wp-content\/uploads\/sites\/13\/2025\/03\/implacable-4-comp-ce6906.jpg","articleSection":["Internacionales"],"inLanguage":"es","potentialAction":[{"@type":"CommentAction","name":"Comment","target":["https:\/\/noti-america.com\/site\/mexico\/2025\/03\/21\/onu-alerta-sobre-la-acelerada-desaparicion-de-glaciares-y-la-amenaza-de-la-estabilidad-global\/#respond"]}]},{"@type":"WebPage","@id":"https:\/\/noti-america.com\/site\/mexico\/2025\/03\/21\/onu-alerta-sobre-la-acelerada-desaparicion-de-glaciares-y-la-amenaza-de-la-estabilidad-global\/","url":"https:\/\/noti-america.com\/site\/mexico\/2025\/03\/21\/onu-alerta-sobre-la-acelerada-desaparicion-de-glaciares-y-la-amenaza-de-la-estabilidad-global\/","name":"ONU alerta sobre la acelerada desaparici\u00f3n de glaciares y la amenaza de la estabilidad global - M\u00e9xico","isPartOf":{"@id":"https:\/\/noti-america.com\/site\/mexico\/#website"},"primaryImageOfPage":{"@id":"https:\/\/noti-america.com\/site\/mexico\/2025\/03\/21\/onu-alerta-sobre-la-acelerada-desaparicion-de-glaciares-y-la-amenaza-de-la-estabilidad-global\/#primaryimage"},"image":{"@id":"https:\/\/noti-america.com\/site\/mexico\/2025\/03\/21\/onu-alerta-sobre-la-acelerada-desaparicion-de-glaciares-y-la-amenaza-de-la-estabilidad-global\/#primaryimage"},"thumbnailUrl":"https:\/\/noti-america.com\/site\/mexico\/wp-content\/uploads\/sites\/13\/2025\/03\/implacable-4-comp-ce6906.jpg","datePublished":"2025-03-21T15:33:34+00:00","breadcrumb":{"@id":"https:\/\/noti-america.com\/site\/mexico\/2025\/03\/21\/onu-alerta-sobre-la-acelerada-desaparicion-de-glaciares-y-la-amenaza-de-la-estabilidad-global\/#breadcrumb"},"inLanguage":"es","potentialAction":[{"@type":"ReadAction","target":["https:\/\/noti-america.com\/site\/mexico\/2025\/03\/21\/onu-alerta-sobre-la-acelerada-desaparicion-de-glaciares-y-la-amenaza-de-la-estabilidad-global\/"]}]},{"@type":"ImageObject","inLanguage":"es","@id":"https:\/\/noti-america.com\/site\/mexico\/2025\/03\/21\/onu-alerta-sobre-la-acelerada-desaparicion-de-glaciares-y-la-amenaza-de-la-estabilidad-global\/#primaryimage","url":"https:\/\/noti-america.com\/site\/mexico\/wp-content\/uploads\/sites\/13\/2025\/03\/implacable-4-comp-ce6906.jpg","contentUrl":"https:\/\/noti-america.com\/site\/mexico\/wp-content\/uploads\/sites\/13\/2025\/03\/implacable-4-comp-ce6906.jpg","width":800,"height":500},{"@type":"BreadcrumbList","@id":"https:\/\/noti-america.com\/site\/mexico\/2025\/03\/21\/onu-alerta-sobre-la-acelerada-desaparicion-de-glaciares-y-la-amenaza-de-la-estabilidad-global\/#breadcrumb","itemListElement":[{"@type":"ListItem","position":1,"name":"Portada","item":"https:\/\/noti-america.com\/site\/mexico\/"},{"@type":"ListItem","position":2,"name":"ONU alerta sobre la acelerada desaparici\u00f3n de glaciares y la amenaza de la estabilidad global"}]},{"@type":"WebSite","@id":"https:\/\/noti-america.com\/site\/mexico\/#website","url":"https:\/\/noti-america.com\/site\/mexico\/","name":"M\u00e9xico | Noti-America.com","description":"","publisher":{"@id":"https:\/\/noti-america.com\/site\/mexico\/#organization"},"potentialAction":[{"@type":"SearchAction","target":{"@type":"EntryPoint","urlTemplate":"https:\/\/noti-america.com\/site\/mexico\/?s={search_term_string}"},"query-input":{"@type":"PropertyValueSpecification","valueRequired":true,"valueName":"search_term_string"}}],"inLanguage":"es"},{"@type":"Organization","@id":"https:\/\/noti-america.com\/site\/mexico\/#organization","name":"Noti-America LLC | M\u00e9xico","url":"https:\/\/noti-america.com\/site\/mexico\/","logo":{"@type":"ImageObject","inLanguage":"es","@id":"https:\/\/noti-america.com\/site\/mexico\/#\/schema\/logo\/image\/","url":"https:\/\/noti-america.com\/site\/mexico\/wp-content\/uploads\/sites\/13\/2020\/07\/LogoNA-4x3-1.jpg","contentUrl":"https:\/\/noti-america.com\/site\/mexico\/wp-content\/uploads\/sites\/13\/2020\/07\/LogoNA-4x3-1.jpg","width":1236,"height":1080,"caption":"Noti-America LLC | M\u00e9xico"},"image":{"@id":"https:\/\/noti-america.com\/site\/mexico\/#\/schema\/logo\/image\/"}},{"@type":"Person","@id":"https:\/\/noti-america.com\/site\/mexico\/#\/schema\/person\/22806efcc2cfc4b45efb0e17be210ea8","name":"Maria Valentina Noguera Medina","image":{"@type":"ImageObject","inLanguage":"es","@id":"https:\/\/secure.gravatar.com\/avatar\/4ec5eb9d099f2608a49c9df6f7341f66f04f819cdffa09d56a7a0e91d2819d56?s=96&d=mm&r=g","url":"https:\/\/secure.gravatar.com\/avatar\/4ec5eb9d099f2608a49c9df6f7341f66f04f819cdffa09d56a7a0e91d2819d56?s=96&d=mm&r=g","contentUrl":"https:\/\/secure.gravatar.com\/avatar\/4ec5eb9d099f2608a49c9df6f7341f66f04f819cdffa09d56a7a0e91d2819d56?s=96&d=mm&r=g","caption":"Maria Valentina Noguera Medina"},"description":"Periodista - noti-america - Promar Community Manager - Talento Plus Dise\u00f1adora\/ creadora de contenido...","sameAs":["Mar\u00eda Valentina Noguera","https:\/\/www.facebook.com\/mariavalentina.noguera","https:\/\/www.linkedin.com\/in\/mara-valentina-noguera-medina-373075165\/","https:\/\/www.pinterest.es\/valentinanoguera95\/","https:\/\/www.youtube.com\/channel\/UCdek6mbUZ-Tqqw0I63i4nmQ"],"url":"https:\/\/noti-america.com\/site\/mexico\/author\/mnoguera\/"}]}},"_links":{"self":[{"href":"https:\/\/noti-america.com\/site\/mexico\/wp-json\/wp\/v2\/posts\/15022","targetHints":{"allow":["GET"]}}],"collection":[{"href":"https:\/\/noti-america.com\/site\/mexico\/wp-json\/wp\/v2\/posts"}],"about":[{"href":"https:\/\/noti-america.com\/site\/mexico\/wp-json\/wp\/v2\/types\/post"}],"author":[{"embeddable":true,"href":"https:\/\/noti-america.com\/site\/mexico\/wp-json\/wp\/v2\/users\/133"}],"replies":[{"embeddable":true,"href":"https:\/\/noti-america.com\/site\/mexico\/wp-json\/wp\/v2\/comments?post=15022"}],"version-history":[{"count":1,"href":"https:\/\/noti-america.com\/site\/mexico\/wp-json\/wp\/v2\/posts\/15022\/revisions"}],"predecessor-version":[{"id":15024,"href":"https:\/\/noti-america.com\/site\/mexico\/wp-json\/wp\/v2\/posts\/15022\/revisions\/15024"}],"wp:featuredmedia":[{"embeddable":true,"href":"https:\/\/noti-america.com\/site\/mexico\/wp-json\/wp\/v2\/media\/15023"}],"wp:attachment":[{"href":"https:\/\/noti-america.com\/site\/mexico\/wp-json\/wp\/v2\/media?parent=15022"}],"wp:term":[{"taxonomy":"category","embeddable":true,"href":"https:\/\/noti-america.com\/site\/mexico\/wp-json\/wp\/v2\/categories?post=15022"},{"taxonomy":"post_tag","embeddable":true,"href":"https:\/\/noti-america.com\/site\/mexico\/wp-json\/wp\/v2\/tags?post=15022"}],"curies":[{"name":"wp","href":"https:\/\/api.w.org\/{rel}","templated":true}]}}