{"id":14716,"date":"2025-02-20T18:16:20","date_gmt":"2025-02-20T18:16:20","guid":{"rendered":"https:\/\/noti-america.com\/site\/mexico\/?p=14716"},"modified":"2025-02-20T18:16:20","modified_gmt":"2025-02-20T18:16:20","slug":"miguel-bose-vuelve-a-los-escenarios-con-su-gira-importante-tour-en-mexico","status":"publish","type":"post","link":"https:\/\/noti-america.com\/site\/mexico\/2025\/02\/20\/miguel-bose-vuelve-a-los-escenarios-con-su-gira-importante-tour-en-mexico\/","title":{"rendered":"Miguel Bos\u00e9 vuelve a los escenarios con su gira \u00abImportante Tour\u00bb en M\u00e9xico"},"content":{"rendered":"<p>NOTI-AMERICA.COM | M\u00c9XICO<\/p>\n<p style=\"text-align: justify\">El pr\u00f3ximo 27 de febrero el cantante espa\u00f1ol Miguel Bos\u00e9 vuelve a los escenarios con su nueva gira \u2018Importante Tour\u2019 en M\u00e9xico.<\/p>\n<p style=\"text-align: justify\">\u00abEstos a\u00f1os han sido dif\u00edcil, con todo tipo de problemas; f\u00edsicos, mentales, emocionales, existenciales, profesionales, y que empezaron por la pandemia\u201d, sostuvo el compositor nacido en Panam\u00e1, que tambi\u00e9n asegur\u00f3 haberse \u201creconstruido\u201d tras haber estado ocho a\u00f1os separado de la m\u00fasica.<\/p>\n<p style=\"text-align: justify\">Este nuevo Bos\u00e9, \u201creconstruido con las mismas piezas\u201d volvi\u00f3 a anunciar un nuevo disco que todav\u00eda no ha sido lanzado al mercado, adem\u00e1s de la ya reconocida serie \u2018Bos\u00e9 Renacido\u2019 (2023) con la que el cantante se mostr\u00f3 como \u201cun ser solar positivo, luminoso, lleno de fuerza, energ\u00eda y saludable\u201d.<\/p>\n","protected":false},"excerpt":{"rendered":"<p>NOTI-AMERICA.COM | M\u00c9XICO El pr\u00f3ximo 27 de febrero el cantante espa\u00f1ol Miguel Bos\u00e9 vuelve a los escenarios con su nueva gira \u2018Importante Tour\u2019 en M\u00e9xico. \u00abEstos a\u00f1os han sido dif\u00edcil, con todo tipo de&#46;&#46;&#46;<\/p>\n","protected":false},"author":133,"featured_media":14717,"comment_status":"open","ping_status":"open","sticky":false,"template":"","format":"image","meta":{"_acf_changed":false,"om_disable_all_campaigns":false,"rop_custom_images_group":[],"rop_custom_messages_group":[],"rop_publish_now":"initial","rop_publish_now_accounts":{"twitter_242054905_242054905":""},"rop_publish_now_history":[],"rop_publish_now_status":"pending","_uf_show_specific_survey":0,"_uf_disable_surveys":false,"footnotes":""},"categories":[8],"tags":[],"class_list":["post-14716","post","type-post","status-publish","format-image","has-post-thumbnail","hentry","category-arte-y-espectaculos","post_format-post-format-image"],"acf":[],"aioseo_notices":[],"yoast_head":"<!-- This site is optimized with the Yoast SEO Premium plugin v24.9 (Yoast SEO v27.2) - https:\/\/yoast.com\/product\/yoast-seo-premium-wordpress\/ -->\n<title>Miguel Bos\u00e9 vuelve a los escenarios con su gira &quot;Importante Tour&quot; en M\u00e9xico - M\u00e9xico<\/title>\n<meta name=\"robots\" content=\"index, follow, max-snippet:-1, max-image-preview:large, max-video-preview:-1\" \/>\n<link rel=\"canonical\" href=\"https:\/\/noti-america.com\/site\/mexico\/2025\/02\/20\/miguel-bose-vuelve-a-los-escenarios-con-su-gira-importante-tour-en-mexico\/\" \/>\n<meta property=\"og:locale\" content=\"es_ES\" \/>\n<meta property=\"og:type\" content=\"article\" \/>\n<meta property=\"og:title\" content=\"Miguel Bos\u00e9 vuelve a los escenarios con su gira &quot;Importante Tour&quot; en M\u00e9xico\" \/>\n<meta property=\"og:description\" content=\"NOTI-AMERICA.COM | M\u00c9XICO El pr\u00f3ximo 27 de febrero el cantante espa\u00f1ol Miguel Bos\u00e9 vuelve a los escenarios con su nueva gira \u2018Importante Tour\u2019 en M\u00e9xico. \u00abEstos a\u00f1os han sido dif\u00edcil, con todo tipo de&#046;&#046;&#046;\" \/>\n<meta property=\"og:url\" content=\"https:\/\/noti-america.com\/site\/mexico\/2025\/02\/20\/miguel-bose-vuelve-a-los-escenarios-con-su-gira-importante-tour-en-mexico\/\" \/>\n<meta property=\"og:site_name\" content=\"M\u00e9xico\" \/>\n<meta property=\"article:author\" content=\"Mar\u00eda Valentina Noguera\" \/>\n<meta property=\"article:published_time\" content=\"2025-02-20T18:16:20+00:00\" \/>\n<meta property=\"og:image\" content=\"https:\/\/noti-america.com\/site\/mexico\/wp-content\/uploads\/sites\/13\/2025\/02\/miguel-bose-1-e53f64.jpeg\" \/>\n\t<meta property=\"og:image:width\" content=\"800\" \/>\n\t<meta property=\"og:image:height\" content=\"500\" \/>\n\t<meta property=\"og:image:type\" content=\"image\/jpeg\" \/>\n<meta name=\"author\" content=\"Maria Valentina Noguera Medina\" \/>\n<meta name=\"twitter:card\" content=\"summary_large_image\" \/>\n<meta name=\"twitter:label1\" content=\"Escrito por\" \/>\n\t<meta name=\"twitter:data1\" content=\"Maria Valentina Noguera Medina\" \/>\n\t<meta name=\"twitter:label2\" content=\"Tiempo estimado de lectura\" \/>\n\t<meta name=\"twitter:data2\" content=\"1 minuto\" \/>\n<script type=\"application\/ld+json\" class=\"yoast-schema-graph\">{\"@context\":\"https:\/\/schema.org\",\"@graph\":[{\"@type\":\"Article\",\"@id\":\"https:\/\/noti-america.com\/site\/mexico\/2025\/02\/20\/miguel-bose-vuelve-a-los-escenarios-con-su-gira-importante-tour-en-mexico\/#article\",\"isPartOf\":{\"@id\":\"https:\/\/noti-america.com\/site\/mexico\/2025\/02\/20\/miguel-bose-vuelve-a-los-escenarios-con-su-gira-importante-tour-en-mexico\/\"},\"author\":{\"name\":\"Maria Valentina Noguera Medina\",\"@id\":\"https:\/\/noti-america.com\/site\/mexico\/#\/schema\/person\/22806efcc2cfc4b45efb0e17be210ea8\"},\"headline\":\"Miguel Bos\u00e9 vuelve a los escenarios con su gira \u00abImportante Tour\u00bb en M\u00e9xico\",\"datePublished\":\"2025-02-20T18:16:20+00:00\",\"mainEntityOfPage\":{\"@id\":\"https:\/\/noti-america.com\/site\/mexico\/2025\/02\/20\/miguel-bose-vuelve-a-los-escenarios-con-su-gira-importante-tour-en-mexico\/\"},\"wordCount\":141,\"commentCount\":0,\"publisher\":{\"@id\":\"https:\/\/noti-america.com\/site\/mexico\/#organization\"},\"image\":{\"@id\":\"https:\/\/noti-america.com\/site\/mexico\/2025\/02\/20\/miguel-bose-vuelve-a-los-escenarios-con-su-gira-importante-tour-en-mexico\/#primaryimage\"},\"thumbnailUrl\":\"https:\/\/noti-america.com\/site\/mexico\/wp-content\/uploads\/sites\/13\/2025\/02\/miguel-bose-1-e53f64.jpeg\",\"articleSection\":[\"Arte y Espect\u00e1culos\"],\"inLanguage\":\"es\",\"potentialAction\":[{\"@type\":\"CommentAction\",\"name\":\"Comment\",\"target\":[\"https:\/\/noti-america.com\/site\/mexico\/2025\/02\/20\/miguel-bose-vuelve-a-los-escenarios-con-su-gira-importante-tour-en-mexico\/#respond\"]}]},{\"@type\":\"WebPage\",\"@id\":\"https:\/\/noti-america.com\/site\/mexico\/2025\/02\/20\/miguel-bose-vuelve-a-los-escenarios-con-su-gira-importante-tour-en-mexico\/\",\"url\":\"https:\/\/noti-america.com\/site\/mexico\/2025\/02\/20\/miguel-bose-vuelve-a-los-escenarios-con-su-gira-importante-tour-en-mexico\/\",\"name\":\"Miguel Bos\u00e9 vuelve a los escenarios con su gira \\\"Importante Tour\\\" en M\u00e9xico - M\u00e9xico\",\"isPartOf\":{\"@id\":\"https:\/\/noti-america.com\/site\/mexico\/#website\"},\"primaryImageOfPage\":{\"@id\":\"https:\/\/noti-america.com\/site\/mexico\/2025\/02\/20\/miguel-bose-vuelve-a-los-escenarios-con-su-gira-importante-tour-en-mexico\/#primaryimage\"},\"image\":{\"@id\":\"https:\/\/noti-america.com\/site\/mexico\/2025\/02\/20\/miguel-bose-vuelve-a-los-escenarios-con-su-gira-importante-tour-en-mexico\/#primaryimage\"},\"thumbnailUrl\":\"https:\/\/noti-america.com\/site\/mexico\/wp-content\/uploads\/sites\/13\/2025\/02\/miguel-bose-1-e53f64.jpeg\",\"datePublished\":\"2025-02-20T18:16:20+00:00\",\"breadcrumb\":{\"@id\":\"https:\/\/noti-america.com\/site\/mexico\/2025\/02\/20\/miguel-bose-vuelve-a-los-escenarios-con-su-gira-importante-tour-en-mexico\/#breadcrumb\"},\"inLanguage\":\"es\",\"potentialAction\":[{\"@type\":\"ReadAction\",\"target\":[\"https:\/\/noti-america.com\/site\/mexico\/2025\/02\/20\/miguel-bose-vuelve-a-los-escenarios-con-su-gira-importante-tour-en-mexico\/\"]}]},{\"@type\":\"ImageObject\",\"inLanguage\":\"es\",\"@id\":\"https:\/\/noti-america.com\/site\/mexico\/2025\/02\/20\/miguel-bose-vuelve-a-los-escenarios-con-su-gira-importante-tour-en-mexico\/#primaryimage\",\"url\":\"https:\/\/noti-america.com\/site\/mexico\/wp-content\/uploads\/sites\/13\/2025\/02\/miguel-bose-1-e53f64.jpeg\",\"contentUrl\":\"https:\/\/noti-america.com\/site\/mexico\/wp-content\/uploads\/sites\/13\/2025\/02\/miguel-bose-1-e53f64.jpeg\",\"width\":800,\"height\":500},{\"@type\":\"BreadcrumbList\",\"@id\":\"https:\/\/noti-america.com\/site\/mexico\/2025\/02\/20\/miguel-bose-vuelve-a-los-escenarios-con-su-gira-importante-tour-en-mexico\/#breadcrumb\",\"itemListElement\":[{\"@type\":\"ListItem\",\"position\":1,\"name\":\"Portada\",\"item\":\"https:\/\/noti-america.com\/site\/mexico\/\"},{\"@type\":\"ListItem\",\"position\":2,\"name\":\"Miguel Bos\u00e9 vuelve a los escenarios con su gira \u00abImportante Tour\u00bb en M\u00e9xico\"}]},{\"@type\":\"WebSite\",\"@id\":\"https:\/\/noti-america.com\/site\/mexico\/#website\",\"url\":\"https:\/\/noti-america.com\/site\/mexico\/\",\"name\":\"M\u00e9xico | Noti-America.com\",\"description\":\"\",\"publisher\":{\"@id\":\"https:\/\/noti-america.com\/site\/mexico\/#organization\"},\"potentialAction\":[{\"@type\":\"SearchAction\",\"target\":{\"@type\":\"EntryPoint\",\"urlTemplate\":\"https:\/\/noti-america.com\/site\/mexico\/?s={search_term_string}\"},\"query-input\":{\"@type\":\"PropertyValueSpecification\",\"valueRequired\":true,\"valueName\":\"search_term_string\"}}],\"inLanguage\":\"es\"},{\"@type\":\"Organization\",\"@id\":\"https:\/\/noti-america.com\/site\/mexico\/#organization\",\"name\":\"Noti-America LLC | M\u00e9xico\",\"url\":\"https:\/\/noti-america.com\/site\/mexico\/\",\"logo\":{\"@type\":\"ImageObject\",\"inLanguage\":\"es\",\"@id\":\"https:\/\/noti-america.com\/site\/mexico\/#\/schema\/logo\/image\/\",\"url\":\"https:\/\/noti-america.com\/site\/mexico\/wp-content\/uploads\/sites\/13\/2020\/07\/LogoNA-4x3-1.jpg\",\"contentUrl\":\"https:\/\/noti-america.com\/site\/mexico\/wp-content\/uploads\/sites\/13\/2020\/07\/LogoNA-4x3-1.jpg\",\"width\":1236,\"height\":1080,\"caption\":\"Noti-America LLC | M\u00e9xico\"},\"image\":{\"@id\":\"https:\/\/noti-america.com\/site\/mexico\/#\/schema\/logo\/image\/\"}},{\"@type\":\"Person\",\"@id\":\"https:\/\/noti-america.com\/site\/mexico\/#\/schema\/person\/22806efcc2cfc4b45efb0e17be210ea8\",\"name\":\"Maria Valentina Noguera Medina\",\"image\":{\"@type\":\"ImageObject\",\"inLanguage\":\"es\",\"@id\":\"https:\/\/secure.gravatar.com\/avatar\/4ec5eb9d099f2608a49c9df6f7341f66f04f819cdffa09d56a7a0e91d2819d56?s=96&d=mm&r=g\",\"url\":\"https:\/\/secure.gravatar.com\/avatar\/4ec5eb9d099f2608a49c9df6f7341f66f04f819cdffa09d56a7a0e91d2819d56?s=96&d=mm&r=g\",\"contentUrl\":\"https:\/\/secure.gravatar.com\/avatar\/4ec5eb9d099f2608a49c9df6f7341f66f04f819cdffa09d56a7a0e91d2819d56?s=96&d=mm&r=g\",\"caption\":\"Maria Valentina Noguera Medina\"},\"description\":\"Periodista - noti-america - Promar Community Manager - Talento Plus Dise\u00f1adora\/ creadora de contenido...\",\"sameAs\":[\"Mar\u00eda Valentina Noguera\",\"https:\/\/www.facebook.com\/mariavalentina.noguera\",\"https:\/\/www.linkedin.com\/in\/mara-valentina-noguera-medina-373075165\/\",\"https:\/\/www.pinterest.es\/valentinanoguera95\/\",\"https:\/\/www.youtube.com\/channel\/UCdek6mbUZ-Tqqw0I63i4nmQ\"],\"url\":\"https:\/\/noti-america.com\/site\/mexico\/author\/mnoguera\/\"}]}<\/script>\n<!-- \/ Yoast SEO Premium plugin. -->","yoast_head_json":{"title":"Miguel Bos\u00e9 vuelve a los escenarios con su gira \"Importante Tour\" en M\u00e9xico - M\u00e9xico","robots":{"index":"index","follow":"follow","max-snippet":"max-snippet:-1","max-image-preview":"max-image-preview:large","max-video-preview":"max-video-preview:-1"},"canonical":"https:\/\/noti-america.com\/site\/mexico\/2025\/02\/20\/miguel-bose-vuelve-a-los-escenarios-con-su-gira-importante-tour-en-mexico\/","og_locale":"es_ES","og_type":"article","og_title":"Miguel Bos\u00e9 vuelve a los escenarios con su gira \"Importante Tour\" en M\u00e9xico","og_description":"NOTI-AMERICA.COM | M\u00c9XICO El pr\u00f3ximo 27 de febrero el cantante espa\u00f1ol Miguel Bos\u00e9 vuelve a los escenarios con su nueva gira \u2018Importante Tour\u2019 en M\u00e9xico. \u00abEstos a\u00f1os han sido dif\u00edcil, con todo tipo de&#46;&#46;&#46;","og_url":"https:\/\/noti-america.com\/site\/mexico\/2025\/02\/20\/miguel-bose-vuelve-a-los-escenarios-con-su-gira-importante-tour-en-mexico\/","og_site_name":"M\u00e9xico","article_author":"Mar\u00eda Valentina Noguera","article_published_time":"2025-02-20T18:16:20+00:00","og_image":[{"width":800,"height":500,"url":"https:\/\/noti-america.com\/site\/mexico\/wp-content\/uploads\/sites\/13\/2025\/02\/miguel-bose-1-e53f64.jpeg","type":"image\/jpeg"}],"author":"Maria Valentina Noguera Medina","twitter_card":"summary_large_image","twitter_misc":{"Escrito por":"Maria Valentina Noguera Medina","Tiempo estimado de lectura":"1 minuto"},"schema":{"@context":"https:\/\/schema.org","@graph":[{"@type":"Article","@id":"https:\/\/noti-america.com\/site\/mexico\/2025\/02\/20\/miguel-bose-vuelve-a-los-escenarios-con-su-gira-importante-tour-en-mexico\/#article","isPartOf":{"@id":"https:\/\/noti-america.com\/site\/mexico\/2025\/02\/20\/miguel-bose-vuelve-a-los-escenarios-con-su-gira-importante-tour-en-mexico\/"},"author":{"name":"Maria Valentina Noguera Medina","@id":"https:\/\/noti-america.com\/site\/mexico\/#\/schema\/person\/22806efcc2cfc4b45efb0e17be210ea8"},"headline":"Miguel Bos\u00e9 vuelve a los escenarios con su gira \u00abImportante Tour\u00bb en M\u00e9xico","datePublished":"2025-02-20T18:16:20+00:00","mainEntityOfPage":{"@id":"https:\/\/noti-america.com\/site\/mexico\/2025\/02\/20\/miguel-bose-vuelve-a-los-escenarios-con-su-gira-importante-tour-en-mexico\/"},"wordCount":141,"commentCount":0,"publisher":{"@id":"https:\/\/noti-america.com\/site\/mexico\/#organization"},"image":{"@id":"https:\/\/noti-america.com\/site\/mexico\/2025\/02\/20\/miguel-bose-vuelve-a-los-escenarios-con-su-gira-importante-tour-en-mexico\/#primaryimage"},"thumbnailUrl":"https:\/\/noti-america.com\/site\/mexico\/wp-content\/uploads\/sites\/13\/2025\/02\/miguel-bose-1-e53f64.jpeg","articleSection":["Arte y Espect\u00e1culos"],"inLanguage":"es","potentialAction":[{"@type":"CommentAction","name":"Comment","target":["https:\/\/noti-america.com\/site\/mexico\/2025\/02\/20\/miguel-bose-vuelve-a-los-escenarios-con-su-gira-importante-tour-en-mexico\/#respond"]}]},{"@type":"WebPage","@id":"https:\/\/noti-america.com\/site\/mexico\/2025\/02\/20\/miguel-bose-vuelve-a-los-escenarios-con-su-gira-importante-tour-en-mexico\/","url":"https:\/\/noti-america.com\/site\/mexico\/2025\/02\/20\/miguel-bose-vuelve-a-los-escenarios-con-su-gira-importante-tour-en-mexico\/","name":"Miguel Bos\u00e9 vuelve a los escenarios con su gira \"Importante Tour\" en M\u00e9xico - M\u00e9xico","isPartOf":{"@id":"https:\/\/noti-america.com\/site\/mexico\/#website"},"primaryImageOfPage":{"@id":"https:\/\/noti-america.com\/site\/mexico\/2025\/02\/20\/miguel-bose-vuelve-a-los-escenarios-con-su-gira-importante-tour-en-mexico\/#primaryimage"},"image":{"@id":"https:\/\/noti-america.com\/site\/mexico\/2025\/02\/20\/miguel-bose-vuelve-a-los-escenarios-con-su-gira-importante-tour-en-mexico\/#primaryimage"},"thumbnailUrl":"https:\/\/noti-america.com\/site\/mexico\/wp-content\/uploads\/sites\/13\/2025\/02\/miguel-bose-1-e53f64.jpeg","datePublished":"2025-02-20T18:16:20+00:00","breadcrumb":{"@id":"https:\/\/noti-america.com\/site\/mexico\/2025\/02\/20\/miguel-bose-vuelve-a-los-escenarios-con-su-gira-importante-tour-en-mexico\/#breadcrumb"},"inLanguage":"es","potentialAction":[{"@type":"ReadAction","target":["https:\/\/noti-america.com\/site\/mexico\/2025\/02\/20\/miguel-bose-vuelve-a-los-escenarios-con-su-gira-importante-tour-en-mexico\/"]}]},{"@type":"ImageObject","inLanguage":"es","@id":"https:\/\/noti-america.com\/site\/mexico\/2025\/02\/20\/miguel-bose-vuelve-a-los-escenarios-con-su-gira-importante-tour-en-mexico\/#primaryimage","url":"https:\/\/noti-america.com\/site\/mexico\/wp-content\/uploads\/sites\/13\/2025\/02\/miguel-bose-1-e53f64.jpeg","contentUrl":"https:\/\/noti-america.com\/site\/mexico\/wp-content\/uploads\/sites\/13\/2025\/02\/miguel-bose-1-e53f64.jpeg","width":800,"height":500},{"@type":"BreadcrumbList","@id":"https:\/\/noti-america.com\/site\/mexico\/2025\/02\/20\/miguel-bose-vuelve-a-los-escenarios-con-su-gira-importante-tour-en-mexico\/#breadcrumb","itemListElement":[{"@type":"ListItem","position":1,"name":"Portada","item":"https:\/\/noti-america.com\/site\/mexico\/"},{"@type":"ListItem","position":2,"name":"Miguel Bos\u00e9 vuelve a los escenarios con su gira \u00abImportante Tour\u00bb en M\u00e9xico"}]},{"@type":"WebSite","@id":"https:\/\/noti-america.com\/site\/mexico\/#website","url":"https:\/\/noti-america.com\/site\/mexico\/","name":"M\u00e9xico | Noti-America.com","description":"","publisher":{"@id":"https:\/\/noti-america.com\/site\/mexico\/#organization"},"potentialAction":[{"@type":"SearchAction","target":{"@type":"EntryPoint","urlTemplate":"https:\/\/noti-america.com\/site\/mexico\/?s={search_term_string}"},"query-input":{"@type":"PropertyValueSpecification","valueRequired":true,"valueName":"search_term_string"}}],"inLanguage":"es"},{"@type":"Organization","@id":"https:\/\/noti-america.com\/site\/mexico\/#organization","name":"Noti-America LLC | M\u00e9xico","url":"https:\/\/noti-america.com\/site\/mexico\/","logo":{"@type":"ImageObject","inLanguage":"es","@id":"https:\/\/noti-america.com\/site\/mexico\/#\/schema\/logo\/image\/","url":"https:\/\/noti-america.com\/site\/mexico\/wp-content\/uploads\/sites\/13\/2020\/07\/LogoNA-4x3-1.jpg","contentUrl":"https:\/\/noti-america.com\/site\/mexico\/wp-content\/uploads\/sites\/13\/2020\/07\/LogoNA-4x3-1.jpg","width":1236,"height":1080,"caption":"Noti-America LLC | M\u00e9xico"},"image":{"@id":"https:\/\/noti-america.com\/site\/mexico\/#\/schema\/logo\/image\/"}},{"@type":"Person","@id":"https:\/\/noti-america.com\/site\/mexico\/#\/schema\/person\/22806efcc2cfc4b45efb0e17be210ea8","name":"Maria Valentina Noguera Medina","image":{"@type":"ImageObject","inLanguage":"es","@id":"https:\/\/secure.gravatar.com\/avatar\/4ec5eb9d099f2608a49c9df6f7341f66f04f819cdffa09d56a7a0e91d2819d56?s=96&d=mm&r=g","url":"https:\/\/secure.gravatar.com\/avatar\/4ec5eb9d099f2608a49c9df6f7341f66f04f819cdffa09d56a7a0e91d2819d56?s=96&d=mm&r=g","contentUrl":"https:\/\/secure.gravatar.com\/avatar\/4ec5eb9d099f2608a49c9df6f7341f66f04f819cdffa09d56a7a0e91d2819d56?s=96&d=mm&r=g","caption":"Maria Valentina Noguera Medina"},"description":"Periodista - noti-america - Promar Community Manager - Talento Plus Dise\u00f1adora\/ creadora de contenido...","sameAs":["Mar\u00eda Valentina Noguera","https:\/\/www.facebook.com\/mariavalentina.noguera","https:\/\/www.linkedin.com\/in\/mara-valentina-noguera-medina-373075165\/","https:\/\/www.pinterest.es\/valentinanoguera95\/","https:\/\/www.youtube.com\/channel\/UCdek6mbUZ-Tqqw0I63i4nmQ"],"url":"https:\/\/noti-america.com\/site\/mexico\/author\/mnoguera\/"}]}},"_links":{"self":[{"href":"https:\/\/noti-america.com\/site\/mexico\/wp-json\/wp\/v2\/posts\/14716","targetHints":{"allow":["GET"]}}],"collection":[{"href":"https:\/\/noti-america.com\/site\/mexico\/wp-json\/wp\/v2\/posts"}],"about":[{"href":"https:\/\/noti-america.com\/site\/mexico\/wp-json\/wp\/v2\/types\/post"}],"author":[{"embeddable":true,"href":"https:\/\/noti-america.com\/site\/mexico\/wp-json\/wp\/v2\/users\/133"}],"replies":[{"embeddable":true,"href":"https:\/\/noti-america.com\/site\/mexico\/wp-json\/wp\/v2\/comments?post=14716"}],"version-history":[{"count":1,"href":"https:\/\/noti-america.com\/site\/mexico\/wp-json\/wp\/v2\/posts\/14716\/revisions"}],"predecessor-version":[{"id":14718,"href":"https:\/\/noti-america.com\/site\/mexico\/wp-json\/wp\/v2\/posts\/14716\/revisions\/14718"}],"wp:featuredmedia":[{"embeddable":true,"href":"https:\/\/noti-america.com\/site\/mexico\/wp-json\/wp\/v2\/media\/14717"}],"wp:attachment":[{"href":"https:\/\/noti-america.com\/site\/mexico\/wp-json\/wp\/v2\/media?parent=14716"}],"wp:term":[{"taxonomy":"category","embeddable":true,"href":"https:\/\/noti-america.com\/site\/mexico\/wp-json\/wp\/v2\/categories?post=14716"},{"taxonomy":"post_tag","embeddable":true,"href":"https:\/\/noti-america.com\/site\/mexico\/wp-json\/wp\/v2\/tags?post=14716"}],"curies":[{"name":"wp","href":"https:\/\/api.w.org\/{rel}","templated":true}]}}