{"id":14572,"date":"2025-02-10T18:00:12","date_gmt":"2025-02-10T18:00:12","guid":{"rendered":"https:\/\/noti-america.com\/site\/mexico\/?p=14572"},"modified":"2025-02-10T18:00:12","modified_gmt":"2025-02-10T18:00:12","slug":"el-47-y-la-infiltrada-ganan-exaequo-el-goya-a-la-mejor-pelicula-2025","status":"publish","type":"post","link":"https:\/\/noti-america.com\/site\/mexico\/2025\/02\/10\/el-47-y-la-infiltrada-ganan-exaequo-el-goya-a-la-mejor-pelicula-2025\/","title":{"rendered":"\u2018El 47\u2019 y \u2018La infiltrada\u2019 ganan \u2018exaequo\u2019 el Goya a la mejor pel\u00edcula 2025"},"content":{"rendered":"<p>NOTI-AMERICA.COM | M\u00c9XICO<\/p>\n<p>\u2018El 47\u2019, dirigida por Marcel Barrena y \u2018La infiltrada\u2019 de Arantxa Echevarr\u00eda, obtuvieron exaequo el Goya a la mejor pel\u00edcula en la 39 edici\u00f3n de estos premios de la Academia de Cine espa\u00f1ola, donde el filme de Barrena fue el m\u00e1s premiado, con cinco galardones.<\/p>\n<p>Es la primera vez en la historia de estos premios en que el galard\u00f3n m\u00e1s importante, el de mejor pel\u00edcula, se reparte entre dos t\u00edtulos.<\/p>\n<p>\u2018El 47\u2019, una historia de h\u00e9roes an\u00f3nimos de la clase obrera, basada en hechos reales y dirigida por Marcel Barrena, se llev\u00f3 tambi\u00e9n los Goya a mejor actor y actriz de reparto, para Salva Reina y Clara Segura, direcci\u00f3n de producci\u00f3n y efectos especiales.<\/p>\n<p>\u2018La infiltrada\u2019, el filme basado en la historia real de una polic\u00eda que enga\u00f1\u00f3 a la banda terrorista ETA, se lleva tambi\u00e9n el de mejor actriz para Carolina Yuste.<\/p>\n<p>El palmar\u00e9s estuvo muy repartido. \u2018Segundo premio\u2019 de Isaki Lacuesta y Pol Rodr\u00edguez, se llev\u00f3 mejor direcci\u00f3n, sonido y montaje. El mismo n\u00famero de premios fue para \u2018La habitaci\u00f3n de al lado\u2019 de Pedro Almod\u00f3var, que gan\u00f3 mejor guion adaptado, m\u00fasica y fotograf\u00eda.<\/p>\n<p>Para \u2018La virgen roja\u2019 de Paula Ortiz fueron los de vestuario y direcci\u00f3n art\u00edstica y tambi\u00e9n se llevaron dos, canci\u00f3n original y mejor documental, \u2018La guitarra flamenca de Yerai Cort\u00e9s\u2019 de Ant\u00f3n \u00c1lvarez (C. Tangana).<\/p>\n<p>El Goya a mejor actor protagonista fue para Eduard Fern\u00e1ndez por \u2018Marco\u2019, pel\u00edcula que tambi\u00e9n se lleva el premio al mejor maquillaje y peluquer\u00eda, y el de mejor guion original fue a parar a \u2018Casa en llamas\u2019, dirigida por Dani de la Orden.<\/p>\n<p>\u2018El 47\u2019 gira en torno a Manuel Vidal, un conductor de autobuses y sindicalista que en la Barcelona de los a\u00f1os 70 luch\u00f3 por llevar el transporte p\u00fablico al barrio de Torre Bar\u00f3.<\/p>\n","protected":false},"excerpt":{"rendered":"<p>NOTI-AMERICA.COM | M\u00c9XICO \u2018El 47\u2019, dirigida por Marcel Barrena y \u2018La infiltrada\u2019 de Arantxa Echevarr\u00eda, obtuvieron exaequo el Goya a la mejor pel\u00edcula en la 39 edici\u00f3n de estos premios de la Academia de&#46;&#46;&#46;<\/p>\n","protected":false},"author":133,"featured_media":14573,"comment_status":"open","ping_status":"open","sticky":false,"template":"","format":"image","meta":{"_acf_changed":false,"om_disable_all_campaigns":false,"rop_custom_images_group":[],"rop_custom_messages_group":[],"rop_publish_now":"initial","rop_publish_now_accounts":{"twitter_242054905_242054905":""},"rop_publish_now_history":[],"rop_publish_now_status":"pending","_uf_show_specific_survey":0,"_uf_disable_surveys":false,"footnotes":""},"categories":[705],"tags":[],"class_list":["post-14572","post","type-post","status-publish","format-image","has-post-thumbnail","hentry","category-entretenimiento","post_format-post-format-image"],"acf":[],"aioseo_notices":[],"yoast_head":"<!-- This site is optimized with the Yoast SEO Premium plugin v24.9 (Yoast SEO v27.2) - https:\/\/yoast.com\/product\/yoast-seo-premium-wordpress\/ -->\n<title>\u2018El 47\u2019 y \u2018La infiltrada\u2019 ganan \u2018exaequo\u2019 el Goya a la mejor pel\u00edcula 2025 - M\u00e9xico<\/title>\n<meta name=\"robots\" content=\"index, follow, max-snippet:-1, max-image-preview:large, max-video-preview:-1\" \/>\n<link rel=\"canonical\" href=\"https:\/\/noti-america.com\/site\/mexico\/2025\/02\/10\/el-47-y-la-infiltrada-ganan-exaequo-el-goya-a-la-mejor-pelicula-2025\/\" \/>\n<meta property=\"og:locale\" content=\"es_ES\" \/>\n<meta property=\"og:type\" content=\"article\" \/>\n<meta property=\"og:title\" content=\"\u2018El 47\u2019 y \u2018La infiltrada\u2019 ganan \u2018exaequo\u2019 el Goya a la mejor pel\u00edcula 2025\" \/>\n<meta property=\"og:description\" content=\"NOTI-AMERICA.COM | M\u00c9XICO \u2018El 47\u2019, dirigida por Marcel Barrena y \u2018La infiltrada\u2019 de Arantxa Echevarr\u00eda, obtuvieron exaequo el Goya a la mejor pel\u00edcula en la 39 edici\u00f3n de estos premios de la Academia de&#046;&#046;&#046;\" \/>\n<meta property=\"og:url\" content=\"https:\/\/noti-america.com\/site\/mexico\/2025\/02\/10\/el-47-y-la-infiltrada-ganan-exaequo-el-goya-a-la-mejor-pelicula-2025\/\" \/>\n<meta property=\"og:site_name\" content=\"M\u00e9xico\" \/>\n<meta property=\"article:author\" content=\"Mar\u00eda Valentina Noguera\" \/>\n<meta property=\"article:published_time\" content=\"2025-02-10T18:00:12+00:00\" \/>\n<meta property=\"og:image\" content=\"https:\/\/noti-america.com\/site\/mexico\/wp-content\/uploads\/sites\/13\/2025\/02\/El-47-y-La-infiltrada-ganan.jpg\" \/>\n\t<meta property=\"og:image:width\" content=\"620\" \/>\n\t<meta property=\"og:image:height\" content=\"400\" \/>\n\t<meta property=\"og:image:type\" content=\"image\/jpeg\" \/>\n<meta name=\"author\" content=\"Maria Valentina Noguera Medina\" \/>\n<meta name=\"twitter:card\" content=\"summary_large_image\" \/>\n<meta name=\"twitter:label1\" content=\"Escrito por\" \/>\n\t<meta name=\"twitter:data1\" content=\"Maria Valentina Noguera Medina\" \/>\n\t<meta name=\"twitter:label2\" content=\"Tiempo estimado de lectura\" \/>\n\t<meta name=\"twitter:data2\" content=\"2 minutos\" \/>\n<script type=\"application\/ld+json\" class=\"yoast-schema-graph\">{\"@context\":\"https:\/\/schema.org\",\"@graph\":[{\"@type\":\"Article\",\"@id\":\"https:\/\/noti-america.com\/site\/mexico\/2025\/02\/10\/el-47-y-la-infiltrada-ganan-exaequo-el-goya-a-la-mejor-pelicula-2025\/#article\",\"isPartOf\":{\"@id\":\"https:\/\/noti-america.com\/site\/mexico\/2025\/02\/10\/el-47-y-la-infiltrada-ganan-exaequo-el-goya-a-la-mejor-pelicula-2025\/\"},\"author\":{\"name\":\"Maria Valentina Noguera Medina\",\"@id\":\"https:\/\/noti-america.com\/site\/mexico\/#\/schema\/person\/22806efcc2cfc4b45efb0e17be210ea8\"},\"headline\":\"\u2018El 47\u2019 y \u2018La infiltrada\u2019 ganan \u2018exaequo\u2019 el Goya a la mejor pel\u00edcula 2025\",\"datePublished\":\"2025-02-10T18:00:12+00:00\",\"mainEntityOfPage\":{\"@id\":\"https:\/\/noti-america.com\/site\/mexico\/2025\/02\/10\/el-47-y-la-infiltrada-ganan-exaequo-el-goya-a-la-mejor-pelicula-2025\/\"},\"wordCount\":345,\"commentCount\":0,\"publisher\":{\"@id\":\"https:\/\/noti-america.com\/site\/mexico\/#organization\"},\"image\":{\"@id\":\"https:\/\/noti-america.com\/site\/mexico\/2025\/02\/10\/el-47-y-la-infiltrada-ganan-exaequo-el-goya-a-la-mejor-pelicula-2025\/#primaryimage\"},\"thumbnailUrl\":\"https:\/\/noti-america.com\/site\/mexico\/wp-content\/uploads\/sites\/13\/2025\/02\/El-47-y-La-infiltrada-ganan.jpg\",\"articleSection\":[\"Entretenimiento\"],\"inLanguage\":\"es\",\"potentialAction\":[{\"@type\":\"CommentAction\",\"name\":\"Comment\",\"target\":[\"https:\/\/noti-america.com\/site\/mexico\/2025\/02\/10\/el-47-y-la-infiltrada-ganan-exaequo-el-goya-a-la-mejor-pelicula-2025\/#respond\"]}]},{\"@type\":\"WebPage\",\"@id\":\"https:\/\/noti-america.com\/site\/mexico\/2025\/02\/10\/el-47-y-la-infiltrada-ganan-exaequo-el-goya-a-la-mejor-pelicula-2025\/\",\"url\":\"https:\/\/noti-america.com\/site\/mexico\/2025\/02\/10\/el-47-y-la-infiltrada-ganan-exaequo-el-goya-a-la-mejor-pelicula-2025\/\",\"name\":\"\u2018El 47\u2019 y \u2018La infiltrada\u2019 ganan \u2018exaequo\u2019 el Goya a la mejor pel\u00edcula 2025 - M\u00e9xico\",\"isPartOf\":{\"@id\":\"https:\/\/noti-america.com\/site\/mexico\/#website\"},\"primaryImageOfPage\":{\"@id\":\"https:\/\/noti-america.com\/site\/mexico\/2025\/02\/10\/el-47-y-la-infiltrada-ganan-exaequo-el-goya-a-la-mejor-pelicula-2025\/#primaryimage\"},\"image\":{\"@id\":\"https:\/\/noti-america.com\/site\/mexico\/2025\/02\/10\/el-47-y-la-infiltrada-ganan-exaequo-el-goya-a-la-mejor-pelicula-2025\/#primaryimage\"},\"thumbnailUrl\":\"https:\/\/noti-america.com\/site\/mexico\/wp-content\/uploads\/sites\/13\/2025\/02\/El-47-y-La-infiltrada-ganan.jpg\",\"datePublished\":\"2025-02-10T18:00:12+00:00\",\"breadcrumb\":{\"@id\":\"https:\/\/noti-america.com\/site\/mexico\/2025\/02\/10\/el-47-y-la-infiltrada-ganan-exaequo-el-goya-a-la-mejor-pelicula-2025\/#breadcrumb\"},\"inLanguage\":\"es\",\"potentialAction\":[{\"@type\":\"ReadAction\",\"target\":[\"https:\/\/noti-america.com\/site\/mexico\/2025\/02\/10\/el-47-y-la-infiltrada-ganan-exaequo-el-goya-a-la-mejor-pelicula-2025\/\"]}]},{\"@type\":\"ImageObject\",\"inLanguage\":\"es\",\"@id\":\"https:\/\/noti-america.com\/site\/mexico\/2025\/02\/10\/el-47-y-la-infiltrada-ganan-exaequo-el-goya-a-la-mejor-pelicula-2025\/#primaryimage\",\"url\":\"https:\/\/noti-america.com\/site\/mexico\/wp-content\/uploads\/sites\/13\/2025\/02\/El-47-y-La-infiltrada-ganan.jpg\",\"contentUrl\":\"https:\/\/noti-america.com\/site\/mexico\/wp-content\/uploads\/sites\/13\/2025\/02\/El-47-y-La-infiltrada-ganan.jpg\",\"width\":620,\"height\":400},{\"@type\":\"BreadcrumbList\",\"@id\":\"https:\/\/noti-america.com\/site\/mexico\/2025\/02\/10\/el-47-y-la-infiltrada-ganan-exaequo-el-goya-a-la-mejor-pelicula-2025\/#breadcrumb\",\"itemListElement\":[{\"@type\":\"ListItem\",\"position\":1,\"name\":\"Portada\",\"item\":\"https:\/\/noti-america.com\/site\/mexico\/\"},{\"@type\":\"ListItem\",\"position\":2,\"name\":\"\u2018El 47\u2019 y \u2018La infiltrada\u2019 ganan \u2018exaequo\u2019 el Goya a la mejor pel\u00edcula 2025\"}]},{\"@type\":\"WebSite\",\"@id\":\"https:\/\/noti-america.com\/site\/mexico\/#website\",\"url\":\"https:\/\/noti-america.com\/site\/mexico\/\",\"name\":\"M\u00e9xico | Noti-America.com\",\"description\":\"\",\"publisher\":{\"@id\":\"https:\/\/noti-america.com\/site\/mexico\/#organization\"},\"potentialAction\":[{\"@type\":\"SearchAction\",\"target\":{\"@type\":\"EntryPoint\",\"urlTemplate\":\"https:\/\/noti-america.com\/site\/mexico\/?s={search_term_string}\"},\"query-input\":{\"@type\":\"PropertyValueSpecification\",\"valueRequired\":true,\"valueName\":\"search_term_string\"}}],\"inLanguage\":\"es\"},{\"@type\":\"Organization\",\"@id\":\"https:\/\/noti-america.com\/site\/mexico\/#organization\",\"name\":\"Noti-America LLC | M\u00e9xico\",\"url\":\"https:\/\/noti-america.com\/site\/mexico\/\",\"logo\":{\"@type\":\"ImageObject\",\"inLanguage\":\"es\",\"@id\":\"https:\/\/noti-america.com\/site\/mexico\/#\/schema\/logo\/image\/\",\"url\":\"https:\/\/noti-america.com\/site\/mexico\/wp-content\/uploads\/sites\/13\/2020\/07\/LogoNA-4x3-1.jpg\",\"contentUrl\":\"https:\/\/noti-america.com\/site\/mexico\/wp-content\/uploads\/sites\/13\/2020\/07\/LogoNA-4x3-1.jpg\",\"width\":1236,\"height\":1080,\"caption\":\"Noti-America LLC | M\u00e9xico\"},\"image\":{\"@id\":\"https:\/\/noti-america.com\/site\/mexico\/#\/schema\/logo\/image\/\"}},{\"@type\":\"Person\",\"@id\":\"https:\/\/noti-america.com\/site\/mexico\/#\/schema\/person\/22806efcc2cfc4b45efb0e17be210ea8\",\"name\":\"Maria Valentina Noguera Medina\",\"image\":{\"@type\":\"ImageObject\",\"inLanguage\":\"es\",\"@id\":\"https:\/\/secure.gravatar.com\/avatar\/4ec5eb9d099f2608a49c9df6f7341f66f04f819cdffa09d56a7a0e91d2819d56?s=96&d=mm&r=g\",\"url\":\"https:\/\/secure.gravatar.com\/avatar\/4ec5eb9d099f2608a49c9df6f7341f66f04f819cdffa09d56a7a0e91d2819d56?s=96&d=mm&r=g\",\"contentUrl\":\"https:\/\/secure.gravatar.com\/avatar\/4ec5eb9d099f2608a49c9df6f7341f66f04f819cdffa09d56a7a0e91d2819d56?s=96&d=mm&r=g\",\"caption\":\"Maria Valentina Noguera Medina\"},\"description\":\"Periodista - noti-america - Promar Community Manager - Talento Plus Dise\u00f1adora\/ creadora de contenido...\",\"sameAs\":[\"Mar\u00eda Valentina Noguera\",\"https:\/\/www.facebook.com\/mariavalentina.noguera\",\"https:\/\/www.linkedin.com\/in\/mara-valentina-noguera-medina-373075165\/\",\"https:\/\/www.pinterest.es\/valentinanoguera95\/\",\"https:\/\/www.youtube.com\/channel\/UCdek6mbUZ-Tqqw0I63i4nmQ\"],\"url\":\"https:\/\/noti-america.com\/site\/mexico\/author\/mnoguera\/\"}]}<\/script>\n<!-- \/ Yoast SEO Premium plugin. -->","yoast_head_json":{"title":"\u2018El 47\u2019 y \u2018La infiltrada\u2019 ganan \u2018exaequo\u2019 el Goya a la mejor pel\u00edcula 2025 - M\u00e9xico","robots":{"index":"index","follow":"follow","max-snippet":"max-snippet:-1","max-image-preview":"max-image-preview:large","max-video-preview":"max-video-preview:-1"},"canonical":"https:\/\/noti-america.com\/site\/mexico\/2025\/02\/10\/el-47-y-la-infiltrada-ganan-exaequo-el-goya-a-la-mejor-pelicula-2025\/","og_locale":"es_ES","og_type":"article","og_title":"\u2018El 47\u2019 y \u2018La infiltrada\u2019 ganan \u2018exaequo\u2019 el Goya a la mejor pel\u00edcula 2025","og_description":"NOTI-AMERICA.COM | M\u00c9XICO \u2018El 47\u2019, dirigida por Marcel Barrena y \u2018La infiltrada\u2019 de Arantxa Echevarr\u00eda, obtuvieron exaequo el Goya a la mejor pel\u00edcula en la 39 edici\u00f3n de estos premios de la Academia de&#46;&#46;&#46;","og_url":"https:\/\/noti-america.com\/site\/mexico\/2025\/02\/10\/el-47-y-la-infiltrada-ganan-exaequo-el-goya-a-la-mejor-pelicula-2025\/","og_site_name":"M\u00e9xico","article_author":"Mar\u00eda Valentina Noguera","article_published_time":"2025-02-10T18:00:12+00:00","og_image":[{"width":620,"height":400,"url":"https:\/\/noti-america.com\/site\/mexico\/wp-content\/uploads\/sites\/13\/2025\/02\/El-47-y-La-infiltrada-ganan.jpg","type":"image\/jpeg"}],"author":"Maria Valentina Noguera Medina","twitter_card":"summary_large_image","twitter_misc":{"Escrito por":"Maria Valentina Noguera Medina","Tiempo estimado de lectura":"2 minutos"},"schema":{"@context":"https:\/\/schema.org","@graph":[{"@type":"Article","@id":"https:\/\/noti-america.com\/site\/mexico\/2025\/02\/10\/el-47-y-la-infiltrada-ganan-exaequo-el-goya-a-la-mejor-pelicula-2025\/#article","isPartOf":{"@id":"https:\/\/noti-america.com\/site\/mexico\/2025\/02\/10\/el-47-y-la-infiltrada-ganan-exaequo-el-goya-a-la-mejor-pelicula-2025\/"},"author":{"name":"Maria Valentina Noguera Medina","@id":"https:\/\/noti-america.com\/site\/mexico\/#\/schema\/person\/22806efcc2cfc4b45efb0e17be210ea8"},"headline":"\u2018El 47\u2019 y \u2018La infiltrada\u2019 ganan \u2018exaequo\u2019 el Goya a la mejor pel\u00edcula 2025","datePublished":"2025-02-10T18:00:12+00:00","mainEntityOfPage":{"@id":"https:\/\/noti-america.com\/site\/mexico\/2025\/02\/10\/el-47-y-la-infiltrada-ganan-exaequo-el-goya-a-la-mejor-pelicula-2025\/"},"wordCount":345,"commentCount":0,"publisher":{"@id":"https:\/\/noti-america.com\/site\/mexico\/#organization"},"image":{"@id":"https:\/\/noti-america.com\/site\/mexico\/2025\/02\/10\/el-47-y-la-infiltrada-ganan-exaequo-el-goya-a-la-mejor-pelicula-2025\/#primaryimage"},"thumbnailUrl":"https:\/\/noti-america.com\/site\/mexico\/wp-content\/uploads\/sites\/13\/2025\/02\/El-47-y-La-infiltrada-ganan.jpg","articleSection":["Entretenimiento"],"inLanguage":"es","potentialAction":[{"@type":"CommentAction","name":"Comment","target":["https:\/\/noti-america.com\/site\/mexico\/2025\/02\/10\/el-47-y-la-infiltrada-ganan-exaequo-el-goya-a-la-mejor-pelicula-2025\/#respond"]}]},{"@type":"WebPage","@id":"https:\/\/noti-america.com\/site\/mexico\/2025\/02\/10\/el-47-y-la-infiltrada-ganan-exaequo-el-goya-a-la-mejor-pelicula-2025\/","url":"https:\/\/noti-america.com\/site\/mexico\/2025\/02\/10\/el-47-y-la-infiltrada-ganan-exaequo-el-goya-a-la-mejor-pelicula-2025\/","name":"\u2018El 47\u2019 y \u2018La infiltrada\u2019 ganan \u2018exaequo\u2019 el Goya a la mejor pel\u00edcula 2025 - M\u00e9xico","isPartOf":{"@id":"https:\/\/noti-america.com\/site\/mexico\/#website"},"primaryImageOfPage":{"@id":"https:\/\/noti-america.com\/site\/mexico\/2025\/02\/10\/el-47-y-la-infiltrada-ganan-exaequo-el-goya-a-la-mejor-pelicula-2025\/#primaryimage"},"image":{"@id":"https:\/\/noti-america.com\/site\/mexico\/2025\/02\/10\/el-47-y-la-infiltrada-ganan-exaequo-el-goya-a-la-mejor-pelicula-2025\/#primaryimage"},"thumbnailUrl":"https:\/\/noti-america.com\/site\/mexico\/wp-content\/uploads\/sites\/13\/2025\/02\/El-47-y-La-infiltrada-ganan.jpg","datePublished":"2025-02-10T18:00:12+00:00","breadcrumb":{"@id":"https:\/\/noti-america.com\/site\/mexico\/2025\/02\/10\/el-47-y-la-infiltrada-ganan-exaequo-el-goya-a-la-mejor-pelicula-2025\/#breadcrumb"},"inLanguage":"es","potentialAction":[{"@type":"ReadAction","target":["https:\/\/noti-america.com\/site\/mexico\/2025\/02\/10\/el-47-y-la-infiltrada-ganan-exaequo-el-goya-a-la-mejor-pelicula-2025\/"]}]},{"@type":"ImageObject","inLanguage":"es","@id":"https:\/\/noti-america.com\/site\/mexico\/2025\/02\/10\/el-47-y-la-infiltrada-ganan-exaequo-el-goya-a-la-mejor-pelicula-2025\/#primaryimage","url":"https:\/\/noti-america.com\/site\/mexico\/wp-content\/uploads\/sites\/13\/2025\/02\/El-47-y-La-infiltrada-ganan.jpg","contentUrl":"https:\/\/noti-america.com\/site\/mexico\/wp-content\/uploads\/sites\/13\/2025\/02\/El-47-y-La-infiltrada-ganan.jpg","width":620,"height":400},{"@type":"BreadcrumbList","@id":"https:\/\/noti-america.com\/site\/mexico\/2025\/02\/10\/el-47-y-la-infiltrada-ganan-exaequo-el-goya-a-la-mejor-pelicula-2025\/#breadcrumb","itemListElement":[{"@type":"ListItem","position":1,"name":"Portada","item":"https:\/\/noti-america.com\/site\/mexico\/"},{"@type":"ListItem","position":2,"name":"\u2018El 47\u2019 y \u2018La infiltrada\u2019 ganan \u2018exaequo\u2019 el Goya a la mejor pel\u00edcula 2025"}]},{"@type":"WebSite","@id":"https:\/\/noti-america.com\/site\/mexico\/#website","url":"https:\/\/noti-america.com\/site\/mexico\/","name":"M\u00e9xico | Noti-America.com","description":"","publisher":{"@id":"https:\/\/noti-america.com\/site\/mexico\/#organization"},"potentialAction":[{"@type":"SearchAction","target":{"@type":"EntryPoint","urlTemplate":"https:\/\/noti-america.com\/site\/mexico\/?s={search_term_string}"},"query-input":{"@type":"PropertyValueSpecification","valueRequired":true,"valueName":"search_term_string"}}],"inLanguage":"es"},{"@type":"Organization","@id":"https:\/\/noti-america.com\/site\/mexico\/#organization","name":"Noti-America LLC | M\u00e9xico","url":"https:\/\/noti-america.com\/site\/mexico\/","logo":{"@type":"ImageObject","inLanguage":"es","@id":"https:\/\/noti-america.com\/site\/mexico\/#\/schema\/logo\/image\/","url":"https:\/\/noti-america.com\/site\/mexico\/wp-content\/uploads\/sites\/13\/2020\/07\/LogoNA-4x3-1.jpg","contentUrl":"https:\/\/noti-america.com\/site\/mexico\/wp-content\/uploads\/sites\/13\/2020\/07\/LogoNA-4x3-1.jpg","width":1236,"height":1080,"caption":"Noti-America LLC | M\u00e9xico"},"image":{"@id":"https:\/\/noti-america.com\/site\/mexico\/#\/schema\/logo\/image\/"}},{"@type":"Person","@id":"https:\/\/noti-america.com\/site\/mexico\/#\/schema\/person\/22806efcc2cfc4b45efb0e17be210ea8","name":"Maria Valentina Noguera Medina","image":{"@type":"ImageObject","inLanguage":"es","@id":"https:\/\/secure.gravatar.com\/avatar\/4ec5eb9d099f2608a49c9df6f7341f66f04f819cdffa09d56a7a0e91d2819d56?s=96&d=mm&r=g","url":"https:\/\/secure.gravatar.com\/avatar\/4ec5eb9d099f2608a49c9df6f7341f66f04f819cdffa09d56a7a0e91d2819d56?s=96&d=mm&r=g","contentUrl":"https:\/\/secure.gravatar.com\/avatar\/4ec5eb9d099f2608a49c9df6f7341f66f04f819cdffa09d56a7a0e91d2819d56?s=96&d=mm&r=g","caption":"Maria Valentina Noguera Medina"},"description":"Periodista - noti-america - Promar Community Manager - Talento Plus Dise\u00f1adora\/ creadora de contenido...","sameAs":["Mar\u00eda Valentina Noguera","https:\/\/www.facebook.com\/mariavalentina.noguera","https:\/\/www.linkedin.com\/in\/mara-valentina-noguera-medina-373075165\/","https:\/\/www.pinterest.es\/valentinanoguera95\/","https:\/\/www.youtube.com\/channel\/UCdek6mbUZ-Tqqw0I63i4nmQ"],"url":"https:\/\/noti-america.com\/site\/mexico\/author\/mnoguera\/"}]}},"_links":{"self":[{"href":"https:\/\/noti-america.com\/site\/mexico\/wp-json\/wp\/v2\/posts\/14572","targetHints":{"allow":["GET"]}}],"collection":[{"href":"https:\/\/noti-america.com\/site\/mexico\/wp-json\/wp\/v2\/posts"}],"about":[{"href":"https:\/\/noti-america.com\/site\/mexico\/wp-json\/wp\/v2\/types\/post"}],"author":[{"embeddable":true,"href":"https:\/\/noti-america.com\/site\/mexico\/wp-json\/wp\/v2\/users\/133"}],"replies":[{"embeddable":true,"href":"https:\/\/noti-america.com\/site\/mexico\/wp-json\/wp\/v2\/comments?post=14572"}],"version-history":[{"count":1,"href":"https:\/\/noti-america.com\/site\/mexico\/wp-json\/wp\/v2\/posts\/14572\/revisions"}],"predecessor-version":[{"id":14574,"href":"https:\/\/noti-america.com\/site\/mexico\/wp-json\/wp\/v2\/posts\/14572\/revisions\/14574"}],"wp:featuredmedia":[{"embeddable":true,"href":"https:\/\/noti-america.com\/site\/mexico\/wp-json\/wp\/v2\/media\/14573"}],"wp:attachment":[{"href":"https:\/\/noti-america.com\/site\/mexico\/wp-json\/wp\/v2\/media?parent=14572"}],"wp:term":[{"taxonomy":"category","embeddable":true,"href":"https:\/\/noti-america.com\/site\/mexico\/wp-json\/wp\/v2\/categories?post=14572"},{"taxonomy":"post_tag","embeddable":true,"href":"https:\/\/noti-america.com\/site\/mexico\/wp-json\/wp\/v2\/tags?post=14572"}],"curies":[{"name":"wp","href":"https:\/\/api.w.org\/{rel}","templated":true}]}}