{"id":13296,"date":"2024-09-13T17:36:50","date_gmt":"2024-09-13T17:36:50","guid":{"rendered":"https:\/\/noti-america.com\/site\/mexico\/?p=13296"},"modified":"2024-09-13T17:36:50","modified_gmt":"2024-09-13T17:36:50","slug":"baja-california-sur-se-prepara-para-el-impacto-de-tormenta-tropical-ileana","status":"publish","type":"post","link":"https:\/\/noti-america.com\/site\/mexico\/2024\/09\/13\/baja-california-sur-se-prepara-para-el-impacto-de-tormenta-tropical-ileana\/","title":{"rendered":"Baja California Sur se prepara para el impacto de tormenta tropical Ileana"},"content":{"rendered":"<p>NOTI-AMERICA.COM | M\u00c9XICO<\/p>\n<p style=\"text-align: justify\">La tormenta tropical Ileana impactar\u00e1 en pr\u00f3ximas horas a Baja California Sur, donde ya ocasiona lluvias intensas que estar\u00e1n acompa\u00f1adas de descargas el\u00e9ctricas y posible ca\u00edda de granizo, por lo que las autoridades estatales est\u00e1n en alerta.<\/p>\n<p style=\"text-align: justify\">Ileana, que surgi\u00f3 el jueves como tormenta tropical, ser\u00e1 el primer cicl\u00f3n con nombre de esta temporada del Pac\u00edfico que tocar\u00e1 tierra en M\u00e9xico.<\/p>\n<p style=\"text-align: justify\">El cicl\u00f3n, que tocar\u00eda tierra antes del mediod\u00eda de este viernes, estaba en el \u00faltimo reporte a 90 kil\u00f3metros al sureste de Cabo San Lucas, Baja California Sur, y a 310 kil\u00f3metros al suroeste de Mazatl\u00e1n, Sinaloa.<\/p>\n<p style=\"text-align: justify\">El Servicio Meteorol\u00f3gico Nacional (SMN) indic\u00f3 que Ileana producir\u00e1 lluvias intensas con puntuales torrenciales, de 150 a 250 mil\u00edmetros, en Baja California Sur, adem\u00e1s de lluvias muy fuertes con puntuales intensas, de 75 a 150 mil\u00edmetros, en Sinaloa y Sonora.<\/p>\n<p style=\"text-align: justify\">Tambi\u00e9n prev\u00e9 vientos con rachas de 70 a 90 kil\u00f3metros por hora, oleaje de 2 a 4 metros de altura y trombas marinas en Baja California Sur, as\u00ed como rachas de 50 a 70 kil\u00f3metros por hora y oleaje de 1 a 3 metros en Sinaloa y el golfo de California.<\/p>\n<p style=\"text-align: justify\">El Gobierno de M\u00e9xico mantiene una zona de prevenci\u00f3n por efectos de tormenta tropical desde Santa Fe hasta San Evaristo, en Baja California Sur.<\/p>\n<h2 style=\"text-align: justify\">Habilitan albergues<\/h2>\n<p style=\"text-align: justify\">Ante las fuertes lluvias que se prev\u00e9n en BCS por Ileana, el gobierno estatal\u00a0habilit\u00f3 albergues\u00a0para la poblaci\u00f3n que deba evacuar sus hogares.<\/p>\n<p style=\"text-align: justify\">En La Paz fueron habilitados 22 refugios temporales\u00a0tanto en la ciudad como en las comunidades a partir de las 08:00 de la ma\u00f1ana del viernes.<\/p>\n<p style=\"text-align: justify\">Como parte del Plan A en la zona urbana han sido habilitados los refugios de la\u00a0Universidad Aut\u00f3noma de BCS, de la Secretar\u00eda de Seguridad P\u00fablica Estatal en la colonia Calafia y la escuela secundaria \u201cJos\u00e9 Mar\u00eda Garma Gonz\u00e1lez\u201d en El Centenario, teniendo la posibilidad de recibir a 625 personas, adem\u00e1s de 18 refugios en la zona rural.<\/p>\n<h2 style=\"text-align: justify\">Suspenden clases y cierran puertos en La Paz y Los Cabos<\/h2>\n<p style=\"text-align: justify\">El Consejo Estatal de Protecci\u00f3n Civil ratific\u00f3 la\u00a0suspensi\u00f3n de clases en todos los niveles educativos de La Paz y Los Cabos\u00a0ante la tormenta tropical Ileana, que aument\u00f3 su velocidad de desplazamiento y tocar\u00e1 tierra en el sur de la entidad.<\/p>\n<p style=\"text-align: justify\">Igualmente se determin\u00f3\u00a0el cierre de los puertos mar\u00edtimos de Los Cabos y La Paz\u00a0a la navegaci\u00f3n de embarcaciones menores.<\/p>\n<p style=\"text-align: justify\">Se enfatiz\u00f3 en la\u00a0vigilancia del corredor tur\u00edstico de Los Cabos,\u00a0la coordinaci\u00f3n con los representantes de protecci\u00f3n civil de los hoteles para la\u00a0protecci\u00f3n de 20 mil turistas, as\u00ed como fortalecer el puesto de mando instalado en Los Cabos.<\/p>\n","protected":false},"excerpt":{"rendered":"<p>NOTI-AMERICA.COM | M\u00c9XICO La tormenta tropical Ileana impactar\u00e1 en pr\u00f3ximas horas a Baja California Sur, donde ya ocasiona lluvias intensas que estar\u00e1n acompa\u00f1adas de descargas el\u00e9ctricas y posible ca\u00edda de granizo, por lo que&#46;&#46;&#46;<\/p>\n","protected":false},"author":133,"featured_media":13297,"comment_status":"open","ping_status":"open","sticky":false,"template":"","format":"image","meta":{"_acf_changed":false,"om_disable_all_campaigns":false,"rop_custom_images_group":[],"rop_custom_messages_group":[],"rop_publish_now":"initial","rop_publish_now_accounts":{"twitter_242054905_242054905":""},"rop_publish_now_history":[],"rop_publish_now_status":"pending","_uf_show_specific_survey":0,"_uf_disable_surveys":false,"footnotes":""},"categories":[722],"tags":[],"class_list":["post-13296","post","type-post","status-publish","format-image","has-post-thumbnail","hentry","category-actualidad","post_format-post-format-image"],"acf":[],"aioseo_notices":[],"yoast_head":"<!-- This site is optimized with the Yoast SEO Premium plugin v24.9 (Yoast SEO v27.2) - https:\/\/yoast.com\/product\/yoast-seo-premium-wordpress\/ -->\n<title>Baja California Sur se prepara para el impacto de tormenta tropical Ileana - M\u00e9xico<\/title>\n<meta name=\"robots\" content=\"index, follow, max-snippet:-1, max-image-preview:large, max-video-preview:-1\" \/>\n<link rel=\"canonical\" href=\"https:\/\/noti-america.com\/site\/mexico\/2024\/09\/13\/baja-california-sur-se-prepara-para-el-impacto-de-tormenta-tropical-ileana\/\" \/>\n<meta property=\"og:locale\" content=\"es_ES\" \/>\n<meta property=\"og:type\" content=\"article\" \/>\n<meta property=\"og:title\" content=\"Baja California Sur se prepara para el impacto de tormenta tropical Ileana\" \/>\n<meta property=\"og:description\" content=\"NOTI-AMERICA.COM | M\u00c9XICO La tormenta tropical Ileana impactar\u00e1 en pr\u00f3ximas horas a Baja California Sur, donde ya ocasiona lluvias intensas que estar\u00e1n acompa\u00f1adas de descargas el\u00e9ctricas y posible ca\u00edda de granizo, por lo que&#046;&#046;&#046;\" \/>\n<meta property=\"og:url\" content=\"https:\/\/noti-america.com\/site\/mexico\/2024\/09\/13\/baja-california-sur-se-prepara-para-el-impacto-de-tormenta-tropical-ileana\/\" \/>\n<meta property=\"og:site_name\" content=\"M\u00e9xico\" \/>\n<meta property=\"article:author\" content=\"Mar\u00eda Valentina Noguera\" \/>\n<meta property=\"article:published_time\" content=\"2024-09-13T17:36:50+00:00\" \/>\n<meta property=\"og:image\" content=\"https:\/\/noti-america.com\/site\/mexico\/wp-content\/uploads\/sites\/13\/2024\/09\/Tormenta-tropical_generica.jpeg\" \/>\n\t<meta property=\"og:image:width\" content=\"768\" \/>\n\t<meta property=\"og:image:height\" content=\"479\" \/>\n\t<meta property=\"og:image:type\" content=\"image\/jpeg\" \/>\n<meta name=\"author\" content=\"Maria Valentina Noguera Medina\" \/>\n<meta name=\"twitter:card\" content=\"summary_large_image\" \/>\n<meta name=\"twitter:label1\" content=\"Escrito por\" \/>\n\t<meta name=\"twitter:data1\" content=\"Maria Valentina Noguera Medina\" \/>\n\t<meta name=\"twitter:label2\" content=\"Tiempo estimado de lectura\" \/>\n\t<meta name=\"twitter:data2\" content=\"3 minutos\" \/>\n<script type=\"application\/ld+json\" class=\"yoast-schema-graph\">{\"@context\":\"https:\/\/schema.org\",\"@graph\":[{\"@type\":\"Article\",\"@id\":\"https:\/\/noti-america.com\/site\/mexico\/2024\/09\/13\/baja-california-sur-se-prepara-para-el-impacto-de-tormenta-tropical-ileana\/#article\",\"isPartOf\":{\"@id\":\"https:\/\/noti-america.com\/site\/mexico\/2024\/09\/13\/baja-california-sur-se-prepara-para-el-impacto-de-tormenta-tropical-ileana\/\"},\"author\":{\"name\":\"Maria Valentina Noguera Medina\",\"@id\":\"https:\/\/noti-america.com\/site\/mexico\/#\/schema\/person\/22806efcc2cfc4b45efb0e17be210ea8\"},\"headline\":\"Baja California Sur se prepara para el impacto de tormenta tropical Ileana\",\"datePublished\":\"2024-09-13T17:36:50+00:00\",\"mainEntityOfPage\":{\"@id\":\"https:\/\/noti-america.com\/site\/mexico\/2024\/09\/13\/baja-california-sur-se-prepara-para-el-impacto-de-tormenta-tropical-ileana\/\"},\"wordCount\":475,\"commentCount\":0,\"publisher\":{\"@id\":\"https:\/\/noti-america.com\/site\/mexico\/#organization\"},\"image\":{\"@id\":\"https:\/\/noti-america.com\/site\/mexico\/2024\/09\/13\/baja-california-sur-se-prepara-para-el-impacto-de-tormenta-tropical-ileana\/#primaryimage\"},\"thumbnailUrl\":\"https:\/\/noti-america.com\/site\/mexico\/wp-content\/uploads\/sites\/13\/2024\/09\/Tormenta-tropical_generica.jpeg\",\"articleSection\":[\"Actualidad\"],\"inLanguage\":\"es\",\"potentialAction\":[{\"@type\":\"CommentAction\",\"name\":\"Comment\",\"target\":[\"https:\/\/noti-america.com\/site\/mexico\/2024\/09\/13\/baja-california-sur-se-prepara-para-el-impacto-de-tormenta-tropical-ileana\/#respond\"]}]},{\"@type\":\"WebPage\",\"@id\":\"https:\/\/noti-america.com\/site\/mexico\/2024\/09\/13\/baja-california-sur-se-prepara-para-el-impacto-de-tormenta-tropical-ileana\/\",\"url\":\"https:\/\/noti-america.com\/site\/mexico\/2024\/09\/13\/baja-california-sur-se-prepara-para-el-impacto-de-tormenta-tropical-ileana\/\",\"name\":\"Baja California Sur se prepara para el impacto de tormenta tropical Ileana - M\u00e9xico\",\"isPartOf\":{\"@id\":\"https:\/\/noti-america.com\/site\/mexico\/#website\"},\"primaryImageOfPage\":{\"@id\":\"https:\/\/noti-america.com\/site\/mexico\/2024\/09\/13\/baja-california-sur-se-prepara-para-el-impacto-de-tormenta-tropical-ileana\/#primaryimage\"},\"image\":{\"@id\":\"https:\/\/noti-america.com\/site\/mexico\/2024\/09\/13\/baja-california-sur-se-prepara-para-el-impacto-de-tormenta-tropical-ileana\/#primaryimage\"},\"thumbnailUrl\":\"https:\/\/noti-america.com\/site\/mexico\/wp-content\/uploads\/sites\/13\/2024\/09\/Tormenta-tropical_generica.jpeg\",\"datePublished\":\"2024-09-13T17:36:50+00:00\",\"breadcrumb\":{\"@id\":\"https:\/\/noti-america.com\/site\/mexico\/2024\/09\/13\/baja-california-sur-se-prepara-para-el-impacto-de-tormenta-tropical-ileana\/#breadcrumb\"},\"inLanguage\":\"es\",\"potentialAction\":[{\"@type\":\"ReadAction\",\"target\":[\"https:\/\/noti-america.com\/site\/mexico\/2024\/09\/13\/baja-california-sur-se-prepara-para-el-impacto-de-tormenta-tropical-ileana\/\"]}]},{\"@type\":\"ImageObject\",\"inLanguage\":\"es\",\"@id\":\"https:\/\/noti-america.com\/site\/mexico\/2024\/09\/13\/baja-california-sur-se-prepara-para-el-impacto-de-tormenta-tropical-ileana\/#primaryimage\",\"url\":\"https:\/\/noti-america.com\/site\/mexico\/wp-content\/uploads\/sites\/13\/2024\/09\/Tormenta-tropical_generica.jpeg\",\"contentUrl\":\"https:\/\/noti-america.com\/site\/mexico\/wp-content\/uploads\/sites\/13\/2024\/09\/Tormenta-tropical_generica.jpeg\",\"width\":768,\"height\":479},{\"@type\":\"BreadcrumbList\",\"@id\":\"https:\/\/noti-america.com\/site\/mexico\/2024\/09\/13\/baja-california-sur-se-prepara-para-el-impacto-de-tormenta-tropical-ileana\/#breadcrumb\",\"itemListElement\":[{\"@type\":\"ListItem\",\"position\":1,\"name\":\"Portada\",\"item\":\"https:\/\/noti-america.com\/site\/mexico\/\"},{\"@type\":\"ListItem\",\"position\":2,\"name\":\"Baja California Sur se prepara para el impacto de tormenta tropical Ileana\"}]},{\"@type\":\"WebSite\",\"@id\":\"https:\/\/noti-america.com\/site\/mexico\/#website\",\"url\":\"https:\/\/noti-america.com\/site\/mexico\/\",\"name\":\"M\u00e9xico | Noti-America.com\",\"description\":\"\",\"publisher\":{\"@id\":\"https:\/\/noti-america.com\/site\/mexico\/#organization\"},\"potentialAction\":[{\"@type\":\"SearchAction\",\"target\":{\"@type\":\"EntryPoint\",\"urlTemplate\":\"https:\/\/noti-america.com\/site\/mexico\/?s={search_term_string}\"},\"query-input\":{\"@type\":\"PropertyValueSpecification\",\"valueRequired\":true,\"valueName\":\"search_term_string\"}}],\"inLanguage\":\"es\"},{\"@type\":\"Organization\",\"@id\":\"https:\/\/noti-america.com\/site\/mexico\/#organization\",\"name\":\"Noti-America LLC | M\u00e9xico\",\"url\":\"https:\/\/noti-america.com\/site\/mexico\/\",\"logo\":{\"@type\":\"ImageObject\",\"inLanguage\":\"es\",\"@id\":\"https:\/\/noti-america.com\/site\/mexico\/#\/schema\/logo\/image\/\",\"url\":\"https:\/\/noti-america.com\/site\/mexico\/wp-content\/uploads\/sites\/13\/2020\/07\/LogoNA-4x3-1.jpg\",\"contentUrl\":\"https:\/\/noti-america.com\/site\/mexico\/wp-content\/uploads\/sites\/13\/2020\/07\/LogoNA-4x3-1.jpg\",\"width\":1236,\"height\":1080,\"caption\":\"Noti-America LLC | M\u00e9xico\"},\"image\":{\"@id\":\"https:\/\/noti-america.com\/site\/mexico\/#\/schema\/logo\/image\/\"}},{\"@type\":\"Person\",\"@id\":\"https:\/\/noti-america.com\/site\/mexico\/#\/schema\/person\/22806efcc2cfc4b45efb0e17be210ea8\",\"name\":\"Maria Valentina Noguera Medina\",\"image\":{\"@type\":\"ImageObject\",\"inLanguage\":\"es\",\"@id\":\"https:\/\/secure.gravatar.com\/avatar\/4ec5eb9d099f2608a49c9df6f7341f66f04f819cdffa09d56a7a0e91d2819d56?s=96&d=mm&r=g\",\"url\":\"https:\/\/secure.gravatar.com\/avatar\/4ec5eb9d099f2608a49c9df6f7341f66f04f819cdffa09d56a7a0e91d2819d56?s=96&d=mm&r=g\",\"contentUrl\":\"https:\/\/secure.gravatar.com\/avatar\/4ec5eb9d099f2608a49c9df6f7341f66f04f819cdffa09d56a7a0e91d2819d56?s=96&d=mm&r=g\",\"caption\":\"Maria Valentina Noguera Medina\"},\"description\":\"Periodista - noti-america - Promar Community Manager - Talento Plus Dise\u00f1adora\/ creadora de contenido...\",\"sameAs\":[\"Mar\u00eda Valentina Noguera\",\"https:\/\/www.facebook.com\/mariavalentina.noguera\",\"https:\/\/www.linkedin.com\/in\/mara-valentina-noguera-medina-373075165\/\",\"https:\/\/www.pinterest.es\/valentinanoguera95\/\",\"https:\/\/www.youtube.com\/channel\/UCdek6mbUZ-Tqqw0I63i4nmQ\"],\"url\":\"https:\/\/noti-america.com\/site\/mexico\/author\/mnoguera\/\"}]}<\/script>\n<!-- \/ Yoast SEO Premium plugin. -->","yoast_head_json":{"title":"Baja California Sur se prepara para el impacto de tormenta tropical Ileana - M\u00e9xico","robots":{"index":"index","follow":"follow","max-snippet":"max-snippet:-1","max-image-preview":"max-image-preview:large","max-video-preview":"max-video-preview:-1"},"canonical":"https:\/\/noti-america.com\/site\/mexico\/2024\/09\/13\/baja-california-sur-se-prepara-para-el-impacto-de-tormenta-tropical-ileana\/","og_locale":"es_ES","og_type":"article","og_title":"Baja California Sur se prepara para el impacto de tormenta tropical Ileana","og_description":"NOTI-AMERICA.COM | M\u00c9XICO La tormenta tropical Ileana impactar\u00e1 en pr\u00f3ximas horas a Baja California Sur, donde ya ocasiona lluvias intensas que estar\u00e1n acompa\u00f1adas de descargas el\u00e9ctricas y posible ca\u00edda de granizo, por lo que&#46;&#46;&#46;","og_url":"https:\/\/noti-america.com\/site\/mexico\/2024\/09\/13\/baja-california-sur-se-prepara-para-el-impacto-de-tormenta-tropical-ileana\/","og_site_name":"M\u00e9xico","article_author":"Mar\u00eda Valentina Noguera","article_published_time":"2024-09-13T17:36:50+00:00","og_image":[{"width":768,"height":479,"url":"https:\/\/noti-america.com\/site\/mexico\/wp-content\/uploads\/sites\/13\/2024\/09\/Tormenta-tropical_generica.jpeg","type":"image\/jpeg"}],"author":"Maria Valentina Noguera Medina","twitter_card":"summary_large_image","twitter_misc":{"Escrito por":"Maria Valentina Noguera Medina","Tiempo estimado de lectura":"3 minutos"},"schema":{"@context":"https:\/\/schema.org","@graph":[{"@type":"Article","@id":"https:\/\/noti-america.com\/site\/mexico\/2024\/09\/13\/baja-california-sur-se-prepara-para-el-impacto-de-tormenta-tropical-ileana\/#article","isPartOf":{"@id":"https:\/\/noti-america.com\/site\/mexico\/2024\/09\/13\/baja-california-sur-se-prepara-para-el-impacto-de-tormenta-tropical-ileana\/"},"author":{"name":"Maria Valentina Noguera Medina","@id":"https:\/\/noti-america.com\/site\/mexico\/#\/schema\/person\/22806efcc2cfc4b45efb0e17be210ea8"},"headline":"Baja California Sur se prepara para el impacto de tormenta tropical Ileana","datePublished":"2024-09-13T17:36:50+00:00","mainEntityOfPage":{"@id":"https:\/\/noti-america.com\/site\/mexico\/2024\/09\/13\/baja-california-sur-se-prepara-para-el-impacto-de-tormenta-tropical-ileana\/"},"wordCount":475,"commentCount":0,"publisher":{"@id":"https:\/\/noti-america.com\/site\/mexico\/#organization"},"image":{"@id":"https:\/\/noti-america.com\/site\/mexico\/2024\/09\/13\/baja-california-sur-se-prepara-para-el-impacto-de-tormenta-tropical-ileana\/#primaryimage"},"thumbnailUrl":"https:\/\/noti-america.com\/site\/mexico\/wp-content\/uploads\/sites\/13\/2024\/09\/Tormenta-tropical_generica.jpeg","articleSection":["Actualidad"],"inLanguage":"es","potentialAction":[{"@type":"CommentAction","name":"Comment","target":["https:\/\/noti-america.com\/site\/mexico\/2024\/09\/13\/baja-california-sur-se-prepara-para-el-impacto-de-tormenta-tropical-ileana\/#respond"]}]},{"@type":"WebPage","@id":"https:\/\/noti-america.com\/site\/mexico\/2024\/09\/13\/baja-california-sur-se-prepara-para-el-impacto-de-tormenta-tropical-ileana\/","url":"https:\/\/noti-america.com\/site\/mexico\/2024\/09\/13\/baja-california-sur-se-prepara-para-el-impacto-de-tormenta-tropical-ileana\/","name":"Baja California Sur se prepara para el impacto de tormenta tropical Ileana - M\u00e9xico","isPartOf":{"@id":"https:\/\/noti-america.com\/site\/mexico\/#website"},"primaryImageOfPage":{"@id":"https:\/\/noti-america.com\/site\/mexico\/2024\/09\/13\/baja-california-sur-se-prepara-para-el-impacto-de-tormenta-tropical-ileana\/#primaryimage"},"image":{"@id":"https:\/\/noti-america.com\/site\/mexico\/2024\/09\/13\/baja-california-sur-se-prepara-para-el-impacto-de-tormenta-tropical-ileana\/#primaryimage"},"thumbnailUrl":"https:\/\/noti-america.com\/site\/mexico\/wp-content\/uploads\/sites\/13\/2024\/09\/Tormenta-tropical_generica.jpeg","datePublished":"2024-09-13T17:36:50+00:00","breadcrumb":{"@id":"https:\/\/noti-america.com\/site\/mexico\/2024\/09\/13\/baja-california-sur-se-prepara-para-el-impacto-de-tormenta-tropical-ileana\/#breadcrumb"},"inLanguage":"es","potentialAction":[{"@type":"ReadAction","target":["https:\/\/noti-america.com\/site\/mexico\/2024\/09\/13\/baja-california-sur-se-prepara-para-el-impacto-de-tormenta-tropical-ileana\/"]}]},{"@type":"ImageObject","inLanguage":"es","@id":"https:\/\/noti-america.com\/site\/mexico\/2024\/09\/13\/baja-california-sur-se-prepara-para-el-impacto-de-tormenta-tropical-ileana\/#primaryimage","url":"https:\/\/noti-america.com\/site\/mexico\/wp-content\/uploads\/sites\/13\/2024\/09\/Tormenta-tropical_generica.jpeg","contentUrl":"https:\/\/noti-america.com\/site\/mexico\/wp-content\/uploads\/sites\/13\/2024\/09\/Tormenta-tropical_generica.jpeg","width":768,"height":479},{"@type":"BreadcrumbList","@id":"https:\/\/noti-america.com\/site\/mexico\/2024\/09\/13\/baja-california-sur-se-prepara-para-el-impacto-de-tormenta-tropical-ileana\/#breadcrumb","itemListElement":[{"@type":"ListItem","position":1,"name":"Portada","item":"https:\/\/noti-america.com\/site\/mexico\/"},{"@type":"ListItem","position":2,"name":"Baja California Sur se prepara para el impacto de tormenta tropical Ileana"}]},{"@type":"WebSite","@id":"https:\/\/noti-america.com\/site\/mexico\/#website","url":"https:\/\/noti-america.com\/site\/mexico\/","name":"M\u00e9xico | Noti-America.com","description":"","publisher":{"@id":"https:\/\/noti-america.com\/site\/mexico\/#organization"},"potentialAction":[{"@type":"SearchAction","target":{"@type":"EntryPoint","urlTemplate":"https:\/\/noti-america.com\/site\/mexico\/?s={search_term_string}"},"query-input":{"@type":"PropertyValueSpecification","valueRequired":true,"valueName":"search_term_string"}}],"inLanguage":"es"},{"@type":"Organization","@id":"https:\/\/noti-america.com\/site\/mexico\/#organization","name":"Noti-America LLC | M\u00e9xico","url":"https:\/\/noti-america.com\/site\/mexico\/","logo":{"@type":"ImageObject","inLanguage":"es","@id":"https:\/\/noti-america.com\/site\/mexico\/#\/schema\/logo\/image\/","url":"https:\/\/noti-america.com\/site\/mexico\/wp-content\/uploads\/sites\/13\/2020\/07\/LogoNA-4x3-1.jpg","contentUrl":"https:\/\/noti-america.com\/site\/mexico\/wp-content\/uploads\/sites\/13\/2020\/07\/LogoNA-4x3-1.jpg","width":1236,"height":1080,"caption":"Noti-America LLC | M\u00e9xico"},"image":{"@id":"https:\/\/noti-america.com\/site\/mexico\/#\/schema\/logo\/image\/"}},{"@type":"Person","@id":"https:\/\/noti-america.com\/site\/mexico\/#\/schema\/person\/22806efcc2cfc4b45efb0e17be210ea8","name":"Maria Valentina Noguera Medina","image":{"@type":"ImageObject","inLanguage":"es","@id":"https:\/\/secure.gravatar.com\/avatar\/4ec5eb9d099f2608a49c9df6f7341f66f04f819cdffa09d56a7a0e91d2819d56?s=96&d=mm&r=g","url":"https:\/\/secure.gravatar.com\/avatar\/4ec5eb9d099f2608a49c9df6f7341f66f04f819cdffa09d56a7a0e91d2819d56?s=96&d=mm&r=g","contentUrl":"https:\/\/secure.gravatar.com\/avatar\/4ec5eb9d099f2608a49c9df6f7341f66f04f819cdffa09d56a7a0e91d2819d56?s=96&d=mm&r=g","caption":"Maria Valentina Noguera Medina"},"description":"Periodista - noti-america - Promar Community Manager - Talento Plus Dise\u00f1adora\/ creadora de contenido...","sameAs":["Mar\u00eda Valentina Noguera","https:\/\/www.facebook.com\/mariavalentina.noguera","https:\/\/www.linkedin.com\/in\/mara-valentina-noguera-medina-373075165\/","https:\/\/www.pinterest.es\/valentinanoguera95\/","https:\/\/www.youtube.com\/channel\/UCdek6mbUZ-Tqqw0I63i4nmQ"],"url":"https:\/\/noti-america.com\/site\/mexico\/author\/mnoguera\/"}]}},"_links":{"self":[{"href":"https:\/\/noti-america.com\/site\/mexico\/wp-json\/wp\/v2\/posts\/13296","targetHints":{"allow":["GET"]}}],"collection":[{"href":"https:\/\/noti-america.com\/site\/mexico\/wp-json\/wp\/v2\/posts"}],"about":[{"href":"https:\/\/noti-america.com\/site\/mexico\/wp-json\/wp\/v2\/types\/post"}],"author":[{"embeddable":true,"href":"https:\/\/noti-america.com\/site\/mexico\/wp-json\/wp\/v2\/users\/133"}],"replies":[{"embeddable":true,"href":"https:\/\/noti-america.com\/site\/mexico\/wp-json\/wp\/v2\/comments?post=13296"}],"version-history":[{"count":1,"href":"https:\/\/noti-america.com\/site\/mexico\/wp-json\/wp\/v2\/posts\/13296\/revisions"}],"predecessor-version":[{"id":13298,"href":"https:\/\/noti-america.com\/site\/mexico\/wp-json\/wp\/v2\/posts\/13296\/revisions\/13298"}],"wp:featuredmedia":[{"embeddable":true,"href":"https:\/\/noti-america.com\/site\/mexico\/wp-json\/wp\/v2\/media\/13297"}],"wp:attachment":[{"href":"https:\/\/noti-america.com\/site\/mexico\/wp-json\/wp\/v2\/media?parent=13296"}],"wp:term":[{"taxonomy":"category","embeddable":true,"href":"https:\/\/noti-america.com\/site\/mexico\/wp-json\/wp\/v2\/categories?post=13296"},{"taxonomy":"post_tag","embeddable":true,"href":"https:\/\/noti-america.com\/site\/mexico\/wp-json\/wp\/v2\/tags?post=13296"}],"curies":[{"name":"wp","href":"https:\/\/api.w.org\/{rel}","templated":true}]}}