{"id":13064,"date":"2024-08-22T16:37:18","date_gmt":"2024-08-22T16:37:18","guid":{"rendered":"https:\/\/noti-america.com\/site\/mexico\/?p=13064"},"modified":"2024-08-22T16:37:18","modified_gmt":"2024-08-22T16:37:18","slug":"respiro-economico-mexico-reporta-descenso-en-la-inflacion-durante-agosto","status":"publish","type":"post","link":"https:\/\/noti-america.com\/site\/mexico\/2024\/08\/22\/respiro-economico-mexico-reporta-descenso-en-la-inflacion-durante-agosto\/","title":{"rendered":"\u00abRespiro Econ\u00f3mico: M\u00e9xico Reporta Descenso en la Inflaci\u00f3n Durante Agosto\u00bb"},"content":{"rendered":"<p>NOTI-AMERICA.COM | M\u00c9XICO<\/p>\n<p style=\"text-align: justify\">En un giro positivo para la econom\u00eda mexicana, el \u00cdndice Nacional de Precios al Consumidor (INPC) ha registrado una disminuci\u00f3n significativa en la primera quincena de agosto, marcando un respiro en la tendencia inflacionaria que ha preocupado a los ciudadanos y al sector financiero en los \u00faltimos meses. Seg\u00fan los datos m\u00e1s recientes, la inflaci\u00f3n ha descendido a 5.16%, un alivio notable frente a las cifras previas. Este descenso, aunque leve, es un indicador de que las medidas adoptadas por el Banco de M\u00e9xico y la pol\u00edtica fiscal del gobierno est\u00e1n comenzando a surtir efecto.<\/p>\n<p style=\"text-align: justify\">La noticia ha sido recibida con optimismo por los mercados y analistas econ\u00f3micos, quienes ven en estos n\u00fameros una se\u00f1al de estabilizaci\u00f3n y un posible preludio a una recuperaci\u00f3n econ\u00f3mica m\u00e1s robusta. Los esfuerzos por controlar la inflaci\u00f3n han incluido una serie de ajustes en la tasa de inter\u00e9s y una vigilancia m\u00e1s estricta de los precios de bienes y servicios esenciales. Adem\u00e1s, se ha observado una mayor confianza del consumidor, lo que podr\u00eda traducirse en un incremento en el consumo y la inversi\u00f3n.<\/p>\n<p style=\"text-align: justify\">Sin embargo, a pesar de este avance, expertos advierten que no se debe bajar la guardia, ya que factores externos como la volatilidad en los mercados internacionales y las tensiones comerciales pueden influir en la econom\u00eda nacional. Por otro lado, el clima en M\u00e9xico tambi\u00e9n ha sido noticia, con la presencia de ondas tropicales y un monz\u00f3n que han provocado fuertes lluvias en diversas partes del pa\u00eds, lo que podr\u00eda tener impactos en la agricultura y, por ende, en los precios de los alimentos.<\/p>\n<p style=\"text-align: justify\">En el \u00e1mbito pol\u00edtico, el presidente Andr\u00e9s Manuel L\u00f3pez Obrador ha abordado estos temas en su conferencia matutina, reafirmando el compromiso de su administraci\u00f3n con la estabilidad econ\u00f3mica y el bienestar social. La &#8216;ma\u00f1anera&#8217;, como se le conoce popularmente, sigue siendo un espacio clave para el di\u00e1logo entre el gobierno y la ciudadan\u00eda, donde se discuten los asuntos m\u00e1s relevantes para la naci\u00f3n.<\/p>\n<p style=\"text-align: justify\">Este panorama mixto refleja la complejidad de la situaci\u00f3n actual en M\u00e9xico, donde avances econ\u00f3micos como la disminuci\u00f3n de la inflaci\u00f3n coexisten con desaf\u00edos ambientales y pol\u00edticos. La poblaci\u00f3n mexicana sigue atenta a las decisiones y estrategias que se implementar\u00e1n en los pr\u00f3ximos meses, esperando que estas conduzcan a un entorno m\u00e1s favorable para todos.<\/p>\n","protected":false},"excerpt":{"rendered":"<p>NOTI-AMERICA.COM | M\u00c9XICO En un giro positivo para la econom\u00eda mexicana, el \u00cdndice Nacional de Precios al Consumidor (INPC) ha registrado una disminuci\u00f3n significativa en la primera quincena de agosto, marcando un respiro en&#46;&#46;&#46;<\/p>\n","protected":false},"author":133,"featured_media":13066,"comment_status":"open","ping_status":"open","sticky":false,"template":"","format":"image","meta":{"_acf_changed":false,"om_disable_all_campaigns":false,"rop_custom_images_group":[],"rop_custom_messages_group":[],"rop_publish_now":"initial","rop_publish_now_accounts":{"twitter_242054905_242054905":""},"rop_publish_now_history":[],"rop_publish_now_status":"pending","_uf_show_specific_survey":0,"_uf_disable_surveys":false,"footnotes":""},"categories":[5],"tags":[],"class_list":["post-13064","post","type-post","status-publish","format-image","has-post-thumbnail","hentry","category-economia","post_format-post-format-image"],"acf":[],"aioseo_notices":[],"yoast_head":"<!-- This site is optimized with the Yoast SEO Premium plugin v24.9 (Yoast SEO v27.2) - https:\/\/yoast.com\/product\/yoast-seo-premium-wordpress\/ -->\n<title>&quot;Respiro Econ\u00f3mico: M\u00e9xico Reporta Descenso en la Inflaci\u00f3n Durante Agosto&quot; - M\u00e9xico<\/title>\n<meta name=\"robots\" content=\"index, follow, max-snippet:-1, max-image-preview:large, max-video-preview:-1\" \/>\n<link rel=\"canonical\" href=\"https:\/\/noti-america.com\/site\/mexico\/2024\/08\/22\/respiro-economico-mexico-reporta-descenso-en-la-inflacion-durante-agosto\/\" \/>\n<meta property=\"og:locale\" content=\"es_ES\" \/>\n<meta property=\"og:type\" content=\"article\" \/>\n<meta property=\"og:title\" content=\"&quot;Respiro Econ\u00f3mico: M\u00e9xico Reporta Descenso en la Inflaci\u00f3n Durante Agosto&quot;\" \/>\n<meta property=\"og:description\" content=\"NOTI-AMERICA.COM | M\u00c9XICO En un giro positivo para la econom\u00eda mexicana, el \u00cdndice Nacional de Precios al Consumidor (INPC) ha registrado una disminuci\u00f3n significativa en la primera quincena de agosto, marcando un respiro en&#046;&#046;&#046;\" \/>\n<meta property=\"og:url\" content=\"https:\/\/noti-america.com\/site\/mexico\/2024\/08\/22\/respiro-economico-mexico-reporta-descenso-en-la-inflacion-durante-agosto\/\" \/>\n<meta property=\"og:site_name\" content=\"M\u00e9xico\" \/>\n<meta property=\"article:author\" content=\"Mar\u00eda Valentina Noguera\" \/>\n<meta property=\"article:published_time\" content=\"2024-08-22T16:37:18+00:00\" \/>\n<meta property=\"og:image\" content=\"https:\/\/noti-america.com\/site\/mexico\/wp-content\/uploads\/sites\/13\/2024\/08\/ECONOMIA-MEXICANA.jpg\" \/>\n\t<meta property=\"og:image:width\" content=\"1200\" \/>\n\t<meta property=\"og:image:height\" content=\"720\" \/>\n\t<meta property=\"og:image:type\" content=\"image\/jpeg\" \/>\n<meta name=\"author\" content=\"Maria Valentina Noguera Medina\" \/>\n<meta name=\"twitter:card\" content=\"summary_large_image\" \/>\n<meta name=\"twitter:label1\" content=\"Escrito por\" \/>\n\t<meta name=\"twitter:data1\" content=\"Maria Valentina Noguera Medina\" \/>\n\t<meta name=\"twitter:label2\" content=\"Tiempo estimado de lectura\" \/>\n\t<meta name=\"twitter:data2\" content=\"2 minutos\" \/>\n<script type=\"application\/ld+json\" class=\"yoast-schema-graph\">{\"@context\":\"https:\/\/schema.org\",\"@graph\":[{\"@type\":\"Article\",\"@id\":\"https:\/\/noti-america.com\/site\/mexico\/2024\/08\/22\/respiro-economico-mexico-reporta-descenso-en-la-inflacion-durante-agosto\/#article\",\"isPartOf\":{\"@id\":\"https:\/\/noti-america.com\/site\/mexico\/2024\/08\/22\/respiro-economico-mexico-reporta-descenso-en-la-inflacion-durante-agosto\/\"},\"author\":{\"name\":\"Maria Valentina Noguera Medina\",\"@id\":\"https:\/\/noti-america.com\/site\/mexico\/#\/schema\/person\/22806efcc2cfc4b45efb0e17be210ea8\"},\"headline\":\"\u00abRespiro Econ\u00f3mico: M\u00e9xico Reporta Descenso en la Inflaci\u00f3n Durante Agosto\u00bb\",\"datePublished\":\"2024-08-22T16:37:18+00:00\",\"mainEntityOfPage\":{\"@id\":\"https:\/\/noti-america.com\/site\/mexico\/2024\/08\/22\/respiro-economico-mexico-reporta-descenso-en-la-inflacion-durante-agosto\/\"},\"wordCount\":445,\"commentCount\":0,\"publisher\":{\"@id\":\"https:\/\/noti-america.com\/site\/mexico\/#organization\"},\"image\":{\"@id\":\"https:\/\/noti-america.com\/site\/mexico\/2024\/08\/22\/respiro-economico-mexico-reporta-descenso-en-la-inflacion-durante-agosto\/#primaryimage\"},\"thumbnailUrl\":\"https:\/\/noti-america.com\/site\/mexico\/wp-content\/uploads\/sites\/13\/2024\/08\/ECONOMIA-MEXICANA.jpg\",\"articleSection\":[\"Econom\u00eda\"],\"inLanguage\":\"es\",\"potentialAction\":[{\"@type\":\"CommentAction\",\"name\":\"Comment\",\"target\":[\"https:\/\/noti-america.com\/site\/mexico\/2024\/08\/22\/respiro-economico-mexico-reporta-descenso-en-la-inflacion-durante-agosto\/#respond\"]}]},{\"@type\":\"WebPage\",\"@id\":\"https:\/\/noti-america.com\/site\/mexico\/2024\/08\/22\/respiro-economico-mexico-reporta-descenso-en-la-inflacion-durante-agosto\/\",\"url\":\"https:\/\/noti-america.com\/site\/mexico\/2024\/08\/22\/respiro-economico-mexico-reporta-descenso-en-la-inflacion-durante-agosto\/\",\"name\":\"\\\"Respiro Econ\u00f3mico: M\u00e9xico Reporta Descenso en la Inflaci\u00f3n Durante Agosto\\\" - M\u00e9xico\",\"isPartOf\":{\"@id\":\"https:\/\/noti-america.com\/site\/mexico\/#website\"},\"primaryImageOfPage\":{\"@id\":\"https:\/\/noti-america.com\/site\/mexico\/2024\/08\/22\/respiro-economico-mexico-reporta-descenso-en-la-inflacion-durante-agosto\/#primaryimage\"},\"image\":{\"@id\":\"https:\/\/noti-america.com\/site\/mexico\/2024\/08\/22\/respiro-economico-mexico-reporta-descenso-en-la-inflacion-durante-agosto\/#primaryimage\"},\"thumbnailUrl\":\"https:\/\/noti-america.com\/site\/mexico\/wp-content\/uploads\/sites\/13\/2024\/08\/ECONOMIA-MEXICANA.jpg\",\"datePublished\":\"2024-08-22T16:37:18+00:00\",\"breadcrumb\":{\"@id\":\"https:\/\/noti-america.com\/site\/mexico\/2024\/08\/22\/respiro-economico-mexico-reporta-descenso-en-la-inflacion-durante-agosto\/#breadcrumb\"},\"inLanguage\":\"es\",\"potentialAction\":[{\"@type\":\"ReadAction\",\"target\":[\"https:\/\/noti-america.com\/site\/mexico\/2024\/08\/22\/respiro-economico-mexico-reporta-descenso-en-la-inflacion-durante-agosto\/\"]}]},{\"@type\":\"ImageObject\",\"inLanguage\":\"es\",\"@id\":\"https:\/\/noti-america.com\/site\/mexico\/2024\/08\/22\/respiro-economico-mexico-reporta-descenso-en-la-inflacion-durante-agosto\/#primaryimage\",\"url\":\"https:\/\/noti-america.com\/site\/mexico\/wp-content\/uploads\/sites\/13\/2024\/08\/ECONOMIA-MEXICANA.jpg\",\"contentUrl\":\"https:\/\/noti-america.com\/site\/mexico\/wp-content\/uploads\/sites\/13\/2024\/08\/ECONOMIA-MEXICANA.jpg\",\"width\":1200,\"height\":720},{\"@type\":\"BreadcrumbList\",\"@id\":\"https:\/\/noti-america.com\/site\/mexico\/2024\/08\/22\/respiro-economico-mexico-reporta-descenso-en-la-inflacion-durante-agosto\/#breadcrumb\",\"itemListElement\":[{\"@type\":\"ListItem\",\"position\":1,\"name\":\"Portada\",\"item\":\"https:\/\/noti-america.com\/site\/mexico\/\"},{\"@type\":\"ListItem\",\"position\":2,\"name\":\"&#8220;Respiro Econ\u00f3mico: M\u00e9xico Reporta Descenso en la Inflaci\u00f3n Durante Agosto&#8221;\"}]},{\"@type\":\"WebSite\",\"@id\":\"https:\/\/noti-america.com\/site\/mexico\/#website\",\"url\":\"https:\/\/noti-america.com\/site\/mexico\/\",\"name\":\"M\u00e9xico | Noti-America.com\",\"description\":\"\",\"publisher\":{\"@id\":\"https:\/\/noti-america.com\/site\/mexico\/#organization\"},\"potentialAction\":[{\"@type\":\"SearchAction\",\"target\":{\"@type\":\"EntryPoint\",\"urlTemplate\":\"https:\/\/noti-america.com\/site\/mexico\/?s={search_term_string}\"},\"query-input\":{\"@type\":\"PropertyValueSpecification\",\"valueRequired\":true,\"valueName\":\"search_term_string\"}}],\"inLanguage\":\"es\"},{\"@type\":\"Organization\",\"@id\":\"https:\/\/noti-america.com\/site\/mexico\/#organization\",\"name\":\"Noti-America LLC | M\u00e9xico\",\"url\":\"https:\/\/noti-america.com\/site\/mexico\/\",\"logo\":{\"@type\":\"ImageObject\",\"inLanguage\":\"es\",\"@id\":\"https:\/\/noti-america.com\/site\/mexico\/#\/schema\/logo\/image\/\",\"url\":\"https:\/\/noti-america.com\/site\/mexico\/wp-content\/uploads\/sites\/13\/2020\/07\/LogoNA-4x3-1.jpg\",\"contentUrl\":\"https:\/\/noti-america.com\/site\/mexico\/wp-content\/uploads\/sites\/13\/2020\/07\/LogoNA-4x3-1.jpg\",\"width\":1236,\"height\":1080,\"caption\":\"Noti-America LLC | M\u00e9xico\"},\"image\":{\"@id\":\"https:\/\/noti-america.com\/site\/mexico\/#\/schema\/logo\/image\/\"}},{\"@type\":\"Person\",\"@id\":\"https:\/\/noti-america.com\/site\/mexico\/#\/schema\/person\/22806efcc2cfc4b45efb0e17be210ea8\",\"name\":\"Maria Valentina Noguera Medina\",\"image\":{\"@type\":\"ImageObject\",\"inLanguage\":\"es\",\"@id\":\"https:\/\/secure.gravatar.com\/avatar\/4ec5eb9d099f2608a49c9df6f7341f66f04f819cdffa09d56a7a0e91d2819d56?s=96&d=mm&r=g\",\"url\":\"https:\/\/secure.gravatar.com\/avatar\/4ec5eb9d099f2608a49c9df6f7341f66f04f819cdffa09d56a7a0e91d2819d56?s=96&d=mm&r=g\",\"contentUrl\":\"https:\/\/secure.gravatar.com\/avatar\/4ec5eb9d099f2608a49c9df6f7341f66f04f819cdffa09d56a7a0e91d2819d56?s=96&d=mm&r=g\",\"caption\":\"Maria Valentina Noguera Medina\"},\"description\":\"Periodista - noti-america - Promar Community Manager - Talento Plus Dise\u00f1adora\/ creadora de contenido...\",\"sameAs\":[\"Mar\u00eda Valentina Noguera\",\"https:\/\/www.facebook.com\/mariavalentina.noguera\",\"https:\/\/www.linkedin.com\/in\/mara-valentina-noguera-medina-373075165\/\",\"https:\/\/www.pinterest.es\/valentinanoguera95\/\",\"https:\/\/www.youtube.com\/channel\/UCdek6mbUZ-Tqqw0I63i4nmQ\"],\"url\":\"https:\/\/noti-america.com\/site\/mexico\/author\/mnoguera\/\"}]}<\/script>\n<!-- \/ Yoast SEO Premium plugin. -->","yoast_head_json":{"title":"\"Respiro Econ\u00f3mico: M\u00e9xico Reporta Descenso en la Inflaci\u00f3n Durante Agosto\" - M\u00e9xico","robots":{"index":"index","follow":"follow","max-snippet":"max-snippet:-1","max-image-preview":"max-image-preview:large","max-video-preview":"max-video-preview:-1"},"canonical":"https:\/\/noti-america.com\/site\/mexico\/2024\/08\/22\/respiro-economico-mexico-reporta-descenso-en-la-inflacion-durante-agosto\/","og_locale":"es_ES","og_type":"article","og_title":"\"Respiro Econ\u00f3mico: M\u00e9xico Reporta Descenso en la Inflaci\u00f3n Durante Agosto\"","og_description":"NOTI-AMERICA.COM | M\u00c9XICO En un giro positivo para la econom\u00eda mexicana, el \u00cdndice Nacional de Precios al Consumidor (INPC) ha registrado una disminuci\u00f3n significativa en la primera quincena de agosto, marcando un respiro en&#46;&#46;&#46;","og_url":"https:\/\/noti-america.com\/site\/mexico\/2024\/08\/22\/respiro-economico-mexico-reporta-descenso-en-la-inflacion-durante-agosto\/","og_site_name":"M\u00e9xico","article_author":"Mar\u00eda Valentina Noguera","article_published_time":"2024-08-22T16:37:18+00:00","og_image":[{"width":1200,"height":720,"url":"https:\/\/noti-america.com\/site\/mexico\/wp-content\/uploads\/sites\/13\/2024\/08\/ECONOMIA-MEXICANA.jpg","type":"image\/jpeg"}],"author":"Maria Valentina Noguera Medina","twitter_card":"summary_large_image","twitter_misc":{"Escrito por":"Maria Valentina Noguera Medina","Tiempo estimado de lectura":"2 minutos"},"schema":{"@context":"https:\/\/schema.org","@graph":[{"@type":"Article","@id":"https:\/\/noti-america.com\/site\/mexico\/2024\/08\/22\/respiro-economico-mexico-reporta-descenso-en-la-inflacion-durante-agosto\/#article","isPartOf":{"@id":"https:\/\/noti-america.com\/site\/mexico\/2024\/08\/22\/respiro-economico-mexico-reporta-descenso-en-la-inflacion-durante-agosto\/"},"author":{"name":"Maria Valentina Noguera Medina","@id":"https:\/\/noti-america.com\/site\/mexico\/#\/schema\/person\/22806efcc2cfc4b45efb0e17be210ea8"},"headline":"\u00abRespiro Econ\u00f3mico: M\u00e9xico Reporta Descenso en la Inflaci\u00f3n Durante Agosto\u00bb","datePublished":"2024-08-22T16:37:18+00:00","mainEntityOfPage":{"@id":"https:\/\/noti-america.com\/site\/mexico\/2024\/08\/22\/respiro-economico-mexico-reporta-descenso-en-la-inflacion-durante-agosto\/"},"wordCount":445,"commentCount":0,"publisher":{"@id":"https:\/\/noti-america.com\/site\/mexico\/#organization"},"image":{"@id":"https:\/\/noti-america.com\/site\/mexico\/2024\/08\/22\/respiro-economico-mexico-reporta-descenso-en-la-inflacion-durante-agosto\/#primaryimage"},"thumbnailUrl":"https:\/\/noti-america.com\/site\/mexico\/wp-content\/uploads\/sites\/13\/2024\/08\/ECONOMIA-MEXICANA.jpg","articleSection":["Econom\u00eda"],"inLanguage":"es","potentialAction":[{"@type":"CommentAction","name":"Comment","target":["https:\/\/noti-america.com\/site\/mexico\/2024\/08\/22\/respiro-economico-mexico-reporta-descenso-en-la-inflacion-durante-agosto\/#respond"]}]},{"@type":"WebPage","@id":"https:\/\/noti-america.com\/site\/mexico\/2024\/08\/22\/respiro-economico-mexico-reporta-descenso-en-la-inflacion-durante-agosto\/","url":"https:\/\/noti-america.com\/site\/mexico\/2024\/08\/22\/respiro-economico-mexico-reporta-descenso-en-la-inflacion-durante-agosto\/","name":"\"Respiro Econ\u00f3mico: M\u00e9xico Reporta Descenso en la Inflaci\u00f3n Durante Agosto\" - M\u00e9xico","isPartOf":{"@id":"https:\/\/noti-america.com\/site\/mexico\/#website"},"primaryImageOfPage":{"@id":"https:\/\/noti-america.com\/site\/mexico\/2024\/08\/22\/respiro-economico-mexico-reporta-descenso-en-la-inflacion-durante-agosto\/#primaryimage"},"image":{"@id":"https:\/\/noti-america.com\/site\/mexico\/2024\/08\/22\/respiro-economico-mexico-reporta-descenso-en-la-inflacion-durante-agosto\/#primaryimage"},"thumbnailUrl":"https:\/\/noti-america.com\/site\/mexico\/wp-content\/uploads\/sites\/13\/2024\/08\/ECONOMIA-MEXICANA.jpg","datePublished":"2024-08-22T16:37:18+00:00","breadcrumb":{"@id":"https:\/\/noti-america.com\/site\/mexico\/2024\/08\/22\/respiro-economico-mexico-reporta-descenso-en-la-inflacion-durante-agosto\/#breadcrumb"},"inLanguage":"es","potentialAction":[{"@type":"ReadAction","target":["https:\/\/noti-america.com\/site\/mexico\/2024\/08\/22\/respiro-economico-mexico-reporta-descenso-en-la-inflacion-durante-agosto\/"]}]},{"@type":"ImageObject","inLanguage":"es","@id":"https:\/\/noti-america.com\/site\/mexico\/2024\/08\/22\/respiro-economico-mexico-reporta-descenso-en-la-inflacion-durante-agosto\/#primaryimage","url":"https:\/\/noti-america.com\/site\/mexico\/wp-content\/uploads\/sites\/13\/2024\/08\/ECONOMIA-MEXICANA.jpg","contentUrl":"https:\/\/noti-america.com\/site\/mexico\/wp-content\/uploads\/sites\/13\/2024\/08\/ECONOMIA-MEXICANA.jpg","width":1200,"height":720},{"@type":"BreadcrumbList","@id":"https:\/\/noti-america.com\/site\/mexico\/2024\/08\/22\/respiro-economico-mexico-reporta-descenso-en-la-inflacion-durante-agosto\/#breadcrumb","itemListElement":[{"@type":"ListItem","position":1,"name":"Portada","item":"https:\/\/noti-america.com\/site\/mexico\/"},{"@type":"ListItem","position":2,"name":"&#8220;Respiro Econ\u00f3mico: M\u00e9xico Reporta Descenso en la Inflaci\u00f3n Durante Agosto&#8221;"}]},{"@type":"WebSite","@id":"https:\/\/noti-america.com\/site\/mexico\/#website","url":"https:\/\/noti-america.com\/site\/mexico\/","name":"M\u00e9xico | Noti-America.com","description":"","publisher":{"@id":"https:\/\/noti-america.com\/site\/mexico\/#organization"},"potentialAction":[{"@type":"SearchAction","target":{"@type":"EntryPoint","urlTemplate":"https:\/\/noti-america.com\/site\/mexico\/?s={search_term_string}"},"query-input":{"@type":"PropertyValueSpecification","valueRequired":true,"valueName":"search_term_string"}}],"inLanguage":"es"},{"@type":"Organization","@id":"https:\/\/noti-america.com\/site\/mexico\/#organization","name":"Noti-America LLC | M\u00e9xico","url":"https:\/\/noti-america.com\/site\/mexico\/","logo":{"@type":"ImageObject","inLanguage":"es","@id":"https:\/\/noti-america.com\/site\/mexico\/#\/schema\/logo\/image\/","url":"https:\/\/noti-america.com\/site\/mexico\/wp-content\/uploads\/sites\/13\/2020\/07\/LogoNA-4x3-1.jpg","contentUrl":"https:\/\/noti-america.com\/site\/mexico\/wp-content\/uploads\/sites\/13\/2020\/07\/LogoNA-4x3-1.jpg","width":1236,"height":1080,"caption":"Noti-America LLC | M\u00e9xico"},"image":{"@id":"https:\/\/noti-america.com\/site\/mexico\/#\/schema\/logo\/image\/"}},{"@type":"Person","@id":"https:\/\/noti-america.com\/site\/mexico\/#\/schema\/person\/22806efcc2cfc4b45efb0e17be210ea8","name":"Maria Valentina Noguera Medina","image":{"@type":"ImageObject","inLanguage":"es","@id":"https:\/\/secure.gravatar.com\/avatar\/4ec5eb9d099f2608a49c9df6f7341f66f04f819cdffa09d56a7a0e91d2819d56?s=96&d=mm&r=g","url":"https:\/\/secure.gravatar.com\/avatar\/4ec5eb9d099f2608a49c9df6f7341f66f04f819cdffa09d56a7a0e91d2819d56?s=96&d=mm&r=g","contentUrl":"https:\/\/secure.gravatar.com\/avatar\/4ec5eb9d099f2608a49c9df6f7341f66f04f819cdffa09d56a7a0e91d2819d56?s=96&d=mm&r=g","caption":"Maria Valentina Noguera Medina"},"description":"Periodista - noti-america - Promar Community Manager - Talento Plus Dise\u00f1adora\/ creadora de contenido...","sameAs":["Mar\u00eda Valentina Noguera","https:\/\/www.facebook.com\/mariavalentina.noguera","https:\/\/www.linkedin.com\/in\/mara-valentina-noguera-medina-373075165\/","https:\/\/www.pinterest.es\/valentinanoguera95\/","https:\/\/www.youtube.com\/channel\/UCdek6mbUZ-Tqqw0I63i4nmQ"],"url":"https:\/\/noti-america.com\/site\/mexico\/author\/mnoguera\/"}]}},"_links":{"self":[{"href":"https:\/\/noti-america.com\/site\/mexico\/wp-json\/wp\/v2\/posts\/13064","targetHints":{"allow":["GET"]}}],"collection":[{"href":"https:\/\/noti-america.com\/site\/mexico\/wp-json\/wp\/v2\/posts"}],"about":[{"href":"https:\/\/noti-america.com\/site\/mexico\/wp-json\/wp\/v2\/types\/post"}],"author":[{"embeddable":true,"href":"https:\/\/noti-america.com\/site\/mexico\/wp-json\/wp\/v2\/users\/133"}],"replies":[{"embeddable":true,"href":"https:\/\/noti-america.com\/site\/mexico\/wp-json\/wp\/v2\/comments?post=13064"}],"version-history":[{"count":1,"href":"https:\/\/noti-america.com\/site\/mexico\/wp-json\/wp\/v2\/posts\/13064\/revisions"}],"predecessor-version":[{"id":13067,"href":"https:\/\/noti-america.com\/site\/mexico\/wp-json\/wp\/v2\/posts\/13064\/revisions\/13067"}],"wp:featuredmedia":[{"embeddable":true,"href":"https:\/\/noti-america.com\/site\/mexico\/wp-json\/wp\/v2\/media\/13066"}],"wp:attachment":[{"href":"https:\/\/noti-america.com\/site\/mexico\/wp-json\/wp\/v2\/media?parent=13064"}],"wp:term":[{"taxonomy":"category","embeddable":true,"href":"https:\/\/noti-america.com\/site\/mexico\/wp-json\/wp\/v2\/categories?post=13064"},{"taxonomy":"post_tag","embeddable":true,"href":"https:\/\/noti-america.com\/site\/mexico\/wp-json\/wp\/v2\/tags?post=13064"}],"curies":[{"name":"wp","href":"https:\/\/api.w.org\/{rel}","templated":true}]}}