{"id":12834,"date":"2024-08-01T19:03:46","date_gmt":"2024-08-01T19:03:46","guid":{"rendered":"https:\/\/noti-america.com\/site\/mexico\/?p=12834"},"modified":"2024-08-01T19:03:46","modified_gmt":"2024-08-01T19:03:46","slug":"secretario-general-de-la-oea-pedira-a-la-cpi-orden-de-arresto-contra-maduro","status":"publish","type":"post","link":"https:\/\/noti-america.com\/site\/mexico\/2024\/08\/01\/secretario-general-de-la-oea-pedira-a-la-cpi-orden-de-arresto-contra-maduro\/","title":{"rendered":"Secretario general de la OEA pedir\u00e1 a la CPI orden de arresto contra Maduro"},"content":{"rendered":"<p>NOTI-AMERICA.COM | M\u00c9XICO<\/p>\n<p>El secretario general de la Organizaci\u00f3n de los Estados Americanos (OEA), Luis Almagro, anunci\u00f3 este mi\u00e9rcoles que solicitar\u00e1 a la Corte Penal Internacional (CPI) que ordene el arresto del presidente de Venezuela, Nicol\u00e1s Maduro, a quien acus\u00f3 de haber cometido un \u201cba\u00f1o de sangre\u201d contra los manifestantes tras las elecciones del domingo.<\/p>\n<p>\u201cEs hora de la Justicia y nosotros vamos a solicitar la imputaci\u00f3n de cargos con orden de aprehensi\u00f3n\u201d, afirm\u00f3 Almagro durante una sesi\u00f3n extraordinaria del Consejo Permanente de la OEA celebrada en Washington, en la que invit\u00f3 a los Estados miembros a sumarse a la petici\u00f3n.<\/p>\n<p>El secretario general dijo que teniendo en cuenta la investigaci\u00f3n que lleva a cabo la Fiscal\u00eda de la CPI sobre presuntos cr\u00edmenes de lesa humanidad cometidos en Venezuela desde 2014, ha llegado el momento de presentar cargos de imputaci\u00f3n contra aquellos m\u00e1s responsables, incluyendo a Maduro.<\/p>\n<p>Seg\u00fan Almagro, el presidente venezolano se ha encargado de dirigir la instrucci\u00f3n de la implementaci\u00f3n de la represi\u00f3n contra el pueblo venezolano.<\/p>\n<p>\u201cMaduro anunci\u00f3 un ba\u00f1o de sangre y lo est\u00e1 cumpliendo\u201d, afirm\u00f3 el pol\u00edtico uruguayo al referirse a los 17 manifestantes muertos en las protestas en contra del Gobierno venezolano tras las elecciones del domingo.<\/p>\n<p>Maduro dijo antes de los comicios, durante un acto electoral, que Venezuela podr\u00eda caer en un \u201cba\u00f1o de sangre, en una guerra civil\u201d si \u00e9l no ganaba las elecciones.<\/p>\n<p>\u201cFue algo que impresion\u00f3 cuando lo dijo, pero me impresiona mucho m\u00e1s cuando lo est\u00e1 haciendo\u201d, declar\u00f3 Almagro.<\/p>\n<p>La crisis en Venezuela se ha agudizado desde que el Consejo Nacional Electoral (CNE) proclam\u00f3 la victoria de Maduro en las elecciones del pasado domingo, unos resultados rechazados por la oposici\u00f3n y buena parte de la comunidad internacional, que exige ver las actas de votaci\u00f3n para verificar el resultado.<\/p>\n<p>La OEA, sin embargo, no logr\u00f3 este mi\u00e9rcoles la mayor\u00eda suficiente para aprobar una resoluci\u00f3n que exig\u00eda verificar los resultados en Venezuela, debido a la abstenci\u00f3n o ausencia de pa\u00edses como Brasil, Colombia y M\u00e9xico.<\/p>\n","protected":false},"excerpt":{"rendered":"<p>NOTI-AMERICA.COM | M\u00c9XICO El secretario general de la Organizaci\u00f3n de los Estados Americanos (OEA), Luis Almagro, anunci\u00f3 este mi\u00e9rcoles que solicitar\u00e1 a la Corte Penal Internacional (CPI) que ordene el arresto del presidente de&#46;&#46;&#46;<\/p>\n","protected":false},"author":133,"featured_media":12835,"comment_status":"open","ping_status":"open","sticky":false,"template":"","format":"image","meta":{"_acf_changed":false,"om_disable_all_campaigns":false,"rop_custom_images_group":[],"rop_custom_messages_group":[],"rop_publish_now":"initial","rop_publish_now_accounts":{"twitter_242054905_242054905":""},"rop_publish_now_history":[],"rop_publish_now_status":"pending","_uf_show_specific_survey":0,"_uf_disable_surveys":false,"footnotes":""},"categories":[722],"tags":[],"class_list":["post-12834","post","type-post","status-publish","format-image","has-post-thumbnail","hentry","category-actualidad","post_format-post-format-image"],"acf":[],"aioseo_notices":[],"yoast_head":"<!-- This site is optimized with the Yoast SEO Premium plugin v24.9 (Yoast SEO v27.2) - https:\/\/yoast.com\/product\/yoast-seo-premium-wordpress\/ -->\n<title>Secretario general de la OEA pedir\u00e1 a la CPI orden de arresto contra Maduro - M\u00e9xico<\/title>\n<meta name=\"robots\" content=\"index, follow, max-snippet:-1, max-image-preview:large, max-video-preview:-1\" \/>\n<link rel=\"canonical\" href=\"https:\/\/noti-america.com\/site\/mexico\/2024\/08\/01\/secretario-general-de-la-oea-pedira-a-la-cpi-orden-de-arresto-contra-maduro\/\" \/>\n<meta property=\"og:locale\" content=\"es_ES\" \/>\n<meta property=\"og:type\" content=\"article\" \/>\n<meta property=\"og:title\" content=\"Secretario general de la OEA pedir\u00e1 a la CPI orden de arresto contra Maduro\" \/>\n<meta property=\"og:description\" content=\"NOTI-AMERICA.COM | M\u00c9XICO El secretario general de la Organizaci\u00f3n de los Estados Americanos (OEA), Luis Almagro, anunci\u00f3 este mi\u00e9rcoles que solicitar\u00e1 a la Corte Penal Internacional (CPI) que ordene el arresto del presidente de&#046;&#046;&#046;\" \/>\n<meta property=\"og:url\" content=\"https:\/\/noti-america.com\/site\/mexico\/2024\/08\/01\/secretario-general-de-la-oea-pedira-a-la-cpi-orden-de-arresto-contra-maduro\/\" \/>\n<meta property=\"og:site_name\" content=\"M\u00e9xico\" \/>\n<meta property=\"article:author\" content=\"Mar\u00eda Valentina Noguera\" \/>\n<meta property=\"article:published_time\" content=\"2024-08-01T19:03:46+00:00\" \/>\n<meta property=\"og:image\" content=\"https:\/\/noti-america.com\/site\/mexico\/wp-content\/uploads\/sites\/13\/2024\/08\/Luis-Almagro.png\" \/>\n\t<meta property=\"og:image:width\" content=\"768\" \/>\n\t<meta property=\"og:image:height\" content=\"479\" \/>\n\t<meta property=\"og:image:type\" content=\"image\/png\" \/>\n<meta name=\"author\" content=\"Maria Valentina Noguera Medina\" \/>\n<meta name=\"twitter:card\" content=\"summary_large_image\" \/>\n<meta name=\"twitter:label1\" content=\"Escrito por\" \/>\n\t<meta name=\"twitter:data1\" content=\"Maria Valentina Noguera Medina\" \/>\n\t<meta name=\"twitter:label2\" content=\"Tiempo estimado de lectura\" \/>\n\t<meta name=\"twitter:data2\" content=\"2 minutos\" \/>\n<script type=\"application\/ld+json\" class=\"yoast-schema-graph\">{\"@context\":\"https:\/\/schema.org\",\"@graph\":[{\"@type\":\"Article\",\"@id\":\"https:\/\/noti-america.com\/site\/mexico\/2024\/08\/01\/secretario-general-de-la-oea-pedira-a-la-cpi-orden-de-arresto-contra-maduro\/#article\",\"isPartOf\":{\"@id\":\"https:\/\/noti-america.com\/site\/mexico\/2024\/08\/01\/secretario-general-de-la-oea-pedira-a-la-cpi-orden-de-arresto-contra-maduro\/\"},\"author\":{\"name\":\"Maria Valentina Noguera Medina\",\"@id\":\"https:\/\/noti-america.com\/site\/mexico\/#\/schema\/person\/22806efcc2cfc4b45efb0e17be210ea8\"},\"headline\":\"Secretario general de la OEA pedir\u00e1 a la CPI orden de arresto contra Maduro\",\"datePublished\":\"2024-08-01T19:03:46+00:00\",\"mainEntityOfPage\":{\"@id\":\"https:\/\/noti-america.com\/site\/mexico\/2024\/08\/01\/secretario-general-de-la-oea-pedira-a-la-cpi-orden-de-arresto-contra-maduro\/\"},\"wordCount\":378,\"commentCount\":0,\"publisher\":{\"@id\":\"https:\/\/noti-america.com\/site\/mexico\/#organization\"},\"image\":{\"@id\":\"https:\/\/noti-america.com\/site\/mexico\/2024\/08\/01\/secretario-general-de-la-oea-pedira-a-la-cpi-orden-de-arresto-contra-maduro\/#primaryimage\"},\"thumbnailUrl\":\"https:\/\/noti-america.com\/site\/mexico\/wp-content\/uploads\/sites\/13\/2024\/08\/Luis-Almagro.png\",\"articleSection\":[\"Actualidad\"],\"inLanguage\":\"es\",\"potentialAction\":[{\"@type\":\"CommentAction\",\"name\":\"Comment\",\"target\":[\"https:\/\/noti-america.com\/site\/mexico\/2024\/08\/01\/secretario-general-de-la-oea-pedira-a-la-cpi-orden-de-arresto-contra-maduro\/#respond\"]}]},{\"@type\":\"WebPage\",\"@id\":\"https:\/\/noti-america.com\/site\/mexico\/2024\/08\/01\/secretario-general-de-la-oea-pedira-a-la-cpi-orden-de-arresto-contra-maduro\/\",\"url\":\"https:\/\/noti-america.com\/site\/mexico\/2024\/08\/01\/secretario-general-de-la-oea-pedira-a-la-cpi-orden-de-arresto-contra-maduro\/\",\"name\":\"Secretario general de la OEA pedir\u00e1 a la CPI orden de arresto contra Maduro - M\u00e9xico\",\"isPartOf\":{\"@id\":\"https:\/\/noti-america.com\/site\/mexico\/#website\"},\"primaryImageOfPage\":{\"@id\":\"https:\/\/noti-america.com\/site\/mexico\/2024\/08\/01\/secretario-general-de-la-oea-pedira-a-la-cpi-orden-de-arresto-contra-maduro\/#primaryimage\"},\"image\":{\"@id\":\"https:\/\/noti-america.com\/site\/mexico\/2024\/08\/01\/secretario-general-de-la-oea-pedira-a-la-cpi-orden-de-arresto-contra-maduro\/#primaryimage\"},\"thumbnailUrl\":\"https:\/\/noti-america.com\/site\/mexico\/wp-content\/uploads\/sites\/13\/2024\/08\/Luis-Almagro.png\",\"datePublished\":\"2024-08-01T19:03:46+00:00\",\"breadcrumb\":{\"@id\":\"https:\/\/noti-america.com\/site\/mexico\/2024\/08\/01\/secretario-general-de-la-oea-pedira-a-la-cpi-orden-de-arresto-contra-maduro\/#breadcrumb\"},\"inLanguage\":\"es\",\"potentialAction\":[{\"@type\":\"ReadAction\",\"target\":[\"https:\/\/noti-america.com\/site\/mexico\/2024\/08\/01\/secretario-general-de-la-oea-pedira-a-la-cpi-orden-de-arresto-contra-maduro\/\"]}]},{\"@type\":\"ImageObject\",\"inLanguage\":\"es\",\"@id\":\"https:\/\/noti-america.com\/site\/mexico\/2024\/08\/01\/secretario-general-de-la-oea-pedira-a-la-cpi-orden-de-arresto-contra-maduro\/#primaryimage\",\"url\":\"https:\/\/noti-america.com\/site\/mexico\/wp-content\/uploads\/sites\/13\/2024\/08\/Luis-Almagro.png\",\"contentUrl\":\"https:\/\/noti-america.com\/site\/mexico\/wp-content\/uploads\/sites\/13\/2024\/08\/Luis-Almagro.png\",\"width\":768,\"height\":479},{\"@type\":\"BreadcrumbList\",\"@id\":\"https:\/\/noti-america.com\/site\/mexico\/2024\/08\/01\/secretario-general-de-la-oea-pedira-a-la-cpi-orden-de-arresto-contra-maduro\/#breadcrumb\",\"itemListElement\":[{\"@type\":\"ListItem\",\"position\":1,\"name\":\"Portada\",\"item\":\"https:\/\/noti-america.com\/site\/mexico\/\"},{\"@type\":\"ListItem\",\"position\":2,\"name\":\"Secretario general de la OEA pedir\u00e1 a la CPI orden de arresto contra Maduro\"}]},{\"@type\":\"WebSite\",\"@id\":\"https:\/\/noti-america.com\/site\/mexico\/#website\",\"url\":\"https:\/\/noti-america.com\/site\/mexico\/\",\"name\":\"M\u00e9xico | Noti-America.com\",\"description\":\"\",\"publisher\":{\"@id\":\"https:\/\/noti-america.com\/site\/mexico\/#organization\"},\"potentialAction\":[{\"@type\":\"SearchAction\",\"target\":{\"@type\":\"EntryPoint\",\"urlTemplate\":\"https:\/\/noti-america.com\/site\/mexico\/?s={search_term_string}\"},\"query-input\":{\"@type\":\"PropertyValueSpecification\",\"valueRequired\":true,\"valueName\":\"search_term_string\"}}],\"inLanguage\":\"es\"},{\"@type\":\"Organization\",\"@id\":\"https:\/\/noti-america.com\/site\/mexico\/#organization\",\"name\":\"Noti-America LLC | M\u00e9xico\",\"url\":\"https:\/\/noti-america.com\/site\/mexico\/\",\"logo\":{\"@type\":\"ImageObject\",\"inLanguage\":\"es\",\"@id\":\"https:\/\/noti-america.com\/site\/mexico\/#\/schema\/logo\/image\/\",\"url\":\"https:\/\/noti-america.com\/site\/mexico\/wp-content\/uploads\/sites\/13\/2020\/07\/LogoNA-4x3-1.jpg\",\"contentUrl\":\"https:\/\/noti-america.com\/site\/mexico\/wp-content\/uploads\/sites\/13\/2020\/07\/LogoNA-4x3-1.jpg\",\"width\":1236,\"height\":1080,\"caption\":\"Noti-America LLC | M\u00e9xico\"},\"image\":{\"@id\":\"https:\/\/noti-america.com\/site\/mexico\/#\/schema\/logo\/image\/\"}},{\"@type\":\"Person\",\"@id\":\"https:\/\/noti-america.com\/site\/mexico\/#\/schema\/person\/22806efcc2cfc4b45efb0e17be210ea8\",\"name\":\"Maria Valentina Noguera Medina\",\"image\":{\"@type\":\"ImageObject\",\"inLanguage\":\"es\",\"@id\":\"https:\/\/secure.gravatar.com\/avatar\/4ec5eb9d099f2608a49c9df6f7341f66f04f819cdffa09d56a7a0e91d2819d56?s=96&d=mm&r=g\",\"url\":\"https:\/\/secure.gravatar.com\/avatar\/4ec5eb9d099f2608a49c9df6f7341f66f04f819cdffa09d56a7a0e91d2819d56?s=96&d=mm&r=g\",\"contentUrl\":\"https:\/\/secure.gravatar.com\/avatar\/4ec5eb9d099f2608a49c9df6f7341f66f04f819cdffa09d56a7a0e91d2819d56?s=96&d=mm&r=g\",\"caption\":\"Maria Valentina Noguera Medina\"},\"description\":\"Periodista - noti-america - Promar Community Manager - Talento Plus Dise\u00f1adora\/ creadora de contenido...\",\"sameAs\":[\"Mar\u00eda Valentina Noguera\",\"https:\/\/www.facebook.com\/mariavalentina.noguera\",\"https:\/\/www.linkedin.com\/in\/mara-valentina-noguera-medina-373075165\/\",\"https:\/\/www.pinterest.es\/valentinanoguera95\/\",\"https:\/\/www.youtube.com\/channel\/UCdek6mbUZ-Tqqw0I63i4nmQ\"],\"url\":\"https:\/\/noti-america.com\/site\/mexico\/author\/mnoguera\/\"}]}<\/script>\n<!-- \/ Yoast SEO Premium plugin. -->","yoast_head_json":{"title":"Secretario general de la OEA pedir\u00e1 a la CPI orden de arresto contra Maduro - M\u00e9xico","robots":{"index":"index","follow":"follow","max-snippet":"max-snippet:-1","max-image-preview":"max-image-preview:large","max-video-preview":"max-video-preview:-1"},"canonical":"https:\/\/noti-america.com\/site\/mexico\/2024\/08\/01\/secretario-general-de-la-oea-pedira-a-la-cpi-orden-de-arresto-contra-maduro\/","og_locale":"es_ES","og_type":"article","og_title":"Secretario general de la OEA pedir\u00e1 a la CPI orden de arresto contra Maduro","og_description":"NOTI-AMERICA.COM | M\u00c9XICO El secretario general de la Organizaci\u00f3n de los Estados Americanos (OEA), Luis Almagro, anunci\u00f3 este mi\u00e9rcoles que solicitar\u00e1 a la Corte Penal Internacional (CPI) que ordene el arresto del presidente de&#46;&#46;&#46;","og_url":"https:\/\/noti-america.com\/site\/mexico\/2024\/08\/01\/secretario-general-de-la-oea-pedira-a-la-cpi-orden-de-arresto-contra-maduro\/","og_site_name":"M\u00e9xico","article_author":"Mar\u00eda Valentina Noguera","article_published_time":"2024-08-01T19:03:46+00:00","og_image":[{"width":768,"height":479,"url":"https:\/\/noti-america.com\/site\/mexico\/wp-content\/uploads\/sites\/13\/2024\/08\/Luis-Almagro.png","type":"image\/png"}],"author":"Maria Valentina Noguera Medina","twitter_card":"summary_large_image","twitter_misc":{"Escrito por":"Maria Valentina Noguera Medina","Tiempo estimado de lectura":"2 minutos"},"schema":{"@context":"https:\/\/schema.org","@graph":[{"@type":"Article","@id":"https:\/\/noti-america.com\/site\/mexico\/2024\/08\/01\/secretario-general-de-la-oea-pedira-a-la-cpi-orden-de-arresto-contra-maduro\/#article","isPartOf":{"@id":"https:\/\/noti-america.com\/site\/mexico\/2024\/08\/01\/secretario-general-de-la-oea-pedira-a-la-cpi-orden-de-arresto-contra-maduro\/"},"author":{"name":"Maria Valentina Noguera Medina","@id":"https:\/\/noti-america.com\/site\/mexico\/#\/schema\/person\/22806efcc2cfc4b45efb0e17be210ea8"},"headline":"Secretario general de la OEA pedir\u00e1 a la CPI orden de arresto contra Maduro","datePublished":"2024-08-01T19:03:46+00:00","mainEntityOfPage":{"@id":"https:\/\/noti-america.com\/site\/mexico\/2024\/08\/01\/secretario-general-de-la-oea-pedira-a-la-cpi-orden-de-arresto-contra-maduro\/"},"wordCount":378,"commentCount":0,"publisher":{"@id":"https:\/\/noti-america.com\/site\/mexico\/#organization"},"image":{"@id":"https:\/\/noti-america.com\/site\/mexico\/2024\/08\/01\/secretario-general-de-la-oea-pedira-a-la-cpi-orden-de-arresto-contra-maduro\/#primaryimage"},"thumbnailUrl":"https:\/\/noti-america.com\/site\/mexico\/wp-content\/uploads\/sites\/13\/2024\/08\/Luis-Almagro.png","articleSection":["Actualidad"],"inLanguage":"es","potentialAction":[{"@type":"CommentAction","name":"Comment","target":["https:\/\/noti-america.com\/site\/mexico\/2024\/08\/01\/secretario-general-de-la-oea-pedira-a-la-cpi-orden-de-arresto-contra-maduro\/#respond"]}]},{"@type":"WebPage","@id":"https:\/\/noti-america.com\/site\/mexico\/2024\/08\/01\/secretario-general-de-la-oea-pedira-a-la-cpi-orden-de-arresto-contra-maduro\/","url":"https:\/\/noti-america.com\/site\/mexico\/2024\/08\/01\/secretario-general-de-la-oea-pedira-a-la-cpi-orden-de-arresto-contra-maduro\/","name":"Secretario general de la OEA pedir\u00e1 a la CPI orden de arresto contra Maduro - M\u00e9xico","isPartOf":{"@id":"https:\/\/noti-america.com\/site\/mexico\/#website"},"primaryImageOfPage":{"@id":"https:\/\/noti-america.com\/site\/mexico\/2024\/08\/01\/secretario-general-de-la-oea-pedira-a-la-cpi-orden-de-arresto-contra-maduro\/#primaryimage"},"image":{"@id":"https:\/\/noti-america.com\/site\/mexico\/2024\/08\/01\/secretario-general-de-la-oea-pedira-a-la-cpi-orden-de-arresto-contra-maduro\/#primaryimage"},"thumbnailUrl":"https:\/\/noti-america.com\/site\/mexico\/wp-content\/uploads\/sites\/13\/2024\/08\/Luis-Almagro.png","datePublished":"2024-08-01T19:03:46+00:00","breadcrumb":{"@id":"https:\/\/noti-america.com\/site\/mexico\/2024\/08\/01\/secretario-general-de-la-oea-pedira-a-la-cpi-orden-de-arresto-contra-maduro\/#breadcrumb"},"inLanguage":"es","potentialAction":[{"@type":"ReadAction","target":["https:\/\/noti-america.com\/site\/mexico\/2024\/08\/01\/secretario-general-de-la-oea-pedira-a-la-cpi-orden-de-arresto-contra-maduro\/"]}]},{"@type":"ImageObject","inLanguage":"es","@id":"https:\/\/noti-america.com\/site\/mexico\/2024\/08\/01\/secretario-general-de-la-oea-pedira-a-la-cpi-orden-de-arresto-contra-maduro\/#primaryimage","url":"https:\/\/noti-america.com\/site\/mexico\/wp-content\/uploads\/sites\/13\/2024\/08\/Luis-Almagro.png","contentUrl":"https:\/\/noti-america.com\/site\/mexico\/wp-content\/uploads\/sites\/13\/2024\/08\/Luis-Almagro.png","width":768,"height":479},{"@type":"BreadcrumbList","@id":"https:\/\/noti-america.com\/site\/mexico\/2024\/08\/01\/secretario-general-de-la-oea-pedira-a-la-cpi-orden-de-arresto-contra-maduro\/#breadcrumb","itemListElement":[{"@type":"ListItem","position":1,"name":"Portada","item":"https:\/\/noti-america.com\/site\/mexico\/"},{"@type":"ListItem","position":2,"name":"Secretario general de la OEA pedir\u00e1 a la CPI orden de arresto contra Maduro"}]},{"@type":"WebSite","@id":"https:\/\/noti-america.com\/site\/mexico\/#website","url":"https:\/\/noti-america.com\/site\/mexico\/","name":"M\u00e9xico | Noti-America.com","description":"","publisher":{"@id":"https:\/\/noti-america.com\/site\/mexico\/#organization"},"potentialAction":[{"@type":"SearchAction","target":{"@type":"EntryPoint","urlTemplate":"https:\/\/noti-america.com\/site\/mexico\/?s={search_term_string}"},"query-input":{"@type":"PropertyValueSpecification","valueRequired":true,"valueName":"search_term_string"}}],"inLanguage":"es"},{"@type":"Organization","@id":"https:\/\/noti-america.com\/site\/mexico\/#organization","name":"Noti-America LLC | M\u00e9xico","url":"https:\/\/noti-america.com\/site\/mexico\/","logo":{"@type":"ImageObject","inLanguage":"es","@id":"https:\/\/noti-america.com\/site\/mexico\/#\/schema\/logo\/image\/","url":"https:\/\/noti-america.com\/site\/mexico\/wp-content\/uploads\/sites\/13\/2020\/07\/LogoNA-4x3-1.jpg","contentUrl":"https:\/\/noti-america.com\/site\/mexico\/wp-content\/uploads\/sites\/13\/2020\/07\/LogoNA-4x3-1.jpg","width":1236,"height":1080,"caption":"Noti-America LLC | M\u00e9xico"},"image":{"@id":"https:\/\/noti-america.com\/site\/mexico\/#\/schema\/logo\/image\/"}},{"@type":"Person","@id":"https:\/\/noti-america.com\/site\/mexico\/#\/schema\/person\/22806efcc2cfc4b45efb0e17be210ea8","name":"Maria Valentina Noguera Medina","image":{"@type":"ImageObject","inLanguage":"es","@id":"https:\/\/secure.gravatar.com\/avatar\/4ec5eb9d099f2608a49c9df6f7341f66f04f819cdffa09d56a7a0e91d2819d56?s=96&d=mm&r=g","url":"https:\/\/secure.gravatar.com\/avatar\/4ec5eb9d099f2608a49c9df6f7341f66f04f819cdffa09d56a7a0e91d2819d56?s=96&d=mm&r=g","contentUrl":"https:\/\/secure.gravatar.com\/avatar\/4ec5eb9d099f2608a49c9df6f7341f66f04f819cdffa09d56a7a0e91d2819d56?s=96&d=mm&r=g","caption":"Maria Valentina Noguera Medina"},"description":"Periodista - noti-america - Promar Community Manager - Talento Plus Dise\u00f1adora\/ creadora de contenido...","sameAs":["Mar\u00eda Valentina Noguera","https:\/\/www.facebook.com\/mariavalentina.noguera","https:\/\/www.linkedin.com\/in\/mara-valentina-noguera-medina-373075165\/","https:\/\/www.pinterest.es\/valentinanoguera95\/","https:\/\/www.youtube.com\/channel\/UCdek6mbUZ-Tqqw0I63i4nmQ"],"url":"https:\/\/noti-america.com\/site\/mexico\/author\/mnoguera\/"}]}},"_links":{"self":[{"href":"https:\/\/noti-america.com\/site\/mexico\/wp-json\/wp\/v2\/posts\/12834","targetHints":{"allow":["GET"]}}],"collection":[{"href":"https:\/\/noti-america.com\/site\/mexico\/wp-json\/wp\/v2\/posts"}],"about":[{"href":"https:\/\/noti-america.com\/site\/mexico\/wp-json\/wp\/v2\/types\/post"}],"author":[{"embeddable":true,"href":"https:\/\/noti-america.com\/site\/mexico\/wp-json\/wp\/v2\/users\/133"}],"replies":[{"embeddable":true,"href":"https:\/\/noti-america.com\/site\/mexico\/wp-json\/wp\/v2\/comments?post=12834"}],"version-history":[{"count":1,"href":"https:\/\/noti-america.com\/site\/mexico\/wp-json\/wp\/v2\/posts\/12834\/revisions"}],"predecessor-version":[{"id":12836,"href":"https:\/\/noti-america.com\/site\/mexico\/wp-json\/wp\/v2\/posts\/12834\/revisions\/12836"}],"wp:featuredmedia":[{"embeddable":true,"href":"https:\/\/noti-america.com\/site\/mexico\/wp-json\/wp\/v2\/media\/12835"}],"wp:attachment":[{"href":"https:\/\/noti-america.com\/site\/mexico\/wp-json\/wp\/v2\/media?parent=12834"}],"wp:term":[{"taxonomy":"category","embeddable":true,"href":"https:\/\/noti-america.com\/site\/mexico\/wp-json\/wp\/v2\/categories?post=12834"},{"taxonomy":"post_tag","embeddable":true,"href":"https:\/\/noti-america.com\/site\/mexico\/wp-json\/wp\/v2\/tags?post=12834"}],"curies":[{"name":"wp","href":"https:\/\/api.w.org\/{rel}","templated":true}]}}