{"id":12612,"date":"2024-07-10T16:31:41","date_gmt":"2024-07-10T16:31:41","guid":{"rendered":"https:\/\/noti-america.com\/site\/mexico\/?p=12612"},"modified":"2024-07-10T16:31:41","modified_gmt":"2024-07-10T16:31:41","slug":"radiante-por-naturaleza-descubre-como-brillar-con-confianza-propia","status":"publish","type":"post","link":"https:\/\/noti-america.com\/site\/mexico\/2024\/07\/10\/radiante-por-naturaleza-descubre-como-brillar-con-confianza-propia\/","title":{"rendered":"\u00ab\u00a1Radiante por Naturaleza! Descubre C\u00f3mo Brillar con Confianza Propia\u00bb"},"content":{"rendered":"<p><span style=\"color: #ff00ff\"><strong>NOTI-AMERICA.COM | M\u00c9XICO<\/strong><\/span><\/p>\n<p style=\"text-align: justify\">En un mundo donde la belleza a menudo se mide por est\u00e1ndares externos, una nueva tendencia est\u00e1 emergiendo con fuerza: la belleza aut\u00e9ntica que irradia desde el interior. Esta filosof\u00eda no solo aboga por la aceptaci\u00f3n personal, sino que tambi\u00e9n celebra la singularidad de cada individuo. Es un llamado a reconocer que la verdadera belleza trasciende lo que los dem\u00e1s puedan pensar y se centra en c\u00f3mo nos sentimos con nosotros mismos.<\/p>\n<p style=\"text-align: justify\">Los expertos en bienestar y psicolog\u00eda afirman que la autoestima y la confianza son los pilares de esta nueva era de la belleza. Aseguran que cuando una persona se siente bien consigo misma, ese bienestar se refleja en su apariencia externa. La clave est\u00e1 en cultivar un amor propio saludable, que incluye cuidar el cuerpo, la mente y el esp\u00edritu de manera integral.<\/p>\n<p style=\"text-align: justify\">Las redes sociales est\u00e1n desbordadas de testimonios inspiradores de personas que han decidido darle la espalda a las cr\u00edticas y vivir de acuerdo a sus propios t\u00e9rminos. Historias de transformaci\u00f3n personal y aceptaci\u00f3n que est\u00e1n cambiando la narrativa de lo que significa verse y sentirse bella.<\/p>\n<p style=\"text-align: justify\">La moda y la cosm\u00e9tica tambi\u00e9n est\u00e1n tomando nota de este cambio. Marcas pioneras est\u00e1n dise\u00f1ando productos que realzan la belleza natural sin ocultar la verdadera esencia de quien los lleva. Desde maquillaje que mejora las caracter\u00edsticas \u00fanicas hasta ropa que celebra todos los tipos de cuerpos, la industria est\u00e1 evolucionando hacia una inclusividad real y tangible.<\/p>\n<p style=\"text-align: justify\">Este movimiento va m\u00e1s all\u00e1 de la superficialidad y se adentra en el terreno del bienestar emocional. Talleres y seminarios sobre la imagen personal y la autoaceptaci\u00f3n est\u00e1n ganando popularidad, proporcionando herramientas para que las personas construyan una relaci\u00f3n m\u00e1s amorosa y respetuosa consigo mismas.<\/p>\n<p style=\"text-align: justify\">En conclusi\u00f3n, la belleza est\u00e1 siendo redefinida. Ya no se trata de seguir ciegamente las tendencias o buscar la aprobaci\u00f3n ajena, sino de encontrar y celebrar la propia identidad. Es un viaje hacia el descubrimiento personal que promete no solo hacernos lucir mejor, sino sentirnos en armon\u00eda con quienes realmente somos. Y as\u00ed, d\u00eda a d\u00eda, hombres y mujeres alrededor del mundo est\u00e1n demostrando que la belleza verdadera es aquella que brilla ante todo y ante todos, sin importar lo que piensen los dem\u00e1s.<\/p>\n","protected":false},"excerpt":{"rendered":"<p>NOTI-AMERICA.COM | M\u00c9XICO En un mundo donde la belleza a menudo se mide por est\u00e1ndares externos, una nueva tendencia est\u00e1 emergiendo con fuerza: la belleza aut\u00e9ntica que irradia desde el interior. Esta filosof\u00eda no&#46;&#46;&#46;<\/p>\n","protected":false},"author":133,"featured_media":12613,"comment_status":"open","ping_status":"open","sticky":false,"template":"","format":"image","meta":{"_acf_changed":false,"om_disable_all_campaigns":false,"rop_custom_images_group":[],"rop_custom_messages_group":[],"rop_publish_now":"initial","rop_publish_now_accounts":{"twitter_242054905_242054905":""},"rop_publish_now_history":[],"rop_publish_now_status":"pending","_uf_show_specific_survey":0,"_uf_disable_surveys":false,"footnotes":""},"categories":[722],"tags":[],"class_list":["post-12612","post","type-post","status-publish","format-image","has-post-thumbnail","hentry","category-actualidad","post_format-post-format-image"],"acf":[],"aioseo_notices":[],"yoast_head":"<!-- This site is optimized with the Yoast SEO Premium plugin v24.9 (Yoast SEO v27.2) - https:\/\/yoast.com\/product\/yoast-seo-premium-wordpress\/ -->\n<title>&quot;\u00a1Radiante por Naturaleza! Descubre C\u00f3mo Brillar con Confianza Propia&quot; - M\u00e9xico<\/title>\n<meta name=\"robots\" content=\"index, follow, max-snippet:-1, max-image-preview:large, max-video-preview:-1\" \/>\n<link rel=\"canonical\" href=\"https:\/\/noti-america.com\/site\/mexico\/2024\/07\/10\/radiante-por-naturaleza-descubre-como-brillar-con-confianza-propia\/\" \/>\n<meta property=\"og:locale\" content=\"es_ES\" \/>\n<meta property=\"og:type\" content=\"article\" \/>\n<meta property=\"og:title\" content=\"&quot;\u00a1Radiante por Naturaleza! Descubre C\u00f3mo Brillar con Confianza Propia&quot;\" \/>\n<meta property=\"og:description\" content=\"NOTI-AMERICA.COM | M\u00c9XICO En un mundo donde la belleza a menudo se mide por est\u00e1ndares externos, una nueva tendencia est\u00e1 emergiendo con fuerza: la belleza aut\u00e9ntica que irradia desde el interior. Esta filosof\u00eda no&#046;&#046;&#046;\" \/>\n<meta property=\"og:url\" content=\"https:\/\/noti-america.com\/site\/mexico\/2024\/07\/10\/radiante-por-naturaleza-descubre-como-brillar-con-confianza-propia\/\" \/>\n<meta property=\"og:site_name\" content=\"M\u00e9xico\" \/>\n<meta property=\"article:author\" content=\"Mar\u00eda Valentina Noguera\" \/>\n<meta property=\"article:published_time\" content=\"2024-07-10T16:31:41+00:00\" \/>\n<meta property=\"og:image\" content=\"https:\/\/noti-america.com\/site\/mexico\/wp-content\/uploads\/sites\/13\/2024\/07\/retrato-estudio-tres-amigos-internacionales-sonriendo-sobre-pared-rosa_197531-12982.jpg\" \/>\n\t<meta property=\"og:image:width\" content=\"740\" \/>\n\t<meta property=\"og:image:height\" content=\"493\" \/>\n\t<meta property=\"og:image:type\" content=\"image\/jpeg\" \/>\n<meta name=\"author\" content=\"Maria Valentina Noguera Medina\" \/>\n<meta name=\"twitter:card\" content=\"summary_large_image\" \/>\n<meta name=\"twitter:label1\" content=\"Escrito por\" \/>\n\t<meta name=\"twitter:data1\" content=\"Maria Valentina Noguera Medina\" \/>\n\t<meta name=\"twitter:label2\" content=\"Tiempo estimado de lectura\" \/>\n\t<meta name=\"twitter:data2\" content=\"2 minutos\" \/>\n<script type=\"application\/ld+json\" class=\"yoast-schema-graph\">{\"@context\":\"https:\/\/schema.org\",\"@graph\":[{\"@type\":\"Article\",\"@id\":\"https:\/\/noti-america.com\/site\/mexico\/2024\/07\/10\/radiante-por-naturaleza-descubre-como-brillar-con-confianza-propia\/#article\",\"isPartOf\":{\"@id\":\"https:\/\/noti-america.com\/site\/mexico\/2024\/07\/10\/radiante-por-naturaleza-descubre-como-brillar-con-confianza-propia\/\"},\"author\":{\"name\":\"Maria Valentina Noguera Medina\",\"@id\":\"https:\/\/noti-america.com\/site\/mexico\/#\/schema\/person\/22806efcc2cfc4b45efb0e17be210ea8\"},\"headline\":\"\u00ab\u00a1Radiante por Naturaleza! Descubre C\u00f3mo Brillar con Confianza Propia\u00bb\",\"datePublished\":\"2024-07-10T16:31:41+00:00\",\"mainEntityOfPage\":{\"@id\":\"https:\/\/noti-america.com\/site\/mexico\/2024\/07\/10\/radiante-por-naturaleza-descubre-como-brillar-con-confianza-propia\/\"},\"wordCount\":414,\"commentCount\":0,\"publisher\":{\"@id\":\"https:\/\/noti-america.com\/site\/mexico\/#organization\"},\"image\":{\"@id\":\"https:\/\/noti-america.com\/site\/mexico\/2024\/07\/10\/radiante-por-naturaleza-descubre-como-brillar-con-confianza-propia\/#primaryimage\"},\"thumbnailUrl\":\"https:\/\/noti-america.com\/site\/mexico\/wp-content\/uploads\/sites\/13\/2024\/07\/retrato-estudio-tres-amigos-internacionales-sonriendo-sobre-pared-rosa_197531-12982.jpg\",\"articleSection\":[\"Actualidad\"],\"inLanguage\":\"es\",\"potentialAction\":[{\"@type\":\"CommentAction\",\"name\":\"Comment\",\"target\":[\"https:\/\/noti-america.com\/site\/mexico\/2024\/07\/10\/radiante-por-naturaleza-descubre-como-brillar-con-confianza-propia\/#respond\"]}]},{\"@type\":\"WebPage\",\"@id\":\"https:\/\/noti-america.com\/site\/mexico\/2024\/07\/10\/radiante-por-naturaleza-descubre-como-brillar-con-confianza-propia\/\",\"url\":\"https:\/\/noti-america.com\/site\/mexico\/2024\/07\/10\/radiante-por-naturaleza-descubre-como-brillar-con-confianza-propia\/\",\"name\":\"\\\"\u00a1Radiante por Naturaleza! Descubre C\u00f3mo Brillar con Confianza Propia\\\" - M\u00e9xico\",\"isPartOf\":{\"@id\":\"https:\/\/noti-america.com\/site\/mexico\/#website\"},\"primaryImageOfPage\":{\"@id\":\"https:\/\/noti-america.com\/site\/mexico\/2024\/07\/10\/radiante-por-naturaleza-descubre-como-brillar-con-confianza-propia\/#primaryimage\"},\"image\":{\"@id\":\"https:\/\/noti-america.com\/site\/mexico\/2024\/07\/10\/radiante-por-naturaleza-descubre-como-brillar-con-confianza-propia\/#primaryimage\"},\"thumbnailUrl\":\"https:\/\/noti-america.com\/site\/mexico\/wp-content\/uploads\/sites\/13\/2024\/07\/retrato-estudio-tres-amigos-internacionales-sonriendo-sobre-pared-rosa_197531-12982.jpg\",\"datePublished\":\"2024-07-10T16:31:41+00:00\",\"breadcrumb\":{\"@id\":\"https:\/\/noti-america.com\/site\/mexico\/2024\/07\/10\/radiante-por-naturaleza-descubre-como-brillar-con-confianza-propia\/#breadcrumb\"},\"inLanguage\":\"es\",\"potentialAction\":[{\"@type\":\"ReadAction\",\"target\":[\"https:\/\/noti-america.com\/site\/mexico\/2024\/07\/10\/radiante-por-naturaleza-descubre-como-brillar-con-confianza-propia\/\"]}]},{\"@type\":\"ImageObject\",\"inLanguage\":\"es\",\"@id\":\"https:\/\/noti-america.com\/site\/mexico\/2024\/07\/10\/radiante-por-naturaleza-descubre-como-brillar-con-confianza-propia\/#primaryimage\",\"url\":\"https:\/\/noti-america.com\/site\/mexico\/wp-content\/uploads\/sites\/13\/2024\/07\/retrato-estudio-tres-amigos-internacionales-sonriendo-sobre-pared-rosa_197531-12982.jpg\",\"contentUrl\":\"https:\/\/noti-america.com\/site\/mexico\/wp-content\/uploads\/sites\/13\/2024\/07\/retrato-estudio-tres-amigos-internacionales-sonriendo-sobre-pared-rosa_197531-12982.jpg\",\"width\":740,\"height\":493},{\"@type\":\"BreadcrumbList\",\"@id\":\"https:\/\/noti-america.com\/site\/mexico\/2024\/07\/10\/radiante-por-naturaleza-descubre-como-brillar-con-confianza-propia\/#breadcrumb\",\"itemListElement\":[{\"@type\":\"ListItem\",\"position\":1,\"name\":\"Portada\",\"item\":\"https:\/\/noti-america.com\/site\/mexico\/\"},{\"@type\":\"ListItem\",\"position\":2,\"name\":\"&#8220;\u00a1Radiante por Naturaleza! Descubre C\u00f3mo Brillar con Confianza Propia&#8221;\"}]},{\"@type\":\"WebSite\",\"@id\":\"https:\/\/noti-america.com\/site\/mexico\/#website\",\"url\":\"https:\/\/noti-america.com\/site\/mexico\/\",\"name\":\"M\u00e9xico | Noti-America.com\",\"description\":\"\",\"publisher\":{\"@id\":\"https:\/\/noti-america.com\/site\/mexico\/#organization\"},\"potentialAction\":[{\"@type\":\"SearchAction\",\"target\":{\"@type\":\"EntryPoint\",\"urlTemplate\":\"https:\/\/noti-america.com\/site\/mexico\/?s={search_term_string}\"},\"query-input\":{\"@type\":\"PropertyValueSpecification\",\"valueRequired\":true,\"valueName\":\"search_term_string\"}}],\"inLanguage\":\"es\"},{\"@type\":\"Organization\",\"@id\":\"https:\/\/noti-america.com\/site\/mexico\/#organization\",\"name\":\"Noti-America LLC | M\u00e9xico\",\"url\":\"https:\/\/noti-america.com\/site\/mexico\/\",\"logo\":{\"@type\":\"ImageObject\",\"inLanguage\":\"es\",\"@id\":\"https:\/\/noti-america.com\/site\/mexico\/#\/schema\/logo\/image\/\",\"url\":\"https:\/\/noti-america.com\/site\/mexico\/wp-content\/uploads\/sites\/13\/2020\/07\/LogoNA-4x3-1.jpg\",\"contentUrl\":\"https:\/\/noti-america.com\/site\/mexico\/wp-content\/uploads\/sites\/13\/2020\/07\/LogoNA-4x3-1.jpg\",\"width\":1236,\"height\":1080,\"caption\":\"Noti-America LLC | M\u00e9xico\"},\"image\":{\"@id\":\"https:\/\/noti-america.com\/site\/mexico\/#\/schema\/logo\/image\/\"}},{\"@type\":\"Person\",\"@id\":\"https:\/\/noti-america.com\/site\/mexico\/#\/schema\/person\/22806efcc2cfc4b45efb0e17be210ea8\",\"name\":\"Maria Valentina Noguera Medina\",\"image\":{\"@type\":\"ImageObject\",\"inLanguage\":\"es\",\"@id\":\"https:\/\/secure.gravatar.com\/avatar\/4ec5eb9d099f2608a49c9df6f7341f66f04f819cdffa09d56a7a0e91d2819d56?s=96&d=mm&r=g\",\"url\":\"https:\/\/secure.gravatar.com\/avatar\/4ec5eb9d099f2608a49c9df6f7341f66f04f819cdffa09d56a7a0e91d2819d56?s=96&d=mm&r=g\",\"contentUrl\":\"https:\/\/secure.gravatar.com\/avatar\/4ec5eb9d099f2608a49c9df6f7341f66f04f819cdffa09d56a7a0e91d2819d56?s=96&d=mm&r=g\",\"caption\":\"Maria Valentina Noguera Medina\"},\"description\":\"Periodista - noti-america - Promar Community Manager - Talento Plus Dise\u00f1adora\/ creadora de contenido...\",\"sameAs\":[\"Mar\u00eda Valentina Noguera\",\"https:\/\/www.facebook.com\/mariavalentina.noguera\",\"https:\/\/www.linkedin.com\/in\/mara-valentina-noguera-medina-373075165\/\",\"https:\/\/www.pinterest.es\/valentinanoguera95\/\",\"https:\/\/www.youtube.com\/channel\/UCdek6mbUZ-Tqqw0I63i4nmQ\"],\"url\":\"https:\/\/noti-america.com\/site\/mexico\/author\/mnoguera\/\"}]}<\/script>\n<!-- \/ Yoast SEO Premium plugin. -->","yoast_head_json":{"title":"\"\u00a1Radiante por Naturaleza! Descubre C\u00f3mo Brillar con Confianza Propia\" - M\u00e9xico","robots":{"index":"index","follow":"follow","max-snippet":"max-snippet:-1","max-image-preview":"max-image-preview:large","max-video-preview":"max-video-preview:-1"},"canonical":"https:\/\/noti-america.com\/site\/mexico\/2024\/07\/10\/radiante-por-naturaleza-descubre-como-brillar-con-confianza-propia\/","og_locale":"es_ES","og_type":"article","og_title":"\"\u00a1Radiante por Naturaleza! Descubre C\u00f3mo Brillar con Confianza Propia\"","og_description":"NOTI-AMERICA.COM | M\u00c9XICO En un mundo donde la belleza a menudo se mide por est\u00e1ndares externos, una nueva tendencia est\u00e1 emergiendo con fuerza: la belleza aut\u00e9ntica que irradia desde el interior. Esta filosof\u00eda no&#46;&#46;&#46;","og_url":"https:\/\/noti-america.com\/site\/mexico\/2024\/07\/10\/radiante-por-naturaleza-descubre-como-brillar-con-confianza-propia\/","og_site_name":"M\u00e9xico","article_author":"Mar\u00eda Valentina Noguera","article_published_time":"2024-07-10T16:31:41+00:00","og_image":[{"width":740,"height":493,"url":"https:\/\/noti-america.com\/site\/mexico\/wp-content\/uploads\/sites\/13\/2024\/07\/retrato-estudio-tres-amigos-internacionales-sonriendo-sobre-pared-rosa_197531-12982.jpg","type":"image\/jpeg"}],"author":"Maria Valentina Noguera Medina","twitter_card":"summary_large_image","twitter_misc":{"Escrito por":"Maria Valentina Noguera Medina","Tiempo estimado de lectura":"2 minutos"},"schema":{"@context":"https:\/\/schema.org","@graph":[{"@type":"Article","@id":"https:\/\/noti-america.com\/site\/mexico\/2024\/07\/10\/radiante-por-naturaleza-descubre-como-brillar-con-confianza-propia\/#article","isPartOf":{"@id":"https:\/\/noti-america.com\/site\/mexico\/2024\/07\/10\/radiante-por-naturaleza-descubre-como-brillar-con-confianza-propia\/"},"author":{"name":"Maria Valentina Noguera Medina","@id":"https:\/\/noti-america.com\/site\/mexico\/#\/schema\/person\/22806efcc2cfc4b45efb0e17be210ea8"},"headline":"\u00ab\u00a1Radiante por Naturaleza! Descubre C\u00f3mo Brillar con Confianza Propia\u00bb","datePublished":"2024-07-10T16:31:41+00:00","mainEntityOfPage":{"@id":"https:\/\/noti-america.com\/site\/mexico\/2024\/07\/10\/radiante-por-naturaleza-descubre-como-brillar-con-confianza-propia\/"},"wordCount":414,"commentCount":0,"publisher":{"@id":"https:\/\/noti-america.com\/site\/mexico\/#organization"},"image":{"@id":"https:\/\/noti-america.com\/site\/mexico\/2024\/07\/10\/radiante-por-naturaleza-descubre-como-brillar-con-confianza-propia\/#primaryimage"},"thumbnailUrl":"https:\/\/noti-america.com\/site\/mexico\/wp-content\/uploads\/sites\/13\/2024\/07\/retrato-estudio-tres-amigos-internacionales-sonriendo-sobre-pared-rosa_197531-12982.jpg","articleSection":["Actualidad"],"inLanguage":"es","potentialAction":[{"@type":"CommentAction","name":"Comment","target":["https:\/\/noti-america.com\/site\/mexico\/2024\/07\/10\/radiante-por-naturaleza-descubre-como-brillar-con-confianza-propia\/#respond"]}]},{"@type":"WebPage","@id":"https:\/\/noti-america.com\/site\/mexico\/2024\/07\/10\/radiante-por-naturaleza-descubre-como-brillar-con-confianza-propia\/","url":"https:\/\/noti-america.com\/site\/mexico\/2024\/07\/10\/radiante-por-naturaleza-descubre-como-brillar-con-confianza-propia\/","name":"\"\u00a1Radiante por Naturaleza! Descubre C\u00f3mo Brillar con Confianza Propia\" - M\u00e9xico","isPartOf":{"@id":"https:\/\/noti-america.com\/site\/mexico\/#website"},"primaryImageOfPage":{"@id":"https:\/\/noti-america.com\/site\/mexico\/2024\/07\/10\/radiante-por-naturaleza-descubre-como-brillar-con-confianza-propia\/#primaryimage"},"image":{"@id":"https:\/\/noti-america.com\/site\/mexico\/2024\/07\/10\/radiante-por-naturaleza-descubre-como-brillar-con-confianza-propia\/#primaryimage"},"thumbnailUrl":"https:\/\/noti-america.com\/site\/mexico\/wp-content\/uploads\/sites\/13\/2024\/07\/retrato-estudio-tres-amigos-internacionales-sonriendo-sobre-pared-rosa_197531-12982.jpg","datePublished":"2024-07-10T16:31:41+00:00","breadcrumb":{"@id":"https:\/\/noti-america.com\/site\/mexico\/2024\/07\/10\/radiante-por-naturaleza-descubre-como-brillar-con-confianza-propia\/#breadcrumb"},"inLanguage":"es","potentialAction":[{"@type":"ReadAction","target":["https:\/\/noti-america.com\/site\/mexico\/2024\/07\/10\/radiante-por-naturaleza-descubre-como-brillar-con-confianza-propia\/"]}]},{"@type":"ImageObject","inLanguage":"es","@id":"https:\/\/noti-america.com\/site\/mexico\/2024\/07\/10\/radiante-por-naturaleza-descubre-como-brillar-con-confianza-propia\/#primaryimage","url":"https:\/\/noti-america.com\/site\/mexico\/wp-content\/uploads\/sites\/13\/2024\/07\/retrato-estudio-tres-amigos-internacionales-sonriendo-sobre-pared-rosa_197531-12982.jpg","contentUrl":"https:\/\/noti-america.com\/site\/mexico\/wp-content\/uploads\/sites\/13\/2024\/07\/retrato-estudio-tres-amigos-internacionales-sonriendo-sobre-pared-rosa_197531-12982.jpg","width":740,"height":493},{"@type":"BreadcrumbList","@id":"https:\/\/noti-america.com\/site\/mexico\/2024\/07\/10\/radiante-por-naturaleza-descubre-como-brillar-con-confianza-propia\/#breadcrumb","itemListElement":[{"@type":"ListItem","position":1,"name":"Portada","item":"https:\/\/noti-america.com\/site\/mexico\/"},{"@type":"ListItem","position":2,"name":"&#8220;\u00a1Radiante por Naturaleza! Descubre C\u00f3mo Brillar con Confianza Propia&#8221;"}]},{"@type":"WebSite","@id":"https:\/\/noti-america.com\/site\/mexico\/#website","url":"https:\/\/noti-america.com\/site\/mexico\/","name":"M\u00e9xico | Noti-America.com","description":"","publisher":{"@id":"https:\/\/noti-america.com\/site\/mexico\/#organization"},"potentialAction":[{"@type":"SearchAction","target":{"@type":"EntryPoint","urlTemplate":"https:\/\/noti-america.com\/site\/mexico\/?s={search_term_string}"},"query-input":{"@type":"PropertyValueSpecification","valueRequired":true,"valueName":"search_term_string"}}],"inLanguage":"es"},{"@type":"Organization","@id":"https:\/\/noti-america.com\/site\/mexico\/#organization","name":"Noti-America LLC | M\u00e9xico","url":"https:\/\/noti-america.com\/site\/mexico\/","logo":{"@type":"ImageObject","inLanguage":"es","@id":"https:\/\/noti-america.com\/site\/mexico\/#\/schema\/logo\/image\/","url":"https:\/\/noti-america.com\/site\/mexico\/wp-content\/uploads\/sites\/13\/2020\/07\/LogoNA-4x3-1.jpg","contentUrl":"https:\/\/noti-america.com\/site\/mexico\/wp-content\/uploads\/sites\/13\/2020\/07\/LogoNA-4x3-1.jpg","width":1236,"height":1080,"caption":"Noti-America LLC | M\u00e9xico"},"image":{"@id":"https:\/\/noti-america.com\/site\/mexico\/#\/schema\/logo\/image\/"}},{"@type":"Person","@id":"https:\/\/noti-america.com\/site\/mexico\/#\/schema\/person\/22806efcc2cfc4b45efb0e17be210ea8","name":"Maria Valentina Noguera Medina","image":{"@type":"ImageObject","inLanguage":"es","@id":"https:\/\/secure.gravatar.com\/avatar\/4ec5eb9d099f2608a49c9df6f7341f66f04f819cdffa09d56a7a0e91d2819d56?s=96&d=mm&r=g","url":"https:\/\/secure.gravatar.com\/avatar\/4ec5eb9d099f2608a49c9df6f7341f66f04f819cdffa09d56a7a0e91d2819d56?s=96&d=mm&r=g","contentUrl":"https:\/\/secure.gravatar.com\/avatar\/4ec5eb9d099f2608a49c9df6f7341f66f04f819cdffa09d56a7a0e91d2819d56?s=96&d=mm&r=g","caption":"Maria Valentina Noguera Medina"},"description":"Periodista - noti-america - Promar Community Manager - Talento Plus Dise\u00f1adora\/ creadora de contenido...","sameAs":["Mar\u00eda Valentina Noguera","https:\/\/www.facebook.com\/mariavalentina.noguera","https:\/\/www.linkedin.com\/in\/mara-valentina-noguera-medina-373075165\/","https:\/\/www.pinterest.es\/valentinanoguera95\/","https:\/\/www.youtube.com\/channel\/UCdek6mbUZ-Tqqw0I63i4nmQ"],"url":"https:\/\/noti-america.com\/site\/mexico\/author\/mnoguera\/"}]}},"_links":{"self":[{"href":"https:\/\/noti-america.com\/site\/mexico\/wp-json\/wp\/v2\/posts\/12612","targetHints":{"allow":["GET"]}}],"collection":[{"href":"https:\/\/noti-america.com\/site\/mexico\/wp-json\/wp\/v2\/posts"}],"about":[{"href":"https:\/\/noti-america.com\/site\/mexico\/wp-json\/wp\/v2\/types\/post"}],"author":[{"embeddable":true,"href":"https:\/\/noti-america.com\/site\/mexico\/wp-json\/wp\/v2\/users\/133"}],"replies":[{"embeddable":true,"href":"https:\/\/noti-america.com\/site\/mexico\/wp-json\/wp\/v2\/comments?post=12612"}],"version-history":[{"count":1,"href":"https:\/\/noti-america.com\/site\/mexico\/wp-json\/wp\/v2\/posts\/12612\/revisions"}],"predecessor-version":[{"id":12614,"href":"https:\/\/noti-america.com\/site\/mexico\/wp-json\/wp\/v2\/posts\/12612\/revisions\/12614"}],"wp:featuredmedia":[{"embeddable":true,"href":"https:\/\/noti-america.com\/site\/mexico\/wp-json\/wp\/v2\/media\/12613"}],"wp:attachment":[{"href":"https:\/\/noti-america.com\/site\/mexico\/wp-json\/wp\/v2\/media?parent=12612"}],"wp:term":[{"taxonomy":"category","embeddable":true,"href":"https:\/\/noti-america.com\/site\/mexico\/wp-json\/wp\/v2\/categories?post=12612"},{"taxonomy":"post_tag","embeddable":true,"href":"https:\/\/noti-america.com\/site\/mexico\/wp-json\/wp\/v2\/tags?post=12612"}],"curies":[{"name":"wp","href":"https:\/\/api.w.org\/{rel}","templated":true}]}}