{"id":12548,"date":"2024-07-06T21:14:52","date_gmt":"2024-07-06T21:14:52","guid":{"rendered":"https:\/\/noti-america.com\/site\/mexico\/?p=12548"},"modified":"2024-07-06T21:14:52","modified_gmt":"2024-07-06T21:14:52","slug":"estados-hacen-guardadito-para-enfrentar-desastres-naturales","status":"publish","type":"post","link":"https:\/\/noti-america.com\/site\/mexico\/2024\/07\/06\/estados-hacen-guardadito-para-enfrentar-desastres-naturales\/","title":{"rendered":"Estados hacen guardadito para enfrentar desastres naturales"},"content":{"rendered":"<p><strong>NOTI-AMERICA.COM | M\u00c9XICO<\/strong><\/p>\n<p style=\"text-align: justify\">En 12 entidades del pa\u00eds hay 840 millones de pesos que los gobiernos locales presupuestaron este a\u00f1o para atender desastres naturales, como huracanes, inundaciones, terremotos e incendios forestales.<\/p>\n<p style=\"text-align: justify\">La cifra es apenas una fracci\u00f3n de lo que se necesita para atender las emergencias y reconstruir tras los da\u00f1os. Por ejemplo, para reparar los da\u00f1os ocasionados por la tormenta tropical Alberto \u2014que impact\u00f3 el 20 de junio a Tamaulipas, Nuevo Le\u00f3n y algunas zonas de Coahuila\u2014 el gobierno de Samuel Garc\u00eda solicit\u00f3 poco m\u00e1s de cuatro mil millones de pesos a la federaci\u00f3n.<\/p>\n<p style=\"text-align: justify\">La Organizaci\u00f3n Editorial Mexicana (OEM) consult\u00f3 a los secretarios de Finanzas y Gobierno de varios estados del pa\u00eds, de los cuales 12 confirmaron sus montos disponibles: Aguascalientes, Baja California Sur, Chihuahua, Colima, Estado de M\u00e9xico, Hidalgo, Jalisco, Morelos, Nayarit, Quer\u00e9taro, Tabasco y Veracruz.<\/p>\n<p style=\"text-align: justify\">Desde que desapareci\u00f3 el Fideicomiso Fondo de Desastres Naturales (Fonden) en julio de 2021, la entidad gobernada por Enrique Alfaro cre\u00f3 dos fondos, que juntos suman 358 millones 462 mil 418 pesos. Jalisco es la entidad que m\u00e1s recursos aporta a su fondo de desastres de las 12 consultadas por la OEM.<\/p>\n<p style=\"text-align: justify\">El primero se denomina Fondo Estatal para la Atenci\u00f3n de Desastres Naturales de Municipios (Foeadenm) y atiende los da\u00f1os causados por un fen\u00f3meno de la naturaleza a vivienda, incluyendo mobiliario y enseres, infraestructura carretera, infraestructura hidr\u00e1ulica, caminos rurales, cauces y arroyos, entre otros. Su monto aprobado para este 2024 es de 58 millones 462 mil 418 pesos, explic\u00f3 el secretario general de gobierno, Juan Enrique Ibarra Pedroza.<\/p>\n<p style=\"text-align: justify\">El segundo es denominado Fondo Emergente para la Atenci\u00f3n del Efecto del Cambio Clim\u00e1tico y los Desastres Naturales en el Campo, lo maneja la Secretar\u00eda de Hacienda del Gobierno de Jalisco, es anual y para este 2024 tiene un monto de 300 millones de pesos.<\/p>\n<p style=\"text-align: justify\">El apoyo es econ\u00f3mico para disminuir las p\u00e9rdidas econ\u00f3micas derivadas de desastres naturales en unidades de producci\u00f3n agr\u00edcola, con un monto de tres mil pesos por hect\u00e1rea y cubre de una a cinco hect\u00e1reas.<\/p>\n<p style=\"text-align: justify\">Actualmente la zona metropolitana de Guadalajara enfrenta problemas de inundaciones y socavones por las lluvias y con la formaci\u00f3n de la tormenta Aletta frente a las costas de Jalisco, el gobierno podr\u00eda utilizar esos fondos.<\/p>\n<p style=\"text-align: justify\">Las otras dos entidades que m\u00e1s aportan para la atenci\u00f3n de desastres en sus territorios son Estado de M\u00e9xico y Veracruz, que para este a\u00f1o destinaron 100 millones de pesos, cada una, a sus fondos.<\/p>\n<p style=\"text-align: justify\">En el Estado de M\u00e9xico, el art\u00edculo 26 del presupuesto estatal dice que el cap\u00edtulo 6000 Inversi\u00f3n P\u00fablica tiene 100 millones de pesos asignados a la Coordinaci\u00f3n General de Protecci\u00f3n Civil para la atenci\u00f3n de desastres y siniestros ambientales o antropog\u00e9nicos (actividad humana). Sin embargo, si el gobierno mexiquense requiera recursos adicionales, estos se pueden ampliar a petici\u00f3n del Ejecutivo estatal.<\/p>\n<p style=\"text-align: justify\">Veracruz cuenta con el Fideicomiso P\u00fablico de Administraci\u00f3n e Inversi\u00f3n de Protecci\u00f3n Civil para la Atenci\u00f3n de Desastres Naturales y Otros Siniestros del Estado, que en total suma 99 millones 818 mil 902 pesos.<\/p>\n","protected":false},"excerpt":{"rendered":"<p>NOTI-AMERICA.COM | M\u00c9XICO En 12 entidades del pa\u00eds hay 840 millones de pesos que los gobiernos locales presupuestaron este a\u00f1o para atender desastres naturales, como huracanes, inundaciones, terremotos e incendios forestales. La cifra es&#46;&#46;&#46;<\/p>\n","protected":false},"author":133,"featured_media":12549,"comment_status":"open","ping_status":"open","sticky":false,"template":"","format":"image","meta":{"_acf_changed":false,"om_disable_all_campaigns":false,"rop_custom_images_group":[],"rop_custom_messages_group":[],"rop_publish_now":"initial","rop_publish_now_accounts":{"twitter_242054905_242054905":""},"rop_publish_now_history":[],"rop_publish_now_status":"pending","_uf_show_specific_survey":0,"_uf_disable_surveys":false,"footnotes":""},"categories":[722],"tags":[],"class_list":["post-12548","post","type-post","status-publish","format-image","has-post-thumbnail","hentry","category-actualidad","post_format-post-format-image"],"acf":[],"aioseo_notices":[],"yoast_head":"<!-- This site is optimized with the Yoast SEO Premium plugin v24.9 (Yoast SEO v27.2) - https:\/\/yoast.com\/product\/yoast-seo-premium-wordpress\/ -->\n<title>Estados hacen guardadito para enfrentar desastres naturales - M\u00e9xico<\/title>\n<meta name=\"robots\" content=\"index, follow, max-snippet:-1, max-image-preview:large, max-video-preview:-1\" \/>\n<link rel=\"canonical\" href=\"https:\/\/noti-america.com\/site\/mexico\/2024\/07\/06\/estados-hacen-guardadito-para-enfrentar-desastres-naturales\/\" \/>\n<meta property=\"og:locale\" content=\"es_ES\" \/>\n<meta property=\"og:type\" content=\"article\" \/>\n<meta property=\"og:title\" content=\"Estados hacen guardadito para enfrentar desastres naturales\" \/>\n<meta property=\"og:description\" content=\"NOTI-AMERICA.COM | M\u00c9XICO En 12 entidades del pa\u00eds hay 840 millones de pesos que los gobiernos locales presupuestaron este a\u00f1o para atender desastres naturales, como huracanes, inundaciones, terremotos e incendios forestales. La cifra es&#046;&#046;&#046;\" \/>\n<meta property=\"og:url\" content=\"https:\/\/noti-america.com\/site\/mexico\/2024\/07\/06\/estados-hacen-guardadito-para-enfrentar-desastres-naturales\/\" \/>\n<meta property=\"og:site_name\" content=\"M\u00e9xico\" \/>\n<meta property=\"article:author\" content=\"Mar\u00eda Valentina Noguera\" \/>\n<meta property=\"article:published_time\" content=\"2024-07-06T21:14:52+00:00\" \/>\n<meta property=\"og:image\" content=\"https:\/\/noti-america.com\/site\/mexico\/wp-content\/uploads\/sites\/13\/2024\/07\/huracan-Alberto.jpg\" \/>\n\t<meta property=\"og:image:width\" content=\"768\" \/>\n\t<meta property=\"og:image:height\" content=\"479\" \/>\n\t<meta property=\"og:image:type\" content=\"image\/jpeg\" \/>\n<meta name=\"author\" content=\"Maria Valentina Noguera Medina\" \/>\n<meta name=\"twitter:card\" content=\"summary_large_image\" \/>\n<meta name=\"twitter:label1\" content=\"Escrito por\" \/>\n\t<meta name=\"twitter:data1\" content=\"Maria Valentina Noguera Medina\" \/>\n\t<meta name=\"twitter:label2\" content=\"Tiempo estimado de lectura\" \/>\n\t<meta name=\"twitter:data2\" content=\"3 minutos\" \/>\n<script type=\"application\/ld+json\" class=\"yoast-schema-graph\">{\"@context\":\"https:\/\/schema.org\",\"@graph\":[{\"@type\":\"Article\",\"@id\":\"https:\/\/noti-america.com\/site\/mexico\/2024\/07\/06\/estados-hacen-guardadito-para-enfrentar-desastres-naturales\/#article\",\"isPartOf\":{\"@id\":\"https:\/\/noti-america.com\/site\/mexico\/2024\/07\/06\/estados-hacen-guardadito-para-enfrentar-desastres-naturales\/\"},\"author\":{\"name\":\"Maria Valentina Noguera Medina\",\"@id\":\"https:\/\/noti-america.com\/site\/mexico\/#\/schema\/person\/22806efcc2cfc4b45efb0e17be210ea8\"},\"headline\":\"Estados hacen guardadito para enfrentar desastres naturales\",\"datePublished\":\"2024-07-06T21:14:52+00:00\",\"mainEntityOfPage\":{\"@id\":\"https:\/\/noti-america.com\/site\/mexico\/2024\/07\/06\/estados-hacen-guardadito-para-enfrentar-desastres-naturales\/\"},\"wordCount\":536,\"commentCount\":0,\"publisher\":{\"@id\":\"https:\/\/noti-america.com\/site\/mexico\/#organization\"},\"image\":{\"@id\":\"https:\/\/noti-america.com\/site\/mexico\/2024\/07\/06\/estados-hacen-guardadito-para-enfrentar-desastres-naturales\/#primaryimage\"},\"thumbnailUrl\":\"https:\/\/noti-america.com\/site\/mexico\/wp-content\/uploads\/sites\/13\/2024\/07\/huracan-Alberto.jpg\",\"articleSection\":[\"Actualidad\"],\"inLanguage\":\"es\",\"potentialAction\":[{\"@type\":\"CommentAction\",\"name\":\"Comment\",\"target\":[\"https:\/\/noti-america.com\/site\/mexico\/2024\/07\/06\/estados-hacen-guardadito-para-enfrentar-desastres-naturales\/#respond\"]}]},{\"@type\":\"WebPage\",\"@id\":\"https:\/\/noti-america.com\/site\/mexico\/2024\/07\/06\/estados-hacen-guardadito-para-enfrentar-desastres-naturales\/\",\"url\":\"https:\/\/noti-america.com\/site\/mexico\/2024\/07\/06\/estados-hacen-guardadito-para-enfrentar-desastres-naturales\/\",\"name\":\"Estados hacen guardadito para enfrentar desastres naturales - M\u00e9xico\",\"isPartOf\":{\"@id\":\"https:\/\/noti-america.com\/site\/mexico\/#website\"},\"primaryImageOfPage\":{\"@id\":\"https:\/\/noti-america.com\/site\/mexico\/2024\/07\/06\/estados-hacen-guardadito-para-enfrentar-desastres-naturales\/#primaryimage\"},\"image\":{\"@id\":\"https:\/\/noti-america.com\/site\/mexico\/2024\/07\/06\/estados-hacen-guardadito-para-enfrentar-desastres-naturales\/#primaryimage\"},\"thumbnailUrl\":\"https:\/\/noti-america.com\/site\/mexico\/wp-content\/uploads\/sites\/13\/2024\/07\/huracan-Alberto.jpg\",\"datePublished\":\"2024-07-06T21:14:52+00:00\",\"breadcrumb\":{\"@id\":\"https:\/\/noti-america.com\/site\/mexico\/2024\/07\/06\/estados-hacen-guardadito-para-enfrentar-desastres-naturales\/#breadcrumb\"},\"inLanguage\":\"es\",\"potentialAction\":[{\"@type\":\"ReadAction\",\"target\":[\"https:\/\/noti-america.com\/site\/mexico\/2024\/07\/06\/estados-hacen-guardadito-para-enfrentar-desastres-naturales\/\"]}]},{\"@type\":\"ImageObject\",\"inLanguage\":\"es\",\"@id\":\"https:\/\/noti-america.com\/site\/mexico\/2024\/07\/06\/estados-hacen-guardadito-para-enfrentar-desastres-naturales\/#primaryimage\",\"url\":\"https:\/\/noti-america.com\/site\/mexico\/wp-content\/uploads\/sites\/13\/2024\/07\/huracan-Alberto.jpg\",\"contentUrl\":\"https:\/\/noti-america.com\/site\/mexico\/wp-content\/uploads\/sites\/13\/2024\/07\/huracan-Alberto.jpg\",\"width\":768,\"height\":479},{\"@type\":\"BreadcrumbList\",\"@id\":\"https:\/\/noti-america.com\/site\/mexico\/2024\/07\/06\/estados-hacen-guardadito-para-enfrentar-desastres-naturales\/#breadcrumb\",\"itemListElement\":[{\"@type\":\"ListItem\",\"position\":1,\"name\":\"Portada\",\"item\":\"https:\/\/noti-america.com\/site\/mexico\/\"},{\"@type\":\"ListItem\",\"position\":2,\"name\":\"Estados hacen guardadito para enfrentar desastres naturales\"}]},{\"@type\":\"WebSite\",\"@id\":\"https:\/\/noti-america.com\/site\/mexico\/#website\",\"url\":\"https:\/\/noti-america.com\/site\/mexico\/\",\"name\":\"M\u00e9xico | Noti-America.com\",\"description\":\"\",\"publisher\":{\"@id\":\"https:\/\/noti-america.com\/site\/mexico\/#organization\"},\"potentialAction\":[{\"@type\":\"SearchAction\",\"target\":{\"@type\":\"EntryPoint\",\"urlTemplate\":\"https:\/\/noti-america.com\/site\/mexico\/?s={search_term_string}\"},\"query-input\":{\"@type\":\"PropertyValueSpecification\",\"valueRequired\":true,\"valueName\":\"search_term_string\"}}],\"inLanguage\":\"es\"},{\"@type\":\"Organization\",\"@id\":\"https:\/\/noti-america.com\/site\/mexico\/#organization\",\"name\":\"Noti-America LLC | M\u00e9xico\",\"url\":\"https:\/\/noti-america.com\/site\/mexico\/\",\"logo\":{\"@type\":\"ImageObject\",\"inLanguage\":\"es\",\"@id\":\"https:\/\/noti-america.com\/site\/mexico\/#\/schema\/logo\/image\/\",\"url\":\"https:\/\/noti-america.com\/site\/mexico\/wp-content\/uploads\/sites\/13\/2020\/07\/LogoNA-4x3-1.jpg\",\"contentUrl\":\"https:\/\/noti-america.com\/site\/mexico\/wp-content\/uploads\/sites\/13\/2020\/07\/LogoNA-4x3-1.jpg\",\"width\":1236,\"height\":1080,\"caption\":\"Noti-America LLC | M\u00e9xico\"},\"image\":{\"@id\":\"https:\/\/noti-america.com\/site\/mexico\/#\/schema\/logo\/image\/\"}},{\"@type\":\"Person\",\"@id\":\"https:\/\/noti-america.com\/site\/mexico\/#\/schema\/person\/22806efcc2cfc4b45efb0e17be210ea8\",\"name\":\"Maria Valentina Noguera Medina\",\"image\":{\"@type\":\"ImageObject\",\"inLanguage\":\"es\",\"@id\":\"https:\/\/secure.gravatar.com\/avatar\/4ec5eb9d099f2608a49c9df6f7341f66f04f819cdffa09d56a7a0e91d2819d56?s=96&d=mm&r=g\",\"url\":\"https:\/\/secure.gravatar.com\/avatar\/4ec5eb9d099f2608a49c9df6f7341f66f04f819cdffa09d56a7a0e91d2819d56?s=96&d=mm&r=g\",\"contentUrl\":\"https:\/\/secure.gravatar.com\/avatar\/4ec5eb9d099f2608a49c9df6f7341f66f04f819cdffa09d56a7a0e91d2819d56?s=96&d=mm&r=g\",\"caption\":\"Maria Valentina Noguera Medina\"},\"description\":\"Periodista - noti-america - Promar Community Manager - Talento Plus Dise\u00f1adora\/ creadora de contenido...\",\"sameAs\":[\"Mar\u00eda Valentina Noguera\",\"https:\/\/www.facebook.com\/mariavalentina.noguera\",\"https:\/\/www.linkedin.com\/in\/mara-valentina-noguera-medina-373075165\/\",\"https:\/\/www.pinterest.es\/valentinanoguera95\/\",\"https:\/\/www.youtube.com\/channel\/UCdek6mbUZ-Tqqw0I63i4nmQ\"],\"url\":\"https:\/\/noti-america.com\/site\/mexico\/author\/mnoguera\/\"}]}<\/script>\n<!-- \/ Yoast SEO Premium plugin. -->","yoast_head_json":{"title":"Estados hacen guardadito para enfrentar desastres naturales - M\u00e9xico","robots":{"index":"index","follow":"follow","max-snippet":"max-snippet:-1","max-image-preview":"max-image-preview:large","max-video-preview":"max-video-preview:-1"},"canonical":"https:\/\/noti-america.com\/site\/mexico\/2024\/07\/06\/estados-hacen-guardadito-para-enfrentar-desastres-naturales\/","og_locale":"es_ES","og_type":"article","og_title":"Estados hacen guardadito para enfrentar desastres naturales","og_description":"NOTI-AMERICA.COM | M\u00c9XICO En 12 entidades del pa\u00eds hay 840 millones de pesos que los gobiernos locales presupuestaron este a\u00f1o para atender desastres naturales, como huracanes, inundaciones, terremotos e incendios forestales. La cifra es&#46;&#46;&#46;","og_url":"https:\/\/noti-america.com\/site\/mexico\/2024\/07\/06\/estados-hacen-guardadito-para-enfrentar-desastres-naturales\/","og_site_name":"M\u00e9xico","article_author":"Mar\u00eda Valentina Noguera","article_published_time":"2024-07-06T21:14:52+00:00","og_image":[{"width":768,"height":479,"url":"https:\/\/noti-america.com\/site\/mexico\/wp-content\/uploads\/sites\/13\/2024\/07\/huracan-Alberto.jpg","type":"image\/jpeg"}],"author":"Maria Valentina Noguera Medina","twitter_card":"summary_large_image","twitter_misc":{"Escrito por":"Maria Valentina Noguera Medina","Tiempo estimado de lectura":"3 minutos"},"schema":{"@context":"https:\/\/schema.org","@graph":[{"@type":"Article","@id":"https:\/\/noti-america.com\/site\/mexico\/2024\/07\/06\/estados-hacen-guardadito-para-enfrentar-desastres-naturales\/#article","isPartOf":{"@id":"https:\/\/noti-america.com\/site\/mexico\/2024\/07\/06\/estados-hacen-guardadito-para-enfrentar-desastres-naturales\/"},"author":{"name":"Maria Valentina Noguera Medina","@id":"https:\/\/noti-america.com\/site\/mexico\/#\/schema\/person\/22806efcc2cfc4b45efb0e17be210ea8"},"headline":"Estados hacen guardadito para enfrentar desastres naturales","datePublished":"2024-07-06T21:14:52+00:00","mainEntityOfPage":{"@id":"https:\/\/noti-america.com\/site\/mexico\/2024\/07\/06\/estados-hacen-guardadito-para-enfrentar-desastres-naturales\/"},"wordCount":536,"commentCount":0,"publisher":{"@id":"https:\/\/noti-america.com\/site\/mexico\/#organization"},"image":{"@id":"https:\/\/noti-america.com\/site\/mexico\/2024\/07\/06\/estados-hacen-guardadito-para-enfrentar-desastres-naturales\/#primaryimage"},"thumbnailUrl":"https:\/\/noti-america.com\/site\/mexico\/wp-content\/uploads\/sites\/13\/2024\/07\/huracan-Alberto.jpg","articleSection":["Actualidad"],"inLanguage":"es","potentialAction":[{"@type":"CommentAction","name":"Comment","target":["https:\/\/noti-america.com\/site\/mexico\/2024\/07\/06\/estados-hacen-guardadito-para-enfrentar-desastres-naturales\/#respond"]}]},{"@type":"WebPage","@id":"https:\/\/noti-america.com\/site\/mexico\/2024\/07\/06\/estados-hacen-guardadito-para-enfrentar-desastres-naturales\/","url":"https:\/\/noti-america.com\/site\/mexico\/2024\/07\/06\/estados-hacen-guardadito-para-enfrentar-desastres-naturales\/","name":"Estados hacen guardadito para enfrentar desastres naturales - M\u00e9xico","isPartOf":{"@id":"https:\/\/noti-america.com\/site\/mexico\/#website"},"primaryImageOfPage":{"@id":"https:\/\/noti-america.com\/site\/mexico\/2024\/07\/06\/estados-hacen-guardadito-para-enfrentar-desastres-naturales\/#primaryimage"},"image":{"@id":"https:\/\/noti-america.com\/site\/mexico\/2024\/07\/06\/estados-hacen-guardadito-para-enfrentar-desastres-naturales\/#primaryimage"},"thumbnailUrl":"https:\/\/noti-america.com\/site\/mexico\/wp-content\/uploads\/sites\/13\/2024\/07\/huracan-Alberto.jpg","datePublished":"2024-07-06T21:14:52+00:00","breadcrumb":{"@id":"https:\/\/noti-america.com\/site\/mexico\/2024\/07\/06\/estados-hacen-guardadito-para-enfrentar-desastres-naturales\/#breadcrumb"},"inLanguage":"es","potentialAction":[{"@type":"ReadAction","target":["https:\/\/noti-america.com\/site\/mexico\/2024\/07\/06\/estados-hacen-guardadito-para-enfrentar-desastres-naturales\/"]}]},{"@type":"ImageObject","inLanguage":"es","@id":"https:\/\/noti-america.com\/site\/mexico\/2024\/07\/06\/estados-hacen-guardadito-para-enfrentar-desastres-naturales\/#primaryimage","url":"https:\/\/noti-america.com\/site\/mexico\/wp-content\/uploads\/sites\/13\/2024\/07\/huracan-Alberto.jpg","contentUrl":"https:\/\/noti-america.com\/site\/mexico\/wp-content\/uploads\/sites\/13\/2024\/07\/huracan-Alberto.jpg","width":768,"height":479},{"@type":"BreadcrumbList","@id":"https:\/\/noti-america.com\/site\/mexico\/2024\/07\/06\/estados-hacen-guardadito-para-enfrentar-desastres-naturales\/#breadcrumb","itemListElement":[{"@type":"ListItem","position":1,"name":"Portada","item":"https:\/\/noti-america.com\/site\/mexico\/"},{"@type":"ListItem","position":2,"name":"Estados hacen guardadito para enfrentar desastres naturales"}]},{"@type":"WebSite","@id":"https:\/\/noti-america.com\/site\/mexico\/#website","url":"https:\/\/noti-america.com\/site\/mexico\/","name":"M\u00e9xico | Noti-America.com","description":"","publisher":{"@id":"https:\/\/noti-america.com\/site\/mexico\/#organization"},"potentialAction":[{"@type":"SearchAction","target":{"@type":"EntryPoint","urlTemplate":"https:\/\/noti-america.com\/site\/mexico\/?s={search_term_string}"},"query-input":{"@type":"PropertyValueSpecification","valueRequired":true,"valueName":"search_term_string"}}],"inLanguage":"es"},{"@type":"Organization","@id":"https:\/\/noti-america.com\/site\/mexico\/#organization","name":"Noti-America LLC | M\u00e9xico","url":"https:\/\/noti-america.com\/site\/mexico\/","logo":{"@type":"ImageObject","inLanguage":"es","@id":"https:\/\/noti-america.com\/site\/mexico\/#\/schema\/logo\/image\/","url":"https:\/\/noti-america.com\/site\/mexico\/wp-content\/uploads\/sites\/13\/2020\/07\/LogoNA-4x3-1.jpg","contentUrl":"https:\/\/noti-america.com\/site\/mexico\/wp-content\/uploads\/sites\/13\/2020\/07\/LogoNA-4x3-1.jpg","width":1236,"height":1080,"caption":"Noti-America LLC | M\u00e9xico"},"image":{"@id":"https:\/\/noti-america.com\/site\/mexico\/#\/schema\/logo\/image\/"}},{"@type":"Person","@id":"https:\/\/noti-america.com\/site\/mexico\/#\/schema\/person\/22806efcc2cfc4b45efb0e17be210ea8","name":"Maria Valentina Noguera Medina","image":{"@type":"ImageObject","inLanguage":"es","@id":"https:\/\/secure.gravatar.com\/avatar\/4ec5eb9d099f2608a49c9df6f7341f66f04f819cdffa09d56a7a0e91d2819d56?s=96&d=mm&r=g","url":"https:\/\/secure.gravatar.com\/avatar\/4ec5eb9d099f2608a49c9df6f7341f66f04f819cdffa09d56a7a0e91d2819d56?s=96&d=mm&r=g","contentUrl":"https:\/\/secure.gravatar.com\/avatar\/4ec5eb9d099f2608a49c9df6f7341f66f04f819cdffa09d56a7a0e91d2819d56?s=96&d=mm&r=g","caption":"Maria Valentina Noguera Medina"},"description":"Periodista - noti-america - Promar Community Manager - Talento Plus Dise\u00f1adora\/ creadora de contenido...","sameAs":["Mar\u00eda Valentina Noguera","https:\/\/www.facebook.com\/mariavalentina.noguera","https:\/\/www.linkedin.com\/in\/mara-valentina-noguera-medina-373075165\/","https:\/\/www.pinterest.es\/valentinanoguera95\/","https:\/\/www.youtube.com\/channel\/UCdek6mbUZ-Tqqw0I63i4nmQ"],"url":"https:\/\/noti-america.com\/site\/mexico\/author\/mnoguera\/"}]}},"_links":{"self":[{"href":"https:\/\/noti-america.com\/site\/mexico\/wp-json\/wp\/v2\/posts\/12548","targetHints":{"allow":["GET"]}}],"collection":[{"href":"https:\/\/noti-america.com\/site\/mexico\/wp-json\/wp\/v2\/posts"}],"about":[{"href":"https:\/\/noti-america.com\/site\/mexico\/wp-json\/wp\/v2\/types\/post"}],"author":[{"embeddable":true,"href":"https:\/\/noti-america.com\/site\/mexico\/wp-json\/wp\/v2\/users\/133"}],"replies":[{"embeddable":true,"href":"https:\/\/noti-america.com\/site\/mexico\/wp-json\/wp\/v2\/comments?post=12548"}],"version-history":[{"count":1,"href":"https:\/\/noti-america.com\/site\/mexico\/wp-json\/wp\/v2\/posts\/12548\/revisions"}],"predecessor-version":[{"id":12550,"href":"https:\/\/noti-america.com\/site\/mexico\/wp-json\/wp\/v2\/posts\/12548\/revisions\/12550"}],"wp:featuredmedia":[{"embeddable":true,"href":"https:\/\/noti-america.com\/site\/mexico\/wp-json\/wp\/v2\/media\/12549"}],"wp:attachment":[{"href":"https:\/\/noti-america.com\/site\/mexico\/wp-json\/wp\/v2\/media?parent=12548"}],"wp:term":[{"taxonomy":"category","embeddable":true,"href":"https:\/\/noti-america.com\/site\/mexico\/wp-json\/wp\/v2\/categories?post=12548"},{"taxonomy":"post_tag","embeddable":true,"href":"https:\/\/noti-america.com\/site\/mexico\/wp-json\/wp\/v2\/tags?post=12548"}],"curies":[{"name":"wp","href":"https:\/\/api.w.org\/{rel}","templated":true}]}}