{"id":12539,"date":"2024-07-05T16:31:25","date_gmt":"2024-07-05T16:31:25","guid":{"rendered":"https:\/\/noti-america.com\/site\/mexico\/?p=12539"},"modified":"2024-07-05T16:31:25","modified_gmt":"2024-07-05T16:31:25","slug":"aeropuerto-de-cancun-cancela-348-vuelos-por-el-huracan-beryl","status":"publish","type":"post","link":"https:\/\/noti-america.com\/site\/mexico\/2024\/07\/05\/aeropuerto-de-cancun-cancela-348-vuelos-por-el-huracan-beryl\/","title":{"rendered":"Aeropuerto de Canc\u00fan cancela 348 vuelos por el hurac\u00e1n Beryl"},"content":{"rendered":"<p><strong>NOTI-AMERICA.COM | M\u00c9XICO<\/strong><\/p>\n<p style=\"text-align: justify\">El Aeropuerto Internacional de Canc\u00fan cancel\u00f3 348 vuelos planeados entre el jueves y el s\u00e1bado debido al paso del hurac\u00e1n Beryl.<\/p>\n<p style=\"text-align: justify\">En un comunicado, la terminal a\u00e9rea inform\u00f3 que se trata de 174 operaciones programadas para aterrizar y el mismo n\u00famero para despegues.<\/p>\n<p style=\"text-align: justify\">El Grupo Alerta Temprana Fen\u00f3menos Hidrometerol\u00f3gicos indic\u00f3 que el trayecto de la zona hotelera al aeropuerto implica recorrer varios kil\u00f3metros donde no hay condiciones de seguridad ante el riesgo que implica el hurac\u00e1n.<\/p>\n<p style=\"text-align: justify\">En ese sentido, solicitaron a los usuarios no acudir a la terminal si no tienen un vuelo confirmado y buscar refugiarse ante la tormenta.<\/p>\n<p style=\"text-align: justify\">Las aerol\u00edneas implementaron desde el mi\u00e9rcoles pol\u00edticas de protecci\u00f3n a sus usuarios para que puedan cambiar sus vuelos o solicitar reembolsos en caso de tener un viaje programado hacia la zona de impacto de Beryl.<\/p>\n<h2 style=\"text-align: justify\">Hurac\u00e1n Beryl impactar\u00e1 Quintana Roo la madrugada del viernes<\/h2>\n<p style=\"text-align: justify\">De acuerdo con el pron\u00f3stico del Servicio Meteorol\u00f3gico Nacional (SMN), el hurac\u00e1n Beryl impactar\u00e1 en el municipio de\u00a0Felipe Carrillo Puerto\u00a0como categor\u00eda 2 la madrugada del viernes.<\/p>\n<p style=\"text-align: justify\">Autoridades de Quintana Roo habilitaron 120 refugios por toda la entidad para que los habitantes puedan resguardarse, mientras que la Secretar\u00eda de la Defensa Nacional (Sedena), de Marina (Semar) y la Guardia Nacional (GN) han activado sus planes de emergencia para atender posibles afectaciones.<\/p>\n<p style=\"text-align: justify\">La Secretar\u00eda Estatal de Turismo (Sedetur) dio a conocer este martes que en todos los destinos de Quintana Roo se encuentran 382 mil 763 vacacionistas, 269 mil 848 internacionales y 112 mil 915 nacionales.<\/p>\n","protected":false},"excerpt":{"rendered":"<p>NOTI-AMERICA.COM | M\u00c9XICO El Aeropuerto Internacional de Canc\u00fan cancel\u00f3 348 vuelos planeados entre el jueves y el s\u00e1bado debido al paso del hurac\u00e1n Beryl. En un comunicado, la terminal a\u00e9rea inform\u00f3 que se trata&#46;&#46;&#46;<\/p>\n","protected":false},"author":133,"featured_media":12540,"comment_status":"open","ping_status":"open","sticky":false,"template":"","format":"image","meta":{"_acf_changed":false,"om_disable_all_campaigns":false,"rop_custom_images_group":[],"rop_custom_messages_group":[],"rop_publish_now":"initial","rop_publish_now_accounts":{"twitter_242054905_242054905":""},"rop_publish_now_history":[],"rop_publish_now_status":"pending","_uf_show_specific_survey":0,"_uf_disable_surveys":false,"footnotes":""},"categories":[722],"tags":[],"class_list":["post-12539","post","type-post","status-publish","format-image","has-post-thumbnail","hentry","category-actualidad","post_format-post-format-image"],"acf":[],"aioseo_notices":[],"yoast_head":"<!-- This site is optimized with the Yoast SEO Premium plugin v24.9 (Yoast SEO v27.2) - https:\/\/yoast.com\/product\/yoast-seo-premium-wordpress\/ -->\n<title>Aeropuerto de Canc\u00fan cancela 348 vuelos por el hurac\u00e1n Beryl - M\u00e9xico<\/title>\n<meta name=\"robots\" content=\"index, follow, max-snippet:-1, max-image-preview:large, max-video-preview:-1\" \/>\n<link rel=\"canonical\" href=\"https:\/\/noti-america.com\/site\/mexico\/2024\/07\/05\/aeropuerto-de-cancun-cancela-348-vuelos-por-el-huracan-beryl\/\" \/>\n<meta property=\"og:locale\" content=\"es_ES\" \/>\n<meta property=\"og:type\" content=\"article\" \/>\n<meta property=\"og:title\" content=\"Aeropuerto de Canc\u00fan cancela 348 vuelos por el hurac\u00e1n Beryl\" \/>\n<meta property=\"og:description\" content=\"NOTI-AMERICA.COM | M\u00c9XICO El Aeropuerto Internacional de Canc\u00fan cancel\u00f3 348 vuelos planeados entre el jueves y el s\u00e1bado debido al paso del hurac\u00e1n Beryl. En un comunicado, la terminal a\u00e9rea inform\u00f3 que se trata&#046;&#046;&#046;\" \/>\n<meta property=\"og:url\" content=\"https:\/\/noti-america.com\/site\/mexico\/2024\/07\/05\/aeropuerto-de-cancun-cancela-348-vuelos-por-el-huracan-beryl\/\" \/>\n<meta property=\"og:site_name\" content=\"M\u00e9xico\" \/>\n<meta property=\"article:author\" content=\"Mar\u00eda Valentina Noguera\" \/>\n<meta property=\"article:published_time\" content=\"2024-07-05T16:31:25+00:00\" \/>\n<meta property=\"og:image\" content=\"https:\/\/noti-america.com\/site\/mexico\/wp-content\/uploads\/sites\/13\/2024\/07\/Aeropuerto-de-Cancun.jpg\" \/>\n\t<meta property=\"og:image:width\" content=\"768\" \/>\n\t<meta property=\"og:image:height\" content=\"479\" \/>\n\t<meta property=\"og:image:type\" content=\"image\/jpeg\" \/>\n<meta name=\"author\" content=\"Maria Valentina Noguera Medina\" \/>\n<meta name=\"twitter:card\" content=\"summary_large_image\" \/>\n<meta name=\"twitter:label1\" content=\"Escrito por\" \/>\n\t<meta name=\"twitter:data1\" content=\"Maria Valentina Noguera Medina\" \/>\n\t<meta name=\"twitter:label2\" content=\"Tiempo estimado de lectura\" \/>\n\t<meta name=\"twitter:data2\" content=\"2 minutos\" \/>\n<script type=\"application\/ld+json\" class=\"yoast-schema-graph\">{\"@context\":\"https:\/\/schema.org\",\"@graph\":[{\"@type\":\"Article\",\"@id\":\"https:\/\/noti-america.com\/site\/mexico\/2024\/07\/05\/aeropuerto-de-cancun-cancela-348-vuelos-por-el-huracan-beryl\/#article\",\"isPartOf\":{\"@id\":\"https:\/\/noti-america.com\/site\/mexico\/2024\/07\/05\/aeropuerto-de-cancun-cancela-348-vuelos-por-el-huracan-beryl\/\"},\"author\":{\"name\":\"Maria Valentina Noguera Medina\",\"@id\":\"https:\/\/noti-america.com\/site\/mexico\/#\/schema\/person\/22806efcc2cfc4b45efb0e17be210ea8\"},\"headline\":\"Aeropuerto de Canc\u00fan cancela 348 vuelos por el hurac\u00e1n Beryl\",\"datePublished\":\"2024-07-05T16:31:25+00:00\",\"mainEntityOfPage\":{\"@id\":\"https:\/\/noti-america.com\/site\/mexico\/2024\/07\/05\/aeropuerto-de-cancun-cancela-348-vuelos-por-el-huracan-beryl\/\"},\"wordCount\":275,\"commentCount\":0,\"publisher\":{\"@id\":\"https:\/\/noti-america.com\/site\/mexico\/#organization\"},\"image\":{\"@id\":\"https:\/\/noti-america.com\/site\/mexico\/2024\/07\/05\/aeropuerto-de-cancun-cancela-348-vuelos-por-el-huracan-beryl\/#primaryimage\"},\"thumbnailUrl\":\"https:\/\/noti-america.com\/site\/mexico\/wp-content\/uploads\/sites\/13\/2024\/07\/Aeropuerto-de-Cancun.jpg\",\"articleSection\":[\"Actualidad\"],\"inLanguage\":\"es\",\"potentialAction\":[{\"@type\":\"CommentAction\",\"name\":\"Comment\",\"target\":[\"https:\/\/noti-america.com\/site\/mexico\/2024\/07\/05\/aeropuerto-de-cancun-cancela-348-vuelos-por-el-huracan-beryl\/#respond\"]}]},{\"@type\":\"WebPage\",\"@id\":\"https:\/\/noti-america.com\/site\/mexico\/2024\/07\/05\/aeropuerto-de-cancun-cancela-348-vuelos-por-el-huracan-beryl\/\",\"url\":\"https:\/\/noti-america.com\/site\/mexico\/2024\/07\/05\/aeropuerto-de-cancun-cancela-348-vuelos-por-el-huracan-beryl\/\",\"name\":\"Aeropuerto de Canc\u00fan cancela 348 vuelos por el hurac\u00e1n Beryl - M\u00e9xico\",\"isPartOf\":{\"@id\":\"https:\/\/noti-america.com\/site\/mexico\/#website\"},\"primaryImageOfPage\":{\"@id\":\"https:\/\/noti-america.com\/site\/mexico\/2024\/07\/05\/aeropuerto-de-cancun-cancela-348-vuelos-por-el-huracan-beryl\/#primaryimage\"},\"image\":{\"@id\":\"https:\/\/noti-america.com\/site\/mexico\/2024\/07\/05\/aeropuerto-de-cancun-cancela-348-vuelos-por-el-huracan-beryl\/#primaryimage\"},\"thumbnailUrl\":\"https:\/\/noti-america.com\/site\/mexico\/wp-content\/uploads\/sites\/13\/2024\/07\/Aeropuerto-de-Cancun.jpg\",\"datePublished\":\"2024-07-05T16:31:25+00:00\",\"breadcrumb\":{\"@id\":\"https:\/\/noti-america.com\/site\/mexico\/2024\/07\/05\/aeropuerto-de-cancun-cancela-348-vuelos-por-el-huracan-beryl\/#breadcrumb\"},\"inLanguage\":\"es\",\"potentialAction\":[{\"@type\":\"ReadAction\",\"target\":[\"https:\/\/noti-america.com\/site\/mexico\/2024\/07\/05\/aeropuerto-de-cancun-cancela-348-vuelos-por-el-huracan-beryl\/\"]}]},{\"@type\":\"ImageObject\",\"inLanguage\":\"es\",\"@id\":\"https:\/\/noti-america.com\/site\/mexico\/2024\/07\/05\/aeropuerto-de-cancun-cancela-348-vuelos-por-el-huracan-beryl\/#primaryimage\",\"url\":\"https:\/\/noti-america.com\/site\/mexico\/wp-content\/uploads\/sites\/13\/2024\/07\/Aeropuerto-de-Cancun.jpg\",\"contentUrl\":\"https:\/\/noti-america.com\/site\/mexico\/wp-content\/uploads\/sites\/13\/2024\/07\/Aeropuerto-de-Cancun.jpg\",\"width\":768,\"height\":479},{\"@type\":\"BreadcrumbList\",\"@id\":\"https:\/\/noti-america.com\/site\/mexico\/2024\/07\/05\/aeropuerto-de-cancun-cancela-348-vuelos-por-el-huracan-beryl\/#breadcrumb\",\"itemListElement\":[{\"@type\":\"ListItem\",\"position\":1,\"name\":\"Portada\",\"item\":\"https:\/\/noti-america.com\/site\/mexico\/\"},{\"@type\":\"ListItem\",\"position\":2,\"name\":\"Aeropuerto de Canc\u00fan cancela 348 vuelos por el hurac\u00e1n Beryl\"}]},{\"@type\":\"WebSite\",\"@id\":\"https:\/\/noti-america.com\/site\/mexico\/#website\",\"url\":\"https:\/\/noti-america.com\/site\/mexico\/\",\"name\":\"M\u00e9xico | Noti-America.com\",\"description\":\"\",\"publisher\":{\"@id\":\"https:\/\/noti-america.com\/site\/mexico\/#organization\"},\"potentialAction\":[{\"@type\":\"SearchAction\",\"target\":{\"@type\":\"EntryPoint\",\"urlTemplate\":\"https:\/\/noti-america.com\/site\/mexico\/?s={search_term_string}\"},\"query-input\":{\"@type\":\"PropertyValueSpecification\",\"valueRequired\":true,\"valueName\":\"search_term_string\"}}],\"inLanguage\":\"es\"},{\"@type\":\"Organization\",\"@id\":\"https:\/\/noti-america.com\/site\/mexico\/#organization\",\"name\":\"Noti-America LLC | M\u00e9xico\",\"url\":\"https:\/\/noti-america.com\/site\/mexico\/\",\"logo\":{\"@type\":\"ImageObject\",\"inLanguage\":\"es\",\"@id\":\"https:\/\/noti-america.com\/site\/mexico\/#\/schema\/logo\/image\/\",\"url\":\"https:\/\/noti-america.com\/site\/mexico\/wp-content\/uploads\/sites\/13\/2020\/07\/LogoNA-4x3-1.jpg\",\"contentUrl\":\"https:\/\/noti-america.com\/site\/mexico\/wp-content\/uploads\/sites\/13\/2020\/07\/LogoNA-4x3-1.jpg\",\"width\":1236,\"height\":1080,\"caption\":\"Noti-America LLC | M\u00e9xico\"},\"image\":{\"@id\":\"https:\/\/noti-america.com\/site\/mexico\/#\/schema\/logo\/image\/\"}},{\"@type\":\"Person\",\"@id\":\"https:\/\/noti-america.com\/site\/mexico\/#\/schema\/person\/22806efcc2cfc4b45efb0e17be210ea8\",\"name\":\"Maria Valentina Noguera Medina\",\"image\":{\"@type\":\"ImageObject\",\"inLanguage\":\"es\",\"@id\":\"https:\/\/secure.gravatar.com\/avatar\/4ec5eb9d099f2608a49c9df6f7341f66f04f819cdffa09d56a7a0e91d2819d56?s=96&d=mm&r=g\",\"url\":\"https:\/\/secure.gravatar.com\/avatar\/4ec5eb9d099f2608a49c9df6f7341f66f04f819cdffa09d56a7a0e91d2819d56?s=96&d=mm&r=g\",\"contentUrl\":\"https:\/\/secure.gravatar.com\/avatar\/4ec5eb9d099f2608a49c9df6f7341f66f04f819cdffa09d56a7a0e91d2819d56?s=96&d=mm&r=g\",\"caption\":\"Maria Valentina Noguera Medina\"},\"description\":\"Periodista - noti-america - Promar Community Manager - Talento Plus Dise\u00f1adora\/ creadora de contenido...\",\"sameAs\":[\"Mar\u00eda Valentina Noguera\",\"https:\/\/www.facebook.com\/mariavalentina.noguera\",\"https:\/\/www.linkedin.com\/in\/mara-valentina-noguera-medina-373075165\/\",\"https:\/\/www.pinterest.es\/valentinanoguera95\/\",\"https:\/\/www.youtube.com\/channel\/UCdek6mbUZ-Tqqw0I63i4nmQ\"],\"url\":\"https:\/\/noti-america.com\/site\/mexico\/author\/mnoguera\/\"}]}<\/script>\n<!-- \/ Yoast SEO Premium plugin. -->","yoast_head_json":{"title":"Aeropuerto de Canc\u00fan cancela 348 vuelos por el hurac\u00e1n Beryl - M\u00e9xico","robots":{"index":"index","follow":"follow","max-snippet":"max-snippet:-1","max-image-preview":"max-image-preview:large","max-video-preview":"max-video-preview:-1"},"canonical":"https:\/\/noti-america.com\/site\/mexico\/2024\/07\/05\/aeropuerto-de-cancun-cancela-348-vuelos-por-el-huracan-beryl\/","og_locale":"es_ES","og_type":"article","og_title":"Aeropuerto de Canc\u00fan cancela 348 vuelos por el hurac\u00e1n Beryl","og_description":"NOTI-AMERICA.COM | M\u00c9XICO El Aeropuerto Internacional de Canc\u00fan cancel\u00f3 348 vuelos planeados entre el jueves y el s\u00e1bado debido al paso del hurac\u00e1n Beryl. En un comunicado, la terminal a\u00e9rea inform\u00f3 que se trata&#46;&#46;&#46;","og_url":"https:\/\/noti-america.com\/site\/mexico\/2024\/07\/05\/aeropuerto-de-cancun-cancela-348-vuelos-por-el-huracan-beryl\/","og_site_name":"M\u00e9xico","article_author":"Mar\u00eda Valentina Noguera","article_published_time":"2024-07-05T16:31:25+00:00","og_image":[{"width":768,"height":479,"url":"https:\/\/noti-america.com\/site\/mexico\/wp-content\/uploads\/sites\/13\/2024\/07\/Aeropuerto-de-Cancun.jpg","type":"image\/jpeg"}],"author":"Maria Valentina Noguera Medina","twitter_card":"summary_large_image","twitter_misc":{"Escrito por":"Maria Valentina Noguera Medina","Tiempo estimado de lectura":"2 minutos"},"schema":{"@context":"https:\/\/schema.org","@graph":[{"@type":"Article","@id":"https:\/\/noti-america.com\/site\/mexico\/2024\/07\/05\/aeropuerto-de-cancun-cancela-348-vuelos-por-el-huracan-beryl\/#article","isPartOf":{"@id":"https:\/\/noti-america.com\/site\/mexico\/2024\/07\/05\/aeropuerto-de-cancun-cancela-348-vuelos-por-el-huracan-beryl\/"},"author":{"name":"Maria Valentina Noguera Medina","@id":"https:\/\/noti-america.com\/site\/mexico\/#\/schema\/person\/22806efcc2cfc4b45efb0e17be210ea8"},"headline":"Aeropuerto de Canc\u00fan cancela 348 vuelos por el hurac\u00e1n Beryl","datePublished":"2024-07-05T16:31:25+00:00","mainEntityOfPage":{"@id":"https:\/\/noti-america.com\/site\/mexico\/2024\/07\/05\/aeropuerto-de-cancun-cancela-348-vuelos-por-el-huracan-beryl\/"},"wordCount":275,"commentCount":0,"publisher":{"@id":"https:\/\/noti-america.com\/site\/mexico\/#organization"},"image":{"@id":"https:\/\/noti-america.com\/site\/mexico\/2024\/07\/05\/aeropuerto-de-cancun-cancela-348-vuelos-por-el-huracan-beryl\/#primaryimage"},"thumbnailUrl":"https:\/\/noti-america.com\/site\/mexico\/wp-content\/uploads\/sites\/13\/2024\/07\/Aeropuerto-de-Cancun.jpg","articleSection":["Actualidad"],"inLanguage":"es","potentialAction":[{"@type":"CommentAction","name":"Comment","target":["https:\/\/noti-america.com\/site\/mexico\/2024\/07\/05\/aeropuerto-de-cancun-cancela-348-vuelos-por-el-huracan-beryl\/#respond"]}]},{"@type":"WebPage","@id":"https:\/\/noti-america.com\/site\/mexico\/2024\/07\/05\/aeropuerto-de-cancun-cancela-348-vuelos-por-el-huracan-beryl\/","url":"https:\/\/noti-america.com\/site\/mexico\/2024\/07\/05\/aeropuerto-de-cancun-cancela-348-vuelos-por-el-huracan-beryl\/","name":"Aeropuerto de Canc\u00fan cancela 348 vuelos por el hurac\u00e1n Beryl - M\u00e9xico","isPartOf":{"@id":"https:\/\/noti-america.com\/site\/mexico\/#website"},"primaryImageOfPage":{"@id":"https:\/\/noti-america.com\/site\/mexico\/2024\/07\/05\/aeropuerto-de-cancun-cancela-348-vuelos-por-el-huracan-beryl\/#primaryimage"},"image":{"@id":"https:\/\/noti-america.com\/site\/mexico\/2024\/07\/05\/aeropuerto-de-cancun-cancela-348-vuelos-por-el-huracan-beryl\/#primaryimage"},"thumbnailUrl":"https:\/\/noti-america.com\/site\/mexico\/wp-content\/uploads\/sites\/13\/2024\/07\/Aeropuerto-de-Cancun.jpg","datePublished":"2024-07-05T16:31:25+00:00","breadcrumb":{"@id":"https:\/\/noti-america.com\/site\/mexico\/2024\/07\/05\/aeropuerto-de-cancun-cancela-348-vuelos-por-el-huracan-beryl\/#breadcrumb"},"inLanguage":"es","potentialAction":[{"@type":"ReadAction","target":["https:\/\/noti-america.com\/site\/mexico\/2024\/07\/05\/aeropuerto-de-cancun-cancela-348-vuelos-por-el-huracan-beryl\/"]}]},{"@type":"ImageObject","inLanguage":"es","@id":"https:\/\/noti-america.com\/site\/mexico\/2024\/07\/05\/aeropuerto-de-cancun-cancela-348-vuelos-por-el-huracan-beryl\/#primaryimage","url":"https:\/\/noti-america.com\/site\/mexico\/wp-content\/uploads\/sites\/13\/2024\/07\/Aeropuerto-de-Cancun.jpg","contentUrl":"https:\/\/noti-america.com\/site\/mexico\/wp-content\/uploads\/sites\/13\/2024\/07\/Aeropuerto-de-Cancun.jpg","width":768,"height":479},{"@type":"BreadcrumbList","@id":"https:\/\/noti-america.com\/site\/mexico\/2024\/07\/05\/aeropuerto-de-cancun-cancela-348-vuelos-por-el-huracan-beryl\/#breadcrumb","itemListElement":[{"@type":"ListItem","position":1,"name":"Portada","item":"https:\/\/noti-america.com\/site\/mexico\/"},{"@type":"ListItem","position":2,"name":"Aeropuerto de Canc\u00fan cancela 348 vuelos por el hurac\u00e1n Beryl"}]},{"@type":"WebSite","@id":"https:\/\/noti-america.com\/site\/mexico\/#website","url":"https:\/\/noti-america.com\/site\/mexico\/","name":"M\u00e9xico | Noti-America.com","description":"","publisher":{"@id":"https:\/\/noti-america.com\/site\/mexico\/#organization"},"potentialAction":[{"@type":"SearchAction","target":{"@type":"EntryPoint","urlTemplate":"https:\/\/noti-america.com\/site\/mexico\/?s={search_term_string}"},"query-input":{"@type":"PropertyValueSpecification","valueRequired":true,"valueName":"search_term_string"}}],"inLanguage":"es"},{"@type":"Organization","@id":"https:\/\/noti-america.com\/site\/mexico\/#organization","name":"Noti-America LLC | M\u00e9xico","url":"https:\/\/noti-america.com\/site\/mexico\/","logo":{"@type":"ImageObject","inLanguage":"es","@id":"https:\/\/noti-america.com\/site\/mexico\/#\/schema\/logo\/image\/","url":"https:\/\/noti-america.com\/site\/mexico\/wp-content\/uploads\/sites\/13\/2020\/07\/LogoNA-4x3-1.jpg","contentUrl":"https:\/\/noti-america.com\/site\/mexico\/wp-content\/uploads\/sites\/13\/2020\/07\/LogoNA-4x3-1.jpg","width":1236,"height":1080,"caption":"Noti-America LLC | M\u00e9xico"},"image":{"@id":"https:\/\/noti-america.com\/site\/mexico\/#\/schema\/logo\/image\/"}},{"@type":"Person","@id":"https:\/\/noti-america.com\/site\/mexico\/#\/schema\/person\/22806efcc2cfc4b45efb0e17be210ea8","name":"Maria Valentina Noguera Medina","image":{"@type":"ImageObject","inLanguage":"es","@id":"https:\/\/secure.gravatar.com\/avatar\/4ec5eb9d099f2608a49c9df6f7341f66f04f819cdffa09d56a7a0e91d2819d56?s=96&d=mm&r=g","url":"https:\/\/secure.gravatar.com\/avatar\/4ec5eb9d099f2608a49c9df6f7341f66f04f819cdffa09d56a7a0e91d2819d56?s=96&d=mm&r=g","contentUrl":"https:\/\/secure.gravatar.com\/avatar\/4ec5eb9d099f2608a49c9df6f7341f66f04f819cdffa09d56a7a0e91d2819d56?s=96&d=mm&r=g","caption":"Maria Valentina Noguera Medina"},"description":"Periodista - noti-america - Promar Community Manager - Talento Plus Dise\u00f1adora\/ creadora de contenido...","sameAs":["Mar\u00eda Valentina Noguera","https:\/\/www.facebook.com\/mariavalentina.noguera","https:\/\/www.linkedin.com\/in\/mara-valentina-noguera-medina-373075165\/","https:\/\/www.pinterest.es\/valentinanoguera95\/","https:\/\/www.youtube.com\/channel\/UCdek6mbUZ-Tqqw0I63i4nmQ"],"url":"https:\/\/noti-america.com\/site\/mexico\/author\/mnoguera\/"}]}},"_links":{"self":[{"href":"https:\/\/noti-america.com\/site\/mexico\/wp-json\/wp\/v2\/posts\/12539","targetHints":{"allow":["GET"]}}],"collection":[{"href":"https:\/\/noti-america.com\/site\/mexico\/wp-json\/wp\/v2\/posts"}],"about":[{"href":"https:\/\/noti-america.com\/site\/mexico\/wp-json\/wp\/v2\/types\/post"}],"author":[{"embeddable":true,"href":"https:\/\/noti-america.com\/site\/mexico\/wp-json\/wp\/v2\/users\/133"}],"replies":[{"embeddable":true,"href":"https:\/\/noti-america.com\/site\/mexico\/wp-json\/wp\/v2\/comments?post=12539"}],"version-history":[{"count":1,"href":"https:\/\/noti-america.com\/site\/mexico\/wp-json\/wp\/v2\/posts\/12539\/revisions"}],"predecessor-version":[{"id":12541,"href":"https:\/\/noti-america.com\/site\/mexico\/wp-json\/wp\/v2\/posts\/12539\/revisions\/12541"}],"wp:featuredmedia":[{"embeddable":true,"href":"https:\/\/noti-america.com\/site\/mexico\/wp-json\/wp\/v2\/media\/12540"}],"wp:attachment":[{"href":"https:\/\/noti-america.com\/site\/mexico\/wp-json\/wp\/v2\/media?parent=12539"}],"wp:term":[{"taxonomy":"category","embeddable":true,"href":"https:\/\/noti-america.com\/site\/mexico\/wp-json\/wp\/v2\/categories?post=12539"},{"taxonomy":"post_tag","embeddable":true,"href":"https:\/\/noti-america.com\/site\/mexico\/wp-json\/wp\/v2\/tags?post=12539"}],"curies":[{"name":"wp","href":"https:\/\/api.w.org\/{rel}","templated":true}]}}