{"id":12435,"date":"2024-06-26T17:19:40","date_gmt":"2024-06-26T17:19:40","guid":{"rendered":"https:\/\/noti-america.com\/site\/mexico\/?p=12435"},"modified":"2024-06-26T17:19:40","modified_gmt":"2024-06-26T17:19:40","slug":"inversionistas-no-ven-riesgos-en-mexico-de-cara-a-la-transicion-asegura-amlo","status":"publish","type":"post","link":"https:\/\/noti-america.com\/site\/mexico\/2024\/06\/26\/inversionistas-no-ven-riesgos-en-mexico-de-cara-a-la-transicion-asegura-amlo\/","title":{"rendered":"Inversionistas no ven riesgos en M\u00e9xico de cara a la transici\u00f3n, asegura AMLO"},"content":{"rendered":"<p><strong>NOTI-AMERICA.COM | M\u00c9XICO<\/strong><\/p>\n<p>El presidente Andr\u00e9s Manuel L\u00f3pez Obrador presume que los inversionistas, como el Citigroup, no ven riesgo en M\u00e9xico de cara a la transici\u00f3n del poder a Claudia Sheinbaum.<\/p>\n<p>\u201cNo ven ning\u00fan riesgo (de devaluaci\u00f3n). Y vinieron a reafirmar el compromiso que tienen de seguir invirtiendo en M\u00e9xico y le tienen mucha confianza a nuestro pa\u00eds, y ven muy bien de econom\u00eda de M\u00e9xico en esencia\u201d, puntualiz\u00f3.<\/p>\n<p>Dijo en referencia a la reuni\u00f3n de altos ejecutivos de Citigroup, encabezados por Jane Fraser, su directora global, el 19 de junio pasado con Rogelio Ram\u00edrez de la O, secretario de Hacienda.<\/p>\n<p>Sostuvo tambi\u00e9n que no cree que haya devaluaci\u00f3n del peso y remarc\u00f3 que los analistas financieros se equivocan al asegurar que triunfar\u00eda la oposici\u00f3n. Agreg\u00f3 que en secreto los empresarios est\u00e1n contentos con su gobierno.<\/p>\n<p>\u201cNo veo yo ning\u00fan problema, ya lo he estado planteando. Al contrario, va a ser una transici\u00f3n tersa, como no se hab\u00eda visto en mucho tiempo. No va a haber ning\u00fan sobresalto, nada. Est\u00e1n muy bien las finanzas p\u00fablicas, est\u00e1 muy bien la recaudaci\u00f3n, sigue llegando inversi\u00f3n extranjera, no hay ning\u00fan riesgo de la evaluaci\u00f3n del peso\u201d, subray\u00f3 el presidente este mi\u00e9rcoles en su conferencia ma\u00f1anera, en Palacio Nacional.<\/p>\n","protected":false},"excerpt":{"rendered":"<p>NOTI-AMERICA.COM | M\u00c9XICO El presidente Andr\u00e9s Manuel L\u00f3pez Obrador presume que los inversionistas, como el Citigroup, no ven riesgo en M\u00e9xico de cara a la transici\u00f3n del poder a Claudia Sheinbaum. \u201cNo ven ning\u00fan&#46;&#46;&#46;<\/p>\n","protected":false},"author":133,"featured_media":12436,"comment_status":"open","ping_status":"open","sticky":false,"template":"","format":"image","meta":{"_acf_changed":false,"om_disable_all_campaigns":false,"rop_custom_images_group":[],"rop_custom_messages_group":[],"rop_publish_now":"initial","rop_publish_now_accounts":{"twitter_242054905_242054905":""},"rop_publish_now_history":[],"rop_publish_now_status":"pending","_uf_show_specific_survey":0,"_uf_disable_surveys":false,"footnotes":""},"categories":[722],"tags":[],"class_list":["post-12435","post","type-post","status-publish","format-image","has-post-thumbnail","hentry","category-actualidad","post_format-post-format-image"],"acf":[],"aioseo_notices":[],"yoast_head":"<!-- This site is optimized with the Yoast SEO Premium plugin v24.9 (Yoast SEO v27.2) - https:\/\/yoast.com\/product\/yoast-seo-premium-wordpress\/ -->\n<title>Inversionistas no ven riesgos en M\u00e9xico de cara a la transici\u00f3n, asegura AMLO - M\u00e9xico<\/title>\n<meta name=\"robots\" content=\"index, follow, max-snippet:-1, max-image-preview:large, max-video-preview:-1\" \/>\n<link rel=\"canonical\" href=\"https:\/\/noti-america.com\/site\/mexico\/2024\/06\/26\/inversionistas-no-ven-riesgos-en-mexico-de-cara-a-la-transicion-asegura-amlo\/\" \/>\n<meta property=\"og:locale\" content=\"es_ES\" \/>\n<meta property=\"og:type\" content=\"article\" \/>\n<meta property=\"og:title\" content=\"Inversionistas no ven riesgos en M\u00e9xico de cara a la transici\u00f3n, asegura AMLO\" \/>\n<meta property=\"og:description\" content=\"NOTI-AMERICA.COM | M\u00c9XICO El presidente Andr\u00e9s Manuel L\u00f3pez Obrador presume que los inversionistas, como el Citigroup, no ven riesgo en M\u00e9xico de cara a la transici\u00f3n del poder a Claudia Sheinbaum. \u201cNo ven ning\u00fan&#046;&#046;&#046;\" \/>\n<meta property=\"og:url\" content=\"https:\/\/noti-america.com\/site\/mexico\/2024\/06\/26\/inversionistas-no-ven-riesgos-en-mexico-de-cara-a-la-transicion-asegura-amlo\/\" \/>\n<meta property=\"og:site_name\" content=\"M\u00e9xico\" \/>\n<meta property=\"article:author\" content=\"Mar\u00eda Valentina Noguera\" \/>\n<meta property=\"article:published_time\" content=\"2024-06-26T17:19:40+00:00\" \/>\n<meta property=\"og:image\" content=\"https:\/\/noti-america.com\/site\/mexico\/wp-content\/uploads\/sites\/13\/2024\/06\/AMLO-inversion.png\" \/>\n\t<meta property=\"og:image:width\" content=\"768\" \/>\n\t<meta property=\"og:image:height\" content=\"479\" \/>\n\t<meta property=\"og:image:type\" content=\"image\/png\" \/>\n<meta name=\"author\" content=\"Maria Valentina Noguera Medina\" \/>\n<meta name=\"twitter:card\" content=\"summary_large_image\" \/>\n<meta name=\"twitter:label1\" content=\"Escrito por\" \/>\n\t<meta name=\"twitter:data1\" content=\"Maria Valentina Noguera Medina\" \/>\n\t<meta name=\"twitter:label2\" content=\"Tiempo estimado de lectura\" \/>\n\t<meta name=\"twitter:data2\" content=\"2 minutos\" \/>\n<script type=\"application\/ld+json\" class=\"yoast-schema-graph\">{\"@context\":\"https:\/\/schema.org\",\"@graph\":[{\"@type\":\"Article\",\"@id\":\"https:\/\/noti-america.com\/site\/mexico\/2024\/06\/26\/inversionistas-no-ven-riesgos-en-mexico-de-cara-a-la-transicion-asegura-amlo\/#article\",\"isPartOf\":{\"@id\":\"https:\/\/noti-america.com\/site\/mexico\/2024\/06\/26\/inversionistas-no-ven-riesgos-en-mexico-de-cara-a-la-transicion-asegura-amlo\/\"},\"author\":{\"name\":\"Maria Valentina Noguera Medina\",\"@id\":\"https:\/\/noti-america.com\/site\/mexico\/#\/schema\/person\/22806efcc2cfc4b45efb0e17be210ea8\"},\"headline\":\"Inversionistas no ven riesgos en M\u00e9xico de cara a la transici\u00f3n, asegura AMLO\",\"datePublished\":\"2024-06-26T17:19:40+00:00\",\"mainEntityOfPage\":{\"@id\":\"https:\/\/noti-america.com\/site\/mexico\/2024\/06\/26\/inversionistas-no-ven-riesgos-en-mexico-de-cara-a-la-transicion-asegura-amlo\/\"},\"wordCount\":249,\"commentCount\":0,\"publisher\":{\"@id\":\"https:\/\/noti-america.com\/site\/mexico\/#organization\"},\"image\":{\"@id\":\"https:\/\/noti-america.com\/site\/mexico\/2024\/06\/26\/inversionistas-no-ven-riesgos-en-mexico-de-cara-a-la-transicion-asegura-amlo\/#primaryimage\"},\"thumbnailUrl\":\"https:\/\/noti-america.com\/site\/mexico\/wp-content\/uploads\/sites\/13\/2024\/06\/AMLO-inversion.png\",\"articleSection\":[\"Actualidad\"],\"inLanguage\":\"es\",\"potentialAction\":[{\"@type\":\"CommentAction\",\"name\":\"Comment\",\"target\":[\"https:\/\/noti-america.com\/site\/mexico\/2024\/06\/26\/inversionistas-no-ven-riesgos-en-mexico-de-cara-a-la-transicion-asegura-amlo\/#respond\"]}]},{\"@type\":\"WebPage\",\"@id\":\"https:\/\/noti-america.com\/site\/mexico\/2024\/06\/26\/inversionistas-no-ven-riesgos-en-mexico-de-cara-a-la-transicion-asegura-amlo\/\",\"url\":\"https:\/\/noti-america.com\/site\/mexico\/2024\/06\/26\/inversionistas-no-ven-riesgos-en-mexico-de-cara-a-la-transicion-asegura-amlo\/\",\"name\":\"Inversionistas no ven riesgos en M\u00e9xico de cara a la transici\u00f3n, asegura AMLO - M\u00e9xico\",\"isPartOf\":{\"@id\":\"https:\/\/noti-america.com\/site\/mexico\/#website\"},\"primaryImageOfPage\":{\"@id\":\"https:\/\/noti-america.com\/site\/mexico\/2024\/06\/26\/inversionistas-no-ven-riesgos-en-mexico-de-cara-a-la-transicion-asegura-amlo\/#primaryimage\"},\"image\":{\"@id\":\"https:\/\/noti-america.com\/site\/mexico\/2024\/06\/26\/inversionistas-no-ven-riesgos-en-mexico-de-cara-a-la-transicion-asegura-amlo\/#primaryimage\"},\"thumbnailUrl\":\"https:\/\/noti-america.com\/site\/mexico\/wp-content\/uploads\/sites\/13\/2024\/06\/AMLO-inversion.png\",\"datePublished\":\"2024-06-26T17:19:40+00:00\",\"breadcrumb\":{\"@id\":\"https:\/\/noti-america.com\/site\/mexico\/2024\/06\/26\/inversionistas-no-ven-riesgos-en-mexico-de-cara-a-la-transicion-asegura-amlo\/#breadcrumb\"},\"inLanguage\":\"es\",\"potentialAction\":[{\"@type\":\"ReadAction\",\"target\":[\"https:\/\/noti-america.com\/site\/mexico\/2024\/06\/26\/inversionistas-no-ven-riesgos-en-mexico-de-cara-a-la-transicion-asegura-amlo\/\"]}]},{\"@type\":\"ImageObject\",\"inLanguage\":\"es\",\"@id\":\"https:\/\/noti-america.com\/site\/mexico\/2024\/06\/26\/inversionistas-no-ven-riesgos-en-mexico-de-cara-a-la-transicion-asegura-amlo\/#primaryimage\",\"url\":\"https:\/\/noti-america.com\/site\/mexico\/wp-content\/uploads\/sites\/13\/2024\/06\/AMLO-inversion.png\",\"contentUrl\":\"https:\/\/noti-america.com\/site\/mexico\/wp-content\/uploads\/sites\/13\/2024\/06\/AMLO-inversion.png\",\"width\":768,\"height\":479},{\"@type\":\"BreadcrumbList\",\"@id\":\"https:\/\/noti-america.com\/site\/mexico\/2024\/06\/26\/inversionistas-no-ven-riesgos-en-mexico-de-cara-a-la-transicion-asegura-amlo\/#breadcrumb\",\"itemListElement\":[{\"@type\":\"ListItem\",\"position\":1,\"name\":\"Portada\",\"item\":\"https:\/\/noti-america.com\/site\/mexico\/\"},{\"@type\":\"ListItem\",\"position\":2,\"name\":\"Inversionistas no ven riesgos en M\u00e9xico de cara a la transici\u00f3n, asegura AMLO\"}]},{\"@type\":\"WebSite\",\"@id\":\"https:\/\/noti-america.com\/site\/mexico\/#website\",\"url\":\"https:\/\/noti-america.com\/site\/mexico\/\",\"name\":\"M\u00e9xico | Noti-America.com\",\"description\":\"\",\"publisher\":{\"@id\":\"https:\/\/noti-america.com\/site\/mexico\/#organization\"},\"potentialAction\":[{\"@type\":\"SearchAction\",\"target\":{\"@type\":\"EntryPoint\",\"urlTemplate\":\"https:\/\/noti-america.com\/site\/mexico\/?s={search_term_string}\"},\"query-input\":{\"@type\":\"PropertyValueSpecification\",\"valueRequired\":true,\"valueName\":\"search_term_string\"}}],\"inLanguage\":\"es\"},{\"@type\":\"Organization\",\"@id\":\"https:\/\/noti-america.com\/site\/mexico\/#organization\",\"name\":\"Noti-America LLC | M\u00e9xico\",\"url\":\"https:\/\/noti-america.com\/site\/mexico\/\",\"logo\":{\"@type\":\"ImageObject\",\"inLanguage\":\"es\",\"@id\":\"https:\/\/noti-america.com\/site\/mexico\/#\/schema\/logo\/image\/\",\"url\":\"https:\/\/noti-america.com\/site\/mexico\/wp-content\/uploads\/sites\/13\/2020\/07\/LogoNA-4x3-1.jpg\",\"contentUrl\":\"https:\/\/noti-america.com\/site\/mexico\/wp-content\/uploads\/sites\/13\/2020\/07\/LogoNA-4x3-1.jpg\",\"width\":1236,\"height\":1080,\"caption\":\"Noti-America LLC | M\u00e9xico\"},\"image\":{\"@id\":\"https:\/\/noti-america.com\/site\/mexico\/#\/schema\/logo\/image\/\"}},{\"@type\":\"Person\",\"@id\":\"https:\/\/noti-america.com\/site\/mexico\/#\/schema\/person\/22806efcc2cfc4b45efb0e17be210ea8\",\"name\":\"Maria Valentina Noguera Medina\",\"image\":{\"@type\":\"ImageObject\",\"inLanguage\":\"es\",\"@id\":\"https:\/\/secure.gravatar.com\/avatar\/4ec5eb9d099f2608a49c9df6f7341f66f04f819cdffa09d56a7a0e91d2819d56?s=96&d=mm&r=g\",\"url\":\"https:\/\/secure.gravatar.com\/avatar\/4ec5eb9d099f2608a49c9df6f7341f66f04f819cdffa09d56a7a0e91d2819d56?s=96&d=mm&r=g\",\"contentUrl\":\"https:\/\/secure.gravatar.com\/avatar\/4ec5eb9d099f2608a49c9df6f7341f66f04f819cdffa09d56a7a0e91d2819d56?s=96&d=mm&r=g\",\"caption\":\"Maria Valentina Noguera Medina\"},\"description\":\"Periodista - noti-america - Promar Community Manager - Talento Plus Dise\u00f1adora\/ creadora de contenido...\",\"sameAs\":[\"Mar\u00eda Valentina Noguera\",\"https:\/\/www.facebook.com\/mariavalentina.noguera\",\"https:\/\/www.linkedin.com\/in\/mara-valentina-noguera-medina-373075165\/\",\"https:\/\/www.pinterest.es\/valentinanoguera95\/\",\"https:\/\/www.youtube.com\/channel\/UCdek6mbUZ-Tqqw0I63i4nmQ\"],\"url\":\"https:\/\/noti-america.com\/site\/mexico\/author\/mnoguera\/\"}]}<\/script>\n<!-- \/ Yoast SEO Premium plugin. -->","yoast_head_json":{"title":"Inversionistas no ven riesgos en M\u00e9xico de cara a la transici\u00f3n, asegura AMLO - M\u00e9xico","robots":{"index":"index","follow":"follow","max-snippet":"max-snippet:-1","max-image-preview":"max-image-preview:large","max-video-preview":"max-video-preview:-1"},"canonical":"https:\/\/noti-america.com\/site\/mexico\/2024\/06\/26\/inversionistas-no-ven-riesgos-en-mexico-de-cara-a-la-transicion-asegura-amlo\/","og_locale":"es_ES","og_type":"article","og_title":"Inversionistas no ven riesgos en M\u00e9xico de cara a la transici\u00f3n, asegura AMLO","og_description":"NOTI-AMERICA.COM | M\u00c9XICO El presidente Andr\u00e9s Manuel L\u00f3pez Obrador presume que los inversionistas, como el Citigroup, no ven riesgo en M\u00e9xico de cara a la transici\u00f3n del poder a Claudia Sheinbaum. \u201cNo ven ning\u00fan&#46;&#46;&#46;","og_url":"https:\/\/noti-america.com\/site\/mexico\/2024\/06\/26\/inversionistas-no-ven-riesgos-en-mexico-de-cara-a-la-transicion-asegura-amlo\/","og_site_name":"M\u00e9xico","article_author":"Mar\u00eda Valentina Noguera","article_published_time":"2024-06-26T17:19:40+00:00","og_image":[{"width":768,"height":479,"url":"https:\/\/noti-america.com\/site\/mexico\/wp-content\/uploads\/sites\/13\/2024\/06\/AMLO-inversion.png","type":"image\/png"}],"author":"Maria Valentina Noguera Medina","twitter_card":"summary_large_image","twitter_misc":{"Escrito por":"Maria Valentina Noguera Medina","Tiempo estimado de lectura":"2 minutos"},"schema":{"@context":"https:\/\/schema.org","@graph":[{"@type":"Article","@id":"https:\/\/noti-america.com\/site\/mexico\/2024\/06\/26\/inversionistas-no-ven-riesgos-en-mexico-de-cara-a-la-transicion-asegura-amlo\/#article","isPartOf":{"@id":"https:\/\/noti-america.com\/site\/mexico\/2024\/06\/26\/inversionistas-no-ven-riesgos-en-mexico-de-cara-a-la-transicion-asegura-amlo\/"},"author":{"name":"Maria Valentina Noguera Medina","@id":"https:\/\/noti-america.com\/site\/mexico\/#\/schema\/person\/22806efcc2cfc4b45efb0e17be210ea8"},"headline":"Inversionistas no ven riesgos en M\u00e9xico de cara a la transici\u00f3n, asegura AMLO","datePublished":"2024-06-26T17:19:40+00:00","mainEntityOfPage":{"@id":"https:\/\/noti-america.com\/site\/mexico\/2024\/06\/26\/inversionistas-no-ven-riesgos-en-mexico-de-cara-a-la-transicion-asegura-amlo\/"},"wordCount":249,"commentCount":0,"publisher":{"@id":"https:\/\/noti-america.com\/site\/mexico\/#organization"},"image":{"@id":"https:\/\/noti-america.com\/site\/mexico\/2024\/06\/26\/inversionistas-no-ven-riesgos-en-mexico-de-cara-a-la-transicion-asegura-amlo\/#primaryimage"},"thumbnailUrl":"https:\/\/noti-america.com\/site\/mexico\/wp-content\/uploads\/sites\/13\/2024\/06\/AMLO-inversion.png","articleSection":["Actualidad"],"inLanguage":"es","potentialAction":[{"@type":"CommentAction","name":"Comment","target":["https:\/\/noti-america.com\/site\/mexico\/2024\/06\/26\/inversionistas-no-ven-riesgos-en-mexico-de-cara-a-la-transicion-asegura-amlo\/#respond"]}]},{"@type":"WebPage","@id":"https:\/\/noti-america.com\/site\/mexico\/2024\/06\/26\/inversionistas-no-ven-riesgos-en-mexico-de-cara-a-la-transicion-asegura-amlo\/","url":"https:\/\/noti-america.com\/site\/mexico\/2024\/06\/26\/inversionistas-no-ven-riesgos-en-mexico-de-cara-a-la-transicion-asegura-amlo\/","name":"Inversionistas no ven riesgos en M\u00e9xico de cara a la transici\u00f3n, asegura AMLO - M\u00e9xico","isPartOf":{"@id":"https:\/\/noti-america.com\/site\/mexico\/#website"},"primaryImageOfPage":{"@id":"https:\/\/noti-america.com\/site\/mexico\/2024\/06\/26\/inversionistas-no-ven-riesgos-en-mexico-de-cara-a-la-transicion-asegura-amlo\/#primaryimage"},"image":{"@id":"https:\/\/noti-america.com\/site\/mexico\/2024\/06\/26\/inversionistas-no-ven-riesgos-en-mexico-de-cara-a-la-transicion-asegura-amlo\/#primaryimage"},"thumbnailUrl":"https:\/\/noti-america.com\/site\/mexico\/wp-content\/uploads\/sites\/13\/2024\/06\/AMLO-inversion.png","datePublished":"2024-06-26T17:19:40+00:00","breadcrumb":{"@id":"https:\/\/noti-america.com\/site\/mexico\/2024\/06\/26\/inversionistas-no-ven-riesgos-en-mexico-de-cara-a-la-transicion-asegura-amlo\/#breadcrumb"},"inLanguage":"es","potentialAction":[{"@type":"ReadAction","target":["https:\/\/noti-america.com\/site\/mexico\/2024\/06\/26\/inversionistas-no-ven-riesgos-en-mexico-de-cara-a-la-transicion-asegura-amlo\/"]}]},{"@type":"ImageObject","inLanguage":"es","@id":"https:\/\/noti-america.com\/site\/mexico\/2024\/06\/26\/inversionistas-no-ven-riesgos-en-mexico-de-cara-a-la-transicion-asegura-amlo\/#primaryimage","url":"https:\/\/noti-america.com\/site\/mexico\/wp-content\/uploads\/sites\/13\/2024\/06\/AMLO-inversion.png","contentUrl":"https:\/\/noti-america.com\/site\/mexico\/wp-content\/uploads\/sites\/13\/2024\/06\/AMLO-inversion.png","width":768,"height":479},{"@type":"BreadcrumbList","@id":"https:\/\/noti-america.com\/site\/mexico\/2024\/06\/26\/inversionistas-no-ven-riesgos-en-mexico-de-cara-a-la-transicion-asegura-amlo\/#breadcrumb","itemListElement":[{"@type":"ListItem","position":1,"name":"Portada","item":"https:\/\/noti-america.com\/site\/mexico\/"},{"@type":"ListItem","position":2,"name":"Inversionistas no ven riesgos en M\u00e9xico de cara a la transici\u00f3n, asegura AMLO"}]},{"@type":"WebSite","@id":"https:\/\/noti-america.com\/site\/mexico\/#website","url":"https:\/\/noti-america.com\/site\/mexico\/","name":"M\u00e9xico | Noti-America.com","description":"","publisher":{"@id":"https:\/\/noti-america.com\/site\/mexico\/#organization"},"potentialAction":[{"@type":"SearchAction","target":{"@type":"EntryPoint","urlTemplate":"https:\/\/noti-america.com\/site\/mexico\/?s={search_term_string}"},"query-input":{"@type":"PropertyValueSpecification","valueRequired":true,"valueName":"search_term_string"}}],"inLanguage":"es"},{"@type":"Organization","@id":"https:\/\/noti-america.com\/site\/mexico\/#organization","name":"Noti-America LLC | M\u00e9xico","url":"https:\/\/noti-america.com\/site\/mexico\/","logo":{"@type":"ImageObject","inLanguage":"es","@id":"https:\/\/noti-america.com\/site\/mexico\/#\/schema\/logo\/image\/","url":"https:\/\/noti-america.com\/site\/mexico\/wp-content\/uploads\/sites\/13\/2020\/07\/LogoNA-4x3-1.jpg","contentUrl":"https:\/\/noti-america.com\/site\/mexico\/wp-content\/uploads\/sites\/13\/2020\/07\/LogoNA-4x3-1.jpg","width":1236,"height":1080,"caption":"Noti-America LLC | M\u00e9xico"},"image":{"@id":"https:\/\/noti-america.com\/site\/mexico\/#\/schema\/logo\/image\/"}},{"@type":"Person","@id":"https:\/\/noti-america.com\/site\/mexico\/#\/schema\/person\/22806efcc2cfc4b45efb0e17be210ea8","name":"Maria Valentina Noguera Medina","image":{"@type":"ImageObject","inLanguage":"es","@id":"https:\/\/secure.gravatar.com\/avatar\/4ec5eb9d099f2608a49c9df6f7341f66f04f819cdffa09d56a7a0e91d2819d56?s=96&d=mm&r=g","url":"https:\/\/secure.gravatar.com\/avatar\/4ec5eb9d099f2608a49c9df6f7341f66f04f819cdffa09d56a7a0e91d2819d56?s=96&d=mm&r=g","contentUrl":"https:\/\/secure.gravatar.com\/avatar\/4ec5eb9d099f2608a49c9df6f7341f66f04f819cdffa09d56a7a0e91d2819d56?s=96&d=mm&r=g","caption":"Maria Valentina Noguera Medina"},"description":"Periodista - noti-america - Promar Community Manager - Talento Plus Dise\u00f1adora\/ creadora de contenido...","sameAs":["Mar\u00eda Valentina Noguera","https:\/\/www.facebook.com\/mariavalentina.noguera","https:\/\/www.linkedin.com\/in\/mara-valentina-noguera-medina-373075165\/","https:\/\/www.pinterest.es\/valentinanoguera95\/","https:\/\/www.youtube.com\/channel\/UCdek6mbUZ-Tqqw0I63i4nmQ"],"url":"https:\/\/noti-america.com\/site\/mexico\/author\/mnoguera\/"}]}},"_links":{"self":[{"href":"https:\/\/noti-america.com\/site\/mexico\/wp-json\/wp\/v2\/posts\/12435","targetHints":{"allow":["GET"]}}],"collection":[{"href":"https:\/\/noti-america.com\/site\/mexico\/wp-json\/wp\/v2\/posts"}],"about":[{"href":"https:\/\/noti-america.com\/site\/mexico\/wp-json\/wp\/v2\/types\/post"}],"author":[{"embeddable":true,"href":"https:\/\/noti-america.com\/site\/mexico\/wp-json\/wp\/v2\/users\/133"}],"replies":[{"embeddable":true,"href":"https:\/\/noti-america.com\/site\/mexico\/wp-json\/wp\/v2\/comments?post=12435"}],"version-history":[{"count":1,"href":"https:\/\/noti-america.com\/site\/mexico\/wp-json\/wp\/v2\/posts\/12435\/revisions"}],"predecessor-version":[{"id":12437,"href":"https:\/\/noti-america.com\/site\/mexico\/wp-json\/wp\/v2\/posts\/12435\/revisions\/12437"}],"wp:featuredmedia":[{"embeddable":true,"href":"https:\/\/noti-america.com\/site\/mexico\/wp-json\/wp\/v2\/media\/12436"}],"wp:attachment":[{"href":"https:\/\/noti-america.com\/site\/mexico\/wp-json\/wp\/v2\/media?parent=12435"}],"wp:term":[{"taxonomy":"category","embeddable":true,"href":"https:\/\/noti-america.com\/site\/mexico\/wp-json\/wp\/v2\/categories?post=12435"},{"taxonomy":"post_tag","embeddable":true,"href":"https:\/\/noti-america.com\/site\/mexico\/wp-json\/wp\/v2\/tags?post=12435"}],"curies":[{"name":"wp","href":"https:\/\/api.w.org\/{rel}","templated":true}]}}