{"id":12029,"date":"2024-06-03T14:28:39","date_gmt":"2024-06-03T14:28:39","guid":{"rendered":"https:\/\/noti-america.com\/site\/mexico\/?p=12029"},"modified":"2024-06-03T14:28:39","modified_gmt":"2024-06-03T14:28:39","slug":"clara-brugada-sera-la-nueva-jefa-de-gobierno-de-cdmx","status":"publish","type":"post","link":"https:\/\/noti-america.com\/site\/mexico\/2024\/06\/03\/clara-brugada-sera-la-nueva-jefa-de-gobierno-de-cdmx\/","title":{"rendered":"Clara Brugada ser\u00e1 la nueva jefa de gobierno de CDMX"},"content":{"rendered":"<p><strong>NOTI-AMERICA.COM | M\u00c9XICO\u00a0<\/strong><\/p>\n<p style=\"text-align: justify\">\u00abApenas hab\u00edan cerrado las casillas, en punto de las 18:00 horas, y los candidatos punteros a la Jefatura de Gobierno de la Ciudad de M\u00e9xico tomaron los micr\u00f3fonos para proclamarse triunfadores.<\/p>\n<p style=\"text-align: justify\">Clara Brugada, con una sonrisa y voz firme, se dijo ganadora y afirm\u00f3 que, de acuerdo con diversas encuestas de salida, aventajaba por 15 puntos a su contrincante de la oposici\u00f3n, Santiago Taboada.<\/p>\n<p style=\"text-align: justify\">\u201cTenemos un promedio de las encuestas de salida que han llevado a cabo reconocidas empresas encuestadoras y nos dan un promedio de m\u00e1s de 15 puntos arriba\u201d, asegur\u00f3 la abanderada de la alianza Sigamos Haciendo Historia, respaldada por Citlalli Hern\u00e1ndez, Omar Garc\u00eda Harfuch, Ernestina Godoy y Alejandro Encinas, entre otros pol\u00edticos.<\/p>\n<p style=\"text-align: justify\">\u201cGanamos con una ventaja clara e irreversible, ganamos la Jefatura de Gobierno, la mayor\u00eda de alcald\u00edas y de diputaciones locales y federales, ganamos tambi\u00e9n las senadur\u00edas\u201d, agreg\u00f3 Brugada desde el Hotel Barcel\u00f3, el cual abandon\u00f3 para sumarse al equipo de Claudia Sheinbaum en el Hotel Hilton, en Avenida Ju\u00e1rez.<\/p>\n<p style=\"text-align: justify\">Dicha estimaci\u00f3n no supera la votaci\u00f3n capitalina de 2018, cuando Sheinbaum gan\u00f3 la Jefatura de Gobierno con 16 puntos de diferencia a Alejandra Barrales, abanderada de la alianza PAN-PRD-MC.<\/p>\n<p style=\"text-align: justify\">En aquellos comicios, la hoy candidata presidencial report\u00f3 47 por ciento de los votos (2 millones 269 mil 75), mientras que Barrales alcanz\u00f3 31 por ciento (un mill\u00f3n 492 mil 21). La participaci\u00f3n ciudadana ascendi\u00f3 a 70.19 por ciento.<\/p>\n<p style=\"text-align: justify\">En esta elecci\u00f3n, el PREP registraba -hasta las 00:30 horas de hoy- 908 actas capturadas de 13 mil 460. Brugada 49.41 por ciento de los votos (167 mil 903); Taboada, 41.77 por ciento (141 mil 932), y Salom\u00f3n Chertorivski, 6.99 por ciento (23 mil 778).<\/p>\n<p style=\"text-align: justify\">Al mismo tiempo que Brugada, Taboada, rodeado de los l\u00edderes nacionales que conforman la alianza opositora, tambi\u00e9n se dec\u00eda ganador, aunque con un margen m\u00e1s conservador que, seg\u00fan sus encuestas de salida, ascend\u00eda a cinco puntos.<\/p>\n<p style=\"text-align: justify\">\u201cEn estos momentos podemos dar tres resultados de encuestas de salida registradas ante el INE con m\u00e1s de cinco puntos porcentuales\u201d, se\u00f1al\u00f3 confiado entre gritos de \u201cjefe de gobierno, jefe de gobierno\u201d.<\/p>\n<p style=\"text-align: justify\">\u201cQuiero reconocer el apoyo de todos los representantes de casillas, la participaci\u00f3n de todas las chilangas y chilangos. Se los dije a los medios que iban a ser hist\u00f3ricas por las filas, \u00e1nimo y por el triunfo que estamos logrando el d\u00eda de hoy despu\u00e9s de 27 a\u00f1os\u201d, asever\u00f3.<\/p>\n","protected":false},"excerpt":{"rendered":"<p>NOTI-AMERICA.COM | M\u00c9XICO\u00a0 \u00abApenas hab\u00edan cerrado las casillas, en punto de las 18:00 horas, y los candidatos punteros a la Jefatura de Gobierno de la Ciudad de M\u00e9xico tomaron los micr\u00f3fonos para proclamarse triunfadores.&#46;&#46;&#46;<\/p>\n","protected":false},"author":133,"featured_media":12030,"comment_status":"open","ping_status":"open","sticky":false,"template":"","format":"image","meta":{"_acf_changed":false,"om_disable_all_campaigns":false,"rop_custom_images_group":[],"rop_custom_messages_group":[],"rop_publish_now":"initial","rop_publish_now_accounts":{"twitter_242054905_242054905":""},"rop_publish_now_history":[],"rop_publish_now_status":"pending","_uf_show_specific_survey":0,"_uf_disable_surveys":false,"footnotes":""},"categories":[722],"tags":[],"class_list":["post-12029","post","type-post","status-publish","format-image","has-post-thumbnail","hentry","category-actualidad","post_format-post-format-image"],"acf":[],"aioseo_notices":[],"yoast_head":"<!-- This site is optimized with the Yoast SEO Premium plugin v24.9 (Yoast SEO v27.2) - https:\/\/yoast.com\/product\/yoast-seo-premium-wordpress\/ -->\n<title>Clara Brugada ser\u00e1 la nueva jefa de gobierno de CDMX - M\u00e9xico<\/title>\n<meta name=\"robots\" content=\"index, follow, max-snippet:-1, max-image-preview:large, max-video-preview:-1\" \/>\n<link rel=\"canonical\" href=\"https:\/\/noti-america.com\/site\/mexico\/2024\/06\/03\/clara-brugada-sera-la-nueva-jefa-de-gobierno-de-cdmx\/\" \/>\n<meta property=\"og:locale\" content=\"es_ES\" \/>\n<meta property=\"og:type\" content=\"article\" \/>\n<meta property=\"og:title\" content=\"Clara Brugada ser\u00e1 la nueva jefa de gobierno de CDMX\" \/>\n<meta property=\"og:description\" content=\"NOTI-AMERICA.COM | M\u00c9XICO\u00a0 \u00abApenas hab\u00edan cerrado las casillas, en punto de las 18:00 horas, y los candidatos punteros a la Jefatura de Gobierno de la Ciudad de M\u00e9xico tomaron los micr\u00f3fonos para proclamarse triunfadores.&#046;&#046;&#046;\" \/>\n<meta property=\"og:url\" content=\"https:\/\/noti-america.com\/site\/mexico\/2024\/06\/03\/clara-brugada-sera-la-nueva-jefa-de-gobierno-de-cdmx\/\" \/>\n<meta property=\"og:site_name\" content=\"M\u00e9xico\" \/>\n<meta property=\"article:author\" content=\"Mar\u00eda Valentina Noguera\" \/>\n<meta property=\"article:published_time\" content=\"2024-06-03T14:28:39+00:00\" \/>\n<meta property=\"og:image\" content=\"https:\/\/noti-america.com\/site\/mexico\/wp-content\/uploads\/sites\/13\/2024\/06\/Clara-Brugada-ganadora.png\" \/>\n\t<meta property=\"og:image:width\" content=\"768\" \/>\n\t<meta property=\"og:image:height\" content=\"479\" \/>\n\t<meta property=\"og:image:type\" content=\"image\/png\" \/>\n<meta name=\"author\" content=\"Maria Valentina Noguera Medina\" \/>\n<meta name=\"twitter:card\" content=\"summary_large_image\" \/>\n<meta name=\"twitter:label1\" content=\"Escrito por\" \/>\n\t<meta name=\"twitter:data1\" content=\"Maria Valentina Noguera Medina\" \/>\n\t<meta name=\"twitter:label2\" content=\"Tiempo estimado de lectura\" \/>\n\t<meta name=\"twitter:data2\" content=\"3 minutos\" \/>\n<script type=\"application\/ld+json\" class=\"yoast-schema-graph\">{\"@context\":\"https:\/\/schema.org\",\"@graph\":[{\"@type\":\"Article\",\"@id\":\"https:\/\/noti-america.com\/site\/mexico\/2024\/06\/03\/clara-brugada-sera-la-nueva-jefa-de-gobierno-de-cdmx\/#article\",\"isPartOf\":{\"@id\":\"https:\/\/noti-america.com\/site\/mexico\/2024\/06\/03\/clara-brugada-sera-la-nueva-jefa-de-gobierno-de-cdmx\/\"},\"author\":{\"name\":\"Maria Valentina Noguera Medina\",\"@id\":\"https:\/\/noti-america.com\/site\/mexico\/#\/schema\/person\/22806efcc2cfc4b45efb0e17be210ea8\"},\"headline\":\"Clara Brugada ser\u00e1 la nueva jefa de gobierno de CDMX\",\"datePublished\":\"2024-06-03T14:28:39+00:00\",\"mainEntityOfPage\":{\"@id\":\"https:\/\/noti-america.com\/site\/mexico\/2024\/06\/03\/clara-brugada-sera-la-nueva-jefa-de-gobierno-de-cdmx\/\"},\"wordCount\":413,\"commentCount\":0,\"publisher\":{\"@id\":\"https:\/\/noti-america.com\/site\/mexico\/#organization\"},\"image\":{\"@id\":\"https:\/\/noti-america.com\/site\/mexico\/2024\/06\/03\/clara-brugada-sera-la-nueva-jefa-de-gobierno-de-cdmx\/#primaryimage\"},\"thumbnailUrl\":\"https:\/\/noti-america.com\/site\/mexico\/wp-content\/uploads\/sites\/13\/2024\/06\/Clara-Brugada-ganadora.png\",\"articleSection\":[\"Actualidad\"],\"inLanguage\":\"es\",\"potentialAction\":[{\"@type\":\"CommentAction\",\"name\":\"Comment\",\"target\":[\"https:\/\/noti-america.com\/site\/mexico\/2024\/06\/03\/clara-brugada-sera-la-nueva-jefa-de-gobierno-de-cdmx\/#respond\"]}]},{\"@type\":\"WebPage\",\"@id\":\"https:\/\/noti-america.com\/site\/mexico\/2024\/06\/03\/clara-brugada-sera-la-nueva-jefa-de-gobierno-de-cdmx\/\",\"url\":\"https:\/\/noti-america.com\/site\/mexico\/2024\/06\/03\/clara-brugada-sera-la-nueva-jefa-de-gobierno-de-cdmx\/\",\"name\":\"Clara Brugada ser\u00e1 la nueva jefa de gobierno de CDMX - M\u00e9xico\",\"isPartOf\":{\"@id\":\"https:\/\/noti-america.com\/site\/mexico\/#website\"},\"primaryImageOfPage\":{\"@id\":\"https:\/\/noti-america.com\/site\/mexico\/2024\/06\/03\/clara-brugada-sera-la-nueva-jefa-de-gobierno-de-cdmx\/#primaryimage\"},\"image\":{\"@id\":\"https:\/\/noti-america.com\/site\/mexico\/2024\/06\/03\/clara-brugada-sera-la-nueva-jefa-de-gobierno-de-cdmx\/#primaryimage\"},\"thumbnailUrl\":\"https:\/\/noti-america.com\/site\/mexico\/wp-content\/uploads\/sites\/13\/2024\/06\/Clara-Brugada-ganadora.png\",\"datePublished\":\"2024-06-03T14:28:39+00:00\",\"breadcrumb\":{\"@id\":\"https:\/\/noti-america.com\/site\/mexico\/2024\/06\/03\/clara-brugada-sera-la-nueva-jefa-de-gobierno-de-cdmx\/#breadcrumb\"},\"inLanguage\":\"es\",\"potentialAction\":[{\"@type\":\"ReadAction\",\"target\":[\"https:\/\/noti-america.com\/site\/mexico\/2024\/06\/03\/clara-brugada-sera-la-nueva-jefa-de-gobierno-de-cdmx\/\"]}]},{\"@type\":\"ImageObject\",\"inLanguage\":\"es\",\"@id\":\"https:\/\/noti-america.com\/site\/mexico\/2024\/06\/03\/clara-brugada-sera-la-nueva-jefa-de-gobierno-de-cdmx\/#primaryimage\",\"url\":\"https:\/\/noti-america.com\/site\/mexico\/wp-content\/uploads\/sites\/13\/2024\/06\/Clara-Brugada-ganadora.png\",\"contentUrl\":\"https:\/\/noti-america.com\/site\/mexico\/wp-content\/uploads\/sites\/13\/2024\/06\/Clara-Brugada-ganadora.png\",\"width\":768,\"height\":479},{\"@type\":\"BreadcrumbList\",\"@id\":\"https:\/\/noti-america.com\/site\/mexico\/2024\/06\/03\/clara-brugada-sera-la-nueva-jefa-de-gobierno-de-cdmx\/#breadcrumb\",\"itemListElement\":[{\"@type\":\"ListItem\",\"position\":1,\"name\":\"Portada\",\"item\":\"https:\/\/noti-america.com\/site\/mexico\/\"},{\"@type\":\"ListItem\",\"position\":2,\"name\":\"Clara Brugada ser\u00e1 la nueva jefa de gobierno de CDMX\"}]},{\"@type\":\"WebSite\",\"@id\":\"https:\/\/noti-america.com\/site\/mexico\/#website\",\"url\":\"https:\/\/noti-america.com\/site\/mexico\/\",\"name\":\"M\u00e9xico | Noti-America.com\",\"description\":\"\",\"publisher\":{\"@id\":\"https:\/\/noti-america.com\/site\/mexico\/#organization\"},\"potentialAction\":[{\"@type\":\"SearchAction\",\"target\":{\"@type\":\"EntryPoint\",\"urlTemplate\":\"https:\/\/noti-america.com\/site\/mexico\/?s={search_term_string}\"},\"query-input\":{\"@type\":\"PropertyValueSpecification\",\"valueRequired\":true,\"valueName\":\"search_term_string\"}}],\"inLanguage\":\"es\"},{\"@type\":\"Organization\",\"@id\":\"https:\/\/noti-america.com\/site\/mexico\/#organization\",\"name\":\"Noti-America LLC | M\u00e9xico\",\"url\":\"https:\/\/noti-america.com\/site\/mexico\/\",\"logo\":{\"@type\":\"ImageObject\",\"inLanguage\":\"es\",\"@id\":\"https:\/\/noti-america.com\/site\/mexico\/#\/schema\/logo\/image\/\",\"url\":\"https:\/\/noti-america.com\/site\/mexico\/wp-content\/uploads\/sites\/13\/2020\/07\/LogoNA-4x3-1.jpg\",\"contentUrl\":\"https:\/\/noti-america.com\/site\/mexico\/wp-content\/uploads\/sites\/13\/2020\/07\/LogoNA-4x3-1.jpg\",\"width\":1236,\"height\":1080,\"caption\":\"Noti-America LLC | M\u00e9xico\"},\"image\":{\"@id\":\"https:\/\/noti-america.com\/site\/mexico\/#\/schema\/logo\/image\/\"}},{\"@type\":\"Person\",\"@id\":\"https:\/\/noti-america.com\/site\/mexico\/#\/schema\/person\/22806efcc2cfc4b45efb0e17be210ea8\",\"name\":\"Maria Valentina Noguera Medina\",\"image\":{\"@type\":\"ImageObject\",\"inLanguage\":\"es\",\"@id\":\"https:\/\/secure.gravatar.com\/avatar\/4ec5eb9d099f2608a49c9df6f7341f66f04f819cdffa09d56a7a0e91d2819d56?s=96&d=mm&r=g\",\"url\":\"https:\/\/secure.gravatar.com\/avatar\/4ec5eb9d099f2608a49c9df6f7341f66f04f819cdffa09d56a7a0e91d2819d56?s=96&d=mm&r=g\",\"contentUrl\":\"https:\/\/secure.gravatar.com\/avatar\/4ec5eb9d099f2608a49c9df6f7341f66f04f819cdffa09d56a7a0e91d2819d56?s=96&d=mm&r=g\",\"caption\":\"Maria Valentina Noguera Medina\"},\"description\":\"Periodista - noti-america - Promar Community Manager - Talento Plus Dise\u00f1adora\/ creadora de contenido...\",\"sameAs\":[\"Mar\u00eda Valentina Noguera\",\"https:\/\/www.facebook.com\/mariavalentina.noguera\",\"https:\/\/www.linkedin.com\/in\/mara-valentina-noguera-medina-373075165\/\",\"https:\/\/www.pinterest.es\/valentinanoguera95\/\",\"https:\/\/www.youtube.com\/channel\/UCdek6mbUZ-Tqqw0I63i4nmQ\"],\"url\":\"https:\/\/noti-america.com\/site\/mexico\/author\/mnoguera\/\"}]}<\/script>\n<!-- \/ Yoast SEO Premium plugin. -->","yoast_head_json":{"title":"Clara Brugada ser\u00e1 la nueva jefa de gobierno de CDMX - M\u00e9xico","robots":{"index":"index","follow":"follow","max-snippet":"max-snippet:-1","max-image-preview":"max-image-preview:large","max-video-preview":"max-video-preview:-1"},"canonical":"https:\/\/noti-america.com\/site\/mexico\/2024\/06\/03\/clara-brugada-sera-la-nueva-jefa-de-gobierno-de-cdmx\/","og_locale":"es_ES","og_type":"article","og_title":"Clara Brugada ser\u00e1 la nueva jefa de gobierno de CDMX","og_description":"NOTI-AMERICA.COM | M\u00c9XICO\u00a0 \u00abApenas hab\u00edan cerrado las casillas, en punto de las 18:00 horas, y los candidatos punteros a la Jefatura de Gobierno de la Ciudad de M\u00e9xico tomaron los micr\u00f3fonos para proclamarse triunfadores.&#46;&#46;&#46;","og_url":"https:\/\/noti-america.com\/site\/mexico\/2024\/06\/03\/clara-brugada-sera-la-nueva-jefa-de-gobierno-de-cdmx\/","og_site_name":"M\u00e9xico","article_author":"Mar\u00eda Valentina Noguera","article_published_time":"2024-06-03T14:28:39+00:00","og_image":[{"width":768,"height":479,"url":"https:\/\/noti-america.com\/site\/mexico\/wp-content\/uploads\/sites\/13\/2024\/06\/Clara-Brugada-ganadora.png","type":"image\/png"}],"author":"Maria Valentina Noguera Medina","twitter_card":"summary_large_image","twitter_misc":{"Escrito por":"Maria Valentina Noguera Medina","Tiempo estimado de lectura":"3 minutos"},"schema":{"@context":"https:\/\/schema.org","@graph":[{"@type":"Article","@id":"https:\/\/noti-america.com\/site\/mexico\/2024\/06\/03\/clara-brugada-sera-la-nueva-jefa-de-gobierno-de-cdmx\/#article","isPartOf":{"@id":"https:\/\/noti-america.com\/site\/mexico\/2024\/06\/03\/clara-brugada-sera-la-nueva-jefa-de-gobierno-de-cdmx\/"},"author":{"name":"Maria Valentina Noguera Medina","@id":"https:\/\/noti-america.com\/site\/mexico\/#\/schema\/person\/22806efcc2cfc4b45efb0e17be210ea8"},"headline":"Clara Brugada ser\u00e1 la nueva jefa de gobierno de CDMX","datePublished":"2024-06-03T14:28:39+00:00","mainEntityOfPage":{"@id":"https:\/\/noti-america.com\/site\/mexico\/2024\/06\/03\/clara-brugada-sera-la-nueva-jefa-de-gobierno-de-cdmx\/"},"wordCount":413,"commentCount":0,"publisher":{"@id":"https:\/\/noti-america.com\/site\/mexico\/#organization"},"image":{"@id":"https:\/\/noti-america.com\/site\/mexico\/2024\/06\/03\/clara-brugada-sera-la-nueva-jefa-de-gobierno-de-cdmx\/#primaryimage"},"thumbnailUrl":"https:\/\/noti-america.com\/site\/mexico\/wp-content\/uploads\/sites\/13\/2024\/06\/Clara-Brugada-ganadora.png","articleSection":["Actualidad"],"inLanguage":"es","potentialAction":[{"@type":"CommentAction","name":"Comment","target":["https:\/\/noti-america.com\/site\/mexico\/2024\/06\/03\/clara-brugada-sera-la-nueva-jefa-de-gobierno-de-cdmx\/#respond"]}]},{"@type":"WebPage","@id":"https:\/\/noti-america.com\/site\/mexico\/2024\/06\/03\/clara-brugada-sera-la-nueva-jefa-de-gobierno-de-cdmx\/","url":"https:\/\/noti-america.com\/site\/mexico\/2024\/06\/03\/clara-brugada-sera-la-nueva-jefa-de-gobierno-de-cdmx\/","name":"Clara Brugada ser\u00e1 la nueva jefa de gobierno de CDMX - M\u00e9xico","isPartOf":{"@id":"https:\/\/noti-america.com\/site\/mexico\/#website"},"primaryImageOfPage":{"@id":"https:\/\/noti-america.com\/site\/mexico\/2024\/06\/03\/clara-brugada-sera-la-nueva-jefa-de-gobierno-de-cdmx\/#primaryimage"},"image":{"@id":"https:\/\/noti-america.com\/site\/mexico\/2024\/06\/03\/clara-brugada-sera-la-nueva-jefa-de-gobierno-de-cdmx\/#primaryimage"},"thumbnailUrl":"https:\/\/noti-america.com\/site\/mexico\/wp-content\/uploads\/sites\/13\/2024\/06\/Clara-Brugada-ganadora.png","datePublished":"2024-06-03T14:28:39+00:00","breadcrumb":{"@id":"https:\/\/noti-america.com\/site\/mexico\/2024\/06\/03\/clara-brugada-sera-la-nueva-jefa-de-gobierno-de-cdmx\/#breadcrumb"},"inLanguage":"es","potentialAction":[{"@type":"ReadAction","target":["https:\/\/noti-america.com\/site\/mexico\/2024\/06\/03\/clara-brugada-sera-la-nueva-jefa-de-gobierno-de-cdmx\/"]}]},{"@type":"ImageObject","inLanguage":"es","@id":"https:\/\/noti-america.com\/site\/mexico\/2024\/06\/03\/clara-brugada-sera-la-nueva-jefa-de-gobierno-de-cdmx\/#primaryimage","url":"https:\/\/noti-america.com\/site\/mexico\/wp-content\/uploads\/sites\/13\/2024\/06\/Clara-Brugada-ganadora.png","contentUrl":"https:\/\/noti-america.com\/site\/mexico\/wp-content\/uploads\/sites\/13\/2024\/06\/Clara-Brugada-ganadora.png","width":768,"height":479},{"@type":"BreadcrumbList","@id":"https:\/\/noti-america.com\/site\/mexico\/2024\/06\/03\/clara-brugada-sera-la-nueva-jefa-de-gobierno-de-cdmx\/#breadcrumb","itemListElement":[{"@type":"ListItem","position":1,"name":"Portada","item":"https:\/\/noti-america.com\/site\/mexico\/"},{"@type":"ListItem","position":2,"name":"Clara Brugada ser\u00e1 la nueva jefa de gobierno de CDMX"}]},{"@type":"WebSite","@id":"https:\/\/noti-america.com\/site\/mexico\/#website","url":"https:\/\/noti-america.com\/site\/mexico\/","name":"M\u00e9xico | Noti-America.com","description":"","publisher":{"@id":"https:\/\/noti-america.com\/site\/mexico\/#organization"},"potentialAction":[{"@type":"SearchAction","target":{"@type":"EntryPoint","urlTemplate":"https:\/\/noti-america.com\/site\/mexico\/?s={search_term_string}"},"query-input":{"@type":"PropertyValueSpecification","valueRequired":true,"valueName":"search_term_string"}}],"inLanguage":"es"},{"@type":"Organization","@id":"https:\/\/noti-america.com\/site\/mexico\/#organization","name":"Noti-America LLC | M\u00e9xico","url":"https:\/\/noti-america.com\/site\/mexico\/","logo":{"@type":"ImageObject","inLanguage":"es","@id":"https:\/\/noti-america.com\/site\/mexico\/#\/schema\/logo\/image\/","url":"https:\/\/noti-america.com\/site\/mexico\/wp-content\/uploads\/sites\/13\/2020\/07\/LogoNA-4x3-1.jpg","contentUrl":"https:\/\/noti-america.com\/site\/mexico\/wp-content\/uploads\/sites\/13\/2020\/07\/LogoNA-4x3-1.jpg","width":1236,"height":1080,"caption":"Noti-America LLC | M\u00e9xico"},"image":{"@id":"https:\/\/noti-america.com\/site\/mexico\/#\/schema\/logo\/image\/"}},{"@type":"Person","@id":"https:\/\/noti-america.com\/site\/mexico\/#\/schema\/person\/22806efcc2cfc4b45efb0e17be210ea8","name":"Maria Valentina Noguera Medina","image":{"@type":"ImageObject","inLanguage":"es","@id":"https:\/\/secure.gravatar.com\/avatar\/4ec5eb9d099f2608a49c9df6f7341f66f04f819cdffa09d56a7a0e91d2819d56?s=96&d=mm&r=g","url":"https:\/\/secure.gravatar.com\/avatar\/4ec5eb9d099f2608a49c9df6f7341f66f04f819cdffa09d56a7a0e91d2819d56?s=96&d=mm&r=g","contentUrl":"https:\/\/secure.gravatar.com\/avatar\/4ec5eb9d099f2608a49c9df6f7341f66f04f819cdffa09d56a7a0e91d2819d56?s=96&d=mm&r=g","caption":"Maria Valentina Noguera Medina"},"description":"Periodista - noti-america - Promar Community Manager - Talento Plus Dise\u00f1adora\/ creadora de contenido...","sameAs":["Mar\u00eda Valentina Noguera","https:\/\/www.facebook.com\/mariavalentina.noguera","https:\/\/www.linkedin.com\/in\/mara-valentina-noguera-medina-373075165\/","https:\/\/www.pinterest.es\/valentinanoguera95\/","https:\/\/www.youtube.com\/channel\/UCdek6mbUZ-Tqqw0I63i4nmQ"],"url":"https:\/\/noti-america.com\/site\/mexico\/author\/mnoguera\/"}]}},"_links":{"self":[{"href":"https:\/\/noti-america.com\/site\/mexico\/wp-json\/wp\/v2\/posts\/12029","targetHints":{"allow":["GET"]}}],"collection":[{"href":"https:\/\/noti-america.com\/site\/mexico\/wp-json\/wp\/v2\/posts"}],"about":[{"href":"https:\/\/noti-america.com\/site\/mexico\/wp-json\/wp\/v2\/types\/post"}],"author":[{"embeddable":true,"href":"https:\/\/noti-america.com\/site\/mexico\/wp-json\/wp\/v2\/users\/133"}],"replies":[{"embeddable":true,"href":"https:\/\/noti-america.com\/site\/mexico\/wp-json\/wp\/v2\/comments?post=12029"}],"version-history":[{"count":1,"href":"https:\/\/noti-america.com\/site\/mexico\/wp-json\/wp\/v2\/posts\/12029\/revisions"}],"predecessor-version":[{"id":12031,"href":"https:\/\/noti-america.com\/site\/mexico\/wp-json\/wp\/v2\/posts\/12029\/revisions\/12031"}],"wp:featuredmedia":[{"embeddable":true,"href":"https:\/\/noti-america.com\/site\/mexico\/wp-json\/wp\/v2\/media\/12030"}],"wp:attachment":[{"href":"https:\/\/noti-america.com\/site\/mexico\/wp-json\/wp\/v2\/media?parent=12029"}],"wp:term":[{"taxonomy":"category","embeddable":true,"href":"https:\/\/noti-america.com\/site\/mexico\/wp-json\/wp\/v2\/categories?post=12029"},{"taxonomy":"post_tag","embeddable":true,"href":"https:\/\/noti-america.com\/site\/mexico\/wp-json\/wp\/v2\/tags?post=12029"}],"curies":[{"name":"wp","href":"https:\/\/api.w.org\/{rel}","templated":true}]}}